{"id":4063,"date":"2008-07-15T09:00:51","date_gmt":"2008-07-15T07:00:51","guid":{"rendered":"https:\/\/www.justiceinfo.net\/4063-140708-cpisoudan-le-procureur-de-la-cpi-demande-la-mise-en-accusation-du-president-soudanais853.html"},"modified":"2008-07-15T09:00:51","modified_gmt":"2008-07-15T07:00:51","slug":"140708-cpisoudan-le-procureur-de-la-cpi-demande-la-mise-en-accusation-du-president-soudanais853","status":"publish","type":"post","link":"https:\/\/www.justiceinfo.net\/fr\/4063-140708-cpisoudan-le-procureur-de-la-cpi-demande-la-mise-en-accusation-du-president-soudanais853.html","title":{"rendered":"14.07.08 - CPI\/SOUDAN - LE PROCUREUR DE LA CPI DEMANDE LA MISE EN ACCUSATION DU PRESIDENT SOUDANAIS"},"content":{"rendered":"<p  >\nArusha, 14 juillet 2008 (FH) -  Le procureur de la Cour P\u00e9nale internationale (CPI) M.  Luis Moreno Campo, a demand\u00e9 lundi la mise en accusation du Pr\u00e9sident du Soudan, Omar Hassan Ahmad Al Bashir, pour avoir commis des crimes de g\u00e9nocide, des crimes contre l\u2019humanit\u00e9 et des crimes de guerre au Darfour, apprend on dans un communique du bureau du procureur de la CPI.\n<\/p>\n<p><!--more--><\/p>\n<p  >\nSelon ce texte, ces crimes visaient des groupes four, masalit et zaghawa en raison de leur appartenance ethnique. Pendant cinq ann\u00e9es, les forces arm\u00e9es soudanaises et les milices pro gouvernementales Janjaouid ont attaqu\u00e9, d\u00e9truit les villages puis poursuivi les survivants jusque dans les camps o\u00f9 ils s\u2019\u00e9taient r\u00e9fugi\u00e9s. Des millions de civils ont \u00e9t\u00e9 pourchass\u00e9s, estime le procureur. <\/p>\n<p>Il y a trois ans, le Conseil de s\u00e9curit\u00e9 des Nations Unies avait demand\u00e9 au procureur de la CPI d\u2019enqu\u00eater sur ces crimes. Le procureur qui a demand\u00e9 un mandat d'arr\u00eat, estime que le chef de l\u2019Etat soudanais doit r\u00e9pondre de 10 chefs d\u2019accusation. La chambre pr\u00e9liminaire va examiner les preuves avant de se prononcer. <\/p>\n<p>PB\/GF<\/p>\n","protected":false},"excerpt":{"rendered":"<p>Arusha, 14 juillet 2008 (FH) - Le procureur de la Cour P\u00e9nale internationale (CPI) M. Luis Moreno Campo, a demand\u00e9 lundi la mise en accusation du Pr\u00e9sident du Soudan, Omar Hassan Ahmad Al Bashir, pour avoir commis des crimes de g\u00e9nocide, des crimes contre l\u2019humanit\u00e9 et des crimes de guerre au Darfour, apprend on dans [&hellip;]<\/p>\n","protected":false},"author":64,"featured_media":0,"comment_status":"open","ping_status":"closed","sticky":false,"template":"","format":"standard","meta":{"_acf_changed":false,"footnotes":""},"categories":[554],"tags":[],"ji_location":[],"class_list":["post-4063","post","type-post","status-publish","format-standard","hentry","category-hirondellenews"],"acf":[],"yoast_head":"<!-- This site is optimized with the Yoast SEO Premium plugin v25.3.1 (Yoast SEO v25.3.1) - https:\/\/yoast.com\/wordpress\/plugins\/seo\/ -->\n<title>14.07.08 - CPI\/SOUDAN - LE PROCUREUR DE LA CPI DEMANDE LA MISE EN ACCUSATION DU PRESIDENT SOUDANAIS - JusticeInfo.net<\/title>\n<meta name=\"robots\" content=\"index, follow, max-snippet:-1, max-image-preview:large, max-video-preview:-1\" \/>\n<link rel=\"canonical\" href=\"https:\/\/www.justiceinfo.net\/fr\/4063-140708-cpisoudan-le-procureur-de-la-cpi-demande-la-mise-en-accusation-du-president-soudanais853.html\" \/>\n<meta property=\"og:locale\" content=\"fr_FR\" \/>\n<meta property=\"og:type\" content=\"article\" \/>\n<meta property=\"og:title\" content=\"14.07.08 - CPI\/SOUDAN - LE PROCUREUR DE LA CPI DEMANDE LA MISE EN ACCUSATION DU PRESIDENT SOUDANAIS\" \/>\n<meta property=\"og:description\" content=\"Arusha, 14 juillet 2008 (FH) - Le procureur de la Cour P\u00e9nale internationale (CPI) M. Luis Moreno Campo, a demand\u00e9 lundi la mise en accusation du Pr\u00e9sident du Soudan, Omar Hassan Ahmad Al Bashir, pour avoir commis des crimes de g\u00e9nocide, des crimes contre l\u2019humanit\u00e9 et des crimes de guerre au Darfour, apprend on dans [&hellip;]\" \/>\n<meta property=\"og:url\" content=\"https:\/\/www.justiceinfo.net\/fr\/4063-140708-cpisoudan-le-procureur-de-la-cpi-demande-la-mise-en-accusation-du-president-soudanais853.html\" \/>\n<meta property=\"og:site_name\" content=\"JusticeInfo.net\" \/>\n<meta property=\"article:publisher\" content=\"https:\/\/www.facebook.com\/JusticeInfo\/\" \/>\n<meta property=\"article:published_time\" content=\"2008-07-15T07:00:51+00:00\" \/>\n<meta property=\"og:image\" content=\"https:\/\/www.justiceinfo.net\/wp-content\/uploads\/JusticeInfoNet_logo_1200x630px.jpg\" \/>\n\t<meta property=\"og:image:width\" content=\"1200\" \/>\n\t<meta property=\"og:image:height\" content=\"630\" \/>\n\t<meta property=\"og:image:type\" content=\"image\/jpeg\" \/>\n<meta name=\"author\" content=\"solivri\" \/>\n<meta name=\"twitter:card\" content=\"summary_large_image\" \/>\n<meta name=\"twitter:creator\" content=\"@justiceinfonet\" \/>\n<meta name=\"twitter:site\" content=\"@justiceinfonet\" \/>\n<meta name=\"twitter:label1\" content=\"\u00c9crit par\" \/>\n\t<meta name=\"twitter:data1\" content=\"solivri\" \/>\n\t<meta name=\"twitter:label2\" content=\"Dur\u00e9e de lecture estim\u00e9e\" \/>\n\t<meta name=\"twitter:data2\" content=\"1 minute\" \/>\n<script type=\"application\/ld+json\" class=\"yoast-schema-graph\">{\"@context\":\"https:\/\/schema.org\",\"@graph\":[{\"@type\":\"NewsArticle\",\"@id\":\"https:\/\/www.justiceinfo.net\/fr\/4063-140708-cpisoudan-le-procureur-de-la-cpi-demande-la-mise-en-accusation-du-president-soudanais853.html#article\",\"isPartOf\":{\"@id\":\"https:\/\/www.justiceinfo.net\/fr\/4063-140708-cpisoudan-le-procureur-de-la-cpi-demande-la-mise-en-accusation-du-president-soudanais853.html\"},\"author\":{\"name\":\"solivri\",\"@id\":\"https:\/\/www.justiceinfo.net\/fr#\/schema\/person\/6e53cba1629e2e66f3fc1821d3091865\"},\"headline\":\"14.07.08 - CPI\/SOUDAN - LE PROCUREUR DE LA CPI DEMANDE LA MISE EN ACCUSATION DU PRESIDENT SOUDANAIS\",\"datePublished\":\"2008-07-15T07:00:51+00:00\",\"mainEntityOfPage\":{\"@id\":\"https:\/\/www.justiceinfo.net\/fr\/4063-140708-cpisoudan-le-procureur-de-la-cpi-demande-la-mise-en-accusation-du-president-soudanais853.html\"},\"wordCount\":213,\"commentCount\":0,\"publisher\":{\"@id\":\"https:\/\/www.justiceinfo.net\/fr#organization\"},\"articleSection\":[\"Hirondelle News\"],\"inLanguage\":\"fr-FR\",\"potentialAction\":[{\"@type\":\"CommentAction\",\"name\":\"Comment\",\"target\":[\"https:\/\/www.justiceinfo.net\/fr\/4063-140708-cpisoudan-le-procureur-de-la-cpi-demande-la-mise-en-accusation-du-president-soudanais853.html#respond\"]}]},{\"@type\":\"WebPage\",\"@id\":\"https:\/\/www.justiceinfo.net\/fr\/4063-140708-cpisoudan-le-procureur-de-la-cpi-demande-la-mise-en-accusation-du-president-soudanais853.html\",\"url\":\"https:\/\/www.justiceinfo.net\/fr\/4063-140708-cpisoudan-le-procureur-de-la-cpi-demande-la-mise-en-accusation-du-president-soudanais853.html\",\"name\":\"14.07.08 - CPI\/SOUDAN - LE PROCUREUR DE LA CPI DEMANDE LA MISE EN ACCUSATION DU PRESIDENT SOUDANAIS - JusticeInfo.net\",\"isPartOf\":{\"@id\":\"https:\/\/www.justiceinfo.net\/fr#website\"},\"datePublished\":\"2008-07-15T07:00:51+00:00\",\"breadcrumb\":{\"@id\":\"https:\/\/www.justiceinfo.net\/fr\/4063-140708-cpisoudan-le-procureur-de-la-cpi-demande-la-mise-en-accusation-du-president-soudanais853.html#breadcrumb\"},\"inLanguage\":\"fr-FR\",\"potentialAction\":[{\"@type\":\"ReadAction\",\"target\":[\"https:\/\/www.justiceinfo.net\/fr\/4063-140708-cpisoudan-le-procureur-de-la-cpi-demande-la-mise-en-accusation-du-president-soudanais853.html\"]}]},{\"@type\":\"BreadcrumbList\",\"@id\":\"https:\/\/www.justiceinfo.net\/fr\/4063-140708-cpisoudan-le-procureur-de-la-cpi-demande-la-mise-en-accusation-du-president-soudanais853.html#breadcrumb\",\"itemListElement\":[{\"@type\":\"ListItem\",\"position\":1,\"name\":\"Home\",\"item\":\"https:\/\/www.justiceinfo.net\/fr\"},{\"@type\":\"ListItem\",\"position\":2,\"name\":\"14.07.08 - CPI\/SOUDAN - LE PROCUREUR DE LA CPI DEMANDE LA MISE EN ACCUSATION DU PRESIDENT SOUDANAIS\"}]},{\"@type\":\"WebSite\",\"@id\":\"https:\/\/www.justiceinfo.net\/fr#website\",\"url\":\"https:\/\/www.justiceinfo.net\/fr\",\"name\":\"JusticeInfo.net\",\"description\":\"La justice doit \u00eatre vue pour \u00eatre rendue\",\"publisher\":{\"@id\":\"https:\/\/www.justiceinfo.net\/fr#organization\"},\"potentialAction\":[{\"@type\":\"SearchAction\",\"target\":{\"@type\":\"EntryPoint\",\"urlTemplate\":\"https:\/\/www.justiceinfo.net\/fr?s={search_term_string}\"},\"query-input\":{\"@type\":\"PropertyValueSpecification\",\"valueRequired\":true,\"valueName\":\"search_term_string\"}}],\"inLanguage\":\"fr-FR\"},{\"@type\":\"Organization\",\"@id\":\"https:\/\/www.justiceinfo.net\/fr#organization\",\"name\":\"Justice Info\",\"url\":\"https:\/\/www.justiceinfo.net\/fr\",\"logo\":{\"@type\":\"ImageObject\",\"inLanguage\":\"fr-FR\",\"@id\":\"https:\/\/www.justiceinfo.net\/fr#\/schema\/logo\/image\/\",\"url\":\"https:\/\/www.justiceinfo.net\/wp-content\/uploads\/justiceinfo_logo-trans_1200x1200px.png\",\"contentUrl\":\"https:\/\/www.justiceinfo.net\/wp-content\/uploads\/justiceinfo_logo-trans_1200x1200px.png\",\"width\":1199,\"height\":1200,\"caption\":\"Justice Info\"},\"image\":{\"@id\":\"https:\/\/www.justiceinfo.net\/fr#\/schema\/logo\/image\/\"},\"sameAs\":[\"https:\/\/www.facebook.com\/JusticeInfo\/\",\"https:\/\/x.com\/justiceinfonet\",\"https:\/\/www.linkedin.com\/company\/justice-info\",\"https:\/\/www.youtube.com\/channel\/UCyCEsARodyuWtkWyhn-e7pA\"]},{\"@type\":\"Person\",\"name\":\"solivri\",\"url\":\"\/fr\/?s=solivri\"}]}<\/script>\n<!-- \/ Yoast SEO Premium plugin. -->","yoast_head_json":{"title":"14.07.08 - CPI\/SOUDAN - LE PROCUREUR DE LA CPI DEMANDE LA MISE EN ACCUSATION DU PRESIDENT SOUDANAIS - JusticeInfo.net","robots":{"index":"index","follow":"follow","max-snippet":"max-snippet:-1","max-image-preview":"max-image-preview:large","max-video-preview":"max-video-preview:-1"},"canonical":"https:\/\/www.justiceinfo.net\/fr\/4063-140708-cpisoudan-le-procureur-de-la-cpi-demande-la-mise-en-accusation-du-president-soudanais853.html","og_locale":"fr_FR","og_type":"article","og_title":"14.07.08 - CPI\/SOUDAN - LE PROCUREUR DE LA CPI DEMANDE LA MISE EN ACCUSATION DU PRESIDENT SOUDANAIS","og_description":"Arusha, 14 juillet 2008 (FH) - Le procureur de la Cour P\u00e9nale internationale (CPI) M. Luis Moreno Campo, a demand\u00e9 lundi la mise en accusation du Pr\u00e9sident du Soudan, Omar Hassan Ahmad Al Bashir, pour avoir commis des crimes de g\u00e9nocide, des crimes contre l\u2019humanit\u00e9 et des crimes de guerre au Darfour, apprend on dans [&hellip;]","og_url":"https:\/\/www.justiceinfo.net\/fr\/4063-140708-cpisoudan-le-procureur-de-la-cpi-demande-la-mise-en-accusation-du-president-soudanais853.html","og_site_name":"JusticeInfo.net","article_publisher":"https:\/\/www.facebook.com\/JusticeInfo\/","article_published_time":"2008-07-15T07:00:51+00:00","og_image":[{"width":1200,"height":630,"url":"https:\/\/www.justiceinfo.net\/wp-content\/uploads\/JusticeInfoNet_logo_1200x630px.jpg","type":"image\/jpeg"}],"author":"solivri","twitter_card":"summary_large_image","twitter_creator":"@justiceinfonet","twitter_site":"@justiceinfonet","twitter_misc":{"\u00c9crit par":"solivri","Dur\u00e9e de lecture estim\u00e9e":"1 minute"},"schema":{"@context":"https:\/\/schema.org","@graph":[{"@type":"NewsArticle","@id":"https:\/\/www.justiceinfo.net\/fr\/4063-140708-cpisoudan-le-procureur-de-la-cpi-demande-la-mise-en-accusation-du-president-soudanais853.html#article","isPartOf":{"@id":"https:\/\/www.justiceinfo.net\/fr\/4063-140708-cpisoudan-le-procureur-de-la-cpi-demande-la-mise-en-accusation-du-president-soudanais853.html"},"author":{"name":"solivri","@id":"https:\/\/www.justiceinfo.net\/fr#\/schema\/person\/6e53cba1629e2e66f3fc1821d3091865"},"headline":"14.07.08 - CPI\/SOUDAN - LE PROCUREUR DE LA CPI DEMANDE LA MISE EN ACCUSATION DU PRESIDENT SOUDANAIS","datePublished":"2008-07-15T07:00:51+00:00","mainEntityOfPage":{"@id":"https:\/\/www.justiceinfo.net\/fr\/4063-140708-cpisoudan-le-procureur-de-la-cpi-demande-la-mise-en-accusation-du-president-soudanais853.html"},"wordCount":213,"commentCount":0,"publisher":{"@id":"https:\/\/www.justiceinfo.net\/fr#organization"},"articleSection":["Hirondelle News"],"inLanguage":"fr-FR","potentialAction":[{"@type":"CommentAction","name":"Comment","target":["https:\/\/www.justiceinfo.net\/fr\/4063-140708-cpisoudan-le-procureur-de-la-cpi-demande-la-mise-en-accusation-du-president-soudanais853.html#respond"]}]},{"@type":"WebPage","@id":"https:\/\/www.justiceinfo.net\/fr\/4063-140708-cpisoudan-le-procureur-de-la-cpi-demande-la-mise-en-accusation-du-president-soudanais853.html","url":"https:\/\/www.justiceinfo.net\/fr\/4063-140708-cpisoudan-le-procureur-de-la-cpi-demande-la-mise-en-accusation-du-president-soudanais853.html","name":"14.07.08 - CPI\/SOUDAN - LE PROCUREUR DE LA CPI DEMANDE LA MISE EN ACCUSATION DU PRESIDENT SOUDANAIS - JusticeInfo.net","isPartOf":{"@id":"https:\/\/www.justiceinfo.net\/fr#website"},"datePublished":"2008-07-15T07:00:51+00:00","breadcrumb":{"@id":"https:\/\/www.justiceinfo.net\/fr\/4063-140708-cpisoudan-le-procureur-de-la-cpi-demande-la-mise-en-accusation-du-president-soudanais853.html#breadcrumb"},"inLanguage":"fr-FR","potentialAction":[{"@type":"ReadAction","target":["https:\/\/www.justiceinfo.net\/fr\/4063-140708-cpisoudan-le-procureur-de-la-cpi-demande-la-mise-en-accusation-du-president-soudanais853.html"]}]},{"@type":"BreadcrumbList","@id":"https:\/\/www.justiceinfo.net\/fr\/4063-140708-cpisoudan-le-procureur-de-la-cpi-demande-la-mise-en-accusation-du-president-soudanais853.html#breadcrumb","itemListElement":[{"@type":"ListItem","position":1,"name":"Home","item":"https:\/\/www.justiceinfo.net\/fr"},{"@type":"ListItem","position":2,"name":"14.07.08 - CPI\/SOUDAN - LE PROCUREUR DE LA CPI DEMANDE LA MISE EN ACCUSATION DU PRESIDENT SOUDANAIS"}]},{"@type":"WebSite","@id":"https:\/\/www.justiceinfo.net\/fr#website","url":"https:\/\/www.justiceinfo.net\/fr","name":"JusticeInfo.net","description":"La justice doit \u00eatre vue pour \u00eatre rendue","publisher":{"@id":"https:\/\/www.justiceinfo.net\/fr#organization"},"potentialAction":[{"@type":"SearchAction","target":{"@type":"EntryPoint","urlTemplate":"https:\/\/www.justiceinfo.net\/fr?s={search_term_string}"},"query-input":{"@type":"PropertyValueSpecification","valueRequired":true,"valueName":"search_term_string"}}],"inLanguage":"fr-FR"},{"@type":"Organization","@id":"https:\/\/www.justiceinfo.net\/fr#organization","name":"Justice Info","url":"https:\/\/www.justiceinfo.net\/fr","logo":{"@type":"ImageObject","inLanguage":"fr-FR","@id":"https:\/\/www.justiceinfo.net\/fr#\/schema\/logo\/image\/","url":"https:\/\/www.justiceinfo.net\/wp-content\/uploads\/justiceinfo_logo-trans_1200x1200px.png","contentUrl":"https:\/\/www.justiceinfo.net\/wp-content\/uploads\/justiceinfo_logo-trans_1200x1200px.png","width":1199,"height":1200,"caption":"Justice Info"},"image":{"@id":"https:\/\/www.justiceinfo.net\/fr#\/schema\/logo\/image\/"},"sameAs":["https:\/\/www.facebook.com\/JusticeInfo\/","https:\/\/x.com\/justiceinfonet","https:\/\/www.linkedin.com\/company\/justice-info","https:\/\/www.youtube.com\/channel\/UCyCEsARodyuWtkWyhn-e7pA"]},{"@type":"Person","name":"solivri","url":"\/fr\/?s=solivri"}]}},"_links":{"self":[{"href":"https:\/\/www.justiceinfo.net\/fr\/wp-json\/wp\/v2\/posts\/4063","targetHints":{"allow":["GET"]}}],"collection":[{"href":"https:\/\/www.justiceinfo.net\/fr\/wp-json\/wp\/v2\/posts"}],"about":[{"href":"https:\/\/www.justiceinfo.net\/fr\/wp-json\/wp\/v2\/types\/post"}],"author":[{"embeddable":true,"href":"https:\/\/www.justiceinfo.net\/fr\/wp-json\/wp\/v2\/users\/64"}],"replies":[{"embeddable":true,"href":"https:\/\/www.justiceinfo.net\/fr\/wp-json\/wp\/v2\/comments?post=4063"}],"version-history":[{"count":0,"href":"https:\/\/www.justiceinfo.net\/fr\/wp-json\/wp\/v2\/posts\/4063\/revisions"}],"wp:attachment":[{"href":"https:\/\/www.justiceinfo.net\/fr\/wp-json\/wp\/v2\/media?parent=4063"}],"wp:term":[{"taxonomy":"category","embeddable":true,"href":"https:\/\/www.justiceinfo.net\/fr\/wp-json\/wp\/v2\/categories?post=4063"},{"taxonomy":"post_tag","embeddable":true,"href":"https:\/\/www.justiceinfo.net\/fr\/wp-json\/wp\/v2\/tags?post=4063"},{"taxonomy":"ji_location","embeddable":true,"href":"https:\/\/www.justiceinfo.net\/fr\/wp-json\/wp\/v2\/ji_location?post=4063"}],"curies":[{"name":"wp","href":"https:\/\/api.w.org\/{rel}","templated":true}]}}