{"id":4073,"date":"2008-07-16T06:59:38","date_gmt":"2008-07-16T04:59:38","guid":{"rendered":"https:\/\/www.justiceinfo.net\/4073-150708-cpisoudan-al-bashir-lunion-africaine-veut-saisir-le-conseil-de-securite863.html"},"modified":"2008-07-16T06:59:38","modified_gmt":"2008-07-16T04:59:38","slug":"150708-cpisoudan-al-bashir-lunion-africaine-veut-saisir-le-conseil-de-securite863","status":"publish","type":"post","link":"https:\/\/www.justiceinfo.net\/fr\/4073-150708-cpisoudan-al-bashir-lunion-africaine-veut-saisir-le-conseil-de-securite863.html","title":{"rendered":"15.07.08 - CPI\/SOUDAN - AL BASHIR : L\u2019UNION AFRICAINE VEUT SAISIR LE CONSEIL DE SECURITE"},"content":{"rendered":"<p  >\nArusha, 15 juillet 2008 (FH) -  L\u2019Union africaine, pr\u00e9sid\u00e9e par le chef de l\u2019Etat tanzanien Jakaya Kikwete, veut saisir le Conseil de s\u00e9curit\u00e9 des Nations Unies afin de pr\u00e9server les chances de paix au Soudan, a annonc\u00e9 mercredi le ministre tanzanien des affaires \u00e9trang\u00e8res au lendemain de la demande de mise en accusation du pr\u00e9sident soudanais Omar Al Bashir.  <\/p>\n<p>Selon un communiqu\u00e9 de ce minist\u00e8re, la requ\u00eate du procureur de la CPI de mettre en accusation le chef  de l\u2019Etat soudanais est \u00ab inopportune et aura de graves cons\u00e9quences sur les efforts destin\u00e9s \u00e0 trouver une solution finale, et va compliquer la s\u00e9curit\u00e9 sur le terrain \u00bb.\n<\/p>\n<p><!--more--><\/p>\n<p  >\nElle devrait \u00e9galement, selon le texte tanzanien, nuire au r\u00e8glement de l\u2019accord de paix au sud Soudan et aux efforts destin\u00e9s \u00e0 r\u00e9soudre la crise entre le Tchad et le Soudan \u00bb. <\/p>\n<p>Aussi la Tanzanie appelle-t-elle les Nations Unies, qui ont demand\u00e9 \u00e0 la CPI d\u2019enqu\u00eater au Soudan, d\u2019arr\u00eater ce processus afin de permettre un processus politique et le d\u00e9ploiement d\u2019une force commune Nations Unies-Union africaine de 26.000 soldats au Darfour. <\/p>\n<p>Le procureur de la CPI, M. Luis Moreno Campo a demand\u00e9 lundi aux juges de la CPI de mettre en accusation et d\u2019arr\u00eater M. Al Bashir pour dix chefs d\u2019accusation, dont celui d\u2019avoir initi\u00e9 et organis\u00e9 le g\u00e9nocide des groupes ethniques Four, Massalit et Zaghawa. <\/p>\n<p>Le Pr\u00e9sident soudanais a ni\u00e9 ces accusations expliquant que les viols n\u2019existaient pas au Soudan. La chambre pr\u00e9liminaire de la CPI devrait prendre sa d\u00e9cision d\u2019ici deux \u00e0 trois mois. <\/p>\n<p>SC\/PB\/GF<\/p>\n","protected":false},"excerpt":{"rendered":"<p>Arusha, 15 juillet 2008 (FH) - L\u2019Union africaine, pr\u00e9sid\u00e9e par le chef de l\u2019Etat tanzanien Jakaya Kikwete, veut saisir le Conseil de s\u00e9curit\u00e9 des Nations Unies afin de pr\u00e9server les chances de paix au Soudan, a annonc\u00e9 mercredi le ministre tanzanien des affaires \u00e9trang\u00e8res au lendemain de la demande de mise en accusation du pr\u00e9sident [&hellip;]<\/p>\n","protected":false},"author":64,"featured_media":0,"comment_status":"open","ping_status":"closed","sticky":false,"template":"","format":"standard","meta":{"_acf_changed":false,"footnotes":""},"categories":[554],"tags":[],"ji_location":[],"class_list":["post-4073","post","type-post","status-publish","format-standard","hentry","category-hirondellenews"],"acf":[],"yoast_head":"<!-- This site is optimized with the Yoast SEO Premium plugin v25.3.1 (Yoast SEO v25.3.1) - https:\/\/yoast.com\/wordpress\/plugins\/seo\/ -->\n<title>15.07.08 - CPI\/SOUDAN - AL BASHIR : L\u2019UNION AFRICAINE VEUT SAISIR LE CONSEIL DE SECURITE - JusticeInfo.net<\/title>\n<meta name=\"robots\" content=\"index, follow, max-snippet:-1, max-image-preview:large, max-video-preview:-1\" \/>\n<link rel=\"canonical\" href=\"https:\/\/www.justiceinfo.net\/fr\/4073-150708-cpisoudan-al-bashir-lunion-africaine-veut-saisir-le-conseil-de-securite863.html\" \/>\n<meta property=\"og:locale\" content=\"fr_FR\" \/>\n<meta property=\"og:type\" content=\"article\" \/>\n<meta property=\"og:title\" content=\"15.07.08 - CPI\/SOUDAN - AL BASHIR : L\u2019UNION AFRICAINE VEUT SAISIR LE CONSEIL DE SECURITE\" \/>\n<meta property=\"og:description\" content=\"Arusha, 15 juillet 2008 (FH) - L\u2019Union africaine, pr\u00e9sid\u00e9e par le chef de l\u2019Etat tanzanien Jakaya Kikwete, veut saisir le Conseil de s\u00e9curit\u00e9 des Nations Unies afin de pr\u00e9server les chances de paix au Soudan, a annonc\u00e9 mercredi le ministre tanzanien des affaires \u00e9trang\u00e8res au lendemain de la demande de mise en accusation du pr\u00e9sident [&hellip;]\" \/>\n<meta property=\"og:url\" content=\"https:\/\/www.justiceinfo.net\/fr\/4073-150708-cpisoudan-al-bashir-lunion-africaine-veut-saisir-le-conseil-de-securite863.html\" \/>\n<meta property=\"og:site_name\" content=\"JusticeInfo.net\" \/>\n<meta property=\"article:publisher\" content=\"https:\/\/www.facebook.com\/JusticeInfo\/\" \/>\n<meta property=\"article:published_time\" content=\"2008-07-16T04:59:38+00:00\" \/>\n<meta property=\"og:image\" content=\"https:\/\/www.justiceinfo.net\/wp-content\/uploads\/JusticeInfoNet_logo_1200x630px.jpg\" \/>\n\t<meta property=\"og:image:width\" content=\"1200\" \/>\n\t<meta property=\"og:image:height\" content=\"630\" \/>\n\t<meta property=\"og:image:type\" content=\"image\/jpeg\" \/>\n<meta name=\"author\" content=\"solivri\" \/>\n<meta name=\"twitter:card\" content=\"summary_large_image\" \/>\n<meta name=\"twitter:creator\" content=\"@justiceinfonet\" \/>\n<meta name=\"twitter:site\" content=\"@justiceinfonet\" \/>\n<meta name=\"twitter:label1\" content=\"\u00c9crit par\" \/>\n\t<meta name=\"twitter:data1\" content=\"solivri\" \/>\n\t<meta name=\"twitter:label2\" content=\"Dur\u00e9e de lecture estim\u00e9e\" \/>\n\t<meta name=\"twitter:data2\" content=\"1 minute\" \/>\n<script type=\"application\/ld+json\" class=\"yoast-schema-graph\">{\"@context\":\"https:\/\/schema.org\",\"@graph\":[{\"@type\":\"NewsArticle\",\"@id\":\"https:\/\/www.justiceinfo.net\/fr\/4073-150708-cpisoudan-al-bashir-lunion-africaine-veut-saisir-le-conseil-de-securite863.html#article\",\"isPartOf\":{\"@id\":\"https:\/\/www.justiceinfo.net\/fr\/4073-150708-cpisoudan-al-bashir-lunion-africaine-veut-saisir-le-conseil-de-securite863.html\"},\"author\":{\"name\":\"solivri\",\"@id\":\"https:\/\/www.justiceinfo.net\/fr#\/schema\/person\/6e53cba1629e2e66f3fc1821d3091865\"},\"headline\":\"15.07.08 - CPI\/SOUDAN - AL BASHIR : L\u2019UNION AFRICAINE VEUT SAISIR LE CONSEIL DE SECURITE\",\"datePublished\":\"2008-07-16T04:59:38+00:00\",\"mainEntityOfPage\":{\"@id\":\"https:\/\/www.justiceinfo.net\/fr\/4073-150708-cpisoudan-al-bashir-lunion-africaine-veut-saisir-le-conseil-de-securite863.html\"},\"wordCount\":295,\"commentCount\":0,\"publisher\":{\"@id\":\"https:\/\/www.justiceinfo.net\/fr#organization\"},\"articleSection\":[\"Hirondelle News\"],\"inLanguage\":\"fr-FR\",\"potentialAction\":[{\"@type\":\"CommentAction\",\"name\":\"Comment\",\"target\":[\"https:\/\/www.justiceinfo.net\/fr\/4073-150708-cpisoudan-al-bashir-lunion-africaine-veut-saisir-le-conseil-de-securite863.html#respond\"]}]},{\"@type\":\"WebPage\",\"@id\":\"https:\/\/www.justiceinfo.net\/fr\/4073-150708-cpisoudan-al-bashir-lunion-africaine-veut-saisir-le-conseil-de-securite863.html\",\"url\":\"https:\/\/www.justiceinfo.net\/fr\/4073-150708-cpisoudan-al-bashir-lunion-africaine-veut-saisir-le-conseil-de-securite863.html\",\"name\":\"15.07.08 - CPI\/SOUDAN - AL BASHIR : L\u2019UNION AFRICAINE VEUT SAISIR LE CONSEIL DE SECURITE - JusticeInfo.net\",\"isPartOf\":{\"@id\":\"https:\/\/www.justiceinfo.net\/fr#website\"},\"datePublished\":\"2008-07-16T04:59:38+00:00\",\"breadcrumb\":{\"@id\":\"https:\/\/www.justiceinfo.net\/fr\/4073-150708-cpisoudan-al-bashir-lunion-africaine-veut-saisir-le-conseil-de-securite863.html#breadcrumb\"},\"inLanguage\":\"fr-FR\",\"potentialAction\":[{\"@type\":\"ReadAction\",\"target\":[\"https:\/\/www.justiceinfo.net\/fr\/4073-150708-cpisoudan-al-bashir-lunion-africaine-veut-saisir-le-conseil-de-securite863.html\"]}]},{\"@type\":\"BreadcrumbList\",\"@id\":\"https:\/\/www.justiceinfo.net\/fr\/4073-150708-cpisoudan-al-bashir-lunion-africaine-veut-saisir-le-conseil-de-securite863.html#breadcrumb\",\"itemListElement\":[{\"@type\":\"ListItem\",\"position\":1,\"name\":\"Home\",\"item\":\"https:\/\/www.justiceinfo.net\/fr\"},{\"@type\":\"ListItem\",\"position\":2,\"name\":\"15.07.08 - CPI\/SOUDAN - AL BASHIR : L\u2019UNION AFRICAINE VEUT SAISIR LE CONSEIL DE SECURITE\"}]},{\"@type\":\"WebSite\",\"@id\":\"https:\/\/www.justiceinfo.net\/fr#website\",\"url\":\"https:\/\/www.justiceinfo.net\/fr\",\"name\":\"JusticeInfo.net\",\"description\":\"La justice doit \u00eatre vue pour \u00eatre rendue\",\"publisher\":{\"@id\":\"https:\/\/www.justiceinfo.net\/fr#organization\"},\"potentialAction\":[{\"@type\":\"SearchAction\",\"target\":{\"@type\":\"EntryPoint\",\"urlTemplate\":\"https:\/\/www.justiceinfo.net\/fr?s={search_term_string}\"},\"query-input\":{\"@type\":\"PropertyValueSpecification\",\"valueRequired\":true,\"valueName\":\"search_term_string\"}}],\"inLanguage\":\"fr-FR\"},{\"@type\":\"Organization\",\"@id\":\"https:\/\/www.justiceinfo.net\/fr#organization\",\"name\":\"Justice Info\",\"url\":\"https:\/\/www.justiceinfo.net\/fr\",\"logo\":{\"@type\":\"ImageObject\",\"inLanguage\":\"fr-FR\",\"@id\":\"https:\/\/www.justiceinfo.net\/fr#\/schema\/logo\/image\/\",\"url\":\"https:\/\/www.justiceinfo.net\/wp-content\/uploads\/justiceinfo_logo-trans_1200x1200px.png\",\"contentUrl\":\"https:\/\/www.justiceinfo.net\/wp-content\/uploads\/justiceinfo_logo-trans_1200x1200px.png\",\"width\":1199,\"height\":1200,\"caption\":\"Justice Info\"},\"image\":{\"@id\":\"https:\/\/www.justiceinfo.net\/fr#\/schema\/logo\/image\/\"},\"sameAs\":[\"https:\/\/www.facebook.com\/JusticeInfo\/\",\"https:\/\/x.com\/justiceinfonet\",\"https:\/\/www.linkedin.com\/company\/justice-info\",\"https:\/\/www.youtube.com\/channel\/UCyCEsARodyuWtkWyhn-e7pA\"]},{\"@type\":\"Person\",\"name\":\"solivri\",\"url\":\"\/fr\/?s=solivri\"}]}<\/script>\n<!-- \/ Yoast SEO Premium plugin. -->","yoast_head_json":{"title":"15.07.08 - CPI\/SOUDAN - AL BASHIR : L\u2019UNION AFRICAINE VEUT SAISIR LE CONSEIL DE SECURITE - JusticeInfo.net","robots":{"index":"index","follow":"follow","max-snippet":"max-snippet:-1","max-image-preview":"max-image-preview:large","max-video-preview":"max-video-preview:-1"},"canonical":"https:\/\/www.justiceinfo.net\/fr\/4073-150708-cpisoudan-al-bashir-lunion-africaine-veut-saisir-le-conseil-de-securite863.html","og_locale":"fr_FR","og_type":"article","og_title":"15.07.08 - CPI\/SOUDAN - AL BASHIR : L\u2019UNION AFRICAINE VEUT SAISIR LE CONSEIL DE SECURITE","og_description":"Arusha, 15 juillet 2008 (FH) - L\u2019Union africaine, pr\u00e9sid\u00e9e par le chef de l\u2019Etat tanzanien Jakaya Kikwete, veut saisir le Conseil de s\u00e9curit\u00e9 des Nations Unies afin de pr\u00e9server les chances de paix au Soudan, a annonc\u00e9 mercredi le ministre tanzanien des affaires \u00e9trang\u00e8res au lendemain de la demande de mise en accusation du pr\u00e9sident [&hellip;]","og_url":"https:\/\/www.justiceinfo.net\/fr\/4073-150708-cpisoudan-al-bashir-lunion-africaine-veut-saisir-le-conseil-de-securite863.html","og_site_name":"JusticeInfo.net","article_publisher":"https:\/\/www.facebook.com\/JusticeInfo\/","article_published_time":"2008-07-16T04:59:38+00:00","og_image":[{"width":1200,"height":630,"url":"https:\/\/www.justiceinfo.net\/wp-content\/uploads\/JusticeInfoNet_logo_1200x630px.jpg","type":"image\/jpeg"}],"author":"solivri","twitter_card":"summary_large_image","twitter_creator":"@justiceinfonet","twitter_site":"@justiceinfonet","twitter_misc":{"\u00c9crit par":"solivri","Dur\u00e9e de lecture estim\u00e9e":"1 minute"},"schema":{"@context":"https:\/\/schema.org","@graph":[{"@type":"NewsArticle","@id":"https:\/\/www.justiceinfo.net\/fr\/4073-150708-cpisoudan-al-bashir-lunion-africaine-veut-saisir-le-conseil-de-securite863.html#article","isPartOf":{"@id":"https:\/\/www.justiceinfo.net\/fr\/4073-150708-cpisoudan-al-bashir-lunion-africaine-veut-saisir-le-conseil-de-securite863.html"},"author":{"name":"solivri","@id":"https:\/\/www.justiceinfo.net\/fr#\/schema\/person\/6e53cba1629e2e66f3fc1821d3091865"},"headline":"15.07.08 - CPI\/SOUDAN - AL BASHIR : L\u2019UNION AFRICAINE VEUT SAISIR LE CONSEIL DE SECURITE","datePublished":"2008-07-16T04:59:38+00:00","mainEntityOfPage":{"@id":"https:\/\/www.justiceinfo.net\/fr\/4073-150708-cpisoudan-al-bashir-lunion-africaine-veut-saisir-le-conseil-de-securite863.html"},"wordCount":295,"commentCount":0,"publisher":{"@id":"https:\/\/www.justiceinfo.net\/fr#organization"},"articleSection":["Hirondelle News"],"inLanguage":"fr-FR","potentialAction":[{"@type":"CommentAction","name":"Comment","target":["https:\/\/www.justiceinfo.net\/fr\/4073-150708-cpisoudan-al-bashir-lunion-africaine-veut-saisir-le-conseil-de-securite863.html#respond"]}]},{"@type":"WebPage","@id":"https:\/\/www.justiceinfo.net\/fr\/4073-150708-cpisoudan-al-bashir-lunion-africaine-veut-saisir-le-conseil-de-securite863.html","url":"https:\/\/www.justiceinfo.net\/fr\/4073-150708-cpisoudan-al-bashir-lunion-africaine-veut-saisir-le-conseil-de-securite863.html","name":"15.07.08 - CPI\/SOUDAN - AL BASHIR : L\u2019UNION AFRICAINE VEUT SAISIR LE CONSEIL DE SECURITE - JusticeInfo.net","isPartOf":{"@id":"https:\/\/www.justiceinfo.net\/fr#website"},"datePublished":"2008-07-16T04:59:38+00:00","breadcrumb":{"@id":"https:\/\/www.justiceinfo.net\/fr\/4073-150708-cpisoudan-al-bashir-lunion-africaine-veut-saisir-le-conseil-de-securite863.html#breadcrumb"},"inLanguage":"fr-FR","potentialAction":[{"@type":"ReadAction","target":["https:\/\/www.justiceinfo.net\/fr\/4073-150708-cpisoudan-al-bashir-lunion-africaine-veut-saisir-le-conseil-de-securite863.html"]}]},{"@type":"BreadcrumbList","@id":"https:\/\/www.justiceinfo.net\/fr\/4073-150708-cpisoudan-al-bashir-lunion-africaine-veut-saisir-le-conseil-de-securite863.html#breadcrumb","itemListElement":[{"@type":"ListItem","position":1,"name":"Home","item":"https:\/\/www.justiceinfo.net\/fr"},{"@type":"ListItem","position":2,"name":"15.07.08 - CPI\/SOUDAN - AL BASHIR : L\u2019UNION AFRICAINE VEUT SAISIR LE CONSEIL DE SECURITE"}]},{"@type":"WebSite","@id":"https:\/\/www.justiceinfo.net\/fr#website","url":"https:\/\/www.justiceinfo.net\/fr","name":"JusticeInfo.net","description":"La justice doit \u00eatre vue pour \u00eatre rendue","publisher":{"@id":"https:\/\/www.justiceinfo.net\/fr#organization"},"potentialAction":[{"@type":"SearchAction","target":{"@type":"EntryPoint","urlTemplate":"https:\/\/www.justiceinfo.net\/fr?s={search_term_string}"},"query-input":{"@type":"PropertyValueSpecification","valueRequired":true,"valueName":"search_term_string"}}],"inLanguage":"fr-FR"},{"@type":"Organization","@id":"https:\/\/www.justiceinfo.net\/fr#organization","name":"Justice Info","url":"https:\/\/www.justiceinfo.net\/fr","logo":{"@type":"ImageObject","inLanguage":"fr-FR","@id":"https:\/\/www.justiceinfo.net\/fr#\/schema\/logo\/image\/","url":"https:\/\/www.justiceinfo.net\/wp-content\/uploads\/justiceinfo_logo-trans_1200x1200px.png","contentUrl":"https:\/\/www.justiceinfo.net\/wp-content\/uploads\/justiceinfo_logo-trans_1200x1200px.png","width":1199,"height":1200,"caption":"Justice Info"},"image":{"@id":"https:\/\/www.justiceinfo.net\/fr#\/schema\/logo\/image\/"},"sameAs":["https:\/\/www.facebook.com\/JusticeInfo\/","https:\/\/x.com\/justiceinfonet","https:\/\/www.linkedin.com\/company\/justice-info","https:\/\/www.youtube.com\/channel\/UCyCEsARodyuWtkWyhn-e7pA"]},{"@type":"Person","name":"solivri","url":"\/fr\/?s=solivri"}]}},"_links":{"self":[{"href":"https:\/\/www.justiceinfo.net\/fr\/wp-json\/wp\/v2\/posts\/4073","targetHints":{"allow":["GET"]}}],"collection":[{"href":"https:\/\/www.justiceinfo.net\/fr\/wp-json\/wp\/v2\/posts"}],"about":[{"href":"https:\/\/www.justiceinfo.net\/fr\/wp-json\/wp\/v2\/types\/post"}],"author":[{"embeddable":true,"href":"https:\/\/www.justiceinfo.net\/fr\/wp-json\/wp\/v2\/users\/64"}],"replies":[{"embeddable":true,"href":"https:\/\/www.justiceinfo.net\/fr\/wp-json\/wp\/v2\/comments?post=4073"}],"version-history":[{"count":0,"href":"https:\/\/www.justiceinfo.net\/fr\/wp-json\/wp\/v2\/posts\/4073\/revisions"}],"wp:attachment":[{"href":"https:\/\/www.justiceinfo.net\/fr\/wp-json\/wp\/v2\/media?parent=4073"}],"wp:term":[{"taxonomy":"category","embeddable":true,"href":"https:\/\/www.justiceinfo.net\/fr\/wp-json\/wp\/v2\/categories?post=4073"},{"taxonomy":"post_tag","embeddable":true,"href":"https:\/\/www.justiceinfo.net\/fr\/wp-json\/wp\/v2\/tags?post=4073"},{"taxonomy":"ji_location","embeddable":true,"href":"https:\/\/www.justiceinfo.net\/fr\/wp-json\/wp\/v2\/ji_location?post=4073"}],"curies":[{"name":"wp","href":"https:\/\/api.w.org\/{rel}","templated":true}]}}