{"id":4085,"date":"2008-07-09T07:06:33","date_gmt":"2008-07-09T05:06:33","guid":{"rendered":"https:\/\/www.justiceinfo.net\/4085-070708-rwandagacaca-un-haut-fonctionnaire-rwandais-condamne-pour-sa-participation-au-genocide875.html"},"modified":"2008-07-09T07:06:33","modified_gmt":"2008-07-09T05:06:33","slug":"070708-rwandagacaca-un-haut-fonctionnaire-rwandais-condamne-pour-sa-participation-au-genocide875","status":"publish","type":"post","link":"https:\/\/www.justiceinfo.net\/fr\/4085-070708-rwandagacaca-un-haut-fonctionnaire-rwandais-condamne-pour-sa-participation-au-genocide875.html","title":{"rendered":"07.07.08 - RWANDA\/GACACA - UN HAUT FONCTIONNAIRE RWANDAIS CONDAMNE POUR SA PARTICIPATION AU GENOCIDE"},"content":{"rendered":"<p  >\nKamonyi (sud du Rwanda), 7 juillet 2008 (FH) -  M.  F\u00e9licien Murenzi, 41 ans, directeur de la planification au minist\u00e8re rwandais du Commerce, a \u00e9t\u00e9 condamn\u00e9 le mois dernier \u00e0 19 ans d\u2019emprisonnement par la juridiction Gacaca du secteur Ruyenzi, district de Kamonyi, apr\u00e9s que plusieurs tribunaux l'aient jug\u00e9 innocent des faits que lui \u00e9taient reproch\u00e9s.\n<\/p>\n<p><!--more--><\/p>\n<p  >\nLe 6 juin dernier, le haut fonctionnaire a \u00e9t\u00e9 reconnu coupable et condamn\u00e9 pour sa responsabilit\u00e9 et sa complicit\u00e9 dans les assassinats de 30.000 personnes r\u00e9fugi\u00e9es \u00e0 la paroisse de Mugina, dans une exp\u00e9dition au cours de laquelle 2 enfants ont \u00e9t\u00e9 tu\u00e9s dans la famille de Faustin Munyaruhongore, d\u00e9tention ill\u00e9gale et usage d\u2019une arme \u00e0 feu, dans une autre exp\u00e9dition qui a tu\u00e9 plusieurs personnes \u00e0 Mukunguri, et dans l'assassinat d\u2019un certain Calixte. <\/p>\n<p>Plus de 30 t\u00e9moins, complices de l'accus\u00e9 et qui l'avaient d\u00e9nonc\u00e9 dans leur plaidoirie de culpabilit\u00e9, sont venus t\u00e9moigner pour sa d\u00e9fense. L\u2019un d\u2019eux a reconnu dans son contre-interrogatoire avoir \u00e9t\u00e9 soudoy\u00e9. Cinq autres ont \u00e9t\u00e9 condamn\u00e9s pour parjures et leurs proc\u00e8s seront revus, a appris l'agence Hirondelle aupr\u00e9s d'un des juges. <\/p>\n<p>\u00ab Nous savions tout mais nous avions peur de dire la v\u00e9rit\u00e9 : il a l\u2019argent, il vivait dans la sph\u00e8re des grands et il a une grande famille ici, au moment o\u00f9 nous nous sommes seuls et sans d\u00e9fense. M\u00eame les juges ont c\u00e9d\u00e9 \u00e0 toute cette pression et l\u2019ont acquitt\u00e9 \u00e0 plusieurs reprises\u00bb, a expliqu\u00e9 une veuve, rescap\u00e9e de l'hecatombe de la paroisse de Mugina dans le secteur de Mukinga comme l\u2019accus\u00e9. <\/p>\n<p>Lors des trois proc\u00e8s qui ont eut lieu dans ce secteur, au 1er degr\u00e9, en appel et en r\u00e9vision, l\u2019accus\u00e9 avait \u00e9t\u00e9 acquitt\u00e9 a-t-elle expliqu\u00e9. \"Soit les victimes, non avis\u00e9es \u00e9taient absentes au proc\u00e8s, soit qu\u2019on leur refusait la parole (...) l\u2019argent tombait \u00e0 flots ! Nous avons d\u00fb \u00e9crire un m\u00e9morandum au Service National des Juridictions Gacaca demandant encore la r\u00e9vision du proc\u00e8s par une autre juridiction que celle de Mukinga qui a fait preuve de partialit\u00e9. Nous sommes contents que cette juridiction de Ruyenzi ait r\u00e9sist\u00e9 \u00e0 la corruption et fait justice\" ajoute-t-elle. <\/p>\n<p>\u00abC\u2019est scandaleux, toute cette histoire ! Mon mari est retourn\u00e9 en prison pour avoir menti et voulu prot\u00e9ger ce tueur. Et l\u2019argent promis n\u2019a pas \u00e9t\u00e9 vers\u00e9 en totalit\u00e9.  Cela compromet autant ma famille que l\u2019unit\u00e9 et la r\u00e9conciliation. Et c\u2019est une autorit\u00e9 qui est la cause de tout \u00e7a ! \u00bb,  dit en col\u00e8re et sous couvert d\u2019anonymat, la femme d\u2019un t\u00e9moin condamn\u00e9 \u00e0 1 ann\u00e9e d\u2019emprisonnement. <\/p>\n<p>\"Il a fallu suivre de pr\u00e8s le proc\u00e8s surtout dans sa derni\u00e8re audience, parce qu\u2019on savait que le corrupteur \u00e9tait aux aguets pour jouer sa derni\u00e8re carte \u00bb,  a expliqu\u00e9 un policier. D\u00e9tenu \u00e0 la prison centrale de Gitarama, Murenzi aurait demand\u00e9 la r\u00e9vision de son proc\u00e8s. <\/p>\n<p>SRE\/PB\/GF<\/p>\n","protected":false},"excerpt":{"rendered":"<p>Kamonyi (sud du Rwanda), 7 juillet 2008 (FH) - M. F\u00e9licien Murenzi, 41 ans, directeur de la planification au minist\u00e8re rwandais du Commerce, a \u00e9t\u00e9 condamn\u00e9 le mois dernier \u00e0 19 ans d\u2019emprisonnement par la juridiction Gacaca du secteur Ruyenzi, district de Kamonyi, apr\u00e9s que plusieurs tribunaux l'aient jug\u00e9 innocent des faits que lui \u00e9taient [&hellip;]<\/p>\n","protected":false},"author":64,"featured_media":0,"comment_status":"open","ping_status":"closed","sticky":false,"template":"","format":"standard","meta":{"_acf_changed":false,"footnotes":""},"categories":[554],"tags":[],"ji_location":[],"class_list":["post-4085","post","type-post","status-publish","format-standard","hentry","category-hirondellenews"],"acf":[],"yoast_head":"<!-- This site is optimized with the Yoast SEO Premium plugin v25.3.1 (Yoast SEO v25.3.1) - https:\/\/yoast.com\/wordpress\/plugins\/seo\/ -->\n<title>07.07.08 - RWANDA\/GACACA - UN HAUT FONCTIONNAIRE RWANDAIS CONDAMNE POUR SA PARTICIPATION AU GENOCIDE - JusticeInfo.net<\/title>\n<meta name=\"robots\" content=\"index, follow, max-snippet:-1, max-image-preview:large, max-video-preview:-1\" \/>\n<link rel=\"canonical\" href=\"https:\/\/www.justiceinfo.net\/fr\/4085-070708-rwandagacaca-un-haut-fonctionnaire-rwandais-condamne-pour-sa-participation-au-genocide875.html\" \/>\n<meta property=\"og:locale\" content=\"fr_FR\" \/>\n<meta property=\"og:type\" content=\"article\" \/>\n<meta property=\"og:title\" content=\"07.07.08 - RWANDA\/GACACA - UN HAUT FONCTIONNAIRE RWANDAIS CONDAMNE POUR SA PARTICIPATION AU GENOCIDE\" \/>\n<meta property=\"og:description\" content=\"Kamonyi (sud du Rwanda), 7 juillet 2008 (FH) - M. F\u00e9licien Murenzi, 41 ans, directeur de la planification au minist\u00e8re rwandais du Commerce, a \u00e9t\u00e9 condamn\u00e9 le mois dernier \u00e0 19 ans d\u2019emprisonnement par la juridiction Gacaca du secteur Ruyenzi, district de Kamonyi, apr\u00e9s que plusieurs tribunaux l&#039;aient jug\u00e9 innocent des faits que lui \u00e9taient [&hellip;]\" \/>\n<meta property=\"og:url\" content=\"https:\/\/www.justiceinfo.net\/fr\/4085-070708-rwandagacaca-un-haut-fonctionnaire-rwandais-condamne-pour-sa-participation-au-genocide875.html\" \/>\n<meta property=\"og:site_name\" content=\"JusticeInfo.net\" \/>\n<meta property=\"article:publisher\" content=\"https:\/\/www.facebook.com\/JusticeInfo\/\" \/>\n<meta property=\"article:published_time\" content=\"2008-07-09T05:06:33+00:00\" \/>\n<meta property=\"og:image\" content=\"https:\/\/www.justiceinfo.net\/wp-content\/uploads\/JusticeInfoNet_logo_1200x630px.jpg\" \/>\n\t<meta property=\"og:image:width\" content=\"1200\" \/>\n\t<meta property=\"og:image:height\" content=\"630\" \/>\n\t<meta property=\"og:image:type\" content=\"image\/jpeg\" \/>\n<meta name=\"author\" content=\"solivri\" \/>\n<meta name=\"twitter:card\" content=\"summary_large_image\" \/>\n<meta name=\"twitter:creator\" content=\"@justiceinfonet\" \/>\n<meta name=\"twitter:site\" content=\"@justiceinfonet\" \/>\n<meta name=\"twitter:label1\" content=\"\u00c9crit par\" \/>\n\t<meta name=\"twitter:data1\" content=\"solivri\" \/>\n\t<meta name=\"twitter:label2\" content=\"Dur\u00e9e de lecture estim\u00e9e\" \/>\n\t<meta name=\"twitter:data2\" content=\"3 minutes\" \/>\n<script type=\"application\/ld+json\" class=\"yoast-schema-graph\">{\"@context\":\"https:\/\/schema.org\",\"@graph\":[{\"@type\":\"NewsArticle\",\"@id\":\"https:\/\/www.justiceinfo.net\/fr\/4085-070708-rwandagacaca-un-haut-fonctionnaire-rwandais-condamne-pour-sa-participation-au-genocide875.html#article\",\"isPartOf\":{\"@id\":\"https:\/\/www.justiceinfo.net\/fr\/4085-070708-rwandagacaca-un-haut-fonctionnaire-rwandais-condamne-pour-sa-participation-au-genocide875.html\"},\"author\":{\"name\":\"solivri\",\"@id\":\"https:\/\/www.justiceinfo.net\/fr#\/schema\/person\/6e53cba1629e2e66f3fc1821d3091865\"},\"headline\":\"07.07.08 - RWANDA\/GACACA - UN HAUT FONCTIONNAIRE RWANDAIS CONDAMNE POUR SA PARTICIPATION AU GENOCIDE\",\"datePublished\":\"2008-07-09T05:06:33+00:00\",\"mainEntityOfPage\":{\"@id\":\"https:\/\/www.justiceinfo.net\/fr\/4085-070708-rwandagacaca-un-haut-fonctionnaire-rwandais-condamne-pour-sa-participation-au-genocide875.html\"},\"wordCount\":527,\"commentCount\":0,\"publisher\":{\"@id\":\"https:\/\/www.justiceinfo.net\/fr#organization\"},\"articleSection\":[\"Hirondelle News\"],\"inLanguage\":\"fr-FR\",\"potentialAction\":[{\"@type\":\"CommentAction\",\"name\":\"Comment\",\"target\":[\"https:\/\/www.justiceinfo.net\/fr\/4085-070708-rwandagacaca-un-haut-fonctionnaire-rwandais-condamne-pour-sa-participation-au-genocide875.html#respond\"]}]},{\"@type\":\"WebPage\",\"@id\":\"https:\/\/www.justiceinfo.net\/fr\/4085-070708-rwandagacaca-un-haut-fonctionnaire-rwandais-condamne-pour-sa-participation-au-genocide875.html\",\"url\":\"https:\/\/www.justiceinfo.net\/fr\/4085-070708-rwandagacaca-un-haut-fonctionnaire-rwandais-condamne-pour-sa-participation-au-genocide875.html\",\"name\":\"07.07.08 - RWANDA\/GACACA - UN HAUT FONCTIONNAIRE RWANDAIS CONDAMNE POUR SA PARTICIPATION AU GENOCIDE - JusticeInfo.net\",\"isPartOf\":{\"@id\":\"https:\/\/www.justiceinfo.net\/fr#website\"},\"datePublished\":\"2008-07-09T05:06:33+00:00\",\"breadcrumb\":{\"@id\":\"https:\/\/www.justiceinfo.net\/fr\/4085-070708-rwandagacaca-un-haut-fonctionnaire-rwandais-condamne-pour-sa-participation-au-genocide875.html#breadcrumb\"},\"inLanguage\":\"fr-FR\",\"potentialAction\":[{\"@type\":\"ReadAction\",\"target\":[\"https:\/\/www.justiceinfo.net\/fr\/4085-070708-rwandagacaca-un-haut-fonctionnaire-rwandais-condamne-pour-sa-participation-au-genocide875.html\"]}]},{\"@type\":\"BreadcrumbList\",\"@id\":\"https:\/\/www.justiceinfo.net\/fr\/4085-070708-rwandagacaca-un-haut-fonctionnaire-rwandais-condamne-pour-sa-participation-au-genocide875.html#breadcrumb\",\"itemListElement\":[{\"@type\":\"ListItem\",\"position\":1,\"name\":\"Home\",\"item\":\"https:\/\/www.justiceinfo.net\/fr\"},{\"@type\":\"ListItem\",\"position\":2,\"name\":\"07.07.08 - RWANDA\/GACACA - UN HAUT FONCTIONNAIRE RWANDAIS CONDAMNE POUR SA PARTICIPATION AU GENOCIDE\"}]},{\"@type\":\"WebSite\",\"@id\":\"https:\/\/www.justiceinfo.net\/fr#website\",\"url\":\"https:\/\/www.justiceinfo.net\/fr\",\"name\":\"JusticeInfo.net\",\"description\":\"La justice doit \u00eatre vue pour \u00eatre rendue\",\"publisher\":{\"@id\":\"https:\/\/www.justiceinfo.net\/fr#organization\"},\"potentialAction\":[{\"@type\":\"SearchAction\",\"target\":{\"@type\":\"EntryPoint\",\"urlTemplate\":\"https:\/\/www.justiceinfo.net\/fr?s={search_term_string}\"},\"query-input\":{\"@type\":\"PropertyValueSpecification\",\"valueRequired\":true,\"valueName\":\"search_term_string\"}}],\"inLanguage\":\"fr-FR\"},{\"@type\":\"Organization\",\"@id\":\"https:\/\/www.justiceinfo.net\/fr#organization\",\"name\":\"Justice Info\",\"url\":\"https:\/\/www.justiceinfo.net\/fr\",\"logo\":{\"@type\":\"ImageObject\",\"inLanguage\":\"fr-FR\",\"@id\":\"https:\/\/www.justiceinfo.net\/fr#\/schema\/logo\/image\/\",\"url\":\"https:\/\/www.justiceinfo.net\/wp-content\/uploads\/justiceinfo_logo-trans_1200x1200px.png\",\"contentUrl\":\"https:\/\/www.justiceinfo.net\/wp-content\/uploads\/justiceinfo_logo-trans_1200x1200px.png\",\"width\":1199,\"height\":1200,\"caption\":\"Justice Info\"},\"image\":{\"@id\":\"https:\/\/www.justiceinfo.net\/fr#\/schema\/logo\/image\/\"},\"sameAs\":[\"https:\/\/www.facebook.com\/JusticeInfo\/\",\"https:\/\/x.com\/justiceinfonet\",\"https:\/\/www.linkedin.com\/company\/justice-info\",\"https:\/\/www.youtube.com\/channel\/UCyCEsARodyuWtkWyhn-e7pA\"]},{\"@type\":\"Person\",\"name\":\"solivri\",\"url\":\"\/fr\/?s=solivri\"}]}<\/script>\n<!-- \/ Yoast SEO Premium plugin. -->","yoast_head_json":{"title":"07.07.08 - RWANDA\/GACACA - UN HAUT FONCTIONNAIRE RWANDAIS CONDAMNE POUR SA PARTICIPATION AU GENOCIDE - JusticeInfo.net","robots":{"index":"index","follow":"follow","max-snippet":"max-snippet:-1","max-image-preview":"max-image-preview:large","max-video-preview":"max-video-preview:-1"},"canonical":"https:\/\/www.justiceinfo.net\/fr\/4085-070708-rwandagacaca-un-haut-fonctionnaire-rwandais-condamne-pour-sa-participation-au-genocide875.html","og_locale":"fr_FR","og_type":"article","og_title":"07.07.08 - RWANDA\/GACACA - UN HAUT FONCTIONNAIRE RWANDAIS CONDAMNE POUR SA PARTICIPATION AU GENOCIDE","og_description":"Kamonyi (sud du Rwanda), 7 juillet 2008 (FH) - M. F\u00e9licien Murenzi, 41 ans, directeur de la planification au minist\u00e8re rwandais du Commerce, a \u00e9t\u00e9 condamn\u00e9 le mois dernier \u00e0 19 ans d\u2019emprisonnement par la juridiction Gacaca du secteur Ruyenzi, district de Kamonyi, apr\u00e9s que plusieurs tribunaux l'aient jug\u00e9 innocent des faits que lui \u00e9taient [&hellip;]","og_url":"https:\/\/www.justiceinfo.net\/fr\/4085-070708-rwandagacaca-un-haut-fonctionnaire-rwandais-condamne-pour-sa-participation-au-genocide875.html","og_site_name":"JusticeInfo.net","article_publisher":"https:\/\/www.facebook.com\/JusticeInfo\/","article_published_time":"2008-07-09T05:06:33+00:00","og_image":[{"width":1200,"height":630,"url":"https:\/\/www.justiceinfo.net\/wp-content\/uploads\/JusticeInfoNet_logo_1200x630px.jpg","type":"image\/jpeg"}],"author":"solivri","twitter_card":"summary_large_image","twitter_creator":"@justiceinfonet","twitter_site":"@justiceinfonet","twitter_misc":{"\u00c9crit par":"solivri","Dur\u00e9e de lecture estim\u00e9e":"3 minutes"},"schema":{"@context":"https:\/\/schema.org","@graph":[{"@type":"NewsArticle","@id":"https:\/\/www.justiceinfo.net\/fr\/4085-070708-rwandagacaca-un-haut-fonctionnaire-rwandais-condamne-pour-sa-participation-au-genocide875.html#article","isPartOf":{"@id":"https:\/\/www.justiceinfo.net\/fr\/4085-070708-rwandagacaca-un-haut-fonctionnaire-rwandais-condamne-pour-sa-participation-au-genocide875.html"},"author":{"name":"solivri","@id":"https:\/\/www.justiceinfo.net\/fr#\/schema\/person\/6e53cba1629e2e66f3fc1821d3091865"},"headline":"07.07.08 - RWANDA\/GACACA - UN HAUT FONCTIONNAIRE RWANDAIS CONDAMNE POUR SA PARTICIPATION AU GENOCIDE","datePublished":"2008-07-09T05:06:33+00:00","mainEntityOfPage":{"@id":"https:\/\/www.justiceinfo.net\/fr\/4085-070708-rwandagacaca-un-haut-fonctionnaire-rwandais-condamne-pour-sa-participation-au-genocide875.html"},"wordCount":527,"commentCount":0,"publisher":{"@id":"https:\/\/www.justiceinfo.net\/fr#organization"},"articleSection":["Hirondelle News"],"inLanguage":"fr-FR","potentialAction":[{"@type":"CommentAction","name":"Comment","target":["https:\/\/www.justiceinfo.net\/fr\/4085-070708-rwandagacaca-un-haut-fonctionnaire-rwandais-condamne-pour-sa-participation-au-genocide875.html#respond"]}]},{"@type":"WebPage","@id":"https:\/\/www.justiceinfo.net\/fr\/4085-070708-rwandagacaca-un-haut-fonctionnaire-rwandais-condamne-pour-sa-participation-au-genocide875.html","url":"https:\/\/www.justiceinfo.net\/fr\/4085-070708-rwandagacaca-un-haut-fonctionnaire-rwandais-condamne-pour-sa-participation-au-genocide875.html","name":"07.07.08 - RWANDA\/GACACA - UN HAUT FONCTIONNAIRE RWANDAIS CONDAMNE POUR SA PARTICIPATION AU GENOCIDE - JusticeInfo.net","isPartOf":{"@id":"https:\/\/www.justiceinfo.net\/fr#website"},"datePublished":"2008-07-09T05:06:33+00:00","breadcrumb":{"@id":"https:\/\/www.justiceinfo.net\/fr\/4085-070708-rwandagacaca-un-haut-fonctionnaire-rwandais-condamne-pour-sa-participation-au-genocide875.html#breadcrumb"},"inLanguage":"fr-FR","potentialAction":[{"@type":"ReadAction","target":["https:\/\/www.justiceinfo.net\/fr\/4085-070708-rwandagacaca-un-haut-fonctionnaire-rwandais-condamne-pour-sa-participation-au-genocide875.html"]}]},{"@type":"BreadcrumbList","@id":"https:\/\/www.justiceinfo.net\/fr\/4085-070708-rwandagacaca-un-haut-fonctionnaire-rwandais-condamne-pour-sa-participation-au-genocide875.html#breadcrumb","itemListElement":[{"@type":"ListItem","position":1,"name":"Home","item":"https:\/\/www.justiceinfo.net\/fr"},{"@type":"ListItem","position":2,"name":"07.07.08 - RWANDA\/GACACA - UN HAUT FONCTIONNAIRE RWANDAIS CONDAMNE POUR SA PARTICIPATION AU GENOCIDE"}]},{"@type":"WebSite","@id":"https:\/\/www.justiceinfo.net\/fr#website","url":"https:\/\/www.justiceinfo.net\/fr","name":"JusticeInfo.net","description":"La justice doit \u00eatre vue pour \u00eatre rendue","publisher":{"@id":"https:\/\/www.justiceinfo.net\/fr#organization"},"potentialAction":[{"@type":"SearchAction","target":{"@type":"EntryPoint","urlTemplate":"https:\/\/www.justiceinfo.net\/fr?s={search_term_string}"},"query-input":{"@type":"PropertyValueSpecification","valueRequired":true,"valueName":"search_term_string"}}],"inLanguage":"fr-FR"},{"@type":"Organization","@id":"https:\/\/www.justiceinfo.net\/fr#organization","name":"Justice Info","url":"https:\/\/www.justiceinfo.net\/fr","logo":{"@type":"ImageObject","inLanguage":"fr-FR","@id":"https:\/\/www.justiceinfo.net\/fr#\/schema\/logo\/image\/","url":"https:\/\/www.justiceinfo.net\/wp-content\/uploads\/justiceinfo_logo-trans_1200x1200px.png","contentUrl":"https:\/\/www.justiceinfo.net\/wp-content\/uploads\/justiceinfo_logo-trans_1200x1200px.png","width":1199,"height":1200,"caption":"Justice Info"},"image":{"@id":"https:\/\/www.justiceinfo.net\/fr#\/schema\/logo\/image\/"},"sameAs":["https:\/\/www.facebook.com\/JusticeInfo\/","https:\/\/x.com\/justiceinfonet","https:\/\/www.linkedin.com\/company\/justice-info","https:\/\/www.youtube.com\/channel\/UCyCEsARodyuWtkWyhn-e7pA"]},{"@type":"Person","name":"solivri","url":"\/fr\/?s=solivri"}]}},"_links":{"self":[{"href":"https:\/\/www.justiceinfo.net\/fr\/wp-json\/wp\/v2\/posts\/4085","targetHints":{"allow":["GET"]}}],"collection":[{"href":"https:\/\/www.justiceinfo.net\/fr\/wp-json\/wp\/v2\/posts"}],"about":[{"href":"https:\/\/www.justiceinfo.net\/fr\/wp-json\/wp\/v2\/types\/post"}],"author":[{"embeddable":true,"href":"https:\/\/www.justiceinfo.net\/fr\/wp-json\/wp\/v2\/users\/64"}],"replies":[{"embeddable":true,"href":"https:\/\/www.justiceinfo.net\/fr\/wp-json\/wp\/v2\/comments?post=4085"}],"version-history":[{"count":0,"href":"https:\/\/www.justiceinfo.net\/fr\/wp-json\/wp\/v2\/posts\/4085\/revisions"}],"wp:attachment":[{"href":"https:\/\/www.justiceinfo.net\/fr\/wp-json\/wp\/v2\/media?parent=4085"}],"wp:term":[{"taxonomy":"category","embeddable":true,"href":"https:\/\/www.justiceinfo.net\/fr\/wp-json\/wp\/v2\/categories?post=4085"},{"taxonomy":"post_tag","embeddable":true,"href":"https:\/\/www.justiceinfo.net\/fr\/wp-json\/wp\/v2\/tags?post=4085"},{"taxonomy":"ji_location","embeddable":true,"href":"https:\/\/www.justiceinfo.net\/fr\/wp-json\/wp\/v2\/ji_location?post=4085"}],"curies":[{"name":"wp","href":"https:\/\/api.w.org\/{rel}","templated":true}]}}