{"id":4096,"date":"2008-07-11T05:42:02","date_gmt":"2008-07-11T03:42:02","guid":{"rendered":"https:\/\/www.justiceinfo.net\/4096-090708-tpirnsengimana-labbe-nsengimana-defendu-par-une-des-ses-anciennes-eleves886.html"},"modified":"2008-07-11T05:42:02","modified_gmt":"2008-07-11T03:42:02","slug":"090708-tpirnsengimana-labbe-nsengimana-defendu-par-une-des-ses-anciennes-eleves886","status":"publish","type":"post","link":"https:\/\/www.justiceinfo.net\/fr\/4096-090708-tpirnsengimana-labbe-nsengimana-defendu-par-une-des-ses-anciennes-eleves886.html","title":{"rendered":"09.07.08 - TPIR\/NSENGIMANA - L\u2019ABBE NSENGIMANA DEFENDU PAR UNE DES SES ANCIENNES ELEVES"},"content":{"rendered":"<p  >\nArusha, 9 juillet 2008 (FH) \u2013 Une ancienne \u00e9l\u00e8ve de l\u2019abb\u00e9 Hormisdas Nsengimana qui d\u00e9posait en vid\u00e9oconf\u00e9rence depuis le Canada a d\u00e9clar\u00e9 mardi apr\u00e8s-midi devant le Tribunal p\u00e9nal international pour  le Rwanda (TPIR) que l\u2019homme d\u2019\u00e9glise n\u2019avait jamais jou\u00e9 aucun r\u00f4le dans le g\u00e9nocide de 1994 dans la r\u00e9gion de Nyanza (sud).  <\/p>\n<p>En 1994, l\u2019abb\u00e9 Nsengimana qui plaide non coupable, \u00e9tait directeur du coll\u00e8ge Christ - Roi de Nyanza, dans la pr\u00e9fecture de Butare.\n<\/p>\n<p><!--more--><\/p>\n<p  >\n\u00ab Je n\u2019ai jamais entendu dire que l\u2019abb\u00e9 Nsengima ait \u00e9t\u00e9 impliqu\u00e9 dans les tueries qui ont eu lieu \u00e0 la paroisse de Nyanza\u00bb, a affirm\u00e9 l\u2019ancienne \u00e9l\u00e8ve d\u00e9sign\u00e9e par le nom de code RFCD6. <\/p>\n<p>Elle a ajout\u00e9 que, dans ses sermons du dimanche, le pr\u00eatre catholique exhortait les jeunes \u00e0 travailler dur et \u00e0 s\u2019aimer les uns les autres sans aucune forme de discrimination. <\/p>\n<p>Son t\u00e9moignage, qui se d\u00e9roulait depuis Ottawa, a interrompu celui de l\u2019accus\u00e9 qui avait commenc\u00e9 dans la matin\u00e9e \u00e0 d\u00e9poser pour sa propre d\u00e9fense. <\/p>\n<p>L\u2019abb\u00e9 Nsengimana est revenu mercredi dans le box des t\u00e9moins, niant cat\u00e9goriquement avoir jou\u00e9 un r\u00f4le quelconque dans l\u2019assassinat de son ancien coll\u00e8gue de classe, l\u2019abb\u00e9 Justin Furaha et celui de l\u2019intendant de la paroisse de Nyanza, l\u2019abb\u00e9 Mathieu Ngirumpatse. Ces deux derniers \u00e9tait Tutsis. <\/p>\n<p>Nsengimana a \u00e9t\u00e9 ordonn\u00e9 pr\u00eatre catholique le 27 juillet 1980 au terme de ses \u00e9tudes au Grand s\u00e9minaire de Nyakibanda. <\/p>\n<p>Trois ans plus tard, il est all\u00e9 faire \u00e0 Rome des \u00e9tudes de \u00ab lettres classiques et chr\u00e9tiennes \u00bb qu\u2019il a termin\u00e9es en 1989. <\/p>\n<p>A son retour dans son dioc\u00e8se, il a \u00e9t\u00e9 nomm\u00e9 directeur du Coll\u00e8ge Christ- Roi de Nyanz, un poste qu\u2019il occupait encore pendant le g\u00e9nocide. <\/p>\n<p>Fuyant l\u2019avanc\u00e9e de rebelles du Front patriotique rwandais (FPR), il s\u2019est d\u2019abord r\u00e9fugi\u00e9 \u00e0 Bukavu, dans l\u2019ex-Za\u00efre \u2013 l\u2019actuelle R\u00e9publique d\u00e9mocratique du Congo (RDC), puis \u00e0 Kinshasa avant d\u2019\u00e9chouer au Cameroun o\u00f9 il a \u00e9t\u00e9 arr\u00eat\u00e9 en mars 2002. <\/p>\n<p>Son proc\u00e8s a d\u00e9but\u00e9  juin 2007. <\/p>\n<p>NI\/ER\/GF<\/p>\n","protected":false},"excerpt":{"rendered":"<p>Arusha, 9 juillet 2008 (FH) \u2013 Une ancienne \u00e9l\u00e8ve de l\u2019abb\u00e9 Hormisdas Nsengimana qui d\u00e9posait en vid\u00e9oconf\u00e9rence depuis le Canada a d\u00e9clar\u00e9 mardi apr\u00e8s-midi devant le Tribunal p\u00e9nal international pour le Rwanda (TPIR) que l\u2019homme d\u2019\u00e9glise n\u2019avait jamais jou\u00e9 aucun r\u00f4le dans le g\u00e9nocide de 1994 dans la r\u00e9gion de Nyanza (sud). En 1994, l\u2019abb\u00e9 [&hellip;]<\/p>\n","protected":false},"author":64,"featured_media":0,"comment_status":"open","ping_status":"closed","sticky":false,"template":"","format":"standard","meta":{"_acf_changed":false,"footnotes":""},"categories":[554],"tags":[],"ji_location":[],"class_list":["post-4096","post","type-post","status-publish","format-standard","hentry","category-hirondellenews"],"acf":[],"yoast_head":"<!-- This site is optimized with the Yoast SEO Premium plugin v25.3.1 (Yoast SEO v25.3.1) - https:\/\/yoast.com\/wordpress\/plugins\/seo\/ -->\n<title>09.07.08 - TPIR\/NSENGIMANA - L\u2019ABBE NSENGIMANA DEFENDU PAR UNE DES SES ANCIENNES ELEVES - JusticeInfo.net<\/title>\n<meta name=\"robots\" content=\"index, follow, max-snippet:-1, max-image-preview:large, max-video-preview:-1\" \/>\n<link rel=\"canonical\" href=\"https:\/\/www.justiceinfo.net\/fr\/4096-090708-tpirnsengimana-labbe-nsengimana-defendu-par-une-des-ses-anciennes-eleves886.html\" \/>\n<meta property=\"og:locale\" content=\"fr_FR\" \/>\n<meta property=\"og:type\" content=\"article\" \/>\n<meta property=\"og:title\" content=\"09.07.08 - TPIR\/NSENGIMANA - L\u2019ABBE NSENGIMANA DEFENDU PAR UNE DES SES ANCIENNES ELEVES\" \/>\n<meta property=\"og:description\" content=\"Arusha, 9 juillet 2008 (FH) \u2013 Une ancienne \u00e9l\u00e8ve de l\u2019abb\u00e9 Hormisdas Nsengimana qui d\u00e9posait en vid\u00e9oconf\u00e9rence depuis le Canada a d\u00e9clar\u00e9 mardi apr\u00e8s-midi devant le Tribunal p\u00e9nal international pour le Rwanda (TPIR) que l\u2019homme d\u2019\u00e9glise n\u2019avait jamais jou\u00e9 aucun r\u00f4le dans le g\u00e9nocide de 1994 dans la r\u00e9gion de Nyanza (sud). En 1994, l\u2019abb\u00e9 [&hellip;]\" \/>\n<meta property=\"og:url\" content=\"https:\/\/www.justiceinfo.net\/fr\/4096-090708-tpirnsengimana-labbe-nsengimana-defendu-par-une-des-ses-anciennes-eleves886.html\" \/>\n<meta property=\"og:site_name\" content=\"JusticeInfo.net\" \/>\n<meta property=\"article:publisher\" content=\"https:\/\/www.facebook.com\/JusticeInfo\/\" \/>\n<meta property=\"article:published_time\" content=\"2008-07-11T03:42:02+00:00\" \/>\n<meta property=\"og:image\" content=\"https:\/\/www.justiceinfo.net\/wp-content\/uploads\/JusticeInfoNet_logo_1200x630px.jpg\" \/>\n\t<meta property=\"og:image:width\" content=\"1200\" \/>\n\t<meta property=\"og:image:height\" content=\"630\" \/>\n\t<meta property=\"og:image:type\" content=\"image\/jpeg\" \/>\n<meta name=\"author\" content=\"solivri\" \/>\n<meta name=\"twitter:card\" content=\"summary_large_image\" \/>\n<meta name=\"twitter:creator\" content=\"@justiceinfonet\" \/>\n<meta name=\"twitter:site\" content=\"@justiceinfonet\" \/>\n<meta name=\"twitter:label1\" content=\"\u00c9crit par\" \/>\n\t<meta name=\"twitter:data1\" content=\"solivri\" \/>\n\t<meta name=\"twitter:label2\" content=\"Dur\u00e9e de lecture estim\u00e9e\" \/>\n\t<meta name=\"twitter:data2\" content=\"2 minutes\" \/>\n<script type=\"application\/ld+json\" class=\"yoast-schema-graph\">{\"@context\":\"https:\/\/schema.org\",\"@graph\":[{\"@type\":\"NewsArticle\",\"@id\":\"https:\/\/www.justiceinfo.net\/fr\/4096-090708-tpirnsengimana-labbe-nsengimana-defendu-par-une-des-ses-anciennes-eleves886.html#article\",\"isPartOf\":{\"@id\":\"https:\/\/www.justiceinfo.net\/fr\/4096-090708-tpirnsengimana-labbe-nsengimana-defendu-par-une-des-ses-anciennes-eleves886.html\"},\"author\":{\"name\":\"solivri\",\"@id\":\"https:\/\/www.justiceinfo.net\/fr#\/schema\/person\/6e53cba1629e2e66f3fc1821d3091865\"},\"headline\":\"09.07.08 - TPIR\/NSENGIMANA - L\u2019ABBE NSENGIMANA DEFENDU PAR UNE DES SES ANCIENNES ELEVES\",\"datePublished\":\"2008-07-11T03:42:02+00:00\",\"mainEntityOfPage\":{\"@id\":\"https:\/\/www.justiceinfo.net\/fr\/4096-090708-tpirnsengimana-labbe-nsengimana-defendu-par-une-des-ses-anciennes-eleves886.html\"},\"wordCount\":381,\"commentCount\":0,\"publisher\":{\"@id\":\"https:\/\/www.justiceinfo.net\/fr#organization\"},\"articleSection\":[\"Hirondelle News\"],\"inLanguage\":\"fr-FR\",\"potentialAction\":[{\"@type\":\"CommentAction\",\"name\":\"Comment\",\"target\":[\"https:\/\/www.justiceinfo.net\/fr\/4096-090708-tpirnsengimana-labbe-nsengimana-defendu-par-une-des-ses-anciennes-eleves886.html#respond\"]}]},{\"@type\":\"WebPage\",\"@id\":\"https:\/\/www.justiceinfo.net\/fr\/4096-090708-tpirnsengimana-labbe-nsengimana-defendu-par-une-des-ses-anciennes-eleves886.html\",\"url\":\"https:\/\/www.justiceinfo.net\/fr\/4096-090708-tpirnsengimana-labbe-nsengimana-defendu-par-une-des-ses-anciennes-eleves886.html\",\"name\":\"09.07.08 - TPIR\/NSENGIMANA - L\u2019ABBE NSENGIMANA DEFENDU PAR UNE DES SES ANCIENNES ELEVES - JusticeInfo.net\",\"isPartOf\":{\"@id\":\"https:\/\/www.justiceinfo.net\/fr#website\"},\"datePublished\":\"2008-07-11T03:42:02+00:00\",\"breadcrumb\":{\"@id\":\"https:\/\/www.justiceinfo.net\/fr\/4096-090708-tpirnsengimana-labbe-nsengimana-defendu-par-une-des-ses-anciennes-eleves886.html#breadcrumb\"},\"inLanguage\":\"fr-FR\",\"potentialAction\":[{\"@type\":\"ReadAction\",\"target\":[\"https:\/\/www.justiceinfo.net\/fr\/4096-090708-tpirnsengimana-labbe-nsengimana-defendu-par-une-des-ses-anciennes-eleves886.html\"]}]},{\"@type\":\"BreadcrumbList\",\"@id\":\"https:\/\/www.justiceinfo.net\/fr\/4096-090708-tpirnsengimana-labbe-nsengimana-defendu-par-une-des-ses-anciennes-eleves886.html#breadcrumb\",\"itemListElement\":[{\"@type\":\"ListItem\",\"position\":1,\"name\":\"Home\",\"item\":\"https:\/\/www.justiceinfo.net\/fr\"},{\"@type\":\"ListItem\",\"position\":2,\"name\":\"09.07.08 - TPIR\/NSENGIMANA - L\u2019ABBE NSENGIMANA DEFENDU PAR UNE DES SES ANCIENNES ELEVES\"}]},{\"@type\":\"WebSite\",\"@id\":\"https:\/\/www.justiceinfo.net\/fr#website\",\"url\":\"https:\/\/www.justiceinfo.net\/fr\",\"name\":\"JusticeInfo.net\",\"description\":\"La justice doit \u00eatre vue pour \u00eatre rendue\",\"publisher\":{\"@id\":\"https:\/\/www.justiceinfo.net\/fr#organization\"},\"potentialAction\":[{\"@type\":\"SearchAction\",\"target\":{\"@type\":\"EntryPoint\",\"urlTemplate\":\"https:\/\/www.justiceinfo.net\/fr?s={search_term_string}\"},\"query-input\":{\"@type\":\"PropertyValueSpecification\",\"valueRequired\":true,\"valueName\":\"search_term_string\"}}],\"inLanguage\":\"fr-FR\"},{\"@type\":\"Organization\",\"@id\":\"https:\/\/www.justiceinfo.net\/fr#organization\",\"name\":\"Justice Info\",\"url\":\"https:\/\/www.justiceinfo.net\/fr\",\"logo\":{\"@type\":\"ImageObject\",\"inLanguage\":\"fr-FR\",\"@id\":\"https:\/\/www.justiceinfo.net\/fr#\/schema\/logo\/image\/\",\"url\":\"https:\/\/www.justiceinfo.net\/wp-content\/uploads\/justiceinfo_logo-trans_1200x1200px.png\",\"contentUrl\":\"https:\/\/www.justiceinfo.net\/wp-content\/uploads\/justiceinfo_logo-trans_1200x1200px.png\",\"width\":1199,\"height\":1200,\"caption\":\"Justice Info\"},\"image\":{\"@id\":\"https:\/\/www.justiceinfo.net\/fr#\/schema\/logo\/image\/\"},\"sameAs\":[\"https:\/\/www.facebook.com\/JusticeInfo\/\",\"https:\/\/x.com\/justiceinfonet\",\"https:\/\/www.linkedin.com\/company\/justice-info\",\"https:\/\/www.youtube.com\/channel\/UCyCEsARodyuWtkWyhn-e7pA\"]},{\"@type\":\"Person\",\"name\":\"solivri\",\"url\":\"\/fr\/?s=solivri\"}]}<\/script>\n<!-- \/ Yoast SEO Premium plugin. -->","yoast_head_json":{"title":"09.07.08 - TPIR\/NSENGIMANA - L\u2019ABBE NSENGIMANA DEFENDU PAR UNE DES SES ANCIENNES ELEVES - JusticeInfo.net","robots":{"index":"index","follow":"follow","max-snippet":"max-snippet:-1","max-image-preview":"max-image-preview:large","max-video-preview":"max-video-preview:-1"},"canonical":"https:\/\/www.justiceinfo.net\/fr\/4096-090708-tpirnsengimana-labbe-nsengimana-defendu-par-une-des-ses-anciennes-eleves886.html","og_locale":"fr_FR","og_type":"article","og_title":"09.07.08 - TPIR\/NSENGIMANA - L\u2019ABBE NSENGIMANA DEFENDU PAR UNE DES SES ANCIENNES ELEVES","og_description":"Arusha, 9 juillet 2008 (FH) \u2013 Une ancienne \u00e9l\u00e8ve de l\u2019abb\u00e9 Hormisdas Nsengimana qui d\u00e9posait en vid\u00e9oconf\u00e9rence depuis le Canada a d\u00e9clar\u00e9 mardi apr\u00e8s-midi devant le Tribunal p\u00e9nal international pour le Rwanda (TPIR) que l\u2019homme d\u2019\u00e9glise n\u2019avait jamais jou\u00e9 aucun r\u00f4le dans le g\u00e9nocide de 1994 dans la r\u00e9gion de Nyanza (sud). En 1994, l\u2019abb\u00e9 [&hellip;]","og_url":"https:\/\/www.justiceinfo.net\/fr\/4096-090708-tpirnsengimana-labbe-nsengimana-defendu-par-une-des-ses-anciennes-eleves886.html","og_site_name":"JusticeInfo.net","article_publisher":"https:\/\/www.facebook.com\/JusticeInfo\/","article_published_time":"2008-07-11T03:42:02+00:00","og_image":[{"width":1200,"height":630,"url":"https:\/\/www.justiceinfo.net\/wp-content\/uploads\/JusticeInfoNet_logo_1200x630px.jpg","type":"image\/jpeg"}],"author":"solivri","twitter_card":"summary_large_image","twitter_creator":"@justiceinfonet","twitter_site":"@justiceinfonet","twitter_misc":{"\u00c9crit par":"solivri","Dur\u00e9e de lecture estim\u00e9e":"2 minutes"},"schema":{"@context":"https:\/\/schema.org","@graph":[{"@type":"NewsArticle","@id":"https:\/\/www.justiceinfo.net\/fr\/4096-090708-tpirnsengimana-labbe-nsengimana-defendu-par-une-des-ses-anciennes-eleves886.html#article","isPartOf":{"@id":"https:\/\/www.justiceinfo.net\/fr\/4096-090708-tpirnsengimana-labbe-nsengimana-defendu-par-une-des-ses-anciennes-eleves886.html"},"author":{"name":"solivri","@id":"https:\/\/www.justiceinfo.net\/fr#\/schema\/person\/6e53cba1629e2e66f3fc1821d3091865"},"headline":"09.07.08 - TPIR\/NSENGIMANA - L\u2019ABBE NSENGIMANA DEFENDU PAR UNE DES SES ANCIENNES ELEVES","datePublished":"2008-07-11T03:42:02+00:00","mainEntityOfPage":{"@id":"https:\/\/www.justiceinfo.net\/fr\/4096-090708-tpirnsengimana-labbe-nsengimana-defendu-par-une-des-ses-anciennes-eleves886.html"},"wordCount":381,"commentCount":0,"publisher":{"@id":"https:\/\/www.justiceinfo.net\/fr#organization"},"articleSection":["Hirondelle News"],"inLanguage":"fr-FR","potentialAction":[{"@type":"CommentAction","name":"Comment","target":["https:\/\/www.justiceinfo.net\/fr\/4096-090708-tpirnsengimana-labbe-nsengimana-defendu-par-une-des-ses-anciennes-eleves886.html#respond"]}]},{"@type":"WebPage","@id":"https:\/\/www.justiceinfo.net\/fr\/4096-090708-tpirnsengimana-labbe-nsengimana-defendu-par-une-des-ses-anciennes-eleves886.html","url":"https:\/\/www.justiceinfo.net\/fr\/4096-090708-tpirnsengimana-labbe-nsengimana-defendu-par-une-des-ses-anciennes-eleves886.html","name":"09.07.08 - TPIR\/NSENGIMANA - L\u2019ABBE NSENGIMANA DEFENDU PAR UNE DES SES ANCIENNES ELEVES - JusticeInfo.net","isPartOf":{"@id":"https:\/\/www.justiceinfo.net\/fr#website"},"datePublished":"2008-07-11T03:42:02+00:00","breadcrumb":{"@id":"https:\/\/www.justiceinfo.net\/fr\/4096-090708-tpirnsengimana-labbe-nsengimana-defendu-par-une-des-ses-anciennes-eleves886.html#breadcrumb"},"inLanguage":"fr-FR","potentialAction":[{"@type":"ReadAction","target":["https:\/\/www.justiceinfo.net\/fr\/4096-090708-tpirnsengimana-labbe-nsengimana-defendu-par-une-des-ses-anciennes-eleves886.html"]}]},{"@type":"BreadcrumbList","@id":"https:\/\/www.justiceinfo.net\/fr\/4096-090708-tpirnsengimana-labbe-nsengimana-defendu-par-une-des-ses-anciennes-eleves886.html#breadcrumb","itemListElement":[{"@type":"ListItem","position":1,"name":"Home","item":"https:\/\/www.justiceinfo.net\/fr"},{"@type":"ListItem","position":2,"name":"09.07.08 - TPIR\/NSENGIMANA - L\u2019ABBE NSENGIMANA DEFENDU PAR UNE DES SES ANCIENNES ELEVES"}]},{"@type":"WebSite","@id":"https:\/\/www.justiceinfo.net\/fr#website","url":"https:\/\/www.justiceinfo.net\/fr","name":"JusticeInfo.net","description":"La justice doit \u00eatre vue pour \u00eatre rendue","publisher":{"@id":"https:\/\/www.justiceinfo.net\/fr#organization"},"potentialAction":[{"@type":"SearchAction","target":{"@type":"EntryPoint","urlTemplate":"https:\/\/www.justiceinfo.net\/fr?s={search_term_string}"},"query-input":{"@type":"PropertyValueSpecification","valueRequired":true,"valueName":"search_term_string"}}],"inLanguage":"fr-FR"},{"@type":"Organization","@id":"https:\/\/www.justiceinfo.net\/fr#organization","name":"Justice Info","url":"https:\/\/www.justiceinfo.net\/fr","logo":{"@type":"ImageObject","inLanguage":"fr-FR","@id":"https:\/\/www.justiceinfo.net\/fr#\/schema\/logo\/image\/","url":"https:\/\/www.justiceinfo.net\/wp-content\/uploads\/justiceinfo_logo-trans_1200x1200px.png","contentUrl":"https:\/\/www.justiceinfo.net\/wp-content\/uploads\/justiceinfo_logo-trans_1200x1200px.png","width":1199,"height":1200,"caption":"Justice Info"},"image":{"@id":"https:\/\/www.justiceinfo.net\/fr#\/schema\/logo\/image\/"},"sameAs":["https:\/\/www.facebook.com\/JusticeInfo\/","https:\/\/x.com\/justiceinfonet","https:\/\/www.linkedin.com\/company\/justice-info","https:\/\/www.youtube.com\/channel\/UCyCEsARodyuWtkWyhn-e7pA"]},{"@type":"Person","name":"solivri","url":"\/fr\/?s=solivri"}]}},"_links":{"self":[{"href":"https:\/\/www.justiceinfo.net\/fr\/wp-json\/wp\/v2\/posts\/4096","targetHints":{"allow":["GET"]}}],"collection":[{"href":"https:\/\/www.justiceinfo.net\/fr\/wp-json\/wp\/v2\/posts"}],"about":[{"href":"https:\/\/www.justiceinfo.net\/fr\/wp-json\/wp\/v2\/types\/post"}],"author":[{"embeddable":true,"href":"https:\/\/www.justiceinfo.net\/fr\/wp-json\/wp\/v2\/users\/64"}],"replies":[{"embeddable":true,"href":"https:\/\/www.justiceinfo.net\/fr\/wp-json\/wp\/v2\/comments?post=4096"}],"version-history":[{"count":0,"href":"https:\/\/www.justiceinfo.net\/fr\/wp-json\/wp\/v2\/posts\/4096\/revisions"}],"wp:attachment":[{"href":"https:\/\/www.justiceinfo.net\/fr\/wp-json\/wp\/v2\/media?parent=4096"}],"wp:term":[{"taxonomy":"category","embeddable":true,"href":"https:\/\/www.justiceinfo.net\/fr\/wp-json\/wp\/v2\/categories?post=4096"},{"taxonomy":"post_tag","embeddable":true,"href":"https:\/\/www.justiceinfo.net\/fr\/wp-json\/wp\/v2\/tags?post=4096"},{"taxonomy":"ji_location","embeddable":true,"href":"https:\/\/www.justiceinfo.net\/fr\/wp-json\/wp\/v2\/ji_location?post=4096"}],"curies":[{"name":"wp","href":"https:\/\/api.w.org\/{rel}","templated":true}]}}