{"id":4105,"date":"2008-07-17T10:06:19","date_gmt":"2008-07-17T08:06:19","guid":{"rendered":"https:\/\/www.justiceinfo.net\/4105-160708-tpirnsengimana-le-proces-de-labbe-nsengimana-sest-deplace-au-rwanda-reportage895.html"},"modified":"2008-07-17T10:06:19","modified_gmt":"2008-07-17T08:06:19","slug":"160708-tpirnsengimana-le-proces-de-labbe-nsengimana-sest-deplace-au-rwanda-reportage895","status":"publish","type":"post","link":"https:\/\/www.justiceinfo.net\/fr\/4105-160708-tpirnsengimana-le-proces-de-labbe-nsengimana-sest-deplace-au-rwanda-reportage895.html","title":{"rendered":"16.07.08 - TPIR\/NSENGIMANA .- LE PROCES DE L\u2019ABBE NSENGIMANA S\u2019EST DEPLACE AU RWANDA (REPORTAGE)"},"content":{"rendered":"<p  >\nKigali, 16 juillet 2008 (FH) \u2013 \u00ab Monsieur Wallace, Ma\u00eetre Altit, quel est l\u2019int\u00e9r\u00eat de cette \u00e9tape ? \u00bb  Cette question sera pos\u00e9e plus d\u2019une dizaine de fois par le juge Erik Mose lors du d\u00e9placement de la chambre, mardi \u00e0 Nyanza (sud du Rwanda), pour une visite des lieux des faits all\u00e9gu\u00e9s dans le proc\u00e8s de l\u2019abb\u00e9 Hormisdas Nsengimana, poursuivi pour g\u00e9nocide devant le Tribunal p\u00e9nal international pour le Rwanda (TPIR).  <\/p>\n<p>Ce transport sur les lieux a \u00e9t\u00e9 effectu\u00e9 \u00e0 la demande de la d\u00e9fense conduite par le Fran\u00e7ais Emmanuel Altit, et de la poursuite conduite par le Jama\u00efcain Brian Wallace.\n<\/p>\n<p><!--more--><\/p>\n<p  >\nLa visite s\u2019ouvre par une br\u00e8ve intrusion dans l\u2019\u00e9glise paroissiale de Nyanza o\u00f9 une femme entre deux \u00e2ges, son rosaire en mains, prie, agenouill\u00e9e. A l'arri\u00e8re de l\u2019\u00e9glise se trouve la tombe dans laquelle ont \u00e9t\u00e9 enterr\u00e9s, apr\u00e8s le g\u00e9nocide, les abb\u00e9s Jean Bosco Yirirwahandi, Mathieu Ngirumpatse, Innocent Nyangezi et Callixte  Uwitonze. Selon l\u2019acte d\u2019accusation, l\u2019abb\u00e9 Ngirumpatse  a \u00e9t\u00e9 tu\u00e9 en avril 1994 par Nsengimana en personne, tandis que les deux autres ont \u00e9t\u00e9 fusill\u00e9s en mai par des militaires envoy\u00e9s par l\u2019accus\u00e9. <\/p>\n<p>Le juge Mose et ses confr\u00e8res de la chambre, Serguei Egorov et Florence Ritta Arrey, ne sont pas venus d\u2019Arusha pour  entendre de nouveaux t\u00e9moignages sur les circonstances de ces meurtres, mais seulement voir de leurs propres yeux les lieux des faits all\u00e9gu\u00e9s en vue de mieux \u00e9valuer les d\u00e9positions des t\u00e9moins de l\u2019accusation et de la d\u00e9fense. <\/p>\n<p>Apr\u00e8s l\u2019\u00e9glise paroissiale, les juges, qui ont troqu\u00e9 leur robe contre une tenue plus ordinaire, sont conduits par Brian Wallace \u00e0 l\u2019endroit, o\u00f9 selon l\u2019accusation, l\u2019abb\u00e9 Nsengimana aurait livr\u00e9 \u00e0 une bande de tueurs le juge tutsi Jean Furaha, une des victimes du g\u00e9nocide dans la r\u00e9gion de Nyanza. \u00ab Ici se trouvait le barrage routier auquel l\u2019abb\u00e9 Nsengimana a livr\u00e9 le juge Jean \u00bb, explique Wallace. \u00ab Selon les t\u00e9moins de la d\u00e9fense, il n\u2019y avait pas de barrage ici \u00bb, r\u00e9plique Me Altit. <\/p>\n<p>Selon des t\u00e9moins \u00e0 charge, le juge Jean \u00e9tait venu demander \u00e0 Nsengimana, qui \u00e9tait alors directeur du Coll\u00e8ge Christ  Roi de Nyanza, de le cacher dans les locaux de l\u2019\u00e9cole. Mais, poursuit l\u2019accusation, le pr\u00eatre l\u2019a \u00e9conduit pour le livrer \u00e0 ses meurtriers. Pour les t\u00e9moins de la d\u00e9fense qui nient l\u2019existence de ce barrage, l\u2019accus\u00e9 a raccompagn\u00e9 cordialement le juge qui a \u00e9t\u00e9 tu\u00e9 un peu plus loin par un gendarme. <\/p>\n<p>A moins d\u2019un demi-kilom\u00e8tre de la concession de l\u2019\u00e9glise, les juges et les parties entrent au prestigieux coll\u00e8ge de Nyanza o\u00f9 le directeur Nsengimana enseignait le latin ainsi que la religion et disait la messe tous les jours. M\u00eame \u00e0 l\u2019int\u00e9rieur de l\u2019\u00e9cole, en face de l\u2019ancien bureau de Nsengimana, il est question de barrage routier. <\/p>\n<p>Selon l\u2019accusation, ce barrage avait pour but de barrer l\u2019acc\u00e8s du coll\u00e8ge aux Tutsis des environs qui tentaient d\u2019y chercher refuge. \u00ab Selon nos t\u00e9moins, il n\u2019 y a jamais eu de barrage routier \u00e0 ce niveau \u00bb, d\u00e9clare Me Altit alors que certains, parmi les acteurs pr\u00e9sents discutent, distraits, d\u2019autre chose. \u00ab Je m\u2019excuse de jouer le policier \u00bb, intervient le juge Mose, une fa\u00e7on de rappeler que m\u00eame un transport sur les lieux est r\u00e9gi par la police d\u2019audience. <\/p>\n<p>Apr\u00e8s le coll\u00e8ge, les \u00ab visiteurs judiciaires \u00bb d\u00e9jeunent dans les sept v\u00e9hicules des Nations Unies affect\u00e9s \u00e0 ce transport sur les lieux, dont la pr\u00e9paration a n\u00e9cessit\u00e9 trois jours de descente du service de s\u00e9curit\u00e9 du TPIR. <\/p>\n<p>L\u2019apr\u00e8s-midi de cette journ\u00e9e d\u00e9tendue sera consacr\u00e9e \u00e0 trois \u00e9tapes, la derni\u00e8re \u00e9tant l\u2019actuel quartier g\u00e9n\u00e9ral de la police locale o\u00f9 juges et parties prendront plaisir \u00e0 poser devant les cam\u00e9ras d\u2019une cha\u00eene de t\u00e9l\u00e9vision norv\u00e9gienne. <\/p>\n<p>La suite se jouera \u00e0 Arusha, si\u00e8ge du TPIR. Ce proc\u00e8s a d\u00e9but\u00e9 le 22 juin 2007, les d\u00e9bats sont presque termin\u00e9s, deux journ\u00e9es d'audience sont encore pr\u00e9vues les 15 et 16 septembre. Les plaidoiries auront lieu avant la fin de l'ann\u00e9e. Jugement en 2009.\n<\/p>\n<p  >\nER\/PB\/GF<\/p>\n","protected":false},"excerpt":{"rendered":"<p>Kigali, 16 juillet 2008 (FH) \u2013 \u00ab Monsieur Wallace, Ma\u00eetre Altit, quel est l\u2019int\u00e9r\u00eat de cette \u00e9tape ? \u00bb Cette question sera pos\u00e9e plus d\u2019une dizaine de fois par le juge Erik Mose lors du d\u00e9placement de la chambre, mardi \u00e0 Nyanza (sud du Rwanda), pour une visite des lieux des faits all\u00e9gu\u00e9s dans le [&hellip;]<\/p>\n","protected":false},"author":64,"featured_media":0,"comment_status":"open","ping_status":"closed","sticky":false,"template":"","format":"standard","meta":{"_acf_changed":false,"footnotes":""},"categories":[554],"tags":[],"ji_location":[],"class_list":["post-4105","post","type-post","status-publish","format-standard","hentry","category-hirondellenews"],"acf":[],"yoast_head":"<!-- This site is optimized with the Yoast SEO Premium plugin v25.3.1 (Yoast SEO v25.3.1) - https:\/\/yoast.com\/wordpress\/plugins\/seo\/ -->\n<title>16.07.08 - TPIR\/NSENGIMANA .- LE PROCES DE L\u2019ABBE NSENGIMANA S\u2019EST DEPLACE AU RWANDA (REPORTAGE) - JusticeInfo.net<\/title>\n<meta name=\"robots\" content=\"index, follow, max-snippet:-1, max-image-preview:large, max-video-preview:-1\" \/>\n<link rel=\"canonical\" href=\"https:\/\/www.justiceinfo.net\/fr\/4105-160708-tpirnsengimana-le-proces-de-labbe-nsengimana-sest-deplace-au-rwanda-reportage895.html\" \/>\n<meta property=\"og:locale\" content=\"fr_FR\" \/>\n<meta property=\"og:type\" content=\"article\" \/>\n<meta property=\"og:title\" content=\"16.07.08 - TPIR\/NSENGIMANA .- LE PROCES DE L\u2019ABBE NSENGIMANA S\u2019EST DEPLACE AU RWANDA (REPORTAGE)\" \/>\n<meta property=\"og:description\" content=\"Kigali, 16 juillet 2008 (FH) \u2013 \u00ab Monsieur Wallace, Ma\u00eetre Altit, quel est l\u2019int\u00e9r\u00eat de cette \u00e9tape ? \u00bb Cette question sera pos\u00e9e plus d\u2019une dizaine de fois par le juge Erik Mose lors du d\u00e9placement de la chambre, mardi \u00e0 Nyanza (sud du Rwanda), pour une visite des lieux des faits all\u00e9gu\u00e9s dans le [&hellip;]\" \/>\n<meta property=\"og:url\" content=\"https:\/\/www.justiceinfo.net\/fr\/4105-160708-tpirnsengimana-le-proces-de-labbe-nsengimana-sest-deplace-au-rwanda-reportage895.html\" \/>\n<meta property=\"og:site_name\" content=\"JusticeInfo.net\" \/>\n<meta property=\"article:publisher\" content=\"https:\/\/www.facebook.com\/JusticeInfo\/\" \/>\n<meta property=\"article:published_time\" content=\"2008-07-17T08:06:19+00:00\" \/>\n<meta property=\"og:image\" content=\"https:\/\/www.justiceinfo.net\/wp-content\/uploads\/JusticeInfoNet_logo_1200x630px.jpg\" \/>\n\t<meta property=\"og:image:width\" content=\"1200\" \/>\n\t<meta property=\"og:image:height\" content=\"630\" \/>\n\t<meta property=\"og:image:type\" content=\"image\/jpeg\" \/>\n<meta name=\"author\" content=\"solivri\" \/>\n<meta name=\"twitter:card\" content=\"summary_large_image\" \/>\n<meta name=\"twitter:creator\" content=\"@justiceinfonet\" \/>\n<meta name=\"twitter:site\" content=\"@justiceinfonet\" \/>\n<meta name=\"twitter:label1\" content=\"\u00c9crit par\" \/>\n\t<meta name=\"twitter:data1\" content=\"solivri\" \/>\n\t<meta name=\"twitter:label2\" content=\"Dur\u00e9e de lecture estim\u00e9e\" \/>\n\t<meta name=\"twitter:data2\" content=\"4 minutes\" \/>\n<script type=\"application\/ld+json\" class=\"yoast-schema-graph\">{\"@context\":\"https:\/\/schema.org\",\"@graph\":[{\"@type\":\"NewsArticle\",\"@id\":\"https:\/\/www.justiceinfo.net\/fr\/4105-160708-tpirnsengimana-le-proces-de-labbe-nsengimana-sest-deplace-au-rwanda-reportage895.html#article\",\"isPartOf\":{\"@id\":\"https:\/\/www.justiceinfo.net\/fr\/4105-160708-tpirnsengimana-le-proces-de-labbe-nsengimana-sest-deplace-au-rwanda-reportage895.html\"},\"author\":{\"name\":\"solivri\",\"@id\":\"https:\/\/www.justiceinfo.net\/fr#\/schema\/person\/6e53cba1629e2e66f3fc1821d3091865\"},\"headline\":\"16.07.08 - TPIR\/NSENGIMANA .- LE PROCES DE L\u2019ABBE NSENGIMANA S\u2019EST DEPLACE AU RWANDA (REPORTAGE)\",\"datePublished\":\"2008-07-17T08:06:19+00:00\",\"mainEntityOfPage\":{\"@id\":\"https:\/\/www.justiceinfo.net\/fr\/4105-160708-tpirnsengimana-le-proces-de-labbe-nsengimana-sest-deplace-au-rwanda-reportage895.html\"},\"wordCount\":761,\"commentCount\":0,\"publisher\":{\"@id\":\"https:\/\/www.justiceinfo.net\/fr#organization\"},\"articleSection\":[\"Hirondelle News\"],\"inLanguage\":\"fr-FR\",\"potentialAction\":[{\"@type\":\"CommentAction\",\"name\":\"Comment\",\"target\":[\"https:\/\/www.justiceinfo.net\/fr\/4105-160708-tpirnsengimana-le-proces-de-labbe-nsengimana-sest-deplace-au-rwanda-reportage895.html#respond\"]}]},{\"@type\":\"WebPage\",\"@id\":\"https:\/\/www.justiceinfo.net\/fr\/4105-160708-tpirnsengimana-le-proces-de-labbe-nsengimana-sest-deplace-au-rwanda-reportage895.html\",\"url\":\"https:\/\/www.justiceinfo.net\/fr\/4105-160708-tpirnsengimana-le-proces-de-labbe-nsengimana-sest-deplace-au-rwanda-reportage895.html\",\"name\":\"16.07.08 - TPIR\/NSENGIMANA .- LE PROCES DE L\u2019ABBE NSENGIMANA S\u2019EST DEPLACE AU RWANDA (REPORTAGE) - JusticeInfo.net\",\"isPartOf\":{\"@id\":\"https:\/\/www.justiceinfo.net\/fr#website\"},\"datePublished\":\"2008-07-17T08:06:19+00:00\",\"breadcrumb\":{\"@id\":\"https:\/\/www.justiceinfo.net\/fr\/4105-160708-tpirnsengimana-le-proces-de-labbe-nsengimana-sest-deplace-au-rwanda-reportage895.html#breadcrumb\"},\"inLanguage\":\"fr-FR\",\"potentialAction\":[{\"@type\":\"ReadAction\",\"target\":[\"https:\/\/www.justiceinfo.net\/fr\/4105-160708-tpirnsengimana-le-proces-de-labbe-nsengimana-sest-deplace-au-rwanda-reportage895.html\"]}]},{\"@type\":\"BreadcrumbList\",\"@id\":\"https:\/\/www.justiceinfo.net\/fr\/4105-160708-tpirnsengimana-le-proces-de-labbe-nsengimana-sest-deplace-au-rwanda-reportage895.html#breadcrumb\",\"itemListElement\":[{\"@type\":\"ListItem\",\"position\":1,\"name\":\"Home\",\"item\":\"https:\/\/www.justiceinfo.net\/fr\"},{\"@type\":\"ListItem\",\"position\":2,\"name\":\"16.07.08 - TPIR\/NSENGIMANA .- LE PROCES DE L\u2019ABBE NSENGIMANA S\u2019EST DEPLACE AU RWANDA (REPORTAGE)\"}]},{\"@type\":\"WebSite\",\"@id\":\"https:\/\/www.justiceinfo.net\/fr#website\",\"url\":\"https:\/\/www.justiceinfo.net\/fr\",\"name\":\"JusticeInfo.net\",\"description\":\"La justice doit \u00eatre vue pour \u00eatre rendue\",\"publisher\":{\"@id\":\"https:\/\/www.justiceinfo.net\/fr#organization\"},\"potentialAction\":[{\"@type\":\"SearchAction\",\"target\":{\"@type\":\"EntryPoint\",\"urlTemplate\":\"https:\/\/www.justiceinfo.net\/fr?s={search_term_string}\"},\"query-input\":{\"@type\":\"PropertyValueSpecification\",\"valueRequired\":true,\"valueName\":\"search_term_string\"}}],\"inLanguage\":\"fr-FR\"},{\"@type\":\"Organization\",\"@id\":\"https:\/\/www.justiceinfo.net\/fr#organization\",\"name\":\"Justice Info\",\"url\":\"https:\/\/www.justiceinfo.net\/fr\",\"logo\":{\"@type\":\"ImageObject\",\"inLanguage\":\"fr-FR\",\"@id\":\"https:\/\/www.justiceinfo.net\/fr#\/schema\/logo\/image\/\",\"url\":\"https:\/\/www.justiceinfo.net\/wp-content\/uploads\/justiceinfo_logo-trans_1200x1200px.png\",\"contentUrl\":\"https:\/\/www.justiceinfo.net\/wp-content\/uploads\/justiceinfo_logo-trans_1200x1200px.png\",\"width\":1199,\"height\":1200,\"caption\":\"Justice Info\"},\"image\":{\"@id\":\"https:\/\/www.justiceinfo.net\/fr#\/schema\/logo\/image\/\"},\"sameAs\":[\"https:\/\/www.facebook.com\/JusticeInfo\/\",\"https:\/\/x.com\/justiceinfonet\",\"https:\/\/www.linkedin.com\/company\/justice-info\",\"https:\/\/www.youtube.com\/channel\/UCyCEsARodyuWtkWyhn-e7pA\"]},{\"@type\":\"Person\",\"name\":\"solivri\",\"url\":\"\/fr\/?s=solivri\"}]}<\/script>\n<!-- \/ Yoast SEO Premium plugin. -->","yoast_head_json":{"title":"16.07.08 - TPIR\/NSENGIMANA .- LE PROCES DE L\u2019ABBE NSENGIMANA S\u2019EST DEPLACE AU RWANDA (REPORTAGE) - JusticeInfo.net","robots":{"index":"index","follow":"follow","max-snippet":"max-snippet:-1","max-image-preview":"max-image-preview:large","max-video-preview":"max-video-preview:-1"},"canonical":"https:\/\/www.justiceinfo.net\/fr\/4105-160708-tpirnsengimana-le-proces-de-labbe-nsengimana-sest-deplace-au-rwanda-reportage895.html","og_locale":"fr_FR","og_type":"article","og_title":"16.07.08 - TPIR\/NSENGIMANA .- LE PROCES DE L\u2019ABBE NSENGIMANA S\u2019EST DEPLACE AU RWANDA (REPORTAGE)","og_description":"Kigali, 16 juillet 2008 (FH) \u2013 \u00ab Monsieur Wallace, Ma\u00eetre Altit, quel est l\u2019int\u00e9r\u00eat de cette \u00e9tape ? \u00bb Cette question sera pos\u00e9e plus d\u2019une dizaine de fois par le juge Erik Mose lors du d\u00e9placement de la chambre, mardi \u00e0 Nyanza (sud du Rwanda), pour une visite des lieux des faits all\u00e9gu\u00e9s dans le [&hellip;]","og_url":"https:\/\/www.justiceinfo.net\/fr\/4105-160708-tpirnsengimana-le-proces-de-labbe-nsengimana-sest-deplace-au-rwanda-reportage895.html","og_site_name":"JusticeInfo.net","article_publisher":"https:\/\/www.facebook.com\/JusticeInfo\/","article_published_time":"2008-07-17T08:06:19+00:00","og_image":[{"width":1200,"height":630,"url":"https:\/\/www.justiceinfo.net\/wp-content\/uploads\/JusticeInfoNet_logo_1200x630px.jpg","type":"image\/jpeg"}],"author":"solivri","twitter_card":"summary_large_image","twitter_creator":"@justiceinfonet","twitter_site":"@justiceinfonet","twitter_misc":{"\u00c9crit par":"solivri","Dur\u00e9e de lecture estim\u00e9e":"4 minutes"},"schema":{"@context":"https:\/\/schema.org","@graph":[{"@type":"NewsArticle","@id":"https:\/\/www.justiceinfo.net\/fr\/4105-160708-tpirnsengimana-le-proces-de-labbe-nsengimana-sest-deplace-au-rwanda-reportage895.html#article","isPartOf":{"@id":"https:\/\/www.justiceinfo.net\/fr\/4105-160708-tpirnsengimana-le-proces-de-labbe-nsengimana-sest-deplace-au-rwanda-reportage895.html"},"author":{"name":"solivri","@id":"https:\/\/www.justiceinfo.net\/fr#\/schema\/person\/6e53cba1629e2e66f3fc1821d3091865"},"headline":"16.07.08 - TPIR\/NSENGIMANA .- LE PROCES DE L\u2019ABBE NSENGIMANA S\u2019EST DEPLACE AU RWANDA (REPORTAGE)","datePublished":"2008-07-17T08:06:19+00:00","mainEntityOfPage":{"@id":"https:\/\/www.justiceinfo.net\/fr\/4105-160708-tpirnsengimana-le-proces-de-labbe-nsengimana-sest-deplace-au-rwanda-reportage895.html"},"wordCount":761,"commentCount":0,"publisher":{"@id":"https:\/\/www.justiceinfo.net\/fr#organization"},"articleSection":["Hirondelle News"],"inLanguage":"fr-FR","potentialAction":[{"@type":"CommentAction","name":"Comment","target":["https:\/\/www.justiceinfo.net\/fr\/4105-160708-tpirnsengimana-le-proces-de-labbe-nsengimana-sest-deplace-au-rwanda-reportage895.html#respond"]}]},{"@type":"WebPage","@id":"https:\/\/www.justiceinfo.net\/fr\/4105-160708-tpirnsengimana-le-proces-de-labbe-nsengimana-sest-deplace-au-rwanda-reportage895.html","url":"https:\/\/www.justiceinfo.net\/fr\/4105-160708-tpirnsengimana-le-proces-de-labbe-nsengimana-sest-deplace-au-rwanda-reportage895.html","name":"16.07.08 - TPIR\/NSENGIMANA .- LE PROCES DE L\u2019ABBE NSENGIMANA S\u2019EST DEPLACE AU RWANDA (REPORTAGE) - JusticeInfo.net","isPartOf":{"@id":"https:\/\/www.justiceinfo.net\/fr#website"},"datePublished":"2008-07-17T08:06:19+00:00","breadcrumb":{"@id":"https:\/\/www.justiceinfo.net\/fr\/4105-160708-tpirnsengimana-le-proces-de-labbe-nsengimana-sest-deplace-au-rwanda-reportage895.html#breadcrumb"},"inLanguage":"fr-FR","potentialAction":[{"@type":"ReadAction","target":["https:\/\/www.justiceinfo.net\/fr\/4105-160708-tpirnsengimana-le-proces-de-labbe-nsengimana-sest-deplace-au-rwanda-reportage895.html"]}]},{"@type":"BreadcrumbList","@id":"https:\/\/www.justiceinfo.net\/fr\/4105-160708-tpirnsengimana-le-proces-de-labbe-nsengimana-sest-deplace-au-rwanda-reportage895.html#breadcrumb","itemListElement":[{"@type":"ListItem","position":1,"name":"Home","item":"https:\/\/www.justiceinfo.net\/fr"},{"@type":"ListItem","position":2,"name":"16.07.08 - TPIR\/NSENGIMANA .- LE PROCES DE L\u2019ABBE NSENGIMANA S\u2019EST DEPLACE AU RWANDA (REPORTAGE)"}]},{"@type":"WebSite","@id":"https:\/\/www.justiceinfo.net\/fr#website","url":"https:\/\/www.justiceinfo.net\/fr","name":"JusticeInfo.net","description":"La justice doit \u00eatre vue pour \u00eatre rendue","publisher":{"@id":"https:\/\/www.justiceinfo.net\/fr#organization"},"potentialAction":[{"@type":"SearchAction","target":{"@type":"EntryPoint","urlTemplate":"https:\/\/www.justiceinfo.net\/fr?s={search_term_string}"},"query-input":{"@type":"PropertyValueSpecification","valueRequired":true,"valueName":"search_term_string"}}],"inLanguage":"fr-FR"},{"@type":"Organization","@id":"https:\/\/www.justiceinfo.net\/fr#organization","name":"Justice Info","url":"https:\/\/www.justiceinfo.net\/fr","logo":{"@type":"ImageObject","inLanguage":"fr-FR","@id":"https:\/\/www.justiceinfo.net\/fr#\/schema\/logo\/image\/","url":"https:\/\/www.justiceinfo.net\/wp-content\/uploads\/justiceinfo_logo-trans_1200x1200px.png","contentUrl":"https:\/\/www.justiceinfo.net\/wp-content\/uploads\/justiceinfo_logo-trans_1200x1200px.png","width":1199,"height":1200,"caption":"Justice Info"},"image":{"@id":"https:\/\/www.justiceinfo.net\/fr#\/schema\/logo\/image\/"},"sameAs":["https:\/\/www.facebook.com\/JusticeInfo\/","https:\/\/x.com\/justiceinfonet","https:\/\/www.linkedin.com\/company\/justice-info","https:\/\/www.youtube.com\/channel\/UCyCEsARodyuWtkWyhn-e7pA"]},{"@type":"Person","name":"solivri","url":"\/fr\/?s=solivri"}]}},"_links":{"self":[{"href":"https:\/\/www.justiceinfo.net\/fr\/wp-json\/wp\/v2\/posts\/4105","targetHints":{"allow":["GET"]}}],"collection":[{"href":"https:\/\/www.justiceinfo.net\/fr\/wp-json\/wp\/v2\/posts"}],"about":[{"href":"https:\/\/www.justiceinfo.net\/fr\/wp-json\/wp\/v2\/types\/post"}],"author":[{"embeddable":true,"href":"https:\/\/www.justiceinfo.net\/fr\/wp-json\/wp\/v2\/users\/64"}],"replies":[{"embeddable":true,"href":"https:\/\/www.justiceinfo.net\/fr\/wp-json\/wp\/v2\/comments?post=4105"}],"version-history":[{"count":0,"href":"https:\/\/www.justiceinfo.net\/fr\/wp-json\/wp\/v2\/posts\/4105\/revisions"}],"wp:attachment":[{"href":"https:\/\/www.justiceinfo.net\/fr\/wp-json\/wp\/v2\/media?parent=4105"}],"wp:term":[{"taxonomy":"category","embeddable":true,"href":"https:\/\/www.justiceinfo.net\/fr\/wp-json\/wp\/v2\/categories?post=4105"},{"taxonomy":"post_tag","embeddable":true,"href":"https:\/\/www.justiceinfo.net\/fr\/wp-json\/wp\/v2\/tags?post=4105"},{"taxonomy":"ji_location","embeddable":true,"href":"https:\/\/www.justiceinfo.net\/fr\/wp-json\/wp\/v2\/ji_location?post=4105"}],"curies":[{"name":"wp","href":"https:\/\/api.w.org\/{rel}","templated":true}]}}