{"id":4113,"date":"2008-07-18T13:27:17","date_gmt":"2008-07-18T11:27:17","guid":{"rendered":"https:\/\/www.justiceinfo.net\/4113-170708-tpirmilitaires-iikaremera-fin-des-audiences-dans-militaires-ii-et-karemera903.html"},"modified":"2008-07-18T13:27:17","modified_gmt":"2008-07-18T11:27:17","slug":"170708-tpirmilitaires-iikaremera-fin-des-audiences-dans-militaires-ii-et-karemera903","status":"publish","type":"post","link":"https:\/\/www.justiceinfo.net\/fr\/4113-170708-tpirmilitaires-iikaremera-fin-des-audiences-dans-militaires-ii-et-karemera903.html","title":{"rendered":"17.07.08 - TPIR\/MILITAIRES II\/KAREMERA  - FIN DES AUDIENCES DANS MILITAIRES II ET KAREMERA"},"content":{"rendered":"<p  >\nArusha, 17 Juillet 2008 (FH) -  Les audiences pr\u00e9vues pour durer jusqu'\u00e0 la fin de la semaine dans les proc\u00e8s dits \u00ab Militaires II \u00bb et \u00ab Karemera \u00bb se sont interrompues pr\u00e9matur\u00e9ment mercredi faute de t\u00e9moin, apprend on jeudi de source officielle.  <\/p>\n<p>Ces d\u00e9faillances ont avanc\u00e9 de deux jours l'interruption des activit\u00e9s du TPIR, qui ne reprendront que le 18 ao\u00fbt.\n<\/p>\n<p><!--more--><\/p>\n<p  >\nDans le proc\u00e8s Militaires II qui voit compara\u00eetre quatre anciens responsables de la gendarmerie et de l\u2019arm\u00e9e rwandaise, le major Fran\u00e7ois-Xavier Nzuvonemeye, ancien chef du bataillon de reconnaissance, a du interrompre  au quinzi\u00e8me t\u00e9moin le d\u00e9fil\u00e9 de ceux qui \u00e9taient venus prendre sa d\u00e9fense . <\/p>\n<p>Lors de la reprise de ce proc\u00e8s, le 9 septembre prochain, une vingtaine de t\u00e9moins sont encore pr\u00e9vus pour cet accus\u00e9. Apr\u00e8s Nzuvonemeye, son adjoint, le capitaine Innocent Sagahutu, pr\u00e9sentera \u00e0 son tour sa d\u00e9fense. Le chef d\u2019Etat major de l\u2019arm\u00e9e, Augustin Bizimungu, et celui de la gendarmerie, Augustin Ndindiliyimana, ont d\u00e9j\u00e0 pr\u00e9sent\u00e9 leurs arguments. Leur proc\u00e8s a d\u00e9but\u00e9 en septembre 2004. <\/p>\n<p>Dans le proc\u00e8s Karemera, c\u2019est Edouard Karemera, l\u2019ancien vice pr\u00e9sident du MRND, l\u2019ex parti unique rwandais qui pr\u00e9sentait sa d\u00e9fense. Depuis le d\u00e9but de cette session, le 7 juillet, sept t\u00e9moins ont d\u00e9fil\u00e9 \u00e0 la barre. Le proc\u00e8s doit reprendre le 18 ao\u00fbt. Apr\u00e8s Karemera, les deux autres accus\u00e9s Mathieu Ngirumpatse et Joseph Nzirorera, \u00e9galement responsables du MRND,  pr\u00e9senteront leurs t\u00e9moins. Ce proc\u00e8s a commenc\u00e9 en septembre 2005 <\/p>\n<p>NI\/PB\/GF<\/p>\n","protected":false},"excerpt":{"rendered":"<p>Arusha, 17 Juillet 2008 (FH) - Les audiences pr\u00e9vues pour durer jusqu'\u00e0 la fin de la semaine dans les proc\u00e8s dits \u00ab Militaires II \u00bb et \u00ab Karemera \u00bb se sont interrompues pr\u00e9matur\u00e9ment mercredi faute de t\u00e9moin, apprend on jeudi de source officielle. Ces d\u00e9faillances ont avanc\u00e9 de deux jours l'interruption des activit\u00e9s du TPIR, [&hellip;]<\/p>\n","protected":false},"author":64,"featured_media":0,"comment_status":"open","ping_status":"closed","sticky":false,"template":"","format":"standard","meta":{"_acf_changed":false,"footnotes":""},"categories":[554],"tags":[],"ji_location":[],"class_list":["post-4113","post","type-post","status-publish","format-standard","hentry","category-hirondellenews"],"acf":[],"yoast_head":"<!-- This site is optimized with the Yoast SEO Premium plugin v25.3.1 (Yoast SEO v25.3.1) - https:\/\/yoast.com\/wordpress\/plugins\/seo\/ -->\n<title>17.07.08 - TPIR\/MILITAIRES II\/KAREMERA - FIN DES AUDIENCES DANS MILITAIRES II ET KAREMERA - JusticeInfo.net<\/title>\n<meta name=\"robots\" content=\"index, follow, max-snippet:-1, max-image-preview:large, max-video-preview:-1\" \/>\n<link rel=\"canonical\" href=\"https:\/\/www.justiceinfo.net\/fr\/4113-170708-tpirmilitaires-iikaremera-fin-des-audiences-dans-militaires-ii-et-karemera903.html\" \/>\n<meta property=\"og:locale\" content=\"fr_FR\" \/>\n<meta property=\"og:type\" content=\"article\" \/>\n<meta property=\"og:title\" content=\"17.07.08 - TPIR\/MILITAIRES II\/KAREMERA - FIN DES AUDIENCES DANS MILITAIRES II ET KAREMERA\" \/>\n<meta property=\"og:description\" content=\"Arusha, 17 Juillet 2008 (FH) - Les audiences pr\u00e9vues pour durer jusqu&#039;\u00e0 la fin de la semaine dans les proc\u00e8s dits \u00ab Militaires II \u00bb et \u00ab Karemera \u00bb se sont interrompues pr\u00e9matur\u00e9ment mercredi faute de t\u00e9moin, apprend on jeudi de source officielle. Ces d\u00e9faillances ont avanc\u00e9 de deux jours l&#039;interruption des activit\u00e9s du TPIR, [&hellip;]\" \/>\n<meta property=\"og:url\" content=\"https:\/\/www.justiceinfo.net\/fr\/4113-170708-tpirmilitaires-iikaremera-fin-des-audiences-dans-militaires-ii-et-karemera903.html\" \/>\n<meta property=\"og:site_name\" content=\"JusticeInfo.net\" \/>\n<meta property=\"article:publisher\" content=\"https:\/\/www.facebook.com\/JusticeInfo\/\" \/>\n<meta property=\"article:published_time\" content=\"2008-07-18T11:27:17+00:00\" \/>\n<meta property=\"og:image\" content=\"https:\/\/www.justiceinfo.net\/wp-content\/uploads\/JusticeInfoNet_logo_1200x630px.jpg\" \/>\n\t<meta property=\"og:image:width\" content=\"1200\" \/>\n\t<meta property=\"og:image:height\" content=\"630\" \/>\n\t<meta property=\"og:image:type\" content=\"image\/jpeg\" \/>\n<meta name=\"author\" content=\"solivri\" \/>\n<meta name=\"twitter:card\" content=\"summary_large_image\" \/>\n<meta name=\"twitter:creator\" content=\"@justiceinfonet\" \/>\n<meta name=\"twitter:site\" content=\"@justiceinfonet\" \/>\n<meta name=\"twitter:label1\" content=\"\u00c9crit par\" \/>\n\t<meta name=\"twitter:data1\" content=\"solivri\" \/>\n\t<meta name=\"twitter:label2\" content=\"Dur\u00e9e de lecture estim\u00e9e\" \/>\n\t<meta name=\"twitter:data2\" content=\"1 minute\" \/>\n<script type=\"application\/ld+json\" class=\"yoast-schema-graph\">{\"@context\":\"https:\/\/schema.org\",\"@graph\":[{\"@type\":\"NewsArticle\",\"@id\":\"https:\/\/www.justiceinfo.net\/fr\/4113-170708-tpirmilitaires-iikaremera-fin-des-audiences-dans-militaires-ii-et-karemera903.html#article\",\"isPartOf\":{\"@id\":\"https:\/\/www.justiceinfo.net\/fr\/4113-170708-tpirmilitaires-iikaremera-fin-des-audiences-dans-militaires-ii-et-karemera903.html\"},\"author\":{\"name\":\"solivri\",\"@id\":\"https:\/\/www.justiceinfo.net\/fr#\/schema\/person\/6e53cba1629e2e66f3fc1821d3091865\"},\"headline\":\"17.07.08 - TPIR\/MILITAIRES II\/KAREMERA - FIN DES AUDIENCES DANS MILITAIRES II ET KAREMERA\",\"datePublished\":\"2008-07-18T11:27:17+00:00\",\"mainEntityOfPage\":{\"@id\":\"https:\/\/www.justiceinfo.net\/fr\/4113-170708-tpirmilitaires-iikaremera-fin-des-audiences-dans-militaires-ii-et-karemera903.html\"},\"wordCount\":287,\"commentCount\":0,\"publisher\":{\"@id\":\"https:\/\/www.justiceinfo.net\/fr#organization\"},\"articleSection\":[\"Hirondelle News\"],\"inLanguage\":\"fr-FR\",\"potentialAction\":[{\"@type\":\"CommentAction\",\"name\":\"Comment\",\"target\":[\"https:\/\/www.justiceinfo.net\/fr\/4113-170708-tpirmilitaires-iikaremera-fin-des-audiences-dans-militaires-ii-et-karemera903.html#respond\"]}]},{\"@type\":\"WebPage\",\"@id\":\"https:\/\/www.justiceinfo.net\/fr\/4113-170708-tpirmilitaires-iikaremera-fin-des-audiences-dans-militaires-ii-et-karemera903.html\",\"url\":\"https:\/\/www.justiceinfo.net\/fr\/4113-170708-tpirmilitaires-iikaremera-fin-des-audiences-dans-militaires-ii-et-karemera903.html\",\"name\":\"17.07.08 - TPIR\/MILITAIRES II\/KAREMERA - FIN DES AUDIENCES DANS MILITAIRES II ET KAREMERA - JusticeInfo.net\",\"isPartOf\":{\"@id\":\"https:\/\/www.justiceinfo.net\/fr#website\"},\"datePublished\":\"2008-07-18T11:27:17+00:00\",\"breadcrumb\":{\"@id\":\"https:\/\/www.justiceinfo.net\/fr\/4113-170708-tpirmilitaires-iikaremera-fin-des-audiences-dans-militaires-ii-et-karemera903.html#breadcrumb\"},\"inLanguage\":\"fr-FR\",\"potentialAction\":[{\"@type\":\"ReadAction\",\"target\":[\"https:\/\/www.justiceinfo.net\/fr\/4113-170708-tpirmilitaires-iikaremera-fin-des-audiences-dans-militaires-ii-et-karemera903.html\"]}]},{\"@type\":\"BreadcrumbList\",\"@id\":\"https:\/\/www.justiceinfo.net\/fr\/4113-170708-tpirmilitaires-iikaremera-fin-des-audiences-dans-militaires-ii-et-karemera903.html#breadcrumb\",\"itemListElement\":[{\"@type\":\"ListItem\",\"position\":1,\"name\":\"Home\",\"item\":\"https:\/\/www.justiceinfo.net\/fr\"},{\"@type\":\"ListItem\",\"position\":2,\"name\":\"17.07.08 - TPIR\/MILITAIRES II\/KAREMERA - FIN DES AUDIENCES DANS MILITAIRES II ET KAREMERA\"}]},{\"@type\":\"WebSite\",\"@id\":\"https:\/\/www.justiceinfo.net\/fr#website\",\"url\":\"https:\/\/www.justiceinfo.net\/fr\",\"name\":\"JusticeInfo.net\",\"description\":\"La justice doit \u00eatre vue pour \u00eatre rendue\",\"publisher\":{\"@id\":\"https:\/\/www.justiceinfo.net\/fr#organization\"},\"potentialAction\":[{\"@type\":\"SearchAction\",\"target\":{\"@type\":\"EntryPoint\",\"urlTemplate\":\"https:\/\/www.justiceinfo.net\/fr?s={search_term_string}\"},\"query-input\":{\"@type\":\"PropertyValueSpecification\",\"valueRequired\":true,\"valueName\":\"search_term_string\"}}],\"inLanguage\":\"fr-FR\"},{\"@type\":\"Organization\",\"@id\":\"https:\/\/www.justiceinfo.net\/fr#organization\",\"name\":\"Justice Info\",\"url\":\"https:\/\/www.justiceinfo.net\/fr\",\"logo\":{\"@type\":\"ImageObject\",\"inLanguage\":\"fr-FR\",\"@id\":\"https:\/\/www.justiceinfo.net\/fr#\/schema\/logo\/image\/\",\"url\":\"https:\/\/www.justiceinfo.net\/wp-content\/uploads\/justiceinfo_logo-trans_1200x1200px.png\",\"contentUrl\":\"https:\/\/www.justiceinfo.net\/wp-content\/uploads\/justiceinfo_logo-trans_1200x1200px.png\",\"width\":1199,\"height\":1200,\"caption\":\"Justice Info\"},\"image\":{\"@id\":\"https:\/\/www.justiceinfo.net\/fr#\/schema\/logo\/image\/\"},\"sameAs\":[\"https:\/\/www.facebook.com\/JusticeInfo\/\",\"https:\/\/x.com\/justiceinfonet\",\"https:\/\/www.linkedin.com\/company\/justice-info\",\"https:\/\/www.youtube.com\/channel\/UCyCEsARodyuWtkWyhn-e7pA\"]},{\"@type\":\"Person\",\"name\":\"solivri\",\"url\":\"\/fr\/?s=solivri\"}]}<\/script>\n<!-- \/ Yoast SEO Premium plugin. -->","yoast_head_json":{"title":"17.07.08 - TPIR\/MILITAIRES II\/KAREMERA - FIN DES AUDIENCES DANS MILITAIRES II ET KAREMERA - JusticeInfo.net","robots":{"index":"index","follow":"follow","max-snippet":"max-snippet:-1","max-image-preview":"max-image-preview:large","max-video-preview":"max-video-preview:-1"},"canonical":"https:\/\/www.justiceinfo.net\/fr\/4113-170708-tpirmilitaires-iikaremera-fin-des-audiences-dans-militaires-ii-et-karemera903.html","og_locale":"fr_FR","og_type":"article","og_title":"17.07.08 - TPIR\/MILITAIRES II\/KAREMERA - FIN DES AUDIENCES DANS MILITAIRES II ET KAREMERA","og_description":"Arusha, 17 Juillet 2008 (FH) - Les audiences pr\u00e9vues pour durer jusqu'\u00e0 la fin de la semaine dans les proc\u00e8s dits \u00ab Militaires II \u00bb et \u00ab Karemera \u00bb se sont interrompues pr\u00e9matur\u00e9ment mercredi faute de t\u00e9moin, apprend on jeudi de source officielle. Ces d\u00e9faillances ont avanc\u00e9 de deux jours l'interruption des activit\u00e9s du TPIR, [&hellip;]","og_url":"https:\/\/www.justiceinfo.net\/fr\/4113-170708-tpirmilitaires-iikaremera-fin-des-audiences-dans-militaires-ii-et-karemera903.html","og_site_name":"JusticeInfo.net","article_publisher":"https:\/\/www.facebook.com\/JusticeInfo\/","article_published_time":"2008-07-18T11:27:17+00:00","og_image":[{"width":1200,"height":630,"url":"https:\/\/www.justiceinfo.net\/wp-content\/uploads\/JusticeInfoNet_logo_1200x630px.jpg","type":"image\/jpeg"}],"author":"solivri","twitter_card":"summary_large_image","twitter_creator":"@justiceinfonet","twitter_site":"@justiceinfonet","twitter_misc":{"\u00c9crit par":"solivri","Dur\u00e9e de lecture estim\u00e9e":"1 minute"},"schema":{"@context":"https:\/\/schema.org","@graph":[{"@type":"NewsArticle","@id":"https:\/\/www.justiceinfo.net\/fr\/4113-170708-tpirmilitaires-iikaremera-fin-des-audiences-dans-militaires-ii-et-karemera903.html#article","isPartOf":{"@id":"https:\/\/www.justiceinfo.net\/fr\/4113-170708-tpirmilitaires-iikaremera-fin-des-audiences-dans-militaires-ii-et-karemera903.html"},"author":{"name":"solivri","@id":"https:\/\/www.justiceinfo.net\/fr#\/schema\/person\/6e53cba1629e2e66f3fc1821d3091865"},"headline":"17.07.08 - TPIR\/MILITAIRES II\/KAREMERA - FIN DES AUDIENCES DANS MILITAIRES II ET KAREMERA","datePublished":"2008-07-18T11:27:17+00:00","mainEntityOfPage":{"@id":"https:\/\/www.justiceinfo.net\/fr\/4113-170708-tpirmilitaires-iikaremera-fin-des-audiences-dans-militaires-ii-et-karemera903.html"},"wordCount":287,"commentCount":0,"publisher":{"@id":"https:\/\/www.justiceinfo.net\/fr#organization"},"articleSection":["Hirondelle News"],"inLanguage":"fr-FR","potentialAction":[{"@type":"CommentAction","name":"Comment","target":["https:\/\/www.justiceinfo.net\/fr\/4113-170708-tpirmilitaires-iikaremera-fin-des-audiences-dans-militaires-ii-et-karemera903.html#respond"]}]},{"@type":"WebPage","@id":"https:\/\/www.justiceinfo.net\/fr\/4113-170708-tpirmilitaires-iikaremera-fin-des-audiences-dans-militaires-ii-et-karemera903.html","url":"https:\/\/www.justiceinfo.net\/fr\/4113-170708-tpirmilitaires-iikaremera-fin-des-audiences-dans-militaires-ii-et-karemera903.html","name":"17.07.08 - TPIR\/MILITAIRES II\/KAREMERA - FIN DES AUDIENCES DANS MILITAIRES II ET KAREMERA - JusticeInfo.net","isPartOf":{"@id":"https:\/\/www.justiceinfo.net\/fr#website"},"datePublished":"2008-07-18T11:27:17+00:00","breadcrumb":{"@id":"https:\/\/www.justiceinfo.net\/fr\/4113-170708-tpirmilitaires-iikaremera-fin-des-audiences-dans-militaires-ii-et-karemera903.html#breadcrumb"},"inLanguage":"fr-FR","potentialAction":[{"@type":"ReadAction","target":["https:\/\/www.justiceinfo.net\/fr\/4113-170708-tpirmilitaires-iikaremera-fin-des-audiences-dans-militaires-ii-et-karemera903.html"]}]},{"@type":"BreadcrumbList","@id":"https:\/\/www.justiceinfo.net\/fr\/4113-170708-tpirmilitaires-iikaremera-fin-des-audiences-dans-militaires-ii-et-karemera903.html#breadcrumb","itemListElement":[{"@type":"ListItem","position":1,"name":"Home","item":"https:\/\/www.justiceinfo.net\/fr"},{"@type":"ListItem","position":2,"name":"17.07.08 - TPIR\/MILITAIRES II\/KAREMERA - FIN DES AUDIENCES DANS MILITAIRES II ET KAREMERA"}]},{"@type":"WebSite","@id":"https:\/\/www.justiceinfo.net\/fr#website","url":"https:\/\/www.justiceinfo.net\/fr","name":"JusticeInfo.net","description":"La justice doit \u00eatre vue pour \u00eatre rendue","publisher":{"@id":"https:\/\/www.justiceinfo.net\/fr#organization"},"potentialAction":[{"@type":"SearchAction","target":{"@type":"EntryPoint","urlTemplate":"https:\/\/www.justiceinfo.net\/fr?s={search_term_string}"},"query-input":{"@type":"PropertyValueSpecification","valueRequired":true,"valueName":"search_term_string"}}],"inLanguage":"fr-FR"},{"@type":"Organization","@id":"https:\/\/www.justiceinfo.net\/fr#organization","name":"Justice Info","url":"https:\/\/www.justiceinfo.net\/fr","logo":{"@type":"ImageObject","inLanguage":"fr-FR","@id":"https:\/\/www.justiceinfo.net\/fr#\/schema\/logo\/image\/","url":"https:\/\/www.justiceinfo.net\/wp-content\/uploads\/justiceinfo_logo-trans_1200x1200px.png","contentUrl":"https:\/\/www.justiceinfo.net\/wp-content\/uploads\/justiceinfo_logo-trans_1200x1200px.png","width":1199,"height":1200,"caption":"Justice Info"},"image":{"@id":"https:\/\/www.justiceinfo.net\/fr#\/schema\/logo\/image\/"},"sameAs":["https:\/\/www.facebook.com\/JusticeInfo\/","https:\/\/x.com\/justiceinfonet","https:\/\/www.linkedin.com\/company\/justice-info","https:\/\/www.youtube.com\/channel\/UCyCEsARodyuWtkWyhn-e7pA"]},{"@type":"Person","name":"solivri","url":"\/fr\/?s=solivri"}]}},"_links":{"self":[{"href":"https:\/\/www.justiceinfo.net\/fr\/wp-json\/wp\/v2\/posts\/4113","targetHints":{"allow":["GET"]}}],"collection":[{"href":"https:\/\/www.justiceinfo.net\/fr\/wp-json\/wp\/v2\/posts"}],"about":[{"href":"https:\/\/www.justiceinfo.net\/fr\/wp-json\/wp\/v2\/types\/post"}],"author":[{"embeddable":true,"href":"https:\/\/www.justiceinfo.net\/fr\/wp-json\/wp\/v2\/users\/64"}],"replies":[{"embeddable":true,"href":"https:\/\/www.justiceinfo.net\/fr\/wp-json\/wp\/v2\/comments?post=4113"}],"version-history":[{"count":0,"href":"https:\/\/www.justiceinfo.net\/fr\/wp-json\/wp\/v2\/posts\/4113\/revisions"}],"wp:attachment":[{"href":"https:\/\/www.justiceinfo.net\/fr\/wp-json\/wp\/v2\/media?parent=4113"}],"wp:term":[{"taxonomy":"category","embeddable":true,"href":"https:\/\/www.justiceinfo.net\/fr\/wp-json\/wp\/v2\/categories?post=4113"},{"taxonomy":"post_tag","embeddable":true,"href":"https:\/\/www.justiceinfo.net\/fr\/wp-json\/wp\/v2\/tags?post=4113"},{"taxonomy":"ji_location","embeddable":true,"href":"https:\/\/www.justiceinfo.net\/fr\/wp-json\/wp\/v2\/ji_location?post=4113"}],"curies":[{"name":"wp","href":"https:\/\/api.w.org\/{rel}","templated":true}]}}