{"id":4117,"date":"2008-07-19T11:22:41","date_gmt":"2008-07-19T09:22:41","guid":{"rendered":"https:\/\/www.justiceinfo.net\/4117-180708-belgiquerwanda-la-belgique-pourrait-executer-des-mandats-contre-le-fpr-meire907.html"},"modified":"2008-07-19T11:22:41","modified_gmt":"2008-07-19T09:22:41","slug":"180708-belgiquerwanda-la-belgique-pourrait-executer-des-mandats-contre-le-fpr-meire907","status":"publish","type":"post","link":"https:\/\/www.justiceinfo.net\/fr\/4117-180708-belgiquerwanda-la-belgique-pourrait-executer-des-mandats-contre-le-fpr-meire907.html","title":{"rendered":"18.07.08 - BELGIQUE\/RWANDA - LA BELGIQUE POURRAIT EXECUTER DES MANDATS CONTRE LE FPR (MEIRE)"},"content":{"rendered":"<p  >\nBruxelles, 18 Juillet 2008 (FH) -  Philippe Meire, le procureur f\u00e9d\u00e9ral belge reste d\u00e9termin\u00e9 \u00e0 faire ex\u00e9cuter sur le sol belge, le cas \u00e9ch\u00e9ant, les mandats d'arr\u00eat europ\u00e9ens espagnols qui visent des membres du Front patriotique rwandais (FPR), au pouvoir \u00e0 Kigali.  <\/p>\n<p>\u00abSoyons clairs : ces mandats seraient ex\u00e9cut\u00e9s en dehors des personnes b\u00e9n\u00e9ficiant d'une immunit\u00e9 de juridiction \u00bb, a-t-il d\u00e9clar\u00e9 dans son entretien \u00e0 l'agence Hirondelle en faisant allusion \u00e0 l'annulation par le Rwanda, en mai dernier, de la visite de la ministre des Affaires \u00e9trang\u00e8res rwandaises apr\u00e8s que les autorit\u00e9s belges lui eurent signal\u00e9 la pr\u00e9sence, qui n'avait pas \u00e9t\u00e9 annonc\u00e9e parmi la d\u00e9l\u00e9gation, de Joseph Nzabamwita, n\u00b02 de la s\u00e9curit\u00e9 ext\u00e9rieure recherch\u00e9 par la justice espagnole.\n<\/p>\n<p><!--more--><\/p>\n<p  >\nNzabamwita fait partie de 40 personnalit\u00e9s rwandaises vis\u00e9es par des mandats d'arr\u00eat d\u00e9livr\u00e9s le 6 f\u00e9vrier dernier par le juge Fernando Abreu Merelles. La justice espagnole accuse ces hauts dirigeants du Front patriotique rwandais (FPR) du r\u00e9gime de g\u00e9nocide, crimes contre l'humanit\u00e9 et terrorisme.<br \/>\n\u00abLe Rwanda s'est \u00e9mu lorsque nous l'avons pr\u00e9venu que les mandats d'arr\u00eats espagnols seraient ex\u00e9cut\u00e9s \u00e0 l'encontre d'un Rwandais accompagnant la d\u00e9l\u00e9gation. Mais nous sommes tenus l\u00e9galement vis-\u00e0-vis des Espagnols d'ex\u00e9cuter ces mandats \u00bb, a-t-il justifi\u00e9. <\/p>\n<p>De m\u00eame, \u00ab si une plainte recevable est d\u00e9pos\u00e9e \u00bb \u00e0 l'encontre du FPR devant les tribunaux belges, \u00ab elle fera l'objet d'enqu\u00eates\u00bb, a-t-il assur\u00e9, en commentaire des critiques r\u00e9currentes de partialit\u00e9 de la justice, devant laquelle comparaissent des repr\u00e9sentants de l'extr\u00e9misme hutu ou des ex\u00e9cutants de la politique g\u00e9nocidaire, alors que le FPR \u00e0 majorit\u00e9 tutsi, qui a pris le pouvoir en 1994 en stoppant les tueries, est \u00e9galement soup\u00e7onn\u00e9 de crimes d'envergure. <\/p>\n<p>Il a rappel\u00e9 qu'une plainte avait \u00e9t\u00e9 d\u00e9pos\u00e9e par l'ex-major Bernard Ntuyahaga (condamn\u00e9 en 2007 par la justice belge \u00e0 20 ans de prison pour son r\u00f4le dans le g\u00e9nocide) contre \u00ab le pr\u00e9sident Paul Kagame, et d'autres personnes \u00bb. \u00ab Des devoirs d'enqu\u00eate ont \u00e9t\u00e9 effectu\u00e9s, nous avons voulu en ex\u00e9cuter d'autres, notamment en Tanzanie, qui a bloqu\u00e9 les d\u00e9marches. Puis ce dossier a fait l'objet d'un d\u00e9ssaisissement par la Cour de cassation en 2003 \u00bb, rappelle le procureur.\n<\/p>\n<p  >\n\u00abDeux autres plaintes concernant des faits commis par \"l'autre camp\" ont \u00e9t\u00e9 class\u00e9es sans suite, car les crit\u00e8res de comp\u00e9tence n'\u00e9taient pas r\u00e9unis \u00bb, pr\u00e9cise-t-il, avant d'ajouter : \u00ab Mais, \u00e0 l'heure actuelle, je n'ai pas connaissance de personnes ayant appartenu au FPR, ayant particip\u00e9 \u00e0 des crimes de guerre ou contre l'humanit\u00e9 et qui seraient pr\u00e9sentes sur le sol belge. \u00bb\n<\/p>\n<p  >\nBF\/PB\/GF<\/p>\n","protected":false},"excerpt":{"rendered":"<p>Bruxelles, 18 Juillet 2008 (FH) - Philippe Meire, le procureur f\u00e9d\u00e9ral belge reste d\u00e9termin\u00e9 \u00e0 faire ex\u00e9cuter sur le sol belge, le cas \u00e9ch\u00e9ant, les mandats d'arr\u00eat europ\u00e9ens espagnols qui visent des membres du Front patriotique rwandais (FPR), au pouvoir \u00e0 Kigali. \u00abSoyons clairs : ces mandats seraient ex\u00e9cut\u00e9s en dehors des personnes b\u00e9n\u00e9ficiant d'une [&hellip;]<\/p>\n","protected":false},"author":64,"featured_media":0,"comment_status":"open","ping_status":"closed","sticky":false,"template":"","format":"standard","meta":{"_acf_changed":false,"footnotes":""},"categories":[554],"tags":[],"ji_location":[],"class_list":["post-4117","post","type-post","status-publish","format-standard","hentry","category-hirondellenews"],"acf":[],"yoast_head":"<!-- This site is optimized with the Yoast SEO Premium plugin v25.3.1 (Yoast SEO v25.3.1) - https:\/\/yoast.com\/wordpress\/plugins\/seo\/ -->\n<title>18.07.08 - BELGIQUE\/RWANDA - LA BELGIQUE POURRAIT EXECUTER DES MANDATS CONTRE LE FPR (MEIRE) - JusticeInfo.net<\/title>\n<meta name=\"robots\" content=\"index, follow, max-snippet:-1, max-image-preview:large, max-video-preview:-1\" \/>\n<link rel=\"canonical\" href=\"https:\/\/www.justiceinfo.net\/fr\/4117-180708-belgiquerwanda-la-belgique-pourrait-executer-des-mandats-contre-le-fpr-meire907.html\" \/>\n<meta property=\"og:locale\" content=\"fr_FR\" \/>\n<meta property=\"og:type\" content=\"article\" \/>\n<meta property=\"og:title\" content=\"18.07.08 - BELGIQUE\/RWANDA - LA BELGIQUE POURRAIT EXECUTER DES MANDATS CONTRE LE FPR (MEIRE)\" \/>\n<meta property=\"og:description\" content=\"Bruxelles, 18 Juillet 2008 (FH) - Philippe Meire, le procureur f\u00e9d\u00e9ral belge reste d\u00e9termin\u00e9 \u00e0 faire ex\u00e9cuter sur le sol belge, le cas \u00e9ch\u00e9ant, les mandats d&#039;arr\u00eat europ\u00e9ens espagnols qui visent des membres du Front patriotique rwandais (FPR), au pouvoir \u00e0 Kigali. \u00abSoyons clairs : ces mandats seraient ex\u00e9cut\u00e9s en dehors des personnes b\u00e9n\u00e9ficiant d&#039;une [&hellip;]\" \/>\n<meta property=\"og:url\" content=\"https:\/\/www.justiceinfo.net\/fr\/4117-180708-belgiquerwanda-la-belgique-pourrait-executer-des-mandats-contre-le-fpr-meire907.html\" \/>\n<meta property=\"og:site_name\" content=\"JusticeInfo.net\" \/>\n<meta property=\"article:publisher\" content=\"https:\/\/www.facebook.com\/JusticeInfo\/\" \/>\n<meta property=\"article:published_time\" content=\"2008-07-19T09:22:41+00:00\" \/>\n<meta property=\"og:image\" content=\"https:\/\/www.justiceinfo.net\/wp-content\/uploads\/JusticeInfoNet_logo_1200x630px.jpg\" \/>\n\t<meta property=\"og:image:width\" content=\"1200\" \/>\n\t<meta property=\"og:image:height\" content=\"630\" \/>\n\t<meta property=\"og:image:type\" content=\"image\/jpeg\" \/>\n<meta name=\"author\" content=\"solivri\" \/>\n<meta name=\"twitter:card\" content=\"summary_large_image\" \/>\n<meta name=\"twitter:creator\" content=\"@justiceinfonet\" \/>\n<meta name=\"twitter:site\" content=\"@justiceinfonet\" \/>\n<meta name=\"twitter:label1\" content=\"\u00c9crit par\" \/>\n\t<meta name=\"twitter:data1\" content=\"solivri\" \/>\n\t<meta name=\"twitter:label2\" content=\"Dur\u00e9e de lecture estim\u00e9e\" \/>\n\t<meta name=\"twitter:data2\" content=\"2 minutes\" \/>\n<script type=\"application\/ld+json\" class=\"yoast-schema-graph\">{\"@context\":\"https:\/\/schema.org\",\"@graph\":[{\"@type\":\"NewsArticle\",\"@id\":\"https:\/\/www.justiceinfo.net\/fr\/4117-180708-belgiquerwanda-la-belgique-pourrait-executer-des-mandats-contre-le-fpr-meire907.html#article\",\"isPartOf\":{\"@id\":\"https:\/\/www.justiceinfo.net\/fr\/4117-180708-belgiquerwanda-la-belgique-pourrait-executer-des-mandats-contre-le-fpr-meire907.html\"},\"author\":{\"name\":\"solivri\",\"@id\":\"https:\/\/www.justiceinfo.net\/fr#\/schema\/person\/6e53cba1629e2e66f3fc1821d3091865\"},\"headline\":\"18.07.08 - BELGIQUE\/RWANDA - LA BELGIQUE POURRAIT EXECUTER DES MANDATS CONTRE LE FPR (MEIRE)\",\"datePublished\":\"2008-07-19T09:22:41+00:00\",\"mainEntityOfPage\":{\"@id\":\"https:\/\/www.justiceinfo.net\/fr\/4117-180708-belgiquerwanda-la-belgique-pourrait-executer-des-mandats-contre-le-fpr-meire907.html\"},\"wordCount\":495,\"commentCount\":0,\"publisher\":{\"@id\":\"https:\/\/www.justiceinfo.net\/fr#organization\"},\"articleSection\":[\"Hirondelle News\"],\"inLanguage\":\"fr-FR\",\"potentialAction\":[{\"@type\":\"CommentAction\",\"name\":\"Comment\",\"target\":[\"https:\/\/www.justiceinfo.net\/fr\/4117-180708-belgiquerwanda-la-belgique-pourrait-executer-des-mandats-contre-le-fpr-meire907.html#respond\"]}]},{\"@type\":\"WebPage\",\"@id\":\"https:\/\/www.justiceinfo.net\/fr\/4117-180708-belgiquerwanda-la-belgique-pourrait-executer-des-mandats-contre-le-fpr-meire907.html\",\"url\":\"https:\/\/www.justiceinfo.net\/fr\/4117-180708-belgiquerwanda-la-belgique-pourrait-executer-des-mandats-contre-le-fpr-meire907.html\",\"name\":\"18.07.08 - BELGIQUE\/RWANDA - LA BELGIQUE POURRAIT EXECUTER DES MANDATS CONTRE LE FPR (MEIRE) - JusticeInfo.net\",\"isPartOf\":{\"@id\":\"https:\/\/www.justiceinfo.net\/fr#website\"},\"datePublished\":\"2008-07-19T09:22:41+00:00\",\"breadcrumb\":{\"@id\":\"https:\/\/www.justiceinfo.net\/fr\/4117-180708-belgiquerwanda-la-belgique-pourrait-executer-des-mandats-contre-le-fpr-meire907.html#breadcrumb\"},\"inLanguage\":\"fr-FR\",\"potentialAction\":[{\"@type\":\"ReadAction\",\"target\":[\"https:\/\/www.justiceinfo.net\/fr\/4117-180708-belgiquerwanda-la-belgique-pourrait-executer-des-mandats-contre-le-fpr-meire907.html\"]}]},{\"@type\":\"BreadcrumbList\",\"@id\":\"https:\/\/www.justiceinfo.net\/fr\/4117-180708-belgiquerwanda-la-belgique-pourrait-executer-des-mandats-contre-le-fpr-meire907.html#breadcrumb\",\"itemListElement\":[{\"@type\":\"ListItem\",\"position\":1,\"name\":\"Home\",\"item\":\"https:\/\/www.justiceinfo.net\/fr\"},{\"@type\":\"ListItem\",\"position\":2,\"name\":\"18.07.08 - BELGIQUE\/RWANDA - LA BELGIQUE POURRAIT EXECUTER DES MANDATS CONTRE LE FPR (MEIRE)\"}]},{\"@type\":\"WebSite\",\"@id\":\"https:\/\/www.justiceinfo.net\/fr#website\",\"url\":\"https:\/\/www.justiceinfo.net\/fr\",\"name\":\"JusticeInfo.net\",\"description\":\"La justice doit \u00eatre vue pour \u00eatre rendue\",\"publisher\":{\"@id\":\"https:\/\/www.justiceinfo.net\/fr#organization\"},\"potentialAction\":[{\"@type\":\"SearchAction\",\"target\":{\"@type\":\"EntryPoint\",\"urlTemplate\":\"https:\/\/www.justiceinfo.net\/fr?s={search_term_string}\"},\"query-input\":{\"@type\":\"PropertyValueSpecification\",\"valueRequired\":true,\"valueName\":\"search_term_string\"}}],\"inLanguage\":\"fr-FR\"},{\"@type\":\"Organization\",\"@id\":\"https:\/\/www.justiceinfo.net\/fr#organization\",\"name\":\"Justice Info\",\"url\":\"https:\/\/www.justiceinfo.net\/fr\",\"logo\":{\"@type\":\"ImageObject\",\"inLanguage\":\"fr-FR\",\"@id\":\"https:\/\/www.justiceinfo.net\/fr#\/schema\/logo\/image\/\",\"url\":\"https:\/\/www.justiceinfo.net\/wp-content\/uploads\/justiceinfo_logo-trans_1200x1200px.png\",\"contentUrl\":\"https:\/\/www.justiceinfo.net\/wp-content\/uploads\/justiceinfo_logo-trans_1200x1200px.png\",\"width\":1199,\"height\":1200,\"caption\":\"Justice Info\"},\"image\":{\"@id\":\"https:\/\/www.justiceinfo.net\/fr#\/schema\/logo\/image\/\"},\"sameAs\":[\"https:\/\/www.facebook.com\/JusticeInfo\/\",\"https:\/\/x.com\/justiceinfonet\",\"https:\/\/www.linkedin.com\/company\/justice-info\",\"https:\/\/www.youtube.com\/channel\/UCyCEsARodyuWtkWyhn-e7pA\"]},{\"@type\":\"Person\",\"name\":\"solivri\",\"url\":\"\/fr\/?s=solivri\"}]}<\/script>\n<!-- \/ Yoast SEO Premium plugin. -->","yoast_head_json":{"title":"18.07.08 - BELGIQUE\/RWANDA - LA BELGIQUE POURRAIT EXECUTER DES MANDATS CONTRE LE FPR (MEIRE) - JusticeInfo.net","robots":{"index":"index","follow":"follow","max-snippet":"max-snippet:-1","max-image-preview":"max-image-preview:large","max-video-preview":"max-video-preview:-1"},"canonical":"https:\/\/www.justiceinfo.net\/fr\/4117-180708-belgiquerwanda-la-belgique-pourrait-executer-des-mandats-contre-le-fpr-meire907.html","og_locale":"fr_FR","og_type":"article","og_title":"18.07.08 - BELGIQUE\/RWANDA - LA BELGIQUE POURRAIT EXECUTER DES MANDATS CONTRE LE FPR (MEIRE)","og_description":"Bruxelles, 18 Juillet 2008 (FH) - Philippe Meire, le procureur f\u00e9d\u00e9ral belge reste d\u00e9termin\u00e9 \u00e0 faire ex\u00e9cuter sur le sol belge, le cas \u00e9ch\u00e9ant, les mandats d'arr\u00eat europ\u00e9ens espagnols qui visent des membres du Front patriotique rwandais (FPR), au pouvoir \u00e0 Kigali. \u00abSoyons clairs : ces mandats seraient ex\u00e9cut\u00e9s en dehors des personnes b\u00e9n\u00e9ficiant d'une [&hellip;]","og_url":"https:\/\/www.justiceinfo.net\/fr\/4117-180708-belgiquerwanda-la-belgique-pourrait-executer-des-mandats-contre-le-fpr-meire907.html","og_site_name":"JusticeInfo.net","article_publisher":"https:\/\/www.facebook.com\/JusticeInfo\/","article_published_time":"2008-07-19T09:22:41+00:00","og_image":[{"width":1200,"height":630,"url":"https:\/\/www.justiceinfo.net\/wp-content\/uploads\/JusticeInfoNet_logo_1200x630px.jpg","type":"image\/jpeg"}],"author":"solivri","twitter_card":"summary_large_image","twitter_creator":"@justiceinfonet","twitter_site":"@justiceinfonet","twitter_misc":{"\u00c9crit par":"solivri","Dur\u00e9e de lecture estim\u00e9e":"2 minutes"},"schema":{"@context":"https:\/\/schema.org","@graph":[{"@type":"NewsArticle","@id":"https:\/\/www.justiceinfo.net\/fr\/4117-180708-belgiquerwanda-la-belgique-pourrait-executer-des-mandats-contre-le-fpr-meire907.html#article","isPartOf":{"@id":"https:\/\/www.justiceinfo.net\/fr\/4117-180708-belgiquerwanda-la-belgique-pourrait-executer-des-mandats-contre-le-fpr-meire907.html"},"author":{"name":"solivri","@id":"https:\/\/www.justiceinfo.net\/fr#\/schema\/person\/6e53cba1629e2e66f3fc1821d3091865"},"headline":"18.07.08 - BELGIQUE\/RWANDA - LA BELGIQUE POURRAIT EXECUTER DES MANDATS CONTRE LE FPR (MEIRE)","datePublished":"2008-07-19T09:22:41+00:00","mainEntityOfPage":{"@id":"https:\/\/www.justiceinfo.net\/fr\/4117-180708-belgiquerwanda-la-belgique-pourrait-executer-des-mandats-contre-le-fpr-meire907.html"},"wordCount":495,"commentCount":0,"publisher":{"@id":"https:\/\/www.justiceinfo.net\/fr#organization"},"articleSection":["Hirondelle News"],"inLanguage":"fr-FR","potentialAction":[{"@type":"CommentAction","name":"Comment","target":["https:\/\/www.justiceinfo.net\/fr\/4117-180708-belgiquerwanda-la-belgique-pourrait-executer-des-mandats-contre-le-fpr-meire907.html#respond"]}]},{"@type":"WebPage","@id":"https:\/\/www.justiceinfo.net\/fr\/4117-180708-belgiquerwanda-la-belgique-pourrait-executer-des-mandats-contre-le-fpr-meire907.html","url":"https:\/\/www.justiceinfo.net\/fr\/4117-180708-belgiquerwanda-la-belgique-pourrait-executer-des-mandats-contre-le-fpr-meire907.html","name":"18.07.08 - BELGIQUE\/RWANDA - LA BELGIQUE POURRAIT EXECUTER DES MANDATS CONTRE LE FPR (MEIRE) - JusticeInfo.net","isPartOf":{"@id":"https:\/\/www.justiceinfo.net\/fr#website"},"datePublished":"2008-07-19T09:22:41+00:00","breadcrumb":{"@id":"https:\/\/www.justiceinfo.net\/fr\/4117-180708-belgiquerwanda-la-belgique-pourrait-executer-des-mandats-contre-le-fpr-meire907.html#breadcrumb"},"inLanguage":"fr-FR","potentialAction":[{"@type":"ReadAction","target":["https:\/\/www.justiceinfo.net\/fr\/4117-180708-belgiquerwanda-la-belgique-pourrait-executer-des-mandats-contre-le-fpr-meire907.html"]}]},{"@type":"BreadcrumbList","@id":"https:\/\/www.justiceinfo.net\/fr\/4117-180708-belgiquerwanda-la-belgique-pourrait-executer-des-mandats-contre-le-fpr-meire907.html#breadcrumb","itemListElement":[{"@type":"ListItem","position":1,"name":"Home","item":"https:\/\/www.justiceinfo.net\/fr"},{"@type":"ListItem","position":2,"name":"18.07.08 - BELGIQUE\/RWANDA - LA BELGIQUE POURRAIT EXECUTER DES MANDATS CONTRE LE FPR (MEIRE)"}]},{"@type":"WebSite","@id":"https:\/\/www.justiceinfo.net\/fr#website","url":"https:\/\/www.justiceinfo.net\/fr","name":"JusticeInfo.net","description":"La justice doit \u00eatre vue pour \u00eatre rendue","publisher":{"@id":"https:\/\/www.justiceinfo.net\/fr#organization"},"potentialAction":[{"@type":"SearchAction","target":{"@type":"EntryPoint","urlTemplate":"https:\/\/www.justiceinfo.net\/fr?s={search_term_string}"},"query-input":{"@type":"PropertyValueSpecification","valueRequired":true,"valueName":"search_term_string"}}],"inLanguage":"fr-FR"},{"@type":"Organization","@id":"https:\/\/www.justiceinfo.net\/fr#organization","name":"Justice Info","url":"https:\/\/www.justiceinfo.net\/fr","logo":{"@type":"ImageObject","inLanguage":"fr-FR","@id":"https:\/\/www.justiceinfo.net\/fr#\/schema\/logo\/image\/","url":"https:\/\/www.justiceinfo.net\/wp-content\/uploads\/justiceinfo_logo-trans_1200x1200px.png","contentUrl":"https:\/\/www.justiceinfo.net\/wp-content\/uploads\/justiceinfo_logo-trans_1200x1200px.png","width":1199,"height":1200,"caption":"Justice Info"},"image":{"@id":"https:\/\/www.justiceinfo.net\/fr#\/schema\/logo\/image\/"},"sameAs":["https:\/\/www.facebook.com\/JusticeInfo\/","https:\/\/x.com\/justiceinfonet","https:\/\/www.linkedin.com\/company\/justice-info","https:\/\/www.youtube.com\/channel\/UCyCEsARodyuWtkWyhn-e7pA"]},{"@type":"Person","name":"solivri","url":"\/fr\/?s=solivri"}]}},"_links":{"self":[{"href":"https:\/\/www.justiceinfo.net\/fr\/wp-json\/wp\/v2\/posts\/4117","targetHints":{"allow":["GET"]}}],"collection":[{"href":"https:\/\/www.justiceinfo.net\/fr\/wp-json\/wp\/v2\/posts"}],"about":[{"href":"https:\/\/www.justiceinfo.net\/fr\/wp-json\/wp\/v2\/types\/post"}],"author":[{"embeddable":true,"href":"https:\/\/www.justiceinfo.net\/fr\/wp-json\/wp\/v2\/users\/64"}],"replies":[{"embeddable":true,"href":"https:\/\/www.justiceinfo.net\/fr\/wp-json\/wp\/v2\/comments?post=4117"}],"version-history":[{"count":0,"href":"https:\/\/www.justiceinfo.net\/fr\/wp-json\/wp\/v2\/posts\/4117\/revisions"}],"wp:attachment":[{"href":"https:\/\/www.justiceinfo.net\/fr\/wp-json\/wp\/v2\/media?parent=4117"}],"wp:term":[{"taxonomy":"category","embeddable":true,"href":"https:\/\/www.justiceinfo.net\/fr\/wp-json\/wp\/v2\/categories?post=4117"},{"taxonomy":"post_tag","embeddable":true,"href":"https:\/\/www.justiceinfo.net\/fr\/wp-json\/wp\/v2\/tags?post=4117"},{"taxonomy":"ji_location","embeddable":true,"href":"https:\/\/www.justiceinfo.net\/fr\/wp-json\/wp\/v2\/ji_location?post=4117"}],"curies":[{"name":"wp","href":"https:\/\/api.w.org\/{rel}","templated":true}]}}