{"id":41208,"date":"2019-04-23T14:55:56","date_gmt":"2019-04-23T12:55:56","guid":{"rendered":"https:\/\/www.justiceinfo.net\/41208-la-gambie-deterre-son-passe.html"},"modified":"2019-04-23T14:55:56","modified_gmt":"2019-04-23T12:55:56","slug":"la-gambie-deterre-son-passe","status":"publish","type":"post","link":"https:\/\/www.justiceinfo.net\/fr\/41208-la-gambie-deterre-son-passe.html","title":{"rendered":"La Gambie d\u00e9terre son pass\u00e9"},"content":{"rendered":"<p><strong>Alors que la Commission v\u00e9rit\u00e9, r\u00e9conciliation et r\u00e9paration continue d'entendre des t\u00e9moins de haut rang concernant l'assassinat de soldats en novembre 1994, une \u00e9quipe de police scientifique a d\u00e9couvert les restes de sept corps. Ce sont probablement ceux de certains des soldats ex\u00e9cut\u00e9s. Et les recherches se poursuivent.<\/strong><\/p>\n<p><!--more--><\/p>\n<p>Il y a \u00e0 peine deux semaines, Thomas Gomez, le seul m\u00e9decin l\u00e9giste gambien, entamait une t\u00e2che incertaine. A la t\u00eate d\u2019une \u00e9quipe d'enqu\u00eateurs de la Commission V\u00e9rit\u00e9, r\u00e9conciliation et r\u00e9paration (TRRC) et de la police gambienne, il esp\u00e8re exhumer les restes de pr\u00e8s de deux douzaines de soldats tu\u00e9s le 11 novembre 1994 pour avoir organis\u00e9 un contre-coup d\u2019\u00e9tat contre le chef de la junte Yahya Jammeh.<\/p>\n<p>Une superficie de 70 m<sup>2<\/sup> avait d'abord \u00e9t\u00e9 identifi\u00e9e par divers t\u00e9moins comme \u00e9tant l\u2019emplacement de possibles fosses communes au sein de la caserne de Yundum, le plus grand campement militaire du pays, \u00e0 plus d'une heure de route de Banjul. Une semaine de fouilles n'avait cependant rien r\u00e9v\u00e9l\u00e9.<\/p>\n<p>L'\u00e9quipe s'appuie sur les t\u00e9moignages et les indications de soldats, dont certains n\u2019ont pas \u00e9t\u00e9 consid\u00e9r\u00e9s comme tr\u00e8s honn\u00eates par la Commission. Tout le monde commen\u00e7ait donc \u00e0 d\u00e9sesp\u00e9rer. Mais Gomez avait auparavant d\u00e9clar\u00e9 aux journalistes que lui et son \u00e9quipe \u00e9taient pr\u00eats \u00e0 fouiller toute cette zone, s\u2019\u00e9talant sur environ 180 m<sup>2<\/sup>. Il savait aussi que lorsqu'il s'agit de localiser des fosses communes, les t\u00e9moignages de t\u00e9moins oculaires ne sont pas \"toujours exacts\".\u00a0<\/p>\n<p>Et le lundi 15 avril, les enqu\u00eateurs ont eu de la chance. Les restes de sept corps ont \u00e9t\u00e9 retrouv\u00e9s.<\/p>\n<h3>Deuil et soulagement<\/h3>\n<p>Le lendemain, les familles des soldats disparus ont accompagn\u00e9 les enqu\u00eateurs et les 11 commissaires de la TRRC sur le site du charnier. L'avocat principal de la Commission, Essa Faal, les avait pr\u00e9par\u00e9s au fait que ce qu'ils verraient ne ressemblerait pas aux parents qu'ils avaient connus. Ce qu\u2019ils devaient d\u00e9couvrir \u00e9taient des ossements, dont sept cr\u00e2nes. Pour beaucoup d'\u00e9pouses, de fr\u00e8res, de parents et de s\u0153urs des victimes, le moment fut trop \u00e9mouvant pour retenir leurs larmes.\u00a0<\/p>\n<p>Mais ce fut aussi un moment de soulagement. \"Nous n'avons jamais pens\u00e9 qu'un jour comme celui-ci arriverait. Nous sommes heureux que justice soit enfin faite\", d\u00e9clare Mamudou Sillah, le fr\u00e8re de l\u2019\u00e9l\u00e8ve officier Amadou Sillah, une des victimes du 11 novembre. Pendant plus de deux d\u00e9cennies, les familles des victimes n'ont pas seulement d\u00fb faire face \u00e0 la douleur d\u2019avoir perdu des \u00eatres chers, elles n\u2019ont pas pu parler ouvertement de leur peine. Le r\u00e9gime militaire avait d\u00e9nonc\u00e9 ces soldats en tant que complices du coup d'\u00c9tat et affirm\u00e9 qu'ils \u00e9taient morts dans une fusillade. Personne ne pouvait contester le r\u00e9cit officiel et les familles n'avaient pas m\u00eame eu l'occasion d\u2019honorer leurs morts. Les militaires avaient d\u00e9cid\u00e9 unilat\u00e9ralement de les enterrer dans une fosse commune anonyme, dans l\u2019enceinte de la caserne.<\/p>\n<p>\"Nous avons pleur\u00e9 pendant plus de 20 ans sans m\u00eame avoir une tribune o\u00f9 nous exprimer\", dit Fatou Sowe, \u00e9pouse du Sgt Fafa Nyang, un des soldats tu\u00e9s. \"Apr\u00e8s la mort de Gibril Saye, il m'a fallu neuf ans pour me remarier. Pour moi, c'\u00e9tait comme s'il n'\u00e9tait pas mort, mais aujourd'hui, je peux \u00eatre en paix en sachant qu'il a \u00e9t\u00e9 tu\u00e9,\" ajoute Mbaya Demba, \u00e9pouse de feu Ltn Gibril Saye. \"C\u2019est un soulagement pour nous, nous sommes reconnaissants pour le travail accompli par la TRRC\", ajoute Fatou Manneh, s\u0153ur de Bakary Manneh, surnomm\u00e9 Nyancho, qui avait 26 ans quand il a \u00e9t\u00e9 ex\u00e9cut\u00e9.<\/p>\n<h3>Dans l\u2019attente de la preuve ADN<\/h3>\n<p>Une partie du mandat de la Commission v\u00e9rit\u00e9 en Gambie est d'enqu\u00eater et de faire la lumi\u00e8re sur le sort des disparus. La Commission doit relever le d\u00e9fi de r\u00e9pondre aux attentes des familles tout en travaillant avec des capacit\u00e9s limit\u00e9es.<\/p>\n<p>Thomas Gomez indique qu'il existe deux autres fosses communes potentielles \u00e0 creuser au m\u00eame endroit. Les enqu\u00eateurs s'attendent \u00e0 trouver d'autres corps. Le pr\u00e9sident de la Commission, Lamin Sise, a assur\u00e9 les familles qu'ils feront tout pour obtenir plus de r\u00e9sultats. \"Si quelqu'un doute que des gens ont \u00e9t\u00e9 tu\u00e9s ou non, et qu'ils ont \u00e9t\u00e9 enterr\u00e9s dans des fosses communes, en voici la preuve\", a affirm\u00e9 Sise, en montrant les squelettes d\u00e9couverts.<\/p>\n<p>\u00c0 ce jour, les restes n'ont pas encore fait l'objet de tests ADN. Cependant, de premiers \u00e9l\u00e9ments semblent indiquer que les restes sont bien ceux des soldats tu\u00e9s. Les \u00e9l\u00e9ments de preuve concordent avec les informations communiqu\u00e9es \u00e0 la Commission. Par exemple, les t\u00e9moignages all\u00e9guaient que les victimes avaient eu les mains li\u00e9es et qu'elles \u00e9taient \u00e0 moiti\u00e9 nues lorsqu'elles ont \u00e9t\u00e9 tu\u00e9es et enterr\u00e9es. Dans la tombe, les enqu\u00eateurs ont trouv\u00e9 sept fils \u00e9lectriques et sept sous-v\u00eatements us\u00e9s. \"Cela pourrait t\u00e9moigner du fait qu'ils \u00e9taient presque \u00e0 moiti\u00e9 nus lorsqu'ils ont \u00e9t\u00e9 enterr\u00e9s\", a d\u00e9clar\u00e9 Gomez. Les cr\u00e2nes pointent dans diff\u00e9rentes directions, ce qui sugg\u00e8re que les corps ont \u00e9t\u00e9 jet\u00e9s dans la fosse. Cela est \u00e9galement conforme aux d\u00e9positions devant la Commission. Les enqu\u00eateurs ont, par ailleurs, trouv\u00e9 une bague dans la fosse commune, bien que l'on ne sache pas exactement qui aurait pu la porter. Aucune balle n'a \u00e9t\u00e9 trouv\u00e9e jusqu'\u00e0 pr\u00e9sent.<\/p>\n<p>Ce sont les tests ADN qui vont maintenant aider \u00e0 confirmer l'identit\u00e9 des corps d\u00e9couverts.<\/p>\n<div class=\"content-encadre\" style=\"margin-top: 30px;\">\n<p><strong>SE SOUVENIR DE SOLO SANDENG<br \/><\/strong><\/p>\n<p>Le 14 avril, les Gambiens ont comm\u00e9mor\u00e9 le militant de l'opposition Ebrima Solo Sandeng, d\u00e9c\u00e9d\u00e9 en garde \u00e0 vue apr\u00e8s son arrestation par des agents de l'\u00c9tat lors d'une manifestation, en 2016. La mort de Sandeng est g\u00e9n\u00e9ralement consid\u00e9r\u00e9e en Gambie comme le d\u00e9clencheur de la r\u00e9volution qui a finalement renvers\u00e9 l'ancien pr\u00e9sident Yahya Jammeh.<\/p>\n<p style=\"text-align: center;\"><strong>Reportage lors des comm\u00e9morations du 14 avril<\/strong><br \/><iframe src=\"https:\/\/www.youtube.com\/embed\/MbBhC75dt7k\" frameborder=\"0\" allowfullscreen=\"yes\"><\/iframe><em>Cette vid\u00e9o (en anglais non sous-titr\u00e9) propose, entre autres, un entretien avec le c\u00e9l\u00e8bre avocat sp\u00e9cialiste des droits humains Reed Brody.<\/em><\/p>\n<p>Le 14 avril 2016, Sandeng m\u00e8ne dans la rue un petit groupe de militants de l'opposition, principalement des membres du Parti d\u00e9mocratique uni (UDP), pour exiger une \"r\u00e9forme \u00e9lectorale r\u00e9elle\". Des paramilitaires l'arr\u00eatent avec une douzaine d'autres. Ils sont ensuite emmen\u00e9s \u00e0 l\u2019Agence nationale de renseignements (NIA), o\u00f9 Sandeng meurt.<\/p>\n<p>Deux jours plus tard, Ousainou Darboe, chef de l'UDP, descend dans la rue pour exiger le corps de Solo Sandeng, mort ou vif. Il est \u00e0 son tour arr\u00eat\u00e9, jug\u00e9 et condamn\u00e9 \u00e0 trois ans de prison. Depuis lors, son parti soutient que Sandeng et ses coll\u00e8gues ont \u00e9t\u00e9 impitoyablement tortur\u00e9s par des agents de l'\u00c9tat, entra\u00eenant la mort de Sandeng. Selon les autorit\u00e9s de l'\u00e9poque, le militant de l'opposition est mort d'un choc respiratoire en prison.<\/p>\n<p>Suite \u00e0 la d\u00e9faite \u00e9lectorale de Jammeh, le 1er d\u00e9cembre 2016, et \u00e0 sa fuite en exil un mois plus tard, huit hauts responsables de la NIA ont \u00e9t\u00e9 accus\u00e9s du meurtre pr\u00e9sum\u00e9 de Sandeng. A ce jour, plus d'une trentaine de t\u00e9moins ont d\u00e9pos\u00e9, la preuve \u00e0 charge touche \u00e0 sa fin et la d\u00e9fense se pr\u00e9pare \u00e0 pr\u00e9senter la sienne.<\/p>\n<p style=\"text-align: left;\">Cette ann\u00e9e, la comm\u00e9moration a \u00e9t\u00e9 men\u00e9e par l'UDP sous la forme d'une procession et d'une \"conf\u00e9rence comm\u00e9morative\" sur la fa\u00e7on dont la Gambie pourrait renforcer sa jeune d\u00e9mocratie, pour laquelle Sandeng et d'autres sont morts.<\/p>\n<\/div>\n","protected":false},"excerpt":{"rendered":"<p>Alors que la Commission v\u00e9rit\u00e9, r\u00e9conciliation et r\u00e9paration continue d'entendre des t\u00e9moins de haut rang concernant l'assassinat de soldats en novembre 1994, une \u00e9quipe de police scientifique a d\u00e9couvert les restes de sept corps. Ce sont probablement ceux de certains des soldats ex\u00e9cut\u00e9s. Et les recherches se poursuivent.<\/p>\n","protected":false},"author":73,"featured_media":65139,"comment_status":"open","ping_status":"closed","sticky":false,"template":"","format":"standard","meta":{"_acf_changed":false,"footnotes":""},"categories":[548],"tags":[],"ji_location":[2508],"class_list":["post-41208","post","type-post","status-publish","format-standard","has-post-thumbnail","hentry","category-commissions-verite","ji_location-gambie"],"acf":[],"yoast_head":"<!-- This site is optimized with the Yoast SEO Premium plugin v25.3.1 (Yoast SEO v25.3.1) - https:\/\/yoast.com\/wordpress\/plugins\/seo\/ -->\n<title>La Gambie d\u00e9terre son pass\u00e9 - JusticeInfo.net<\/title>\n<meta name=\"robots\" content=\"index, follow, max-snippet:-1, max-image-preview:large, max-video-preview:-1\" \/>\n<link rel=\"canonical\" href=\"https:\/\/www.justiceinfo.net\/fr\/41208-la-gambie-deterre-son-passe.html\" \/>\n<meta property=\"og:locale\" content=\"fr_FR\" \/>\n<meta property=\"og:type\" content=\"article\" \/>\n<meta property=\"og:title\" content=\"La Gambie d\u00e9terre son pass\u00e9\" \/>\n<meta property=\"og:description\" content=\"Alors que la Commission v\u00e9rit\u00e9, r\u00e9conciliation et r\u00e9paration continue d&#039;entendre des t\u00e9moins de haut rang concernant l&#039;assassinat de soldats en novembre 1994, une \u00e9quipe de police scientifique a d\u00e9couvert les restes de sept corps. Ce sont probablement ceux de certains des soldats ex\u00e9cut\u00e9s. Et les recherches se poursuivent.\" \/>\n<meta property=\"og:url\" content=\"https:\/\/www.justiceinfo.net\/fr\/41208-la-gambie-deterre-son-passe.html\" \/>\n<meta property=\"og:site_name\" content=\"JusticeInfo.net\" \/>\n<meta property=\"article:publisher\" content=\"https:\/\/www.facebook.com\/JusticeInfo\/\" \/>\n<meta property=\"article:published_time\" content=\"2019-04-23T12:55:56+00:00\" \/>\n<meta property=\"og:image\" content=\"https:\/\/www.justiceinfo.net\/wp-content\/uploads\/e532bbda5c98f64d73b7dc5df2fcd20a.jpg\" \/>\n\t<meta property=\"og:image:width\" content=\"1200\" \/>\n\t<meta property=\"og:image:height\" content=\"900\" \/>\n\t<meta property=\"og:image:type\" content=\"image\/jpeg\" \/>\n<meta name=\"author\" content=\"Mustapha K. Darboe\" \/>\n<meta name=\"twitter:card\" content=\"summary_large_image\" \/>\n<meta name=\"twitter:creator\" content=\"@justiceinfonet\" \/>\n<meta name=\"twitter:site\" content=\"@justiceinfonet\" \/>\n<meta name=\"twitter:label1\" content=\"\u00c9crit par\" \/>\n\t<meta name=\"twitter:data1\" content=\"Mustapha K. Darboe\" \/>\n\t<meta name=\"twitter:label2\" content=\"Dur\u00e9e de lecture estim\u00e9e\" \/>\n\t<meta name=\"twitter:data2\" content=\"7 minutes\" \/>\n<script type=\"application\/ld+json\" class=\"yoast-schema-graph\">{\"@context\":\"https:\/\/schema.org\",\"@graph\":[{\"@type\":\"NewsArticle\",\"@id\":\"https:\/\/www.justiceinfo.net\/fr\/41208-la-gambie-deterre-son-passe.html#article\",\"isPartOf\":{\"@id\":\"https:\/\/www.justiceinfo.net\/fr\/41208-la-gambie-deterre-son-passe.html\"},\"author\":{\"name\":\"mdarboe\",\"@id\":\"https:\/\/www.justiceinfo.net\/fr#\/schema\/person\/87683ef8eb6db0f513bc2be3db6f3012\"},\"headline\":\"La Gambie d\u00e9terre son pass\u00e9\",\"datePublished\":\"2019-04-23T12:55:56+00:00\",\"mainEntityOfPage\":{\"@id\":\"https:\/\/www.justiceinfo.net\/fr\/41208-la-gambie-deterre-son-passe.html\"},\"wordCount\":1361,\"commentCount\":0,\"publisher\":{\"@id\":\"https:\/\/www.justiceinfo.net\/fr#organization\"},\"image\":{\"@id\":\"https:\/\/www.justiceinfo.net\/fr\/41208-la-gambie-deterre-son-passe.html#primaryimage\"},\"thumbnailUrl\":\"https:\/\/www.justiceinfo.net\/wp-content\/uploads\/e532bbda5c98f64d73b7dc5df2fcd20a.jpg\",\"articleSection\":[\"Commissions v\u00e9rit\u00e9\"],\"inLanguage\":\"fr-FR\",\"potentialAction\":[{\"@type\":\"CommentAction\",\"name\":\"Comment\",\"target\":[\"https:\/\/www.justiceinfo.net\/fr\/41208-la-gambie-deterre-son-passe.html#respond\"]}]},{\"@type\":\"WebPage\",\"@id\":\"https:\/\/www.justiceinfo.net\/fr\/41208-la-gambie-deterre-son-passe.html\",\"url\":\"https:\/\/www.justiceinfo.net\/fr\/41208-la-gambie-deterre-son-passe.html\",\"name\":\"La Gambie d\u00e9terre son pass\u00e9 - JusticeInfo.net\",\"isPartOf\":{\"@id\":\"https:\/\/www.justiceinfo.net\/fr#website\"},\"primaryImageOfPage\":{\"@id\":\"https:\/\/www.justiceinfo.net\/fr\/41208-la-gambie-deterre-son-passe.html#primaryimage\"},\"image\":{\"@id\":\"https:\/\/www.justiceinfo.net\/fr\/41208-la-gambie-deterre-son-passe.html#primaryimage\"},\"thumbnailUrl\":\"https:\/\/www.justiceinfo.net\/wp-content\/uploads\/e532bbda5c98f64d73b7dc5df2fcd20a.jpg\",\"datePublished\":\"2019-04-23T12:55:56+00:00\",\"breadcrumb\":{\"@id\":\"https:\/\/www.justiceinfo.net\/fr\/41208-la-gambie-deterre-son-passe.html#breadcrumb\"},\"inLanguage\":\"fr-FR\",\"potentialAction\":[{\"@type\":\"ReadAction\",\"target\":[\"https:\/\/www.justiceinfo.net\/fr\/41208-la-gambie-deterre-son-passe.html\"]}]},{\"@type\":\"ImageObject\",\"inLanguage\":\"fr-FR\",\"@id\":\"https:\/\/www.justiceinfo.net\/fr\/41208-la-gambie-deterre-son-passe.html#primaryimage\",\"url\":\"https:\/\/www.justiceinfo.net\/wp-content\/uploads\/e532bbda5c98f64d73b7dc5df2fcd20a.jpg\",\"contentUrl\":\"https:\/\/www.justiceinfo.net\/wp-content\/uploads\/e532bbda5c98f64d73b7dc5df2fcd20a.jpg\",\"width\":1200,\"height\":900},{\"@type\":\"BreadcrumbList\",\"@id\":\"https:\/\/www.justiceinfo.net\/fr\/41208-la-gambie-deterre-son-passe.html#breadcrumb\",\"itemListElement\":[{\"@type\":\"ListItem\",\"position\":1,\"name\":\"Home\",\"item\":\"https:\/\/www.justiceinfo.net\/fr\"},{\"@type\":\"ListItem\",\"position\":2,\"name\":\"La Gambie d\u00e9terre son pass\u00e9\"}]},{\"@type\":\"WebSite\",\"@id\":\"https:\/\/www.justiceinfo.net\/fr#website\",\"url\":\"https:\/\/www.justiceinfo.net\/fr\",\"name\":\"JusticeInfo.net\",\"description\":\"La justice doit \u00eatre vue pour \u00eatre rendue\",\"publisher\":{\"@id\":\"https:\/\/www.justiceinfo.net\/fr#organization\"},\"potentialAction\":[{\"@type\":\"SearchAction\",\"target\":{\"@type\":\"EntryPoint\",\"urlTemplate\":\"https:\/\/www.justiceinfo.net\/fr?s={search_term_string}\"},\"query-input\":{\"@type\":\"PropertyValueSpecification\",\"valueRequired\":true,\"valueName\":\"search_term_string\"}}],\"inLanguage\":\"fr-FR\"},{\"@type\":\"Organization\",\"@id\":\"https:\/\/www.justiceinfo.net\/fr#organization\",\"name\":\"Justice Info\",\"url\":\"https:\/\/www.justiceinfo.net\/fr\",\"logo\":{\"@type\":\"ImageObject\",\"inLanguage\":\"fr-FR\",\"@id\":\"https:\/\/www.justiceinfo.net\/fr#\/schema\/logo\/image\/\",\"url\":\"https:\/\/www.justiceinfo.net\/wp-content\/uploads\/justiceinfo_logo-trans_1200x1200px.png\",\"contentUrl\":\"https:\/\/www.justiceinfo.net\/wp-content\/uploads\/justiceinfo_logo-trans_1200x1200px.png\",\"width\":1199,\"height\":1200,\"caption\":\"Justice Info\"},\"image\":{\"@id\":\"https:\/\/www.justiceinfo.net\/fr#\/schema\/logo\/image\/\"},\"sameAs\":[\"https:\/\/www.facebook.com\/JusticeInfo\/\",\"https:\/\/x.com\/justiceinfonet\",\"https:\/\/www.linkedin.com\/company\/justice-info\",\"https:\/\/www.youtube.com\/channel\/UCyCEsARodyuWtkWyhn-e7pA\"]},{\"@type\":\"Person\",\"name\":\"Mustapha K. Darboe\",\"url\":\"https:\/\/www.justiceinfo.net\/fr\/auteur\/mdarboe\"}]}<\/script>\n<!-- \/ Yoast SEO Premium plugin. -->","yoast_head_json":{"title":"La Gambie d\u00e9terre son pass\u00e9 - JusticeInfo.net","robots":{"index":"index","follow":"follow","max-snippet":"max-snippet:-1","max-image-preview":"max-image-preview:large","max-video-preview":"max-video-preview:-1"},"canonical":"https:\/\/www.justiceinfo.net\/fr\/41208-la-gambie-deterre-son-passe.html","og_locale":"fr_FR","og_type":"article","og_title":"La Gambie d\u00e9terre son pass\u00e9","og_description":"Alors que la Commission v\u00e9rit\u00e9, r\u00e9conciliation et r\u00e9paration continue d'entendre des t\u00e9moins de haut rang concernant l'assassinat de soldats en novembre 1994, une \u00e9quipe de police scientifique a d\u00e9couvert les restes de sept corps. Ce sont probablement ceux de certains des soldats ex\u00e9cut\u00e9s. Et les recherches se poursuivent.","og_url":"https:\/\/www.justiceinfo.net\/fr\/41208-la-gambie-deterre-son-passe.html","og_site_name":"JusticeInfo.net","article_publisher":"https:\/\/www.facebook.com\/JusticeInfo\/","article_published_time":"2019-04-23T12:55:56+00:00","og_image":[{"width":1200,"height":900,"url":"https:\/\/www.justiceinfo.net\/wp-content\/uploads\/e532bbda5c98f64d73b7dc5df2fcd20a.jpg","type":"image\/jpeg"}],"author":"Mustapha K. Darboe","twitter_card":"summary_large_image","twitter_creator":"@justiceinfonet","twitter_site":"@justiceinfonet","twitter_misc":{"\u00c9crit par":"Mustapha K. Darboe","Dur\u00e9e de lecture estim\u00e9e":"7 minutes"},"schema":{"@context":"https:\/\/schema.org","@graph":[{"@type":"NewsArticle","@id":"https:\/\/www.justiceinfo.net\/fr\/41208-la-gambie-deterre-son-passe.html#article","isPartOf":{"@id":"https:\/\/www.justiceinfo.net\/fr\/41208-la-gambie-deterre-son-passe.html"},"author":{"name":"mdarboe","@id":"https:\/\/www.justiceinfo.net\/fr#\/schema\/person\/87683ef8eb6db0f513bc2be3db6f3012"},"headline":"La Gambie d\u00e9terre son pass\u00e9","datePublished":"2019-04-23T12:55:56+00:00","mainEntityOfPage":{"@id":"https:\/\/www.justiceinfo.net\/fr\/41208-la-gambie-deterre-son-passe.html"},"wordCount":1361,"commentCount":0,"publisher":{"@id":"https:\/\/www.justiceinfo.net\/fr#organization"},"image":{"@id":"https:\/\/www.justiceinfo.net\/fr\/41208-la-gambie-deterre-son-passe.html#primaryimage"},"thumbnailUrl":"https:\/\/www.justiceinfo.net\/wp-content\/uploads\/e532bbda5c98f64d73b7dc5df2fcd20a.jpg","articleSection":["Commissions v\u00e9rit\u00e9"],"inLanguage":"fr-FR","potentialAction":[{"@type":"CommentAction","name":"Comment","target":["https:\/\/www.justiceinfo.net\/fr\/41208-la-gambie-deterre-son-passe.html#respond"]}]},{"@type":"WebPage","@id":"https:\/\/www.justiceinfo.net\/fr\/41208-la-gambie-deterre-son-passe.html","url":"https:\/\/www.justiceinfo.net\/fr\/41208-la-gambie-deterre-son-passe.html","name":"La Gambie d\u00e9terre son pass\u00e9 - JusticeInfo.net","isPartOf":{"@id":"https:\/\/www.justiceinfo.net\/fr#website"},"primaryImageOfPage":{"@id":"https:\/\/www.justiceinfo.net\/fr\/41208-la-gambie-deterre-son-passe.html#primaryimage"},"image":{"@id":"https:\/\/www.justiceinfo.net\/fr\/41208-la-gambie-deterre-son-passe.html#primaryimage"},"thumbnailUrl":"https:\/\/www.justiceinfo.net\/wp-content\/uploads\/e532bbda5c98f64d73b7dc5df2fcd20a.jpg","datePublished":"2019-04-23T12:55:56+00:00","breadcrumb":{"@id":"https:\/\/www.justiceinfo.net\/fr\/41208-la-gambie-deterre-son-passe.html#breadcrumb"},"inLanguage":"fr-FR","potentialAction":[{"@type":"ReadAction","target":["https:\/\/www.justiceinfo.net\/fr\/41208-la-gambie-deterre-son-passe.html"]}]},{"@type":"ImageObject","inLanguage":"fr-FR","@id":"https:\/\/www.justiceinfo.net\/fr\/41208-la-gambie-deterre-son-passe.html#primaryimage","url":"https:\/\/www.justiceinfo.net\/wp-content\/uploads\/e532bbda5c98f64d73b7dc5df2fcd20a.jpg","contentUrl":"https:\/\/www.justiceinfo.net\/wp-content\/uploads\/e532bbda5c98f64d73b7dc5df2fcd20a.jpg","width":1200,"height":900},{"@type":"BreadcrumbList","@id":"https:\/\/www.justiceinfo.net\/fr\/41208-la-gambie-deterre-son-passe.html#breadcrumb","itemListElement":[{"@type":"ListItem","position":1,"name":"Home","item":"https:\/\/www.justiceinfo.net\/fr"},{"@type":"ListItem","position":2,"name":"La Gambie d\u00e9terre son pass\u00e9"}]},{"@type":"WebSite","@id":"https:\/\/www.justiceinfo.net\/fr#website","url":"https:\/\/www.justiceinfo.net\/fr","name":"JusticeInfo.net","description":"La justice doit \u00eatre vue pour \u00eatre rendue","publisher":{"@id":"https:\/\/www.justiceinfo.net\/fr#organization"},"potentialAction":[{"@type":"SearchAction","target":{"@type":"EntryPoint","urlTemplate":"https:\/\/www.justiceinfo.net\/fr?s={search_term_string}"},"query-input":{"@type":"PropertyValueSpecification","valueRequired":true,"valueName":"search_term_string"}}],"inLanguage":"fr-FR"},{"@type":"Organization","@id":"https:\/\/www.justiceinfo.net\/fr#organization","name":"Justice Info","url":"https:\/\/www.justiceinfo.net\/fr","logo":{"@type":"ImageObject","inLanguage":"fr-FR","@id":"https:\/\/www.justiceinfo.net\/fr#\/schema\/logo\/image\/","url":"https:\/\/www.justiceinfo.net\/wp-content\/uploads\/justiceinfo_logo-trans_1200x1200px.png","contentUrl":"https:\/\/www.justiceinfo.net\/wp-content\/uploads\/justiceinfo_logo-trans_1200x1200px.png","width":1199,"height":1200,"caption":"Justice Info"},"image":{"@id":"https:\/\/www.justiceinfo.net\/fr#\/schema\/logo\/image\/"},"sameAs":["https:\/\/www.facebook.com\/JusticeInfo\/","https:\/\/x.com\/justiceinfonet","https:\/\/www.linkedin.com\/company\/justice-info","https:\/\/www.youtube.com\/channel\/UCyCEsARodyuWtkWyhn-e7pA"]},{"@type":"Person","name":"Mustapha K. Darboe","url":"https:\/\/www.justiceinfo.net\/fr\/auteur\/mdarboe"}]}},"_links":{"self":[{"href":"https:\/\/www.justiceinfo.net\/fr\/wp-json\/wp\/v2\/posts\/41208","targetHints":{"allow":["GET"]}}],"collection":[{"href":"https:\/\/www.justiceinfo.net\/fr\/wp-json\/wp\/v2\/posts"}],"about":[{"href":"https:\/\/www.justiceinfo.net\/fr\/wp-json\/wp\/v2\/types\/post"}],"author":[{"embeddable":true,"href":"https:\/\/www.justiceinfo.net\/fr\/wp-json\/wp\/v2\/users\/73"}],"replies":[{"embeddable":true,"href":"https:\/\/www.justiceinfo.net\/fr\/wp-json\/wp\/v2\/comments?post=41208"}],"version-history":[{"count":0,"href":"https:\/\/www.justiceinfo.net\/fr\/wp-json\/wp\/v2\/posts\/41208\/revisions"}],"wp:featuredmedia":[{"embeddable":true,"href":"https:\/\/www.justiceinfo.net\/fr\/wp-json\/wp\/v2\/media\/65139"}],"wp:attachment":[{"href":"https:\/\/www.justiceinfo.net\/fr\/wp-json\/wp\/v2\/media?parent=41208"}],"wp:term":[{"taxonomy":"category","embeddable":true,"href":"https:\/\/www.justiceinfo.net\/fr\/wp-json\/wp\/v2\/categories?post=41208"},{"taxonomy":"post_tag","embeddable":true,"href":"https:\/\/www.justiceinfo.net\/fr\/wp-json\/wp\/v2\/tags?post=41208"},{"taxonomy":"ji_location","embeddable":true,"href":"https:\/\/www.justiceinfo.net\/fr\/wp-json\/wp\/v2\/ji_location?post=41208"}],"curies":[{"name":"wp","href":"https:\/\/api.w.org\/{rel}","templated":true}]}}