{"id":41592,"date":"2019-06-12T14:18:40","date_gmt":"2019-06-12T12:18:40","guid":{"rendered":"https:\/\/www.justiceinfo.net\/41592-heure-verite-gambie.html"},"modified":"2024-03-04T11:03:35","modified_gmt":"2024-03-04T10:03:35","slug":"heure-verite-gambie","status":"publish","type":"post","link":"https:\/\/www.justiceinfo.net\/fr\/41592-heure-verite-gambie.html","title":{"rendered":"L\u2019heure de la v\u00e9rit\u00e9 en Gambie"},"content":{"rendered":"<p><strong>Depuis janvier 2019, les Gambiens sont riv\u00e9s aux audiences publiques de la Commission v\u00e9rit\u00e9, r\u00e9conciliation et r\u00e9parations (TRRC). Cette commission a \u00e9t\u00e9 instaur\u00e9e pour rendre compte des violations des droits de l\u2019homme perp\u00e9tr\u00e9es sous le r\u00e9gime militaire de Yahya Jammeh, entre juillet 1994 \u00e0 janvier 2017. Justice Info rassemble dans ce dossier une couverture intensive de ce qui peut \u00eatre consid\u00e9r\u00e9 comme l\u2019\u00e9v\u00e9nement de l\u2019ann\u00e9e 2019 dans le domaine de la justice transitionnelle.<\/strong><\/p>\n<p><!--more--><\/p>\n<div class=\"content-encadre\" style=\"background-color: #fff;\">\n<p><strong>TOUS NOS ARTICLES SUR LA GAMBIE<br \/>\n<\/strong><\/p>\n<p>En attendant la publication de nos prochains articles in\u00e9dits d\u00e9di\u00e9s \u00e0 ce dossier sp\u00e9cial sur la Commission v\u00e9rit\u00e9 gambienne, <a href=\"fr\/regions\/gambie.html\">consultez l'ensemble de nos publications au sujet de la Gambie<\/a>, depuis 2015.<\/p>\n<\/div>\n<figure><img decoding=\"async\" title=\"Le TTRC en Gambie, une commission v\u00e9rit\u00e9 m\u00e9diatique et populaire (illustration de Didier Kassa\u00ef)\" src=\"media\/Gambia-TRRC_illustration-Didier-Kassai.jpg\" alt=\"Le TTRC en Gambie, une commission v\u00e9rit\u00e9 m\u00e9diatique et populaire (illustration de Didier Kassa\u00ef)\"><figcaption style=\"text-align: center;\">Illustration : \u00a9 Didier Kassa\u00ef pour JusticeInfo.net<\/figcaption><\/figure>\n","protected":false},"excerpt":{"rendered":"<p>Depuis janvier 2019, les Gambiens sont riv\u00e9s aux audiences publiques de la Commission v\u00e9rit\u00e9, r\u00e9conciliation et r\u00e9parations (TRRC). Cette commission a \u00e9t\u00e9 instaur\u00e9e pour rendre compte des violations des droits de l\u2019homme perp\u00e9tr\u00e9es sous le r\u00e9gime militaire de Yahya Jammeh, entre juillet 1994 \u00e0 janvier 2017. Justice Info rassemble dans ce dossier une couverture intensive [&hellip;]<\/p>\n","protected":false},"author":64,"featured_media":65317,"comment_status":"open","ping_status":"closed","sticky":false,"template":"","format":"standard","meta":{"_acf_changed":false,"footnotes":""},"categories":[548],"tags":[],"ji_location":[2508],"class_list":["post-41592","post","type-post","status-publish","format-standard","has-post-thumbnail","hentry","category-commissions-verite","ji_location-gambie"],"acf":[],"yoast_head":"<!-- This site is optimized with the Yoast SEO Premium plugin v25.3.1 (Yoast SEO v25.3.1) - https:\/\/yoast.com\/wordpress\/plugins\/seo\/ -->\n<title>L\u2019heure de la v\u00e9rit\u00e9 en Gambie - JusticeInfo.net<\/title>\n<meta name=\"description\" content=\"En Gambie, depuis janvier 2019, les habitants sont riv\u00e9s aux audiences publiques de la Commission v\u00e9rit\u00e9, r\u00e9conciliation et r\u00e9parations (TRRC). Cette commission a \u00e9t\u00e9 instaur\u00e9e pour rendre compte des violations des droits de l\u2019homme perp\u00e9tr\u00e9es sous le r\u00e9gime militaire de Yahya Jammeh, entre juillet 1994 \u00e0 janvier 2017. Justice Info rassemble dans ce dossier une couverture intensive de ce qui peut \u00eatre consid\u00e9r\u00e9 comme l\u2019\u00e9v\u00e9nement de l\u2019ann\u00e9e 2019 dans le domaine de la justice transitionnelle.\" \/>\n<meta name=\"robots\" content=\"index, follow, max-snippet:-1, max-image-preview:large, max-video-preview:-1\" \/>\n<link rel=\"canonical\" href=\"https:\/\/www.justiceinfo.net\/fr\/41592-heure-verite-gambie.html\" \/>\n<meta property=\"og:locale\" content=\"fr_FR\" \/>\n<meta property=\"og:type\" content=\"article\" \/>\n<meta property=\"og:title\" content=\"L\u2019heure de la v\u00e9rit\u00e9 en Gambie\" \/>\n<meta property=\"og:description\" content=\"En Gambie, depuis janvier 2019, les habitants sont riv\u00e9s aux audiences publiques de la Commission v\u00e9rit\u00e9, r\u00e9conciliation et r\u00e9parations (TRRC). Cette commission a \u00e9t\u00e9 instaur\u00e9e pour rendre compte des violations des droits de l\u2019homme perp\u00e9tr\u00e9es sous le r\u00e9gime militaire de Yahya Jammeh, entre juillet 1994 \u00e0 janvier 2017. Justice Info rassemble dans ce dossier une couverture intensive de ce qui peut \u00eatre consid\u00e9r\u00e9 comme l\u2019\u00e9v\u00e9nement de l\u2019ann\u00e9e 2019 dans le domaine de la justice transitionnelle.\" \/>\n<meta property=\"og:url\" content=\"https:\/\/www.justiceinfo.net\/fr\/41592-heure-verite-gambie.html\" \/>\n<meta property=\"og:site_name\" content=\"JusticeInfo.net\" \/>\n<meta property=\"article:publisher\" content=\"https:\/\/www.facebook.com\/JusticeInfo\/\" \/>\n<meta property=\"article:published_time\" content=\"2019-06-12T12:18:40+00:00\" \/>\n<meta property=\"article:modified_time\" content=\"2024-03-04T10:03:35+00:00\" \/>\n<meta property=\"og:image\" content=\"https:\/\/www.justiceinfo.net\/wp-content\/uploads\/264d995fe7b69f61abb9f0fdba89d766.jpg\" \/>\n\t<meta property=\"og:image:width\" content=\"1200\" \/>\n\t<meta property=\"og:image:height\" content=\"850\" \/>\n\t<meta property=\"og:image:type\" content=\"image\/jpeg\" \/>\n<meta name=\"author\" content=\"JusticeInfo.net\" \/>\n<meta name=\"twitter:card\" content=\"summary_large_image\" \/>\n<meta name=\"twitter:creator\" content=\"@justiceinfonet\" \/>\n<meta name=\"twitter:site\" content=\"@justiceinfonet\" \/>\n<meta name=\"twitter:label1\" content=\"\u00c9crit par\" \/>\n\t<meta name=\"twitter:data1\" content=\"JusticeInfo.net\" \/>\n\t<meta name=\"twitter:label2\" content=\"Dur\u00e9e de lecture estim\u00e9e\" \/>\n\t<meta name=\"twitter:data2\" content=\"1 minute\" \/>\n<script type=\"application\/ld+json\" class=\"yoast-schema-graph\">{\"@context\":\"https:\/\/schema.org\",\"@graph\":[{\"@type\":\"NewsArticle\",\"@id\":\"https:\/\/www.justiceinfo.net\/fr\/41592-heure-verite-gambie.html#article\",\"isPartOf\":{\"@id\":\"https:\/\/www.justiceinfo.net\/fr\/41592-heure-verite-gambie.html\"},\"author\":{\"name\":\"solivri\",\"@id\":\"https:\/\/www.justiceinfo.net\/fr#\/schema\/person\/6e53cba1629e2e66f3fc1821d3091865\"},\"headline\":\"L\u2019heure de la v\u00e9rit\u00e9 en Gambie\",\"datePublished\":\"2019-06-12T12:18:40+00:00\",\"dateModified\":\"2024-03-04T10:03:35+00:00\",\"mainEntityOfPage\":{\"@id\":\"https:\/\/www.justiceinfo.net\/fr\/41592-heure-verite-gambie.html\"},\"wordCount\":137,\"commentCount\":0,\"publisher\":{\"@id\":\"https:\/\/www.justiceinfo.net\/fr#organization\"},\"image\":{\"@id\":\"https:\/\/www.justiceinfo.net\/fr\/41592-heure-verite-gambie.html#primaryimage\"},\"thumbnailUrl\":\"https:\/\/www.justiceinfo.net\/wp-content\/uploads\/264d995fe7b69f61abb9f0fdba89d766.jpg\",\"articleSection\":[\"Commissions v\u00e9rit\u00e9\"],\"inLanguage\":\"fr-FR\",\"potentialAction\":[{\"@type\":\"CommentAction\",\"name\":\"Comment\",\"target\":[\"https:\/\/www.justiceinfo.net\/fr\/41592-heure-verite-gambie.html#respond\"]}]},{\"@type\":\"WebPage\",\"@id\":\"https:\/\/www.justiceinfo.net\/fr\/41592-heure-verite-gambie.html\",\"url\":\"https:\/\/www.justiceinfo.net\/fr\/41592-heure-verite-gambie.html\",\"name\":\"L\u2019heure de la v\u00e9rit\u00e9 en Gambie - JusticeInfo.net\",\"isPartOf\":{\"@id\":\"https:\/\/www.justiceinfo.net\/fr#website\"},\"primaryImageOfPage\":{\"@id\":\"https:\/\/www.justiceinfo.net\/fr\/41592-heure-verite-gambie.html#primaryimage\"},\"image\":{\"@id\":\"https:\/\/www.justiceinfo.net\/fr\/41592-heure-verite-gambie.html#primaryimage\"},\"thumbnailUrl\":\"https:\/\/www.justiceinfo.net\/wp-content\/uploads\/264d995fe7b69f61abb9f0fdba89d766.jpg\",\"datePublished\":\"2019-06-12T12:18:40+00:00\",\"dateModified\":\"2024-03-04T10:03:35+00:00\",\"description\":\"En Gambie, depuis janvier 2019, les habitants sont riv\u00e9s aux audiences publiques de la Commission v\u00e9rit\u00e9, r\u00e9conciliation et r\u00e9parations (TRRC). Cette commission a \u00e9t\u00e9 instaur\u00e9e pour rendre compte des violations des droits de l\u2019homme perp\u00e9tr\u00e9es sous le r\u00e9gime militaire de Yahya Jammeh, entre juillet 1994 \u00e0 janvier 2017. Justice Info rassemble dans ce dossier une couverture intensive de ce qui peut \u00eatre consid\u00e9r\u00e9 comme l\u2019\u00e9v\u00e9nement de l\u2019ann\u00e9e 2019 dans le domaine de la justice transitionnelle.\",\"breadcrumb\":{\"@id\":\"https:\/\/www.justiceinfo.net\/fr\/41592-heure-verite-gambie.html#breadcrumb\"},\"inLanguage\":\"fr-FR\",\"potentialAction\":[{\"@type\":\"ReadAction\",\"target\":[\"https:\/\/www.justiceinfo.net\/fr\/41592-heure-verite-gambie.html\"]}]},{\"@type\":\"ImageObject\",\"inLanguage\":\"fr-FR\",\"@id\":\"https:\/\/www.justiceinfo.net\/fr\/41592-heure-verite-gambie.html#primaryimage\",\"url\":\"https:\/\/www.justiceinfo.net\/wp-content\/uploads\/264d995fe7b69f61abb9f0fdba89d766.jpg\",\"contentUrl\":\"https:\/\/www.justiceinfo.net\/wp-content\/uploads\/264d995fe7b69f61abb9f0fdba89d766.jpg\",\"width\":1200,\"height\":850},{\"@type\":\"BreadcrumbList\",\"@id\":\"https:\/\/www.justiceinfo.net\/fr\/41592-heure-verite-gambie.html#breadcrumb\",\"itemListElement\":[{\"@type\":\"ListItem\",\"position\":1,\"name\":\"Home\",\"item\":\"https:\/\/www.justiceinfo.net\/fr\"},{\"@type\":\"ListItem\",\"position\":2,\"name\":\"L\u2019heure de la v\u00e9rit\u00e9 en Gambie\"}]},{\"@type\":\"WebSite\",\"@id\":\"https:\/\/www.justiceinfo.net\/fr#website\",\"url\":\"https:\/\/www.justiceinfo.net\/fr\",\"name\":\"JusticeInfo.net\",\"description\":\"La justice doit \u00eatre vue pour \u00eatre rendue\",\"publisher\":{\"@id\":\"https:\/\/www.justiceinfo.net\/fr#organization\"},\"potentialAction\":[{\"@type\":\"SearchAction\",\"target\":{\"@type\":\"EntryPoint\",\"urlTemplate\":\"https:\/\/www.justiceinfo.net\/fr?s={search_term_string}\"},\"query-input\":{\"@type\":\"PropertyValueSpecification\",\"valueRequired\":true,\"valueName\":\"search_term_string\"}}],\"inLanguage\":\"fr-FR\"},{\"@type\":\"Organization\",\"@id\":\"https:\/\/www.justiceinfo.net\/fr#organization\",\"name\":\"Justice Info\",\"url\":\"https:\/\/www.justiceinfo.net\/fr\",\"logo\":{\"@type\":\"ImageObject\",\"inLanguage\":\"fr-FR\",\"@id\":\"https:\/\/www.justiceinfo.net\/fr#\/schema\/logo\/image\/\",\"url\":\"https:\/\/www.justiceinfo.net\/wp-content\/uploads\/justiceinfo_logo-trans_1200x1200px.png\",\"contentUrl\":\"https:\/\/www.justiceinfo.net\/wp-content\/uploads\/justiceinfo_logo-trans_1200x1200px.png\",\"width\":1199,\"height\":1200,\"caption\":\"Justice Info\"},\"image\":{\"@id\":\"https:\/\/www.justiceinfo.net\/fr#\/schema\/logo\/image\/\"},\"sameAs\":[\"https:\/\/www.facebook.com\/JusticeInfo\/\",\"https:\/\/x.com\/justiceinfonet\",\"https:\/\/www.linkedin.com\/company\/justice-info\",\"https:\/\/www.youtube.com\/channel\/UCyCEsARodyuWtkWyhn-e7pA\"]},{\"@type\":\"Person\",\"name\":\"JusticeInfo.net\",\"url\":\"\/fr\/?s=JusticeInfo.net\"}]}<\/script>\n<!-- \/ Yoast SEO Premium plugin. -->","yoast_head_json":{"title":"L\u2019heure de la v\u00e9rit\u00e9 en Gambie - JusticeInfo.net","description":"En Gambie, depuis janvier 2019, les habitants sont riv\u00e9s aux audiences publiques de la Commission v\u00e9rit\u00e9, r\u00e9conciliation et r\u00e9parations (TRRC). Cette commission a \u00e9t\u00e9 instaur\u00e9e pour rendre compte des violations des droits de l\u2019homme perp\u00e9tr\u00e9es sous le r\u00e9gime militaire de Yahya Jammeh, entre juillet 1994 \u00e0 janvier 2017. Justice Info rassemble dans ce dossier une couverture intensive de ce qui peut \u00eatre consid\u00e9r\u00e9 comme l\u2019\u00e9v\u00e9nement de l\u2019ann\u00e9e 2019 dans le domaine de la justice transitionnelle.","robots":{"index":"index","follow":"follow","max-snippet":"max-snippet:-1","max-image-preview":"max-image-preview:large","max-video-preview":"max-video-preview:-1"},"canonical":"https:\/\/www.justiceinfo.net\/fr\/41592-heure-verite-gambie.html","og_locale":"fr_FR","og_type":"article","og_title":"L\u2019heure de la v\u00e9rit\u00e9 en Gambie","og_description":"En Gambie, depuis janvier 2019, les habitants sont riv\u00e9s aux audiences publiques de la Commission v\u00e9rit\u00e9, r\u00e9conciliation et r\u00e9parations (TRRC). Cette commission a \u00e9t\u00e9 instaur\u00e9e pour rendre compte des violations des droits de l\u2019homme perp\u00e9tr\u00e9es sous le r\u00e9gime militaire de Yahya Jammeh, entre juillet 1994 \u00e0 janvier 2017. Justice Info rassemble dans ce dossier une couverture intensive de ce qui peut \u00eatre consid\u00e9r\u00e9 comme l\u2019\u00e9v\u00e9nement de l\u2019ann\u00e9e 2019 dans le domaine de la justice transitionnelle.","og_url":"https:\/\/www.justiceinfo.net\/fr\/41592-heure-verite-gambie.html","og_site_name":"JusticeInfo.net","article_publisher":"https:\/\/www.facebook.com\/JusticeInfo\/","article_published_time":"2019-06-12T12:18:40+00:00","article_modified_time":"2024-03-04T10:03:35+00:00","og_image":[{"width":1200,"height":850,"url":"https:\/\/www.justiceinfo.net\/wp-content\/uploads\/264d995fe7b69f61abb9f0fdba89d766.jpg","type":"image\/jpeg"}],"author":"JusticeInfo.net","twitter_card":"summary_large_image","twitter_creator":"@justiceinfonet","twitter_site":"@justiceinfonet","twitter_misc":{"\u00c9crit par":"JusticeInfo.net","Dur\u00e9e de lecture estim\u00e9e":"1 minute"},"schema":{"@context":"https:\/\/schema.org","@graph":[{"@type":"NewsArticle","@id":"https:\/\/www.justiceinfo.net\/fr\/41592-heure-verite-gambie.html#article","isPartOf":{"@id":"https:\/\/www.justiceinfo.net\/fr\/41592-heure-verite-gambie.html"},"author":{"name":"solivri","@id":"https:\/\/www.justiceinfo.net\/fr#\/schema\/person\/6e53cba1629e2e66f3fc1821d3091865"},"headline":"L\u2019heure de la v\u00e9rit\u00e9 en Gambie","datePublished":"2019-06-12T12:18:40+00:00","dateModified":"2024-03-04T10:03:35+00:00","mainEntityOfPage":{"@id":"https:\/\/www.justiceinfo.net\/fr\/41592-heure-verite-gambie.html"},"wordCount":137,"commentCount":0,"publisher":{"@id":"https:\/\/www.justiceinfo.net\/fr#organization"},"image":{"@id":"https:\/\/www.justiceinfo.net\/fr\/41592-heure-verite-gambie.html#primaryimage"},"thumbnailUrl":"https:\/\/www.justiceinfo.net\/wp-content\/uploads\/264d995fe7b69f61abb9f0fdba89d766.jpg","articleSection":["Commissions v\u00e9rit\u00e9"],"inLanguage":"fr-FR","potentialAction":[{"@type":"CommentAction","name":"Comment","target":["https:\/\/www.justiceinfo.net\/fr\/41592-heure-verite-gambie.html#respond"]}]},{"@type":"WebPage","@id":"https:\/\/www.justiceinfo.net\/fr\/41592-heure-verite-gambie.html","url":"https:\/\/www.justiceinfo.net\/fr\/41592-heure-verite-gambie.html","name":"L\u2019heure de la v\u00e9rit\u00e9 en Gambie - JusticeInfo.net","isPartOf":{"@id":"https:\/\/www.justiceinfo.net\/fr#website"},"primaryImageOfPage":{"@id":"https:\/\/www.justiceinfo.net\/fr\/41592-heure-verite-gambie.html#primaryimage"},"image":{"@id":"https:\/\/www.justiceinfo.net\/fr\/41592-heure-verite-gambie.html#primaryimage"},"thumbnailUrl":"https:\/\/www.justiceinfo.net\/wp-content\/uploads\/264d995fe7b69f61abb9f0fdba89d766.jpg","datePublished":"2019-06-12T12:18:40+00:00","dateModified":"2024-03-04T10:03:35+00:00","description":"En Gambie, depuis janvier 2019, les habitants sont riv\u00e9s aux audiences publiques de la Commission v\u00e9rit\u00e9, r\u00e9conciliation et r\u00e9parations (TRRC). Cette commission a \u00e9t\u00e9 instaur\u00e9e pour rendre compte des violations des droits de l\u2019homme perp\u00e9tr\u00e9es sous le r\u00e9gime militaire de Yahya Jammeh, entre juillet 1994 \u00e0 janvier 2017. Justice Info rassemble dans ce dossier une couverture intensive de ce qui peut \u00eatre consid\u00e9r\u00e9 comme l\u2019\u00e9v\u00e9nement de l\u2019ann\u00e9e 2019 dans le domaine de la justice transitionnelle.","breadcrumb":{"@id":"https:\/\/www.justiceinfo.net\/fr\/41592-heure-verite-gambie.html#breadcrumb"},"inLanguage":"fr-FR","potentialAction":[{"@type":"ReadAction","target":["https:\/\/www.justiceinfo.net\/fr\/41592-heure-verite-gambie.html"]}]},{"@type":"ImageObject","inLanguage":"fr-FR","@id":"https:\/\/www.justiceinfo.net\/fr\/41592-heure-verite-gambie.html#primaryimage","url":"https:\/\/www.justiceinfo.net\/wp-content\/uploads\/264d995fe7b69f61abb9f0fdba89d766.jpg","contentUrl":"https:\/\/www.justiceinfo.net\/wp-content\/uploads\/264d995fe7b69f61abb9f0fdba89d766.jpg","width":1200,"height":850},{"@type":"BreadcrumbList","@id":"https:\/\/www.justiceinfo.net\/fr\/41592-heure-verite-gambie.html#breadcrumb","itemListElement":[{"@type":"ListItem","position":1,"name":"Home","item":"https:\/\/www.justiceinfo.net\/fr"},{"@type":"ListItem","position":2,"name":"L\u2019heure de la v\u00e9rit\u00e9 en Gambie"}]},{"@type":"WebSite","@id":"https:\/\/www.justiceinfo.net\/fr#website","url":"https:\/\/www.justiceinfo.net\/fr","name":"JusticeInfo.net","description":"La justice doit \u00eatre vue pour \u00eatre rendue","publisher":{"@id":"https:\/\/www.justiceinfo.net\/fr#organization"},"potentialAction":[{"@type":"SearchAction","target":{"@type":"EntryPoint","urlTemplate":"https:\/\/www.justiceinfo.net\/fr?s={search_term_string}"},"query-input":{"@type":"PropertyValueSpecification","valueRequired":true,"valueName":"search_term_string"}}],"inLanguage":"fr-FR"},{"@type":"Organization","@id":"https:\/\/www.justiceinfo.net\/fr#organization","name":"Justice Info","url":"https:\/\/www.justiceinfo.net\/fr","logo":{"@type":"ImageObject","inLanguage":"fr-FR","@id":"https:\/\/www.justiceinfo.net\/fr#\/schema\/logo\/image\/","url":"https:\/\/www.justiceinfo.net\/wp-content\/uploads\/justiceinfo_logo-trans_1200x1200px.png","contentUrl":"https:\/\/www.justiceinfo.net\/wp-content\/uploads\/justiceinfo_logo-trans_1200x1200px.png","width":1199,"height":1200,"caption":"Justice Info"},"image":{"@id":"https:\/\/www.justiceinfo.net\/fr#\/schema\/logo\/image\/"},"sameAs":["https:\/\/www.facebook.com\/JusticeInfo\/","https:\/\/x.com\/justiceinfonet","https:\/\/www.linkedin.com\/company\/justice-info","https:\/\/www.youtube.com\/channel\/UCyCEsARodyuWtkWyhn-e7pA"]},{"@type":"Person","name":"JusticeInfo.net","url":"\/fr\/?s=JusticeInfo.net"}]}},"_links":{"self":[{"href":"https:\/\/www.justiceinfo.net\/fr\/wp-json\/wp\/v2\/posts\/41592","targetHints":{"allow":["GET"]}}],"collection":[{"href":"https:\/\/www.justiceinfo.net\/fr\/wp-json\/wp\/v2\/posts"}],"about":[{"href":"https:\/\/www.justiceinfo.net\/fr\/wp-json\/wp\/v2\/types\/post"}],"author":[{"embeddable":true,"href":"https:\/\/www.justiceinfo.net\/fr\/wp-json\/wp\/v2\/users\/64"}],"replies":[{"embeddable":true,"href":"https:\/\/www.justiceinfo.net\/fr\/wp-json\/wp\/v2\/comments?post=41592"}],"version-history":[{"count":28,"href":"https:\/\/www.justiceinfo.net\/fr\/wp-json\/wp\/v2\/posts\/41592\/revisions"}],"predecessor-version":[{"id":129135,"href":"https:\/\/www.justiceinfo.net\/fr\/wp-json\/wp\/v2\/posts\/41592\/revisions\/129135"}],"wp:featuredmedia":[{"embeddable":true,"href":"https:\/\/www.justiceinfo.net\/fr\/wp-json\/wp\/v2\/media\/65317"}],"wp:attachment":[{"href":"https:\/\/www.justiceinfo.net\/fr\/wp-json\/wp\/v2\/media?parent=41592"}],"wp:term":[{"taxonomy":"category","embeddable":true,"href":"https:\/\/www.justiceinfo.net\/fr\/wp-json\/wp\/v2\/categories?post=41592"},{"taxonomy":"post_tag","embeddable":true,"href":"https:\/\/www.justiceinfo.net\/fr\/wp-json\/wp\/v2\/tags?post=41592"},{"taxonomy":"ji_location","embeddable":true,"href":"https:\/\/www.justiceinfo.net\/fr\/wp-json\/wp\/v2\/ji_location?post=41592"}],"curies":[{"name":"wp","href":"https:\/\/api.w.org\/{rel}","templated":true}]}}