{"id":41671,"date":"2019-06-14T10:51:25","date_gmt":"2019-06-14T08:51:25","guid":{"rendered":"https:\/\/www.justiceinfo.net\/41671-passer-tele-sans-savoir-vie-opposant-sous-jammeh.html"},"modified":"2019-06-14T10:51:25","modified_gmt":"2019-06-14T08:51:25","slug":"passer-tele-sans-savoir-vie-opposant-sous-jammeh","status":"publish","type":"post","link":"https:\/\/www.justiceinfo.net\/fr\/41671-passer-tele-sans-savoir-vie-opposant-sous-jammeh.html","title":{"rendered":"Passer \u00e0 la t\u00e9l\u00e9 sans le savoir : la vie d'un opposant sous Jammeh"},"content":{"rendered":"<p><strong>Les audiences publiques devant la Commission v\u00e9rit\u00e9, r\u00e9conciliation et r\u00e9parations (TRRC) ont repris le 10 juin en Gambie. Cette semaine a \u00e9t\u00e9 consacr\u00e9e au sort des membres du principal parti d'opposition politique. Dont Amadou Sanneh, qui a regard\u00e9 pour la premi\u00e8re fois une vid\u00e9o de son interrogatoire par la police qui avait \u00e9t\u00e9 diffus\u00e9e \u00e0 la t\u00e9l\u00e9vision nationale sans qu'il le sache. <\/strong><\/p>\n<p><!--more--><\/p>\n<p>En d\u00e9cembre 2013, Amadou Sanneh, figure de l'opposition gambienne, est apparu \u00e0 la t\u00e9l\u00e9vision dans des circonstances inhabituelles. Il avouait apparemment le crime suivant : avoir aid\u00e9 un certain Malang Fatty avec un affidavit affirmant qu'il \u00e9tait membre du Parti d\u00e9mocratique uni (UDP), un parti d'opposition, et que sa vie \u00e9tait menac\u00e9e.<\/p>\n<p>Sanneh \u00e9tait alors un tr\u00e9sorier de l'UDP qu\u2019on pensait en course pour la succession de la direction du parti. Pour le pr\u00e9sident Yahya Jammeh et son appareil de s\u00e9curit\u00e9, c\u2019\u00e9tait un crime pour lequel Sanneh devrait subir de graves cons\u00e9quences. C'\u00e9tait aussi l'occasion d'\u00e9liminer un adversaire politique fort.<\/p>\n<p>Faire partie de l'opposition politique sous Jammeh \u00e9tait pratiquement criminel. Cela signifiait \u00e0 coup s\u00fbr que vous n'appara\u00eetriez pas \u00e0 la t\u00e9l\u00e9vision nationale. Pendant les 22 ann\u00e9es au cours desquelles Jammeh a gouvern\u00e9 la Gambie d\u2019une main de fer \u2013 de juillet 1994 \u00e0 janvier 2017 \u2013 opposants politiques, d\u00e9fenseurs des droits humains et journalistes ont fui le pays pour sauver leur vie.<\/p>\n<h3>Un proc\u00e8s par m\u00e9dia<\/h3>\n<p>Apr\u00e8s son arrestation, Sanneh avait \u00e9t\u00e9 emmen\u00e9 \u00e0 l\u2019Agence nationale des renseignements (NIA) avec deux de ses coll\u00e8gues, Malang Fatty et Sambou Fatty (sans lien de parent\u00e9). Sanneh et Sambou Fatty sont alors accus\u00e9s d'avoir aid\u00e9 Malang Fatty avec l'affidavit affirmant que sa vie \u00e9tait en danger. \"Ils m'ont demand\u00e9 de venir \u00e0 la t\u00e9l\u00e9vision et de m'excuser aupr\u00e8s de Yahya Jammeh\", t\u00e9moigne Sanneh devant la Commission v\u00e9rit\u00e9, r\u00e9conciliation et Rr\u00e9parations (TRRC), le 11 juin. Il r\u00e9pond \u00e0 la NIA qu'il n\u2019en fera rien. Puis il est conduit devant un panel de responsables de la NIA, dirig\u00e9 par leur directeur de l'\u00e9poque, Yankuaba Badgie, qui est aujourd'hui en proc\u00e8s pour le meurtre d'un autre partisan de l\u2019UDP, Ebrima Solo Sandeng, en 2016.<\/p>\n<p>Malgr\u00e9 les coups, Sanneh ne c\u00e8de pas. Pourtant, le voici qui appara\u00eet sur la Radio-t\u00e9l\u00e9vision gambienne, la GRTS. Il n\u2019a appris son \"m\u00e9dia proc\u00e8s\", comme on l'appelle en Gambie, qu\u2019au lendemain de sa lib\u00e9ration en janvier 2017, par son \u00e9pouse, apr\u00e8s que Jammeh se soit enfui en Guin\u00e9e \u00e9quatoriale et qu'Adama Barrow soit devenu le pr\u00e9sident d\u00e9mocratiquement \u00e9lu du pays. Depuis sa lib\u00e9ration, Sanneh n'avait jamais voulu voir la vid\u00e9o de son \u00e9mission parce qu'il voulait oublier tout cela.<\/p>\n<p>Cette vid\u00e9o lui a \u00e9t\u00e9 pr\u00e9sent\u00e9e pour la premi\u00e8re fois \u00e0 la TRRC.<\/p>\n<p>La salle d\u2019audience s\u2019est fig\u00e9e. Sanneh a jet\u00e9 un coup d'\u0153il \u00e0 la vid\u00e9o pendant qu'elle \u00e9tait diffus\u00e9e pour lui et a secou\u00e9 la t\u00eate. Il semble mal \u00e0 l'aise, s\u2019ajuste dans sa position assise et jette un coup d'\u0153il vers la petite assistance o\u00f9 sa famille est assise. Puis il baisse \u00e0 nouveau les yeux. Lui et son chef de parti, Ousainou Darboe, pr\u00e9sent dans le public, ont le brillant des larmes dans les yeux. \"Je ne me souviens pas de mes apparitions sur la GRTS. Je n\u2019en \u00e9tais pas conscient. Je ne me suis jamais souvenu avoir donn\u00e9 une interview \u00e0 la GRTS\", d\u00e9clare Sanneh apr\u00e8s avoir vu la vid\u00e9o.<\/p>\n<h3>Conversations avec Yahya Jammeh<\/h3>\n<p>Aux c\u00f4t\u00e9s de Malang Fatty et Sambou Fatty, Sanneh est condamn\u00e9 pour conspiration en vue de commettre un acte avec une intention s\u00e9ditieuse, s\u00e9dition, publication s\u00e9ditieuse et faux serment. Tous trois sont condamn\u00e9s \u00e0 5 ans de prison. Sanneh avait \u00e9t\u00e9 arr\u00eat\u00e9 \u00e0 plusieurs reprises auparavant en tant que membre de l\u2019UDP et, \u00e0 certaines occasions, il aurait subi de terribles tortures. La plus r\u00e9cente d\u2019entre elles, en 2013, a laiss\u00e9 sa colonne vert\u00e9brale partiellement d\u00e9plac\u00e9e, dit-il.<\/p>\n<p>Sanneh, comptable de profession, a d\u00e9missionn\u00e9 du gouvernement apr\u00e8s avoir occup\u00e9 les postes de comptable g\u00e9n\u00e9ral et de secr\u00e9taire permanent au minist\u00e8re du Commerce. En tant que chef comptable du gouvernement, Sanneh avait rencontr\u00e9 Jammeh dans les premiers jours apr\u00e8s le coup d'\u00c9tat de 1994. \"Quand ils sont arriv\u00e9s, ils n'avaient aucun respect pour les proc\u00e9dures ou les processus. Travaillant au gouvernement depuis tant d'ann\u00e9es, je sais que les syst\u00e8mes sont institutionnalis\u00e9s. Mais ils ont fait preuve de beaucoup d'ignorance dans la machine gouvernemental et ils n'avaient aucun respect pour les r\u00e8gles et les processus \u00e9tablis\", t\u00e9moigne Sanneh. \"Parfois, le pr\u00e9sident Yahya Jammeh nous appelait, nous nous rendions \u00e0 son bureau \u00e0 la State House et il nous demandait o\u00f9 ces gens [en r\u00e9f\u00e9rence \u00e0 l'ancien gouvernement] avaient gard\u00e9 notre argent. J'essayais d'expliquer ce qui existe et o\u00f9 se trouvent les fonds du gouvernement. Quand ils ont pris le pouvoir, nous avons trouv\u00e9 d'importantes r\u00e9serves publiques. Je leur expliquais que les ressources du pays \u00e9taient intactes. Mais quelqu'un [Yahya Jammeh] \u00e9tait en col\u00e8re et il avait des pr\u00e9jug\u00e9s sur l'ancien gouvernement. Parfois, vous alliez [au bureau de Jammeh] \u00e0 13 h ou 14 h et vous y restiez jusqu'\u00e0 18 h. Il vous y gardais juste pour parler de lui. C'\u00e9taient des choses sans importance pour la gouvernance\u00a0\", ajoute Sanneh.<\/p>\n<h3>Tabasser des partisans de l'UDP au pont Denton<\/h3>\n<p>Sanneh se rend compte que le pays d\u00e9rape et il quitte l'administration pour cr\u00e9er un cabinet d'audit. Son d\u00e9part du gouvernement co\u00efncide avec la cr\u00e9ation de l'opposition de l\u2019UDP pour d\u00e9fier les soldats devenus politiciens. En 1996, Sanneh rejoint l'UDP alors que le pays approche de l'\u00e9lection pr\u00e9sidentielle.<\/p>\n<p>Les auditions de cette semaine devant la Commission v\u00e9rit\u00e9 ont illustr\u00e9 les relations entre l'Alliance pour la r\u00e9orientation patriotique et la construction (APRC) de l'ancien pr\u00e9sident Jammeh et l'UDP, la plus grande menace de l'APRC. Des t\u00e9moins sont venus raconter la vie des opposants sous la dictature de Jammeh, y compris le dirigeant de l'UDP (et bref vice-pr\u00e9sident de la Gambie en 2018-2019), Ousainou Darboe (aucune parent\u00e9 avec l\u2019auteur de cet article).<\/p>\n<p>L'hostilit\u00e9 entre l'UDP et l'APRC a commenc\u00e9 d\u00e8s le premier jour, alors que Jammeh se pr\u00e9parait pour sa premi\u00e8re \u00e9lection. Omar Darboe, un partisan de l'UDP, a racont\u00e9 le jour o\u00f9 un convoi de l'UDP a \u00e9t\u00e9 arr\u00eat\u00e9, le 22 septembre 1996, au pont Denton qui s\u00e9pare Banjul du reste de la m\u00e9tropole. Une centaine de partisans de l'UDP se trouvait dans un camion, dit-il, quand ils sont arriv\u00e9s au pont Denton. Un groupe de soldats se tenait l\u00e0 et l'un d'eux a tir\u00e9 sur les pneus de leur v\u00e9hicule. \"Ils nous ont forc\u00e9s \u00e0 sortir du v\u00e9hicule et nous ont frapp\u00e9s avec des crosses de fusil\", relate Omar Darboe. \"Certains d'entre nous \u00e9taient des femmes. Ils nous ont dit de nous d\u00e9shabiller et nous l'avons fait. On nous a demand\u00e9 de nous allonger et ils nous ont pi\u00e9tin\u00e9s. Ils ont foul\u00e9 toutes les parties de notre corps, y compris la t\u00eate. Ils \u00e9taient chauss\u00e9s de bottes. Ils portaient l'uniforme complet\", t\u00e9moigne-t-il.<\/p>\n<h3>Mort d'un ph\u00e9nom\u00e9nal tambourinaire<\/h3>\n<p>Bien que des dizaines de sympathisants de l'UDP soient morts entre les mains d'agents de l'\u00c9tat sous Jammeh, aucune victime imm\u00e9diate n'a \u00e9t\u00e9 revendiqu\u00e9e dans cet incident. Cependant, un m\u00e9decin qui a soign\u00e9 115 personnes tabass\u00e9es ce jour-l\u00e0, Sheriff Ceesay, a d\u00e9clar\u00e9 \u00e0 la Commission qu'il connaissait un ph\u00e9nom\u00e9nal tambourinaire qui est mort des suites de ses blessures. En raison du secret m\u00e9dical, Ceesay a dit qu'il n'\u00e9tait pas en mesure de mentionner le nom de ce percussionniste. Mais les observateurs de la politique gambienne savent bien qu'il faisait r\u00e9f\u00e9rence \u00e0 Kebuteh Jafuneh, 59 ans. Jafuneh \u00e9tait c\u00e9l\u00e8bre pour son jeu traditionnel du tambour, notamment lors des rassemblements politiques. C'\u00e9tait aussi un opposant acharn\u00e9. Et c\u2019est ce qui lui a co\u00fbt\u00e9 la vie, selon le t\u00e9moignage du docteur Ceesay.<\/p>\n<div class=\"content-encadre\" style=\"margin-top: 30px;\">\n<p><strong>PRESSION SUR DES T\u00c9MOINS : ABANDON DES CHARGES<br \/><\/strong><\/p>\n<p>Le 12 juin, le minist\u00e8re gambien de la Justice a abandonn\u00e9 les charges retenues contre l'ancien ministre de l'Administration locale, Yankuba Touray, et l'ancienne pr\u00e9sidente de l\u2019Assembl\u00e9e nationale, Fatoumatta Jahumpa Ceesay, dans une affaire de subornation de t\u00e9moins devant la Commission v\u00e9rit\u00e9, r\u00e9conciliation et r\u00e9parations (TRRC).<\/p>\n<p>Il y a environ deux mois, ces deux personnes avaient \u00e9t\u00e9 accus\u00e9s d'avoir fait pression sur un t\u00e9moin de la TRRC. Ils auraient appel\u00e9 Alagie Kanyi, qui a avou\u00e9 11 meurtres, et lui auraient dit de ne pas \"s\u2019occuper\" de la TRRC. Kanyi avait d\u00e9clar\u00e9 \u00e0 la Commission que ces deux personnes l'avaient appel\u00e9 avant sa comparution. Touray et Ceesay avaient ensuite \u00e9t\u00e9 arr\u00eat\u00e9s, accus\u00e9s de complot et de subornation de t\u00e9moin.<\/p>\n<p>Le 12 juin, le ministre de la Justice Abubacarr Tambadou a d\u00e9clar\u00e9 \u00e0 la presse que \"toutes les charges retenues contre eux pour ces infractions ont \u00e9t\u00e9 abandonn\u00e9es\". Il n'a pas voulu expliquer les raisons de cette d\u00e9cision. Certains l'attribuent \u00e0 une enqu\u00eate m\u00e9diocre et au risque d'humiliation si Touray et Ceesay \u00e9taient acquitt\u00e9s par le tribunal.<\/p>\n<p>Touray a \u00e9t\u00e9 accus\u00e9 d'\u00eatre impliqu\u00e9 dans plusieurs atrocit\u00e9s, dont l'assassinat de l'ancien ministre des Finances gambien, Ousman Koro Ceesay. Son nom a \u00e9t\u00e9 cit\u00e9 dans plusieurs dossiers de violations des droits et il a d\u00e9j\u00e0 \u00e9t\u00e9 convi\u00e9 par la Commission \u00e0 t\u00e9moigner lors de ses audiences publiques.<\/p>\n<p>\"Interf\u00e9rer avec un t\u00e9moin de la TRRC est une infraction tr\u00e8s grave et j'esp\u00e8re que tout le monde en tirera des le\u00e7ons\", a d\u00e9clar\u00e9 Tambadou, lors de son annonce. Il a averti que toute tentative de saper la TRRC, processus national de gu\u00e9rison, \"aura d\u2019une mani\u00e8re ou une autre de graves cons\u00e9quences\".<\/p><\/div>\n","protected":false},"excerpt":{"rendered":"<p>Les audiences publiques devant la Commission v\u00e9rit\u00e9, r\u00e9conciliation et r\u00e9parations (TRRC) ont repris le 10 juin en Gambie. Cette semaine a \u00e9t\u00e9 consacr\u00e9e au sort des membres du principal parti d'opposition politique. Dont Amadou Sanneh, qui a regard\u00e9 pour la premi\u00e8re fois une vid\u00e9o de son interrogatoire par la police qui avait \u00e9t\u00e9 diffus\u00e9e \u00e0 [&hellip;]<\/p>\n","protected":false},"author":73,"featured_media":65246,"comment_status":"open","ping_status":"closed","sticky":false,"template":"","format":"standard","meta":{"_acf_changed":false,"footnotes":""},"categories":[548],"tags":[],"ji_location":[2508],"class_list":["post-41671","post","type-post","status-publish","format-standard","has-post-thumbnail","hentry","category-commissions-verite","ji_location-gambie"],"acf":[],"yoast_head":"<!-- This site is optimized with the Yoast SEO Premium plugin v25.3.1 (Yoast SEO v25.3.1) - https:\/\/yoast.com\/wordpress\/plugins\/seo\/ -->\n<title>Passer \u00e0 la t\u00e9l\u00e9 sans le savoir : la vie d&#039;un opposant sous Jammeh - JusticeInfo.net<\/title>\n<meta name=\"robots\" content=\"index, follow, max-snippet:-1, max-image-preview:large, max-video-preview:-1\" \/>\n<link rel=\"canonical\" href=\"https:\/\/www.justiceinfo.net\/fr\/41671-passer-tele-sans-savoir-vie-opposant-sous-jammeh.html\" \/>\n<meta property=\"og:locale\" content=\"fr_FR\" \/>\n<meta property=\"og:type\" content=\"article\" \/>\n<meta property=\"og:title\" content=\"Passer \u00e0 la t\u00e9l\u00e9 sans le savoir : la vie d&#039;un opposant sous Jammeh\" \/>\n<meta property=\"og:description\" content=\"Les audiences publiques devant la Commission v\u00e9rit\u00e9, r\u00e9conciliation et r\u00e9parations (TRRC) ont repris le 10 juin en Gambie. Cette semaine a \u00e9t\u00e9 consacr\u00e9e au sort des membres du principal parti d&#039;opposition politique. Dont Amadou Sanneh, qui a regard\u00e9 pour la premi\u00e8re fois une vid\u00e9o de son interrogatoire par la police qui avait \u00e9t\u00e9 diffus\u00e9e \u00e0 [&hellip;]\" \/>\n<meta property=\"og:url\" content=\"https:\/\/www.justiceinfo.net\/fr\/41671-passer-tele-sans-savoir-vie-opposant-sous-jammeh.html\" \/>\n<meta property=\"og:site_name\" content=\"JusticeInfo.net\" \/>\n<meta property=\"article:publisher\" content=\"https:\/\/www.facebook.com\/JusticeInfo\/\" \/>\n<meta property=\"article:published_time\" content=\"2019-06-14T08:51:25+00:00\" \/>\n<meta property=\"og:image\" content=\"https:\/\/www.justiceinfo.net\/wp-content\/uploads\/65dde58195f05615b074ee7bd00ce898.jpg\" \/>\n\t<meta property=\"og:image:width\" content=\"1200\" \/>\n\t<meta property=\"og:image:height\" content=\"800\" \/>\n\t<meta property=\"og:image:type\" content=\"image\/jpeg\" \/>\n<meta name=\"author\" content=\"Mustapha K. Darboe\" \/>\n<meta name=\"twitter:card\" content=\"summary_large_image\" \/>\n<meta name=\"twitter:creator\" content=\"@justiceinfonet\" \/>\n<meta name=\"twitter:site\" content=\"@justiceinfonet\" \/>\n<meta name=\"twitter:label1\" content=\"\u00c9crit par\" \/>\n\t<meta name=\"twitter:data1\" content=\"Mustapha K. Darboe\" \/>\n\t<meta name=\"twitter:label2\" content=\"Dur\u00e9e de lecture estim\u00e9e\" \/>\n\t<meta name=\"twitter:data2\" content=\"9 minutes\" \/>\n<script type=\"application\/ld+json\" class=\"yoast-schema-graph\">{\"@context\":\"https:\/\/schema.org\",\"@graph\":[{\"@type\":\"NewsArticle\",\"@id\":\"https:\/\/www.justiceinfo.net\/fr\/41671-passer-tele-sans-savoir-vie-opposant-sous-jammeh.html#article\",\"isPartOf\":{\"@id\":\"https:\/\/www.justiceinfo.net\/fr\/41671-passer-tele-sans-savoir-vie-opposant-sous-jammeh.html\"},\"author\":{\"name\":\"mdarboe\",\"@id\":\"https:\/\/www.justiceinfo.net\/fr#\/schema\/person\/87683ef8eb6db0f513bc2be3db6f3012\"},\"headline\":\"Passer \u00e0 la t\u00e9l\u00e9 sans le savoir : la vie d'un opposant sous Jammeh\",\"datePublished\":\"2019-06-14T08:51:25+00:00\",\"mainEntityOfPage\":{\"@id\":\"https:\/\/www.justiceinfo.net\/fr\/41671-passer-tele-sans-savoir-vie-opposant-sous-jammeh.html\"},\"wordCount\":1799,\"commentCount\":0,\"publisher\":{\"@id\":\"https:\/\/www.justiceinfo.net\/fr#organization\"},\"image\":{\"@id\":\"https:\/\/www.justiceinfo.net\/fr\/41671-passer-tele-sans-savoir-vie-opposant-sous-jammeh.html#primaryimage\"},\"thumbnailUrl\":\"https:\/\/www.justiceinfo.net\/wp-content\/uploads\/65dde58195f05615b074ee7bd00ce898.jpg\",\"articleSection\":[\"Commissions v\u00e9rit\u00e9\"],\"inLanguage\":\"fr-FR\",\"potentialAction\":[{\"@type\":\"CommentAction\",\"name\":\"Comment\",\"target\":[\"https:\/\/www.justiceinfo.net\/fr\/41671-passer-tele-sans-savoir-vie-opposant-sous-jammeh.html#respond\"]}]},{\"@type\":\"WebPage\",\"@id\":\"https:\/\/www.justiceinfo.net\/fr\/41671-passer-tele-sans-savoir-vie-opposant-sous-jammeh.html\",\"url\":\"https:\/\/www.justiceinfo.net\/fr\/41671-passer-tele-sans-savoir-vie-opposant-sous-jammeh.html\",\"name\":\"Passer \u00e0 la t\u00e9l\u00e9 sans le savoir : la vie d'un opposant sous Jammeh - JusticeInfo.net\",\"isPartOf\":{\"@id\":\"https:\/\/www.justiceinfo.net\/fr#website\"},\"primaryImageOfPage\":{\"@id\":\"https:\/\/www.justiceinfo.net\/fr\/41671-passer-tele-sans-savoir-vie-opposant-sous-jammeh.html#primaryimage\"},\"image\":{\"@id\":\"https:\/\/www.justiceinfo.net\/fr\/41671-passer-tele-sans-savoir-vie-opposant-sous-jammeh.html#primaryimage\"},\"thumbnailUrl\":\"https:\/\/www.justiceinfo.net\/wp-content\/uploads\/65dde58195f05615b074ee7bd00ce898.jpg\",\"datePublished\":\"2019-06-14T08:51:25+00:00\",\"breadcrumb\":{\"@id\":\"https:\/\/www.justiceinfo.net\/fr\/41671-passer-tele-sans-savoir-vie-opposant-sous-jammeh.html#breadcrumb\"},\"inLanguage\":\"fr-FR\",\"potentialAction\":[{\"@type\":\"ReadAction\",\"target\":[\"https:\/\/www.justiceinfo.net\/fr\/41671-passer-tele-sans-savoir-vie-opposant-sous-jammeh.html\"]}]},{\"@type\":\"ImageObject\",\"inLanguage\":\"fr-FR\",\"@id\":\"https:\/\/www.justiceinfo.net\/fr\/41671-passer-tele-sans-savoir-vie-opposant-sous-jammeh.html#primaryimage\",\"url\":\"https:\/\/www.justiceinfo.net\/wp-content\/uploads\/65dde58195f05615b074ee7bd00ce898.jpg\",\"contentUrl\":\"https:\/\/www.justiceinfo.net\/wp-content\/uploads\/65dde58195f05615b074ee7bd00ce898.jpg\",\"width\":1200,\"height\":800},{\"@type\":\"BreadcrumbList\",\"@id\":\"https:\/\/www.justiceinfo.net\/fr\/41671-passer-tele-sans-savoir-vie-opposant-sous-jammeh.html#breadcrumb\",\"itemListElement\":[{\"@type\":\"ListItem\",\"position\":1,\"name\":\"Home\",\"item\":\"https:\/\/www.justiceinfo.net\/fr\"},{\"@type\":\"ListItem\",\"position\":2,\"name\":\"Passer \u00e0 la t\u00e9l\u00e9 sans le savoir : la vie d'un opposant sous Jammeh\"}]},{\"@type\":\"WebSite\",\"@id\":\"https:\/\/www.justiceinfo.net\/fr#website\",\"url\":\"https:\/\/www.justiceinfo.net\/fr\",\"name\":\"JusticeInfo.net\",\"description\":\"La justice doit \u00eatre vue pour \u00eatre rendue\",\"publisher\":{\"@id\":\"https:\/\/www.justiceinfo.net\/fr#organization\"},\"potentialAction\":[{\"@type\":\"SearchAction\",\"target\":{\"@type\":\"EntryPoint\",\"urlTemplate\":\"https:\/\/www.justiceinfo.net\/fr?s={search_term_string}\"},\"query-input\":{\"@type\":\"PropertyValueSpecification\",\"valueRequired\":true,\"valueName\":\"search_term_string\"}}],\"inLanguage\":\"fr-FR\"},{\"@type\":\"Organization\",\"@id\":\"https:\/\/www.justiceinfo.net\/fr#organization\",\"name\":\"Justice Info\",\"url\":\"https:\/\/www.justiceinfo.net\/fr\",\"logo\":{\"@type\":\"ImageObject\",\"inLanguage\":\"fr-FR\",\"@id\":\"https:\/\/www.justiceinfo.net\/fr#\/schema\/logo\/image\/\",\"url\":\"https:\/\/www.justiceinfo.net\/wp-content\/uploads\/justiceinfo_logo-trans_1200x1200px.png\",\"contentUrl\":\"https:\/\/www.justiceinfo.net\/wp-content\/uploads\/justiceinfo_logo-trans_1200x1200px.png\",\"width\":1199,\"height\":1200,\"caption\":\"Justice Info\"},\"image\":{\"@id\":\"https:\/\/www.justiceinfo.net\/fr#\/schema\/logo\/image\/\"},\"sameAs\":[\"https:\/\/www.facebook.com\/JusticeInfo\/\",\"https:\/\/x.com\/justiceinfonet\",\"https:\/\/www.linkedin.com\/company\/justice-info\",\"https:\/\/www.youtube.com\/channel\/UCyCEsARodyuWtkWyhn-e7pA\"]},{\"@type\":\"Person\",\"name\":\"Mustapha K. Darboe\",\"url\":\"https:\/\/www.justiceinfo.net\/fr\/auteur\/mdarboe\"}]}<\/script>\n<!-- \/ Yoast SEO Premium plugin. -->","yoast_head_json":{"title":"Passer \u00e0 la t\u00e9l\u00e9 sans le savoir : la vie d'un opposant sous Jammeh - JusticeInfo.net","robots":{"index":"index","follow":"follow","max-snippet":"max-snippet:-1","max-image-preview":"max-image-preview:large","max-video-preview":"max-video-preview:-1"},"canonical":"https:\/\/www.justiceinfo.net\/fr\/41671-passer-tele-sans-savoir-vie-opposant-sous-jammeh.html","og_locale":"fr_FR","og_type":"article","og_title":"Passer \u00e0 la t\u00e9l\u00e9 sans le savoir : la vie d'un opposant sous Jammeh","og_description":"Les audiences publiques devant la Commission v\u00e9rit\u00e9, r\u00e9conciliation et r\u00e9parations (TRRC) ont repris le 10 juin en Gambie. Cette semaine a \u00e9t\u00e9 consacr\u00e9e au sort des membres du principal parti d'opposition politique. Dont Amadou Sanneh, qui a regard\u00e9 pour la premi\u00e8re fois une vid\u00e9o de son interrogatoire par la police qui avait \u00e9t\u00e9 diffus\u00e9e \u00e0 [&hellip;]","og_url":"https:\/\/www.justiceinfo.net\/fr\/41671-passer-tele-sans-savoir-vie-opposant-sous-jammeh.html","og_site_name":"JusticeInfo.net","article_publisher":"https:\/\/www.facebook.com\/JusticeInfo\/","article_published_time":"2019-06-14T08:51:25+00:00","og_image":[{"width":1200,"height":800,"url":"https:\/\/www.justiceinfo.net\/wp-content\/uploads\/65dde58195f05615b074ee7bd00ce898.jpg","type":"image\/jpeg"}],"author":"Mustapha K. Darboe","twitter_card":"summary_large_image","twitter_creator":"@justiceinfonet","twitter_site":"@justiceinfonet","twitter_misc":{"\u00c9crit par":"Mustapha K. Darboe","Dur\u00e9e de lecture estim\u00e9e":"9 minutes"},"schema":{"@context":"https:\/\/schema.org","@graph":[{"@type":"NewsArticle","@id":"https:\/\/www.justiceinfo.net\/fr\/41671-passer-tele-sans-savoir-vie-opposant-sous-jammeh.html#article","isPartOf":{"@id":"https:\/\/www.justiceinfo.net\/fr\/41671-passer-tele-sans-savoir-vie-opposant-sous-jammeh.html"},"author":{"name":"mdarboe","@id":"https:\/\/www.justiceinfo.net\/fr#\/schema\/person\/87683ef8eb6db0f513bc2be3db6f3012"},"headline":"Passer \u00e0 la t\u00e9l\u00e9 sans le savoir : la vie d'un opposant sous Jammeh","datePublished":"2019-06-14T08:51:25+00:00","mainEntityOfPage":{"@id":"https:\/\/www.justiceinfo.net\/fr\/41671-passer-tele-sans-savoir-vie-opposant-sous-jammeh.html"},"wordCount":1799,"commentCount":0,"publisher":{"@id":"https:\/\/www.justiceinfo.net\/fr#organization"},"image":{"@id":"https:\/\/www.justiceinfo.net\/fr\/41671-passer-tele-sans-savoir-vie-opposant-sous-jammeh.html#primaryimage"},"thumbnailUrl":"https:\/\/www.justiceinfo.net\/wp-content\/uploads\/65dde58195f05615b074ee7bd00ce898.jpg","articleSection":["Commissions v\u00e9rit\u00e9"],"inLanguage":"fr-FR","potentialAction":[{"@type":"CommentAction","name":"Comment","target":["https:\/\/www.justiceinfo.net\/fr\/41671-passer-tele-sans-savoir-vie-opposant-sous-jammeh.html#respond"]}]},{"@type":"WebPage","@id":"https:\/\/www.justiceinfo.net\/fr\/41671-passer-tele-sans-savoir-vie-opposant-sous-jammeh.html","url":"https:\/\/www.justiceinfo.net\/fr\/41671-passer-tele-sans-savoir-vie-opposant-sous-jammeh.html","name":"Passer \u00e0 la t\u00e9l\u00e9 sans le savoir : la vie d'un opposant sous Jammeh - JusticeInfo.net","isPartOf":{"@id":"https:\/\/www.justiceinfo.net\/fr#website"},"primaryImageOfPage":{"@id":"https:\/\/www.justiceinfo.net\/fr\/41671-passer-tele-sans-savoir-vie-opposant-sous-jammeh.html#primaryimage"},"image":{"@id":"https:\/\/www.justiceinfo.net\/fr\/41671-passer-tele-sans-savoir-vie-opposant-sous-jammeh.html#primaryimage"},"thumbnailUrl":"https:\/\/www.justiceinfo.net\/wp-content\/uploads\/65dde58195f05615b074ee7bd00ce898.jpg","datePublished":"2019-06-14T08:51:25+00:00","breadcrumb":{"@id":"https:\/\/www.justiceinfo.net\/fr\/41671-passer-tele-sans-savoir-vie-opposant-sous-jammeh.html#breadcrumb"},"inLanguage":"fr-FR","potentialAction":[{"@type":"ReadAction","target":["https:\/\/www.justiceinfo.net\/fr\/41671-passer-tele-sans-savoir-vie-opposant-sous-jammeh.html"]}]},{"@type":"ImageObject","inLanguage":"fr-FR","@id":"https:\/\/www.justiceinfo.net\/fr\/41671-passer-tele-sans-savoir-vie-opposant-sous-jammeh.html#primaryimage","url":"https:\/\/www.justiceinfo.net\/wp-content\/uploads\/65dde58195f05615b074ee7bd00ce898.jpg","contentUrl":"https:\/\/www.justiceinfo.net\/wp-content\/uploads\/65dde58195f05615b074ee7bd00ce898.jpg","width":1200,"height":800},{"@type":"BreadcrumbList","@id":"https:\/\/www.justiceinfo.net\/fr\/41671-passer-tele-sans-savoir-vie-opposant-sous-jammeh.html#breadcrumb","itemListElement":[{"@type":"ListItem","position":1,"name":"Home","item":"https:\/\/www.justiceinfo.net\/fr"},{"@type":"ListItem","position":2,"name":"Passer \u00e0 la t\u00e9l\u00e9 sans le savoir : la vie d'un opposant sous Jammeh"}]},{"@type":"WebSite","@id":"https:\/\/www.justiceinfo.net\/fr#website","url":"https:\/\/www.justiceinfo.net\/fr","name":"JusticeInfo.net","description":"La justice doit \u00eatre vue pour \u00eatre rendue","publisher":{"@id":"https:\/\/www.justiceinfo.net\/fr#organization"},"potentialAction":[{"@type":"SearchAction","target":{"@type":"EntryPoint","urlTemplate":"https:\/\/www.justiceinfo.net\/fr?s={search_term_string}"},"query-input":{"@type":"PropertyValueSpecification","valueRequired":true,"valueName":"search_term_string"}}],"inLanguage":"fr-FR"},{"@type":"Organization","@id":"https:\/\/www.justiceinfo.net\/fr#organization","name":"Justice Info","url":"https:\/\/www.justiceinfo.net\/fr","logo":{"@type":"ImageObject","inLanguage":"fr-FR","@id":"https:\/\/www.justiceinfo.net\/fr#\/schema\/logo\/image\/","url":"https:\/\/www.justiceinfo.net\/wp-content\/uploads\/justiceinfo_logo-trans_1200x1200px.png","contentUrl":"https:\/\/www.justiceinfo.net\/wp-content\/uploads\/justiceinfo_logo-trans_1200x1200px.png","width":1199,"height":1200,"caption":"Justice Info"},"image":{"@id":"https:\/\/www.justiceinfo.net\/fr#\/schema\/logo\/image\/"},"sameAs":["https:\/\/www.facebook.com\/JusticeInfo\/","https:\/\/x.com\/justiceinfonet","https:\/\/www.linkedin.com\/company\/justice-info","https:\/\/www.youtube.com\/channel\/UCyCEsARodyuWtkWyhn-e7pA"]},{"@type":"Person","name":"Mustapha K. Darboe","url":"https:\/\/www.justiceinfo.net\/fr\/auteur\/mdarboe"}]}},"_links":{"self":[{"href":"https:\/\/www.justiceinfo.net\/fr\/wp-json\/wp\/v2\/posts\/41671","targetHints":{"allow":["GET"]}}],"collection":[{"href":"https:\/\/www.justiceinfo.net\/fr\/wp-json\/wp\/v2\/posts"}],"about":[{"href":"https:\/\/www.justiceinfo.net\/fr\/wp-json\/wp\/v2\/types\/post"}],"author":[{"embeddable":true,"href":"https:\/\/www.justiceinfo.net\/fr\/wp-json\/wp\/v2\/users\/73"}],"replies":[{"embeddable":true,"href":"https:\/\/www.justiceinfo.net\/fr\/wp-json\/wp\/v2\/comments?post=41671"}],"version-history":[{"count":0,"href":"https:\/\/www.justiceinfo.net\/fr\/wp-json\/wp\/v2\/posts\/41671\/revisions"}],"wp:featuredmedia":[{"embeddable":true,"href":"https:\/\/www.justiceinfo.net\/fr\/wp-json\/wp\/v2\/media\/65246"}],"wp:attachment":[{"href":"https:\/\/www.justiceinfo.net\/fr\/wp-json\/wp\/v2\/media?parent=41671"}],"wp:term":[{"taxonomy":"category","embeddable":true,"href":"https:\/\/www.justiceinfo.net\/fr\/wp-json\/wp\/v2\/categories?post=41671"},{"taxonomy":"post_tag","embeddable":true,"href":"https:\/\/www.justiceinfo.net\/fr\/wp-json\/wp\/v2\/tags?post=41671"},{"taxonomy":"ji_location","embeddable":true,"href":"https:\/\/www.justiceinfo.net\/fr\/wp-json\/wp\/v2\/ji_location?post=41671"}],"curies":[{"name":"wp","href":"https:\/\/api.w.org\/{rel}","templated":true}]}}