{"id":4233,"date":"2004-04-01T00:00:00","date_gmt":"2004-03-31T22:00:00","guid":{"rendered":"https:\/\/www.justiceinfo.net\/4233-01042004-tpirmilitaires-i-nsengiyumva-aurait-attaque-des-civils-tutsis-sous-pretexte-que-cet1023.html"},"modified":"2004-04-01T00:00:00","modified_gmt":"2004-03-31T22:00:00","slug":"01042004-tpirmilitaires-i-nsengiyumva-aurait-attaque-des-civils-tutsis-sous-pretexte-que-cet1023","status":"publish","type":"post","link":"https:\/\/www.justiceinfo.net\/fr\/4233-01042004-tpirmilitaires-i-nsengiyumva-aurait-attaque-des-civils-tutsis-sous-pretexte-que-cet1023.html","title":{"rendered":"01.04.2004 - TPIR\/MILITAIRES I - NSENGIYUMVA AURAIT ATTAQUE DES CIVILS TUTSIS SOUS PRETEXTE QUE C'ET"},"content":{"rendered":"<p  >\nArusha, le 1er avril 2004 (FH)- Un t\u00e9moin du parquet entendu par le Tribunal p\u00e9nal international pour le Rwanda (TPIR) a affirm\u00e9 jeudi que l'ancien commandant de la r\u00e9gion militaire de Gisenyi (ouest du Rwanda), le lieutenant-colonel Anatole Nsengiyumva, avait conduit une attaque contre des r\u00e9fugi\u00e9s tutsis en avril 1994 en affirmant que c'\u00e9taient des rebelles.\n<\/p>\n<p  >\nLe t\u00e9moin prot\u00e9g\u00e9 \"DBN\" d\u00e9pose dans le proc\u00e8s dit \"Militaires I\" qui concerne Nsengiyumva et trois autres hauts grad\u00e9s des ex-Forces arm\u00e9es rwandaises (FAR).\n<\/p>\n<p><!--more--><\/p>\n<p  >\nIl est le cinquanti\u00e8me t\u00e9moin \u00e0 charge dans cette affaire qui a d\u00e9but\u00e9 en avril 2002.\n<\/p>\n<p  >\nDBN a d\u00e9clar\u00e9 qu'apr\u00e8s le crash de l'avion du pr\u00e9sident Juv\u00e9nal Habyarimana le 6 avril 1994, Nsengiyumva est venu \u00e0 Kanombe (Kigali) solliciter des militaires \"pour aller \u00e0 Masaka parce qu'il y avait des Inkotanyi (terme p\u00e9joratif signifiant l'ex-r\u00e9bellion \u00e0 dominante tutsie) \u00e0 cet endroit.\"\n<\/p>\n<p  >\nl'ancien commandant du bataillon para-commando de Kanombe, le major Aloys Ntabakuze, un des coaccus\u00e9s de Nsengiyumva, aurait \u00e0 cet effet d\u00e9ploy\u00e9 un peloton de trente soldats et un v\u00e9hicule militaire.\n<\/p>\n<p  >\n\"Au retour, des militaires qui avaient particip\u00e9 \u00e0 cette op\u00e9ration m'ont appris qu'on les avait tromp\u00e9\" a dit DBN. \"Ce n'\u00e9taient pas des Inkotanyi mais des Tutsis qui se cachaient dans des caf\u00e9iers et dans des maisons\", a-t-il ajout\u00e9. \"On leur a jet\u00e9 des grenades et il n'y pas eu de combats\" a-t-il indiqu\u00e9. Le t\u00e9moin DBN n'a pas donn\u00e9 la moindre indication sur le nombre des victimes.\n<\/p>\n<p  >\nDBN a relat\u00e9 que le bataillon para-commando, dont il \u00e9tait membre, avait quitt\u00e9 Kanombe \"vers fin avril\" fuyant l'avanc\u00e9e des rebelles du Front patriotique rwandais (FPR). Il a travers\u00e9 la fronti\u00e8re en juillet 1994, apr\u00e8s la d\u00e9faite totale des FAR.\n<\/p>\n<p  >\nArriv\u00e9 au camp de r\u00e9fugi\u00e9s de Mugunga (ex-Za\u00efre) avec ses hommes, Ntabakuze les aurait exhort\u00e9 \u00e0 garder le moral et de ne pas se disperser, assurant qu'ils allaient reconqu\u00e9rir leur territoire \"avec l'aide des Fran\u00e7ais.\"\n<\/p>\n<p  >\nLes soldats fran\u00e7ais se trouvaient au sud-ouest du Rwanda dans le cadre D'une op\u00e9ration humanitaire autoris\u00e9e par l'ONU, baptis\u00e9e \"turquoise\". Cette mission a pris fin le 22 ao\u00fbt 1994.\n<\/p>\n<p  >\nNsengiyumva et Ntabakuze sont co-accus\u00e9s avec l'ancien directeur de cabinet au minist\u00e8re de la d\u00e9fense, le colonel Th\u00e9oneste Bagosora, et l'ancien responsable des op\u00e9rations militaires \u00e0 l'Etat major de l'arm\u00e9e, le g\u00e9n\u00e9ral de brigade Gratien Kabiligi. Tous plaident non coupable aux accusations de g\u00e9nocide, de crimes contre l'humanit\u00e9 et de crimes de guerre port\u00e9s contre eux.\n<\/p>\n<p  >\nLeur proc\u00e8s dit \"Militaires I\" se d\u00e9roule devant la premi\u00e8re chambre de premi\u00e8re instance du TPIR pr\u00e9sid\u00e9e par le juge norv\u00e9gien Erik Mose, assist\u00e9 des juges russe Serguei Egorov et fidjien Jai Ram Reddy. DBN poursuivra sa d\u00e9position vendredi.\n<\/p>\n<p  >\nGA\/AT\/GF\/FH(Ml''0401A)<\/p>\n","protected":false},"excerpt":{"rendered":"<p>Arusha, le 1er avril 2004 (FH)- Un t\u00e9moin du parquet entendu par le Tribunal p\u00e9nal international pour le Rwanda (TPIR) a affirm\u00e9 jeudi que l'ancien commandant de la r\u00e9gion militaire de Gisenyi (ouest du Rwanda), le lieutenant-colonel Anatole Nsengiyumva, avait conduit une attaque contre des r\u00e9fugi\u00e9s tutsis en avril 1994 en affirmant que c'\u00e9taient des [&hellip;]<\/p>\n","protected":false},"author":64,"featured_media":0,"comment_status":"open","ping_status":"closed","sticky":false,"template":"","format":"standard","meta":{"_acf_changed":false,"footnotes":""},"categories":[554],"tags":[],"ji_location":[],"class_list":["post-4233","post","type-post","status-publish","format-standard","hentry","category-hirondellenews"],"acf":[],"yoast_head":"<!-- This site is optimized with the Yoast SEO Premium plugin v25.3.1 (Yoast SEO v25.3.1) - https:\/\/yoast.com\/wordpress\/plugins\/seo\/ -->\n<title>01.04.2004 - TPIR\/MILITAIRES I - NSENGIYUMVA AURAIT ATTAQUE DES CIVILS TUTSIS SOUS PRETEXTE QUE C&#039;ET - JusticeInfo.net<\/title>\n<meta name=\"robots\" content=\"index, follow, max-snippet:-1, max-image-preview:large, max-video-preview:-1\" \/>\n<link rel=\"canonical\" href=\"https:\/\/www.justiceinfo.net\/fr\/4233-01042004-tpirmilitaires-i-nsengiyumva-aurait-attaque-des-civils-tutsis-sous-pretexte-que-cet1023.html\" \/>\n<meta property=\"og:locale\" content=\"fr_FR\" \/>\n<meta property=\"og:type\" content=\"article\" \/>\n<meta property=\"og:title\" content=\"01.04.2004 - TPIR\/MILITAIRES I - NSENGIYUMVA AURAIT ATTAQUE DES CIVILS TUTSIS SOUS PRETEXTE QUE C&#039;ET\" \/>\n<meta property=\"og:description\" content=\"Arusha, le 1er avril 2004 (FH)- Un t\u00e9moin du parquet entendu par le Tribunal p\u00e9nal international pour le Rwanda (TPIR) a affirm\u00e9 jeudi que l&#039;ancien commandant de la r\u00e9gion militaire de Gisenyi (ouest du Rwanda), le lieutenant-colonel Anatole Nsengiyumva, avait conduit une attaque contre des r\u00e9fugi\u00e9s tutsis en avril 1994 en affirmant que c&#039;\u00e9taient des [&hellip;]\" \/>\n<meta property=\"og:url\" content=\"https:\/\/www.justiceinfo.net\/fr\/4233-01042004-tpirmilitaires-i-nsengiyumva-aurait-attaque-des-civils-tutsis-sous-pretexte-que-cet1023.html\" \/>\n<meta property=\"og:site_name\" content=\"JusticeInfo.net\" \/>\n<meta property=\"article:publisher\" content=\"https:\/\/www.facebook.com\/JusticeInfo\/\" \/>\n<meta property=\"article:published_time\" content=\"2004-03-31T22:00:00+00:00\" \/>\n<meta property=\"og:image\" content=\"https:\/\/www.justiceinfo.net\/wp-content\/uploads\/JusticeInfoNet_logo_1200x630px.jpg\" \/>\n\t<meta property=\"og:image:width\" content=\"1200\" \/>\n\t<meta property=\"og:image:height\" content=\"630\" \/>\n\t<meta property=\"og:image:type\" content=\"image\/jpeg\" \/>\n<meta name=\"author\" content=\"solivri\" \/>\n<meta name=\"twitter:card\" content=\"summary_large_image\" \/>\n<meta name=\"twitter:creator\" content=\"@justiceinfonet\" \/>\n<meta name=\"twitter:site\" content=\"@justiceinfonet\" \/>\n<meta name=\"twitter:label1\" content=\"\u00c9crit par\" \/>\n\t<meta name=\"twitter:data1\" content=\"solivri\" \/>\n\t<meta name=\"twitter:label2\" content=\"Dur\u00e9e de lecture estim\u00e9e\" \/>\n\t<meta name=\"twitter:data2\" content=\"2 minutes\" \/>\n<script type=\"application\/ld+json\" class=\"yoast-schema-graph\">{\"@context\":\"https:\/\/schema.org\",\"@graph\":[{\"@type\":\"NewsArticle\",\"@id\":\"https:\/\/www.justiceinfo.net\/fr\/4233-01042004-tpirmilitaires-i-nsengiyumva-aurait-attaque-des-civils-tutsis-sous-pretexte-que-cet1023.html#article\",\"isPartOf\":{\"@id\":\"https:\/\/www.justiceinfo.net\/fr\/4233-01042004-tpirmilitaires-i-nsengiyumva-aurait-attaque-des-civils-tutsis-sous-pretexte-que-cet1023.html\"},\"author\":{\"name\":\"solivri\",\"@id\":\"https:\/\/www.justiceinfo.net\/fr#\/schema\/person\/6e53cba1629e2e66f3fc1821d3091865\"},\"headline\":\"01.04.2004 - TPIR\/MILITAIRES I - NSENGIYUMVA AURAIT ATTAQUE DES CIVILS TUTSIS SOUS PRETEXTE QUE C'ET\",\"datePublished\":\"2004-03-31T22:00:00+00:00\",\"mainEntityOfPage\":{\"@id\":\"https:\/\/www.justiceinfo.net\/fr\/4233-01042004-tpirmilitaires-i-nsengiyumva-aurait-attaque-des-civils-tutsis-sous-pretexte-que-cet1023.html\"},\"wordCount\":524,\"commentCount\":0,\"publisher\":{\"@id\":\"https:\/\/www.justiceinfo.net\/fr#organization\"},\"articleSection\":[\"Hirondelle News\"],\"inLanguage\":\"fr-FR\",\"potentialAction\":[{\"@type\":\"CommentAction\",\"name\":\"Comment\",\"target\":[\"https:\/\/www.justiceinfo.net\/fr\/4233-01042004-tpirmilitaires-i-nsengiyumva-aurait-attaque-des-civils-tutsis-sous-pretexte-que-cet1023.html#respond\"]}]},{\"@type\":\"WebPage\",\"@id\":\"https:\/\/www.justiceinfo.net\/fr\/4233-01042004-tpirmilitaires-i-nsengiyumva-aurait-attaque-des-civils-tutsis-sous-pretexte-que-cet1023.html\",\"url\":\"https:\/\/www.justiceinfo.net\/fr\/4233-01042004-tpirmilitaires-i-nsengiyumva-aurait-attaque-des-civils-tutsis-sous-pretexte-que-cet1023.html\",\"name\":\"01.04.2004 - TPIR\/MILITAIRES I - NSENGIYUMVA AURAIT ATTAQUE DES CIVILS TUTSIS SOUS PRETEXTE QUE C'ET - JusticeInfo.net\",\"isPartOf\":{\"@id\":\"https:\/\/www.justiceinfo.net\/fr#website\"},\"datePublished\":\"2004-03-31T22:00:00+00:00\",\"breadcrumb\":{\"@id\":\"https:\/\/www.justiceinfo.net\/fr\/4233-01042004-tpirmilitaires-i-nsengiyumva-aurait-attaque-des-civils-tutsis-sous-pretexte-que-cet1023.html#breadcrumb\"},\"inLanguage\":\"fr-FR\",\"potentialAction\":[{\"@type\":\"ReadAction\",\"target\":[\"https:\/\/www.justiceinfo.net\/fr\/4233-01042004-tpirmilitaires-i-nsengiyumva-aurait-attaque-des-civils-tutsis-sous-pretexte-que-cet1023.html\"]}]},{\"@type\":\"BreadcrumbList\",\"@id\":\"https:\/\/www.justiceinfo.net\/fr\/4233-01042004-tpirmilitaires-i-nsengiyumva-aurait-attaque-des-civils-tutsis-sous-pretexte-que-cet1023.html#breadcrumb\",\"itemListElement\":[{\"@type\":\"ListItem\",\"position\":1,\"name\":\"Home\",\"item\":\"https:\/\/www.justiceinfo.net\/fr\"},{\"@type\":\"ListItem\",\"position\":2,\"name\":\"01.04.2004 - TPIR\/MILITAIRES I - NSENGIYUMVA AURAIT ATTAQUE DES CIVILS TUTSIS SOUS PRETEXTE QUE C'ET\"}]},{\"@type\":\"WebSite\",\"@id\":\"https:\/\/www.justiceinfo.net\/fr#website\",\"url\":\"https:\/\/www.justiceinfo.net\/fr\",\"name\":\"JusticeInfo.net\",\"description\":\"La justice doit \u00eatre vue pour \u00eatre rendue\",\"publisher\":{\"@id\":\"https:\/\/www.justiceinfo.net\/fr#organization\"},\"potentialAction\":[{\"@type\":\"SearchAction\",\"target\":{\"@type\":\"EntryPoint\",\"urlTemplate\":\"https:\/\/www.justiceinfo.net\/fr?s={search_term_string}\"},\"query-input\":{\"@type\":\"PropertyValueSpecification\",\"valueRequired\":true,\"valueName\":\"search_term_string\"}}],\"inLanguage\":\"fr-FR\"},{\"@type\":\"Organization\",\"@id\":\"https:\/\/www.justiceinfo.net\/fr#organization\",\"name\":\"Justice Info\",\"url\":\"https:\/\/www.justiceinfo.net\/fr\",\"logo\":{\"@type\":\"ImageObject\",\"inLanguage\":\"fr-FR\",\"@id\":\"https:\/\/www.justiceinfo.net\/fr#\/schema\/logo\/image\/\",\"url\":\"https:\/\/www.justiceinfo.net\/wp-content\/uploads\/justiceinfo_logo-trans_1200x1200px.png\",\"contentUrl\":\"https:\/\/www.justiceinfo.net\/wp-content\/uploads\/justiceinfo_logo-trans_1200x1200px.png\",\"width\":1199,\"height\":1200,\"caption\":\"Justice Info\"},\"image\":{\"@id\":\"https:\/\/www.justiceinfo.net\/fr#\/schema\/logo\/image\/\"},\"sameAs\":[\"https:\/\/www.facebook.com\/JusticeInfo\/\",\"https:\/\/x.com\/justiceinfonet\",\"https:\/\/www.linkedin.com\/company\/justice-info\",\"https:\/\/www.youtube.com\/channel\/UCyCEsARodyuWtkWyhn-e7pA\"]},{\"@type\":\"Person\",\"name\":\"solivri\",\"url\":\"\/fr\/?s=solivri\"}]}<\/script>\n<!-- \/ Yoast SEO Premium plugin. -->","yoast_head_json":{"title":"01.04.2004 - TPIR\/MILITAIRES I - NSENGIYUMVA AURAIT ATTAQUE DES CIVILS TUTSIS SOUS PRETEXTE QUE C'ET - JusticeInfo.net","robots":{"index":"index","follow":"follow","max-snippet":"max-snippet:-1","max-image-preview":"max-image-preview:large","max-video-preview":"max-video-preview:-1"},"canonical":"https:\/\/www.justiceinfo.net\/fr\/4233-01042004-tpirmilitaires-i-nsengiyumva-aurait-attaque-des-civils-tutsis-sous-pretexte-que-cet1023.html","og_locale":"fr_FR","og_type":"article","og_title":"01.04.2004 - TPIR\/MILITAIRES I - NSENGIYUMVA AURAIT ATTAQUE DES CIVILS TUTSIS SOUS PRETEXTE QUE C'ET","og_description":"Arusha, le 1er avril 2004 (FH)- Un t\u00e9moin du parquet entendu par le Tribunal p\u00e9nal international pour le Rwanda (TPIR) a affirm\u00e9 jeudi que l'ancien commandant de la r\u00e9gion militaire de Gisenyi (ouest du Rwanda), le lieutenant-colonel Anatole Nsengiyumva, avait conduit une attaque contre des r\u00e9fugi\u00e9s tutsis en avril 1994 en affirmant que c'\u00e9taient des [&hellip;]","og_url":"https:\/\/www.justiceinfo.net\/fr\/4233-01042004-tpirmilitaires-i-nsengiyumva-aurait-attaque-des-civils-tutsis-sous-pretexte-que-cet1023.html","og_site_name":"JusticeInfo.net","article_publisher":"https:\/\/www.facebook.com\/JusticeInfo\/","article_published_time":"2004-03-31T22:00:00+00:00","og_image":[{"width":1200,"height":630,"url":"https:\/\/www.justiceinfo.net\/wp-content\/uploads\/JusticeInfoNet_logo_1200x630px.jpg","type":"image\/jpeg"}],"author":"solivri","twitter_card":"summary_large_image","twitter_creator":"@justiceinfonet","twitter_site":"@justiceinfonet","twitter_misc":{"\u00c9crit par":"solivri","Dur\u00e9e de lecture estim\u00e9e":"2 minutes"},"schema":{"@context":"https:\/\/schema.org","@graph":[{"@type":"NewsArticle","@id":"https:\/\/www.justiceinfo.net\/fr\/4233-01042004-tpirmilitaires-i-nsengiyumva-aurait-attaque-des-civils-tutsis-sous-pretexte-que-cet1023.html#article","isPartOf":{"@id":"https:\/\/www.justiceinfo.net\/fr\/4233-01042004-tpirmilitaires-i-nsengiyumva-aurait-attaque-des-civils-tutsis-sous-pretexte-que-cet1023.html"},"author":{"name":"solivri","@id":"https:\/\/www.justiceinfo.net\/fr#\/schema\/person\/6e53cba1629e2e66f3fc1821d3091865"},"headline":"01.04.2004 - TPIR\/MILITAIRES I - NSENGIYUMVA AURAIT ATTAQUE DES CIVILS TUTSIS SOUS PRETEXTE QUE C'ET","datePublished":"2004-03-31T22:00:00+00:00","mainEntityOfPage":{"@id":"https:\/\/www.justiceinfo.net\/fr\/4233-01042004-tpirmilitaires-i-nsengiyumva-aurait-attaque-des-civils-tutsis-sous-pretexte-que-cet1023.html"},"wordCount":524,"commentCount":0,"publisher":{"@id":"https:\/\/www.justiceinfo.net\/fr#organization"},"articleSection":["Hirondelle News"],"inLanguage":"fr-FR","potentialAction":[{"@type":"CommentAction","name":"Comment","target":["https:\/\/www.justiceinfo.net\/fr\/4233-01042004-tpirmilitaires-i-nsengiyumva-aurait-attaque-des-civils-tutsis-sous-pretexte-que-cet1023.html#respond"]}]},{"@type":"WebPage","@id":"https:\/\/www.justiceinfo.net\/fr\/4233-01042004-tpirmilitaires-i-nsengiyumva-aurait-attaque-des-civils-tutsis-sous-pretexte-que-cet1023.html","url":"https:\/\/www.justiceinfo.net\/fr\/4233-01042004-tpirmilitaires-i-nsengiyumva-aurait-attaque-des-civils-tutsis-sous-pretexte-que-cet1023.html","name":"01.04.2004 - TPIR\/MILITAIRES I - NSENGIYUMVA AURAIT ATTAQUE DES CIVILS TUTSIS SOUS PRETEXTE QUE C'ET - JusticeInfo.net","isPartOf":{"@id":"https:\/\/www.justiceinfo.net\/fr#website"},"datePublished":"2004-03-31T22:00:00+00:00","breadcrumb":{"@id":"https:\/\/www.justiceinfo.net\/fr\/4233-01042004-tpirmilitaires-i-nsengiyumva-aurait-attaque-des-civils-tutsis-sous-pretexte-que-cet1023.html#breadcrumb"},"inLanguage":"fr-FR","potentialAction":[{"@type":"ReadAction","target":["https:\/\/www.justiceinfo.net\/fr\/4233-01042004-tpirmilitaires-i-nsengiyumva-aurait-attaque-des-civils-tutsis-sous-pretexte-que-cet1023.html"]}]},{"@type":"BreadcrumbList","@id":"https:\/\/www.justiceinfo.net\/fr\/4233-01042004-tpirmilitaires-i-nsengiyumva-aurait-attaque-des-civils-tutsis-sous-pretexte-que-cet1023.html#breadcrumb","itemListElement":[{"@type":"ListItem","position":1,"name":"Home","item":"https:\/\/www.justiceinfo.net\/fr"},{"@type":"ListItem","position":2,"name":"01.04.2004 - TPIR\/MILITAIRES I - NSENGIYUMVA AURAIT ATTAQUE DES CIVILS TUTSIS SOUS PRETEXTE QUE C'ET"}]},{"@type":"WebSite","@id":"https:\/\/www.justiceinfo.net\/fr#website","url":"https:\/\/www.justiceinfo.net\/fr","name":"JusticeInfo.net","description":"La justice doit \u00eatre vue pour \u00eatre rendue","publisher":{"@id":"https:\/\/www.justiceinfo.net\/fr#organization"},"potentialAction":[{"@type":"SearchAction","target":{"@type":"EntryPoint","urlTemplate":"https:\/\/www.justiceinfo.net\/fr?s={search_term_string}"},"query-input":{"@type":"PropertyValueSpecification","valueRequired":true,"valueName":"search_term_string"}}],"inLanguage":"fr-FR"},{"@type":"Organization","@id":"https:\/\/www.justiceinfo.net\/fr#organization","name":"Justice Info","url":"https:\/\/www.justiceinfo.net\/fr","logo":{"@type":"ImageObject","inLanguage":"fr-FR","@id":"https:\/\/www.justiceinfo.net\/fr#\/schema\/logo\/image\/","url":"https:\/\/www.justiceinfo.net\/wp-content\/uploads\/justiceinfo_logo-trans_1200x1200px.png","contentUrl":"https:\/\/www.justiceinfo.net\/wp-content\/uploads\/justiceinfo_logo-trans_1200x1200px.png","width":1199,"height":1200,"caption":"Justice Info"},"image":{"@id":"https:\/\/www.justiceinfo.net\/fr#\/schema\/logo\/image\/"},"sameAs":["https:\/\/www.facebook.com\/JusticeInfo\/","https:\/\/x.com\/justiceinfonet","https:\/\/www.linkedin.com\/company\/justice-info","https:\/\/www.youtube.com\/channel\/UCyCEsARodyuWtkWyhn-e7pA"]},{"@type":"Person","name":"solivri","url":"\/fr\/?s=solivri"}]}},"_links":{"self":[{"href":"https:\/\/www.justiceinfo.net\/fr\/wp-json\/wp\/v2\/posts\/4233","targetHints":{"allow":["GET"]}}],"collection":[{"href":"https:\/\/www.justiceinfo.net\/fr\/wp-json\/wp\/v2\/posts"}],"about":[{"href":"https:\/\/www.justiceinfo.net\/fr\/wp-json\/wp\/v2\/types\/post"}],"author":[{"embeddable":true,"href":"https:\/\/www.justiceinfo.net\/fr\/wp-json\/wp\/v2\/users\/64"}],"replies":[{"embeddable":true,"href":"https:\/\/www.justiceinfo.net\/fr\/wp-json\/wp\/v2\/comments?post=4233"}],"version-history":[{"count":0,"href":"https:\/\/www.justiceinfo.net\/fr\/wp-json\/wp\/v2\/posts\/4233\/revisions"}],"wp:attachment":[{"href":"https:\/\/www.justiceinfo.net\/fr\/wp-json\/wp\/v2\/media?parent=4233"}],"wp:term":[{"taxonomy":"category","embeddable":true,"href":"https:\/\/www.justiceinfo.net\/fr\/wp-json\/wp\/v2\/categories?post=4233"},{"taxonomy":"post_tag","embeddable":true,"href":"https:\/\/www.justiceinfo.net\/fr\/wp-json\/wp\/v2\/tags?post=4233"},{"taxonomy":"ji_location","embeddable":true,"href":"https:\/\/www.justiceinfo.net\/fr\/wp-json\/wp\/v2\/ji_location?post=4233"}],"curies":[{"name":"wp","href":"https:\/\/api.w.org\/{rel}","templated":true}]}}