{"id":42455,"date":"2019-09-25T07:06:36","date_gmt":"2019-09-25T05:06:36","guid":{"rendered":"https:\/\/www.justiceinfo.net\/42455-zimbabwe-mugabe-est-enterre-pas-le-passe.html"},"modified":"2022-08-19T17:27:12","modified_gmt":"2022-08-19T15:27:12","slug":"zimbabwe-mugabe-est-enterre-pas-le-passe","status":"publish","type":"post","link":"https:\/\/www.justiceinfo.net\/fr\/42455-zimbabwe-mugabe-est-enterre-pas-le-passe.html","title":{"rendered":"Zimbabwe : Mugabe est enterr\u00e9, pas le pass\u00e9"},"content":{"rendered":"<p><strong>Les fun\u00e9railles nationales de l\u2019ancien pr\u00e9sident Robert Mugabe ont eu lieu le 14 septembre \u00e0 Harare, la capitale du Zimbabwe. Il n\u2019aura jamais \u00e0 r\u00e9pondre des crimes commis sous son r\u00e9gime. Et malgr\u00e9 la cr\u00e9ation d\u2019une commission v\u00e9rit\u00e9 et la lev\u00e9e r\u00e9cente de l\u2019interdiction d\u2019en parler, presque tout reste \u00e0 faire.<\/strong><\/p>\n<p><!--more--><\/p>\n<p>- \u00ab&nbsp;Nous recherchons des dissidents&nbsp;\u00bb, rugit un soldat.<\/p>\n<p>- \u00ab&nbsp;Nous n\u2019avons pas vu de dissidents dans la r\u00e9gion&nbsp;\u00bb, r\u00e9pond Sithole.<\/p>\n<p>C\u2019\u00e9tait il y a trente-six ans. Nhlanganiso Sithole est assis \u00e0 l\u2019ext\u00e9rieur d\u2019une hutte avec ses trois fr\u00e8res en train de d\u00e9guster leur bi\u00e8re maison pr\u00e9f\u00e9r\u00e9e lorsqu\u2019un groupe de soldats en uniforme de l\u2019arm\u00e9e, coiff\u00e9s de b\u00e9rets rouges, prend d\u2019assaut leur propri\u00e9t\u00e9 familiale dans le quartier Nkwalini de Tsholotsho, \u00e0 l\u2019ouest du Zimbabwe.<\/p>\n<p>Nous sommes le 5 f\u00e9vrier 1983. Sithole ne peut pas oublier ce jour-l\u00e0. Les soldats sont arm\u00e9s jusqu\u2019aux dents. Les dissidents que les membres de cette unit\u00e9 d\u2019\u00e9lite appel\u00e9e la Cinqui\u00e8me Brigade recherchent seraient des d\u00e9serteurs de mouvements de lib\u00e9ration, en particulier de l\u2019Arm\u00e9e r\u00e9volutionnaire du peuple du Zimbabwe (ZIPRA). Les soldats montrent du doigt l\u2019un des hommes, mal v\u00eatu et les cheveux en bataille : \u00ab&nbsp;Celui-ci est un dissident.&nbsp;\u00bb<\/p>\n<p>L\u2019homme nie avec v\u00e9h\u00e9mence, dit aux soldats qu\u2019il n\u2019a jamais \u00e9t\u00e9 \u00e0 la guerre. L\u2019un des fr\u00e8res de Sithole, ancien combattant de la lib\u00e9ration, \u00e9tait all\u00e9 se soulager dans la brousse au moment de l\u2019assaut des soldats. Lorsqu\u2019il sort de la brousse, les soldats le montrent du doigt et s\u2019exclament : \u00ab&nbsp;Celui-l\u00e0 est un dissident.&nbsp;\u00bb<\/p>\n<h3>\u00ab&nbsp;Ils tuaient tous mes fr\u00e8res, l\u2019un apr\u00e8s l\u2019autre&nbsp;\u00bb<\/h3>\n<p>Sithole se dresse pour prendre la d\u00e9fense de son fr\u00e8re, explique qu\u2019aucun d\u2019eux n\u2019est un dissident. Les soldats continuent leur interrogatoire. \u00ab&nbsp;Nous n\u2019h\u00e9siterons pas \u00e0 tous vous tuer&nbsp;\u00bb, crient-ils aux fr\u00e8res effray\u00e9s.<\/p>\n<p>Et ils n\u2019ont pas h\u00e9sit\u00e9.<\/p>\n<p>Sans avertissement, les soldats tirent dans la t\u00eate d\u2019un des hommes. Son corps sans vie s\u2019effondre au sol devant Sithole et ses fr\u00e8res. La fusillade continue. \u00ab&nbsp;Je ne pouvais m\u00eame pas r\u00e9agir, je suis rest\u00e9 immobile pendant qu\u2019ils tuaient tous mes fr\u00e8res, l\u2019un apr\u00e8s l\u2019autre&nbsp;\u00bb, raconte Sithole. \u00ab&nbsp;Ils m\u2019ont tir\u00e9 dessus et la balle a travers\u00e9 mon bras gauche, laissant un trou b\u00e9ant.&nbsp;\u00bb Deux autres balles atteignent son bras droit, brisant des os. Sithole dit s\u2019\u00eatre lev\u00e9, le sang giclant de ses deux bras, et avoir couru pour \u00e9chapper aux soldats arm\u00e9s.<\/p>\n<p>Il se r\u00e9fugie dans l\u2019une des cabanes o\u00f9 un groupe de femmes pr\u00e9pare un repas. Les soldats le poursuivent et tirent d\u2019autres coups de feu, mais ratent leur cible. Sithole d\u00e9tale, cette fois vers les buissons avoisinants. Ils continuent de tirer indistinctement dans sa direction, mais Sithole court \u00e9perdument jusqu\u2019\u00e0 ce qu\u2019il \u00e9chappe compl\u00e8tement \u00e0 ses assaillants. Il trouve refuge dans la brousse pour la nuit et survit, malgr\u00e9 la perte de beaucoup de sang.<\/p>\n<h3>20.000 morts, un \u00ab&nbsp;moment de folie&nbsp;\u00bb<\/h3>\n<p>Entre d\u00e9but 1983 et fin 1987, une s\u00e9rie de massacres de civils <a href=\"https:\/\/fr.wikipedia.org\/wiki\/Nd%C3%A9b%C3%A9l%C3%A9s\" target=\"_blank\" rel=\"noopener noreferrer\">Ndebele<\/a>, perp\u00e9tr\u00e9s par l\u2019Arm\u00e9e nationale du Zimbabwe, co\u00fbtent la vie \u00e0 environ 20.000 personnes dans les r\u00e9gions du Matabeleland et des Midlands. Le gouvernement appelle cet \u00e9pisode l\u2019offensive Gukurahundi. Les associations de d\u00e9fense des droits humains et les victimes s\u2019en souviennent comme l\u2019un des massacres les plus importants du Zimbabwe ind\u00e9pendant. Sous l\u2019ancien pr\u00e9sident Robert Mugabe, il \u00e9tait tabou de parler ouvertement de ces atrocit\u00e9s, qu\u2019il qualifia un jour de \u00ab&nbsp;moment de folie&nbsp;\u00bb.<\/p>\n<p>Mugabe est d\u00e9c\u00e9d\u00e9 le 6 septembre dernier, \u00e0 Singapour, sans avoir reconnu son r\u00f4le d\u2019instigateur des tueries. Son successeur Emmerson Mnangagwa, qui l\u2019a remplac\u00e9 \u00e0 la suite d\u2019une r\u00e9volution de palais en novembre 2017, \u00e9tait lui-m\u00eame responsable de la s\u00e9curit\u00e9 de l\u2019\u00c9tat lorsque l\u2019offensive Gukurahundi fut lanc\u00e9e. En avril 2019, \u00e0 la veille des c\u00e9l\u00e9brations du 39<sup>e<\/sup> anniversaire de l\u2019ind\u00e9pendance du Zimbabwe, Mnangagwa a d\u00e9clar\u00e9, dans un entretien accord\u00e9 \u00e0 la cha\u00eene de t\u00e9l\u00e9vision publique, que les citoyens \u00e9taient libres de d\u00e9battre de ces massacres.<\/p>\n<p>\u00ab&nbsp;La question du Gukurahundi, personnellement, je ne vois rien de mal \u00e0 en d\u00e9battre \u00e0 la t\u00e9l\u00e9vision et dans les journaux&nbsp;\u00bb, a-t-il dit. \u00ab&nbsp;En fait, il est essentiel que nous ayons ce d\u00e9bat et, \u00e0 la suite de cette conversation, nous aurons cr\u00e9\u00e9 une matrice pour la mise en \u0153uvre des id\u00e9es visant \u00e0 traiter les questions soulev\u00e9es. Certaines de ces questions auraient pu \u00eatre r\u00e9solues il y a longtemps. \u00c0 mon avis, il n\u2019y a pas une seule question qui ne puisse \u00eatre d\u00e9battue et nous pouvons aller de l\u2019avant.&nbsp;\u00bb<\/p>\n<h3>Une Commission v\u00e9rit\u00e9 vuln\u00e9rable aux influences politiques<\/h3>\n<p>L\u2019approche de Mnangagwa sur la question du Gukurahundi a \u00e9t\u00e9 accueillie avec des sentiments mitig\u00e9s par les habitants des zones touch\u00e9es du Matabeleland et des Midlands. Sous Mugabe, l\u2019\u00c9tat s\u2019est \u00e9galement rendu complice de violences politiques qui ont principalement vis\u00e9 les membres des partis politiques de l\u2019opposition et d\u2019autres consid\u00e9r\u00e9s comme des ennemis de l\u2019\u00c9tat. Depuis l\u2019\u00e9mergence d\u2019une opposition forte, le Mouvement pour le changement d\u00e9mocratique (MDC), l\u2019\u00c9tat a eu recours \u00e0 la force pour \u00e9craser toute dissidence. L\u2019Etat a \u00e9galement utilis\u00e9 la force pour r\u00e9primer les protestations des partis politiques, des organisations de la soci\u00e9t\u00e9 civile, des syndicats et de citoyens ordinaires insatisfaits de la situation dans le pays, notamment de la situation \u00e9conomique.<\/p>\n<p>La Constitution de 2013 a cr\u00e9\u00e9 la Commission nationale pour la paix et la r\u00e9conciliation (NPRC). La loi a \u00e9t\u00e9 promulgu\u00e9e en janvier 2018, peu apr\u00e8s le retrait de Mugabe du pouvoir. Le mandat de la NPRC est \u00ab&nbsp;d\u2019assurer la justice, l\u2019apaisement et la r\u00e9conciliation apr\u00e8s les conflits, y compris l\u2019\u00e9laboration de programmes favorisant l\u2019apaisement national, l\u2019unit\u00e9 et le r\u00e8glement pacifique des conflits&nbsp;\u00bb. Cependant, la plupart des acteurs \u00e9tatiques qui \u00e9taient en charge lorsque les massacres ont eu lieu sont actuellement au pouvoir, ce qui remet en question la sinc\u00e9rit\u00e9 des autorit\u00e9s face aux crimes pass\u00e9s, en particulier ceux dans lesquels ils ont pu \u00eatre directement impliqu\u00e9s. Comme Mugabe, Mnangagwa a \u00e9galement d\u00e9clar\u00e9 que \u00ab&nbsp;le pass\u00e9 devrait \u00eatre laiss\u00e9 au pass\u00e9&nbsp;\u00bb, au lieu d\u2019assumer toute responsabilit\u00e9 et son r\u00f4le dans la r\u00e9pression et les crimes commis. Cela rend le mandat de la NPRC difficile \u00e0 r\u00e9aliser. La commission est financ\u00e9e par le Tr\u00e9sor public. Cela donne \u00e0 l\u2019\u00c9tat la marge de man\u0153uvre n\u00e9cessaire pour influencer ses op\u00e9rations. Le pr\u00e9sident est \u00e9galement autoris\u00e9 \u00e0 choisir les membres de la commission.<\/p>\n<h3>Interdits lev\u00e9s, et premi\u00e8res inhumations<\/h3>\n<p>Depuis sa cr\u00e9ation, la NPRC a lanc\u00e9 une s\u00e9rie de programmes de sensibilisation dans tout le pays, donnant aux victimes des conflits pass\u00e9s, y compris les massacres des ann\u00e9es 80, l\u2019occasion de parler publiquement de leur exp\u00e9rience. Ce processus de v\u00e9rit\u00e9 peut offrir aux victimes, et \u00e9ventuellement aux auteurs, une plateforme pour partager leurs versions de l\u2019histoire. Le gouvernement zimbabw\u00e9en a n\u00e9anmoins commod\u00e9ment saut\u00e9 quelques \u00e9tapes importantes \u2013 telles que l\u2019acceptation des faits, un discours de v\u00e9rit\u00e9 par les individus et les institutions impliqu\u00e9s, la justice restauratrice, les r\u00e9parations. Il se concentre maintenant sur la documentation et les r\u00e9-inhumations, comme dans le cas du Gukurahundi.<\/p>\n<p>Pendant que Nhlanganiso Sithole se cachait dans la brousse, un jeune couple de la r\u00e9gion qui tentait d\u00e9sesp\u00e9r\u00e9ment de partir en train pour Bulawayo a entendu les coups de feu et a chang\u00e9 de direction pour \u00e9chapper aux soldats. Malheureusement, leur nouvel itin\u00e9raire les a conduits directement sur ces derniers, qui les ont tu\u00e9s sur place. Les victimes, identifi\u00e9es comme \u00e9tant Justin Tshuma, 32 ans, et son \u00e9pouse Thembi Ngwenya, 21 ans, ont \u00e9t\u00e9 enterr\u00e9es dans une tombe peu profonde, \u00e0 quelques m\u00e8tres de la voie ferr\u00e9e o\u00f9 elles avaient \u00e9t\u00e9 ensevelies par les soldats de la Cinqui\u00e8me brigade. Le 7 avril 2019, les restes du couple ont \u00e9t\u00e9 exhum\u00e9s pour \u00eatre enterr\u00e9s de nouveau par Ukuthula Trust, une organisation experte en pathologie. L\u2019\u00e9v\u00e9nement, organis\u00e9 \u00e0 la demande des familles, \u00e9tait une premi\u00e8re dans le district depuis que les massacres ont eu lieu. Un signe que l\u2019interdiction non \u00e9crite de toute discussion ouverte sur les massacres des ann\u00e9es 1980 \u00e9tait bien lev\u00e9e.<\/p>\n<p>Mais il est peu probable que l\u2019approche partielle du gouvernement aboutisse \u00e0 un r\u00e8glement complet des crimes du pass\u00e9. Certaines parties peuvent se sentir d\u00e9\u00e7ues par le processus et finir par ne pas y participer. Le gouvernement zimbabw\u00e9en a encore beaucoup \u00e0 faire pour instaurer la justice, la v\u00e9rit\u00e9, la r\u00e9conciliation et l\u2019apaisement dans de nombreuses communaut\u00e9s du pays qui ont \u00e9t\u00e9 touch\u00e9es par la violence \u00e9tatique.<\/p>\n","protected":false},"excerpt":{"rendered":"<p>Les fun\u00e9railles nationales de l\u2019ancien pr\u00e9sident Robert Mugabe ont eu lieu le 14 septembre \u00e0 Harare, la capitale du Zimbabwe. Il n\u2019aura jamais \u00e0 r\u00e9pondre des crimes commis sous son r\u00e9gime. Et malgr\u00e9 la cr\u00e9ation d\u2019une commission v\u00e9rit\u00e9 et la lev\u00e9e r\u00e9cente de l\u2019interdiction d\u2019en parler, presque tout reste \u00e0 faire.<\/p>\n","protected":false},"author":64,"featured_media":62156,"comment_status":"open","ping_status":"closed","sticky":false,"template":"","format":"standard","meta":{"_acf_changed":false,"footnotes":""},"categories":[3049,549],"tags":[],"ji_location":[2564],"class_list":["post-42455","post","type-post","status-publish","format-standard","has-post-thumbnail","hentry","category-impasses-justice-transitionnelle","category-reconciliation","ji_location-zimbabwe"],"acf":[],"yoast_head":"<!-- This site is optimized with the Yoast SEO Premium plugin v25.3.1 (Yoast SEO v25.3.1) - https:\/\/yoast.com\/wordpress\/plugins\/seo\/ -->\n<title>Zimbabwe : Mugabe est enterr\u00e9, pas le pass\u00e9 - JusticeInfo.net<\/title>\n<meta name=\"robots\" content=\"index, follow, max-snippet:-1, max-image-preview:large, max-video-preview:-1\" \/>\n<link rel=\"canonical\" href=\"https:\/\/www.justiceinfo.net\/fr\/42455-zimbabwe-mugabe-est-enterre-pas-le-passe.html\" \/>\n<meta property=\"og:locale\" content=\"fr_FR\" \/>\n<meta property=\"og:type\" content=\"article\" \/>\n<meta property=\"og:title\" content=\"Zimbabwe : Mugabe est enterr\u00e9, pas le pass\u00e9\" \/>\n<meta property=\"og:description\" content=\"Les fun\u00e9railles nationales de l\u2019ancien pr\u00e9sident Robert Mugabe ont eu lieu le 14 septembre \u00e0 Harare, la capitale du Zimbabwe. Il n\u2019aura jamais \u00e0 r\u00e9pondre des crimes commis sous son r\u00e9gime. Et malgr\u00e9 la cr\u00e9ation d\u2019une commission v\u00e9rit\u00e9 et la lev\u00e9e r\u00e9cente de l\u2019interdiction d\u2019en parler, presque tout reste \u00e0 faire.\" \/>\n<meta property=\"og:url\" content=\"https:\/\/www.justiceinfo.net\/fr\/42455-zimbabwe-mugabe-est-enterre-pas-le-passe.html\" \/>\n<meta property=\"og:site_name\" content=\"JusticeInfo.net\" \/>\n<meta property=\"article:publisher\" content=\"https:\/\/www.facebook.com\/JusticeInfo\/\" \/>\n<meta property=\"article:published_time\" content=\"2019-09-25T05:06:36+00:00\" \/>\n<meta property=\"article:modified_time\" content=\"2022-08-19T15:27:12+00:00\" \/>\n<meta property=\"og:image\" content=\"https:\/\/www.justiceinfo.net\/wp-content\/uploads\/38d119b40b1b30d4c18174fc6579b5cd.jpg\" \/>\n\t<meta property=\"og:image:width\" content=\"1200\" \/>\n\t<meta property=\"og:image:height\" content=\"800\" \/>\n\t<meta property=\"og:image:type\" content=\"image\/jpeg\" \/>\n<meta name=\"author\" content=\"Zenzele Ndebele et Lesley Moyo\" \/>\n<meta name=\"twitter:card\" content=\"summary_large_image\" \/>\n<meta name=\"twitter:creator\" content=\"@justiceinfonet\" \/>\n<meta name=\"twitter:site\" content=\"@justiceinfonet\" \/>\n<meta name=\"twitter:label1\" content=\"\u00c9crit par\" \/>\n\t<meta name=\"twitter:data1\" content=\"Zenzele Ndebele et Lesley Moyo\" \/>\n\t<meta name=\"twitter:label2\" content=\"Dur\u00e9e de lecture estim\u00e9e\" \/>\n\t<meta name=\"twitter:data2\" content=\"8 minutes\" \/>\n<script type=\"application\/ld+json\" class=\"yoast-schema-graph\">{\"@context\":\"https:\/\/schema.org\",\"@graph\":[{\"@type\":\"NewsArticle\",\"@id\":\"https:\/\/www.justiceinfo.net\/fr\/42455-zimbabwe-mugabe-est-enterre-pas-le-passe.html#article\",\"isPartOf\":{\"@id\":\"https:\/\/www.justiceinfo.net\/fr\/42455-zimbabwe-mugabe-est-enterre-pas-le-passe.html\"},\"author\":{\"name\":\"solivri\",\"@id\":\"https:\/\/www.justiceinfo.net\/fr#\/schema\/person\/6e53cba1629e2e66f3fc1821d3091865\"},\"headline\":\"Zimbabwe : Mugabe est enterr\u00e9, pas le pass\u00e9\",\"datePublished\":\"2019-09-25T05:06:36+00:00\",\"dateModified\":\"2022-08-19T15:27:12+00:00\",\"mainEntityOfPage\":{\"@id\":\"https:\/\/www.justiceinfo.net\/fr\/42455-zimbabwe-mugabe-est-enterre-pas-le-passe.html\"},\"wordCount\":1591,\"commentCount\":0,\"publisher\":{\"@id\":\"https:\/\/www.justiceinfo.net\/fr#organization\"},\"image\":{\"@id\":\"https:\/\/www.justiceinfo.net\/fr\/42455-zimbabwe-mugabe-est-enterre-pas-le-passe.html#primaryimage\"},\"thumbnailUrl\":\"https:\/\/www.justiceinfo.net\/wp-content\/uploads\/38d119b40b1b30d4c18174fc6579b5cd.jpg\",\"articleSection\":[\"Impasses\",\"R\u00e9conciliation\"],\"inLanguage\":\"fr-FR\",\"potentialAction\":[{\"@type\":\"CommentAction\",\"name\":\"Comment\",\"target\":[\"https:\/\/www.justiceinfo.net\/fr\/42455-zimbabwe-mugabe-est-enterre-pas-le-passe.html#respond\"]}]},{\"@type\":\"WebPage\",\"@id\":\"https:\/\/www.justiceinfo.net\/fr\/42455-zimbabwe-mugabe-est-enterre-pas-le-passe.html\",\"url\":\"https:\/\/www.justiceinfo.net\/fr\/42455-zimbabwe-mugabe-est-enterre-pas-le-passe.html\",\"name\":\"Zimbabwe : Mugabe est enterr\u00e9, pas le pass\u00e9 - JusticeInfo.net\",\"isPartOf\":{\"@id\":\"https:\/\/www.justiceinfo.net\/fr#website\"},\"primaryImageOfPage\":{\"@id\":\"https:\/\/www.justiceinfo.net\/fr\/42455-zimbabwe-mugabe-est-enterre-pas-le-passe.html#primaryimage\"},\"image\":{\"@id\":\"https:\/\/www.justiceinfo.net\/fr\/42455-zimbabwe-mugabe-est-enterre-pas-le-passe.html#primaryimage\"},\"thumbnailUrl\":\"https:\/\/www.justiceinfo.net\/wp-content\/uploads\/38d119b40b1b30d4c18174fc6579b5cd.jpg\",\"datePublished\":\"2019-09-25T05:06:36+00:00\",\"dateModified\":\"2022-08-19T15:27:12+00:00\",\"breadcrumb\":{\"@id\":\"https:\/\/www.justiceinfo.net\/fr\/42455-zimbabwe-mugabe-est-enterre-pas-le-passe.html#breadcrumb\"},\"inLanguage\":\"fr-FR\",\"potentialAction\":[{\"@type\":\"ReadAction\",\"target\":[\"https:\/\/www.justiceinfo.net\/fr\/42455-zimbabwe-mugabe-est-enterre-pas-le-passe.html\"]}]},{\"@type\":\"ImageObject\",\"inLanguage\":\"fr-FR\",\"@id\":\"https:\/\/www.justiceinfo.net\/fr\/42455-zimbabwe-mugabe-est-enterre-pas-le-passe.html#primaryimage\",\"url\":\"https:\/\/www.justiceinfo.net\/wp-content\/uploads\/38d119b40b1b30d4c18174fc6579b5cd.jpg\",\"contentUrl\":\"https:\/\/www.justiceinfo.net\/wp-content\/uploads\/38d119b40b1b30d4c18174fc6579b5cd.jpg\",\"width\":1200,\"height\":800},{\"@type\":\"BreadcrumbList\",\"@id\":\"https:\/\/www.justiceinfo.net\/fr\/42455-zimbabwe-mugabe-est-enterre-pas-le-passe.html#breadcrumb\",\"itemListElement\":[{\"@type\":\"ListItem\",\"position\":1,\"name\":\"Home\",\"item\":\"https:\/\/www.justiceinfo.net\/fr\"},{\"@type\":\"ListItem\",\"position\":2,\"name\":\"Zimbabwe : Mugabe est enterr\u00e9, pas le pass\u00e9\"}]},{\"@type\":\"WebSite\",\"@id\":\"https:\/\/www.justiceinfo.net\/fr#website\",\"url\":\"https:\/\/www.justiceinfo.net\/fr\",\"name\":\"JusticeInfo.net\",\"description\":\"La justice doit \u00eatre vue pour \u00eatre rendue\",\"publisher\":{\"@id\":\"https:\/\/www.justiceinfo.net\/fr#organization\"},\"potentialAction\":[{\"@type\":\"SearchAction\",\"target\":{\"@type\":\"EntryPoint\",\"urlTemplate\":\"https:\/\/www.justiceinfo.net\/fr?s={search_term_string}\"},\"query-input\":{\"@type\":\"PropertyValueSpecification\",\"valueRequired\":true,\"valueName\":\"search_term_string\"}}],\"inLanguage\":\"fr-FR\"},{\"@type\":\"Organization\",\"@id\":\"https:\/\/www.justiceinfo.net\/fr#organization\",\"name\":\"Justice Info\",\"url\":\"https:\/\/www.justiceinfo.net\/fr\",\"logo\":{\"@type\":\"ImageObject\",\"inLanguage\":\"fr-FR\",\"@id\":\"https:\/\/www.justiceinfo.net\/fr#\/schema\/logo\/image\/\",\"url\":\"https:\/\/www.justiceinfo.net\/wp-content\/uploads\/justiceinfo_logo-trans_1200x1200px.png\",\"contentUrl\":\"https:\/\/www.justiceinfo.net\/wp-content\/uploads\/justiceinfo_logo-trans_1200x1200px.png\",\"width\":1199,\"height\":1200,\"caption\":\"Justice Info\"},\"image\":{\"@id\":\"https:\/\/www.justiceinfo.net\/fr#\/schema\/logo\/image\/\"},\"sameAs\":[\"https:\/\/www.facebook.com\/JusticeInfo\/\",\"https:\/\/x.com\/justiceinfonet\",\"https:\/\/www.linkedin.com\/company\/justice-info\",\"https:\/\/www.youtube.com\/channel\/UCyCEsARodyuWtkWyhn-e7pA\"]},{\"@type\":\"Person\",\"name\":\"Zenzele Ndebele et Lesley Moyo\",\"url\":\"\/fr\/?s=Zenzele Ndebele et Lesley Moyo\"}]}<\/script>\n<!-- \/ Yoast SEO Premium plugin. -->","yoast_head_json":{"title":"Zimbabwe : Mugabe est enterr\u00e9, pas le pass\u00e9 - JusticeInfo.net","robots":{"index":"index","follow":"follow","max-snippet":"max-snippet:-1","max-image-preview":"max-image-preview:large","max-video-preview":"max-video-preview:-1"},"canonical":"https:\/\/www.justiceinfo.net\/fr\/42455-zimbabwe-mugabe-est-enterre-pas-le-passe.html","og_locale":"fr_FR","og_type":"article","og_title":"Zimbabwe : Mugabe est enterr\u00e9, pas le pass\u00e9","og_description":"Les fun\u00e9railles nationales de l\u2019ancien pr\u00e9sident Robert Mugabe ont eu lieu le 14 septembre \u00e0 Harare, la capitale du Zimbabwe. Il n\u2019aura jamais \u00e0 r\u00e9pondre des crimes commis sous son r\u00e9gime. Et malgr\u00e9 la cr\u00e9ation d\u2019une commission v\u00e9rit\u00e9 et la lev\u00e9e r\u00e9cente de l\u2019interdiction d\u2019en parler, presque tout reste \u00e0 faire.","og_url":"https:\/\/www.justiceinfo.net\/fr\/42455-zimbabwe-mugabe-est-enterre-pas-le-passe.html","og_site_name":"JusticeInfo.net","article_publisher":"https:\/\/www.facebook.com\/JusticeInfo\/","article_published_time":"2019-09-25T05:06:36+00:00","article_modified_time":"2022-08-19T15:27:12+00:00","og_image":[{"width":1200,"height":800,"url":"https:\/\/www.justiceinfo.net\/wp-content\/uploads\/38d119b40b1b30d4c18174fc6579b5cd.jpg","type":"image\/jpeg"}],"author":"Zenzele Ndebele et Lesley Moyo","twitter_card":"summary_large_image","twitter_creator":"@justiceinfonet","twitter_site":"@justiceinfonet","twitter_misc":{"\u00c9crit par":"Zenzele Ndebele et Lesley Moyo","Dur\u00e9e de lecture estim\u00e9e":"8 minutes"},"schema":{"@context":"https:\/\/schema.org","@graph":[{"@type":"NewsArticle","@id":"https:\/\/www.justiceinfo.net\/fr\/42455-zimbabwe-mugabe-est-enterre-pas-le-passe.html#article","isPartOf":{"@id":"https:\/\/www.justiceinfo.net\/fr\/42455-zimbabwe-mugabe-est-enterre-pas-le-passe.html"},"author":{"name":"solivri","@id":"https:\/\/www.justiceinfo.net\/fr#\/schema\/person\/6e53cba1629e2e66f3fc1821d3091865"},"headline":"Zimbabwe : Mugabe est enterr\u00e9, pas le pass\u00e9","datePublished":"2019-09-25T05:06:36+00:00","dateModified":"2022-08-19T15:27:12+00:00","mainEntityOfPage":{"@id":"https:\/\/www.justiceinfo.net\/fr\/42455-zimbabwe-mugabe-est-enterre-pas-le-passe.html"},"wordCount":1591,"commentCount":0,"publisher":{"@id":"https:\/\/www.justiceinfo.net\/fr#organization"},"image":{"@id":"https:\/\/www.justiceinfo.net\/fr\/42455-zimbabwe-mugabe-est-enterre-pas-le-passe.html#primaryimage"},"thumbnailUrl":"https:\/\/www.justiceinfo.net\/wp-content\/uploads\/38d119b40b1b30d4c18174fc6579b5cd.jpg","articleSection":["Impasses","R\u00e9conciliation"],"inLanguage":"fr-FR","potentialAction":[{"@type":"CommentAction","name":"Comment","target":["https:\/\/www.justiceinfo.net\/fr\/42455-zimbabwe-mugabe-est-enterre-pas-le-passe.html#respond"]}]},{"@type":"WebPage","@id":"https:\/\/www.justiceinfo.net\/fr\/42455-zimbabwe-mugabe-est-enterre-pas-le-passe.html","url":"https:\/\/www.justiceinfo.net\/fr\/42455-zimbabwe-mugabe-est-enterre-pas-le-passe.html","name":"Zimbabwe : Mugabe est enterr\u00e9, pas le pass\u00e9 - JusticeInfo.net","isPartOf":{"@id":"https:\/\/www.justiceinfo.net\/fr#website"},"primaryImageOfPage":{"@id":"https:\/\/www.justiceinfo.net\/fr\/42455-zimbabwe-mugabe-est-enterre-pas-le-passe.html#primaryimage"},"image":{"@id":"https:\/\/www.justiceinfo.net\/fr\/42455-zimbabwe-mugabe-est-enterre-pas-le-passe.html#primaryimage"},"thumbnailUrl":"https:\/\/www.justiceinfo.net\/wp-content\/uploads\/38d119b40b1b30d4c18174fc6579b5cd.jpg","datePublished":"2019-09-25T05:06:36+00:00","dateModified":"2022-08-19T15:27:12+00:00","breadcrumb":{"@id":"https:\/\/www.justiceinfo.net\/fr\/42455-zimbabwe-mugabe-est-enterre-pas-le-passe.html#breadcrumb"},"inLanguage":"fr-FR","potentialAction":[{"@type":"ReadAction","target":["https:\/\/www.justiceinfo.net\/fr\/42455-zimbabwe-mugabe-est-enterre-pas-le-passe.html"]}]},{"@type":"ImageObject","inLanguage":"fr-FR","@id":"https:\/\/www.justiceinfo.net\/fr\/42455-zimbabwe-mugabe-est-enterre-pas-le-passe.html#primaryimage","url":"https:\/\/www.justiceinfo.net\/wp-content\/uploads\/38d119b40b1b30d4c18174fc6579b5cd.jpg","contentUrl":"https:\/\/www.justiceinfo.net\/wp-content\/uploads\/38d119b40b1b30d4c18174fc6579b5cd.jpg","width":1200,"height":800},{"@type":"BreadcrumbList","@id":"https:\/\/www.justiceinfo.net\/fr\/42455-zimbabwe-mugabe-est-enterre-pas-le-passe.html#breadcrumb","itemListElement":[{"@type":"ListItem","position":1,"name":"Home","item":"https:\/\/www.justiceinfo.net\/fr"},{"@type":"ListItem","position":2,"name":"Zimbabwe : Mugabe est enterr\u00e9, pas le pass\u00e9"}]},{"@type":"WebSite","@id":"https:\/\/www.justiceinfo.net\/fr#website","url":"https:\/\/www.justiceinfo.net\/fr","name":"JusticeInfo.net","description":"La justice doit \u00eatre vue pour \u00eatre rendue","publisher":{"@id":"https:\/\/www.justiceinfo.net\/fr#organization"},"potentialAction":[{"@type":"SearchAction","target":{"@type":"EntryPoint","urlTemplate":"https:\/\/www.justiceinfo.net\/fr?s={search_term_string}"},"query-input":{"@type":"PropertyValueSpecification","valueRequired":true,"valueName":"search_term_string"}}],"inLanguage":"fr-FR"},{"@type":"Organization","@id":"https:\/\/www.justiceinfo.net\/fr#organization","name":"Justice Info","url":"https:\/\/www.justiceinfo.net\/fr","logo":{"@type":"ImageObject","inLanguage":"fr-FR","@id":"https:\/\/www.justiceinfo.net\/fr#\/schema\/logo\/image\/","url":"https:\/\/www.justiceinfo.net\/wp-content\/uploads\/justiceinfo_logo-trans_1200x1200px.png","contentUrl":"https:\/\/www.justiceinfo.net\/wp-content\/uploads\/justiceinfo_logo-trans_1200x1200px.png","width":1199,"height":1200,"caption":"Justice Info"},"image":{"@id":"https:\/\/www.justiceinfo.net\/fr#\/schema\/logo\/image\/"},"sameAs":["https:\/\/www.facebook.com\/JusticeInfo\/","https:\/\/x.com\/justiceinfonet","https:\/\/www.linkedin.com\/company\/justice-info","https:\/\/www.youtube.com\/channel\/UCyCEsARodyuWtkWyhn-e7pA"]},{"@type":"Person","name":"Zenzele Ndebele et Lesley Moyo","url":"\/fr\/?s=Zenzele Ndebele et Lesley Moyo"}]}},"_links":{"self":[{"href":"https:\/\/www.justiceinfo.net\/fr\/wp-json\/wp\/v2\/posts\/42455","targetHints":{"allow":["GET"]}}],"collection":[{"href":"https:\/\/www.justiceinfo.net\/fr\/wp-json\/wp\/v2\/posts"}],"about":[{"href":"https:\/\/www.justiceinfo.net\/fr\/wp-json\/wp\/v2\/types\/post"}],"author":[{"embeddable":true,"href":"https:\/\/www.justiceinfo.net\/fr\/wp-json\/wp\/v2\/users\/64"}],"replies":[{"embeddable":true,"href":"https:\/\/www.justiceinfo.net\/fr\/wp-json\/wp\/v2\/comments?post=42455"}],"version-history":[{"count":1,"href":"https:\/\/www.justiceinfo.net\/fr\/wp-json\/wp\/v2\/posts\/42455\/revisions"}],"predecessor-version":[{"id":104516,"href":"https:\/\/www.justiceinfo.net\/fr\/wp-json\/wp\/v2\/posts\/42455\/revisions\/104516"}],"wp:featuredmedia":[{"embeddable":true,"href":"https:\/\/www.justiceinfo.net\/fr\/wp-json\/wp\/v2\/media\/62156"}],"wp:attachment":[{"href":"https:\/\/www.justiceinfo.net\/fr\/wp-json\/wp\/v2\/media?parent=42455"}],"wp:term":[{"taxonomy":"category","embeddable":true,"href":"https:\/\/www.justiceinfo.net\/fr\/wp-json\/wp\/v2\/categories?post=42455"},{"taxonomy":"post_tag","embeddable":true,"href":"https:\/\/www.justiceinfo.net\/fr\/wp-json\/wp\/v2\/tags?post=42455"},{"taxonomy":"ji_location","embeddable":true,"href":"https:\/\/www.justiceinfo.net\/fr\/wp-json\/wp\/v2\/ji_location?post=42455"}],"curies":[{"name":"wp","href":"https:\/\/api.w.org\/{rel}","templated":true}]}}