{"id":4259,"date":"2004-03-26T00:00:00","date_gmt":"2004-03-25T23:00:00","guid":{"rendered":"https:\/\/www.justiceinfo.net\/4259-26032004-tpirmuhimana-un-ex-responsable-municipal-en-proces-lundi-prochain1049.html"},"modified":"2004-03-26T00:00:00","modified_gmt":"2004-03-25T23:00:00","slug":"26032004-tpirmuhimana-un-ex-responsable-municipal-en-proces-lundi-prochain1049","status":"publish","type":"post","link":"https:\/\/www.justiceinfo.net\/fr\/4259-26032004-tpirmuhimana-un-ex-responsable-municipal-en-proces-lundi-prochain1049.html","title":{"rendered":"26.03.2004 - TPIR\/MUHIMANA - UN EX- RESPONSABLE MUNICIPAL EN PROCES LUNDI PROCHAIN"},"content":{"rendered":"<p  >\nArusha, le 26 mars 2004 (FH) - Un ex-responsable municipal en commune Gishyita (province Kibuye, ouest du Rwanda), sera en proc\u00e8s \u00e0 partir de lundi prochain devant le Tribunal p\u00e9nal international pour le Rwanda (TPIR).\n<\/p>\n<p  >\nMika Muhimana, 54 ans, dirigeait \u00e0 l\u00e9poque du g\u00e9nocide anti-tutsi de 1994, le secteur de Gishyita, dans la commune du m\u00eame nom.\n<\/p>\n<p><!--more--><\/p>\n<p  >\nAu Rwanda, le secteur est l'entit\u00e9 administrative imm\u00e9diatement inf\u00e9rieure \u00e0 la commune.\n<\/p>\n<p  >\nl'ex-responsable administratif r\u00e9pond de quatre chefs : g\u00e9nocide, ou dans l'alternative complicit\u00e9 dans le g\u00e9nocide, crimes contre l'humanit\u00e9 (viols et assassinats). Il plaide non coupable.<br \/>\nLe procureur soutient que Muhimana a personnellement tu\u00e9 plusieurs femmes tutsies \u00e0 Gishyita et dans les environs, apr\u00e8s les avoir viol\u00e9es et humili\u00e9es publiquement. Il lui est \u00e9galement reproch\u00e9 D'avoir distribu\u00e9 des armes \u00e0 des miliciens Interahamwe, fer de lance du g\u00e9nocide.\n<\/p>\n<p  >\nl'acte D'accusation indique que Muhimana a pris part \u00e0 plusieurs massacres dans sa localit\u00e9, notamment dans les \u00e9glises de Mubuga et Mugonero et sur les collines de Bisesero.\n<\/p>\n<p  >\nMuhimana est le premier responsable administratif de ce niveau \u00e0 compara\u00eetre devant le TPIR. l'ex- responsable municipal de Mubuga, dans la m\u00eame commune, Vincent Rutaganira, attend l'ouverture de son proc\u00e8s.\n<\/p>\n<p  >\nSix personnes originaires de Kibuye, dont l'ancien pr\u00e9fet Cl\u00e9ment Kayishema, l'ex-ministre Eli\u00e9zer Niyitegeka et le pasteur adventiste Elizaphan Ntakirutimana, ont \u00e9t\u00e9 d\u00e9j\u00e0 condamn\u00e9es par le TPIR pour des massacres commis dans cette r\u00e9gion en 1994.\n<\/p>\n<p  >\nEgalement originaire de Kibuye, l'ex-ministre des finances sous le gouvernement int\u00e9rimaire, Emmanuel Ndindabahizi, attend son jugement. Son proc\u00e8s est en d\u00e9lib\u00e9r\u00e9 depuis le 2 mars dernier.\n<\/p>\n<p  >\nMika Muhimana \u00e9tait homme D'affaires avant D'\u00eatre \u00e9lu \u00e0 la t\u00eate de son secteur en 1988. Il a \u00e9t\u00e9 arr\u00eat\u00e9 le 8 novembre 1999 \u00e0 Dar es salaam en Tanzanie et transf\u00e9r\u00e9 au centre de d\u00e9tention des Nations Unies \u00e0 Arusha. Il s'est depuis lors converti \u00e0 l'islam et s'est appel\u00e9 Issa.\n<\/p>\n<p  >\nl'accus\u00e9 est assist\u00e9 par le professeur James Nyabirungu Mwene Songa et Me Kazadi Kabimba, tous deux originaires de la R\u00e9publique d\u00e9mocratique du Congo (DRC). l'\u00e9quipe de l'accusation sera conduite par le Nig\u00e9rian Charles Adeogun- Phillips.\n<\/p>\n<p  >\nLe proc\u00e8s Muhimana se d\u00e9roulera devant la troisi\u00e8me chambre de premi\u00e8re instance du TPIR pr\u00e9sid\u00e9e par la juge pakistanaise Khalida Rashid Khan, assist\u00e9e de deux juges non permanents le Kenyan Lee Gacuiga Muthoga et le Ghan\u00e9en Emile Francis Short.\n<\/p>\n<p  >\nER\/AT\/GF\/FH(MH''0325A)<\/p>\n","protected":false},"excerpt":{"rendered":"<p>Arusha, le 26 mars 2004 (FH) - Un ex-responsable municipal en commune Gishyita (province Kibuye, ouest du Rwanda), sera en proc\u00e8s \u00e0 partir de lundi prochain devant le Tribunal p\u00e9nal international pour le Rwanda (TPIR). Mika Muhimana, 54 ans, dirigeait \u00e0 l\u00e9poque du g\u00e9nocide anti-tutsi de 1994, le secteur de Gishyita, dans la commune du [&hellip;]<\/p>\n","protected":false},"author":64,"featured_media":0,"comment_status":"open","ping_status":"closed","sticky":false,"template":"","format":"standard","meta":{"_acf_changed":false,"footnotes":""},"categories":[554],"tags":[],"ji_location":[],"class_list":["post-4259","post","type-post","status-publish","format-standard","hentry","category-hirondellenews"],"acf":[],"yoast_head":"<!-- This site is optimized with the Yoast SEO Premium plugin v25.3.1 (Yoast SEO v25.3.1) - https:\/\/yoast.com\/wordpress\/plugins\/seo\/ -->\n<title>26.03.2004 - TPIR\/MUHIMANA - UN EX- RESPONSABLE MUNICIPAL EN PROCES LUNDI PROCHAIN - JusticeInfo.net<\/title>\n<meta name=\"robots\" content=\"index, follow, max-snippet:-1, max-image-preview:large, max-video-preview:-1\" \/>\n<link rel=\"canonical\" href=\"https:\/\/www.justiceinfo.net\/fr\/4259-26032004-tpirmuhimana-un-ex-responsable-municipal-en-proces-lundi-prochain1049.html\" \/>\n<meta property=\"og:locale\" content=\"fr_FR\" \/>\n<meta property=\"og:type\" content=\"article\" \/>\n<meta property=\"og:title\" content=\"26.03.2004 - TPIR\/MUHIMANA - UN EX- RESPONSABLE MUNICIPAL EN PROCES LUNDI PROCHAIN\" \/>\n<meta property=\"og:description\" content=\"Arusha, le 26 mars 2004 (FH) - Un ex-responsable municipal en commune Gishyita (province Kibuye, ouest du Rwanda), sera en proc\u00e8s \u00e0 partir de lundi prochain devant le Tribunal p\u00e9nal international pour le Rwanda (TPIR). Mika Muhimana, 54 ans, dirigeait \u00e0 l\u00e9poque du g\u00e9nocide anti-tutsi de 1994, le secteur de Gishyita, dans la commune du [&hellip;]\" \/>\n<meta property=\"og:url\" content=\"https:\/\/www.justiceinfo.net\/fr\/4259-26032004-tpirmuhimana-un-ex-responsable-municipal-en-proces-lundi-prochain1049.html\" \/>\n<meta property=\"og:site_name\" content=\"JusticeInfo.net\" \/>\n<meta property=\"article:publisher\" content=\"https:\/\/www.facebook.com\/JusticeInfo\/\" \/>\n<meta property=\"article:published_time\" content=\"2004-03-25T23:00:00+00:00\" \/>\n<meta property=\"og:image\" content=\"https:\/\/www.justiceinfo.net\/wp-content\/uploads\/JusticeInfoNet_logo_1200x630px.jpg\" \/>\n\t<meta property=\"og:image:width\" content=\"1200\" \/>\n\t<meta property=\"og:image:height\" content=\"630\" \/>\n\t<meta property=\"og:image:type\" content=\"image\/jpeg\" \/>\n<meta name=\"author\" content=\"solivri\" \/>\n<meta name=\"twitter:card\" content=\"summary_large_image\" \/>\n<meta name=\"twitter:creator\" content=\"@justiceinfonet\" \/>\n<meta name=\"twitter:site\" content=\"@justiceinfonet\" \/>\n<meta name=\"twitter:label1\" content=\"\u00c9crit par\" \/>\n\t<meta name=\"twitter:data1\" content=\"solivri\" \/>\n\t<meta name=\"twitter:label2\" content=\"Dur\u00e9e de lecture estim\u00e9e\" \/>\n\t<meta name=\"twitter:data2\" content=\"2 minutes\" \/>\n<script type=\"application\/ld+json\" class=\"yoast-schema-graph\">{\"@context\":\"https:\/\/schema.org\",\"@graph\":[{\"@type\":\"NewsArticle\",\"@id\":\"https:\/\/www.justiceinfo.net\/fr\/4259-26032004-tpirmuhimana-un-ex-responsable-municipal-en-proces-lundi-prochain1049.html#article\",\"isPartOf\":{\"@id\":\"https:\/\/www.justiceinfo.net\/fr\/4259-26032004-tpirmuhimana-un-ex-responsable-municipal-en-proces-lundi-prochain1049.html\"},\"author\":{\"name\":\"solivri\",\"@id\":\"https:\/\/www.justiceinfo.net\/fr#\/schema\/person\/6e53cba1629e2e66f3fc1821d3091865\"},\"headline\":\"26.03.2004 - TPIR\/MUHIMANA - UN EX- RESPONSABLE MUNICIPAL EN PROCES LUNDI PROCHAIN\",\"datePublished\":\"2004-03-25T23:00:00+00:00\",\"mainEntityOfPage\":{\"@id\":\"https:\/\/www.justiceinfo.net\/fr\/4259-26032004-tpirmuhimana-un-ex-responsable-municipal-en-proces-lundi-prochain1049.html\"},\"wordCount\":440,\"commentCount\":0,\"publisher\":{\"@id\":\"https:\/\/www.justiceinfo.net\/fr#organization\"},\"articleSection\":[\"Hirondelle News\"],\"inLanguage\":\"fr-FR\",\"potentialAction\":[{\"@type\":\"CommentAction\",\"name\":\"Comment\",\"target\":[\"https:\/\/www.justiceinfo.net\/fr\/4259-26032004-tpirmuhimana-un-ex-responsable-municipal-en-proces-lundi-prochain1049.html#respond\"]}]},{\"@type\":\"WebPage\",\"@id\":\"https:\/\/www.justiceinfo.net\/fr\/4259-26032004-tpirmuhimana-un-ex-responsable-municipal-en-proces-lundi-prochain1049.html\",\"url\":\"https:\/\/www.justiceinfo.net\/fr\/4259-26032004-tpirmuhimana-un-ex-responsable-municipal-en-proces-lundi-prochain1049.html\",\"name\":\"26.03.2004 - TPIR\/MUHIMANA - UN EX- RESPONSABLE MUNICIPAL EN PROCES LUNDI PROCHAIN - JusticeInfo.net\",\"isPartOf\":{\"@id\":\"https:\/\/www.justiceinfo.net\/fr#website\"},\"datePublished\":\"2004-03-25T23:00:00+00:00\",\"breadcrumb\":{\"@id\":\"https:\/\/www.justiceinfo.net\/fr\/4259-26032004-tpirmuhimana-un-ex-responsable-municipal-en-proces-lundi-prochain1049.html#breadcrumb\"},\"inLanguage\":\"fr-FR\",\"potentialAction\":[{\"@type\":\"ReadAction\",\"target\":[\"https:\/\/www.justiceinfo.net\/fr\/4259-26032004-tpirmuhimana-un-ex-responsable-municipal-en-proces-lundi-prochain1049.html\"]}]},{\"@type\":\"BreadcrumbList\",\"@id\":\"https:\/\/www.justiceinfo.net\/fr\/4259-26032004-tpirmuhimana-un-ex-responsable-municipal-en-proces-lundi-prochain1049.html#breadcrumb\",\"itemListElement\":[{\"@type\":\"ListItem\",\"position\":1,\"name\":\"Home\",\"item\":\"https:\/\/www.justiceinfo.net\/fr\"},{\"@type\":\"ListItem\",\"position\":2,\"name\":\"26.03.2004 - TPIR\/MUHIMANA - UN EX- RESPONSABLE MUNICIPAL EN PROCES LUNDI PROCHAIN\"}]},{\"@type\":\"WebSite\",\"@id\":\"https:\/\/www.justiceinfo.net\/fr#website\",\"url\":\"https:\/\/www.justiceinfo.net\/fr\",\"name\":\"JusticeInfo.net\",\"description\":\"La justice doit \u00eatre vue pour \u00eatre rendue\",\"publisher\":{\"@id\":\"https:\/\/www.justiceinfo.net\/fr#organization\"},\"potentialAction\":[{\"@type\":\"SearchAction\",\"target\":{\"@type\":\"EntryPoint\",\"urlTemplate\":\"https:\/\/www.justiceinfo.net\/fr?s={search_term_string}\"},\"query-input\":{\"@type\":\"PropertyValueSpecification\",\"valueRequired\":true,\"valueName\":\"search_term_string\"}}],\"inLanguage\":\"fr-FR\"},{\"@type\":\"Organization\",\"@id\":\"https:\/\/www.justiceinfo.net\/fr#organization\",\"name\":\"Justice Info\",\"url\":\"https:\/\/www.justiceinfo.net\/fr\",\"logo\":{\"@type\":\"ImageObject\",\"inLanguage\":\"fr-FR\",\"@id\":\"https:\/\/www.justiceinfo.net\/fr#\/schema\/logo\/image\/\",\"url\":\"https:\/\/www.justiceinfo.net\/wp-content\/uploads\/justiceinfo_logo-trans_1200x1200px.png\",\"contentUrl\":\"https:\/\/www.justiceinfo.net\/wp-content\/uploads\/justiceinfo_logo-trans_1200x1200px.png\",\"width\":1199,\"height\":1200,\"caption\":\"Justice Info\"},\"image\":{\"@id\":\"https:\/\/www.justiceinfo.net\/fr#\/schema\/logo\/image\/\"},\"sameAs\":[\"https:\/\/www.facebook.com\/JusticeInfo\/\",\"https:\/\/x.com\/justiceinfonet\",\"https:\/\/www.linkedin.com\/company\/justice-info\",\"https:\/\/www.youtube.com\/channel\/UCyCEsARodyuWtkWyhn-e7pA\"]},{\"@type\":\"Person\",\"name\":\"solivri\",\"url\":\"\/fr\/?s=solivri\"}]}<\/script>\n<!-- \/ Yoast SEO Premium plugin. -->","yoast_head_json":{"title":"26.03.2004 - TPIR\/MUHIMANA - UN EX- RESPONSABLE MUNICIPAL EN PROCES LUNDI PROCHAIN - JusticeInfo.net","robots":{"index":"index","follow":"follow","max-snippet":"max-snippet:-1","max-image-preview":"max-image-preview:large","max-video-preview":"max-video-preview:-1"},"canonical":"https:\/\/www.justiceinfo.net\/fr\/4259-26032004-tpirmuhimana-un-ex-responsable-municipal-en-proces-lundi-prochain1049.html","og_locale":"fr_FR","og_type":"article","og_title":"26.03.2004 - TPIR\/MUHIMANA - UN EX- RESPONSABLE MUNICIPAL EN PROCES LUNDI PROCHAIN","og_description":"Arusha, le 26 mars 2004 (FH) - Un ex-responsable municipal en commune Gishyita (province Kibuye, ouest du Rwanda), sera en proc\u00e8s \u00e0 partir de lundi prochain devant le Tribunal p\u00e9nal international pour le Rwanda (TPIR). Mika Muhimana, 54 ans, dirigeait \u00e0 l\u00e9poque du g\u00e9nocide anti-tutsi de 1994, le secteur de Gishyita, dans la commune du [&hellip;]","og_url":"https:\/\/www.justiceinfo.net\/fr\/4259-26032004-tpirmuhimana-un-ex-responsable-municipal-en-proces-lundi-prochain1049.html","og_site_name":"JusticeInfo.net","article_publisher":"https:\/\/www.facebook.com\/JusticeInfo\/","article_published_time":"2004-03-25T23:00:00+00:00","og_image":[{"width":1200,"height":630,"url":"https:\/\/www.justiceinfo.net\/wp-content\/uploads\/JusticeInfoNet_logo_1200x630px.jpg","type":"image\/jpeg"}],"author":"solivri","twitter_card":"summary_large_image","twitter_creator":"@justiceinfonet","twitter_site":"@justiceinfonet","twitter_misc":{"\u00c9crit par":"solivri","Dur\u00e9e de lecture estim\u00e9e":"2 minutes"},"schema":{"@context":"https:\/\/schema.org","@graph":[{"@type":"NewsArticle","@id":"https:\/\/www.justiceinfo.net\/fr\/4259-26032004-tpirmuhimana-un-ex-responsable-municipal-en-proces-lundi-prochain1049.html#article","isPartOf":{"@id":"https:\/\/www.justiceinfo.net\/fr\/4259-26032004-tpirmuhimana-un-ex-responsable-municipal-en-proces-lundi-prochain1049.html"},"author":{"name":"solivri","@id":"https:\/\/www.justiceinfo.net\/fr#\/schema\/person\/6e53cba1629e2e66f3fc1821d3091865"},"headline":"26.03.2004 - TPIR\/MUHIMANA - UN EX- RESPONSABLE MUNICIPAL EN PROCES LUNDI PROCHAIN","datePublished":"2004-03-25T23:00:00+00:00","mainEntityOfPage":{"@id":"https:\/\/www.justiceinfo.net\/fr\/4259-26032004-tpirmuhimana-un-ex-responsable-municipal-en-proces-lundi-prochain1049.html"},"wordCount":440,"commentCount":0,"publisher":{"@id":"https:\/\/www.justiceinfo.net\/fr#organization"},"articleSection":["Hirondelle News"],"inLanguage":"fr-FR","potentialAction":[{"@type":"CommentAction","name":"Comment","target":["https:\/\/www.justiceinfo.net\/fr\/4259-26032004-tpirmuhimana-un-ex-responsable-municipal-en-proces-lundi-prochain1049.html#respond"]}]},{"@type":"WebPage","@id":"https:\/\/www.justiceinfo.net\/fr\/4259-26032004-tpirmuhimana-un-ex-responsable-municipal-en-proces-lundi-prochain1049.html","url":"https:\/\/www.justiceinfo.net\/fr\/4259-26032004-tpirmuhimana-un-ex-responsable-municipal-en-proces-lundi-prochain1049.html","name":"26.03.2004 - TPIR\/MUHIMANA - UN EX- RESPONSABLE MUNICIPAL EN PROCES LUNDI PROCHAIN - JusticeInfo.net","isPartOf":{"@id":"https:\/\/www.justiceinfo.net\/fr#website"},"datePublished":"2004-03-25T23:00:00+00:00","breadcrumb":{"@id":"https:\/\/www.justiceinfo.net\/fr\/4259-26032004-tpirmuhimana-un-ex-responsable-municipal-en-proces-lundi-prochain1049.html#breadcrumb"},"inLanguage":"fr-FR","potentialAction":[{"@type":"ReadAction","target":["https:\/\/www.justiceinfo.net\/fr\/4259-26032004-tpirmuhimana-un-ex-responsable-municipal-en-proces-lundi-prochain1049.html"]}]},{"@type":"BreadcrumbList","@id":"https:\/\/www.justiceinfo.net\/fr\/4259-26032004-tpirmuhimana-un-ex-responsable-municipal-en-proces-lundi-prochain1049.html#breadcrumb","itemListElement":[{"@type":"ListItem","position":1,"name":"Home","item":"https:\/\/www.justiceinfo.net\/fr"},{"@type":"ListItem","position":2,"name":"26.03.2004 - TPIR\/MUHIMANA - UN EX- RESPONSABLE MUNICIPAL EN PROCES LUNDI PROCHAIN"}]},{"@type":"WebSite","@id":"https:\/\/www.justiceinfo.net\/fr#website","url":"https:\/\/www.justiceinfo.net\/fr","name":"JusticeInfo.net","description":"La justice doit \u00eatre vue pour \u00eatre rendue","publisher":{"@id":"https:\/\/www.justiceinfo.net\/fr#organization"},"potentialAction":[{"@type":"SearchAction","target":{"@type":"EntryPoint","urlTemplate":"https:\/\/www.justiceinfo.net\/fr?s={search_term_string}"},"query-input":{"@type":"PropertyValueSpecification","valueRequired":true,"valueName":"search_term_string"}}],"inLanguage":"fr-FR"},{"@type":"Organization","@id":"https:\/\/www.justiceinfo.net\/fr#organization","name":"Justice Info","url":"https:\/\/www.justiceinfo.net\/fr","logo":{"@type":"ImageObject","inLanguage":"fr-FR","@id":"https:\/\/www.justiceinfo.net\/fr#\/schema\/logo\/image\/","url":"https:\/\/www.justiceinfo.net\/wp-content\/uploads\/justiceinfo_logo-trans_1200x1200px.png","contentUrl":"https:\/\/www.justiceinfo.net\/wp-content\/uploads\/justiceinfo_logo-trans_1200x1200px.png","width":1199,"height":1200,"caption":"Justice Info"},"image":{"@id":"https:\/\/www.justiceinfo.net\/fr#\/schema\/logo\/image\/"},"sameAs":["https:\/\/www.facebook.com\/JusticeInfo\/","https:\/\/x.com\/justiceinfonet","https:\/\/www.linkedin.com\/company\/justice-info","https:\/\/www.youtube.com\/channel\/UCyCEsARodyuWtkWyhn-e7pA"]},{"@type":"Person","name":"solivri","url":"\/fr\/?s=solivri"}]}},"_links":{"self":[{"href":"https:\/\/www.justiceinfo.net\/fr\/wp-json\/wp\/v2\/posts\/4259","targetHints":{"allow":["GET"]}}],"collection":[{"href":"https:\/\/www.justiceinfo.net\/fr\/wp-json\/wp\/v2\/posts"}],"about":[{"href":"https:\/\/www.justiceinfo.net\/fr\/wp-json\/wp\/v2\/types\/post"}],"author":[{"embeddable":true,"href":"https:\/\/www.justiceinfo.net\/fr\/wp-json\/wp\/v2\/users\/64"}],"replies":[{"embeddable":true,"href":"https:\/\/www.justiceinfo.net\/fr\/wp-json\/wp\/v2\/comments?post=4259"}],"version-history":[{"count":0,"href":"https:\/\/www.justiceinfo.net\/fr\/wp-json\/wp\/v2\/posts\/4259\/revisions"}],"wp:attachment":[{"href":"https:\/\/www.justiceinfo.net\/fr\/wp-json\/wp\/v2\/media?parent=4259"}],"wp:term":[{"taxonomy":"category","embeddable":true,"href":"https:\/\/www.justiceinfo.net\/fr\/wp-json\/wp\/v2\/categories?post=4259"},{"taxonomy":"post_tag","embeddable":true,"href":"https:\/\/www.justiceinfo.net\/fr\/wp-json\/wp\/v2\/tags?post=4259"},{"taxonomy":"ji_location","embeddable":true,"href":"https:\/\/www.justiceinfo.net\/fr\/wp-json\/wp\/v2\/ji_location?post=4259"}],"curies":[{"name":"wp","href":"https:\/\/api.w.org\/{rel}","templated":true}]}}