{"id":42630,"date":"2019-10-17T03:23:01","date_gmt":"2019-10-17T01:23:01","guid":{"rendered":"https:\/\/www.justiceinfo.net\/42630-l-onu-face-a-la-candidature-du-venezuela-au-conseil-des-droits-de-l-homme-2.html"},"modified":"2019-10-17T03:23:01","modified_gmt":"2019-10-17T01:23:01","slug":"l-onu-face-a-la-candidature-du-venezuela-au-conseil-des-droits-de-l-homme-2","status":"publish","type":"post","link":"https:\/\/www.justiceinfo.net\/fr\/42630-l-onu-face-a-la-candidature-du-venezuela-au-conseil-des-droits-de-l-homme-2.html","title":{"rendered":"L'ONU face \u00e0 la candidature du Venezuela au Conseil des droits de l'Homme"},"content":{"rendered":"<p>\n             L'Assembl\u00e9e g\u00e9n\u00e9rale de l'ONU est appel\u00e9e jeudi \u00e0 \u00e9lire 14 nouveaux membres pour le Conseil des droits de l'Homme, un statut auquel pr\u00e9tend le Venezuela malgr\u00e9 l'opposition d'ONG et de pays d'Am\u00e9rique latine.\n<\/p>\n<p>\n            Le Conseil, bas\u00e9 \u00e0 Gen\u00e8ve, a la responsabilit\u00e9 de renforcer la promotion et la protection des droits humains. Ses 47 membres sont renouvel\u00e9s chaque ann\u00e9e pour environ un tiers d'entre eux. Les postes sont \u00e0 pourvoir \u00e0 partir de janvier pour un mandat de trois ans et le vote est pr\u00e9vu \u00e0 partir de 14H00 GMT.\n<\/p>\n<p>\n            Cr\u00e9\u00e9 en 2006, sa composition respecte le principe d'une r\u00e9partition g\u00e9ographique, avec 13 si\u00e8ges pour l'Afrique, 13 pour l'Asie-Pacifique, 8 pour l'Am\u00e9rique latine et les Cara\u00efbes, 7 pour l'Europe occidentale et autres et 6 pour l'Europe de l'Est.\n<\/p>\n<p>\n            Cette ann\u00e9e, la candidature du Venezuela, pays en crise, est sujette \u00e0 forte controverse. Une cinquantaine de pays jugent ill\u00e9gitime la pr\u00e9sidence de Nicolas Maduro et soutiennent son opposant Juan Guaido.\n<\/p>\n<p>\n            Deux si\u00e8ges doivent \u00eatre attribu\u00e9s \u00e0 l'Am\u00e9rique latine. Le Br\u00e9sil pr\u00e9tend \u00e0 l'un d'entre eux et le 3 octobre le Costa Rica a pos\u00e9 sa candidature pour faire opposition \u00e0 celle du Venezuela. \"En raison des graves violations des droits de l'homme\" constat\u00e9es par l'ONU, \"le r\u00e9gime du Venezuela n'est pas un candidat ad\u00e9quat pour le Conseil des droits de l'homme\", avait alors expliqu\u00e9 le pr\u00e9sident du Costa Rica, Carlos Alvarado.\n<\/p>\n<p>\n            - \"Gifle\" -\n<\/p>\n<p>\n            Il \"serait inadmissible que si\u00e8gent au Conseil des droits de l'Homme ceux qui ont commis des violations des droits de l'homme et des crimes contre l'humanit\u00e9\", avait rench\u00e9ri le secr\u00e9taire g\u00e9n\u00e9ral de l'Organisation des Etats am\u00e9ricains (OEA), Luis Almagro.\n<\/p>\n<p>\n            Fin septembre, le Conseil des droits de l'Homme de l'ONU a d\u00e9cid\u00e9 de cr\u00e9er un groupe d'experts charg\u00e9s d'enqu\u00eater sur les violations des droits humains commises au Venezuela depuis 2014, une initiative qualifi\u00e9e d'\"hostile\" par Caracas.\n<\/p>\n<p>\n            \"La d\u00e9fiance en Am\u00e9rique latine\" pour l'un de ses membres \u00e0 l'occasion de cette \u00e9lection \u00e0 l'ONU \"est sans pr\u00e9c\u00e9dent\", estime Christopher Sabatini de l'universit\u00e9 Columbia \u00e0 New York. Mais \"la mani\u00e8re dont les pays d'Am\u00e9rique latine voteront n'est pas claire\", le sujet n'ayant pas \u00e9t\u00e9 beaucoup discut\u00e9, regrette-t-il.\n<\/p>\n<p>\n            Gr\u00e2ce au Costa Rica, \"les Etats membres de l'ONU ont le choix, il n'y a plus d'excuse \u00e0 \u00eatre oblig\u00e9 de voter pour le Venezuela\", souligne Louis Charbonneau de l'organisation Human Rights Watch qui a fait campagne contre Caracas avec une cinquantaine d'autres ONG internationales ou v\u00e9n\u00e9zu\u00e9liennes.\n<\/p>\n<p>\n            \"Un vote pour le Venezuela est un vote pour la torture, le meurtre et l'impunit\u00e9\". \"Ce serait une gifle pour les millions de personnes qui ont fui le pays\" et \"pour les innombrables victimes qui n'ont pas surv\u00e9cu\", insiste-t-il.\n<\/p>\n<p>\n            - Partis pris -\n<\/p>\n<p>\n            Les 12 autres postes \u00e0 pourvoir se r\u00e9partissent comme suit. Quatre pays africains postulent \u00e0 quatre si\u00e8ges: B\u00e9nin, Libye, Mauritanie et Soudan. Les Pays-Bas et l'Allemagne sont candidats aux deux postes propos\u00e9s \u00e0 l'Europe occidentale. Pour l'Europe de l'Est, l'Arm\u00e9nie, la Moldavie et la Pologne sont en concurrence pour deux si\u00e8ges, l'Indon\u00e9sie, l'Irak, le Japon, les Iles Marshall et la Cor\u00e9e du Sud \u00e9tant en lice pour quatre si\u00e8ges.\n<\/p>\n<p>\n            Les membres du Conseil ne sont pas imm\u00e9diatement r\u00e9\u00e9ligibles apr\u00e8s deux mandats cons\u00e9cutifs. Ses membres peuvent \u00eatre suspendus en cas de violations graves, mais seule la Libye l'a \u00e9t\u00e9 en 2011.\n<\/p>\n<p>\n            Le Conseil a succ\u00e9d\u00e9 \u00e0 la Commission des droits de l'Homme, discr\u00e9dit\u00e9e par ses longs discours et ses partis pris. Il peine toutefois \u00e0 rassembler les pays autour de la d\u00e9fense des droits fondamentaux et les Etats suspects de violations des droits humains m\u00e8nent r\u00e9guli\u00e8rement la charge contre les enqu\u00eateurs et rapporteurs sp\u00e9ciaux par pays, charg\u00e9s d'enqu\u00eater sur les r\u00e9gimes autoritaires.\n<\/p>\n<p>\n            La logique des blocs et la politisation marquent les travaux du Conseil, et les Etats-Unis s'en sont retir\u00e9s en 2018, d\u00e9non\u00e7ant son parti pris contre Isra\u00ebl. Washington souhaite aussi que l'exclusion des Etats membres commettant de graves violations des droits humains soit vot\u00e9e \u00e0 la majorit\u00e9 simple et non aux deux-tiers, et que le processus de s\u00e9lection des Etats membres soit renforc\u00e9.<\/p>\n","protected":false},"excerpt":{"rendered":"<p>L'Assembl\u00e9e g\u00e9n\u00e9rale de l'ONU est appel\u00e9e jeudi \u00e0 \u00e9lire 14 nouveaux membres pour le Conseil des droits de l'Homme, un statut auquel pr\u00e9tend le Venezuela malgr\u00e9 l'opposition d'ONG et de pays d'Am\u00e9rique latine. Le Conseil, bas\u00e9 \u00e0 Gen\u00e8ve, a la responsabilit\u00e9 de renforcer la promotion et la protection des droits humains. Ses 47 membres sont [&hellip;]<\/p>\n","protected":false},"author":60,"featured_media":0,"comment_status":"open","ping_status":"closed","sticky":false,"template":"","format":"standard","meta":{"_acf_changed":false,"footnotes":""},"categories":[2576],"tags":[],"ji_location":[],"class_list":["post-42630","post","type-post","status-publish","format-standard","hentry","category-fil-d-actualite"],"acf":[],"yoast_head":"<!-- This site is optimized with the Yoast SEO Premium plugin v25.3.1 (Yoast SEO v25.3.1) - https:\/\/yoast.com\/wordpress\/plugins\/seo\/ -->\n<title>L&#039;ONU face \u00e0 la candidature du Venezuela au Conseil des droits de l&#039;Homme - JusticeInfo.net<\/title>\n<meta name=\"robots\" content=\"index, follow, max-snippet:-1, max-image-preview:large, max-video-preview:-1\" \/>\n<link rel=\"canonical\" href=\"https:\/\/www.justiceinfo.net\/fr\/42630-l-onu-face-a-la-candidature-du-venezuela-au-conseil-des-droits-de-l-homme-2.html\" \/>\n<meta property=\"og:locale\" content=\"fr_FR\" \/>\n<meta property=\"og:type\" content=\"article\" \/>\n<meta property=\"og:title\" content=\"L&#039;ONU face \u00e0 la candidature du Venezuela au Conseil des droits de l&#039;Homme\" \/>\n<meta property=\"og:description\" content=\"L&#039;Assembl\u00e9e g\u00e9n\u00e9rale de l&#039;ONU est appel\u00e9e jeudi \u00e0 \u00e9lire 14 nouveaux membres pour le Conseil des droits de l&#039;Homme, un statut auquel pr\u00e9tend le Venezuela malgr\u00e9 l&#039;opposition d&#039;ONG et de pays d&#039;Am\u00e9rique latine. Le Conseil, bas\u00e9 \u00e0 Gen\u00e8ve, a la responsabilit\u00e9 de renforcer la promotion et la protection des droits humains. Ses 47 membres sont [&hellip;]\" \/>\n<meta property=\"og:url\" content=\"https:\/\/www.justiceinfo.net\/fr\/42630-l-onu-face-a-la-candidature-du-venezuela-au-conseil-des-droits-de-l-homme-2.html\" \/>\n<meta property=\"og:site_name\" content=\"JusticeInfo.net\" \/>\n<meta property=\"article:publisher\" content=\"https:\/\/www.facebook.com\/JusticeInfo\/\" \/>\n<meta property=\"article:published_time\" content=\"2019-10-17T01:23:01+00:00\" \/>\n<meta property=\"og:image\" content=\"https:\/\/www.justiceinfo.net\/wp-content\/uploads\/JusticeInfoNet_logo_1200x630px.jpg\" \/>\n\t<meta property=\"og:image:width\" content=\"1200\" \/>\n\t<meta property=\"og:image:height\" content=\"630\" \/>\n\t<meta property=\"og:image:type\" content=\"image\/jpeg\" \/>\n<meta name=\"author\" content=\"AFP\" \/>\n<meta name=\"twitter:card\" content=\"summary_large_image\" \/>\n<meta name=\"twitter:creator\" content=\"@justiceinfonet\" \/>\n<meta name=\"twitter:site\" content=\"@justiceinfonet\" \/>\n<meta name=\"twitter:label1\" content=\"\u00c9crit par\" \/>\n\t<meta name=\"twitter:data1\" content=\"AFP\" \/>\n\t<meta name=\"twitter:label2\" content=\"Dur\u00e9e de lecture estim\u00e9e\" \/>\n\t<meta name=\"twitter:data2\" content=\"4 minutes\" \/>\n<script type=\"application\/ld+json\" class=\"yoast-schema-graph\">{\"@context\":\"https:\/\/schema.org\",\"@graph\":[{\"@type\":\"NewsArticle\",\"@id\":\"https:\/\/www.justiceinfo.net\/fr\/42630-l-onu-face-a-la-candidature-du-venezuela-au-conseil-des-droits-de-l-homme-2.html#article\",\"isPartOf\":{\"@id\":\"https:\/\/www.justiceinfo.net\/fr\/42630-l-onu-face-a-la-candidature-du-venezuela-au-conseil-des-droits-de-l-homme-2.html\"},\"author\":{\"name\":\"afp\",\"@id\":\"https:\/\/www.justiceinfo.net\/fr#\/schema\/person\/713d340ef5f218fc36ce9b4244364a7f\"},\"headline\":\"L'ONU face \u00e0 la candidature du Venezuela au Conseil des droits de l'Homme\",\"datePublished\":\"2019-10-17T01:23:01+00:00\",\"mainEntityOfPage\":{\"@id\":\"https:\/\/www.justiceinfo.net\/fr\/42630-l-onu-face-a-la-candidature-du-venezuela-au-conseil-des-droits-de-l-homme-2.html\"},\"wordCount\":787,\"commentCount\":0,\"publisher\":{\"@id\":\"https:\/\/www.justiceinfo.net\/fr#organization\"},\"articleSection\":[\"Fil d'info AFP\"],\"inLanguage\":\"fr-FR\",\"potentialAction\":[{\"@type\":\"CommentAction\",\"name\":\"Comment\",\"target\":[\"https:\/\/www.justiceinfo.net\/fr\/42630-l-onu-face-a-la-candidature-du-venezuela-au-conseil-des-droits-de-l-homme-2.html#respond\"]}]},{\"@type\":\"WebPage\",\"@id\":\"https:\/\/www.justiceinfo.net\/fr\/42630-l-onu-face-a-la-candidature-du-venezuela-au-conseil-des-droits-de-l-homme-2.html\",\"url\":\"https:\/\/www.justiceinfo.net\/fr\/42630-l-onu-face-a-la-candidature-du-venezuela-au-conseil-des-droits-de-l-homme-2.html\",\"name\":\"L'ONU face \u00e0 la candidature du Venezuela au Conseil des droits de l'Homme - JusticeInfo.net\",\"isPartOf\":{\"@id\":\"https:\/\/www.justiceinfo.net\/fr#website\"},\"datePublished\":\"2019-10-17T01:23:01+00:00\",\"breadcrumb\":{\"@id\":\"https:\/\/www.justiceinfo.net\/fr\/42630-l-onu-face-a-la-candidature-du-venezuela-au-conseil-des-droits-de-l-homme-2.html#breadcrumb\"},\"inLanguage\":\"fr-FR\",\"potentialAction\":[{\"@type\":\"ReadAction\",\"target\":[\"https:\/\/www.justiceinfo.net\/fr\/42630-l-onu-face-a-la-candidature-du-venezuela-au-conseil-des-droits-de-l-homme-2.html\"]}]},{\"@type\":\"BreadcrumbList\",\"@id\":\"https:\/\/www.justiceinfo.net\/fr\/42630-l-onu-face-a-la-candidature-du-venezuela-au-conseil-des-droits-de-l-homme-2.html#breadcrumb\",\"itemListElement\":[{\"@type\":\"ListItem\",\"position\":1,\"name\":\"Home\",\"item\":\"https:\/\/www.justiceinfo.net\/fr\"},{\"@type\":\"ListItem\",\"position\":2,\"name\":\"L'ONU face \u00e0 la candidature du Venezuela au Conseil des droits de l'Homme\"}]},{\"@type\":\"WebSite\",\"@id\":\"https:\/\/www.justiceinfo.net\/fr#website\",\"url\":\"https:\/\/www.justiceinfo.net\/fr\",\"name\":\"JusticeInfo.net\",\"description\":\"La justice doit \u00eatre vue pour \u00eatre rendue\",\"publisher\":{\"@id\":\"https:\/\/www.justiceinfo.net\/fr#organization\"},\"potentialAction\":[{\"@type\":\"SearchAction\",\"target\":{\"@type\":\"EntryPoint\",\"urlTemplate\":\"https:\/\/www.justiceinfo.net\/fr?s={search_term_string}\"},\"query-input\":{\"@type\":\"PropertyValueSpecification\",\"valueRequired\":true,\"valueName\":\"search_term_string\"}}],\"inLanguage\":\"fr-FR\"},{\"@type\":\"Organization\",\"@id\":\"https:\/\/www.justiceinfo.net\/fr#organization\",\"name\":\"Justice Info\",\"url\":\"https:\/\/www.justiceinfo.net\/fr\",\"logo\":{\"@type\":\"ImageObject\",\"inLanguage\":\"fr-FR\",\"@id\":\"https:\/\/www.justiceinfo.net\/fr#\/schema\/logo\/image\/\",\"url\":\"https:\/\/www.justiceinfo.net\/wp-content\/uploads\/justiceinfo_logo-trans_1200x1200px.png\",\"contentUrl\":\"https:\/\/www.justiceinfo.net\/wp-content\/uploads\/justiceinfo_logo-trans_1200x1200px.png\",\"width\":1199,\"height\":1200,\"caption\":\"Justice Info\"},\"image\":{\"@id\":\"https:\/\/www.justiceinfo.net\/fr#\/schema\/logo\/image\/\"},\"sameAs\":[\"https:\/\/www.facebook.com\/JusticeInfo\/\",\"https:\/\/x.com\/justiceinfonet\",\"https:\/\/www.linkedin.com\/company\/justice-info\",\"https:\/\/www.youtube.com\/channel\/UCyCEsARodyuWtkWyhn-e7pA\"]},{\"@type\":\"Person\",\"name\":\"AFP\",\"url\":\"\/fr\/?s=AFP\"}]}<\/script>\n<!-- \/ Yoast SEO Premium plugin. -->","yoast_head_json":{"title":"L'ONU face \u00e0 la candidature du Venezuela au Conseil des droits de l'Homme - JusticeInfo.net","robots":{"index":"index","follow":"follow","max-snippet":"max-snippet:-1","max-image-preview":"max-image-preview:large","max-video-preview":"max-video-preview:-1"},"canonical":"https:\/\/www.justiceinfo.net\/fr\/42630-l-onu-face-a-la-candidature-du-venezuela-au-conseil-des-droits-de-l-homme-2.html","og_locale":"fr_FR","og_type":"article","og_title":"L'ONU face \u00e0 la candidature du Venezuela au Conseil des droits de l'Homme","og_description":"L'Assembl\u00e9e g\u00e9n\u00e9rale de l'ONU est appel\u00e9e jeudi \u00e0 \u00e9lire 14 nouveaux membres pour le Conseil des droits de l'Homme, un statut auquel pr\u00e9tend le Venezuela malgr\u00e9 l'opposition d'ONG et de pays d'Am\u00e9rique latine. Le Conseil, bas\u00e9 \u00e0 Gen\u00e8ve, a la responsabilit\u00e9 de renforcer la promotion et la protection des droits humains. Ses 47 membres sont [&hellip;]","og_url":"https:\/\/www.justiceinfo.net\/fr\/42630-l-onu-face-a-la-candidature-du-venezuela-au-conseil-des-droits-de-l-homme-2.html","og_site_name":"JusticeInfo.net","article_publisher":"https:\/\/www.facebook.com\/JusticeInfo\/","article_published_time":"2019-10-17T01:23:01+00:00","og_image":[{"width":1200,"height":630,"url":"https:\/\/www.justiceinfo.net\/wp-content\/uploads\/JusticeInfoNet_logo_1200x630px.jpg","type":"image\/jpeg"}],"author":"AFP","twitter_card":"summary_large_image","twitter_creator":"@justiceinfonet","twitter_site":"@justiceinfonet","twitter_misc":{"\u00c9crit par":"AFP","Dur\u00e9e de lecture estim\u00e9e":"4 minutes"},"schema":{"@context":"https:\/\/schema.org","@graph":[{"@type":"NewsArticle","@id":"https:\/\/www.justiceinfo.net\/fr\/42630-l-onu-face-a-la-candidature-du-venezuela-au-conseil-des-droits-de-l-homme-2.html#article","isPartOf":{"@id":"https:\/\/www.justiceinfo.net\/fr\/42630-l-onu-face-a-la-candidature-du-venezuela-au-conseil-des-droits-de-l-homme-2.html"},"author":{"name":"afp","@id":"https:\/\/www.justiceinfo.net\/fr#\/schema\/person\/713d340ef5f218fc36ce9b4244364a7f"},"headline":"L'ONU face \u00e0 la candidature du Venezuela au Conseil des droits de l'Homme","datePublished":"2019-10-17T01:23:01+00:00","mainEntityOfPage":{"@id":"https:\/\/www.justiceinfo.net\/fr\/42630-l-onu-face-a-la-candidature-du-venezuela-au-conseil-des-droits-de-l-homme-2.html"},"wordCount":787,"commentCount":0,"publisher":{"@id":"https:\/\/www.justiceinfo.net\/fr#organization"},"articleSection":["Fil d'info AFP"],"inLanguage":"fr-FR","potentialAction":[{"@type":"CommentAction","name":"Comment","target":["https:\/\/www.justiceinfo.net\/fr\/42630-l-onu-face-a-la-candidature-du-venezuela-au-conseil-des-droits-de-l-homme-2.html#respond"]}]},{"@type":"WebPage","@id":"https:\/\/www.justiceinfo.net\/fr\/42630-l-onu-face-a-la-candidature-du-venezuela-au-conseil-des-droits-de-l-homme-2.html","url":"https:\/\/www.justiceinfo.net\/fr\/42630-l-onu-face-a-la-candidature-du-venezuela-au-conseil-des-droits-de-l-homme-2.html","name":"L'ONU face \u00e0 la candidature du Venezuela au Conseil des droits de l'Homme - JusticeInfo.net","isPartOf":{"@id":"https:\/\/www.justiceinfo.net\/fr#website"},"datePublished":"2019-10-17T01:23:01+00:00","breadcrumb":{"@id":"https:\/\/www.justiceinfo.net\/fr\/42630-l-onu-face-a-la-candidature-du-venezuela-au-conseil-des-droits-de-l-homme-2.html#breadcrumb"},"inLanguage":"fr-FR","potentialAction":[{"@type":"ReadAction","target":["https:\/\/www.justiceinfo.net\/fr\/42630-l-onu-face-a-la-candidature-du-venezuela-au-conseil-des-droits-de-l-homme-2.html"]}]},{"@type":"BreadcrumbList","@id":"https:\/\/www.justiceinfo.net\/fr\/42630-l-onu-face-a-la-candidature-du-venezuela-au-conseil-des-droits-de-l-homme-2.html#breadcrumb","itemListElement":[{"@type":"ListItem","position":1,"name":"Home","item":"https:\/\/www.justiceinfo.net\/fr"},{"@type":"ListItem","position":2,"name":"L'ONU face \u00e0 la candidature du Venezuela au Conseil des droits de l'Homme"}]},{"@type":"WebSite","@id":"https:\/\/www.justiceinfo.net\/fr#website","url":"https:\/\/www.justiceinfo.net\/fr","name":"JusticeInfo.net","description":"La justice doit \u00eatre vue pour \u00eatre rendue","publisher":{"@id":"https:\/\/www.justiceinfo.net\/fr#organization"},"potentialAction":[{"@type":"SearchAction","target":{"@type":"EntryPoint","urlTemplate":"https:\/\/www.justiceinfo.net\/fr?s={search_term_string}"},"query-input":{"@type":"PropertyValueSpecification","valueRequired":true,"valueName":"search_term_string"}}],"inLanguage":"fr-FR"},{"@type":"Organization","@id":"https:\/\/www.justiceinfo.net\/fr#organization","name":"Justice Info","url":"https:\/\/www.justiceinfo.net\/fr","logo":{"@type":"ImageObject","inLanguage":"fr-FR","@id":"https:\/\/www.justiceinfo.net\/fr#\/schema\/logo\/image\/","url":"https:\/\/www.justiceinfo.net\/wp-content\/uploads\/justiceinfo_logo-trans_1200x1200px.png","contentUrl":"https:\/\/www.justiceinfo.net\/wp-content\/uploads\/justiceinfo_logo-trans_1200x1200px.png","width":1199,"height":1200,"caption":"Justice Info"},"image":{"@id":"https:\/\/www.justiceinfo.net\/fr#\/schema\/logo\/image\/"},"sameAs":["https:\/\/www.facebook.com\/JusticeInfo\/","https:\/\/x.com\/justiceinfonet","https:\/\/www.linkedin.com\/company\/justice-info","https:\/\/www.youtube.com\/channel\/UCyCEsARodyuWtkWyhn-e7pA"]},{"@type":"Person","name":"AFP","url":"\/fr\/?s=AFP"}]}},"_links":{"self":[{"href":"https:\/\/www.justiceinfo.net\/fr\/wp-json\/wp\/v2\/posts\/42630","targetHints":{"allow":["GET"]}}],"collection":[{"href":"https:\/\/www.justiceinfo.net\/fr\/wp-json\/wp\/v2\/posts"}],"about":[{"href":"https:\/\/www.justiceinfo.net\/fr\/wp-json\/wp\/v2\/types\/post"}],"author":[{"embeddable":true,"href":"https:\/\/www.justiceinfo.net\/fr\/wp-json\/wp\/v2\/users\/60"}],"replies":[{"embeddable":true,"href":"https:\/\/www.justiceinfo.net\/fr\/wp-json\/wp\/v2\/comments?post=42630"}],"version-history":[{"count":0,"href":"https:\/\/www.justiceinfo.net\/fr\/wp-json\/wp\/v2\/posts\/42630\/revisions"}],"wp:attachment":[{"href":"https:\/\/www.justiceinfo.net\/fr\/wp-json\/wp\/v2\/media?parent=42630"}],"wp:term":[{"taxonomy":"category","embeddable":true,"href":"https:\/\/www.justiceinfo.net\/fr\/wp-json\/wp\/v2\/categories?post=42630"},{"taxonomy":"post_tag","embeddable":true,"href":"https:\/\/www.justiceinfo.net\/fr\/wp-json\/wp\/v2\/tags?post=42630"},{"taxonomy":"ji_location","embeddable":true,"href":"https:\/\/www.justiceinfo.net\/fr\/wp-json\/wp\/v2\/ji_location?post=42630"}],"curies":[{"name":"wp","href":"https:\/\/api.w.org\/{rel}","templated":true}]}}