{"id":42702,"date":"2019-10-24T07:51:03","date_gmt":"2019-10-24T05:51:03","guid":{"rendered":"https:\/\/www.justiceinfo.net\/42702-tunisie-chambres-specialisees-en-panne.html"},"modified":"2019-10-24T07:51:03","modified_gmt":"2019-10-24T05:51:03","slug":"tunisie-chambres-specialisees-en-panne","status":"publish","type":"post","link":"https:\/\/www.justiceinfo.net\/fr\/42702-tunisie-chambres-specialisees-en-panne.html","title":{"rendered":"Tunisie : les chambres sp\u00e9cialis\u00e9es toujours en panne"},"content":{"rendered":"<p><strong>Dans une salle d\u2019audience d\u00e9serte, deux victimes racontent les arrestations, interrogatoires muscl\u00e9s, tortures et licenciements qui ont suivi la gr\u00e8ve g\u00e9n\u00e9rale du 26 janvier 1978. C\u2019est l\u2019un des dossiers phares pourtant, transmis par l\u2019Instance v\u00e9rit\u00e9 et dignit\u00e9 aux chambres judiciaires sp\u00e9cialis\u00e9es en justice transitionnelle, qui peinent toujours \u00e0 avancer. <\/strong><\/p>\n<p><!--more--><\/p>\n<p>Dans la m\u00e9moire des Tunisiens, cette date est connue comme le \u00ab\u00a0Jeudi noir\u00a0\u00bb. Le 26 janvier 1978 marque le d\u00e9but d\u2019une p\u00e9riode de conflit entre le pouvoir en place et la Centrale syndicale, devenue ces ann\u00e9es-l\u00e0 un bastion pour revendiquer, au-del\u00e0 des droits \u00e9conomiques et sociaux, des libert\u00e9s politiques. Lorsque la gr\u00e8ve g\u00e9n\u00e9rale d\u00e9cr\u00e9t\u00e9e par l\u2019Union g\u00e9n\u00e9rale tunisienne du travail (UGTT) tourne \u00e0 l\u2019\u00e9meute, l\u2019arm\u00e9e est appel\u00e9e \u00e0 la rescousse. Celle-ci est plac\u00e9e sous le commandement de\u00a0<a href=\"https:\/\/www.jeuneafrique.com\/personnalites\/zine-el-abidine-ben-ali\/\" target=\"_blank\" rel=\"noopener noreferrer\">Zine El-Abidine Ben Ali<\/a> (qui deviendra pr\u00e9sident neuf ans plus tard)\u00a0nomm\u00e9 \u00e0 la h\u00e2te par le Premier ministre de l\u2019\u00e9poque. Le\u00a0bilan est lourd : 52 morts et plus de 365 bless\u00e9s, selon les chiffres officiels. En v\u00e9rit\u00e9, beaucoup plus, jusqu\u2019\u00e0 200 morts et un millier de bless\u00e9s, selon la Ligue tunisienne des droits de l\u2019homme et l\u2019opposition. Des centaines de syndicalistes sont arr\u00eat\u00e9s, plus de 500 personnes sont condamn\u00e9es et Houcine Kouki, secr\u00e9taire g\u00e9n\u00e9ral adjoint des banques et assurances de Sousse, meurt sous la torture. Des licenciements abusifs touchent des centaines de syndicalistes. L\u2019\u00e9tat d\u2019urgence et le couvre-feu sont \u00a0maintenus durant plus d\u2019un mois. Cette affaire d\u00e9pos\u00e9e aupr\u00e8s de l\u2019Instance v\u00e9rit\u00e9 et dignit\u00e9 (IVD) par 13 victimes et h\u00e9ritiers de victimes a \u00e9t\u00e9 examin\u00e9e lors d\u2019une quatri\u00e8me audience jeudi 17 octobre par la chambre judiciaire sp\u00e9cialis\u00e9e en justice transitionnelle du Tribunal de premi\u00e8re instance de Tunis.<\/p>\n<h3>Une salle d\u2019audience quasi vide<\/h3>\n<p>Deux victimes uniquement \u00e9taient pr\u00e9sentes \u00e0 l\u2019audience, tandis que tous les accus\u00e9s, une quinzaine, ainsi que les t\u00e9moins, \u00e9taient absents. Un seul avocat \u00e9tait pr\u00e9sent. \u00ab\u00a0Une salle de tribunal quasi vide, une soci\u00e9t\u00e9 civile absente, aucun militant de l\u2019UGTT\u2026 tout cela n\u2019augure rien de bon pour la poursuite des proc\u00e8s des chambres sp\u00e9cialis\u00e9es. Je crains que la motivation des juges ne se r\u00e9duise elle aussi, au fil des jours, comme peau de chagrin\u00a0\u00bb, se lamente Nejib Mrad, une ancienne victime islamiste, par ailleurs membre fondateur du mouvement Ennahdha et engag\u00e9 dans la soci\u00e9t\u00e9 civile en tant qu\u2019observateur des proc\u00e8s des chambres sp\u00e9cialis\u00e9es.<\/p>\n<p>L\u2019avocat Azaiez Sammoud, autre observateur de ces proc\u00e8s pour le compte d\u2019Avocats sans fronti\u00e8res, s\u2019inqui\u00e8te du fait que dans une m\u00eame affaire, les audiences des chambres sp\u00e9cialis\u00e9es sont organis\u00e9es \u00e0 quatre mois d\u2019intervalle en moyenne\u00a0: \u00ab\u00a0Nous sommes loin du d\u00e9lai raisonnable, d\u2019autant plus que les dossiers ont d\u00e9j\u00e0 \u00e9t\u00e9 instruits par la commission v\u00e9rit\u00e9. Dans ces affaires qui remontent \u00e0 plus de quarante ans, le risque est ici d\u2019enregistrer le d\u00e9c\u00e8s des pr\u00e9sum\u00e9s responsables, des victimes et des t\u00e9moins d\u2019une audience \u00e0 l\u2019autre\u00a0\u00bb.<\/p>\n<h3>Neufs orphelins dE p\u00e8re<\/h3>\n<p>Le pr\u00e9sident de la chambre, le magistrat sp\u00e9cialis\u00e9 en justice transitionnelle Ridha Yakoub, a cependant \u00e9cout\u00e9 les deux victimes pr\u00e9sentes.<\/p>\n<p>Abdelkader Gagui, la cinquantaine, est le fils de Said Guagui, ancien chauffeur au minist\u00e8re du Tourisme, d\u00e9c\u00e9d\u00e9 le 9 janvier 1979, des suites de son emprisonnement. Il est venu t\u00e9moigner du calvaire qu\u2019a subi son p\u00e8re au moment de son arrestation le 26 janvier 1978, et du drame d\u2019une famille nombreuse dont le seul soutien disparait tragiquement \u00e0 la suite du Jeudi noir. Ses enfants ont perdu la trace de leur p\u00e8re d\u00e8s le 25 janvier. Ce n\u2019est qu\u2019en avril que sa famille apprend qu\u2019il est en vie et incarc\u00e9r\u00e9 avec les leaders de l\u2019UGTT, \u00e0 la grande prison du 9 Avril \u00e0 Tunis. Lorsqu\u2019il est lib\u00e9r\u00e9 en septembre 1978, ses neuf enfants, huit fillettes et un gar\u00e7on, et son \u00e9pouse peinent \u00e0 le reconnaitre\u00a0: amaigri, affaibli, le teint blafard, il passe son temps \u00e0 l\u2019h\u00f4pital pour tenter de soigner les cons\u00e9quences de son passage entre les mains des agents de la S\u00e9curit\u00e9 de l\u2019Etat, dans les locaux du minist\u00e8re de l\u2019Int\u00e9rieur. Il y a endur\u00e9 des tortures que le fils veut taire par pudeur et par fid\u00e9lit\u00e9 \u00e0 son p\u00e8re, qui gardait lui-m\u00eame le silence sur les violations qu\u2019il a subies. \u00ab\u00a0Ils nous l\u2019ont renvoy\u00e9 mourant et pourtant nous n\u2019avons pas arr\u00eat\u00e9 d\u2019\u00eatre surveill\u00e9s par la police jusqu\u2019\u00e0 sa disparition. Par la suite, nous avons v\u00e9cu orphelins et pauvres pendant toute notre enfance et notre jeunesse mes huit s\u0153urs et moi. Seule une petite pension de la Centrale syndicale et des actions de solidarit\u00e9 familiale nous ont permis de survivre\u00a0\u00bb, t\u00e9moigne son fils \u00e0 l\u2019audience. Il demande au tribunal que les donneurs d\u2019ordre soient jug\u00e9s\u00a0: \u00ab\u00a0Je ne pardonne pas\u00a0!\u00a0\u00bb, clame-t-il.<\/p>\n<h3>\u00ab Sous les coups... j'ai fini par c\u00e9der \u00bb<\/h3>\n<p>S\u2019avance alors Mohamed Ennaceur Dalhoum, qui est consid\u00e9r\u00e9 comme une victime directe du Jeudi noir. Ag\u00e9 de 23 ans au moment des \u00e9v\u00e9nements, il raconte\u00a0: \u00ab\u00a0Le Parti socialiste destourien, le parti de Bourguiba, d\u00e9cide d\u2019envoyer\u00a0des\u00a0milices les 22, 23 et 24 janvier, afin d\u2019attaquer les locaux de l\u2019UGTT dans diff\u00e9rentes villes, ce sont ces milices qui saccagent le pays et non pas les syndicalistes. Habib Achour, le premier dirigeant de la Centrale syndicale, nous avait demand\u00e9 de ne porter atteinte \u00e0 aucun bien public\u00a0\u00bb.<\/p>\n<p>Mais lorsque des d\u00e9bordements sont enregistr\u00e9s, le pouvoir a besoin de d\u00e9signer un responsable des violences qui secouent notamment la ville de Tunis. Habib Achour en devient le bouc \u00e9missaire. \u00ab\u00a0On me torturait en me for\u00e7ant \u00e0 nommer Habib Achour comme le donneur d\u2019ordre des \u00e9meutes. Ils ont inscrit ces accusations-l\u00e0 dans le PV que je devais signer \u00e0 la fin de l\u2019interrogatoire muscl\u00e9 que j\u2019ai subi. Sous les coups, qui devenaient de plus en plus acharn\u00e9s, les humiliations et les privations de sommeil, de nourriture et d\u2019eau\u2026 j\u2019ai fini par c\u00e9der\u00a0\u00bb se souvient Dalhoum.<\/p>\n<p>Le soul\u00e8vement syndical du 26 Janvier signe l\u2019ouverture d\u2019un affrontement de plus en plus violent entre les autorit\u00e9s d\u2019une part, la Centrale syndicale et les mouvements sociaux d\u2019autre part, qui va se renforcer jusqu\u2019\u00e0 la s\u00e9quence finale de la R\u00e9volution de janvier 2011.<\/p>\n<div class=\"content-encadre\" style=\"margin-top: 30px;\">\n<p><strong>173 AFFAIRES \u00c0 JUGER POUR LES CHAMBRES SP\u00c9CIALIS\u00c9ES<br \/><\/strong><\/p>\n<figure class=\"pull-left\"><img loading=\"lazy\" decoding=\"async\" title=\"Zine El Abidine Ben Ali\" src=\"media\/Tunisie_Zine-El-Abidine-Ben-Ali_CC-Wikipedia.jpg\" alt=\"Zine El Abidine Ben Ali\" width=\"199\" height=\"199\" \/><figcaption>Le proc\u00e8s des malversations financi\u00e8res qui p\u00e8sent sur la famille de l\u2019ex-pr\u00e9sident Ben Ali doit s'ouvrir le 4 novembre devant la chambre sp\u00e9cialis\u00e9e de Tunis.<\/figcaption><\/figure>\n<p>Avec le dossier de disparition forc\u00e9e de <a href=\"fr\/commissions-verite\/37631-tunisie.html\">Kamel Matmati<\/a>, islamiste, assassin\u00e9 en 1991, la chambre judiciaire sp\u00e9cialis\u00e9e en justice transitionnelle de Gab\u00e8s, dans le sud du pays, inaugurait en mai 2018 la premi\u00e8re audience de ces tribunaux charg\u00e9s de juger les dossiers transmis par l\u2019Instance v\u00e9rit\u00e9 et dignit\u00e9. Au total 173 dossiers instruits par les juges et les enqu\u00eateurs de la commission v\u00e9rit\u00e9 ont \u00e9t\u00e9 transf\u00e9r\u00e9s aux 13 chambres couvrant tout le pays. Jusqu\u2019ici pr\u00e8s de 50\u00a0% des affaires ont \u00e9t\u00e9 examin\u00e9es. Le spectre de ces affaires est assez large\u00a0et concerne des victimes de diff\u00e9rentes familles politiques\u00a0: les youssefistes, la gauche, les nationalistes arabes, les syndicalistes, les islamistes, les bless\u00e9s et les martyrs de la R\u00e9volution\u2026 Dans quelques jours s\u2019ouvrira \u00e0 Tunis un proc\u00e8s tr\u00e8s attendu, celui des malversations financi\u00e8res et des soup\u00e7ons de corruptions qui p\u00e8sent sur la famille de l\u2019ex pr\u00e9sident Ben Ali.<\/p>\n<\/div>\n","protected":false},"excerpt":{"rendered":"<p>Dans une salle d\u2019audience d\u00e9serte, deux victimes racontent les arrestations, interrogatoires muscl\u00e9s, tortures et licenciements qui ont suivi la gr\u00e8ve g\u00e9n\u00e9rale du 26 janvier 1978. C\u2019est l\u2019un des dossiers phares pourtant, transmis par l\u2019Instance v\u00e9rit\u00e9 et dignit\u00e9 aux chambres judiciaires sp\u00e9cialis\u00e9es en justice transitionnelle, qui peinent toujours \u00e0 avancer.<\/p>\n","protected":false},"author":71,"featured_media":63410,"comment_status":"open","ping_status":"closed","sticky":false,"template":"","format":"standard","meta":{"_acf_changed":false,"footnotes":""},"categories":[574],"tags":[],"ji_location":[2520],"class_list":["post-42702","post","type-post","status-publish","format-standard","has-post-thumbnail","hentry","category-tribunaux-nationaux","ji_location-tunisie"],"acf":[],"yoast_head":"<!-- This site is optimized with the Yoast SEO Premium plugin v25.3.1 (Yoast SEO v25.3.1) - https:\/\/yoast.com\/wordpress\/plugins\/seo\/ -->\n<title>Tunisie : les chambres sp\u00e9cialis\u00e9es toujours en panne - JusticeInfo.net<\/title>\n<meta name=\"robots\" content=\"index, follow, max-snippet:-1, max-image-preview:large, max-video-preview:-1\" \/>\n<link rel=\"canonical\" href=\"https:\/\/www.justiceinfo.net\/fr\/42702-tunisie-chambres-specialisees-en-panne.html\" \/>\n<meta property=\"og:locale\" content=\"fr_FR\" \/>\n<meta property=\"og:type\" content=\"article\" \/>\n<meta property=\"og:title\" content=\"Tunisie : les chambres sp\u00e9cialis\u00e9es toujours en panne\" \/>\n<meta property=\"og:description\" content=\"Dans une salle d\u2019audience d\u00e9serte, deux victimes racontent les arrestations, interrogatoires muscl\u00e9s, tortures et licenciements qui ont suivi la gr\u00e8ve g\u00e9n\u00e9rale du 26 janvier 1978. C\u2019est l\u2019un des dossiers phares pourtant, transmis par l\u2019Instance v\u00e9rit\u00e9 et dignit\u00e9 aux chambres judiciaires sp\u00e9cialis\u00e9es en justice transitionnelle, qui peinent toujours \u00e0 avancer.\" \/>\n<meta property=\"og:url\" content=\"https:\/\/www.justiceinfo.net\/fr\/42702-tunisie-chambres-specialisees-en-panne.html\" \/>\n<meta property=\"og:site_name\" content=\"JusticeInfo.net\" \/>\n<meta property=\"article:publisher\" content=\"https:\/\/www.facebook.com\/JusticeInfo\/\" \/>\n<meta property=\"article:published_time\" content=\"2019-10-24T05:51:03+00:00\" \/>\n<meta property=\"og:image\" content=\"https:\/\/www.justiceinfo.net\/wp-content\/uploads\/0225884ba9bbbe3b06fa4975cafff433.jpg\" \/>\n\t<meta property=\"og:image:width\" content=\"800\" \/>\n\t<meta property=\"og:image:height\" content=\"565\" \/>\n\t<meta property=\"og:image:type\" content=\"image\/jpeg\" \/>\n<meta name=\"author\" content=\"obelhassine\" \/>\n<meta name=\"twitter:card\" content=\"summary_large_image\" \/>\n<meta name=\"twitter:creator\" content=\"@justiceinfonet\" \/>\n<meta name=\"twitter:site\" content=\"@justiceinfonet\" \/>\n<meta name=\"twitter:label1\" content=\"\u00c9crit par\" \/>\n\t<meta name=\"twitter:data1\" content=\"obelhassine\" \/>\n\t<meta name=\"twitter:label2\" content=\"Dur\u00e9e de lecture estim\u00e9e\" \/>\n\t<meta name=\"twitter:data2\" content=\"7 minutes\" \/>\n<script type=\"application\/ld+json\" class=\"yoast-schema-graph\">{\"@context\":\"https:\/\/schema.org\",\"@graph\":[{\"@type\":\"NewsArticle\",\"@id\":\"https:\/\/www.justiceinfo.net\/fr\/42702-tunisie-chambres-specialisees-en-panne.html#article\",\"isPartOf\":{\"@id\":\"https:\/\/www.justiceinfo.net\/fr\/42702-tunisie-chambres-specialisees-en-panne.html\"},\"author\":{\"name\":\"obelhassine\",\"@id\":\"https:\/\/www.justiceinfo.net\/fr#\/schema\/person\/be9514cb994f9d9b69219d0e74582797\"},\"headline\":\"Tunisie : les chambres sp\u00e9cialis\u00e9es toujours en panne\",\"datePublished\":\"2019-10-24T05:51:03+00:00\",\"mainEntityOfPage\":{\"@id\":\"https:\/\/www.justiceinfo.net\/fr\/42702-tunisie-chambres-specialisees-en-panne.html\"},\"wordCount\":1337,\"commentCount\":0,\"publisher\":{\"@id\":\"https:\/\/www.justiceinfo.net\/fr#organization\"},\"image\":{\"@id\":\"https:\/\/www.justiceinfo.net\/fr\/42702-tunisie-chambres-specialisees-en-panne.html#primaryimage\"},\"thumbnailUrl\":\"https:\/\/www.justiceinfo.net\/wp-content\/uploads\/0225884ba9bbbe3b06fa4975cafff433.jpg\",\"articleSection\":[\"Tribunaux nationaux\"],\"inLanguage\":\"fr-FR\",\"potentialAction\":[{\"@type\":\"CommentAction\",\"name\":\"Comment\",\"target\":[\"https:\/\/www.justiceinfo.net\/fr\/42702-tunisie-chambres-specialisees-en-panne.html#respond\"]}]},{\"@type\":\"WebPage\",\"@id\":\"https:\/\/www.justiceinfo.net\/fr\/42702-tunisie-chambres-specialisees-en-panne.html\",\"url\":\"https:\/\/www.justiceinfo.net\/fr\/42702-tunisie-chambres-specialisees-en-panne.html\",\"name\":\"Tunisie : les chambres sp\u00e9cialis\u00e9es toujours en panne - JusticeInfo.net\",\"isPartOf\":{\"@id\":\"https:\/\/www.justiceinfo.net\/fr#website\"},\"primaryImageOfPage\":{\"@id\":\"https:\/\/www.justiceinfo.net\/fr\/42702-tunisie-chambres-specialisees-en-panne.html#primaryimage\"},\"image\":{\"@id\":\"https:\/\/www.justiceinfo.net\/fr\/42702-tunisie-chambres-specialisees-en-panne.html#primaryimage\"},\"thumbnailUrl\":\"https:\/\/www.justiceinfo.net\/wp-content\/uploads\/0225884ba9bbbe3b06fa4975cafff433.jpg\",\"datePublished\":\"2019-10-24T05:51:03+00:00\",\"breadcrumb\":{\"@id\":\"https:\/\/www.justiceinfo.net\/fr\/42702-tunisie-chambres-specialisees-en-panne.html#breadcrumb\"},\"inLanguage\":\"fr-FR\",\"potentialAction\":[{\"@type\":\"ReadAction\",\"target\":[\"https:\/\/www.justiceinfo.net\/fr\/42702-tunisie-chambres-specialisees-en-panne.html\"]}]},{\"@type\":\"ImageObject\",\"inLanguage\":\"fr-FR\",\"@id\":\"https:\/\/www.justiceinfo.net\/fr\/42702-tunisie-chambres-specialisees-en-panne.html#primaryimage\",\"url\":\"https:\/\/www.justiceinfo.net\/wp-content\/uploads\/0225884ba9bbbe3b06fa4975cafff433.jpg\",\"contentUrl\":\"https:\/\/www.justiceinfo.net\/wp-content\/uploads\/0225884ba9bbbe3b06fa4975cafff433.jpg\",\"width\":800,\"height\":565},{\"@type\":\"BreadcrumbList\",\"@id\":\"https:\/\/www.justiceinfo.net\/fr\/42702-tunisie-chambres-specialisees-en-panne.html#breadcrumb\",\"itemListElement\":[{\"@type\":\"ListItem\",\"position\":1,\"name\":\"Home\",\"item\":\"https:\/\/www.justiceinfo.net\/fr\"},{\"@type\":\"ListItem\",\"position\":2,\"name\":\"Tunisie : les chambres sp\u00e9cialis\u00e9es toujours en panne\"}]},{\"@type\":\"WebSite\",\"@id\":\"https:\/\/www.justiceinfo.net\/fr#website\",\"url\":\"https:\/\/www.justiceinfo.net\/fr\",\"name\":\"JusticeInfo.net\",\"description\":\"La justice doit \u00eatre vue pour \u00eatre rendue\",\"publisher\":{\"@id\":\"https:\/\/www.justiceinfo.net\/fr#organization\"},\"potentialAction\":[{\"@type\":\"SearchAction\",\"target\":{\"@type\":\"EntryPoint\",\"urlTemplate\":\"https:\/\/www.justiceinfo.net\/fr?s={search_term_string}\"},\"query-input\":{\"@type\":\"PropertyValueSpecification\",\"valueRequired\":true,\"valueName\":\"search_term_string\"}}],\"inLanguage\":\"fr-FR\"},{\"@type\":\"Organization\",\"@id\":\"https:\/\/www.justiceinfo.net\/fr#organization\",\"name\":\"Justice Info\",\"url\":\"https:\/\/www.justiceinfo.net\/fr\",\"logo\":{\"@type\":\"ImageObject\",\"inLanguage\":\"fr-FR\",\"@id\":\"https:\/\/www.justiceinfo.net\/fr#\/schema\/logo\/image\/\",\"url\":\"https:\/\/www.justiceinfo.net\/wp-content\/uploads\/justiceinfo_logo-trans_1200x1200px.png\",\"contentUrl\":\"https:\/\/www.justiceinfo.net\/wp-content\/uploads\/justiceinfo_logo-trans_1200x1200px.png\",\"width\":1199,\"height\":1200,\"caption\":\"Justice Info\"},\"image\":{\"@id\":\"https:\/\/www.justiceinfo.net\/fr#\/schema\/logo\/image\/\"},\"sameAs\":[\"https:\/\/www.facebook.com\/JusticeInfo\/\",\"https:\/\/x.com\/justiceinfonet\",\"https:\/\/www.linkedin.com\/company\/justice-info\",\"https:\/\/www.youtube.com\/channel\/UCyCEsARodyuWtkWyhn-e7pA\"]},{\"@type\":\"Person\",\"name\":\"obelhassine\",\"url\":\"https:\/\/www.justiceinfo.net\/fr\/auteur\/obelhassine\"}]}<\/script>\n<!-- \/ Yoast SEO Premium plugin. -->","yoast_head_json":{"title":"Tunisie : les chambres sp\u00e9cialis\u00e9es toujours en panne - JusticeInfo.net","robots":{"index":"index","follow":"follow","max-snippet":"max-snippet:-1","max-image-preview":"max-image-preview:large","max-video-preview":"max-video-preview:-1"},"canonical":"https:\/\/www.justiceinfo.net\/fr\/42702-tunisie-chambres-specialisees-en-panne.html","og_locale":"fr_FR","og_type":"article","og_title":"Tunisie : les chambres sp\u00e9cialis\u00e9es toujours en panne","og_description":"Dans une salle d\u2019audience d\u00e9serte, deux victimes racontent les arrestations, interrogatoires muscl\u00e9s, tortures et licenciements qui ont suivi la gr\u00e8ve g\u00e9n\u00e9rale du 26 janvier 1978. C\u2019est l\u2019un des dossiers phares pourtant, transmis par l\u2019Instance v\u00e9rit\u00e9 et dignit\u00e9 aux chambres judiciaires sp\u00e9cialis\u00e9es en justice transitionnelle, qui peinent toujours \u00e0 avancer.","og_url":"https:\/\/www.justiceinfo.net\/fr\/42702-tunisie-chambres-specialisees-en-panne.html","og_site_name":"JusticeInfo.net","article_publisher":"https:\/\/www.facebook.com\/JusticeInfo\/","article_published_time":"2019-10-24T05:51:03+00:00","og_image":[{"width":800,"height":565,"url":"https:\/\/www.justiceinfo.net\/wp-content\/uploads\/0225884ba9bbbe3b06fa4975cafff433.jpg","type":"image\/jpeg"}],"author":"obelhassine","twitter_card":"summary_large_image","twitter_creator":"@justiceinfonet","twitter_site":"@justiceinfonet","twitter_misc":{"\u00c9crit par":"obelhassine","Dur\u00e9e de lecture estim\u00e9e":"7 minutes"},"schema":{"@context":"https:\/\/schema.org","@graph":[{"@type":"NewsArticle","@id":"https:\/\/www.justiceinfo.net\/fr\/42702-tunisie-chambres-specialisees-en-panne.html#article","isPartOf":{"@id":"https:\/\/www.justiceinfo.net\/fr\/42702-tunisie-chambres-specialisees-en-panne.html"},"author":{"name":"obelhassine","@id":"https:\/\/www.justiceinfo.net\/fr#\/schema\/person\/be9514cb994f9d9b69219d0e74582797"},"headline":"Tunisie : les chambres sp\u00e9cialis\u00e9es toujours en panne","datePublished":"2019-10-24T05:51:03+00:00","mainEntityOfPage":{"@id":"https:\/\/www.justiceinfo.net\/fr\/42702-tunisie-chambres-specialisees-en-panne.html"},"wordCount":1337,"commentCount":0,"publisher":{"@id":"https:\/\/www.justiceinfo.net\/fr#organization"},"image":{"@id":"https:\/\/www.justiceinfo.net\/fr\/42702-tunisie-chambres-specialisees-en-panne.html#primaryimage"},"thumbnailUrl":"https:\/\/www.justiceinfo.net\/wp-content\/uploads\/0225884ba9bbbe3b06fa4975cafff433.jpg","articleSection":["Tribunaux nationaux"],"inLanguage":"fr-FR","potentialAction":[{"@type":"CommentAction","name":"Comment","target":["https:\/\/www.justiceinfo.net\/fr\/42702-tunisie-chambres-specialisees-en-panne.html#respond"]}]},{"@type":"WebPage","@id":"https:\/\/www.justiceinfo.net\/fr\/42702-tunisie-chambres-specialisees-en-panne.html","url":"https:\/\/www.justiceinfo.net\/fr\/42702-tunisie-chambres-specialisees-en-panne.html","name":"Tunisie : les chambres sp\u00e9cialis\u00e9es toujours en panne - JusticeInfo.net","isPartOf":{"@id":"https:\/\/www.justiceinfo.net\/fr#website"},"primaryImageOfPage":{"@id":"https:\/\/www.justiceinfo.net\/fr\/42702-tunisie-chambres-specialisees-en-panne.html#primaryimage"},"image":{"@id":"https:\/\/www.justiceinfo.net\/fr\/42702-tunisie-chambres-specialisees-en-panne.html#primaryimage"},"thumbnailUrl":"https:\/\/www.justiceinfo.net\/wp-content\/uploads\/0225884ba9bbbe3b06fa4975cafff433.jpg","datePublished":"2019-10-24T05:51:03+00:00","breadcrumb":{"@id":"https:\/\/www.justiceinfo.net\/fr\/42702-tunisie-chambres-specialisees-en-panne.html#breadcrumb"},"inLanguage":"fr-FR","potentialAction":[{"@type":"ReadAction","target":["https:\/\/www.justiceinfo.net\/fr\/42702-tunisie-chambres-specialisees-en-panne.html"]}]},{"@type":"ImageObject","inLanguage":"fr-FR","@id":"https:\/\/www.justiceinfo.net\/fr\/42702-tunisie-chambres-specialisees-en-panne.html#primaryimage","url":"https:\/\/www.justiceinfo.net\/wp-content\/uploads\/0225884ba9bbbe3b06fa4975cafff433.jpg","contentUrl":"https:\/\/www.justiceinfo.net\/wp-content\/uploads\/0225884ba9bbbe3b06fa4975cafff433.jpg","width":800,"height":565},{"@type":"BreadcrumbList","@id":"https:\/\/www.justiceinfo.net\/fr\/42702-tunisie-chambres-specialisees-en-panne.html#breadcrumb","itemListElement":[{"@type":"ListItem","position":1,"name":"Home","item":"https:\/\/www.justiceinfo.net\/fr"},{"@type":"ListItem","position":2,"name":"Tunisie : les chambres sp\u00e9cialis\u00e9es toujours en panne"}]},{"@type":"WebSite","@id":"https:\/\/www.justiceinfo.net\/fr#website","url":"https:\/\/www.justiceinfo.net\/fr","name":"JusticeInfo.net","description":"La justice doit \u00eatre vue pour \u00eatre rendue","publisher":{"@id":"https:\/\/www.justiceinfo.net\/fr#organization"},"potentialAction":[{"@type":"SearchAction","target":{"@type":"EntryPoint","urlTemplate":"https:\/\/www.justiceinfo.net\/fr?s={search_term_string}"},"query-input":{"@type":"PropertyValueSpecification","valueRequired":true,"valueName":"search_term_string"}}],"inLanguage":"fr-FR"},{"@type":"Organization","@id":"https:\/\/www.justiceinfo.net\/fr#organization","name":"Justice Info","url":"https:\/\/www.justiceinfo.net\/fr","logo":{"@type":"ImageObject","inLanguage":"fr-FR","@id":"https:\/\/www.justiceinfo.net\/fr#\/schema\/logo\/image\/","url":"https:\/\/www.justiceinfo.net\/wp-content\/uploads\/justiceinfo_logo-trans_1200x1200px.png","contentUrl":"https:\/\/www.justiceinfo.net\/wp-content\/uploads\/justiceinfo_logo-trans_1200x1200px.png","width":1199,"height":1200,"caption":"Justice Info"},"image":{"@id":"https:\/\/www.justiceinfo.net\/fr#\/schema\/logo\/image\/"},"sameAs":["https:\/\/www.facebook.com\/JusticeInfo\/","https:\/\/x.com\/justiceinfonet","https:\/\/www.linkedin.com\/company\/justice-info","https:\/\/www.youtube.com\/channel\/UCyCEsARodyuWtkWyhn-e7pA"]},{"@type":"Person","name":"obelhassine","url":"https:\/\/www.justiceinfo.net\/fr\/auteur\/obelhassine"}]}},"_links":{"self":[{"href":"https:\/\/www.justiceinfo.net\/fr\/wp-json\/wp\/v2\/posts\/42702","targetHints":{"allow":["GET"]}}],"collection":[{"href":"https:\/\/www.justiceinfo.net\/fr\/wp-json\/wp\/v2\/posts"}],"about":[{"href":"https:\/\/www.justiceinfo.net\/fr\/wp-json\/wp\/v2\/types\/post"}],"author":[{"embeddable":true,"href":"https:\/\/www.justiceinfo.net\/fr\/wp-json\/wp\/v2\/users\/71"}],"replies":[{"embeddable":true,"href":"https:\/\/www.justiceinfo.net\/fr\/wp-json\/wp\/v2\/comments?post=42702"}],"version-history":[{"count":0,"href":"https:\/\/www.justiceinfo.net\/fr\/wp-json\/wp\/v2\/posts\/42702\/revisions"}],"wp:featuredmedia":[{"embeddable":true,"href":"https:\/\/www.justiceinfo.net\/fr\/wp-json\/wp\/v2\/media\/63410"}],"wp:attachment":[{"href":"https:\/\/www.justiceinfo.net\/fr\/wp-json\/wp\/v2\/media?parent=42702"}],"wp:term":[{"taxonomy":"category","embeddable":true,"href":"https:\/\/www.justiceinfo.net\/fr\/wp-json\/wp\/v2\/categories?post=42702"},{"taxonomy":"post_tag","embeddable":true,"href":"https:\/\/www.justiceinfo.net\/fr\/wp-json\/wp\/v2\/tags?post=42702"},{"taxonomy":"ji_location","embeddable":true,"href":"https:\/\/www.justiceinfo.net\/fr\/wp-json\/wp\/v2\/ji_location?post=42702"}],"curies":[{"name":"wp","href":"https:\/\/api.w.org\/{rel}","templated":true}]}}