{"id":42736,"date":"2019-10-28T07:53:40","date_gmt":"2019-10-28T06:53:40","guid":{"rendered":"https:\/\/www.justiceinfo.net\/42736-gambie-violences-contre-femmes-devant-commission-verite.html"},"modified":"2019-10-28T07:53:40","modified_gmt":"2019-10-28T06:53:40","slug":"gambie-violences-contre-femmes-devant-commission-verite","status":"publish","type":"post","link":"https:\/\/www.justiceinfo.net\/fr\/42736-gambie-violences-contre-femmes-devant-commission-verite.html","title":{"rendered":"Gambie : les violences contre les femmes devant la Commission v\u00e9rit\u00e9"},"content":{"rendered":"<p><strong>La Commission v\u00e9rit\u00e9, r\u00e9conciliation et r\u00e9parations a entam\u00e9 une session sur les violences contre les femmes. Plusieurs victimes ont t\u00e9moign\u00e9 au sujet d'abus, y compris de viols, commis par des agents paramilitaires. Les t\u00e9moignages devraient aussi se concentrer sur l'ancien pr\u00e9sident Jammeh lui-m\u00eame. <\/strong><\/p>\n<p><!--more--><\/p>\n<p>Pendant 22 ans, le principal atout de l'ancien dictateur gambien Yahya Jammeh pour remporter les \u00e9lections et assurer son maintien au pouvoir a \u00e9t\u00e9 la peur. Mais en 2016, cette peur a d\u00e9sert\u00e9 ses adversaires. Les femmes ont \u00e9t\u00e9 un fer de lance de ce changement. Elles en ont pay\u00e9 le prix fort.<\/p>\n<p>Parmi elles se trouvait Fatoumatta K. Jawara, aujourd'hui parlementaire. Le 14 avril 2016, Jawara faisait partie des 26 personnes arr\u00eat\u00e9es pour avoir manifest\u00e9 en faveur d'une \u00ab vraie r\u00e9forme \u00e9lectorale \u00bb. Le groupe \u00e9tait dirig\u00e9 par Ebrima Solo Sandeng, dont la mort en garde \u00e0 vue, \u00e0 la suite de tortures, m\u00e8nera finalement au d\u00e9part forc\u00e9 du pr\u00e9sident Jammeh, en janvier 2017. \"On m'a band\u00e9 les yeux et on m'a emmen\u00e9 dans la salle de torture. Ils ont pris mon \u00e9charpe et m'ont solidement attach\u00e9 le visage au point que je pouvais \u00e0 peine respirer. J'\u00e9tais allong\u00e9 sur la table quand ils m'ont vers\u00e9 de l'eau froide\", raconte Jawara devant la Commission v\u00e9rit\u00e9, r\u00e9conciliation et r\u00e9parations (TRRC) de Gambie, le 22 octobre. \"Ils m'ont frapp\u00e9 \u00e0 plusieurs reprises pendant une longue p\u00e9riode avec quelque chose qui ressemblait \u00e0 un b\u00e2ton parce que c'\u00e9tait dur. Je ne pouvais pas les voir, mais il y en avait peut-\u00eatre une vingtaine qui me frappaient. Ils m'ont tortur\u00e9e avant de me faire sortir de la salle de torture pour faire face \u00e0 un comit\u00e9.\"<\/p>\n<h3>\"Si vous ne parlez pas, nous demanderons \u00e0 ces hommes de vous violer\"<\/h3>\n<p>Sept anciens hauts responsables de l\u2019Agence nationale des renseignements (NIA) sont actuellement jug\u00e9s pour le meurtre de Solo Sandeng et les tortures contre Jawara et d\u2019autres. Le proc\u00e8s est sur le point d\u2019entendre la preuve \u00e0 d\u00e9charge. Divers t\u00e9moignages devant la TRRC ont \u00e9tabli que la torture des d\u00e9tenus \u00e9tait affaire courante dans la Gambie de Jammeh. <a href=\"fr\/commissions-verite\/41753-gambie-le-general-qui-etait-craint-passe-aux-aveux.html\">Alagie Martin, un g\u00e9n\u00e9ral en service dans l'arm\u00e9e gambienne, qui aurait tortur\u00e9 plusieurs d\u00e9tenus<\/a>, l'a exprim\u00e9 ainsi devant la Commission : \"Bien s\u00fbr, si vous ne dites pas la v\u00e9rit\u00e9, nous nous occupons de vous.\" (Martin a \u00e9t\u00e9 suspendu de l'arm\u00e9e apr\u00e8s son t\u00e9moignage.)<\/p>\n<p>Fatoumatta Jawara n'a pas affirm\u00e9 avoir \u00e9t\u00e9 viol\u00e9e, mais elle a dit que des agents de la NIA avaient menac\u00e9 de la violer. Devant le \"comit\u00e9 d'enqu\u00eate\" auquel Jawara a d\u00fb faire face apr\u00e8s avoir \u00e9t\u00e9 tortur\u00e9e, elle a entendu la voix de Sheikh Omar Jeng, commandant des op\u00e9rations \u00e0 la NIA, qui fait partie des personnes actuellement en proc\u00e8s pour le meurtre de Sandeng. \"Il [Sheikh Omar] m'a dit : si tu ne parles pas, je demanderai \u00e0 tous ces hommes ici pr\u00e9sents de te violer\", t\u00e9moigne Jawara. \"C'est \u00e0 ce moment-l\u00e0 que je suis tomb\u00e9e \u00e0 nouveau parce que je ne pouvais plus me tenir debout, \u00e0 cause de douleurs intenses et de blessures. Quand j'ai repris conscience, ils ont commenc\u00e9 \u00e0 me battre pendant une courte p\u00e9riode.\"\u00a0<\/p>\n<p>Jawara raconte qu'elle entend encore ses bourreaux l'appeler dans ses r\u00eaves. \"J'ai subi beaucoup de blessures sur mon corps, y compris le dos, les fesses et les cuisses. Ces blessures me font encore mal. Parfois, quand la douleur reprend, je ne dors pas la nuit. Il y a quelques mois, j'ai \u00e9t\u00e9 admise \u00e0 l'h\u00f4pital de Banjul \u00e0 deux reprises\", explique-t-elle.<\/p>\n<h3>Preuves physiques<\/h3>\n<p>Fatoumatta Camara, membre du Parti d\u00e9mocratique unifi\u00e9 (UDP), le principal parti d'opposition \u00e0 Jammeh, \u00e9tait en d\u00e9tention avec Jawara. Aujourd'hui \u00e2g\u00e9e de 46 ans, elle a comparu devant la TRRC le 24 octobre. Au si\u00e8ge de la NIA, on leur demandait qui les avait parrain\u00e9s et si le chef de leur parti, Ousainou Darboe, faisait partie de la manifestation. Mais toute v\u00e9rit\u00e9 qui n'\u00e9tait pas \"leur v\u00e9rit\u00e9\", raconte-t-elle, \u00e9tait \u00e9cart\u00e9e. \"Ils m'ont battue jusqu'\u00e0 ce que je m'\u00e9vanouisse. Quand j'ai perdu connaissance, ils m'ont asperg\u00e9 d'eau froide. Quand j'ai repris conscience, je me suis retrouv\u00e9e allong\u00e9e sur le sol, quelque part dans les lieux. Je les ai entendus dire 'oh elle est vivante'. Et ils sont revenus et ont recommenc\u00e9 \u00e0 me frapper\u00a0\", t\u00e9moigne Camara. Apr\u00e8s les tortures, elle dit avoir d\u00fb utiliser un fauteuil roulant pour se rendre aux toilettes. Elle ne pouvait plus marcher. \"Je n'ai urin\u00e9 que du sang pendant 15 jours\", dit-elle.<\/p>\n<figure><img decoding=\"async\" title=\"Fatoumatta Camara t\u00e9moigne devant la Commission v\u00e9rit\u00e9 (TRRC) en Gambie\" src=\"media\/Gambia_TRRC-Fatoumatta-Camara_Mustapha-K-DARBOE.jpg\" alt=\"Fatoumatta Camara t\u00e9moigne devant la Commission v\u00e9rit\u00e9 (TRRC) en Gambie\" \/><figcaption>En 2016, durant sa d\u00e9tention, Fatoumatta Camara a \u00e9t\u00e9 victimes de tortures. Elle livre son t\u00e9moignage \u00e0 la Commission v\u00e9rit\u00e9 r\u00e9conciliation et r\u00e9parations (TRRC) gambienne. \u00a9 Mustapha K. DARBOE<\/figcaption><\/figure>\n<p>La TRRC de Gambie a commenc\u00e9 \u00e0 auditionner sur les violences contre les femmes le 14 octobre. Elle a entendu plusieurs cas de torture de femmes en d\u00e9tention et des cas de viols pr\u00e9sum\u00e9s ou soup\u00e7onn\u00e9s, comme dans le cas de Jawara.<\/p>\n<p>Sainabou Camara a particip\u00e9 \u00e0 la manifestation des 10 et 11 avril 2000, lorsque quatorze \u00e9tudiants ont \u00e9t\u00e9 abattus par les forces de s\u00e9curit\u00e9 pour avoir <a href=\"fr\/commissions-verite\/42316-gambie-vingt-ans-apres-les-etudiants-victimes-crient-toujours-justice.html\">protest\u00e9 contre le viol pr\u00e9sum\u00e9 d'une \u00e9tudiante, Binta Manneh, et le meurtre pr\u00e9sum\u00e9 d'un autre, Ebrima Barry<\/a>. Ce jour-l\u00e0, Sainabou Camara est all\u00e9e \u00e0 l'\u00e9cole en ignorant l\u2019existence de la manifestation. Apr\u00e8s l'avoir appris, elle s'y est jointe. Puis elle a \u00e9t\u00e9 arr\u00eat\u00e9e par des paramilitaires. \"Quand ils m'ont captur\u00e9e, ils ont commenc\u00e9 \u00e0 me frapper avec leurs b\u00e2tons. Ils m'ont gifl\u00e9e et m'ont donn\u00e9 des coups de pieds\" en la \"tra\u00eenant\" vers le camp, dit-elle. Arriv\u00e9e au camp paramilitaire de Westfield, \u00e0 environ 15 minutes en voiture de Banjul, Sainabou Camara raconte avoir \u00e9t\u00e9 emmen\u00e9e dans une chambre, o\u00f9 on lui a attach\u00e9 les mains et les jambes et on a commenc\u00e9 \u00e0 la pi\u00e9tiner, y compris sur les parties intimes. Apr\u00e8s un certain temps, elle a perdu conscience.<\/p>\n<p>Une semaine plus tard, quand elle a repris ses esprits, elle \u00e9tait \u00e0 l\u2019h\u00f4pital Edward Francis. \"Mon visage et mes parties intimes \u00e9taient enfl\u00e9s\", dit-elle. Elle ne peut pas dire si elle a \u00e9t\u00e9 viol\u00e9e. Cependant, les blessures sur ses cuisses et ses organes sexuels, \u00e0 l'int\u00e9rieur et \u00e0 l'ext\u00e9rieur, correspondent \u00e0 celles du viol. \"Je ne sais pas ce qui a caus\u00e9 les blessures dans ma partie intime,\" dit-elle. \"Je vis toujours avec la douleur.\"<\/p>\n<figure><img decoding=\"async\" title=\"Sainabou Camara t\u00e9moigne devant la Commission v\u00e9rit\u00e9 (TRRC) en Gambie\" src=\"media\/Gambia_Sainabou-Camara-TRRC_Mustapha-K-DARBOE.jpg\" alt=\"Sainabou Camara t\u00e9moigne devant la Commission v\u00e9rit\u00e9 (TRRC) en Gambie\" \/><figcaption>Arr\u00eat\u00e9e en avril 2000, Sainabou Camara a \u00e9t\u00e9 tortur\u00e9e et viol\u00e9e durant sa captivit\u00e9. Son t\u00e9moignage devant la Commission v\u00e9rit\u00e9 r\u00e9conciliation et r\u00e9parations (TRRC) gambienne alourdit les charges contre le r\u00e9gime de Yahya Jammeh. \u00a9 Mustapha K. DARBOE<\/figcaption><\/figure>\n<h3>Prochain suspect, Jammeh lui-m\u00eame<\/h3>\n<p>Bintou Nyabally, membre de l'UDP, a \u00e9t\u00e9 arr\u00eat\u00e9e deux fois en mai 2016. La deuxi\u00e8me fois, le 17 mai, elle dit avoir \u00e9t\u00e9 emmen\u00e9e dans une petite pi\u00e8ce par deux officiers paramilitaires qui l'ont viol\u00e9e, dont un certain Sanneh. \"Ils m\u2019ont tous les deux forc\u00e9e et ils portaient tous les deux des masques\", raconte Nyabally devant la TRRC. \"Le lendemain, j'ai vomi et on nous a rel\u00e2ch\u00e9s pour rentrer chez nous\", dit-elle.<\/p>\n<figure><img decoding=\"async\" title=\"Bintou Nyabally t\u00e9moigne devant la Commission v\u00e9rit\u00e9 (TRRC) en Gambie\" src=\"media\/Gambia_Bintou-Nyabally-TRRC_Mustapha-K-DARBOE.jpg\" alt=\"Bintou Nyabally t\u00e9moigne devant la Commission v\u00e9rit\u00e9 (TRRC) en Gambie\" \/><figcaption>Bintou Nyabally a \u00e9t\u00e9 arr\u00eat\u00e9 deux fois. La seconde, elle aurait \u00e9t\u00e9 viol\u00e9e par deux paramilitaires, dit-elle devant la Commission v\u00e9rit\u00e9, r\u00e9conciliation et r\u00e9parations (TRRC) gambienne. \u00a9 Mustapha K. DARBOE<\/figcaption><\/figure>\n<p>La TRRC devrait \u00e9galement entendre parler d'all\u00e9gations directes contre l'ancien pr\u00e9sident Jammeh pour viols. En juin dernier, des organisations de d\u00e9fense des droits humains ont publi\u00e9 un rapport dans lequel elles portaient de telles accusations contre Jammeh. Cela comprenait le t\u00e9moignage de Fatou Toufah Jallow, une ancienne reine de beaut\u00e9 gambienne qui est attendue devant la TRRC. Le rapport all\u00e8gue \u00e9galement que Jammeh a eu recours \u00e0 des agents du protocole pour coucher avec plusieurs femmes.<\/p>\n<p>Yusupha Sanneh a \u00e9t\u00e9 une ordonnance attach\u00e9e \u00e0 Jammeh pendant dix ans. Il a \u00e9t\u00e9 arr\u00eat\u00e9 aux \u00c9tats-Unis en d\u00e9cembre 2017 pour son implication dans les escadrons de Jammeh. Devant la TRRC, Sanneh n'a confirm\u00e9 aucune all\u00e9gation de viol, mais il a dit avoir vu plusieurs filles \u00eatre amen\u00e9es chez Jammeh. \"Il invitait des filles pour des grillades. Certaines venaient aussi pour faire du th\u00e9 vert. Normalement, quand les gar\u00e7ons pr\u00e9paraient l\u2019attaya, nous le r\u00e9cup\u00e9rions et le donnions aux serviteurs. Mais quand c\u2019\u00e9taient les dames qui le pr\u00e9paraient, elles le lui apportaient. Il disait que nous ne devions pas les escorter. Parfois, elles y restaient entre 30 et 40 minutes\", raconte Sanneh. Certaines de ces filles \u00e9taient des soldats et des membres du protocole, selon Sanneh. Il a dress\u00e9 une liste de neuf noms dont il a dit qu\u2019elles avaient pr\u00e9par\u00e9 l'attaya pour Jammeh. \"Parfois, nous recevions des filles \u00e0 la r\u00e9sidence [\u00e0 Kanilai, le village de Jammeh], la nuit. Parfois, cela se produisait \u00e0 2, 3, 4 ou m\u00eame 5 heures du matin\", a relat\u00e9 Sanneh.<\/p>\n<div class=\"content-encadre\" style=\"margin-top: 30px;\">\n<p><strong>PROC\u00c8S ET D\u00c9N\u00c9GATIONS SUR UN MEURTRE POLITIQUE <\/strong><\/p>\n<p>Edward Singhateh, qui fut la deuxi\u00e8me personne la plus influente au sein du conseil militaire ayant gouvern\u00e9 la Gambie apr\u00e8s le coup d'\u00c9tat de 1994, a ni\u00e9 toute implication dans le meurtre de l'ancien ministre des Finances, Ousman Koro Ceesay.<\/p>\n<p>En juin 1995, les restes carbonis\u00e9s de Koro Ceesay ont \u00e9t\u00e9 retrouv\u00e9s dans une voiture, le long de la Jambur Highway. Il aurait \u00e9t\u00e9 tu\u00e9 apr\u00e8s avoir laiss\u00e9 le pr\u00e9sident Yahya Jammeh \u00e0 l'a\u00e9roport. Des t\u00e9moignages devant la TRRC ont impliqu\u00e9 Singhateh, qui \u00e9tait alors vice-pr\u00e9sident du Conseil provisoire de gouvernement des forces arm\u00e9es. Le 28 f\u00e9vrier, un ancien soldat, Alagie Kanyi, a avou\u00e9 avoir tu\u00e9 Koro Ceesay. Il a dit que le lieu du crime \u00e9tait la maison de l'ancien ministre des Pouvoirs locaux, Yankuba Touray, et que les architectes de ce meurtre \u00e9taient Edward Singhateh, son fr\u00e8re Peter Singhateh, et Yankuba Touray.<\/p>\n<p>Touray a comparu devant la TRRC le 26 juin, mais il a refus\u00e9 de t\u00e9moigner. Il a \u00e9t\u00e9 imm\u00e9diatement arr\u00eat\u00e9 et est actuellement jug\u00e9 pour ce meurtre. Peter Singhateh doit encore compara\u00eetre devant la Commission.<\/p>\n<p>Mustapha Marong, ministre de la Justice \u00e0 l'\u00e9poque, a t\u00e9moign\u00e9 en avril dernier qu'il croyait que la mort de Koro Ceesay \"\u00e9tait li\u00e9e aux 35 millions de dollars que le capitaine Ebou Jalo avait n\u00e9goci\u00e9s au nom du gouvernement avec la Exim Bank de Taiwan\". Il a expliqu\u00e9 qu'il \u00e9tait inhabituel et non conforme \u00e0 la proc\u00e9dure qu'un tel accord de pr\u00eat soit n\u00e9goci\u00e9 par Jalo et non par le ministre des Finances. On soup\u00e7onne que Koro Ceesay n'aurait pas approuv\u00e9 la fa\u00e7on dont l'argent allait \u00eatre utilis\u00e9.<\/p>\n<p>Deux aides d'Edward Singhateh, Lamin S. Marong et Lamin Fatty, ont \u00e9galement t\u00e9moign\u00e9 qu'ils avaient d\u00e9pos\u00e9 leur patron chez les Yankuba le jour du meurtre. Ahmed Jangom, une aide de Yankuba, a dit avoir vu Edward Singhateh chez Touray ce jour-l\u00e0. Lamin Ndure, le chauffeur de Touray, a \u00e9galement d\u00e9clar\u00e9 avoir d\u00e9pos\u00e9 la femme de Touray chez Edward Singhateh, sugg\u00e9rant que la \"sc\u00e8ne du crime\" \u00e9tait en cours de pr\u00e9paration pour le \"meurtre\".<\/p>\n<p>La semaine derni\u00e8re, cependant, Edward Singhateh a ni\u00e9 savoir quoi que ce soit sur la mort de Koro Ceesay. Son alibi \u00e9tait qu'il \u00e9tait chez lui, de retour de l'a\u00e9roport. Le d\u00e9ni de Singhateh a pourtant manqu\u00e9 d\u2019en convaincre certains. Madi Jobarteh, un important militant des droits humains, a d\u00e9clar\u00e9 que Singhateh devrait \u00eatre arr\u00eat\u00e9 pour avoir tent\u00e9 d'induire la TRRC en erreur.<\/p>\n<\/div>\n","protected":false},"excerpt":{"rendered":"<p>La Commission v\u00e9rit\u00e9, r\u00e9conciliation et r\u00e9parations a entam\u00e9 une session sur les violences contre les femmes. Plusieurs victimes ont t\u00e9moign\u00e9 au sujet d'abus, y compris de viols, commis par des agents paramilitaires. Les t\u00e9moignages devraient aussi se concentrer sur l'ancien pr\u00e9sident Jammeh lui-m\u00eame.<\/p>\n","protected":false},"author":73,"featured_media":65057,"comment_status":"open","ping_status":"closed","sticky":false,"template":"","format":"standard","meta":{"_acf_changed":false,"footnotes":""},"categories":[548],"tags":[],"ji_location":[2508],"class_list":["post-42736","post","type-post","status-publish","format-standard","has-post-thumbnail","hentry","category-commissions-verite","ji_location-gambie"],"acf":[],"yoast_head":"<!-- This site is optimized with the Yoast SEO Premium plugin v25.3.1 (Yoast SEO v25.3.1) - https:\/\/yoast.com\/wordpress\/plugins\/seo\/ -->\n<title>Gambie : les violences contre les femmes devant la Commission v\u00e9rit\u00e9 - JusticeInfo.net<\/title>\n<meta name=\"robots\" content=\"index, follow, max-snippet:-1, max-image-preview:large, max-video-preview:-1\" \/>\n<link rel=\"canonical\" href=\"https:\/\/www.justiceinfo.net\/fr\/42736-gambie-violences-contre-femmes-devant-commission-verite.html\" \/>\n<meta property=\"og:locale\" content=\"fr_FR\" \/>\n<meta property=\"og:type\" content=\"article\" \/>\n<meta property=\"og:title\" content=\"Gambie : les violences contre les femmes devant la Commission v\u00e9rit\u00e9\" \/>\n<meta property=\"og:description\" content=\"La Commission v\u00e9rit\u00e9, r\u00e9conciliation et r\u00e9parations a entam\u00e9 une session sur les violences contre les femmes. Plusieurs victimes ont t\u00e9moign\u00e9 au sujet d&#039;abus, y compris de viols, commis par des agents paramilitaires. Les t\u00e9moignages devraient aussi se concentrer sur l&#039;ancien pr\u00e9sident Jammeh lui-m\u00eame.\" \/>\n<meta property=\"og:url\" content=\"https:\/\/www.justiceinfo.net\/fr\/42736-gambie-violences-contre-femmes-devant-commission-verite.html\" \/>\n<meta property=\"og:site_name\" content=\"JusticeInfo.net\" \/>\n<meta property=\"article:publisher\" content=\"https:\/\/www.facebook.com\/JusticeInfo\/\" \/>\n<meta property=\"article:published_time\" content=\"2019-10-28T06:53:40+00:00\" \/>\n<meta property=\"og:image\" content=\"https:\/\/www.justiceinfo.net\/wp-content\/uploads\/4fb4de5bd8c1414635e68b6728432904.jpg\" \/>\n\t<meta property=\"og:image:width\" content=\"800\" \/>\n\t<meta property=\"og:image:height\" content=\"534\" \/>\n\t<meta property=\"og:image:type\" content=\"image\/jpeg\" \/>\n<meta name=\"author\" content=\"Mustapha K. Darboe\" \/>\n<meta name=\"twitter:card\" content=\"summary_large_image\" \/>\n<meta name=\"twitter:creator\" content=\"@justiceinfonet\" \/>\n<meta name=\"twitter:site\" content=\"@justiceinfonet\" \/>\n<meta name=\"twitter:label1\" content=\"\u00c9crit par\" \/>\n\t<meta name=\"twitter:data1\" content=\"Mustapha K. Darboe\" \/>\n\t<meta name=\"twitter:label2\" content=\"Dur\u00e9e de lecture estim\u00e9e\" \/>\n\t<meta name=\"twitter:data2\" content=\"10 minutes\" \/>\n<script type=\"application\/ld+json\" class=\"yoast-schema-graph\">{\"@context\":\"https:\/\/schema.org\",\"@graph\":[{\"@type\":\"NewsArticle\",\"@id\":\"https:\/\/www.justiceinfo.net\/fr\/42736-gambie-violences-contre-femmes-devant-commission-verite.html#article\",\"isPartOf\":{\"@id\":\"https:\/\/www.justiceinfo.net\/fr\/42736-gambie-violences-contre-femmes-devant-commission-verite.html\"},\"author\":{\"name\":\"mdarboe\",\"@id\":\"https:\/\/www.justiceinfo.net\/fr#\/schema\/person\/87683ef8eb6db0f513bc2be3db6f3012\"},\"headline\":\"Gambie : les violences contre les femmes devant la Commission v\u00e9rit\u00e9\",\"datePublished\":\"2019-10-28T06:53:40+00:00\",\"mainEntityOfPage\":{\"@id\":\"https:\/\/www.justiceinfo.net\/fr\/42736-gambie-violences-contre-femmes-devant-commission-verite.html\"},\"wordCount\":2035,\"commentCount\":0,\"publisher\":{\"@id\":\"https:\/\/www.justiceinfo.net\/fr#organization\"},\"image\":{\"@id\":\"https:\/\/www.justiceinfo.net\/fr\/42736-gambie-violences-contre-femmes-devant-commission-verite.html#primaryimage\"},\"thumbnailUrl\":\"https:\/\/www.justiceinfo.net\/wp-content\/uploads\/4fb4de5bd8c1414635e68b6728432904.jpg\",\"articleSection\":[\"Commissions v\u00e9rit\u00e9\"],\"inLanguage\":\"fr-FR\",\"potentialAction\":[{\"@type\":\"CommentAction\",\"name\":\"Comment\",\"target\":[\"https:\/\/www.justiceinfo.net\/fr\/42736-gambie-violences-contre-femmes-devant-commission-verite.html#respond\"]}]},{\"@type\":\"WebPage\",\"@id\":\"https:\/\/www.justiceinfo.net\/fr\/42736-gambie-violences-contre-femmes-devant-commission-verite.html\",\"url\":\"https:\/\/www.justiceinfo.net\/fr\/42736-gambie-violences-contre-femmes-devant-commission-verite.html\",\"name\":\"Gambie : les violences contre les femmes devant la Commission v\u00e9rit\u00e9 - JusticeInfo.net\",\"isPartOf\":{\"@id\":\"https:\/\/www.justiceinfo.net\/fr#website\"},\"primaryImageOfPage\":{\"@id\":\"https:\/\/www.justiceinfo.net\/fr\/42736-gambie-violences-contre-femmes-devant-commission-verite.html#primaryimage\"},\"image\":{\"@id\":\"https:\/\/www.justiceinfo.net\/fr\/42736-gambie-violences-contre-femmes-devant-commission-verite.html#primaryimage\"},\"thumbnailUrl\":\"https:\/\/www.justiceinfo.net\/wp-content\/uploads\/4fb4de5bd8c1414635e68b6728432904.jpg\",\"datePublished\":\"2019-10-28T06:53:40+00:00\",\"breadcrumb\":{\"@id\":\"https:\/\/www.justiceinfo.net\/fr\/42736-gambie-violences-contre-femmes-devant-commission-verite.html#breadcrumb\"},\"inLanguage\":\"fr-FR\",\"potentialAction\":[{\"@type\":\"ReadAction\",\"target\":[\"https:\/\/www.justiceinfo.net\/fr\/42736-gambie-violences-contre-femmes-devant-commission-verite.html\"]}]},{\"@type\":\"ImageObject\",\"inLanguage\":\"fr-FR\",\"@id\":\"https:\/\/www.justiceinfo.net\/fr\/42736-gambie-violences-contre-femmes-devant-commission-verite.html#primaryimage\",\"url\":\"https:\/\/www.justiceinfo.net\/wp-content\/uploads\/4fb4de5bd8c1414635e68b6728432904.jpg\",\"contentUrl\":\"https:\/\/www.justiceinfo.net\/wp-content\/uploads\/4fb4de5bd8c1414635e68b6728432904.jpg\",\"width\":800,\"height\":534},{\"@type\":\"BreadcrumbList\",\"@id\":\"https:\/\/www.justiceinfo.net\/fr\/42736-gambie-violences-contre-femmes-devant-commission-verite.html#breadcrumb\",\"itemListElement\":[{\"@type\":\"ListItem\",\"position\":1,\"name\":\"Home\",\"item\":\"https:\/\/www.justiceinfo.net\/fr\"},{\"@type\":\"ListItem\",\"position\":2,\"name\":\"Gambie : les violences contre les femmes devant la Commission v\u00e9rit\u00e9\"}]},{\"@type\":\"WebSite\",\"@id\":\"https:\/\/www.justiceinfo.net\/fr#website\",\"url\":\"https:\/\/www.justiceinfo.net\/fr\",\"name\":\"JusticeInfo.net\",\"description\":\"La justice doit \u00eatre vue pour \u00eatre rendue\",\"publisher\":{\"@id\":\"https:\/\/www.justiceinfo.net\/fr#organization\"},\"potentialAction\":[{\"@type\":\"SearchAction\",\"target\":{\"@type\":\"EntryPoint\",\"urlTemplate\":\"https:\/\/www.justiceinfo.net\/fr?s={search_term_string}\"},\"query-input\":{\"@type\":\"PropertyValueSpecification\",\"valueRequired\":true,\"valueName\":\"search_term_string\"}}],\"inLanguage\":\"fr-FR\"},{\"@type\":\"Organization\",\"@id\":\"https:\/\/www.justiceinfo.net\/fr#organization\",\"name\":\"Justice Info\",\"url\":\"https:\/\/www.justiceinfo.net\/fr\",\"logo\":{\"@type\":\"ImageObject\",\"inLanguage\":\"fr-FR\",\"@id\":\"https:\/\/www.justiceinfo.net\/fr#\/schema\/logo\/image\/\",\"url\":\"https:\/\/www.justiceinfo.net\/wp-content\/uploads\/justiceinfo_logo-trans_1200x1200px.png\",\"contentUrl\":\"https:\/\/www.justiceinfo.net\/wp-content\/uploads\/justiceinfo_logo-trans_1200x1200px.png\",\"width\":1199,\"height\":1200,\"caption\":\"Justice Info\"},\"image\":{\"@id\":\"https:\/\/www.justiceinfo.net\/fr#\/schema\/logo\/image\/\"},\"sameAs\":[\"https:\/\/www.facebook.com\/JusticeInfo\/\",\"https:\/\/x.com\/justiceinfonet\",\"https:\/\/www.linkedin.com\/company\/justice-info\",\"https:\/\/www.youtube.com\/channel\/UCyCEsARodyuWtkWyhn-e7pA\"]},{\"@type\":\"Person\",\"name\":\"Mustapha K. Darboe\",\"url\":\"https:\/\/www.justiceinfo.net\/fr\/auteur\/mdarboe\"}]}<\/script>\n<!-- \/ Yoast SEO Premium plugin. -->","yoast_head_json":{"title":"Gambie : les violences contre les femmes devant la Commission v\u00e9rit\u00e9 - JusticeInfo.net","robots":{"index":"index","follow":"follow","max-snippet":"max-snippet:-1","max-image-preview":"max-image-preview:large","max-video-preview":"max-video-preview:-1"},"canonical":"https:\/\/www.justiceinfo.net\/fr\/42736-gambie-violences-contre-femmes-devant-commission-verite.html","og_locale":"fr_FR","og_type":"article","og_title":"Gambie : les violences contre les femmes devant la Commission v\u00e9rit\u00e9","og_description":"La Commission v\u00e9rit\u00e9, r\u00e9conciliation et r\u00e9parations a entam\u00e9 une session sur les violences contre les femmes. Plusieurs victimes ont t\u00e9moign\u00e9 au sujet d'abus, y compris de viols, commis par des agents paramilitaires. Les t\u00e9moignages devraient aussi se concentrer sur l'ancien pr\u00e9sident Jammeh lui-m\u00eame.","og_url":"https:\/\/www.justiceinfo.net\/fr\/42736-gambie-violences-contre-femmes-devant-commission-verite.html","og_site_name":"JusticeInfo.net","article_publisher":"https:\/\/www.facebook.com\/JusticeInfo\/","article_published_time":"2019-10-28T06:53:40+00:00","og_image":[{"width":800,"height":534,"url":"https:\/\/www.justiceinfo.net\/wp-content\/uploads\/4fb4de5bd8c1414635e68b6728432904.jpg","type":"image\/jpeg"}],"author":"Mustapha K. Darboe","twitter_card":"summary_large_image","twitter_creator":"@justiceinfonet","twitter_site":"@justiceinfonet","twitter_misc":{"\u00c9crit par":"Mustapha K. Darboe","Dur\u00e9e de lecture estim\u00e9e":"10 minutes"},"schema":{"@context":"https:\/\/schema.org","@graph":[{"@type":"NewsArticle","@id":"https:\/\/www.justiceinfo.net\/fr\/42736-gambie-violences-contre-femmes-devant-commission-verite.html#article","isPartOf":{"@id":"https:\/\/www.justiceinfo.net\/fr\/42736-gambie-violences-contre-femmes-devant-commission-verite.html"},"author":{"name":"mdarboe","@id":"https:\/\/www.justiceinfo.net\/fr#\/schema\/person\/87683ef8eb6db0f513bc2be3db6f3012"},"headline":"Gambie : les violences contre les femmes devant la Commission v\u00e9rit\u00e9","datePublished":"2019-10-28T06:53:40+00:00","mainEntityOfPage":{"@id":"https:\/\/www.justiceinfo.net\/fr\/42736-gambie-violences-contre-femmes-devant-commission-verite.html"},"wordCount":2035,"commentCount":0,"publisher":{"@id":"https:\/\/www.justiceinfo.net\/fr#organization"},"image":{"@id":"https:\/\/www.justiceinfo.net\/fr\/42736-gambie-violences-contre-femmes-devant-commission-verite.html#primaryimage"},"thumbnailUrl":"https:\/\/www.justiceinfo.net\/wp-content\/uploads\/4fb4de5bd8c1414635e68b6728432904.jpg","articleSection":["Commissions v\u00e9rit\u00e9"],"inLanguage":"fr-FR","potentialAction":[{"@type":"CommentAction","name":"Comment","target":["https:\/\/www.justiceinfo.net\/fr\/42736-gambie-violences-contre-femmes-devant-commission-verite.html#respond"]}]},{"@type":"WebPage","@id":"https:\/\/www.justiceinfo.net\/fr\/42736-gambie-violences-contre-femmes-devant-commission-verite.html","url":"https:\/\/www.justiceinfo.net\/fr\/42736-gambie-violences-contre-femmes-devant-commission-verite.html","name":"Gambie : les violences contre les femmes devant la Commission v\u00e9rit\u00e9 - JusticeInfo.net","isPartOf":{"@id":"https:\/\/www.justiceinfo.net\/fr#website"},"primaryImageOfPage":{"@id":"https:\/\/www.justiceinfo.net\/fr\/42736-gambie-violences-contre-femmes-devant-commission-verite.html#primaryimage"},"image":{"@id":"https:\/\/www.justiceinfo.net\/fr\/42736-gambie-violences-contre-femmes-devant-commission-verite.html#primaryimage"},"thumbnailUrl":"https:\/\/www.justiceinfo.net\/wp-content\/uploads\/4fb4de5bd8c1414635e68b6728432904.jpg","datePublished":"2019-10-28T06:53:40+00:00","breadcrumb":{"@id":"https:\/\/www.justiceinfo.net\/fr\/42736-gambie-violences-contre-femmes-devant-commission-verite.html#breadcrumb"},"inLanguage":"fr-FR","potentialAction":[{"@type":"ReadAction","target":["https:\/\/www.justiceinfo.net\/fr\/42736-gambie-violences-contre-femmes-devant-commission-verite.html"]}]},{"@type":"ImageObject","inLanguage":"fr-FR","@id":"https:\/\/www.justiceinfo.net\/fr\/42736-gambie-violences-contre-femmes-devant-commission-verite.html#primaryimage","url":"https:\/\/www.justiceinfo.net\/wp-content\/uploads\/4fb4de5bd8c1414635e68b6728432904.jpg","contentUrl":"https:\/\/www.justiceinfo.net\/wp-content\/uploads\/4fb4de5bd8c1414635e68b6728432904.jpg","width":800,"height":534},{"@type":"BreadcrumbList","@id":"https:\/\/www.justiceinfo.net\/fr\/42736-gambie-violences-contre-femmes-devant-commission-verite.html#breadcrumb","itemListElement":[{"@type":"ListItem","position":1,"name":"Home","item":"https:\/\/www.justiceinfo.net\/fr"},{"@type":"ListItem","position":2,"name":"Gambie : les violences contre les femmes devant la Commission v\u00e9rit\u00e9"}]},{"@type":"WebSite","@id":"https:\/\/www.justiceinfo.net\/fr#website","url":"https:\/\/www.justiceinfo.net\/fr","name":"JusticeInfo.net","description":"La justice doit \u00eatre vue pour \u00eatre rendue","publisher":{"@id":"https:\/\/www.justiceinfo.net\/fr#organization"},"potentialAction":[{"@type":"SearchAction","target":{"@type":"EntryPoint","urlTemplate":"https:\/\/www.justiceinfo.net\/fr?s={search_term_string}"},"query-input":{"@type":"PropertyValueSpecification","valueRequired":true,"valueName":"search_term_string"}}],"inLanguage":"fr-FR"},{"@type":"Organization","@id":"https:\/\/www.justiceinfo.net\/fr#organization","name":"Justice Info","url":"https:\/\/www.justiceinfo.net\/fr","logo":{"@type":"ImageObject","inLanguage":"fr-FR","@id":"https:\/\/www.justiceinfo.net\/fr#\/schema\/logo\/image\/","url":"https:\/\/www.justiceinfo.net\/wp-content\/uploads\/justiceinfo_logo-trans_1200x1200px.png","contentUrl":"https:\/\/www.justiceinfo.net\/wp-content\/uploads\/justiceinfo_logo-trans_1200x1200px.png","width":1199,"height":1200,"caption":"Justice Info"},"image":{"@id":"https:\/\/www.justiceinfo.net\/fr#\/schema\/logo\/image\/"},"sameAs":["https:\/\/www.facebook.com\/JusticeInfo\/","https:\/\/x.com\/justiceinfonet","https:\/\/www.linkedin.com\/company\/justice-info","https:\/\/www.youtube.com\/channel\/UCyCEsARodyuWtkWyhn-e7pA"]},{"@type":"Person","name":"Mustapha K. Darboe","url":"https:\/\/www.justiceinfo.net\/fr\/auteur\/mdarboe"}]}},"_links":{"self":[{"href":"https:\/\/www.justiceinfo.net\/fr\/wp-json\/wp\/v2\/posts\/42736","targetHints":{"allow":["GET"]}}],"collection":[{"href":"https:\/\/www.justiceinfo.net\/fr\/wp-json\/wp\/v2\/posts"}],"about":[{"href":"https:\/\/www.justiceinfo.net\/fr\/wp-json\/wp\/v2\/types\/post"}],"author":[{"embeddable":true,"href":"https:\/\/www.justiceinfo.net\/fr\/wp-json\/wp\/v2\/users\/73"}],"replies":[{"embeddable":true,"href":"https:\/\/www.justiceinfo.net\/fr\/wp-json\/wp\/v2\/comments?post=42736"}],"version-history":[{"count":0,"href":"https:\/\/www.justiceinfo.net\/fr\/wp-json\/wp\/v2\/posts\/42736\/revisions"}],"wp:featuredmedia":[{"embeddable":true,"href":"https:\/\/www.justiceinfo.net\/fr\/wp-json\/wp\/v2\/media\/65057"}],"wp:attachment":[{"href":"https:\/\/www.justiceinfo.net\/fr\/wp-json\/wp\/v2\/media?parent=42736"}],"wp:term":[{"taxonomy":"category","embeddable":true,"href":"https:\/\/www.justiceinfo.net\/fr\/wp-json\/wp\/v2\/categories?post=42736"},{"taxonomy":"post_tag","embeddable":true,"href":"https:\/\/www.justiceinfo.net\/fr\/wp-json\/wp\/v2\/tags?post=42736"},{"taxonomy":"ji_location","embeddable":true,"href":"https:\/\/www.justiceinfo.net\/fr\/wp-json\/wp\/v2\/ji_location?post=42736"}],"curies":[{"name":"wp","href":"https:\/\/api.w.org\/{rel}","templated":true}]}}