{"id":42870,"date":"2019-11-12T07:55:23","date_gmt":"2019-11-12T06:55:23","guid":{"rendered":"https:\/\/www.justiceinfo.net\/42870-seychelles-commission-verite-coup-etat-1977.html"},"modified":"2019-11-12T07:55:23","modified_gmt":"2019-11-12T06:55:23","slug":"seychelles-commission-verite-coup-etat-1977","status":"publish","type":"post","link":"https:\/\/www.justiceinfo.net\/fr\/42870-seychelles-commission-verite-coup-etat-1977.html","title":{"rendered":"Seychelles : la Commission v\u00e9rit\u00e9 se penche sur le coup d'Etat de 1977"},"content":{"rendered":"<p><strong>Le 5 novembre, l'ancien pr\u00e9sident des Seychelles, James Michel, a t\u00e9moign\u00e9 sur le coup d'\u00c9tat auquel il a particip\u00e9, le 5 juin 1977. Sa d\u00e9position a eu lieu devant la Commission v\u00e9rit\u00e9, r\u00e9conciliation et de l\u2019unit\u00e9 nationale. Cette commission dispose de trois ans pour faire la lumi\u00e8re sur les ann\u00e9es du parti unique. <\/strong><\/p>\n<p><!--more--><\/p>\n<p>\"Je n'ai pas peur de la v\u00e9rit\u00e9 et je n'ai rien \u00e0 cacher malgr\u00e9 les mensonges et les rumeurs contraires sur les r\u00e9seaux sociaux\", d\u00e9clare James Michel, le 5 novembre, devant la Commission v\u00e9rit\u00e9, r\u00e9conciliation et de l\u2019unit\u00e9 nationale (CVRUN). Le t\u00e9moignage de l'ancien pr\u00e9sident des \u00eeles Seychelles \u00e9tait tr\u00e8s attendu car il avait \u00e9t\u00e9 un acteur cl\u00e9 dans le coup d'\u00c9tat du 5 juin 1977.<\/p>\n<p>Cr\u00e9\u00e9e en mai 2019, la Commission v\u00e9rit\u00e9, compos\u00e9e de sept membres, entend les plaintes sur les violations des droits de l'homme commises sur l\u2019archipel \u00e0 la suite de ce coup d'\u00c9tat, men\u00e9 par le premier ministre de l'\u00e9poque, France-Albert Ren\u00e9, contre le pr\u00e9sident James Mancham. Ren\u00e9, d\u00e9c\u00e9d\u00e9 en f\u00e9vrier dernier, a instaur\u00e9 le parti unique et a \u00e9t\u00e9 pr\u00e9sident des Seychelles entre 1977 et 2004. Michel l'a remplac\u00e9 de 2004 \u00e0 2016. La d\u00e9mocratie multipartite a \u00e9t\u00e9 r\u00e9tablie en 1993. Le mandat de la commission est de faire la lumi\u00e8re sur les \u00e9v\u00e9nements qui ont men\u00e9 au coup d'\u00c9tat et \u00e0 ses cons\u00e9quences jusqu'au retour au multipartisme. Les sessions se d\u00e9roulent sur une p\u00e9riode de dix jours, tous les mois, depuis septembre, et sont diffus\u00e9es en direct \u00e0 la t\u00e9l\u00e9vision nationale et en streaming en ligne.<\/p>\n<p><span style=\"boorder: 1px solid #ccc;\"><div class=\"articleLink articleLink--editorRecommanded articleLink--textInImage articleLink--textTop\" style=\"\">\r\n\t\t\t\t\t\r\n\t\t\t<div class=\"articleLinkSurTitle\">Recommand\u00e9 par la r\u00e9daction<\/div>\r\n\t\t\t<a class=\"articleLinkImageLink\" href=\"https:\/\/www.justiceinfo.net\/fr\/41374-seychelles-la-verite-sur-le-paradis.html\"><div class=\"articleLinkImageContainer \"><img loading=\"lazy\" decoding=\"async\" width=\"540\" height=\"360\" src=\"https:\/\/www.justiceinfo.net\/wp-content\/uploads\/4b644a809f42da774b9619dd227a4612-540x360.jpg\" class=\"articleLinkImage backgroundImageTag w-100 wp-post-image\" alt=\"\" srcset=\"\" sizes=\"auto, (max-width: 540px) 100vw, 540px\" \/><\/div><\/a>\r\n\t\t\t<a href=\"https:\/\/www.justiceinfo.net\/fr\/41374-seychelles-la-verite-sur-le-paradis.html\" class=\"articleLinkTitle articleLinkTitle--default\">\r\n\t\t\tSeychelles, la v\u00e9rit\u00e9 sur le paradis\r\n\t\t<\/a>\r\n\t\t\r\n\t\t\t\t<\/div><\/span><\/p>\n<h3>\"Il \u00e9tait n\u00e9cessaire d'apporter un changement radical\"<\/h3>\n<p>Pour sa premi\u00e8re comparution devant la CVRUN, le t\u00e9moignage de James Michel s'est concentr\u00e9 sur son r\u00f4le le jour du coup d'\u00c9tat. <a href=\"https:\/\/youtu.be\/7WGojnRhJgs\" target=\"_blank\" rel=\"noopener noreferrer\">Il a t\u00e9moign\u00e9 par liaison vid\u00e9o<\/a> depuis Abu Dhabi, o\u00f9 il r\u00e9side actuellement. Dans une d\u00e9claration lue avant de r\u00e9pondre aux questions des commissaires, Michel explique avoir d\u00e9cid\u00e9 de se pr\u00e9senter de son plein gr\u00e9, qu'il n'a pas \u00e9t\u00e9 contraint de compara\u00eetre devant la commission et qu'il n'a aucun agenda secret. Il dit vouloir laver son nom. Et explique \u00e9galement avoir opt\u00e9 pour la t\u00e9l\u00e9conf\u00e9rence pour ne pas retarder les travaux de la commission.<\/p>\n<p>D'embl\u00e9e, il invite tous ceux souhaitant conna\u00eetre son compte rendu complet du coup d'\u00c9tat \u00e0 lire son livre \"Horizons lointains\", publi\u00e9 en 2010. Puis, prenant la d\u00e9fense du coup d\u2019\u00c9tat, il d\u00e9clare qu'apr\u00e8s l'ind\u00e9pendance du pays par rapport \u00e0 la Grande-Bretagne en 1976, peu de choses avaient chang\u00e9 aux Seychelles. \"Je pense qu'il \u00e9tait n\u00e9cessaire de mener une action qui apporterait un changement radical et de nombreux avantages, y compris la justice sociale pour tous. C'est gr\u00e2ce \u00e0 ce coup d'\u00c9tat que des centaines de Seychellois sont aujourd'hui propri\u00e9taires et poss\u00e8dent leur propre maison. La majorit\u00e9 des propri\u00e9t\u00e9s appartenaient \u00e0 une cinquantaine de grandes familles. Nous avons l'\u00e9galit\u00e9 des chances pour tous, l'acc\u00e8s \u00e0 l'\u00e9ducation et \u00e0 la sant\u00e9 pour tous. C'est gr\u00e2ce au coup d'Etat qu'un syst\u00e8me de classes a \u00e9t\u00e9 aboli,\" d\u00e9clare l'ancien pr\u00e9sident. \"\u00c0 l'\u00e9poque, quand on regarde les choses dans leur contexte, il \u00e9tait n\u00e9cessaire d'avoir ce changement radical. Le pr\u00e9sident Ren\u00e9 a insist\u00e9 pour que cela se fasse sans effusion de sang. L'objectif global \u00e9tait d'avoir une soci\u00e9t\u00e9 juste pour tous et, aujourd'hui encore, je crois en la justice sociale.\"<\/p>\n<h3>Le complot<\/h3>\n<p>Michel occupera diverses hautes fonctions au sein du gouvernement et du parti au pouvoir. Il confirme que son r\u00f4le principal, le 5 juin, \u00e9tait de relayer les informations de Ren\u00e9 - qui dirigeait le coup d'Etat - aux deux groupes impliqu\u00e9s dans les op\u00e9rations. \"J'\u00e9tais responsable des communications et je n'avais qu'un talkie-walkie pour le faire. Je n'avais pas d'armes. Les armes \u00e0 feu que j'ai vues en ma possession sur certaines photos prises ce jour-l\u00e0 provenaient de l\u2019armurerie de la police et ont \u00e9t\u00e9 saisies le jour m\u00eame\", pr\u00e9cise Michel.<\/p>\n<p>Il raconte que Ren\u00e9 avait fait en sorte que seule une poign\u00e9e de personnes soient au courant du coup d'\u00c9tat et de sa date d'ex\u00e9cution. Certains hommes qui y ont particip\u00e9 l'ont d\u00e9couvert le jour m\u00eame, quelques heures avant de prendre d'assaut l'arsenal de la police. \"Ren\u00e9 \u00e9tait un strat\u00e8ge expert, un leader fort et puissant qui s'assurait que chaque membre de l'\u00e9quipe ne savait que ce qu'il devait savoir et au bon moment. Quand l\u2019heure du coup d'Etat est arriv\u00e9, nous fumes tous r\u00e9unis pour l'ex\u00e9cution du plan.\"<\/p>\n<p>La commission s\u2019enquiert de la formation militaire dispens\u00e9e avant le coup d'\u00c9tat. \"Je crois qu'il y avait quelques personnes, peut-\u00eatre quatre, qui ont re\u00e7u une formation militaire en Tanzanie. Dans mon cas, on m'a montr\u00e9 comment monter et d\u00e9monter une arme \u00e0 feu lors d'un voyage en Tanzanie. J'\u00e9tais l\u00e0 pour une conf\u00e9rence et un de nos combattants de la libert\u00e9 m'a montr\u00e9 comment manier une arme \u00e0 feu. Mais aucune balle n'a \u00e9t\u00e9 utilis\u00e9e ce jour-l\u00e0. J'ai aussi expliqu\u00e9 dans mon livre que les exercices \u00e9taient pratiqu\u00e9s localement o\u00f9 les cibles \u00e9taient des lapins\", dit Michel.<\/p>\n<h3>D\u00e9tails sur les d\u00e9c\u00e8s survenus le 5 juin 1977<\/h3>\n<p>Mais c'est surtout sur la mort de plusieurs personnes tu\u00e9es lors du coup d'Etat et sous le r\u00e9gime du parti unique - dont Hassan Ali (un homme d'affaires \u00e9minent, disparu en ao\u00fbt 1977), Simon Desnousse (tortur\u00e9 et assassin\u00e9 en octobre 1982), Gilbert Morgan (disparu en f\u00e9vrier 1977), Sonny Elizabeth et Michael Hoffman (assassin\u00e9 en juillet 1983) - que l'ancien pr\u00e9sident \u00e9tait attendu.<\/p>\n<p>Rien de nouveau n'a \u00e9t\u00e9 divulgu\u00e9. Michel a ni\u00e9 toute implication dans ces morts. \"Je ne pouvais pas \u00eatre au courant de ces morts parce qu'\u00e0 l'\u00e9poque, je n'\u00e9tais pas ministre de l'Int\u00e9rieur ou de la police. D'apr\u00e8s ce que j'ai entendu dire, les morts et les disparitions ont fait l'objet d'une enqu\u00eate polici\u00e8re. Mais je ne sais pas ce qui est arriv\u00e9 \u00e0 ces hommes\", r\u00e9pond Michel.<\/p>\n<p>Il se montre plus disert \u00e0 propos de deux autres morts, le jour du coup d'\u00c9tat - celle de B\u00e9rard Jeannie, qui \u00e9tait en service \u00e0 l\u2019arsenal et a refus\u00e9 de remettre les cl\u00e9s, et celle de Francis Rachel, un membre du coup d'\u00c9tat. \"J'ai connu Jeannie personnellement car sa famille vivait \u00e0 c\u00f4t\u00e9 de la mienne, \u00e0 Anse \u00e0 la Mouche. Comme \u00e0 l'\u00e9poque j'\u00e9tais aussi dans l'arm\u00e9e, c'est moi qui ai recrut\u00e9 Francis Rachel parce que je le connaissais personnellement. Mon r\u00f4le dans l'arm\u00e9e \u00e9tait officier d'\u00e9ducation politique. Leurs morts pr\u00e9matur\u00e9es me causent encore de la peine aujourd'hui. C'est tragique et regrettable.\" Il poursuit : \"Le jour m\u00eame, on m'a dit d'attendre \u00e0 c\u00f4t\u00e9 du cimeti\u00e8re du Mont Fleuri la communication de Ren\u00e9, qui \u00e9tait notre chef, avant que nous puissions lancer l'attaque et prendre le contr\u00f4le de l\u2019arsenal. C'\u00e9tait t\u00f4t le matin. Il \u00e9tait post\u00e9 \u00e0 Val Riche Sans Soucis. Puis nous avons entendu des coups de feu et j'ai appris plus tard que Jeannie, un policier du poste de police de Mont Fleuri qui gardait l\u2019arsenal, avait \u00e9t\u00e9 abattu. Mais je ne sais pas qui lui a tir\u00e9 dessus et je n'ai pas vu qui lui a tir\u00e9 dessus. Pour Francis Rachel, j'ai entendu dire que c'\u00e9tait une balle ricochet qui l'avait tu\u00e9.\"<\/p>\n<h3>Le cas de Davidson Chang Him<\/h3>\n<p>Michel maintient finalement que le coup d'\u00c9tat \u00e9tait justifiable et que la majorit\u00e9 des gens en ont b\u00e9n\u00e9fici\u00e9. \"Seule une minorit\u00e9 s'est sentie l\u00e9s\u00e9e\", dit-il. \"Ren\u00e9 nous a dit que le coup devait \u00eatre sans effusion de sang, mais trois personnes sont mortes ce jour-l\u00e0.\" La troisi\u00e8me personne \u00e9tait Davidson 'Son' Chang Him.<\/p>\n<p>En ao\u00fbt dernier, James Michel avait \u00e9t\u00e9 invit\u00e9 devant la CVRUN pour faire la lumi\u00e8re sur l'assassinat du militant du Parti d\u00e9mocrate. L'ancien pr\u00e9sident avait d\u00e9clin\u00e9, d\u00e9clarant qu'il n'avait pas \u00e9t\u00e9 t\u00e9moin de la fusillade au si\u00e8ge de la police, dans l'apr\u00e8s-midi du 5 juin. \"Dans l'apr\u00e8s-midi, on m'a donn\u00e9 un fusil et on m'a ordonn\u00e9 de patrouiller et de s\u00e9curiser le port et l'a\u00e9roport, ainsi que de patrouiller la r\u00e9gion sud de l'\u00eele principale Mah\u00e9. Je n'\u00e9tais pas au commissariat quand on lui a tir\u00e9 dessus. C'est plus tard que j'ai appris la fusillade mortelle, mais je n'en faisais pas partie\", explique Michel.<\/p>\n<p>C'est \u00e0 travers d'autres t\u00e9moignages qu'apr\u00e8s 42 ans de sp\u00e9culations et de rumeurs, la famille et les amis de Davidson Chang Him ont pu aujourd\u2019hui avoir une id\u00e9e de ce qui s\u2019\u00e9tait pass\u00e9 le 5 juin 1977, qui avait conduit au meurtre de l\u2019homme de 44 ans.<\/p>\n<p>Le dossier de Davidson Chang Him, d\u00e9pos\u00e9 par ses enfants, a en effet \u00e9t\u00e9 le premier \u00e0 \u00eatre trait\u00e9 par la CVRUN, lors de sa premi\u00e8re audience le 9 septembre. Chang Him, joaillier de profession, \u00e9tait un ardent partisan du Parti d\u00e9mocrate. Il a \u00e9t\u00e9 abattu au commissariat central de la police de Victoria, la capitale du pays, quelques heures apr\u00e8s que des hommes arm\u00e9s eurent pris le contr\u00f4le du pays.<\/p>\n<h3>Tu\u00e9 dans le dos au poste de police<\/h3>\n<p>Le premier t\u00e9moin a \u00e9t\u00e9 l'ancien ministre de la Planification \u00e9conomique et des Affaires \u00e9trang\u00e8res sous l'administration de Ren\u00e9, Dr Maxime Ferrari. Ferrari a dit \u00e0 la CVRUN qu'il \u00e9tait au poste central de police avec Ren\u00e9 le 5 juin 1977, mais qu'il n'a pas \u00e9t\u00e9 t\u00e9moin de la fusillade qui a eu lieu vers 16 heures. \"J'ai entendu un coup de feu et quelqu'un \u00e0 l'ext\u00e9rieur de la pi\u00e8ce o\u00f9 j'\u00e9tais crier que D'Offay [Philippe D'Offay, le pr\u00e9sum\u00e9 tueur de Chang Him] a tu\u00e9 Son Chang Him. Mais je n'ai pas pu identifier la voix jusqu'\u00e0 ce jour\", raconte Ferrari. \"Je suis all\u00e9 dehors dans la cour, o\u00f9 le corps de Chang Him \u00e9tait allong\u00e9 sur le sol et il donnait son dernier souffle. Il saignait, de la mousse sortait de sa bouche et il \u00e9tait presque mort.\"<\/p>\n<p>Ferrari a exprim\u00e9 des remords pour son r\u00f4le dans le coup d'Etat. Il a dit qu'il lui a fallu 22 ans avant de \"dire ma v\u00e9rit\u00e9, la v\u00e9rit\u00e9 que je connaissais, sur les \u00e9v\u00e9nements qui se sont produits en 1977\", \u00e0 travers une autobiographie, publi\u00e9e en 1999 et intitul\u00e9e \"Le soleil et les ombres, une histoire personnelle\". Un extrait du livre a \u00e9t\u00e9 lu avant la CVRUN : \"Chang Him a \u00e9t\u00e9 tu\u00e9 d'une balle dans la poitrine par Philippe D'Offay, l'un des hommes arm\u00e9s. Beaucoup de gens ont dit qu'on lui avait tir\u00e9 dessus de sang-froid. M. Ren\u00e9 m'a dit que c'\u00e9tait de la l\u00e9gitime d\u00e9fense. Il n'\u00e9tait cependant pas arm\u00e9 alors que D'Offay avait une arme.\"<\/p>\n<p>Le r\u00e9cit de Ferrari a \u00e9t\u00e9 corrobor\u00e9 par Guy Roucou, un sergent de la division des forces sp\u00e9ciales de la police des Seychelles au moment du coup d'\u00c9tat. Aujourd\u2019hui officier \u00e0 la retraite apr\u00e8s 47 ans dans la police, Roucou a \u00e9t\u00e9 le premier t\u00e9moin oculaire \u00e0 se pr\u00e9senter. Il a donn\u00e9 des preuves accablantes, confirmant que Philippe D'Offay - l'un des auteurs du coup d'Etat r\u00e9unis au Commissariat central - a tir\u00e9 sur Chang Him \u00e0 bout portant.<\/p>\n<h3>Pas de l\u00e9gitime d\u00e9fense<\/h3>\n<p>Plus t\u00f4t dans la journ\u00e9e, Roucou avait compt\u00e9 parmi quatre hommes, dont D'Offay, qui \u00e9taient partis \u00e0 la recherche de Chang Him. \"En route, j'ai entendu D'Offay dire \u00e0 la personne assise \u00e0 c\u00f4t\u00e9 de lui : \u2018Si je vois \u2018Son\u2019 aujourd'hui, qu\u2019est-ce qu\u2019il va prendre\u2019\", t\u00e9moigne Roucou. Chang Him \u00e9tait alors encore introuvable. Dans l'apr\u00e8s-midi, vers 16 h 30, Chang-Him s'est pr\u00e9sent\u00e9 au poste de police et a demand\u00e9 pourquoi ils le recherchaient. \"Phillip D'Offay est pass\u00e9 devant moi dans le couloir jusqu'\u00e0 la v\u00e9randa o\u00f9 se trouvent les cellules et a demand\u00e9 \u00e0 'Son' de lever les mains, ce qu'il a fait. \u2018Son' n'\u00e9tait pas arm\u00e9, et j'ai cru qu'il allait le placer dans une cellule de d\u00e9tention, quand soudain j'ai vu D'Offay sortir son arme - un AK47 - la pointer sur Son' et appuyer sur la d\u00e9tente. La balle a atteint 'Son' dans le dos. Il a essay\u00e9 de courir mais est tomb\u00e9 dans la cour, \u00e0 c\u00f4t\u00e9 d'une combinaison utilis\u00e9e pour la r\u00e9paration de v\u00e9hicule. La balle est ressortie pour toucher la voiture de Ferrari, qui \u00e9tait \u00e9galement gar\u00e9e dans l'enceinte\", se souvient Roucou. \"Quand 'Son' est tomb\u00e9, le commissaire de police, Pillay, M. Ren\u00e9 et le Dr Ferrari sont tous venus voir ce qui s'\u00e9tait pass\u00e9. Et je me souviens que M. Ren\u00e9 a dit \u00e0 D'Offay : \"La ki (l***)oun fer ankor !\" - quel foutoir as-tu encore caus\u00e9 ? Je suis all\u00e9 me tenir \u00e0 c\u00f4t\u00e9 de 'Son'. Il respirait encore, mais une mousse blanche sortait de sa bouche et ses yeux roulaient vers l\u2019int\u00e9rieur. Je me souviens que le Dr Ferrari a v\u00e9rifi\u00e9 son pouls et a dit de l'emmener rapidement \u00e0 l'h\u00f4pital, mais qu'il doutait qu'il y arrive \u00e0 temps. Il a \u00e9t\u00e9 mis dans un land rover de la police, mais j'ai appris plus tard qu'il \u00e9tait mort en cours de route.\"<\/p>\n<p>Roucou a ni\u00e9 que la fusillade \u00e9tait en l\u00e9gitime d\u00e9fense. Il a dit \u00e0 la commission que le tir \u00e9tait intentionnel car Chang Him s'\u00e9tait d\u00e9j\u00e0 rendu et avait les mains en l'air au moment o\u00f9 il a \u00e9t\u00e9 tu\u00e9. Roucou a \u00e9galement inform\u00e9 la CVRUN que l'incident avait \u00e9t\u00e9 consign\u00e9 dans le registre de la police par un autre officier qui avait \u00e9crit : \"Phillip D'Offay a tir\u00e9 de sang froid dans le dos de Son Chang-Him\".<\/p>\n<h3>La version officielle donn\u00e9e \u00e0 la famille<\/h3>\n<p>Toutefois, la Commission a d\u00e9clar\u00e9 que cette information n'a pu \u00eatre v\u00e9rifi\u00e9e, car le registre n'a pas encore \u00e9t\u00e9 retrouv\u00e9.<\/p>\n<p>Les membres de la famille, y compris les enfants de Chang Him, ont \u00e9galement offert leurs r\u00e9cits des \u00e9v\u00e9nements qui ont conduit \u00e0 la mort de leur p\u00e8re et de leur fr\u00e8re. La plupart d'entre eux ont choisi de t\u00e9moigner \u00e0 huis clos en raison de l'impact \u00e9motionnel des \u00e9v\u00e9nements sur eux. Mais le fr\u00e8re de Chang Him, l'\u00e9v\u00eaque French Chang Him, qui a identifi\u00e9 le corps de son fr\u00e8re \u00e0 la morgue le jour fatidique, a t\u00e9moign\u00e9 publiquement. Il a dit avoir parl\u00e9 ce jour-l\u00e0 au pr\u00e9sident Ren\u00e9 qui l'a inform\u00e9 que \"Davidson avait r\u00e9sist\u00e9 \u00e0 l'arrestation et \u00e9t\u00e9 abattu par accident\".<\/p>\n<p>La CVRUN devrait entendre d'autres t\u00e9moignages sur le meurtre de Chang Him. Elle pr\u00e9voit \u00e9galement de rappeler James Michel \u00e0 une date ult\u00e9rieure pour r\u00e9pondre \u00e0 des questions sur la s\u00e9curit\u00e9 et le renseignement dans le pays, \u00e0 la suite de nombreuses plaintes concernant des abus commis par les militaires.<\/p>\n<p>Plus d'une centaine de cas de meurtres, de tortures, de disparitions et d'acquisition ill\u00e9gale de biens, avant et apr\u00e8s le coup d'\u00c9tat, ont \u00e9t\u00e9 port\u00e9s devant la CVRUN. Selon la pr\u00e9sidente de la commission, l'avocate australienne Gabrielle McIntyre, son \"objectif primordial est d'unir le peuple des Seychelles et de faire en sorte que de telles violations ne se reproduisent pas\".<\/p>\n","protected":false},"excerpt":{"rendered":"<p>Le 5 novembre, l'ancien pr\u00e9sident des Seychelles, James Michel, a t\u00e9moign\u00e9 sur le coup d'\u00c9tat auquel il a particip\u00e9, le 5 juin 1977. Sa d\u00e9position a eu lieu devant la Commission v\u00e9rit\u00e9, r\u00e9conciliation et de l\u2019unit\u00e9 nationale. Cette commission dispose de trois ans pour faire la lumi\u00e8re sur les ann\u00e9es du parti unique.<\/p>\n","protected":false},"author":64,"featured_media":63256,"comment_status":"open","ping_status":"closed","sticky":false,"template":"","format":"standard","meta":{"_acf_changed":false,"footnotes":""},"categories":[548],"tags":[],"ji_location":[2458],"class_list":["post-42870","post","type-post","status-publish","format-standard","has-post-thumbnail","hentry","category-commissions-verite","ji_location-seychelles"],"acf":[],"yoast_head":"<!-- This site is optimized with the Yoast SEO Premium plugin v25.3.1 (Yoast SEO v25.3.1) - https:\/\/yoast.com\/wordpress\/plugins\/seo\/ -->\n<title>Seychelles : la Commission v\u00e9rit\u00e9 se penche sur le coup d&#039;Etat de 1977 - JusticeInfo.net<\/title>\n<meta name=\"robots\" content=\"index, follow, max-snippet:-1, max-image-preview:large, max-video-preview:-1\" \/>\n<link rel=\"canonical\" href=\"https:\/\/www.justiceinfo.net\/fr\/42870-seychelles-commission-verite-coup-etat-1977.html\" \/>\n<meta property=\"og:locale\" content=\"fr_FR\" \/>\n<meta property=\"og:type\" content=\"article\" \/>\n<meta property=\"og:title\" content=\"Seychelles : la Commission v\u00e9rit\u00e9 se penche sur le coup d&#039;Etat de 1977\" \/>\n<meta property=\"og:description\" content=\"Le 5 novembre, l&#039;ancien pr\u00e9sident des Seychelles, James Michel, a t\u00e9moign\u00e9 sur le coup d&#039;\u00c9tat auquel il a particip\u00e9, le 5 juin 1977. Sa d\u00e9position a eu lieu devant la Commission v\u00e9rit\u00e9, r\u00e9conciliation et de l\u2019unit\u00e9 nationale. Cette commission dispose de trois ans pour faire la lumi\u00e8re sur les ann\u00e9es du parti unique.\" \/>\n<meta property=\"og:url\" content=\"https:\/\/www.justiceinfo.net\/fr\/42870-seychelles-commission-verite-coup-etat-1977.html\" \/>\n<meta property=\"og:site_name\" content=\"JusticeInfo.net\" \/>\n<meta property=\"article:publisher\" content=\"https:\/\/www.facebook.com\/JusticeInfo\/\" \/>\n<meta property=\"article:published_time\" content=\"2019-11-12T06:55:23+00:00\" \/>\n<meta property=\"og:image\" content=\"https:\/\/www.justiceinfo.net\/wp-content\/uploads\/a7969a9dffab526087e76c79195f0af3.jpg\" \/>\n\t<meta property=\"og:image:width\" content=\"1200\" \/>\n\t<meta property=\"og:image:height\" content=\"800\" \/>\n\t<meta property=\"og:image:type\" content=\"image\/jpeg\" \/>\n<meta name=\"author\" content=\"Patsy Athanase\" \/>\n<meta name=\"twitter:card\" content=\"summary_large_image\" \/>\n<meta name=\"twitter:creator\" content=\"@justiceinfonet\" \/>\n<meta name=\"twitter:site\" content=\"@justiceinfonet\" \/>\n<meta name=\"twitter:label1\" content=\"\u00c9crit par\" \/>\n\t<meta name=\"twitter:data1\" content=\"Patsy Athanase\" \/>\n\t<meta name=\"twitter:label2\" content=\"Dur\u00e9e de lecture estim\u00e9e\" \/>\n\t<meta name=\"twitter:data2\" content=\"13 minutes\" \/>\n<script type=\"application\/ld+json\" class=\"yoast-schema-graph\">{\"@context\":\"https:\/\/schema.org\",\"@graph\":[{\"@type\":\"NewsArticle\",\"@id\":\"https:\/\/www.justiceinfo.net\/fr\/42870-seychelles-commission-verite-coup-etat-1977.html#article\",\"isPartOf\":{\"@id\":\"https:\/\/www.justiceinfo.net\/fr\/42870-seychelles-commission-verite-coup-etat-1977.html\"},\"author\":{\"name\":\"solivri\",\"@id\":\"https:\/\/www.justiceinfo.net\/fr#\/schema\/person\/6e53cba1629e2e66f3fc1821d3091865\"},\"headline\":\"Seychelles : la Commission v\u00e9rit\u00e9 se penche sur le coup d'Etat de 1977\",\"datePublished\":\"2019-11-12T06:55:23+00:00\",\"mainEntityOfPage\":{\"@id\":\"https:\/\/www.justiceinfo.net\/fr\/42870-seychelles-commission-verite-coup-etat-1977.html\"},\"wordCount\":2769,\"commentCount\":0,\"publisher\":{\"@id\":\"https:\/\/www.justiceinfo.net\/fr#organization\"},\"image\":{\"@id\":\"https:\/\/www.justiceinfo.net\/fr\/42870-seychelles-commission-verite-coup-etat-1977.html#primaryimage\"},\"thumbnailUrl\":\"https:\/\/www.justiceinfo.net\/wp-content\/uploads\/a7969a9dffab526087e76c79195f0af3.jpg\",\"articleSection\":[\"Commissions v\u00e9rit\u00e9\"],\"inLanguage\":\"fr-FR\",\"potentialAction\":[{\"@type\":\"CommentAction\",\"name\":\"Comment\",\"target\":[\"https:\/\/www.justiceinfo.net\/fr\/42870-seychelles-commission-verite-coup-etat-1977.html#respond\"]}]},{\"@type\":\"WebPage\",\"@id\":\"https:\/\/www.justiceinfo.net\/fr\/42870-seychelles-commission-verite-coup-etat-1977.html\",\"url\":\"https:\/\/www.justiceinfo.net\/fr\/42870-seychelles-commission-verite-coup-etat-1977.html\",\"name\":\"Seychelles : la Commission v\u00e9rit\u00e9 se penche sur le coup d'Etat de 1977 - JusticeInfo.net\",\"isPartOf\":{\"@id\":\"https:\/\/www.justiceinfo.net\/fr#website\"},\"primaryImageOfPage\":{\"@id\":\"https:\/\/www.justiceinfo.net\/fr\/42870-seychelles-commission-verite-coup-etat-1977.html#primaryimage\"},\"image\":{\"@id\":\"https:\/\/www.justiceinfo.net\/fr\/42870-seychelles-commission-verite-coup-etat-1977.html#primaryimage\"},\"thumbnailUrl\":\"https:\/\/www.justiceinfo.net\/wp-content\/uploads\/a7969a9dffab526087e76c79195f0af3.jpg\",\"datePublished\":\"2019-11-12T06:55:23+00:00\",\"breadcrumb\":{\"@id\":\"https:\/\/www.justiceinfo.net\/fr\/42870-seychelles-commission-verite-coup-etat-1977.html#breadcrumb\"},\"inLanguage\":\"fr-FR\",\"potentialAction\":[{\"@type\":\"ReadAction\",\"target\":[\"https:\/\/www.justiceinfo.net\/fr\/42870-seychelles-commission-verite-coup-etat-1977.html\"]}]},{\"@type\":\"ImageObject\",\"inLanguage\":\"fr-FR\",\"@id\":\"https:\/\/www.justiceinfo.net\/fr\/42870-seychelles-commission-verite-coup-etat-1977.html#primaryimage\",\"url\":\"https:\/\/www.justiceinfo.net\/wp-content\/uploads\/a7969a9dffab526087e76c79195f0af3.jpg\",\"contentUrl\":\"https:\/\/www.justiceinfo.net\/wp-content\/uploads\/a7969a9dffab526087e76c79195f0af3.jpg\",\"width\":1200,\"height\":800},{\"@type\":\"BreadcrumbList\",\"@id\":\"https:\/\/www.justiceinfo.net\/fr\/42870-seychelles-commission-verite-coup-etat-1977.html#breadcrumb\",\"itemListElement\":[{\"@type\":\"ListItem\",\"position\":1,\"name\":\"Home\",\"item\":\"https:\/\/www.justiceinfo.net\/fr\"},{\"@type\":\"ListItem\",\"position\":2,\"name\":\"Seychelles : la Commission v\u00e9rit\u00e9 se penche sur le coup d'Etat de 1977\"}]},{\"@type\":\"WebSite\",\"@id\":\"https:\/\/www.justiceinfo.net\/fr#website\",\"url\":\"https:\/\/www.justiceinfo.net\/fr\",\"name\":\"JusticeInfo.net\",\"description\":\"La justice doit \u00eatre vue pour \u00eatre rendue\",\"publisher\":{\"@id\":\"https:\/\/www.justiceinfo.net\/fr#organization\"},\"potentialAction\":[{\"@type\":\"SearchAction\",\"target\":{\"@type\":\"EntryPoint\",\"urlTemplate\":\"https:\/\/www.justiceinfo.net\/fr?s={search_term_string}\"},\"query-input\":{\"@type\":\"PropertyValueSpecification\",\"valueRequired\":true,\"valueName\":\"search_term_string\"}}],\"inLanguage\":\"fr-FR\"},{\"@type\":\"Organization\",\"@id\":\"https:\/\/www.justiceinfo.net\/fr#organization\",\"name\":\"Justice Info\",\"url\":\"https:\/\/www.justiceinfo.net\/fr\",\"logo\":{\"@type\":\"ImageObject\",\"inLanguage\":\"fr-FR\",\"@id\":\"https:\/\/www.justiceinfo.net\/fr#\/schema\/logo\/image\/\",\"url\":\"https:\/\/www.justiceinfo.net\/wp-content\/uploads\/justiceinfo_logo-trans_1200x1200px.png\",\"contentUrl\":\"https:\/\/www.justiceinfo.net\/wp-content\/uploads\/justiceinfo_logo-trans_1200x1200px.png\",\"width\":1199,\"height\":1200,\"caption\":\"Justice Info\"},\"image\":{\"@id\":\"https:\/\/www.justiceinfo.net\/fr#\/schema\/logo\/image\/\"},\"sameAs\":[\"https:\/\/www.facebook.com\/JusticeInfo\/\",\"https:\/\/x.com\/justiceinfonet\",\"https:\/\/www.linkedin.com\/company\/justice-info\",\"https:\/\/www.youtube.com\/channel\/UCyCEsARodyuWtkWyhn-e7pA\"]},{\"@type\":\"Person\",\"name\":\"Patsy Athanase\",\"url\":\"\/fr\/?s=Patsy Athanase\"}]}<\/script>\n<!-- \/ Yoast SEO Premium plugin. -->","yoast_head_json":{"title":"Seychelles : la Commission v\u00e9rit\u00e9 se penche sur le coup d'Etat de 1977 - JusticeInfo.net","robots":{"index":"index","follow":"follow","max-snippet":"max-snippet:-1","max-image-preview":"max-image-preview:large","max-video-preview":"max-video-preview:-1"},"canonical":"https:\/\/www.justiceinfo.net\/fr\/42870-seychelles-commission-verite-coup-etat-1977.html","og_locale":"fr_FR","og_type":"article","og_title":"Seychelles : la Commission v\u00e9rit\u00e9 se penche sur le coup d'Etat de 1977","og_description":"Le 5 novembre, l'ancien pr\u00e9sident des Seychelles, James Michel, a t\u00e9moign\u00e9 sur le coup d'\u00c9tat auquel il a particip\u00e9, le 5 juin 1977. Sa d\u00e9position a eu lieu devant la Commission v\u00e9rit\u00e9, r\u00e9conciliation et de l\u2019unit\u00e9 nationale. Cette commission dispose de trois ans pour faire la lumi\u00e8re sur les ann\u00e9es du parti unique.","og_url":"https:\/\/www.justiceinfo.net\/fr\/42870-seychelles-commission-verite-coup-etat-1977.html","og_site_name":"JusticeInfo.net","article_publisher":"https:\/\/www.facebook.com\/JusticeInfo\/","article_published_time":"2019-11-12T06:55:23+00:00","og_image":[{"width":1200,"height":800,"url":"https:\/\/www.justiceinfo.net\/wp-content\/uploads\/a7969a9dffab526087e76c79195f0af3.jpg","type":"image\/jpeg"}],"author":"Patsy Athanase","twitter_card":"summary_large_image","twitter_creator":"@justiceinfonet","twitter_site":"@justiceinfonet","twitter_misc":{"\u00c9crit par":"Patsy Athanase","Dur\u00e9e de lecture estim\u00e9e":"13 minutes"},"schema":{"@context":"https:\/\/schema.org","@graph":[{"@type":"NewsArticle","@id":"https:\/\/www.justiceinfo.net\/fr\/42870-seychelles-commission-verite-coup-etat-1977.html#article","isPartOf":{"@id":"https:\/\/www.justiceinfo.net\/fr\/42870-seychelles-commission-verite-coup-etat-1977.html"},"author":{"name":"solivri","@id":"https:\/\/www.justiceinfo.net\/fr#\/schema\/person\/6e53cba1629e2e66f3fc1821d3091865"},"headline":"Seychelles : la Commission v\u00e9rit\u00e9 se penche sur le coup d'Etat de 1977","datePublished":"2019-11-12T06:55:23+00:00","mainEntityOfPage":{"@id":"https:\/\/www.justiceinfo.net\/fr\/42870-seychelles-commission-verite-coup-etat-1977.html"},"wordCount":2769,"commentCount":0,"publisher":{"@id":"https:\/\/www.justiceinfo.net\/fr#organization"},"image":{"@id":"https:\/\/www.justiceinfo.net\/fr\/42870-seychelles-commission-verite-coup-etat-1977.html#primaryimage"},"thumbnailUrl":"https:\/\/www.justiceinfo.net\/wp-content\/uploads\/a7969a9dffab526087e76c79195f0af3.jpg","articleSection":["Commissions v\u00e9rit\u00e9"],"inLanguage":"fr-FR","potentialAction":[{"@type":"CommentAction","name":"Comment","target":["https:\/\/www.justiceinfo.net\/fr\/42870-seychelles-commission-verite-coup-etat-1977.html#respond"]}]},{"@type":"WebPage","@id":"https:\/\/www.justiceinfo.net\/fr\/42870-seychelles-commission-verite-coup-etat-1977.html","url":"https:\/\/www.justiceinfo.net\/fr\/42870-seychelles-commission-verite-coup-etat-1977.html","name":"Seychelles : la Commission v\u00e9rit\u00e9 se penche sur le coup d'Etat de 1977 - JusticeInfo.net","isPartOf":{"@id":"https:\/\/www.justiceinfo.net\/fr#website"},"primaryImageOfPage":{"@id":"https:\/\/www.justiceinfo.net\/fr\/42870-seychelles-commission-verite-coup-etat-1977.html#primaryimage"},"image":{"@id":"https:\/\/www.justiceinfo.net\/fr\/42870-seychelles-commission-verite-coup-etat-1977.html#primaryimage"},"thumbnailUrl":"https:\/\/www.justiceinfo.net\/wp-content\/uploads\/a7969a9dffab526087e76c79195f0af3.jpg","datePublished":"2019-11-12T06:55:23+00:00","breadcrumb":{"@id":"https:\/\/www.justiceinfo.net\/fr\/42870-seychelles-commission-verite-coup-etat-1977.html#breadcrumb"},"inLanguage":"fr-FR","potentialAction":[{"@type":"ReadAction","target":["https:\/\/www.justiceinfo.net\/fr\/42870-seychelles-commission-verite-coup-etat-1977.html"]}]},{"@type":"ImageObject","inLanguage":"fr-FR","@id":"https:\/\/www.justiceinfo.net\/fr\/42870-seychelles-commission-verite-coup-etat-1977.html#primaryimage","url":"https:\/\/www.justiceinfo.net\/wp-content\/uploads\/a7969a9dffab526087e76c79195f0af3.jpg","contentUrl":"https:\/\/www.justiceinfo.net\/wp-content\/uploads\/a7969a9dffab526087e76c79195f0af3.jpg","width":1200,"height":800},{"@type":"BreadcrumbList","@id":"https:\/\/www.justiceinfo.net\/fr\/42870-seychelles-commission-verite-coup-etat-1977.html#breadcrumb","itemListElement":[{"@type":"ListItem","position":1,"name":"Home","item":"https:\/\/www.justiceinfo.net\/fr"},{"@type":"ListItem","position":2,"name":"Seychelles : la Commission v\u00e9rit\u00e9 se penche sur le coup d'Etat de 1977"}]},{"@type":"WebSite","@id":"https:\/\/www.justiceinfo.net\/fr#website","url":"https:\/\/www.justiceinfo.net\/fr","name":"JusticeInfo.net","description":"La justice doit \u00eatre vue pour \u00eatre rendue","publisher":{"@id":"https:\/\/www.justiceinfo.net\/fr#organization"},"potentialAction":[{"@type":"SearchAction","target":{"@type":"EntryPoint","urlTemplate":"https:\/\/www.justiceinfo.net\/fr?s={search_term_string}"},"query-input":{"@type":"PropertyValueSpecification","valueRequired":true,"valueName":"search_term_string"}}],"inLanguage":"fr-FR"},{"@type":"Organization","@id":"https:\/\/www.justiceinfo.net\/fr#organization","name":"Justice Info","url":"https:\/\/www.justiceinfo.net\/fr","logo":{"@type":"ImageObject","inLanguage":"fr-FR","@id":"https:\/\/www.justiceinfo.net\/fr#\/schema\/logo\/image\/","url":"https:\/\/www.justiceinfo.net\/wp-content\/uploads\/justiceinfo_logo-trans_1200x1200px.png","contentUrl":"https:\/\/www.justiceinfo.net\/wp-content\/uploads\/justiceinfo_logo-trans_1200x1200px.png","width":1199,"height":1200,"caption":"Justice Info"},"image":{"@id":"https:\/\/www.justiceinfo.net\/fr#\/schema\/logo\/image\/"},"sameAs":["https:\/\/www.facebook.com\/JusticeInfo\/","https:\/\/x.com\/justiceinfonet","https:\/\/www.linkedin.com\/company\/justice-info","https:\/\/www.youtube.com\/channel\/UCyCEsARodyuWtkWyhn-e7pA"]},{"@type":"Person","name":"Patsy Athanase","url":"\/fr\/?s=Patsy Athanase"}]}},"_links":{"self":[{"href":"https:\/\/www.justiceinfo.net\/fr\/wp-json\/wp\/v2\/posts\/42870","targetHints":{"allow":["GET"]}}],"collection":[{"href":"https:\/\/www.justiceinfo.net\/fr\/wp-json\/wp\/v2\/posts"}],"about":[{"href":"https:\/\/www.justiceinfo.net\/fr\/wp-json\/wp\/v2\/types\/post"}],"author":[{"embeddable":true,"href":"https:\/\/www.justiceinfo.net\/fr\/wp-json\/wp\/v2\/users\/64"}],"replies":[{"embeddable":true,"href":"https:\/\/www.justiceinfo.net\/fr\/wp-json\/wp\/v2\/comments?post=42870"}],"version-history":[{"count":0,"href":"https:\/\/www.justiceinfo.net\/fr\/wp-json\/wp\/v2\/posts\/42870\/revisions"}],"wp:featuredmedia":[{"embeddable":true,"href":"https:\/\/www.justiceinfo.net\/fr\/wp-json\/wp\/v2\/media\/63256"}],"wp:attachment":[{"href":"https:\/\/www.justiceinfo.net\/fr\/wp-json\/wp\/v2\/media?parent=42870"}],"wp:term":[{"taxonomy":"category","embeddable":true,"href":"https:\/\/www.justiceinfo.net\/fr\/wp-json\/wp\/v2\/categories?post=42870"},{"taxonomy":"post_tag","embeddable":true,"href":"https:\/\/www.justiceinfo.net\/fr\/wp-json\/wp\/v2\/tags?post=42870"},{"taxonomy":"ji_location","embeddable":true,"href":"https:\/\/www.justiceinfo.net\/fr\/wp-json\/wp\/v2\/ji_location?post=42870"}],"curies":[{"name":"wp","href":"https:\/\/api.w.org\/{rel}","templated":true}]}}