{"id":4299,"date":"2004-03-10T00:00:00","date_gmt":"2004-03-09T23:00:00","guid":{"rendered":"https:\/\/www.justiceinfo.net\/4299-10032004-tpirbutare-un-temoin-contredit-sa-declaration-ecrite1089.html"},"modified":"2004-03-10T00:00:00","modified_gmt":"2004-03-09T23:00:00","slug":"10032004-tpirbutare-un-temoin-contredit-sa-declaration-ecrite1089","status":"publish","type":"post","link":"https:\/\/www.justiceinfo.net\/fr\/4299-10032004-tpirbutare-un-temoin-contredit-sa-declaration-ecrite1089.html","title":{"rendered":"10.03.2004 - TPIR\/BUTARE - UN TEMOIN CONTREDIT SA DECLARATION ECRITE"},"content":{"rendered":"<p  >\nArusha, le 10 mars 2004 (FH) - Le trente septi\u00e8me t\u00e9moin \u00e0 charge dans le proc\u00e8s du groupe Butare (sud du Rwanda) en cours devant le Tribunal p\u00e9nal international pour le Rwanda (TPIR) a termin\u00e9 sa d\u00e9position mercredi en contredisant sa d\u00e9claration \u00e9crite, a estim\u00e9 la d\u00e9fense.\n<\/p>\n<p  >\nD\u00e9nomm\u00e9 \"FAU\" pour assurer son anonymat, le t\u00e9moin \u00e9tait contre-interrog\u00e9 par l'avocat canadien Me Pierre Boul\u00e9, qui repr\u00e9sente l'ancien maire de Muganza, Elie Ndayambaje, un des six accus\u00e9s dans ce proc\u00e8s pour g\u00e9nocide et crimes contre l'humanit\u00e9.\n<\/p>\n<p><!--more--><\/p>\n<p  >\nMe Boul\u00e9 a contest\u00e9 les all\u00e9gations du t\u00e9moin relativement aux massacres commis \u00e0 la paroisse de Mugombwa en commune Muganza en 1994.\n<\/p>\n<p  >\nMercredi, le t\u00e9moin a par exemple ni\u00e9 avoir \u00e9t\u00e9 pr\u00e9sent lors des massacres de Mugombwa, alors que dans sa d\u00e9claration \u00e9crite il affirme le contraire.\n<\/p>\n<p  >\nl'avocat s'est notamment pench\u00e9 sur les aveux de FAU devant la justice rwandaise en octobre 1999 et sur ses d\u00e9clarations aux enqu\u00eateurs du TPIR le mois suivant pour mettre en relief ses contradictions. Le t\u00e9moin a simplement r\u00e9pondu qu'il n'y avait pas de diff\u00e9rences entre ce qu'il avait d\u00e9clar\u00e9 \u00e0 l'\u00e9poque et son t\u00e9moignage au TPIR.\n<\/p>\n<p  >\nLa d\u00e9position de FAU s'est, en partie, d\u00e9roul\u00e9e \u00e0 huis clos. Apr\u00e8s FAU, le Tribunal a entam\u00e9 l'audition du t\u00e9moin \"RT\". Celle-ci se poursuivra jeudi.\n<\/p>\n<p  >\nNdayambaje est coaccus\u00e9 avec l'ancienne ministre de la famille et de la promotion f\u00e9minine, Pauline Nyiramasuhuko, Ars\u00e8ne Shalom Ntahobali, fils de Nyiramasuhuko, les anciens pr\u00e9fets de Butare Sylvain Nsabimana et Alphonse Nteziryayo, ainsi que l'ex-maire de Ngoma, Joseph Kanyabashi. Tous plaident non coupable.\n<\/p>\n<p  >\nLe proc\u00e8s se d\u00e9roule devant la deuxi\u00e8me chambre de premi\u00e8re instance du TPIR pr\u00e9sid\u00e9e par le juge tanzanien William Hussein Sekule, assist\u00e9 des juges malgache Arlette Ramaroson et ougandaise Solomy Balungi Bossa.\n<\/p>\n<p  >\nAT\/NI\/GF\/FH(BT''03010B)<\/p>\n","protected":false},"excerpt":{"rendered":"<p>Arusha, le 10 mars 2004 (FH) - Le trente septi\u00e8me t\u00e9moin \u00e0 charge dans le proc\u00e8s du groupe Butare (sud du Rwanda) en cours devant le Tribunal p\u00e9nal international pour le Rwanda (TPIR) a termin\u00e9 sa d\u00e9position mercredi en contredisant sa d\u00e9claration \u00e9crite, a estim\u00e9 la d\u00e9fense. D\u00e9nomm\u00e9 \"FAU\" pour assurer son anonymat, le t\u00e9moin [&hellip;]<\/p>\n","protected":false},"author":64,"featured_media":0,"comment_status":"open","ping_status":"closed","sticky":false,"template":"","format":"standard","meta":{"_acf_changed":false,"footnotes":""},"categories":[554],"tags":[],"ji_location":[],"class_list":["post-4299","post","type-post","status-publish","format-standard","hentry","category-hirondellenews"],"acf":[],"yoast_head":"<!-- This site is optimized with the Yoast SEO Premium plugin v25.3.1 (Yoast SEO v25.3.1) - https:\/\/yoast.com\/wordpress\/plugins\/seo\/ -->\n<title>10.03.2004 - TPIR\/BUTARE - UN TEMOIN CONTREDIT SA DECLARATION ECRITE - JusticeInfo.net<\/title>\n<meta name=\"robots\" content=\"index, follow, max-snippet:-1, max-image-preview:large, max-video-preview:-1\" \/>\n<link rel=\"canonical\" href=\"https:\/\/www.justiceinfo.net\/fr\/4299-10032004-tpirbutare-un-temoin-contredit-sa-declaration-ecrite1089.html\" \/>\n<meta property=\"og:locale\" content=\"fr_FR\" \/>\n<meta property=\"og:type\" content=\"article\" \/>\n<meta property=\"og:title\" content=\"10.03.2004 - TPIR\/BUTARE - UN TEMOIN CONTREDIT SA DECLARATION ECRITE\" \/>\n<meta property=\"og:description\" content=\"Arusha, le 10 mars 2004 (FH) - Le trente septi\u00e8me t\u00e9moin \u00e0 charge dans le proc\u00e8s du groupe Butare (sud du Rwanda) en cours devant le Tribunal p\u00e9nal international pour le Rwanda (TPIR) a termin\u00e9 sa d\u00e9position mercredi en contredisant sa d\u00e9claration \u00e9crite, a estim\u00e9 la d\u00e9fense. D\u00e9nomm\u00e9 &quot;FAU&quot; pour assurer son anonymat, le t\u00e9moin [&hellip;]\" \/>\n<meta property=\"og:url\" content=\"https:\/\/www.justiceinfo.net\/fr\/4299-10032004-tpirbutare-un-temoin-contredit-sa-declaration-ecrite1089.html\" \/>\n<meta property=\"og:site_name\" content=\"JusticeInfo.net\" \/>\n<meta property=\"article:publisher\" content=\"https:\/\/www.facebook.com\/JusticeInfo\/\" \/>\n<meta property=\"article:published_time\" content=\"2004-03-09T23:00:00+00:00\" \/>\n<meta property=\"og:image\" content=\"https:\/\/www.justiceinfo.net\/wp-content\/uploads\/JusticeInfoNet_logo_1200x630px.jpg\" \/>\n\t<meta property=\"og:image:width\" content=\"1200\" \/>\n\t<meta property=\"og:image:height\" content=\"630\" \/>\n\t<meta property=\"og:image:type\" content=\"image\/jpeg\" \/>\n<meta name=\"author\" content=\"solivri\" \/>\n<meta name=\"twitter:card\" content=\"summary_large_image\" \/>\n<meta name=\"twitter:creator\" content=\"@justiceinfonet\" \/>\n<meta name=\"twitter:site\" content=\"@justiceinfonet\" \/>\n<meta name=\"twitter:label1\" content=\"\u00c9crit par\" \/>\n\t<meta name=\"twitter:data1\" content=\"solivri\" \/>\n\t<meta name=\"twitter:label2\" content=\"Dur\u00e9e de lecture estim\u00e9e\" \/>\n\t<meta name=\"twitter:data2\" content=\"2 minutes\" \/>\n<script type=\"application\/ld+json\" class=\"yoast-schema-graph\">{\"@context\":\"https:\/\/schema.org\",\"@graph\":[{\"@type\":\"NewsArticle\",\"@id\":\"https:\/\/www.justiceinfo.net\/fr\/4299-10032004-tpirbutare-un-temoin-contredit-sa-declaration-ecrite1089.html#article\",\"isPartOf\":{\"@id\":\"https:\/\/www.justiceinfo.net\/fr\/4299-10032004-tpirbutare-un-temoin-contredit-sa-declaration-ecrite1089.html\"},\"author\":{\"name\":\"solivri\",\"@id\":\"https:\/\/www.justiceinfo.net\/fr#\/schema\/person\/6e53cba1629e2e66f3fc1821d3091865\"},\"headline\":\"10.03.2004 - TPIR\/BUTARE - UN TEMOIN CONTREDIT SA DECLARATION ECRITE\",\"datePublished\":\"2004-03-09T23:00:00+00:00\",\"mainEntityOfPage\":{\"@id\":\"https:\/\/www.justiceinfo.net\/fr\/4299-10032004-tpirbutare-un-temoin-contredit-sa-declaration-ecrite1089.html\"},\"wordCount\":347,\"commentCount\":0,\"publisher\":{\"@id\":\"https:\/\/www.justiceinfo.net\/fr#organization\"},\"articleSection\":[\"Hirondelle News\"],\"inLanguage\":\"fr-FR\",\"potentialAction\":[{\"@type\":\"CommentAction\",\"name\":\"Comment\",\"target\":[\"https:\/\/www.justiceinfo.net\/fr\/4299-10032004-tpirbutare-un-temoin-contredit-sa-declaration-ecrite1089.html#respond\"]}]},{\"@type\":\"WebPage\",\"@id\":\"https:\/\/www.justiceinfo.net\/fr\/4299-10032004-tpirbutare-un-temoin-contredit-sa-declaration-ecrite1089.html\",\"url\":\"https:\/\/www.justiceinfo.net\/fr\/4299-10032004-tpirbutare-un-temoin-contredit-sa-declaration-ecrite1089.html\",\"name\":\"10.03.2004 - TPIR\/BUTARE - UN TEMOIN CONTREDIT SA DECLARATION ECRITE - JusticeInfo.net\",\"isPartOf\":{\"@id\":\"https:\/\/www.justiceinfo.net\/fr#website\"},\"datePublished\":\"2004-03-09T23:00:00+00:00\",\"breadcrumb\":{\"@id\":\"https:\/\/www.justiceinfo.net\/fr\/4299-10032004-tpirbutare-un-temoin-contredit-sa-declaration-ecrite1089.html#breadcrumb\"},\"inLanguage\":\"fr-FR\",\"potentialAction\":[{\"@type\":\"ReadAction\",\"target\":[\"https:\/\/www.justiceinfo.net\/fr\/4299-10032004-tpirbutare-un-temoin-contredit-sa-declaration-ecrite1089.html\"]}]},{\"@type\":\"BreadcrumbList\",\"@id\":\"https:\/\/www.justiceinfo.net\/fr\/4299-10032004-tpirbutare-un-temoin-contredit-sa-declaration-ecrite1089.html#breadcrumb\",\"itemListElement\":[{\"@type\":\"ListItem\",\"position\":1,\"name\":\"Home\",\"item\":\"https:\/\/www.justiceinfo.net\/fr\"},{\"@type\":\"ListItem\",\"position\":2,\"name\":\"10.03.2004 - TPIR\/BUTARE - UN TEMOIN CONTREDIT SA DECLARATION ECRITE\"}]},{\"@type\":\"WebSite\",\"@id\":\"https:\/\/www.justiceinfo.net\/fr#website\",\"url\":\"https:\/\/www.justiceinfo.net\/fr\",\"name\":\"JusticeInfo.net\",\"description\":\"La justice doit \u00eatre vue pour \u00eatre rendue\",\"publisher\":{\"@id\":\"https:\/\/www.justiceinfo.net\/fr#organization\"},\"potentialAction\":[{\"@type\":\"SearchAction\",\"target\":{\"@type\":\"EntryPoint\",\"urlTemplate\":\"https:\/\/www.justiceinfo.net\/fr?s={search_term_string}\"},\"query-input\":{\"@type\":\"PropertyValueSpecification\",\"valueRequired\":true,\"valueName\":\"search_term_string\"}}],\"inLanguage\":\"fr-FR\"},{\"@type\":\"Organization\",\"@id\":\"https:\/\/www.justiceinfo.net\/fr#organization\",\"name\":\"Justice Info\",\"url\":\"https:\/\/www.justiceinfo.net\/fr\",\"logo\":{\"@type\":\"ImageObject\",\"inLanguage\":\"fr-FR\",\"@id\":\"https:\/\/www.justiceinfo.net\/fr#\/schema\/logo\/image\/\",\"url\":\"https:\/\/www.justiceinfo.net\/wp-content\/uploads\/justiceinfo_logo-trans_1200x1200px.png\",\"contentUrl\":\"https:\/\/www.justiceinfo.net\/wp-content\/uploads\/justiceinfo_logo-trans_1200x1200px.png\",\"width\":1199,\"height\":1200,\"caption\":\"Justice Info\"},\"image\":{\"@id\":\"https:\/\/www.justiceinfo.net\/fr#\/schema\/logo\/image\/\"},\"sameAs\":[\"https:\/\/www.facebook.com\/JusticeInfo\/\",\"https:\/\/x.com\/justiceinfonet\",\"https:\/\/www.linkedin.com\/company\/justice-info\",\"https:\/\/www.youtube.com\/channel\/UCyCEsARodyuWtkWyhn-e7pA\"]},{\"@type\":\"Person\",\"name\":\"solivri\",\"url\":\"\/fr\/?s=solivri\"}]}<\/script>\n<!-- \/ Yoast SEO Premium plugin. -->","yoast_head_json":{"title":"10.03.2004 - TPIR\/BUTARE - UN TEMOIN CONTREDIT SA DECLARATION ECRITE - JusticeInfo.net","robots":{"index":"index","follow":"follow","max-snippet":"max-snippet:-1","max-image-preview":"max-image-preview:large","max-video-preview":"max-video-preview:-1"},"canonical":"https:\/\/www.justiceinfo.net\/fr\/4299-10032004-tpirbutare-un-temoin-contredit-sa-declaration-ecrite1089.html","og_locale":"fr_FR","og_type":"article","og_title":"10.03.2004 - TPIR\/BUTARE - UN TEMOIN CONTREDIT SA DECLARATION ECRITE","og_description":"Arusha, le 10 mars 2004 (FH) - Le trente septi\u00e8me t\u00e9moin \u00e0 charge dans le proc\u00e8s du groupe Butare (sud du Rwanda) en cours devant le Tribunal p\u00e9nal international pour le Rwanda (TPIR) a termin\u00e9 sa d\u00e9position mercredi en contredisant sa d\u00e9claration \u00e9crite, a estim\u00e9 la d\u00e9fense. D\u00e9nomm\u00e9 \"FAU\" pour assurer son anonymat, le t\u00e9moin [&hellip;]","og_url":"https:\/\/www.justiceinfo.net\/fr\/4299-10032004-tpirbutare-un-temoin-contredit-sa-declaration-ecrite1089.html","og_site_name":"JusticeInfo.net","article_publisher":"https:\/\/www.facebook.com\/JusticeInfo\/","article_published_time":"2004-03-09T23:00:00+00:00","og_image":[{"width":1200,"height":630,"url":"https:\/\/www.justiceinfo.net\/wp-content\/uploads\/JusticeInfoNet_logo_1200x630px.jpg","type":"image\/jpeg"}],"author":"solivri","twitter_card":"summary_large_image","twitter_creator":"@justiceinfonet","twitter_site":"@justiceinfonet","twitter_misc":{"\u00c9crit par":"solivri","Dur\u00e9e de lecture estim\u00e9e":"2 minutes"},"schema":{"@context":"https:\/\/schema.org","@graph":[{"@type":"NewsArticle","@id":"https:\/\/www.justiceinfo.net\/fr\/4299-10032004-tpirbutare-un-temoin-contredit-sa-declaration-ecrite1089.html#article","isPartOf":{"@id":"https:\/\/www.justiceinfo.net\/fr\/4299-10032004-tpirbutare-un-temoin-contredit-sa-declaration-ecrite1089.html"},"author":{"name":"solivri","@id":"https:\/\/www.justiceinfo.net\/fr#\/schema\/person\/6e53cba1629e2e66f3fc1821d3091865"},"headline":"10.03.2004 - TPIR\/BUTARE - UN TEMOIN CONTREDIT SA DECLARATION ECRITE","datePublished":"2004-03-09T23:00:00+00:00","mainEntityOfPage":{"@id":"https:\/\/www.justiceinfo.net\/fr\/4299-10032004-tpirbutare-un-temoin-contredit-sa-declaration-ecrite1089.html"},"wordCount":347,"commentCount":0,"publisher":{"@id":"https:\/\/www.justiceinfo.net\/fr#organization"},"articleSection":["Hirondelle News"],"inLanguage":"fr-FR","potentialAction":[{"@type":"CommentAction","name":"Comment","target":["https:\/\/www.justiceinfo.net\/fr\/4299-10032004-tpirbutare-un-temoin-contredit-sa-declaration-ecrite1089.html#respond"]}]},{"@type":"WebPage","@id":"https:\/\/www.justiceinfo.net\/fr\/4299-10032004-tpirbutare-un-temoin-contredit-sa-declaration-ecrite1089.html","url":"https:\/\/www.justiceinfo.net\/fr\/4299-10032004-tpirbutare-un-temoin-contredit-sa-declaration-ecrite1089.html","name":"10.03.2004 - TPIR\/BUTARE - UN TEMOIN CONTREDIT SA DECLARATION ECRITE - JusticeInfo.net","isPartOf":{"@id":"https:\/\/www.justiceinfo.net\/fr#website"},"datePublished":"2004-03-09T23:00:00+00:00","breadcrumb":{"@id":"https:\/\/www.justiceinfo.net\/fr\/4299-10032004-tpirbutare-un-temoin-contredit-sa-declaration-ecrite1089.html#breadcrumb"},"inLanguage":"fr-FR","potentialAction":[{"@type":"ReadAction","target":["https:\/\/www.justiceinfo.net\/fr\/4299-10032004-tpirbutare-un-temoin-contredit-sa-declaration-ecrite1089.html"]}]},{"@type":"BreadcrumbList","@id":"https:\/\/www.justiceinfo.net\/fr\/4299-10032004-tpirbutare-un-temoin-contredit-sa-declaration-ecrite1089.html#breadcrumb","itemListElement":[{"@type":"ListItem","position":1,"name":"Home","item":"https:\/\/www.justiceinfo.net\/fr"},{"@type":"ListItem","position":2,"name":"10.03.2004 - TPIR\/BUTARE - UN TEMOIN CONTREDIT SA DECLARATION ECRITE"}]},{"@type":"WebSite","@id":"https:\/\/www.justiceinfo.net\/fr#website","url":"https:\/\/www.justiceinfo.net\/fr","name":"JusticeInfo.net","description":"La justice doit \u00eatre vue pour \u00eatre rendue","publisher":{"@id":"https:\/\/www.justiceinfo.net\/fr#organization"},"potentialAction":[{"@type":"SearchAction","target":{"@type":"EntryPoint","urlTemplate":"https:\/\/www.justiceinfo.net\/fr?s={search_term_string}"},"query-input":{"@type":"PropertyValueSpecification","valueRequired":true,"valueName":"search_term_string"}}],"inLanguage":"fr-FR"},{"@type":"Organization","@id":"https:\/\/www.justiceinfo.net\/fr#organization","name":"Justice Info","url":"https:\/\/www.justiceinfo.net\/fr","logo":{"@type":"ImageObject","inLanguage":"fr-FR","@id":"https:\/\/www.justiceinfo.net\/fr#\/schema\/logo\/image\/","url":"https:\/\/www.justiceinfo.net\/wp-content\/uploads\/justiceinfo_logo-trans_1200x1200px.png","contentUrl":"https:\/\/www.justiceinfo.net\/wp-content\/uploads\/justiceinfo_logo-trans_1200x1200px.png","width":1199,"height":1200,"caption":"Justice Info"},"image":{"@id":"https:\/\/www.justiceinfo.net\/fr#\/schema\/logo\/image\/"},"sameAs":["https:\/\/www.facebook.com\/JusticeInfo\/","https:\/\/x.com\/justiceinfonet","https:\/\/www.linkedin.com\/company\/justice-info","https:\/\/www.youtube.com\/channel\/UCyCEsARodyuWtkWyhn-e7pA"]},{"@type":"Person","name":"solivri","url":"\/fr\/?s=solivri"}]}},"_links":{"self":[{"href":"https:\/\/www.justiceinfo.net\/fr\/wp-json\/wp\/v2\/posts\/4299","targetHints":{"allow":["GET"]}}],"collection":[{"href":"https:\/\/www.justiceinfo.net\/fr\/wp-json\/wp\/v2\/posts"}],"about":[{"href":"https:\/\/www.justiceinfo.net\/fr\/wp-json\/wp\/v2\/types\/post"}],"author":[{"embeddable":true,"href":"https:\/\/www.justiceinfo.net\/fr\/wp-json\/wp\/v2\/users\/64"}],"replies":[{"embeddable":true,"href":"https:\/\/www.justiceinfo.net\/fr\/wp-json\/wp\/v2\/comments?post=4299"}],"version-history":[{"count":0,"href":"https:\/\/www.justiceinfo.net\/fr\/wp-json\/wp\/v2\/posts\/4299\/revisions"}],"wp:attachment":[{"href":"https:\/\/www.justiceinfo.net\/fr\/wp-json\/wp\/v2\/media?parent=4299"}],"wp:term":[{"taxonomy":"category","embeddable":true,"href":"https:\/\/www.justiceinfo.net\/fr\/wp-json\/wp\/v2\/categories?post=4299"},{"taxonomy":"post_tag","embeddable":true,"href":"https:\/\/www.justiceinfo.net\/fr\/wp-json\/wp\/v2\/tags?post=4299"},{"taxonomy":"ji_location","embeddable":true,"href":"https:\/\/www.justiceinfo.net\/fr\/wp-json\/wp\/v2\/ji_location?post=4299"}],"curies":[{"name":"wp","href":"https:\/\/api.w.org\/{rel}","templated":true}]}}