{"id":4305,"date":"2004-03-12T00:00:00","date_gmt":"2004-03-11T23:00:00","guid":{"rendered":"https:\/\/www.justiceinfo.net\/4305-12032004-tpirgouvernement-ii-second-ajournement-en-une-semaine-faute-de-temoins1095.html"},"modified":"2004-03-12T00:00:00","modified_gmt":"2004-03-11T23:00:00","slug":"12032004-tpirgouvernement-ii-second-ajournement-en-une-semaine-faute-de-temoins1095","status":"publish","type":"post","link":"https:\/\/www.justiceinfo.net\/fr\/4305-12032004-tpirgouvernement-ii-second-ajournement-en-une-semaine-faute-de-temoins1095.html","title":{"rendered":"12.03.2004 - TPIR\/GOUVERNEMENT II - SECOND AJOURNEMENT EN UNE SEMAINE FAUTE DE TEMOINS"},"content":{"rendered":"<p  >\nArusha 12 mars 2004(FH) - Le proc\u00e8s de quatre ex- ministres sous le gouvernement int\u00e9rimaire en place pendant le g\u00e9nocide anti-tutsi de 1994 a \u00e9t\u00e9 ajourn\u00e9 vendredi pour la seconde fois depuis le d\u00e9but de la semaine faute de t\u00e9moins \u00e0 charge.  Il avait \u00e9t\u00e9 report\u00e9 une premi\u00e8re fois mercredi.\n<\/p>\n<p><!--more--><\/p>\n<p  >\nSont accus\u00e9s dans ce proc\u00e8s ouvert le 6 novembre dernier les ex- ministres de la sant\u00e9, Casimir Bizimungu, des affaires \u00e9trang\u00e8res, J\u00e9r\u00f4me Bicamumpaka, du commerce, Justin Mugenzi, et de la fonction publique, Prosper Mugiraneza. Ils plaident non coupable.\n<\/p>\n<p  >\nLes d\u00e9bats ont \u00e9t\u00e9 suspendus au terme de la d\u00e9position du vingt-troisi\u00e8me t\u00e9moin \u00e0 charge. Le substitut nig\u00e9rian du procureur, Ibukunolu Babajide, a expliqu\u00e9 que le t\u00e9moin suivant \u00e9tait d\u00e9j\u00e0 arriv\u00e9 \u00e0 Arusha mais que son \u00e9tat de sant\u00e9 ne lui permettait pas de d\u00e9poser. Il a produit un certificat m\u00e9dical que la chambre a n\u00e9anmoins jug\u00e9 incomplet. Le document indiquait, sans autre pr\u00e9cision, que le t\u00e9moin pouvait prendre un repos.\n<\/p>\n<p  >\nLa juge pakistanaise Khalida Rachid Khan, qui pr\u00e9side les d\u00e9bats \u00e0 la place du Sri-lankais Asoka de Zoysa Gunawardana indisponible, a ordonn\u00e9 au procureur de fournir une pi\u00e8ce plus d\u00e9taill\u00e9e. Elle a en outre instruit le procureur de d\u00e9sormais s'assurer qu'il a des t\u00e9moins en r\u00e9serve.\n<\/p>\n<p  >\nLes d\u00e9bats ont \u00e9t\u00e9 toutefois report\u00e9s \u00e0 lundi, malgr\u00e9 les protestations de la d\u00e9fense.\n<\/p>\n<p  >\nMe Ben Gumpert, le co-conseil britannique de Justin Mugenzi, a notamment demand\u00e9 \u00e0 la chambre de bl\u00e2mer le m\u00e9decin officiel du TPIR qui a sign\u00e9 un certificat incomplet. La requ\u00eate a \u00e9t\u00e9 rejet\u00e9e.\n<\/p>\n<p  >\nAppel\u00e9 souvent \"Gouvernement II\", ce proc\u00e8s se d\u00e9roule devant la deuxi\u00e8me chambre de premi\u00e8re instance du Tribunal p\u00e9nal international pour le Rwanda (TPIR) comprenant, outre les juges Gunawardana et Khan, le Kenyan Lee Gacuiga Muthoga.\n<\/p>\n<p  >\nER\/PJ\/AT\/GF\/FH (GVII''0312A)<\/p>\n","protected":false},"excerpt":{"rendered":"<p>Arusha 12 mars 2004(FH) - Le proc\u00e8s de quatre ex- ministres sous le gouvernement int\u00e9rimaire en place pendant le g\u00e9nocide anti-tutsi de 1994 a \u00e9t\u00e9 ajourn\u00e9 vendredi pour la seconde fois depuis le d\u00e9but de la semaine faute de t\u00e9moins \u00e0 charge. Il avait \u00e9t\u00e9 report\u00e9 une premi\u00e8re fois mercredi.<\/p>\n","protected":false},"author":64,"featured_media":0,"comment_status":"open","ping_status":"closed","sticky":false,"template":"","format":"standard","meta":{"_acf_changed":false,"footnotes":""},"categories":[554],"tags":[],"ji_location":[],"class_list":["post-4305","post","type-post","status-publish","format-standard","hentry","category-hirondellenews"],"acf":[],"yoast_head":"<!-- This site is optimized with the Yoast SEO Premium plugin v25.3.1 (Yoast SEO v25.3.1) - https:\/\/yoast.com\/wordpress\/plugins\/seo\/ -->\n<title>12.03.2004 - TPIR\/GOUVERNEMENT II - SECOND AJOURNEMENT EN UNE SEMAINE FAUTE DE TEMOINS - JusticeInfo.net<\/title>\n<meta name=\"robots\" content=\"index, follow, max-snippet:-1, max-image-preview:large, max-video-preview:-1\" \/>\n<link rel=\"canonical\" href=\"https:\/\/www.justiceinfo.net\/fr\/4305-12032004-tpirgouvernement-ii-second-ajournement-en-une-semaine-faute-de-temoins1095.html\" \/>\n<meta property=\"og:locale\" content=\"fr_FR\" \/>\n<meta property=\"og:type\" content=\"article\" \/>\n<meta property=\"og:title\" content=\"12.03.2004 - TPIR\/GOUVERNEMENT II - SECOND AJOURNEMENT EN UNE SEMAINE FAUTE DE TEMOINS\" \/>\n<meta property=\"og:description\" content=\"Arusha 12 mars 2004(FH) - Le proc\u00e8s de quatre ex- ministres sous le gouvernement int\u00e9rimaire en place pendant le g\u00e9nocide anti-tutsi de 1994 a \u00e9t\u00e9 ajourn\u00e9 vendredi pour la seconde fois depuis le d\u00e9but de la semaine faute de t\u00e9moins \u00e0 charge. Il avait \u00e9t\u00e9 report\u00e9 une premi\u00e8re fois mercredi.\" \/>\n<meta property=\"og:url\" content=\"https:\/\/www.justiceinfo.net\/fr\/4305-12032004-tpirgouvernement-ii-second-ajournement-en-une-semaine-faute-de-temoins1095.html\" \/>\n<meta property=\"og:site_name\" content=\"JusticeInfo.net\" \/>\n<meta property=\"article:publisher\" content=\"https:\/\/www.facebook.com\/JusticeInfo\/\" \/>\n<meta property=\"article:published_time\" content=\"2004-03-11T23:00:00+00:00\" \/>\n<meta property=\"og:image\" content=\"https:\/\/www.justiceinfo.net\/wp-content\/uploads\/JusticeInfoNet_logo_1200x630px.jpg\" \/>\n\t<meta property=\"og:image:width\" content=\"1200\" \/>\n\t<meta property=\"og:image:height\" content=\"630\" \/>\n\t<meta property=\"og:image:type\" content=\"image\/jpeg\" \/>\n<meta name=\"author\" content=\"solivri\" \/>\n<meta name=\"twitter:card\" content=\"summary_large_image\" \/>\n<meta name=\"twitter:creator\" content=\"@justiceinfonet\" \/>\n<meta name=\"twitter:site\" content=\"@justiceinfonet\" \/>\n<meta name=\"twitter:label1\" content=\"\u00c9crit par\" \/>\n\t<meta name=\"twitter:data1\" content=\"solivri\" \/>\n\t<meta name=\"twitter:label2\" content=\"Dur\u00e9e de lecture estim\u00e9e\" \/>\n\t<meta name=\"twitter:data2\" content=\"2 minutes\" \/>\n<script type=\"application\/ld+json\" class=\"yoast-schema-graph\">{\"@context\":\"https:\/\/schema.org\",\"@graph\":[{\"@type\":\"NewsArticle\",\"@id\":\"https:\/\/www.justiceinfo.net\/fr\/4305-12032004-tpirgouvernement-ii-second-ajournement-en-une-semaine-faute-de-temoins1095.html#article\",\"isPartOf\":{\"@id\":\"https:\/\/www.justiceinfo.net\/fr\/4305-12032004-tpirgouvernement-ii-second-ajournement-en-une-semaine-faute-de-temoins1095.html\"},\"author\":{\"name\":\"solivri\",\"@id\":\"https:\/\/www.justiceinfo.net\/fr#\/schema\/person\/6e53cba1629e2e66f3fc1821d3091865\"},\"headline\":\"12.03.2004 - TPIR\/GOUVERNEMENT II - SECOND AJOURNEMENT EN UNE SEMAINE FAUTE DE TEMOINS\",\"datePublished\":\"2004-03-11T23:00:00+00:00\",\"mainEntityOfPage\":{\"@id\":\"https:\/\/www.justiceinfo.net\/fr\/4305-12032004-tpirgouvernement-ii-second-ajournement-en-une-semaine-faute-de-temoins1095.html\"},\"wordCount\":343,\"commentCount\":0,\"publisher\":{\"@id\":\"https:\/\/www.justiceinfo.net\/fr#organization\"},\"articleSection\":[\"Hirondelle News\"],\"inLanguage\":\"fr-FR\",\"potentialAction\":[{\"@type\":\"CommentAction\",\"name\":\"Comment\",\"target\":[\"https:\/\/www.justiceinfo.net\/fr\/4305-12032004-tpirgouvernement-ii-second-ajournement-en-une-semaine-faute-de-temoins1095.html#respond\"]}]},{\"@type\":\"WebPage\",\"@id\":\"https:\/\/www.justiceinfo.net\/fr\/4305-12032004-tpirgouvernement-ii-second-ajournement-en-une-semaine-faute-de-temoins1095.html\",\"url\":\"https:\/\/www.justiceinfo.net\/fr\/4305-12032004-tpirgouvernement-ii-second-ajournement-en-une-semaine-faute-de-temoins1095.html\",\"name\":\"12.03.2004 - TPIR\/GOUVERNEMENT II - SECOND AJOURNEMENT EN UNE SEMAINE FAUTE DE TEMOINS - JusticeInfo.net\",\"isPartOf\":{\"@id\":\"https:\/\/www.justiceinfo.net\/fr#website\"},\"datePublished\":\"2004-03-11T23:00:00+00:00\",\"breadcrumb\":{\"@id\":\"https:\/\/www.justiceinfo.net\/fr\/4305-12032004-tpirgouvernement-ii-second-ajournement-en-une-semaine-faute-de-temoins1095.html#breadcrumb\"},\"inLanguage\":\"fr-FR\",\"potentialAction\":[{\"@type\":\"ReadAction\",\"target\":[\"https:\/\/www.justiceinfo.net\/fr\/4305-12032004-tpirgouvernement-ii-second-ajournement-en-une-semaine-faute-de-temoins1095.html\"]}]},{\"@type\":\"BreadcrumbList\",\"@id\":\"https:\/\/www.justiceinfo.net\/fr\/4305-12032004-tpirgouvernement-ii-second-ajournement-en-une-semaine-faute-de-temoins1095.html#breadcrumb\",\"itemListElement\":[{\"@type\":\"ListItem\",\"position\":1,\"name\":\"Home\",\"item\":\"https:\/\/www.justiceinfo.net\/fr\"},{\"@type\":\"ListItem\",\"position\":2,\"name\":\"12.03.2004 - TPIR\/GOUVERNEMENT II - SECOND AJOURNEMENT EN UNE SEMAINE FAUTE DE TEMOINS\"}]},{\"@type\":\"WebSite\",\"@id\":\"https:\/\/www.justiceinfo.net\/fr#website\",\"url\":\"https:\/\/www.justiceinfo.net\/fr\",\"name\":\"JusticeInfo.net\",\"description\":\"La justice doit \u00eatre vue pour \u00eatre rendue\",\"publisher\":{\"@id\":\"https:\/\/www.justiceinfo.net\/fr#organization\"},\"potentialAction\":[{\"@type\":\"SearchAction\",\"target\":{\"@type\":\"EntryPoint\",\"urlTemplate\":\"https:\/\/www.justiceinfo.net\/fr?s={search_term_string}\"},\"query-input\":{\"@type\":\"PropertyValueSpecification\",\"valueRequired\":true,\"valueName\":\"search_term_string\"}}],\"inLanguage\":\"fr-FR\"},{\"@type\":\"Organization\",\"@id\":\"https:\/\/www.justiceinfo.net\/fr#organization\",\"name\":\"Justice Info\",\"url\":\"https:\/\/www.justiceinfo.net\/fr\",\"logo\":{\"@type\":\"ImageObject\",\"inLanguage\":\"fr-FR\",\"@id\":\"https:\/\/www.justiceinfo.net\/fr#\/schema\/logo\/image\/\",\"url\":\"https:\/\/www.justiceinfo.net\/wp-content\/uploads\/justiceinfo_logo-trans_1200x1200px.png\",\"contentUrl\":\"https:\/\/www.justiceinfo.net\/wp-content\/uploads\/justiceinfo_logo-trans_1200x1200px.png\",\"width\":1199,\"height\":1200,\"caption\":\"Justice Info\"},\"image\":{\"@id\":\"https:\/\/www.justiceinfo.net\/fr#\/schema\/logo\/image\/\"},\"sameAs\":[\"https:\/\/www.facebook.com\/JusticeInfo\/\",\"https:\/\/x.com\/justiceinfonet\",\"https:\/\/www.linkedin.com\/company\/justice-info\",\"https:\/\/www.youtube.com\/channel\/UCyCEsARodyuWtkWyhn-e7pA\"]},{\"@type\":\"Person\",\"name\":\"solivri\",\"url\":\"\/fr\/?s=solivri\"}]}<\/script>\n<!-- \/ Yoast SEO Premium plugin. -->","yoast_head_json":{"title":"12.03.2004 - TPIR\/GOUVERNEMENT II - SECOND AJOURNEMENT EN UNE SEMAINE FAUTE DE TEMOINS - JusticeInfo.net","robots":{"index":"index","follow":"follow","max-snippet":"max-snippet:-1","max-image-preview":"max-image-preview:large","max-video-preview":"max-video-preview:-1"},"canonical":"https:\/\/www.justiceinfo.net\/fr\/4305-12032004-tpirgouvernement-ii-second-ajournement-en-une-semaine-faute-de-temoins1095.html","og_locale":"fr_FR","og_type":"article","og_title":"12.03.2004 - TPIR\/GOUVERNEMENT II - SECOND AJOURNEMENT EN UNE SEMAINE FAUTE DE TEMOINS","og_description":"Arusha 12 mars 2004(FH) - Le proc\u00e8s de quatre ex- ministres sous le gouvernement int\u00e9rimaire en place pendant le g\u00e9nocide anti-tutsi de 1994 a \u00e9t\u00e9 ajourn\u00e9 vendredi pour la seconde fois depuis le d\u00e9but de la semaine faute de t\u00e9moins \u00e0 charge. Il avait \u00e9t\u00e9 report\u00e9 une premi\u00e8re fois mercredi.","og_url":"https:\/\/www.justiceinfo.net\/fr\/4305-12032004-tpirgouvernement-ii-second-ajournement-en-une-semaine-faute-de-temoins1095.html","og_site_name":"JusticeInfo.net","article_publisher":"https:\/\/www.facebook.com\/JusticeInfo\/","article_published_time":"2004-03-11T23:00:00+00:00","og_image":[{"width":1200,"height":630,"url":"https:\/\/www.justiceinfo.net\/wp-content\/uploads\/JusticeInfoNet_logo_1200x630px.jpg","type":"image\/jpeg"}],"author":"solivri","twitter_card":"summary_large_image","twitter_creator":"@justiceinfonet","twitter_site":"@justiceinfonet","twitter_misc":{"\u00c9crit par":"solivri","Dur\u00e9e de lecture estim\u00e9e":"2 minutes"},"schema":{"@context":"https:\/\/schema.org","@graph":[{"@type":"NewsArticle","@id":"https:\/\/www.justiceinfo.net\/fr\/4305-12032004-tpirgouvernement-ii-second-ajournement-en-une-semaine-faute-de-temoins1095.html#article","isPartOf":{"@id":"https:\/\/www.justiceinfo.net\/fr\/4305-12032004-tpirgouvernement-ii-second-ajournement-en-une-semaine-faute-de-temoins1095.html"},"author":{"name":"solivri","@id":"https:\/\/www.justiceinfo.net\/fr#\/schema\/person\/6e53cba1629e2e66f3fc1821d3091865"},"headline":"12.03.2004 - TPIR\/GOUVERNEMENT II - SECOND AJOURNEMENT EN UNE SEMAINE FAUTE DE TEMOINS","datePublished":"2004-03-11T23:00:00+00:00","mainEntityOfPage":{"@id":"https:\/\/www.justiceinfo.net\/fr\/4305-12032004-tpirgouvernement-ii-second-ajournement-en-une-semaine-faute-de-temoins1095.html"},"wordCount":343,"commentCount":0,"publisher":{"@id":"https:\/\/www.justiceinfo.net\/fr#organization"},"articleSection":["Hirondelle News"],"inLanguage":"fr-FR","potentialAction":[{"@type":"CommentAction","name":"Comment","target":["https:\/\/www.justiceinfo.net\/fr\/4305-12032004-tpirgouvernement-ii-second-ajournement-en-une-semaine-faute-de-temoins1095.html#respond"]}]},{"@type":"WebPage","@id":"https:\/\/www.justiceinfo.net\/fr\/4305-12032004-tpirgouvernement-ii-second-ajournement-en-une-semaine-faute-de-temoins1095.html","url":"https:\/\/www.justiceinfo.net\/fr\/4305-12032004-tpirgouvernement-ii-second-ajournement-en-une-semaine-faute-de-temoins1095.html","name":"12.03.2004 - TPIR\/GOUVERNEMENT II - SECOND AJOURNEMENT EN UNE SEMAINE FAUTE DE TEMOINS - JusticeInfo.net","isPartOf":{"@id":"https:\/\/www.justiceinfo.net\/fr#website"},"datePublished":"2004-03-11T23:00:00+00:00","breadcrumb":{"@id":"https:\/\/www.justiceinfo.net\/fr\/4305-12032004-tpirgouvernement-ii-second-ajournement-en-une-semaine-faute-de-temoins1095.html#breadcrumb"},"inLanguage":"fr-FR","potentialAction":[{"@type":"ReadAction","target":["https:\/\/www.justiceinfo.net\/fr\/4305-12032004-tpirgouvernement-ii-second-ajournement-en-une-semaine-faute-de-temoins1095.html"]}]},{"@type":"BreadcrumbList","@id":"https:\/\/www.justiceinfo.net\/fr\/4305-12032004-tpirgouvernement-ii-second-ajournement-en-une-semaine-faute-de-temoins1095.html#breadcrumb","itemListElement":[{"@type":"ListItem","position":1,"name":"Home","item":"https:\/\/www.justiceinfo.net\/fr"},{"@type":"ListItem","position":2,"name":"12.03.2004 - TPIR\/GOUVERNEMENT II - SECOND AJOURNEMENT EN UNE SEMAINE FAUTE DE TEMOINS"}]},{"@type":"WebSite","@id":"https:\/\/www.justiceinfo.net\/fr#website","url":"https:\/\/www.justiceinfo.net\/fr","name":"JusticeInfo.net","description":"La justice doit \u00eatre vue pour \u00eatre rendue","publisher":{"@id":"https:\/\/www.justiceinfo.net\/fr#organization"},"potentialAction":[{"@type":"SearchAction","target":{"@type":"EntryPoint","urlTemplate":"https:\/\/www.justiceinfo.net\/fr?s={search_term_string}"},"query-input":{"@type":"PropertyValueSpecification","valueRequired":true,"valueName":"search_term_string"}}],"inLanguage":"fr-FR"},{"@type":"Organization","@id":"https:\/\/www.justiceinfo.net\/fr#organization","name":"Justice Info","url":"https:\/\/www.justiceinfo.net\/fr","logo":{"@type":"ImageObject","inLanguage":"fr-FR","@id":"https:\/\/www.justiceinfo.net\/fr#\/schema\/logo\/image\/","url":"https:\/\/www.justiceinfo.net\/wp-content\/uploads\/justiceinfo_logo-trans_1200x1200px.png","contentUrl":"https:\/\/www.justiceinfo.net\/wp-content\/uploads\/justiceinfo_logo-trans_1200x1200px.png","width":1199,"height":1200,"caption":"Justice Info"},"image":{"@id":"https:\/\/www.justiceinfo.net\/fr#\/schema\/logo\/image\/"},"sameAs":["https:\/\/www.facebook.com\/JusticeInfo\/","https:\/\/x.com\/justiceinfonet","https:\/\/www.linkedin.com\/company\/justice-info","https:\/\/www.youtube.com\/channel\/UCyCEsARodyuWtkWyhn-e7pA"]},{"@type":"Person","name":"solivri","url":"\/fr\/?s=solivri"}]}},"_links":{"self":[{"href":"https:\/\/www.justiceinfo.net\/fr\/wp-json\/wp\/v2\/posts\/4305","targetHints":{"allow":["GET"]}}],"collection":[{"href":"https:\/\/www.justiceinfo.net\/fr\/wp-json\/wp\/v2\/posts"}],"about":[{"href":"https:\/\/www.justiceinfo.net\/fr\/wp-json\/wp\/v2\/types\/post"}],"author":[{"embeddable":true,"href":"https:\/\/www.justiceinfo.net\/fr\/wp-json\/wp\/v2\/users\/64"}],"replies":[{"embeddable":true,"href":"https:\/\/www.justiceinfo.net\/fr\/wp-json\/wp\/v2\/comments?post=4305"}],"version-history":[{"count":0,"href":"https:\/\/www.justiceinfo.net\/fr\/wp-json\/wp\/v2\/posts\/4305\/revisions"}],"wp:attachment":[{"href":"https:\/\/www.justiceinfo.net\/fr\/wp-json\/wp\/v2\/media?parent=4305"}],"wp:term":[{"taxonomy":"category","embeddable":true,"href":"https:\/\/www.justiceinfo.net\/fr\/wp-json\/wp\/v2\/categories?post=4305"},{"taxonomy":"post_tag","embeddable":true,"href":"https:\/\/www.justiceinfo.net\/fr\/wp-json\/wp\/v2\/tags?post=4305"},{"taxonomy":"ji_location","embeddable":true,"href":"https:\/\/www.justiceinfo.net\/fr\/wp-json\/wp\/v2\/ji_location?post=4305"}],"curies":[{"name":"wp","href":"https:\/\/api.w.org\/{rel}","templated":true}]}}