{"id":43107,"date":"2019-12-02T15:34:46","date_gmt":"2019-12-02T14:34:46","guid":{"rendered":"https:\/\/www.justiceinfo.net\/43107-ecoutez-la-justice-internationale-en-podcast.html"},"modified":"2019-12-02T15:34:46","modified_gmt":"2019-12-02T14:34:46","slug":"ecoutez-la-justice-internationale-en-podcast","status":"publish","type":"post","link":"https:\/\/www.justiceinfo.net\/fr\/43107-ecoutez-la-justice-internationale-en-podcast.html","title":{"rendered":"Ecoutez la justice internationale en podcast"},"content":{"rendered":"<p><strong>La justice est un \u00e9quilibre asym\u00e9trique entre le droit et la raison des puissants, et la justice internationale ne fait pas exception \u00e0 cette r\u00e8gle. Janet Anderson et Stephanie van den Berg sont les correspondantes de Justice Info \u00e0 La Haye. Deux journalistes, une coupe de cheveux. Elles ont lanc\u00e9 un podcast pour parler de la justice internationale avec les experts et les commentateurs de leur choix. Au moins une fois par mois, Justice Info ouvre ses oreilles, en partenariat avec Asymmetrical Haircuts. Restez \u00e0 l'\u00e9coute !<\/strong><\/p>\n<p><!--more--><\/p>\n<p>Les \u00e9missions audio d'<a href=\"https:\/\/www.asymmetricalhaircuts.com\/\" target=\"_blank\" rel=\"noopener noreferrer\">Asymmetrical Haircuts<\/a>, en partenariat avec Justice Info, sont disponibles uniquement en anglais. Nous vous invitons donc \u00e0 aller visiter la version anglaise de Justice Info et de vous rendre dans la rubrique\u00a0<strong><a href=\"en\/justiceinfo-comment-and-debate\/podcast.html\">PODCASTS<\/a><\/strong> pour y d\u00e9couvrir le tout premier \u00e9pisode diffus\u00e9 dans le cadre de notre partenariat (en r\u00e9alit\u00e9 il s'agit du 14\u00e8me \u00e9pisode du podcast depuis juillet 2019). Les \u00e9pisodes suivants viendront s'y ajouter au fil du temps.<\/p>\n<p>Cette \u00e9mission, publi\u00e9e le 1er d\u00e9cembre et republi\u00e9e par nos soins dans la foul\u00e9e aujourd'hui, s'intitule (en anglais donc) :<\/p>\n<h3><a href=\"en\/justiceinfo-comment-and-debate\/podcast\/43105-what-ngos-expect-from-the-icc-annual-meeting.html\">What NGOs expect from the ICC annual meeting<\/a><\/h3>\n","protected":false},"excerpt":{"rendered":"<p>La justice est un \u00e9quilibre asym\u00e9trique entre le droit et la raison des puissants, et la justice internationale ne fait pas exception \u00e0 cette r\u00e8gle. Janet Anderson et Stephanie van den Berg sont les correspondantes de Justice Info \u00e0 La Haye. Deux journalistes, une coupe de cheveux. Elles ont lanc\u00e9 un podcast pour parler de [&hellip;]<\/p>\n","protected":false},"author":64,"featured_media":61498,"comment_status":"open","ping_status":"closed","sticky":false,"template":"","format":"standard","meta":{"_acf_changed":false,"footnotes":""},"categories":[577],"tags":[],"ji_location":[2566],"class_list":["post-43107","post","type-post","status-publish","format-standard","has-post-thumbnail","hentry","category-podcast","ji_location-international"],"acf":[],"yoast_head":"<!-- This site is optimized with the Yoast SEO Premium plugin v25.3.1 (Yoast SEO v25.3.1) - https:\/\/yoast.com\/wordpress\/plugins\/seo\/ -->\n<title>Ecoutez la justice internationale en podcast - JusticeInfo.net<\/title>\n<meta name=\"robots\" content=\"index, follow, max-snippet:-1, max-image-preview:large, max-video-preview:-1\" \/>\n<link rel=\"canonical\" href=\"https:\/\/www.justiceinfo.net\/fr\/43107-ecoutez-la-justice-internationale-en-podcast.html\" \/>\n<meta property=\"og:locale\" content=\"fr_FR\" \/>\n<meta property=\"og:type\" content=\"article\" \/>\n<meta property=\"og:title\" content=\"Ecoutez la justice internationale en podcast\" \/>\n<meta property=\"og:description\" content=\"La justice est un \u00e9quilibre asym\u00e9trique entre le droit et la raison des puissants, et la justice internationale ne fait pas exception \u00e0 cette r\u00e8gle. Janet Anderson et Stephanie van den Berg sont les correspondantes de Justice Info \u00e0 La Haye. Deux journalistes, une coupe de cheveux. Elles ont lanc\u00e9 un podcast pour parler de [&hellip;]\" \/>\n<meta property=\"og:url\" content=\"https:\/\/www.justiceinfo.net\/fr\/43107-ecoutez-la-justice-internationale-en-podcast.html\" \/>\n<meta property=\"og:site_name\" content=\"JusticeInfo.net\" \/>\n<meta property=\"article:publisher\" content=\"https:\/\/www.facebook.com\/JusticeInfo\/\" \/>\n<meta property=\"article:published_time\" content=\"2019-12-02T14:34:46+00:00\" \/>\n<meta property=\"og:image\" content=\"https:\/\/www.justiceinfo.net\/wp-content\/uploads\/48212c9bdc86103266e032817692024f.jpg\" \/>\n\t<meta property=\"og:image:width\" content=\"1200\" \/>\n\t<meta property=\"og:image:height\" content=\"800\" \/>\n\t<meta property=\"og:image:type\" content=\"image\/jpeg\" \/>\n<meta name=\"author\" content=\"solivri\" \/>\n<meta name=\"twitter:card\" content=\"summary_large_image\" \/>\n<meta name=\"twitter:creator\" content=\"@justiceinfonet\" \/>\n<meta name=\"twitter:site\" content=\"@justiceinfonet\" \/>\n<meta name=\"twitter:label1\" content=\"\u00c9crit par\" \/>\n\t<meta name=\"twitter:data1\" content=\"solivri\" \/>\n\t<meta name=\"twitter:label2\" content=\"Dur\u00e9e de lecture estim\u00e9e\" \/>\n\t<meta name=\"twitter:data2\" content=\"1 minute\" \/>\n<script type=\"application\/ld+json\" class=\"yoast-schema-graph\">{\"@context\":\"https:\/\/schema.org\",\"@graph\":[{\"@type\":\"NewsArticle\",\"@id\":\"https:\/\/www.justiceinfo.net\/fr\/43107-ecoutez-la-justice-internationale-en-podcast.html#article\",\"isPartOf\":{\"@id\":\"https:\/\/www.justiceinfo.net\/fr\/43107-ecoutez-la-justice-internationale-en-podcast.html\"},\"author\":{\"name\":\"solivri\",\"@id\":\"https:\/\/www.justiceinfo.net\/fr#\/schema\/person\/6e53cba1629e2e66f3fc1821d3091865\"},\"headline\":\"Ecoutez la justice internationale en podcast\",\"datePublished\":\"2019-12-02T14:34:46+00:00\",\"mainEntityOfPage\":{\"@id\":\"https:\/\/www.justiceinfo.net\/fr\/43107-ecoutez-la-justice-internationale-en-podcast.html\"},\"wordCount\":200,\"commentCount\":0,\"publisher\":{\"@id\":\"https:\/\/www.justiceinfo.net\/fr#organization\"},\"image\":{\"@id\":\"https:\/\/www.justiceinfo.net\/fr\/43107-ecoutez-la-justice-internationale-en-podcast.html#primaryimage\"},\"thumbnailUrl\":\"https:\/\/www.justiceinfo.net\/wp-content\/uploads\/48212c9bdc86103266e032817692024f.jpg\",\"articleSection\":[\"Podcasts\"],\"inLanguage\":\"fr-FR\",\"potentialAction\":[{\"@type\":\"CommentAction\",\"name\":\"Comment\",\"target\":[\"https:\/\/www.justiceinfo.net\/fr\/43107-ecoutez-la-justice-internationale-en-podcast.html#respond\"]}]},{\"@type\":\"WebPage\",\"@id\":\"https:\/\/www.justiceinfo.net\/fr\/43107-ecoutez-la-justice-internationale-en-podcast.html\",\"url\":\"https:\/\/www.justiceinfo.net\/fr\/43107-ecoutez-la-justice-internationale-en-podcast.html\",\"name\":\"Ecoutez la justice internationale en podcast - JusticeInfo.net\",\"isPartOf\":{\"@id\":\"https:\/\/www.justiceinfo.net\/fr#website\"},\"primaryImageOfPage\":{\"@id\":\"https:\/\/www.justiceinfo.net\/fr\/43107-ecoutez-la-justice-internationale-en-podcast.html#primaryimage\"},\"image\":{\"@id\":\"https:\/\/www.justiceinfo.net\/fr\/43107-ecoutez-la-justice-internationale-en-podcast.html#primaryimage\"},\"thumbnailUrl\":\"https:\/\/www.justiceinfo.net\/wp-content\/uploads\/48212c9bdc86103266e032817692024f.jpg\",\"datePublished\":\"2019-12-02T14:34:46+00:00\",\"breadcrumb\":{\"@id\":\"https:\/\/www.justiceinfo.net\/fr\/43107-ecoutez-la-justice-internationale-en-podcast.html#breadcrumb\"},\"inLanguage\":\"fr-FR\",\"potentialAction\":[{\"@type\":\"ReadAction\",\"target\":[\"https:\/\/www.justiceinfo.net\/fr\/43107-ecoutez-la-justice-internationale-en-podcast.html\"]}]},{\"@type\":\"ImageObject\",\"inLanguage\":\"fr-FR\",\"@id\":\"https:\/\/www.justiceinfo.net\/fr\/43107-ecoutez-la-justice-internationale-en-podcast.html#primaryimage\",\"url\":\"https:\/\/www.justiceinfo.net\/wp-content\/uploads\/48212c9bdc86103266e032817692024f.jpg\",\"contentUrl\":\"https:\/\/www.justiceinfo.net\/wp-content\/uploads\/48212c9bdc86103266e032817692024f.jpg\",\"width\":1200,\"height\":800},{\"@type\":\"BreadcrumbList\",\"@id\":\"https:\/\/www.justiceinfo.net\/fr\/43107-ecoutez-la-justice-internationale-en-podcast.html#breadcrumb\",\"itemListElement\":[{\"@type\":\"ListItem\",\"position\":1,\"name\":\"Home\",\"item\":\"https:\/\/www.justiceinfo.net\/fr\"},{\"@type\":\"ListItem\",\"position\":2,\"name\":\"Ecoutez la justice internationale en podcast\"}]},{\"@type\":\"WebSite\",\"@id\":\"https:\/\/www.justiceinfo.net\/fr#website\",\"url\":\"https:\/\/www.justiceinfo.net\/fr\",\"name\":\"JusticeInfo.net\",\"description\":\"La justice doit \u00eatre vue pour \u00eatre rendue\",\"publisher\":{\"@id\":\"https:\/\/www.justiceinfo.net\/fr#organization\"},\"potentialAction\":[{\"@type\":\"SearchAction\",\"target\":{\"@type\":\"EntryPoint\",\"urlTemplate\":\"https:\/\/www.justiceinfo.net\/fr?s={search_term_string}\"},\"query-input\":{\"@type\":\"PropertyValueSpecification\",\"valueRequired\":true,\"valueName\":\"search_term_string\"}}],\"inLanguage\":\"fr-FR\"},{\"@type\":\"Organization\",\"@id\":\"https:\/\/www.justiceinfo.net\/fr#organization\",\"name\":\"Justice Info\",\"url\":\"https:\/\/www.justiceinfo.net\/fr\",\"logo\":{\"@type\":\"ImageObject\",\"inLanguage\":\"fr-FR\",\"@id\":\"https:\/\/www.justiceinfo.net\/fr#\/schema\/logo\/image\/\",\"url\":\"https:\/\/www.justiceinfo.net\/wp-content\/uploads\/justiceinfo_logo-trans_1200x1200px.png\",\"contentUrl\":\"https:\/\/www.justiceinfo.net\/wp-content\/uploads\/justiceinfo_logo-trans_1200x1200px.png\",\"width\":1199,\"height\":1200,\"caption\":\"Justice Info\"},\"image\":{\"@id\":\"https:\/\/www.justiceinfo.net\/fr#\/schema\/logo\/image\/\"},\"sameAs\":[\"https:\/\/www.facebook.com\/JusticeInfo\/\",\"https:\/\/x.com\/justiceinfonet\",\"https:\/\/www.linkedin.com\/company\/justice-info\",\"https:\/\/www.youtube.com\/channel\/UCyCEsARodyuWtkWyhn-e7pA\"]},{\"@type\":\"Person\",\"name\":\"solivri\",\"url\":\"\/fr\/?s=solivri\"}]}<\/script>\n<!-- \/ Yoast SEO Premium plugin. -->","yoast_head_json":{"title":"Ecoutez la justice internationale en podcast - JusticeInfo.net","robots":{"index":"index","follow":"follow","max-snippet":"max-snippet:-1","max-image-preview":"max-image-preview:large","max-video-preview":"max-video-preview:-1"},"canonical":"https:\/\/www.justiceinfo.net\/fr\/43107-ecoutez-la-justice-internationale-en-podcast.html","og_locale":"fr_FR","og_type":"article","og_title":"Ecoutez la justice internationale en podcast","og_description":"La justice est un \u00e9quilibre asym\u00e9trique entre le droit et la raison des puissants, et la justice internationale ne fait pas exception \u00e0 cette r\u00e8gle. Janet Anderson et Stephanie van den Berg sont les correspondantes de Justice Info \u00e0 La Haye. Deux journalistes, une coupe de cheveux. Elles ont lanc\u00e9 un podcast pour parler de [&hellip;]","og_url":"https:\/\/www.justiceinfo.net\/fr\/43107-ecoutez-la-justice-internationale-en-podcast.html","og_site_name":"JusticeInfo.net","article_publisher":"https:\/\/www.facebook.com\/JusticeInfo\/","article_published_time":"2019-12-02T14:34:46+00:00","og_image":[{"width":1200,"height":800,"url":"https:\/\/www.justiceinfo.net\/wp-content\/uploads\/48212c9bdc86103266e032817692024f.jpg","type":"image\/jpeg"}],"author":"solivri","twitter_card":"summary_large_image","twitter_creator":"@justiceinfonet","twitter_site":"@justiceinfonet","twitter_misc":{"\u00c9crit par":"solivri","Dur\u00e9e de lecture estim\u00e9e":"1 minute"},"schema":{"@context":"https:\/\/schema.org","@graph":[{"@type":"NewsArticle","@id":"https:\/\/www.justiceinfo.net\/fr\/43107-ecoutez-la-justice-internationale-en-podcast.html#article","isPartOf":{"@id":"https:\/\/www.justiceinfo.net\/fr\/43107-ecoutez-la-justice-internationale-en-podcast.html"},"author":{"name":"solivri","@id":"https:\/\/www.justiceinfo.net\/fr#\/schema\/person\/6e53cba1629e2e66f3fc1821d3091865"},"headline":"Ecoutez la justice internationale en podcast","datePublished":"2019-12-02T14:34:46+00:00","mainEntityOfPage":{"@id":"https:\/\/www.justiceinfo.net\/fr\/43107-ecoutez-la-justice-internationale-en-podcast.html"},"wordCount":200,"commentCount":0,"publisher":{"@id":"https:\/\/www.justiceinfo.net\/fr#organization"},"image":{"@id":"https:\/\/www.justiceinfo.net\/fr\/43107-ecoutez-la-justice-internationale-en-podcast.html#primaryimage"},"thumbnailUrl":"https:\/\/www.justiceinfo.net\/wp-content\/uploads\/48212c9bdc86103266e032817692024f.jpg","articleSection":["Podcasts"],"inLanguage":"fr-FR","potentialAction":[{"@type":"CommentAction","name":"Comment","target":["https:\/\/www.justiceinfo.net\/fr\/43107-ecoutez-la-justice-internationale-en-podcast.html#respond"]}]},{"@type":"WebPage","@id":"https:\/\/www.justiceinfo.net\/fr\/43107-ecoutez-la-justice-internationale-en-podcast.html","url":"https:\/\/www.justiceinfo.net\/fr\/43107-ecoutez-la-justice-internationale-en-podcast.html","name":"Ecoutez la justice internationale en podcast - JusticeInfo.net","isPartOf":{"@id":"https:\/\/www.justiceinfo.net\/fr#website"},"primaryImageOfPage":{"@id":"https:\/\/www.justiceinfo.net\/fr\/43107-ecoutez-la-justice-internationale-en-podcast.html#primaryimage"},"image":{"@id":"https:\/\/www.justiceinfo.net\/fr\/43107-ecoutez-la-justice-internationale-en-podcast.html#primaryimage"},"thumbnailUrl":"https:\/\/www.justiceinfo.net\/wp-content\/uploads\/48212c9bdc86103266e032817692024f.jpg","datePublished":"2019-12-02T14:34:46+00:00","breadcrumb":{"@id":"https:\/\/www.justiceinfo.net\/fr\/43107-ecoutez-la-justice-internationale-en-podcast.html#breadcrumb"},"inLanguage":"fr-FR","potentialAction":[{"@type":"ReadAction","target":["https:\/\/www.justiceinfo.net\/fr\/43107-ecoutez-la-justice-internationale-en-podcast.html"]}]},{"@type":"ImageObject","inLanguage":"fr-FR","@id":"https:\/\/www.justiceinfo.net\/fr\/43107-ecoutez-la-justice-internationale-en-podcast.html#primaryimage","url":"https:\/\/www.justiceinfo.net\/wp-content\/uploads\/48212c9bdc86103266e032817692024f.jpg","contentUrl":"https:\/\/www.justiceinfo.net\/wp-content\/uploads\/48212c9bdc86103266e032817692024f.jpg","width":1200,"height":800},{"@type":"BreadcrumbList","@id":"https:\/\/www.justiceinfo.net\/fr\/43107-ecoutez-la-justice-internationale-en-podcast.html#breadcrumb","itemListElement":[{"@type":"ListItem","position":1,"name":"Home","item":"https:\/\/www.justiceinfo.net\/fr"},{"@type":"ListItem","position":2,"name":"Ecoutez la justice internationale en podcast"}]},{"@type":"WebSite","@id":"https:\/\/www.justiceinfo.net\/fr#website","url":"https:\/\/www.justiceinfo.net\/fr","name":"JusticeInfo.net","description":"La justice doit \u00eatre vue pour \u00eatre rendue","publisher":{"@id":"https:\/\/www.justiceinfo.net\/fr#organization"},"potentialAction":[{"@type":"SearchAction","target":{"@type":"EntryPoint","urlTemplate":"https:\/\/www.justiceinfo.net\/fr?s={search_term_string}"},"query-input":{"@type":"PropertyValueSpecification","valueRequired":true,"valueName":"search_term_string"}}],"inLanguage":"fr-FR"},{"@type":"Organization","@id":"https:\/\/www.justiceinfo.net\/fr#organization","name":"Justice Info","url":"https:\/\/www.justiceinfo.net\/fr","logo":{"@type":"ImageObject","inLanguage":"fr-FR","@id":"https:\/\/www.justiceinfo.net\/fr#\/schema\/logo\/image\/","url":"https:\/\/www.justiceinfo.net\/wp-content\/uploads\/justiceinfo_logo-trans_1200x1200px.png","contentUrl":"https:\/\/www.justiceinfo.net\/wp-content\/uploads\/justiceinfo_logo-trans_1200x1200px.png","width":1199,"height":1200,"caption":"Justice Info"},"image":{"@id":"https:\/\/www.justiceinfo.net\/fr#\/schema\/logo\/image\/"},"sameAs":["https:\/\/www.facebook.com\/JusticeInfo\/","https:\/\/x.com\/justiceinfonet","https:\/\/www.linkedin.com\/company\/justice-info","https:\/\/www.youtube.com\/channel\/UCyCEsARodyuWtkWyhn-e7pA"]},{"@type":"Person","name":"solivri","url":"\/fr\/?s=solivri"}]}},"_links":{"self":[{"href":"https:\/\/www.justiceinfo.net\/fr\/wp-json\/wp\/v2\/posts\/43107","targetHints":{"allow":["GET"]}}],"collection":[{"href":"https:\/\/www.justiceinfo.net\/fr\/wp-json\/wp\/v2\/posts"}],"about":[{"href":"https:\/\/www.justiceinfo.net\/fr\/wp-json\/wp\/v2\/types\/post"}],"author":[{"embeddable":true,"href":"https:\/\/www.justiceinfo.net\/fr\/wp-json\/wp\/v2\/users\/64"}],"replies":[{"embeddable":true,"href":"https:\/\/www.justiceinfo.net\/fr\/wp-json\/wp\/v2\/comments?post=43107"}],"version-history":[{"count":0,"href":"https:\/\/www.justiceinfo.net\/fr\/wp-json\/wp\/v2\/posts\/43107\/revisions"}],"wp:featuredmedia":[{"embeddable":true,"href":"https:\/\/www.justiceinfo.net\/fr\/wp-json\/wp\/v2\/media\/61498"}],"wp:attachment":[{"href":"https:\/\/www.justiceinfo.net\/fr\/wp-json\/wp\/v2\/media?parent=43107"}],"wp:term":[{"taxonomy":"category","embeddable":true,"href":"https:\/\/www.justiceinfo.net\/fr\/wp-json\/wp\/v2\/categories?post=43107"},{"taxonomy":"post_tag","embeddable":true,"href":"https:\/\/www.justiceinfo.net\/fr\/wp-json\/wp\/v2\/tags?post=43107"},{"taxonomy":"ji_location","embeddable":true,"href":"https:\/\/www.justiceinfo.net\/fr\/wp-json\/wp\/v2\/ji_location?post=43107"}],"curies":[{"name":"wp","href":"https:\/\/api.w.org\/{rel}","templated":true}]}}