{"id":43371,"date":"2019-12-20T11:48:04","date_gmt":"2019-12-20T10:48:04","guid":{"rendered":"https:\/\/www.justiceinfo.net\/43371-fabien-neretse-reconnu-coupable-genocide.html"},"modified":"2021-07-08T18:18:03","modified_gmt":"2021-07-08T16:18:03","slug":"fabien-neretse-reconnu-coupable-genocide","status":"publish","type":"post","link":"https:\/\/www.justiceinfo.net\/fr\/43371-fabien-neretse-reconnu-coupable-genocide.html","title":{"rendered":"Fabien Neretse reconnu coupable de g\u00e9nocide"},"content":{"rendered":"<p><strong>Fabien Neretse, ancien haut fonctionnaire rwandais, a \u00e9t\u00e9 jug\u00e9 coupable de g\u00e9nocide par un tribunal belge. Le septuag\u00e9naire est reconnu coupable d'au moins onze meurtres et trois tentatives de meurtres, commis au Rwanda en 1994 et qualifi\u00e9s de crimes de guerre. Surtout il est reconnu coupable du crime de g\u00e9nocide contre les Tutsis du Rwanda, une premi\u00e8re pour la justice belge. Il a \u00e9cop\u00e9 de 25 ans de prison.<br \/><\/strong><\/p>\n<p><!--more--><\/p>\n<p>Fabien Neretse est rest\u00e9 impassible, assis dans le box des accus\u00e9s, v\u00eatu d'un costume sombre, cravate et chemise blanche, \u00e9coutant un long verdict accablant qui ne l\u2019a \u00e9pargn\u00e9 que pour deux meurtres dont le procureur lui-m\u00eame demandait l'abandon.<\/p>\n<p>Les jur\u00e9s ont suivi la droite ligne trac\u00e9e par le procureur f\u00e9d\u00e9ral, Arnaud d'Oultremont. Pas de place aux doutes dans cet arr\u00eat rendu le 19 d\u00e9cembre dans la soir\u00e9e par la cour d'assises de Bruxelles o\u00f9, malgr\u00e9 l'heure tardive, le public \u00e9tait pr\u00e9sent en nombre. Deux journ\u00e9es compl\u00e8tes de d\u00e9lib\u00e9ration ont \u00e9t\u00e9 n\u00e9cessaires aux douze jur\u00e9s pour faire le tri parmi la centaine de t\u00e9moignages entendus en six semaines.<\/p>\n<h3>Coupable de crimes \u00e0 Mataba et \u00e0 Kigali<\/h3>\n<p>Fabien Neretse est reconnu coupable d'avoir cr\u00e9\u00e9, <a href=\"fr\/tribunaux\/tribunaux-nationaux\/43069-coups-de-feu-a-mataba-neretse-a-dit-qu-il-ne-fallait-pas-avoir-peur.html\">entretenu et financ\u00e9 une milice d'Interahamwe dans son village natal \u00e0 Mataba<\/a> (Nord-Ouest du Rwanda), o\u00f9 il s'\u00e9tait install\u00e9 d\u00e8s la mi-avril 1994. Cette milice avait tu\u00e9 Anastase Nzamwita pr\u00e8s de Mataba, en mai 1994, et Joseph Mpendwanzi, un opposant politique hutu, pr\u00e8s de Muvuba, le 19 juin 1994, ainsi qu'un nombre ind\u00e9termin\u00e9 de personnes qui sont rest\u00e9es non-identifi\u00e9es ou mal identifi\u00e9es. Pour ces meurtres, il est reconnu coupable de crimes de guerre.<\/p>\n<p>Une vingtaine de t\u00e9moignages se recoupaient solidement concernant l'enl\u00e8vement de Joseph Mpendwanzi par des Interahamwe. Tous relataient qu'il avait \u00e9t\u00e9 d\u00e9busqu\u00e9 dans une maison o\u00f9 il se cachait, puis emmen\u00e9 par les miliciens, ligot\u00e9, et transport\u00e9 dans la benne du pick-up de Fabien Neretse, conduit par ce dernier lui-m\u00eame. L'explication de l'accus\u00e9, selon laquelle son v\u00e9hicule \u00e9tait en fait r\u00e9quisitionn\u00e9 et qu'il avait tent\u00e9 de dissuader les ravisseurs de Mpendwanzi d'emmener cet homme, n'a pas convaincu. Les jur\u00e9s ont tout bonnement qualifi\u00e9 son r\u00e9cit d'\u00a0\u00ab\u00a0invraisemblable\u00a0\u00bb.<\/p>\n<p>Fabien Neretse est aussi reconnu coupable d'avoir <a href=\"fr\/tribunaux\/tribunaux-nationaux\/43010-tuerie-nyamirambo-neretse.html\">d\u00e9nonc\u00e9 ses voisins du quartier Nyamirambo, \u00e0 Kigali, le 9 avril 1994<\/a>, avant qu'il ne quitte la capitale pour Mataba. Des faits bien moins limpides que ceux d\u00e9crits \u00e0 Mataba. Il s'agissait de d\u00e9montrer que Fabien Neretse avait contact\u00e9 les militaires pour les avertir que plusieurs familles tutsies dans son voisinage s'appr\u00eataient \u00e0 fuir. Les familles Sisi, Gakwaya et Bucyana s'\u00e9taient rassembl\u00e9es dans la parcelle des Sisi et avaient d\u00e9j\u00e0 charg\u00e9 les voitures de leurs bagages lorsque militaires et miliciens Interahamwe ont fait irruption. Ils ont abattu onze personnes, dont la Belge Claire Beckers, \u00e9pouse d'Isa\u00efe Bucyana, et tent\u00e9 d'en tuer trois. Fabien Neretse est reconnu coupable de neuf des onze meurtres et des trois tentatives de meurtre, tous qualifi\u00e9s une fois encore de crimes de guerre.<\/p>\n<h3>Avec l\u2019intention de d\u00e9truire les Tutsis<\/h3>\n<p>La t\u00e2che s'av\u00e9rait d\u00e9licate car il n'y avait aucune trace d'un appel t\u00e9l\u00e9phonique pass\u00e9 par Fabien Neretse \u00e0 des autorit\u00e9s militaires et personne ne l'avait entendu dire aux militaires que lesdites familles \u00e9taient sur le point de fuir. Mais les jur\u00e9s ont saut\u00e9 le pas. Ernest Gakwaya, qui a perdu sa femme et sa fille dans l'attaque, avait d\u00e9clar\u00e9 avoir vu Neretse montrer du doigt la maison des Sisi aux militaires. Et R\u00e9gine Bategure, rescap\u00e9e de la fusillade, avait affirm\u00e9 que \u00ab\u00a0quelqu'un de chez Neretse\u00a0\u00bb \u00e9tait pr\u00e9sent avec les militaires. Selon les avocats de Neretse, ces t\u00e9moignages isol\u00e9s ou ces preuves indirectes posaient le doute\u00a0: \u00ab\u00a0\u00c7a fait 25 ans qu'on cultive la rumeur que c'est Fabien Neretse qui a appel\u00e9 les militaires. Mais apr\u00e8s 18 ans d'enqu\u00eate on n'a pas un t\u00e9moin qui peut confirmer que c'est lui qui les a appel\u00e9s. C'est une rumeur ! La rumeur fausse les choses et elle blesse\u00a0\u00bb, avait martel\u00e9 l\u2019avocat Jean-Pierre Jacques, avan\u00e7ant qu'une autre piste avait \u00e9t\u00e9 compl\u00e8tement d\u00e9laiss\u00e9e par l'enqu\u00eate, celle d'Evariste Nyampame, un major des Forces arm\u00e9es rwandaises (FAR) qui vivait dans ce m\u00eame quartier et avait vue sur la parcelle des Sisi.<\/p>\n<p>Reste le crime de g\u00e9nocide. C'est la premi\u00e8re fois qu'un accus\u00e9 devait en r\u00e9pondre en Belgique et il est d\u00e9clar\u00e9 \u00e9tabli par la cour. Les jur\u00e9s devaient d\u00e9cider si Fabien Neretse avait commis tous ces meurtres en \u00e9tant anim\u00e9 de l'intention de d\u00e9truire l'ethnie tutsie. Pour cela, ils ont tenu compte des quelques t\u00e9moignages rapportant des propos tenus par Neretse, selon lesquels il fallait \u00ab\u00a0poursuivre la traque des Tutsis jusque dans les collines\u00a0\u00bb, ou rapportant des instructions qu'il donnait aux Interahamwe, notamment qu'il ne fallait pas \u00ab\u00a0s'\u00e9puiser \u00e0 creuser des trous mais conduire les Tutsis tu\u00e9s \u00e0 la rivi\u00e8re Nyabarongo\u00a0\u00bb.<\/p>\n<h3>Le faux pas de l\u2019accus\u00e9<\/h3>\n<p>Au cours du proc\u00e8s, Fabien Neretse a persist\u00e9 \u00e0 dire qu'il avait sauv\u00e9 des Tutsis, qu'il \u00e9tait tr\u00e8s ami avec son voisin Evariste Sisi et qu'il n'\u00e9tait plus un homme influent au parti au pouvoir, le MRND, depuis qu'il avait \u00e9t\u00e9 \u00e9vinc\u00e9 de son poste de directeur de l'OCIR-Caf\u00e9, l\u2019organisme para\u00e9tatique g\u00e9rant la vente et l'exportation de caf\u00e9. Mais il n\u2019a pas convaincu les jur\u00e9s. Un \u00e9v\u00e9nement l'a sans doute perdu\u00a0: une fausse d\u00e9claration du fils de Joseph Mpendwanzi qu'il a d\u00e9pos\u00e9e lui-m\u00eame \u00e0 la cour. \u00ab\u00a0Monsieur Neretse Fabien, moi, j'accepte de te r\u00e9tablir dans tes droits car je sais bien que tu es victime d'une injustice\u00a0\u00bb, disait le document, sign\u00e9 de Jean-Paul Mpendwanzi, auquel \u00e9tait jointe une copie de sa carte d'identit\u00e9. Le pr\u00e9sum\u00e9 auteur, entendu comme t\u00e9moin par la cour, a vivement d\u00e9menti avoir d\u00e9clar\u00e9 une telle chose, lui qui a \u00e9t\u00e9 t\u00e9moin direct de la capture de son p\u00e8re par les Interahamwe, v\u00e9hicul\u00e9s par Neretse.<\/p>\n<p>Interrog\u00e9 par la pr\u00e9sidente du tribunal, l\u2019accus\u00e9 avait r\u00e9pondu que l'\u00e9crit lui avait \u00e9t\u00e9 remis par \u00ab\u00a0des gens au Rwanda\u00a0\u00bb dont il ne pouvait pas citer les noms sans mettre en p\u00e9ril leur s\u00e9curit\u00e9... Une explication qui a laiss\u00e9 la cour perplexe. En plaidoirie, la partie civile n'a pas h\u00e9sit\u00e9 \u00e0 d\u00e9noncer des \u00ab\u00a0pratiques mafieuses\u00a0\u00bb. \u00ab\u00a0Nous avons assist\u00e9 \u00e0 une d\u00e9fense que je qualifierais de propagande g\u00e9nocidaire. Des t\u00e9moins ont \u00e9t\u00e9 pr\u00e9par\u00e9s avant leur audition, par l'accus\u00e9. Il ne s'agit pas seulement d'acheter les t\u00e9moins, il y aussi les menaces, les pressions sur les t\u00e9moins et les faux\u00a0\u00bb, avait vilipend\u00e9 l\u2019avocate Mich\u00e8le Hirsch.<\/p>\n<p>Vingt-cinq ans apr\u00e8s les faits, Fabien Neretse est donc reconnu coupable dans le g\u00e9nocide des Tutsis au Rwanda. Avant que le jury se retire pour d\u00e9lib\u00e9rer, il avait eu ces derniers mots\u00a0: \u00ab\u00a0Je ne cesserai de dire que j'avais beaucoup d'amis tutsis. Je pense que c'est par l'\u00e9ducation et la compr\u00e9hension de notre histoire qu'on pourra lutter contre les injustices et ma condamnation ou mon acquittement n'y changera rien.\u00a0\u00bb<\/p>\n","protected":false},"excerpt":{"rendered":"<p>Fabien Neretse, ancien haut fonctionnaire rwandais, a \u00e9t\u00e9 jug\u00e9 coupable de g\u00e9nocide par un tribunal belge. Le septuag\u00e9naire est reconnu coupable d'au moins onze meurtres et trois tentatives de meurtres, commis au Rwanda en 1994 et qualifi\u00e9s de crimes de guerre. Surtout il est reconnu coupable du crime de g\u00e9nocide contre les Tutsis du Rwanda, [&hellip;]<\/p>\n","protected":false},"author":78,"featured_media":63226,"comment_status":"open","ping_status":"closed","sticky":false,"template":"","format":"standard","meta":{"_acf_changed":false,"footnotes":""},"categories":[2800,574],"tags":[],"ji_location":[2430],"class_list":["post-43371","post","type-post","status-publish","format-standard","has-post-thumbnail","hentry","category-competence-universelle","category-tribunaux-nationaux","ji_location-rwanda"],"acf":[],"yoast_head":"<!-- This site is optimized with the Yoast SEO Premium plugin v25.3.1 (Yoast SEO v25.3.1) - https:\/\/yoast.com\/wordpress\/plugins\/seo\/ -->\n<title>Fabien Neretse reconnu coupable de g\u00e9nocide - JusticeInfo.net<\/title>\n<meta name=\"robots\" content=\"index, follow, max-snippet:-1, max-image-preview:large, max-video-preview:-1\" \/>\n<link rel=\"canonical\" href=\"https:\/\/www.justiceinfo.net\/fr\/43371-fabien-neretse-reconnu-coupable-genocide.html\" \/>\n<meta property=\"og:locale\" content=\"fr_FR\" \/>\n<meta property=\"og:type\" content=\"article\" \/>\n<meta property=\"og:title\" content=\"Fabien Neretse reconnu coupable de g\u00e9nocide\" \/>\n<meta property=\"og:description\" content=\"Fabien Neretse, ancien haut fonctionnaire rwandais, a \u00e9t\u00e9 jug\u00e9 coupable de g\u00e9nocide par un tribunal belge. Le septuag\u00e9naire est reconnu coupable d&#039;au moins onze meurtres et trois tentatives de meurtres, commis au Rwanda en 1994 et qualifi\u00e9s de crimes de guerre. Surtout il est reconnu coupable du crime de g\u00e9nocide contre les Tutsis du Rwanda, [&hellip;]\" \/>\n<meta property=\"og:url\" content=\"https:\/\/www.justiceinfo.net\/fr\/43371-fabien-neretse-reconnu-coupable-genocide.html\" \/>\n<meta property=\"og:site_name\" content=\"JusticeInfo.net\" \/>\n<meta property=\"article:publisher\" content=\"https:\/\/www.facebook.com\/JusticeInfo\/\" \/>\n<meta property=\"article:published_time\" content=\"2019-12-20T10:48:04+00:00\" \/>\n<meta property=\"article:modified_time\" content=\"2021-07-08T16:18:03+00:00\" \/>\n<meta property=\"og:image\" content=\"https:\/\/www.justiceinfo.net\/wp-content\/uploads\/c95a7ba408ed5c08ea0c40e9ba96efad.jpg\" \/>\n\t<meta property=\"og:image:width\" content=\"1200\" \/>\n\t<meta property=\"og:image:height\" content=\"808\" \/>\n\t<meta property=\"og:image:type\" content=\"image\/jpeg\" \/>\n<meta name=\"author\" content=\"Ga\u00eblle Ponselet\" \/>\n<meta name=\"twitter:card\" content=\"summary_large_image\" \/>\n<meta name=\"twitter:creator\" content=\"@GPonselet\" \/>\n<meta name=\"twitter:site\" content=\"@justiceinfonet\" \/>\n<meta name=\"twitter:label1\" content=\"\u00c9crit par\" \/>\n\t<meta name=\"twitter:data1\" content=\"Ga\u00eblle Ponselet\" \/>\n\t<meta name=\"twitter:label2\" content=\"Dur\u00e9e de lecture estim\u00e9e\" \/>\n\t<meta name=\"twitter:data2\" content=\"6 minutes\" \/>\n<script type=\"application\/ld+json\" class=\"yoast-schema-graph\">{\"@context\":\"https:\/\/schema.org\",\"@graph\":[{\"@type\":\"NewsArticle\",\"@id\":\"https:\/\/www.justiceinfo.net\/fr\/43371-fabien-neretse-reconnu-coupable-genocide.html#article\",\"isPartOf\":{\"@id\":\"https:\/\/www.justiceinfo.net\/fr\/43371-fabien-neretse-reconnu-coupable-genocide.html\"},\"author\":{\"name\":\"gponselet\",\"@id\":\"https:\/\/www.justiceinfo.net\/fr#\/schema\/person\/54c8e9b9b4c3085fe9bf53e55efb3a62\"},\"headline\":\"Fabien Neretse reconnu coupable de g\u00e9nocide\",\"datePublished\":\"2019-12-20T10:48:04+00:00\",\"dateModified\":\"2021-07-08T16:18:03+00:00\",\"mainEntityOfPage\":{\"@id\":\"https:\/\/www.justiceinfo.net\/fr\/43371-fabien-neretse-reconnu-coupable-genocide.html\"},\"wordCount\":1296,\"commentCount\":0,\"publisher\":{\"@id\":\"https:\/\/www.justiceinfo.net\/fr#organization\"},\"image\":{\"@id\":\"https:\/\/www.justiceinfo.net\/fr\/43371-fabien-neretse-reconnu-coupable-genocide.html#primaryimage\"},\"thumbnailUrl\":\"https:\/\/www.justiceinfo.net\/wp-content\/uploads\/c95a7ba408ed5c08ea0c40e9ba96efad.jpg\",\"articleSection\":[\"Comp\u00e9tence universelle\",\"Tribunaux nationaux\"],\"inLanguage\":\"fr-FR\",\"potentialAction\":[{\"@type\":\"CommentAction\",\"name\":\"Comment\",\"target\":[\"https:\/\/www.justiceinfo.net\/fr\/43371-fabien-neretse-reconnu-coupable-genocide.html#respond\"]}]},{\"@type\":\"WebPage\",\"@id\":\"https:\/\/www.justiceinfo.net\/fr\/43371-fabien-neretse-reconnu-coupable-genocide.html\",\"url\":\"https:\/\/www.justiceinfo.net\/fr\/43371-fabien-neretse-reconnu-coupable-genocide.html\",\"name\":\"Fabien Neretse reconnu coupable de g\u00e9nocide - JusticeInfo.net\",\"isPartOf\":{\"@id\":\"https:\/\/www.justiceinfo.net\/fr#website\"},\"primaryImageOfPage\":{\"@id\":\"https:\/\/www.justiceinfo.net\/fr\/43371-fabien-neretse-reconnu-coupable-genocide.html#primaryimage\"},\"image\":{\"@id\":\"https:\/\/www.justiceinfo.net\/fr\/43371-fabien-neretse-reconnu-coupable-genocide.html#primaryimage\"},\"thumbnailUrl\":\"https:\/\/www.justiceinfo.net\/wp-content\/uploads\/c95a7ba408ed5c08ea0c40e9ba96efad.jpg\",\"datePublished\":\"2019-12-20T10:48:04+00:00\",\"dateModified\":\"2021-07-08T16:18:03+00:00\",\"breadcrumb\":{\"@id\":\"https:\/\/www.justiceinfo.net\/fr\/43371-fabien-neretse-reconnu-coupable-genocide.html#breadcrumb\"},\"inLanguage\":\"fr-FR\",\"potentialAction\":[{\"@type\":\"ReadAction\",\"target\":[\"https:\/\/www.justiceinfo.net\/fr\/43371-fabien-neretse-reconnu-coupable-genocide.html\"]}]},{\"@type\":\"ImageObject\",\"inLanguage\":\"fr-FR\",\"@id\":\"https:\/\/www.justiceinfo.net\/fr\/43371-fabien-neretse-reconnu-coupable-genocide.html#primaryimage\",\"url\":\"https:\/\/www.justiceinfo.net\/wp-content\/uploads\/c95a7ba408ed5c08ea0c40e9ba96efad.jpg\",\"contentUrl\":\"https:\/\/www.justiceinfo.net\/wp-content\/uploads\/c95a7ba408ed5c08ea0c40e9ba96efad.jpg\",\"width\":1200,\"height\":808},{\"@type\":\"BreadcrumbList\",\"@id\":\"https:\/\/www.justiceinfo.net\/fr\/43371-fabien-neretse-reconnu-coupable-genocide.html#breadcrumb\",\"itemListElement\":[{\"@type\":\"ListItem\",\"position\":1,\"name\":\"Home\",\"item\":\"https:\/\/www.justiceinfo.net\/fr\"},{\"@type\":\"ListItem\",\"position\":2,\"name\":\"Fabien Neretse reconnu coupable de g\u00e9nocide\"}]},{\"@type\":\"WebSite\",\"@id\":\"https:\/\/www.justiceinfo.net\/fr#website\",\"url\":\"https:\/\/www.justiceinfo.net\/fr\",\"name\":\"JusticeInfo.net\",\"description\":\"La justice doit \u00eatre vue pour \u00eatre rendue\",\"publisher\":{\"@id\":\"https:\/\/www.justiceinfo.net\/fr#organization\"},\"potentialAction\":[{\"@type\":\"SearchAction\",\"target\":{\"@type\":\"EntryPoint\",\"urlTemplate\":\"https:\/\/www.justiceinfo.net\/fr?s={search_term_string}\"},\"query-input\":{\"@type\":\"PropertyValueSpecification\",\"valueRequired\":true,\"valueName\":\"search_term_string\"}}],\"inLanguage\":\"fr-FR\"},{\"@type\":\"Organization\",\"@id\":\"https:\/\/www.justiceinfo.net\/fr#organization\",\"name\":\"Justice Info\",\"url\":\"https:\/\/www.justiceinfo.net\/fr\",\"logo\":{\"@type\":\"ImageObject\",\"inLanguage\":\"fr-FR\",\"@id\":\"https:\/\/www.justiceinfo.net\/fr#\/schema\/logo\/image\/\",\"url\":\"https:\/\/www.justiceinfo.net\/wp-content\/uploads\/justiceinfo_logo-trans_1200x1200px.png\",\"contentUrl\":\"https:\/\/www.justiceinfo.net\/wp-content\/uploads\/justiceinfo_logo-trans_1200x1200px.png\",\"width\":1199,\"height\":1200,\"caption\":\"Justice Info\"},\"image\":{\"@id\":\"https:\/\/www.justiceinfo.net\/fr#\/schema\/logo\/image\/\"},\"sameAs\":[\"https:\/\/www.facebook.com\/JusticeInfo\/\",\"https:\/\/x.com\/justiceinfonet\",\"https:\/\/www.linkedin.com\/company\/justice-info\",\"https:\/\/www.youtube.com\/channel\/UCyCEsARodyuWtkWyhn-e7pA\"]},{\"@type\":\"Person\",\"name\":\"Ga\u00eblle Ponselet\",\"sameAs\":[\"https:\/\/x.com\/GPonselet\"],\"url\":\"https:\/\/www.justiceinfo.net\/fr\/auteur\/gponselet\"}]}<\/script>\n<!-- \/ Yoast SEO Premium plugin. -->","yoast_head_json":{"title":"Fabien Neretse reconnu coupable de g\u00e9nocide - JusticeInfo.net","robots":{"index":"index","follow":"follow","max-snippet":"max-snippet:-1","max-image-preview":"max-image-preview:large","max-video-preview":"max-video-preview:-1"},"canonical":"https:\/\/www.justiceinfo.net\/fr\/43371-fabien-neretse-reconnu-coupable-genocide.html","og_locale":"fr_FR","og_type":"article","og_title":"Fabien Neretse reconnu coupable de g\u00e9nocide","og_description":"Fabien Neretse, ancien haut fonctionnaire rwandais, a \u00e9t\u00e9 jug\u00e9 coupable de g\u00e9nocide par un tribunal belge. Le septuag\u00e9naire est reconnu coupable d'au moins onze meurtres et trois tentatives de meurtres, commis au Rwanda en 1994 et qualifi\u00e9s de crimes de guerre. Surtout il est reconnu coupable du crime de g\u00e9nocide contre les Tutsis du Rwanda, [&hellip;]","og_url":"https:\/\/www.justiceinfo.net\/fr\/43371-fabien-neretse-reconnu-coupable-genocide.html","og_site_name":"JusticeInfo.net","article_publisher":"https:\/\/www.facebook.com\/JusticeInfo\/","article_published_time":"2019-12-20T10:48:04+00:00","article_modified_time":"2021-07-08T16:18:03+00:00","og_image":[{"width":1200,"height":808,"url":"https:\/\/www.justiceinfo.net\/wp-content\/uploads\/c95a7ba408ed5c08ea0c40e9ba96efad.jpg","type":"image\/jpeg"}],"author":"Ga\u00eblle Ponselet","twitter_card":"summary_large_image","twitter_creator":"@GPonselet","twitter_site":"@justiceinfonet","twitter_misc":{"\u00c9crit par":"Ga\u00eblle Ponselet","Dur\u00e9e de lecture estim\u00e9e":"6 minutes"},"schema":{"@context":"https:\/\/schema.org","@graph":[{"@type":"NewsArticle","@id":"https:\/\/www.justiceinfo.net\/fr\/43371-fabien-neretse-reconnu-coupable-genocide.html#article","isPartOf":{"@id":"https:\/\/www.justiceinfo.net\/fr\/43371-fabien-neretse-reconnu-coupable-genocide.html"},"author":{"name":"gponselet","@id":"https:\/\/www.justiceinfo.net\/fr#\/schema\/person\/54c8e9b9b4c3085fe9bf53e55efb3a62"},"headline":"Fabien Neretse reconnu coupable de g\u00e9nocide","datePublished":"2019-12-20T10:48:04+00:00","dateModified":"2021-07-08T16:18:03+00:00","mainEntityOfPage":{"@id":"https:\/\/www.justiceinfo.net\/fr\/43371-fabien-neretse-reconnu-coupable-genocide.html"},"wordCount":1296,"commentCount":0,"publisher":{"@id":"https:\/\/www.justiceinfo.net\/fr#organization"},"image":{"@id":"https:\/\/www.justiceinfo.net\/fr\/43371-fabien-neretse-reconnu-coupable-genocide.html#primaryimage"},"thumbnailUrl":"https:\/\/www.justiceinfo.net\/wp-content\/uploads\/c95a7ba408ed5c08ea0c40e9ba96efad.jpg","articleSection":["Comp\u00e9tence universelle","Tribunaux nationaux"],"inLanguage":"fr-FR","potentialAction":[{"@type":"CommentAction","name":"Comment","target":["https:\/\/www.justiceinfo.net\/fr\/43371-fabien-neretse-reconnu-coupable-genocide.html#respond"]}]},{"@type":"WebPage","@id":"https:\/\/www.justiceinfo.net\/fr\/43371-fabien-neretse-reconnu-coupable-genocide.html","url":"https:\/\/www.justiceinfo.net\/fr\/43371-fabien-neretse-reconnu-coupable-genocide.html","name":"Fabien Neretse reconnu coupable de g\u00e9nocide - JusticeInfo.net","isPartOf":{"@id":"https:\/\/www.justiceinfo.net\/fr#website"},"primaryImageOfPage":{"@id":"https:\/\/www.justiceinfo.net\/fr\/43371-fabien-neretse-reconnu-coupable-genocide.html#primaryimage"},"image":{"@id":"https:\/\/www.justiceinfo.net\/fr\/43371-fabien-neretse-reconnu-coupable-genocide.html#primaryimage"},"thumbnailUrl":"https:\/\/www.justiceinfo.net\/wp-content\/uploads\/c95a7ba408ed5c08ea0c40e9ba96efad.jpg","datePublished":"2019-12-20T10:48:04+00:00","dateModified":"2021-07-08T16:18:03+00:00","breadcrumb":{"@id":"https:\/\/www.justiceinfo.net\/fr\/43371-fabien-neretse-reconnu-coupable-genocide.html#breadcrumb"},"inLanguage":"fr-FR","potentialAction":[{"@type":"ReadAction","target":["https:\/\/www.justiceinfo.net\/fr\/43371-fabien-neretse-reconnu-coupable-genocide.html"]}]},{"@type":"ImageObject","inLanguage":"fr-FR","@id":"https:\/\/www.justiceinfo.net\/fr\/43371-fabien-neretse-reconnu-coupable-genocide.html#primaryimage","url":"https:\/\/www.justiceinfo.net\/wp-content\/uploads\/c95a7ba408ed5c08ea0c40e9ba96efad.jpg","contentUrl":"https:\/\/www.justiceinfo.net\/wp-content\/uploads\/c95a7ba408ed5c08ea0c40e9ba96efad.jpg","width":1200,"height":808},{"@type":"BreadcrumbList","@id":"https:\/\/www.justiceinfo.net\/fr\/43371-fabien-neretse-reconnu-coupable-genocide.html#breadcrumb","itemListElement":[{"@type":"ListItem","position":1,"name":"Home","item":"https:\/\/www.justiceinfo.net\/fr"},{"@type":"ListItem","position":2,"name":"Fabien Neretse reconnu coupable de g\u00e9nocide"}]},{"@type":"WebSite","@id":"https:\/\/www.justiceinfo.net\/fr#website","url":"https:\/\/www.justiceinfo.net\/fr","name":"JusticeInfo.net","description":"La justice doit \u00eatre vue pour \u00eatre rendue","publisher":{"@id":"https:\/\/www.justiceinfo.net\/fr#organization"},"potentialAction":[{"@type":"SearchAction","target":{"@type":"EntryPoint","urlTemplate":"https:\/\/www.justiceinfo.net\/fr?s={search_term_string}"},"query-input":{"@type":"PropertyValueSpecification","valueRequired":true,"valueName":"search_term_string"}}],"inLanguage":"fr-FR"},{"@type":"Organization","@id":"https:\/\/www.justiceinfo.net\/fr#organization","name":"Justice Info","url":"https:\/\/www.justiceinfo.net\/fr","logo":{"@type":"ImageObject","inLanguage":"fr-FR","@id":"https:\/\/www.justiceinfo.net\/fr#\/schema\/logo\/image\/","url":"https:\/\/www.justiceinfo.net\/wp-content\/uploads\/justiceinfo_logo-trans_1200x1200px.png","contentUrl":"https:\/\/www.justiceinfo.net\/wp-content\/uploads\/justiceinfo_logo-trans_1200x1200px.png","width":1199,"height":1200,"caption":"Justice Info"},"image":{"@id":"https:\/\/www.justiceinfo.net\/fr#\/schema\/logo\/image\/"},"sameAs":["https:\/\/www.facebook.com\/JusticeInfo\/","https:\/\/x.com\/justiceinfonet","https:\/\/www.linkedin.com\/company\/justice-info","https:\/\/www.youtube.com\/channel\/UCyCEsARodyuWtkWyhn-e7pA"]},{"@type":"Person","name":"Ga\u00eblle Ponselet","sameAs":["https:\/\/x.com\/GPonselet"],"url":"https:\/\/www.justiceinfo.net\/fr\/auteur\/gponselet"}]}},"_links":{"self":[{"href":"https:\/\/www.justiceinfo.net\/fr\/wp-json\/wp\/v2\/posts\/43371","targetHints":{"allow":["GET"]}}],"collection":[{"href":"https:\/\/www.justiceinfo.net\/fr\/wp-json\/wp\/v2\/posts"}],"about":[{"href":"https:\/\/www.justiceinfo.net\/fr\/wp-json\/wp\/v2\/types\/post"}],"author":[{"embeddable":true,"href":"https:\/\/www.justiceinfo.net\/fr\/wp-json\/wp\/v2\/users\/78"}],"replies":[{"embeddable":true,"href":"https:\/\/www.justiceinfo.net\/fr\/wp-json\/wp\/v2\/comments?post=43371"}],"version-history":[{"count":1,"href":"https:\/\/www.justiceinfo.net\/fr\/wp-json\/wp\/v2\/posts\/43371\/revisions"}],"predecessor-version":[{"id":79585,"href":"https:\/\/www.justiceinfo.net\/fr\/wp-json\/wp\/v2\/posts\/43371\/revisions\/79585"}],"wp:featuredmedia":[{"embeddable":true,"href":"https:\/\/www.justiceinfo.net\/fr\/wp-json\/wp\/v2\/media\/63226"}],"wp:attachment":[{"href":"https:\/\/www.justiceinfo.net\/fr\/wp-json\/wp\/v2\/media?parent=43371"}],"wp:term":[{"taxonomy":"category","embeddable":true,"href":"https:\/\/www.justiceinfo.net\/fr\/wp-json\/wp\/v2\/categories?post=43371"},{"taxonomy":"post_tag","embeddable":true,"href":"https:\/\/www.justiceinfo.net\/fr\/wp-json\/wp\/v2\/tags?post=43371"},{"taxonomy":"ji_location","embeddable":true,"href":"https:\/\/www.justiceinfo.net\/fr\/wp-json\/wp\/v2\/ji_location?post=43371"}],"curies":[{"name":"wp","href":"https:\/\/api.w.org\/{rel}","templated":true}]}}