{"id":4347,"date":"2004-02-27T00:00:00","date_gmt":"2004-02-26T23:00:00","guid":{"rendered":"https:\/\/www.justiceinfo.net\/4347-27022004-tpirgouvernement-ii-bizimungu-na-revoque-aucun-tutsi-de-son-ministere-selon-un-tem1137.html"},"modified":"2004-02-27T00:00:00","modified_gmt":"2004-02-26T23:00:00","slug":"27022004-tpirgouvernement-ii-bizimungu-na-revoque-aucun-tutsi-de-son-ministere-selon-un-tem1137","status":"publish","type":"post","link":"https:\/\/www.justiceinfo.net\/fr\/4347-27022004-tpirgouvernement-ii-bizimungu-na-revoque-aucun-tutsi-de-son-ministere-selon-un-tem1137.html","title":{"rendered":"27.02.2004 - TPIR\/GOUVERNEMENT II - BIZIMUNGU N'A REVOQUE AUCUN TUTSI DE SON MINISTERE, SELON UN TEM"},"content":{"rendered":"<p  >\nArusha 27 f\u00e9vrier 2004(FH)- Un t\u00e9moin \u00e0 charge entendu vendredi par le Tribunal p\u00e9nal international pour le Rwanda (TPIR) dans le proc\u00e8s de quatre ex- ministres sous le gouvernement int\u00e9rimaire en place pendant le g\u00e9nocide a admis vendredi que l'ex- ministre de la sant\u00e9, Casimir Bizimungu, n'avait chass\u00e9 aucun agent tutsi de son d\u00e9partement.\n<\/p>\n<p  >\nD\u00e9sign\u00e9 par le pseudonyme \"GAT\" pour pr\u00e9server son anonymat, le t\u00e9moin est une femme tutsie qui travaillait au minist\u00e8re de la sant\u00e9 en 1994.\n<\/p>\n<p><!--more--><\/p>\n<p  >\nElle d\u00e9pose depuis mercredi comme dix- septi\u00e8me t\u00e9moin \u00e0 charge dans le proc\u00e8s de Casimir Bizimungu et ses trois co- accus\u00e9s : les ex- ministres des affaires \u00e9trang\u00e8res, J\u00e9r\u00f4me Bicamumpaka, du commerce, Justin Mugenzi, et de la fonction publique, Prosper Mugiraneza. Ils plaident non coupables des six chefs D'accusation de g\u00e9nocide et de crimes contre l'humanit\u00e9 port\u00e9s contre eux.\n<\/p>\n<p  >\nLe t\u00e9moin GAT a d\u00e9clar\u00e9 que Bizimungu n'\u00e9tait pas favorable au limogeage de Tutsis lorsqu'il \u00e9tait ministre de la sant\u00e9 de 1992 \u00e0 1994.\n<\/p>\n<p  >\nElle r\u00e9pondait aux questions de Me Michelyne Ch\u00e9nard Saint- Laurent, l'avocate canadienne de l'ex- ministre.\n<\/p>\n<p  >\nLe minist\u00e8re de la sant\u00e9 organisait des tests D'\u00e9valuation qui pouvaient \u00eatre suivis du renvoi de certains agents, selon GAT. \"Je ne peux pas mentir. Il n'a jamais soutenu l'id\u00e9e de renvoyer des Tutsis qui avaient pass\u00e9 les tests avec succ\u00e8s \", a rapport\u00e9 le t\u00e9moin. Elle a cependant indiqu\u00e9 que la majorit\u00e9 du personnel du minist\u00e8re appartenait \u00e0 l'ethnie hutue.\n<\/p>\n<p  >\nElle a ajout\u00e9 qu'elle n'\u00e9tait pas au courant de la nomination de Tutsis, par Bizimungu, \u00e0 des postes-cl\u00e9s au minist\u00e8re.\n<\/p>\n<p  >\nSous Bizimungu, a-t- elle rench\u00e9ri, les agents du minist\u00e8re de la sant\u00e9 devaient assister \u00e0 des r\u00e9unions publiques du parti pr\u00e9sidentiel, le MRND. Certains parmi ceux qui ont boycott\u00e9 ces meetings ont \u00e9t\u00e9 jet\u00e9s en prison, selon le t\u00e9moin. Son contre- interrogatoire se poursuivra lundi prochain.\n<\/p>\n<p  >\nAppel\u00e9 aussi \"Gouvernement II\", ce proc\u00e8s se d\u00e9roule devant la deuxi\u00e8me chambre de premi\u00e8re instance du TPIR pr\u00e9sid\u00e9e par le juge sri-lankais Asoka de Zoysa Gunawardana, assist\u00e9 du Kenyan Lee Gacuiga Muthoga et de la Pakistanaise Khalida Rashid Khan.\n<\/p>\n<p  >\nER\/PJ\/AT\/GF\/FH (GVII''0227A)<\/p>\n","protected":false},"excerpt":{"rendered":"<p>Arusha 27 f\u00e9vrier 2004(FH)- Un t\u00e9moin \u00e0 charge entendu vendredi par le Tribunal p\u00e9nal international pour le Rwanda (TPIR) dans le proc\u00e8s de quatre ex- ministres sous le gouvernement int\u00e9rimaire en place pendant le g\u00e9nocide a admis vendredi que l'ex- ministre de la sant\u00e9, Casimir Bizimungu, n'avait chass\u00e9 aucun agent tutsi de son d\u00e9partement. D\u00e9sign\u00e9 [&hellip;]<\/p>\n","protected":false},"author":64,"featured_media":0,"comment_status":"open","ping_status":"closed","sticky":false,"template":"","format":"standard","meta":{"_acf_changed":false,"footnotes":""},"categories":[554],"tags":[],"ji_location":[],"class_list":["post-4347","post","type-post","status-publish","format-standard","hentry","category-hirondellenews"],"acf":[],"yoast_head":"<!-- This site is optimized with the Yoast SEO Premium plugin v25.3.1 (Yoast SEO v25.3.1) - https:\/\/yoast.com\/wordpress\/plugins\/seo\/ -->\n<title>27.02.2004 - TPIR\/GOUVERNEMENT II - BIZIMUNGU N&#039;A REVOQUE AUCUN TUTSI DE SON MINISTERE, SELON UN TEM - JusticeInfo.net<\/title>\n<meta name=\"robots\" content=\"index, follow, max-snippet:-1, max-image-preview:large, max-video-preview:-1\" \/>\n<link rel=\"canonical\" href=\"https:\/\/www.justiceinfo.net\/fr\/4347-27022004-tpirgouvernement-ii-bizimungu-na-revoque-aucun-tutsi-de-son-ministere-selon-un-tem1137.html\" \/>\n<meta property=\"og:locale\" content=\"fr_FR\" \/>\n<meta property=\"og:type\" content=\"article\" \/>\n<meta property=\"og:title\" content=\"27.02.2004 - TPIR\/GOUVERNEMENT II - BIZIMUNGU N&#039;A REVOQUE AUCUN TUTSI DE SON MINISTERE, SELON UN TEM\" \/>\n<meta property=\"og:description\" content=\"Arusha 27 f\u00e9vrier 2004(FH)- Un t\u00e9moin \u00e0 charge entendu vendredi par le Tribunal p\u00e9nal international pour le Rwanda (TPIR) dans le proc\u00e8s de quatre ex- ministres sous le gouvernement int\u00e9rimaire en place pendant le g\u00e9nocide a admis vendredi que l&#039;ex- ministre de la sant\u00e9, Casimir Bizimungu, n&#039;avait chass\u00e9 aucun agent tutsi de son d\u00e9partement. D\u00e9sign\u00e9 [&hellip;]\" \/>\n<meta property=\"og:url\" content=\"https:\/\/www.justiceinfo.net\/fr\/4347-27022004-tpirgouvernement-ii-bizimungu-na-revoque-aucun-tutsi-de-son-ministere-selon-un-tem1137.html\" \/>\n<meta property=\"og:site_name\" content=\"JusticeInfo.net\" \/>\n<meta property=\"article:publisher\" content=\"https:\/\/www.facebook.com\/JusticeInfo\/\" \/>\n<meta property=\"article:published_time\" content=\"2004-02-26T23:00:00+00:00\" \/>\n<meta property=\"og:image\" content=\"https:\/\/www.justiceinfo.net\/wp-content\/uploads\/JusticeInfoNet_logo_1200x630px.jpg\" \/>\n\t<meta property=\"og:image:width\" content=\"1200\" \/>\n\t<meta property=\"og:image:height\" content=\"630\" \/>\n\t<meta property=\"og:image:type\" content=\"image\/jpeg\" \/>\n<meta name=\"author\" content=\"solivri\" \/>\n<meta name=\"twitter:card\" content=\"summary_large_image\" \/>\n<meta name=\"twitter:creator\" content=\"@justiceinfonet\" \/>\n<meta name=\"twitter:site\" content=\"@justiceinfonet\" \/>\n<meta name=\"twitter:label1\" content=\"\u00c9crit par\" \/>\n\t<meta name=\"twitter:data1\" content=\"solivri\" \/>\n\t<meta name=\"twitter:label2\" content=\"Dur\u00e9e de lecture estim\u00e9e\" \/>\n\t<meta name=\"twitter:data2\" content=\"2 minutes\" \/>\n<script type=\"application\/ld+json\" class=\"yoast-schema-graph\">{\"@context\":\"https:\/\/schema.org\",\"@graph\":[{\"@type\":\"NewsArticle\",\"@id\":\"https:\/\/www.justiceinfo.net\/fr\/4347-27022004-tpirgouvernement-ii-bizimungu-na-revoque-aucun-tutsi-de-son-ministere-selon-un-tem1137.html#article\",\"isPartOf\":{\"@id\":\"https:\/\/www.justiceinfo.net\/fr\/4347-27022004-tpirgouvernement-ii-bizimungu-na-revoque-aucun-tutsi-de-son-ministere-selon-un-tem1137.html\"},\"author\":{\"name\":\"solivri\",\"@id\":\"https:\/\/www.justiceinfo.net\/fr#\/schema\/person\/6e53cba1629e2e66f3fc1821d3091865\"},\"headline\":\"27.02.2004 - TPIR\/GOUVERNEMENT II - BIZIMUNGU N'A REVOQUE AUCUN TUTSI DE SON MINISTERE, SELON UN TEM\",\"datePublished\":\"2004-02-26T23:00:00+00:00\",\"mainEntityOfPage\":{\"@id\":\"https:\/\/www.justiceinfo.net\/fr\/4347-27022004-tpirgouvernement-ii-bizimungu-na-revoque-aucun-tutsi-de-son-ministere-selon-un-tem1137.html\"},\"wordCount\":413,\"commentCount\":0,\"publisher\":{\"@id\":\"https:\/\/www.justiceinfo.net\/fr#organization\"},\"articleSection\":[\"Hirondelle News\"],\"inLanguage\":\"fr-FR\",\"potentialAction\":[{\"@type\":\"CommentAction\",\"name\":\"Comment\",\"target\":[\"https:\/\/www.justiceinfo.net\/fr\/4347-27022004-tpirgouvernement-ii-bizimungu-na-revoque-aucun-tutsi-de-son-ministere-selon-un-tem1137.html#respond\"]}]},{\"@type\":\"WebPage\",\"@id\":\"https:\/\/www.justiceinfo.net\/fr\/4347-27022004-tpirgouvernement-ii-bizimungu-na-revoque-aucun-tutsi-de-son-ministere-selon-un-tem1137.html\",\"url\":\"https:\/\/www.justiceinfo.net\/fr\/4347-27022004-tpirgouvernement-ii-bizimungu-na-revoque-aucun-tutsi-de-son-ministere-selon-un-tem1137.html\",\"name\":\"27.02.2004 - TPIR\/GOUVERNEMENT II - BIZIMUNGU N'A REVOQUE AUCUN TUTSI DE SON MINISTERE, SELON UN TEM - JusticeInfo.net\",\"isPartOf\":{\"@id\":\"https:\/\/www.justiceinfo.net\/fr#website\"},\"datePublished\":\"2004-02-26T23:00:00+00:00\",\"breadcrumb\":{\"@id\":\"https:\/\/www.justiceinfo.net\/fr\/4347-27022004-tpirgouvernement-ii-bizimungu-na-revoque-aucun-tutsi-de-son-ministere-selon-un-tem1137.html#breadcrumb\"},\"inLanguage\":\"fr-FR\",\"potentialAction\":[{\"@type\":\"ReadAction\",\"target\":[\"https:\/\/www.justiceinfo.net\/fr\/4347-27022004-tpirgouvernement-ii-bizimungu-na-revoque-aucun-tutsi-de-son-ministere-selon-un-tem1137.html\"]}]},{\"@type\":\"BreadcrumbList\",\"@id\":\"https:\/\/www.justiceinfo.net\/fr\/4347-27022004-tpirgouvernement-ii-bizimungu-na-revoque-aucun-tutsi-de-son-ministere-selon-un-tem1137.html#breadcrumb\",\"itemListElement\":[{\"@type\":\"ListItem\",\"position\":1,\"name\":\"Home\",\"item\":\"https:\/\/www.justiceinfo.net\/fr\"},{\"@type\":\"ListItem\",\"position\":2,\"name\":\"27.02.2004 - TPIR\/GOUVERNEMENT II - BIZIMUNGU N'A REVOQUE AUCUN TUTSI DE SON MINISTERE, SELON UN TEM\"}]},{\"@type\":\"WebSite\",\"@id\":\"https:\/\/www.justiceinfo.net\/fr#website\",\"url\":\"https:\/\/www.justiceinfo.net\/fr\",\"name\":\"JusticeInfo.net\",\"description\":\"La justice doit \u00eatre vue pour \u00eatre rendue\",\"publisher\":{\"@id\":\"https:\/\/www.justiceinfo.net\/fr#organization\"},\"potentialAction\":[{\"@type\":\"SearchAction\",\"target\":{\"@type\":\"EntryPoint\",\"urlTemplate\":\"https:\/\/www.justiceinfo.net\/fr?s={search_term_string}\"},\"query-input\":{\"@type\":\"PropertyValueSpecification\",\"valueRequired\":true,\"valueName\":\"search_term_string\"}}],\"inLanguage\":\"fr-FR\"},{\"@type\":\"Organization\",\"@id\":\"https:\/\/www.justiceinfo.net\/fr#organization\",\"name\":\"Justice Info\",\"url\":\"https:\/\/www.justiceinfo.net\/fr\",\"logo\":{\"@type\":\"ImageObject\",\"inLanguage\":\"fr-FR\",\"@id\":\"https:\/\/www.justiceinfo.net\/fr#\/schema\/logo\/image\/\",\"url\":\"https:\/\/www.justiceinfo.net\/wp-content\/uploads\/justiceinfo_logo-trans_1200x1200px.png\",\"contentUrl\":\"https:\/\/www.justiceinfo.net\/wp-content\/uploads\/justiceinfo_logo-trans_1200x1200px.png\",\"width\":1199,\"height\":1200,\"caption\":\"Justice Info\"},\"image\":{\"@id\":\"https:\/\/www.justiceinfo.net\/fr#\/schema\/logo\/image\/\"},\"sameAs\":[\"https:\/\/www.facebook.com\/JusticeInfo\/\",\"https:\/\/x.com\/justiceinfonet\",\"https:\/\/www.linkedin.com\/company\/justice-info\",\"https:\/\/www.youtube.com\/channel\/UCyCEsARodyuWtkWyhn-e7pA\"]},{\"@type\":\"Person\",\"name\":\"solivri\",\"url\":\"\/fr\/?s=solivri\"}]}<\/script>\n<!-- \/ Yoast SEO Premium plugin. -->","yoast_head_json":{"title":"27.02.2004 - TPIR\/GOUVERNEMENT II - BIZIMUNGU N'A REVOQUE AUCUN TUTSI DE SON MINISTERE, SELON UN TEM - JusticeInfo.net","robots":{"index":"index","follow":"follow","max-snippet":"max-snippet:-1","max-image-preview":"max-image-preview:large","max-video-preview":"max-video-preview:-1"},"canonical":"https:\/\/www.justiceinfo.net\/fr\/4347-27022004-tpirgouvernement-ii-bizimungu-na-revoque-aucun-tutsi-de-son-ministere-selon-un-tem1137.html","og_locale":"fr_FR","og_type":"article","og_title":"27.02.2004 - TPIR\/GOUVERNEMENT II - BIZIMUNGU N'A REVOQUE AUCUN TUTSI DE SON MINISTERE, SELON UN TEM","og_description":"Arusha 27 f\u00e9vrier 2004(FH)- Un t\u00e9moin \u00e0 charge entendu vendredi par le Tribunal p\u00e9nal international pour le Rwanda (TPIR) dans le proc\u00e8s de quatre ex- ministres sous le gouvernement int\u00e9rimaire en place pendant le g\u00e9nocide a admis vendredi que l'ex- ministre de la sant\u00e9, Casimir Bizimungu, n'avait chass\u00e9 aucun agent tutsi de son d\u00e9partement. D\u00e9sign\u00e9 [&hellip;]","og_url":"https:\/\/www.justiceinfo.net\/fr\/4347-27022004-tpirgouvernement-ii-bizimungu-na-revoque-aucun-tutsi-de-son-ministere-selon-un-tem1137.html","og_site_name":"JusticeInfo.net","article_publisher":"https:\/\/www.facebook.com\/JusticeInfo\/","article_published_time":"2004-02-26T23:00:00+00:00","og_image":[{"width":1200,"height":630,"url":"https:\/\/www.justiceinfo.net\/wp-content\/uploads\/JusticeInfoNet_logo_1200x630px.jpg","type":"image\/jpeg"}],"author":"solivri","twitter_card":"summary_large_image","twitter_creator":"@justiceinfonet","twitter_site":"@justiceinfonet","twitter_misc":{"\u00c9crit par":"solivri","Dur\u00e9e de lecture estim\u00e9e":"2 minutes"},"schema":{"@context":"https:\/\/schema.org","@graph":[{"@type":"NewsArticle","@id":"https:\/\/www.justiceinfo.net\/fr\/4347-27022004-tpirgouvernement-ii-bizimungu-na-revoque-aucun-tutsi-de-son-ministere-selon-un-tem1137.html#article","isPartOf":{"@id":"https:\/\/www.justiceinfo.net\/fr\/4347-27022004-tpirgouvernement-ii-bizimungu-na-revoque-aucun-tutsi-de-son-ministere-selon-un-tem1137.html"},"author":{"name":"solivri","@id":"https:\/\/www.justiceinfo.net\/fr#\/schema\/person\/6e53cba1629e2e66f3fc1821d3091865"},"headline":"27.02.2004 - TPIR\/GOUVERNEMENT II - BIZIMUNGU N'A REVOQUE AUCUN TUTSI DE SON MINISTERE, SELON UN TEM","datePublished":"2004-02-26T23:00:00+00:00","mainEntityOfPage":{"@id":"https:\/\/www.justiceinfo.net\/fr\/4347-27022004-tpirgouvernement-ii-bizimungu-na-revoque-aucun-tutsi-de-son-ministere-selon-un-tem1137.html"},"wordCount":413,"commentCount":0,"publisher":{"@id":"https:\/\/www.justiceinfo.net\/fr#organization"},"articleSection":["Hirondelle News"],"inLanguage":"fr-FR","potentialAction":[{"@type":"CommentAction","name":"Comment","target":["https:\/\/www.justiceinfo.net\/fr\/4347-27022004-tpirgouvernement-ii-bizimungu-na-revoque-aucun-tutsi-de-son-ministere-selon-un-tem1137.html#respond"]}]},{"@type":"WebPage","@id":"https:\/\/www.justiceinfo.net\/fr\/4347-27022004-tpirgouvernement-ii-bizimungu-na-revoque-aucun-tutsi-de-son-ministere-selon-un-tem1137.html","url":"https:\/\/www.justiceinfo.net\/fr\/4347-27022004-tpirgouvernement-ii-bizimungu-na-revoque-aucun-tutsi-de-son-ministere-selon-un-tem1137.html","name":"27.02.2004 - TPIR\/GOUVERNEMENT II - BIZIMUNGU N'A REVOQUE AUCUN TUTSI DE SON MINISTERE, SELON UN TEM - JusticeInfo.net","isPartOf":{"@id":"https:\/\/www.justiceinfo.net\/fr#website"},"datePublished":"2004-02-26T23:00:00+00:00","breadcrumb":{"@id":"https:\/\/www.justiceinfo.net\/fr\/4347-27022004-tpirgouvernement-ii-bizimungu-na-revoque-aucun-tutsi-de-son-ministere-selon-un-tem1137.html#breadcrumb"},"inLanguage":"fr-FR","potentialAction":[{"@type":"ReadAction","target":["https:\/\/www.justiceinfo.net\/fr\/4347-27022004-tpirgouvernement-ii-bizimungu-na-revoque-aucun-tutsi-de-son-ministere-selon-un-tem1137.html"]}]},{"@type":"BreadcrumbList","@id":"https:\/\/www.justiceinfo.net\/fr\/4347-27022004-tpirgouvernement-ii-bizimungu-na-revoque-aucun-tutsi-de-son-ministere-selon-un-tem1137.html#breadcrumb","itemListElement":[{"@type":"ListItem","position":1,"name":"Home","item":"https:\/\/www.justiceinfo.net\/fr"},{"@type":"ListItem","position":2,"name":"27.02.2004 - TPIR\/GOUVERNEMENT II - BIZIMUNGU N'A REVOQUE AUCUN TUTSI DE SON MINISTERE, SELON UN TEM"}]},{"@type":"WebSite","@id":"https:\/\/www.justiceinfo.net\/fr#website","url":"https:\/\/www.justiceinfo.net\/fr","name":"JusticeInfo.net","description":"La justice doit \u00eatre vue pour \u00eatre rendue","publisher":{"@id":"https:\/\/www.justiceinfo.net\/fr#organization"},"potentialAction":[{"@type":"SearchAction","target":{"@type":"EntryPoint","urlTemplate":"https:\/\/www.justiceinfo.net\/fr?s={search_term_string}"},"query-input":{"@type":"PropertyValueSpecification","valueRequired":true,"valueName":"search_term_string"}}],"inLanguage":"fr-FR"},{"@type":"Organization","@id":"https:\/\/www.justiceinfo.net\/fr#organization","name":"Justice Info","url":"https:\/\/www.justiceinfo.net\/fr","logo":{"@type":"ImageObject","inLanguage":"fr-FR","@id":"https:\/\/www.justiceinfo.net\/fr#\/schema\/logo\/image\/","url":"https:\/\/www.justiceinfo.net\/wp-content\/uploads\/justiceinfo_logo-trans_1200x1200px.png","contentUrl":"https:\/\/www.justiceinfo.net\/wp-content\/uploads\/justiceinfo_logo-trans_1200x1200px.png","width":1199,"height":1200,"caption":"Justice Info"},"image":{"@id":"https:\/\/www.justiceinfo.net\/fr#\/schema\/logo\/image\/"},"sameAs":["https:\/\/www.facebook.com\/JusticeInfo\/","https:\/\/x.com\/justiceinfonet","https:\/\/www.linkedin.com\/company\/justice-info","https:\/\/www.youtube.com\/channel\/UCyCEsARodyuWtkWyhn-e7pA"]},{"@type":"Person","name":"solivri","url":"\/fr\/?s=solivri"}]}},"_links":{"self":[{"href":"https:\/\/www.justiceinfo.net\/fr\/wp-json\/wp\/v2\/posts\/4347","targetHints":{"allow":["GET"]}}],"collection":[{"href":"https:\/\/www.justiceinfo.net\/fr\/wp-json\/wp\/v2\/posts"}],"about":[{"href":"https:\/\/www.justiceinfo.net\/fr\/wp-json\/wp\/v2\/types\/post"}],"author":[{"embeddable":true,"href":"https:\/\/www.justiceinfo.net\/fr\/wp-json\/wp\/v2\/users\/64"}],"replies":[{"embeddable":true,"href":"https:\/\/www.justiceinfo.net\/fr\/wp-json\/wp\/v2\/comments?post=4347"}],"version-history":[{"count":0,"href":"https:\/\/www.justiceinfo.net\/fr\/wp-json\/wp\/v2\/posts\/4347\/revisions"}],"wp:attachment":[{"href":"https:\/\/www.justiceinfo.net\/fr\/wp-json\/wp\/v2\/media?parent=4347"}],"wp:term":[{"taxonomy":"category","embeddable":true,"href":"https:\/\/www.justiceinfo.net\/fr\/wp-json\/wp\/v2\/categories?post=4347"},{"taxonomy":"post_tag","embeddable":true,"href":"https:\/\/www.justiceinfo.net\/fr\/wp-json\/wp\/v2\/tags?post=4347"},{"taxonomy":"ji_location","embeddable":true,"href":"https:\/\/www.justiceinfo.net\/fr\/wp-json\/wp\/v2\/ji_location?post=4347"}],"curies":[{"name":"wp","href":"https:\/\/api.w.org\/{rel}","templated":true}]}}