{"id":43470,"date":"2020-01-07T08:05:03","date_gmt":"2020-01-07T07:05:03","guid":{"rendered":"https:\/\/www.justiceinfo.net\/43470-tunisie-verite-encore-introuvable-affaire-barkati.html"},"modified":"2020-01-07T08:05:03","modified_gmt":"2020-01-07T07:05:03","slug":"tunisie-verite-encore-introuvable-affaire-barkati","status":"publish","type":"post","link":"https:\/\/www.justiceinfo.net\/fr\/43470-tunisie-verite-encore-introuvable-affaire-barkati.html","title":{"rendered":"Tunisie : la v\u00e9rit\u00e9 encore introuvable de l\u2019affaire Barkati"},"content":{"rendered":"<p><strong>Le proc\u00e8s des tortionnaires et assassins pr\u00e9sum\u00e9s de Nabil Barkati, un militant d\u2019extr\u00eame gauche tortur\u00e9 \u00e0 mort en 1987, semble le plus avanc\u00e9 de toutes les affaires qu\u2019examinent actuellement les chambres sp\u00e9cialis\u00e9es en Tunisie. Mais bien que plusieurs t\u00e9moins et pr\u00e9venus aient r\u00e9pondu \u00e0 l\u2019appel du tribunal, la v\u00e9rit\u00e9 ne semble pas encore pr\u00eate \u00e0 \u00e9clater.<\/strong><\/p>\n<p><!--more--><\/p>\n<p>Dans une salle pleine \u00e0 craquer de militants du Parti des travailleurs, nagu\u00e8re appel\u00e9 Parti ouvrier communiste tunisien (Poct), de dizaines de repr\u00e9sentants de plusieurs familles politiques et d\u2019activistes des droits de l\u2019homme, s\u2019est tenue le 3 janvier, devant la chambre sp\u00e9cialis\u00e9e du Kef (175 km au nord-ouest de Tunis) la huiti\u00e8me audience dans l\u2019affaire Nabil Barkati. Militant du Poct, le jeune homme de 26 ans est d\u00e9c\u00e9d\u00e9 \u00e0 Ga\u00e2four, sa ville natale, dans la nuit du 7 au 8 mai 1987, \u00e0 la suite de son arrestation par les forces de l\u2019ordre et de multiples tortures.<\/p>\n<p>Malgr\u00e9 l\u2019absence des accus\u00e9s et de leurs avocats, le dossier Barkati, ouvert le 4 juillet 2018, est probablement le plus avanc\u00e9 de tous les proc\u00e8s qui se d\u00e9roulent actuellement devant les treize chambres sp\u00e9cialis\u00e9es ayant ouvert en mai 2018. Cela remplit d\u2019espoir le fr\u00e8re de la victime, Ridha Barkati, qui pr\u00e9side l\u2019association M\u00e9moire et Fid\u00e9lit\u00e9, cr\u00e9\u00e9e en l\u2019honneur de Nabil. Ridha Barkati a d\u00e9j\u00e0 obtenu, en 2016, que la journ\u00e9e du 8 mai soit baptis\u00e9e Journ\u00e9e nationale contre la torture. Il est aujourd\u2019hui convaincu que toute la v\u00e9rit\u00e9 \u00e9clatera sur la mort de son fr\u00e8re, devenu au gr\u00e9 des ann\u00e9es un symbole, un mythe, le martyr du Parti des travailleurs. \u00ab\u00a0La plupart des accus\u00e9s et des t\u00e9moins ont comparu devant le tribunal. Je pense que la prochaine s\u00e9ance sera d\u00e9di\u00e9e aux plaidoiries des avocats\u00a0\u00bb, affirme-t-il, souriant et confiant.<\/p>\n<h3>Le supplice de Nabil Barkati et la r\u00e9volte de Ga\u00e2four<\/h3>\n<p>La date de cette derni\u00e8re audience \u00e9tait charg\u00e9e de symboles. C\u2019est le 3 janvier 1984 qu\u2019a eu lieu la R\u00e9volte du pain. Et c\u2019est le 3 janvier 1986 que le Poct est n\u00e9 dans la clandestinit\u00e9. Enseignant, syndicaliste et militant du Poct, Nabil Barkati a adh\u00e9r\u00e9 tr\u00e8s t\u00f4t \u00e0 une tradition de solidarit\u00e9 et de proximit\u00e9 avec les petites gens, les pr\u00e9caires et les oubli\u00e9s du pays. Le 28 avril 1987, il est arr\u00eat\u00e9 suite \u00e0 la distribution d'un tract d\u00e9non\u00e7ant l'affrontement entre le pouvoir du pr\u00e9sident Bourguiba et les islamistes. Le tract appelle \u00e9galement le peuple tunisien \u00e0 se battre pour le \u00ab\u00a0pain et la libert\u00e9\u00a0\u00bb. Les agents du poste de police de Ga\u00e2four lui font subir les pires exactions\u00a0: position du poulet r\u00f4ti, extirpation des ongles et des dents avec un arrache-clou, flagellation, tabassage jusqu\u2019\u00e0 ce que sa jambe soit fracass\u00e9e. Mais il refuse de parler contre ses camarades et son parti.<\/p>\n<p>Au cours d\u2019une audition publique devant l\u2019<a href=\"fr\/commissions-verite\/41289-rapport-ivd-tunisie-1ere-partie-scanner-oppression.html\">Instance v\u00e9rit\u00e9 et dignit\u00e9 (IVD)<\/a>, le 18 novembre 2016, Ridha Barkati a t\u00e9moign\u00e9 de ce que les autorit\u00e9s s\u00e9curitaires de l\u2019\u00e9poque lui avaient d\u00e9clar\u00e9\u00a0: \u00ab\u00a0Votre fr\u00e8re, malheureusement, n\u2019est pas tomb\u00e9 sur un professionnel de la torture\u00a0!\u00a0\u00bb<\/p>\n<p>Nabil Barkati est retrouv\u00e9 mort, \u00e0 moiti\u00e9 nu, le 8 mai 1987, \u00e0 quelques m\u00e8tres du poste de police, pr\u00e8s d\u2019une voie ferr\u00e9e, une balle dans la t\u00eate, un pistolet pos\u00e9 derri\u00e8re sa jambe pour accr\u00e9diter la th\u00e8se d\u2019un suicide.\u00a0La famille est alert\u00e9e et Ridha est l\u2019un des premiers \u00e0 identifier le cadavre de son fr\u00e8re, \u00ab\u00a0malgr\u00e9 les bleus parsemant tout son corps \u00e0 l\u2019aspect d\u2019une saucisse, et le masque de la mort qui couvrait son visage d\u2019une expression d\u2019homme t\u00e9tanis\u00e9 par la terreur \u00bb, se souvient-il.<\/p>\n<p>Ga\u00e2four va alors se soulever et la vague de protestations conduites par les voisins, les camarades et les proches de la victime poussera les autorit\u00e9s \u00e0 instaurer un couvre-feu de quinze jours dans la r\u00e9gion. Au 16<strong><sup>e<\/sup><\/strong>\u00a0jour, pour calmer la col\u00e8re populaire, le ministre de l'Int\u00e9rieur de l'\u00e9poque \u2013 le futur pr\u00e9sident Ben Ali, qui prendra le pouvoir le 7 novembre 1987 \u2013 ordonnera l'arrestation du commissaire du poste de police de Ga\u00e2four. Ce dernier sera condamn\u00e9 en d\u00e9cembre 1991 \u00e0 cinq ans de prison ferme pour mauvais traitements, apr\u00e8s un proc\u00e8s que son avocat Habib Ziadi d\u00e9nonce comme ayant \u00e9t\u00e9 b\u00e2cl\u00e9 et in\u00e9quitable. Deux coll\u00e8gues du commissaire \u00e9coperont de trois ans de prison pour complicit\u00e9. Les magistrats de l\u2019\u00e9poque refuseront de se d\u00e9partir de la th\u00e8se du suicide.<\/p>\n<h3>Pr\u00e9cieux t\u00e9moins<\/h3>\n<p>A la faveur de l\u2019instruction men\u00e9e par l\u2019IVD avant le transfert du dossier \u00e0 la chambre sp\u00e9cialis\u00e9e du Kef, les chefs d\u2019accusations ne sont plus les m\u00eames qu\u2019il y a trente ans. Les charges sont d\u00e9sormais celles d\u2019homicide volontaire, tortures, arrestation et d\u00e9tention sans ordre l\u00e9gal et dissimulation de preuves.\u00a0Depuis les faits, le chef de poste est d\u00e9c\u00e9d\u00e9, mais ses subalternes et pr\u00e9sum\u00e9s tortionnaires directs du jeune militant d\u2019extr\u00eame gauche \u2013 les deux agents incarc\u00e9r\u00e9s en 1991 et qui font partie des sept personnes accus\u00e9es du d\u00e9c\u00e8s de Nabil Barkati \u2013 ont \u00e9t\u00e9 interrog\u00e9s par la pr\u00e9sidente de la cour. Ils ont reconnu l\u2019avoir tortur\u00e9 mais ont ni\u00e9 avoir particip\u00e9 \u00e0 son assassinat.<\/p>\n<p>\u00ab\u00a0Ils continuent de pr\u00e9tendre que Nabil s\u2019est enfui du poste de police en volant une arme, a ensuite escalad\u00e9 une barri\u00e8re malgr\u00e9 sa jambe cass\u00e9e, puis s\u2019est suicid\u00e9 \u00e0 pr\u00e8s de 300 m\u00e8tres de son lieu de d\u00e9tention. La derni\u00e8re fois, la pr\u00e9sidente de la chambre a demand\u00e9 \u00e0 l\u2019un des accus\u00e9s\u00a0: \u2018Et il a cach\u00e9 le pistolet derni\u00e8re sa jambe\u00a0? Est-ce possible\u00a0?\u2019\u00a0\u00bb, relate Ridha Barkati.<\/p>\n<p>Au cours des sept audiences pr\u00e9c\u00e9dentes, plusieurs t\u00e9moins pr\u00e9cieux ont d\u00e9fil\u00e9\u00a0: le procureur de la R\u00e9publique ayant dirig\u00e9 l\u2019enqu\u00eate d\u00e8s le 9 mai 1987\u00a0; le m\u00e9decin l\u00e9giste, Moncef Hamdoun, qui apr\u00e8s avoir ni\u00e9 l\u2019hypoth\u00e8se de l\u2019assassinat l\u2019a plus ou moins confirm\u00e9e en diagnostiquant que la circonf\u00e9rence du trou relev\u00e9 sur la t\u00eate de Nabil semblait trop petite pour un tir \u00e0 bout portant, d\u00e9molissant ainsi l\u2019argument du suicide. L\u2019ancien pr\u00e9sident de l\u2019\u00e9quipe de football de Ga\u00e2four est aussi venu raconter avoir re\u00e7u dans un bar-restaurant qu\u2019il poss\u00e9dait alors, des membres de corps s\u00e9curitaires qui, apr\u00e8s quelques verres de vin, auraient parl\u00e9 ouvertement de cette fameuse nuit de crime et de ses auteurs.<\/p>\n<h3>\u00ab\u00a0Que plus aucune m\u00e8re tunisienne n\u2019endure mon calvaire\u00a0!\u00a0\u00bb<\/h3>\n<p><a href=\"fr\/tribunaux\/tribunaux-nationaux\/40422-mokhtar-trifi-ce-sont-les-supposes-tortionnaires-qui-appliquent-la-loi-sur-la-justice-transitionnelle.html\">Mokhtar Trifi<\/a> avocat de la partie civile repr\u00e9sentant de l\u2019Organisation mondiale contre la torture (OMCT) dans cette affaire et ancien pr\u00e9sident de la Ligue tunisienne des droits de l\u2019homme (LTDH) n\u2019est cependant pas aussi optimiste que Ridha Barkati sur l\u2019issue rapide du proc\u00e8s. \u00ab\u00a0Cinq autres pr\u00e9venus,\u00a0qui d\u00e9tiennent peut-\u00eatre une part de la v\u00e9rit\u00e9, n\u2019ont pas r\u00e9pondu \u00e0 l\u2019appel du tribunal\u00a0\u00bb, remarque-t-il. \u00ab\u00a0Nous avons demand\u00e9 \u00e0 la pr\u00e9sidente de la chambre d\u2019\u00e9mettre des mandats d\u2019amener contre le reste des pr\u00e9sum\u00e9s responsables. Or deux probl\u00e8mes persistent. D\u2019une part, trente ans apr\u00e8s les faits, certains pr\u00e9venus sont d\u00e9c\u00e9d\u00e9s ou ont chang\u00e9 d\u2019adresse. D\u2019autre part, nous constatons l\u2019absence de collaboration de la police judiciaire chaque fois qu\u2019il s\u2019agit de ramener par la force quelques-uns parmi leurs confr\u00e8res.\u00a0\u00bb Un point d\u2019amertume dans la voix, l\u2019avocat se dirige vers la voiture qui le ram\u00e8nera \u00e0 Tunis\u00a0: \u00ab\u00a0Le doute qui plane sur l\u2019affaire profite, comme on dit, toujours aux accus\u00e9s.\u00a0\u00bb<\/p>\n<p>Ridha Barkati a d\u00e9sormais 65 ans. Son souhait de transformer le poste de police de Ga\u00e2four (dont une aile a \u00e9t\u00e9 incendi\u00e9e lors de la R\u00e9volution, il y a neuf ans) en un mus\u00e9e d\u00e9non\u00e7ant la torture a \u00e9t\u00e9 consign\u00e9 dans le rapport final de la commission v\u00e9rit\u00e9. Ce cin\u00e9phile, homme de culture, d\u00e9fenseur des droits de l\u2019homme et fervent militant contre la torture et la peine de mort ne cesse de le r\u00e9p\u00e9ter\u00a0: \u00ab\u00a0Nous ne demandons pas d\u2019indemnit\u00e9s financi\u00e8res. Tout ce que nous voulons, c\u2019est que la v\u00e9rit\u00e9 soit enfin d\u00e9voil\u00e9e et que des excuses soient adress\u00e9es \u00e0 la famille et au parti de mon fr\u00e8re. Nous sommes capables de pardon. Ma m\u00e8re a laiss\u00e9 en h\u00e9ritage un v\u0153u\u00a0: \u2018que plus aucune m\u00e8re tunisienne n\u2019endure mon calvaire\u00a0!\u2019\u00a0\u00bb<\/p>\n","protected":false},"excerpt":{"rendered":"<p>Le proc\u00e8s des tortionnaires et assassins pr\u00e9sum\u00e9s de Nabil Barkati, un militant d\u2019extr\u00eame gauche tortur\u00e9 \u00e0 mort en 1987, semble le plus avanc\u00e9 de toutes les affaires qu\u2019examinent actuellement les chambres sp\u00e9cialis\u00e9es en Tunisie. Mais bien que plusieurs t\u00e9moins et pr\u00e9venus aient r\u00e9pondu \u00e0 l\u2019appel du tribunal, la v\u00e9rit\u00e9 ne semble pas encore pr\u00eate \u00e0 [&hellip;]<\/p>\n","protected":false},"author":71,"featured_media":63406,"comment_status":"open","ping_status":"closed","sticky":false,"template":"","format":"standard","meta":{"_acf_changed":false,"footnotes":""},"categories":[574],"tags":[],"ji_location":[2520],"class_list":["post-43470","post","type-post","status-publish","format-standard","has-post-thumbnail","hentry","category-tribunaux-nationaux","ji_location-tunisie"],"acf":[],"yoast_head":"<!-- This site is optimized with the Yoast SEO Premium plugin v25.3.1 (Yoast SEO v25.3.1) - https:\/\/yoast.com\/wordpress\/plugins\/seo\/ -->\n<title>Tunisie : la v\u00e9rit\u00e9 encore introuvable de l\u2019affaire Barkati - JusticeInfo.net<\/title>\n<meta name=\"robots\" content=\"index, follow, max-snippet:-1, max-image-preview:large, max-video-preview:-1\" \/>\n<link rel=\"canonical\" href=\"https:\/\/www.justiceinfo.net\/fr\/43470-tunisie-verite-encore-introuvable-affaire-barkati.html\" \/>\n<meta property=\"og:locale\" content=\"fr_FR\" \/>\n<meta property=\"og:type\" content=\"article\" \/>\n<meta property=\"og:title\" content=\"Tunisie : la v\u00e9rit\u00e9 encore introuvable de l\u2019affaire Barkati\" \/>\n<meta property=\"og:description\" content=\"Le proc\u00e8s des tortionnaires et assassins pr\u00e9sum\u00e9s de Nabil Barkati, un militant d\u2019extr\u00eame gauche tortur\u00e9 \u00e0 mort en 1987, semble le plus avanc\u00e9 de toutes les affaires qu\u2019examinent actuellement les chambres sp\u00e9cialis\u00e9es en Tunisie. Mais bien que plusieurs t\u00e9moins et pr\u00e9venus aient r\u00e9pondu \u00e0 l\u2019appel du tribunal, la v\u00e9rit\u00e9 ne semble pas encore pr\u00eate \u00e0 [&hellip;]\" \/>\n<meta property=\"og:url\" content=\"https:\/\/www.justiceinfo.net\/fr\/43470-tunisie-verite-encore-introuvable-affaire-barkati.html\" \/>\n<meta property=\"og:site_name\" content=\"JusticeInfo.net\" \/>\n<meta property=\"article:publisher\" content=\"https:\/\/www.facebook.com\/JusticeInfo\/\" \/>\n<meta property=\"article:published_time\" content=\"2020-01-07T07:05:03+00:00\" \/>\n<meta property=\"og:image\" content=\"https:\/\/www.justiceinfo.net\/wp-content\/uploads\/63b834269688884baea658eb06411420.jpg\" \/>\n\t<meta property=\"og:image:width\" content=\"1200\" \/>\n\t<meta property=\"og:image:height\" content=\"799\" \/>\n\t<meta property=\"og:image:type\" content=\"image\/jpeg\" \/>\n<meta name=\"author\" content=\"Olfa Belhassine\" \/>\n<meta name=\"twitter:card\" content=\"summary_large_image\" \/>\n<meta name=\"twitter:creator\" content=\"@justiceinfonet\" \/>\n<meta name=\"twitter:site\" content=\"@justiceinfonet\" \/>\n<meta name=\"twitter:label1\" content=\"\u00c9crit par\" \/>\n\t<meta name=\"twitter:data1\" content=\"Olfa Belhassine\" \/>\n\t<meta name=\"twitter:label2\" content=\"Dur\u00e9e de lecture estim\u00e9e\" \/>\n\t<meta name=\"twitter:data2\" content=\"7 minutes\" \/>\n<script type=\"application\/ld+json\" class=\"yoast-schema-graph\">{\"@context\":\"https:\/\/schema.org\",\"@graph\":[{\"@type\":\"NewsArticle\",\"@id\":\"https:\/\/www.justiceinfo.net\/fr\/43470-tunisie-verite-encore-introuvable-affaire-barkati.html#article\",\"isPartOf\":{\"@id\":\"https:\/\/www.justiceinfo.net\/fr\/43470-tunisie-verite-encore-introuvable-affaire-barkati.html\"},\"author\":{\"name\":\"obelhassine\",\"@id\":\"https:\/\/www.justiceinfo.net\/fr#\/schema\/person\/be9514cb994f9d9b69219d0e74582797\"},\"headline\":\"Tunisie : la v\u00e9rit\u00e9 encore introuvable de l\u2019affaire Barkati\",\"datePublished\":\"2020-01-07T07:05:03+00:00\",\"mainEntityOfPage\":{\"@id\":\"https:\/\/www.justiceinfo.net\/fr\/43470-tunisie-verite-encore-introuvable-affaire-barkati.html\"},\"wordCount\":1510,\"commentCount\":0,\"publisher\":{\"@id\":\"https:\/\/www.justiceinfo.net\/fr#organization\"},\"image\":{\"@id\":\"https:\/\/www.justiceinfo.net\/fr\/43470-tunisie-verite-encore-introuvable-affaire-barkati.html#primaryimage\"},\"thumbnailUrl\":\"https:\/\/www.justiceinfo.net\/wp-content\/uploads\/63b834269688884baea658eb06411420.jpg\",\"articleSection\":[\"Tribunaux nationaux\"],\"inLanguage\":\"fr-FR\",\"potentialAction\":[{\"@type\":\"CommentAction\",\"name\":\"Comment\",\"target\":[\"https:\/\/www.justiceinfo.net\/fr\/43470-tunisie-verite-encore-introuvable-affaire-barkati.html#respond\"]}]},{\"@type\":\"WebPage\",\"@id\":\"https:\/\/www.justiceinfo.net\/fr\/43470-tunisie-verite-encore-introuvable-affaire-barkati.html\",\"url\":\"https:\/\/www.justiceinfo.net\/fr\/43470-tunisie-verite-encore-introuvable-affaire-barkati.html\",\"name\":\"Tunisie : la v\u00e9rit\u00e9 encore introuvable de l\u2019affaire Barkati - JusticeInfo.net\",\"isPartOf\":{\"@id\":\"https:\/\/www.justiceinfo.net\/fr#website\"},\"primaryImageOfPage\":{\"@id\":\"https:\/\/www.justiceinfo.net\/fr\/43470-tunisie-verite-encore-introuvable-affaire-barkati.html#primaryimage\"},\"image\":{\"@id\":\"https:\/\/www.justiceinfo.net\/fr\/43470-tunisie-verite-encore-introuvable-affaire-barkati.html#primaryimage\"},\"thumbnailUrl\":\"https:\/\/www.justiceinfo.net\/wp-content\/uploads\/63b834269688884baea658eb06411420.jpg\",\"datePublished\":\"2020-01-07T07:05:03+00:00\",\"breadcrumb\":{\"@id\":\"https:\/\/www.justiceinfo.net\/fr\/43470-tunisie-verite-encore-introuvable-affaire-barkati.html#breadcrumb\"},\"inLanguage\":\"fr-FR\",\"potentialAction\":[{\"@type\":\"ReadAction\",\"target\":[\"https:\/\/www.justiceinfo.net\/fr\/43470-tunisie-verite-encore-introuvable-affaire-barkati.html\"]}]},{\"@type\":\"ImageObject\",\"inLanguage\":\"fr-FR\",\"@id\":\"https:\/\/www.justiceinfo.net\/fr\/43470-tunisie-verite-encore-introuvable-affaire-barkati.html#primaryimage\",\"url\":\"https:\/\/www.justiceinfo.net\/wp-content\/uploads\/63b834269688884baea658eb06411420.jpg\",\"contentUrl\":\"https:\/\/www.justiceinfo.net\/wp-content\/uploads\/63b834269688884baea658eb06411420.jpg\",\"width\":1200,\"height\":799},{\"@type\":\"BreadcrumbList\",\"@id\":\"https:\/\/www.justiceinfo.net\/fr\/43470-tunisie-verite-encore-introuvable-affaire-barkati.html#breadcrumb\",\"itemListElement\":[{\"@type\":\"ListItem\",\"position\":1,\"name\":\"Home\",\"item\":\"https:\/\/www.justiceinfo.net\/fr\"},{\"@type\":\"ListItem\",\"position\":2,\"name\":\"Tunisie : la v\u00e9rit\u00e9 encore introuvable de l\u2019affaire Barkati\"}]},{\"@type\":\"WebSite\",\"@id\":\"https:\/\/www.justiceinfo.net\/fr#website\",\"url\":\"https:\/\/www.justiceinfo.net\/fr\",\"name\":\"JusticeInfo.net\",\"description\":\"La justice doit \u00eatre vue pour \u00eatre rendue\",\"publisher\":{\"@id\":\"https:\/\/www.justiceinfo.net\/fr#organization\"},\"potentialAction\":[{\"@type\":\"SearchAction\",\"target\":{\"@type\":\"EntryPoint\",\"urlTemplate\":\"https:\/\/www.justiceinfo.net\/fr?s={search_term_string}\"},\"query-input\":{\"@type\":\"PropertyValueSpecification\",\"valueRequired\":true,\"valueName\":\"search_term_string\"}}],\"inLanguage\":\"fr-FR\"},{\"@type\":\"Organization\",\"@id\":\"https:\/\/www.justiceinfo.net\/fr#organization\",\"name\":\"Justice Info\",\"url\":\"https:\/\/www.justiceinfo.net\/fr\",\"logo\":{\"@type\":\"ImageObject\",\"inLanguage\":\"fr-FR\",\"@id\":\"https:\/\/www.justiceinfo.net\/fr#\/schema\/logo\/image\/\",\"url\":\"https:\/\/www.justiceinfo.net\/wp-content\/uploads\/justiceinfo_logo-trans_1200x1200px.png\",\"contentUrl\":\"https:\/\/www.justiceinfo.net\/wp-content\/uploads\/justiceinfo_logo-trans_1200x1200px.png\",\"width\":1199,\"height\":1200,\"caption\":\"Justice Info\"},\"image\":{\"@id\":\"https:\/\/www.justiceinfo.net\/fr#\/schema\/logo\/image\/\"},\"sameAs\":[\"https:\/\/www.facebook.com\/JusticeInfo\/\",\"https:\/\/x.com\/justiceinfonet\",\"https:\/\/www.linkedin.com\/company\/justice-info\",\"https:\/\/www.youtube.com\/channel\/UCyCEsARodyuWtkWyhn-e7pA\"]},{\"@type\":\"Person\",\"name\":\"Olfa Belhassine\",\"url\":\"https:\/\/www.justiceinfo.net\/fr\/auteur\/obelhassine\"}]}<\/script>\n<!-- \/ Yoast SEO Premium plugin. -->","yoast_head_json":{"title":"Tunisie : la v\u00e9rit\u00e9 encore introuvable de l\u2019affaire Barkati - JusticeInfo.net","robots":{"index":"index","follow":"follow","max-snippet":"max-snippet:-1","max-image-preview":"max-image-preview:large","max-video-preview":"max-video-preview:-1"},"canonical":"https:\/\/www.justiceinfo.net\/fr\/43470-tunisie-verite-encore-introuvable-affaire-barkati.html","og_locale":"fr_FR","og_type":"article","og_title":"Tunisie : la v\u00e9rit\u00e9 encore introuvable de l\u2019affaire Barkati","og_description":"Le proc\u00e8s des tortionnaires et assassins pr\u00e9sum\u00e9s de Nabil Barkati, un militant d\u2019extr\u00eame gauche tortur\u00e9 \u00e0 mort en 1987, semble le plus avanc\u00e9 de toutes les affaires qu\u2019examinent actuellement les chambres sp\u00e9cialis\u00e9es en Tunisie. Mais bien que plusieurs t\u00e9moins et pr\u00e9venus aient r\u00e9pondu \u00e0 l\u2019appel du tribunal, la v\u00e9rit\u00e9 ne semble pas encore pr\u00eate \u00e0 [&hellip;]","og_url":"https:\/\/www.justiceinfo.net\/fr\/43470-tunisie-verite-encore-introuvable-affaire-barkati.html","og_site_name":"JusticeInfo.net","article_publisher":"https:\/\/www.facebook.com\/JusticeInfo\/","article_published_time":"2020-01-07T07:05:03+00:00","og_image":[{"width":1200,"height":799,"url":"https:\/\/www.justiceinfo.net\/wp-content\/uploads\/63b834269688884baea658eb06411420.jpg","type":"image\/jpeg"}],"author":"Olfa Belhassine","twitter_card":"summary_large_image","twitter_creator":"@justiceinfonet","twitter_site":"@justiceinfonet","twitter_misc":{"\u00c9crit par":"Olfa Belhassine","Dur\u00e9e de lecture estim\u00e9e":"7 minutes"},"schema":{"@context":"https:\/\/schema.org","@graph":[{"@type":"NewsArticle","@id":"https:\/\/www.justiceinfo.net\/fr\/43470-tunisie-verite-encore-introuvable-affaire-barkati.html#article","isPartOf":{"@id":"https:\/\/www.justiceinfo.net\/fr\/43470-tunisie-verite-encore-introuvable-affaire-barkati.html"},"author":{"name":"obelhassine","@id":"https:\/\/www.justiceinfo.net\/fr#\/schema\/person\/be9514cb994f9d9b69219d0e74582797"},"headline":"Tunisie : la v\u00e9rit\u00e9 encore introuvable de l\u2019affaire Barkati","datePublished":"2020-01-07T07:05:03+00:00","mainEntityOfPage":{"@id":"https:\/\/www.justiceinfo.net\/fr\/43470-tunisie-verite-encore-introuvable-affaire-barkati.html"},"wordCount":1510,"commentCount":0,"publisher":{"@id":"https:\/\/www.justiceinfo.net\/fr#organization"},"image":{"@id":"https:\/\/www.justiceinfo.net\/fr\/43470-tunisie-verite-encore-introuvable-affaire-barkati.html#primaryimage"},"thumbnailUrl":"https:\/\/www.justiceinfo.net\/wp-content\/uploads\/63b834269688884baea658eb06411420.jpg","articleSection":["Tribunaux nationaux"],"inLanguage":"fr-FR","potentialAction":[{"@type":"CommentAction","name":"Comment","target":["https:\/\/www.justiceinfo.net\/fr\/43470-tunisie-verite-encore-introuvable-affaire-barkati.html#respond"]}]},{"@type":"WebPage","@id":"https:\/\/www.justiceinfo.net\/fr\/43470-tunisie-verite-encore-introuvable-affaire-barkati.html","url":"https:\/\/www.justiceinfo.net\/fr\/43470-tunisie-verite-encore-introuvable-affaire-barkati.html","name":"Tunisie : la v\u00e9rit\u00e9 encore introuvable de l\u2019affaire Barkati - JusticeInfo.net","isPartOf":{"@id":"https:\/\/www.justiceinfo.net\/fr#website"},"primaryImageOfPage":{"@id":"https:\/\/www.justiceinfo.net\/fr\/43470-tunisie-verite-encore-introuvable-affaire-barkati.html#primaryimage"},"image":{"@id":"https:\/\/www.justiceinfo.net\/fr\/43470-tunisie-verite-encore-introuvable-affaire-barkati.html#primaryimage"},"thumbnailUrl":"https:\/\/www.justiceinfo.net\/wp-content\/uploads\/63b834269688884baea658eb06411420.jpg","datePublished":"2020-01-07T07:05:03+00:00","breadcrumb":{"@id":"https:\/\/www.justiceinfo.net\/fr\/43470-tunisie-verite-encore-introuvable-affaire-barkati.html#breadcrumb"},"inLanguage":"fr-FR","potentialAction":[{"@type":"ReadAction","target":["https:\/\/www.justiceinfo.net\/fr\/43470-tunisie-verite-encore-introuvable-affaire-barkati.html"]}]},{"@type":"ImageObject","inLanguage":"fr-FR","@id":"https:\/\/www.justiceinfo.net\/fr\/43470-tunisie-verite-encore-introuvable-affaire-barkati.html#primaryimage","url":"https:\/\/www.justiceinfo.net\/wp-content\/uploads\/63b834269688884baea658eb06411420.jpg","contentUrl":"https:\/\/www.justiceinfo.net\/wp-content\/uploads\/63b834269688884baea658eb06411420.jpg","width":1200,"height":799},{"@type":"BreadcrumbList","@id":"https:\/\/www.justiceinfo.net\/fr\/43470-tunisie-verite-encore-introuvable-affaire-barkati.html#breadcrumb","itemListElement":[{"@type":"ListItem","position":1,"name":"Home","item":"https:\/\/www.justiceinfo.net\/fr"},{"@type":"ListItem","position":2,"name":"Tunisie : la v\u00e9rit\u00e9 encore introuvable de l\u2019affaire Barkati"}]},{"@type":"WebSite","@id":"https:\/\/www.justiceinfo.net\/fr#website","url":"https:\/\/www.justiceinfo.net\/fr","name":"JusticeInfo.net","description":"La justice doit \u00eatre vue pour \u00eatre rendue","publisher":{"@id":"https:\/\/www.justiceinfo.net\/fr#organization"},"potentialAction":[{"@type":"SearchAction","target":{"@type":"EntryPoint","urlTemplate":"https:\/\/www.justiceinfo.net\/fr?s={search_term_string}"},"query-input":{"@type":"PropertyValueSpecification","valueRequired":true,"valueName":"search_term_string"}}],"inLanguage":"fr-FR"},{"@type":"Organization","@id":"https:\/\/www.justiceinfo.net\/fr#organization","name":"Justice Info","url":"https:\/\/www.justiceinfo.net\/fr","logo":{"@type":"ImageObject","inLanguage":"fr-FR","@id":"https:\/\/www.justiceinfo.net\/fr#\/schema\/logo\/image\/","url":"https:\/\/www.justiceinfo.net\/wp-content\/uploads\/justiceinfo_logo-trans_1200x1200px.png","contentUrl":"https:\/\/www.justiceinfo.net\/wp-content\/uploads\/justiceinfo_logo-trans_1200x1200px.png","width":1199,"height":1200,"caption":"Justice Info"},"image":{"@id":"https:\/\/www.justiceinfo.net\/fr#\/schema\/logo\/image\/"},"sameAs":["https:\/\/www.facebook.com\/JusticeInfo\/","https:\/\/x.com\/justiceinfonet","https:\/\/www.linkedin.com\/company\/justice-info","https:\/\/www.youtube.com\/channel\/UCyCEsARodyuWtkWyhn-e7pA"]},{"@type":"Person","name":"Olfa Belhassine","url":"https:\/\/www.justiceinfo.net\/fr\/auteur\/obelhassine"}]}},"_links":{"self":[{"href":"https:\/\/www.justiceinfo.net\/fr\/wp-json\/wp\/v2\/posts\/43470","targetHints":{"allow":["GET"]}}],"collection":[{"href":"https:\/\/www.justiceinfo.net\/fr\/wp-json\/wp\/v2\/posts"}],"about":[{"href":"https:\/\/www.justiceinfo.net\/fr\/wp-json\/wp\/v2\/types\/post"}],"author":[{"embeddable":true,"href":"https:\/\/www.justiceinfo.net\/fr\/wp-json\/wp\/v2\/users\/71"}],"replies":[{"embeddable":true,"href":"https:\/\/www.justiceinfo.net\/fr\/wp-json\/wp\/v2\/comments?post=43470"}],"version-history":[{"count":0,"href":"https:\/\/www.justiceinfo.net\/fr\/wp-json\/wp\/v2\/posts\/43470\/revisions"}],"wp:featuredmedia":[{"embeddable":true,"href":"https:\/\/www.justiceinfo.net\/fr\/wp-json\/wp\/v2\/media\/63406"}],"wp:attachment":[{"href":"https:\/\/www.justiceinfo.net\/fr\/wp-json\/wp\/v2\/media?parent=43470"}],"wp:term":[{"taxonomy":"category","embeddable":true,"href":"https:\/\/www.justiceinfo.net\/fr\/wp-json\/wp\/v2\/categories?post=43470"},{"taxonomy":"post_tag","embeddable":true,"href":"https:\/\/www.justiceinfo.net\/fr\/wp-json\/wp\/v2\/tags?post=43470"},{"taxonomy":"ji_location","embeddable":true,"href":"https:\/\/www.justiceinfo.net\/fr\/wp-json\/wp\/v2\/ji_location?post=43470"}],"curies":[{"name":"wp","href":"https:\/\/api.w.org\/{rel}","templated":true}]}}