{"id":43667,"date":"2020-01-27T08:35:32","date_gmt":"2020-01-27T07:35:32","guid":{"rendered":"https:\/\/www.justiceinfo.net\/43667-gambie-quand-des-imams-s-opposaient-au-chef-des-croyants.html"},"modified":"2020-01-27T08:35:32","modified_gmt":"2020-01-27T07:35:32","slug":"gambie-quand-des-imams-s-opposaient-au-chef-des-croyants","status":"publish","type":"post","link":"https:\/\/www.justiceinfo.net\/fr\/43667-gambie-quand-des-imams-s-opposaient-au-chef-des-croyants.html","title":{"rendered":"Gambie : quand des imams s\u2019opposaient au \u00ab chef des croyants \u00bb"},"content":{"rendered":"<p><strong>La Commission v\u00e9rit\u00e9, r\u00e9conciliation et r\u00e9parations a repris ses audiences publiques en Gambie. Elle a entendu les t\u00e9moignages de responsables religieux qui ont os\u00e9 d\u00e9fier l'ancien pr\u00e9sident Yahya Jammeh, apr\u00e8s que celui-ci eut \u00e9t\u00e9 d\u00e9clar\u00e9 \u00ab\u00a0chef des croyants\u00a0\u00bb par un Conseil islamique supr\u00eame aux ordres.<\/strong><\/p>\n<p><!--more--><\/p>\n<p>En 2014, Yahya Jammeh choquait m\u00eame ses critiques les plus virulents en d\u00e9clarant, en wolof, \"dekabi mako mum\" \u2013 ce pays m\u2019appartient. L'ancien pr\u00e9sident gambien faisait \u00e9galement des d\u00e9clarations \u00e0 caract\u00e8re religieux. Il disait aux chr\u00e9tiens que la Bible interdisait de manger du porc. Il indiquait aux musulmans le jour auquel ils devaient observer leurs f\u00eates religieuses.<\/p>\n<p>Une personne a pay\u00e9 cher son opposition \u00e0 ce qui constituait, \u00e0 ses yeux, de \"mauvais enseignements\" religieux de la part de Jammeh. Il s\u2019agit de l'imam Baba Leigh. Cet imam gambien est controvers\u00e9. Il est consid\u00e9r\u00e9 comme un alli\u00e9 du camp des \u00ab\u00a0progressistes\u00a0\u00bb. Il critique ouvertement la pratique de la mutilation g\u00e9nitale f\u00e9minine. Sa vision du monde et de la religion le placent souvent en opposition aux dirigeants nationaux du Conseil supr\u00eame islamique, cr\u00e9\u00e9 en 1992 et compos\u00e9 de religieux form\u00e9s en Arabie Saoudite et alli\u00e9s de l'ancien pr\u00e9sident.<\/p>\n<p>Leigh et Jammeh \u00e9taient en d\u00e9saccord sur de nombreux points, mais le conflit entre les deux hommes devait atteindre son apog\u00e9e en d\u00e9cembre 2012, lorsque Jammeh fit ex\u00e9cuter des condamn\u00e9s \u00e0 mort et justifia son ordre par des motifs religieux. Jammeh annon\u00e7a les ex\u00e9cutions lors d'une r\u00e9union avec le Conseil supr\u00eame islamique, \u00e0 l'occasion de l'A\u00efd-al-Fitr, jour marquant la fin du Ramadan, le mois de je\u00fbne musulman. \"Tous ceux qui se sont rendus coupables de crimes graves et qui ont \u00e9t\u00e9 condamn\u00e9s subiront la pleine force de la loi\", d\u00e9clare alors Jammeh. \"Au milieu du mois prochain, toutes les condamnations \u00e0 mort auront \u00e9t\u00e9 ex\u00e9cut\u00e9es \u00e0 la lettre.\" Quelques jours plus tard, Jammeh ordonnait l'ex\u00e9cution de neuf condamn\u00e9s \u00e0 mort.<\/p>\n<h3>S'opposer au vernis religieux donn\u00e9 aux ex\u00e9cutions<\/h3>\n<p>Depuis le r\u00e8gne colonial des Britanniques en Gambie, c'est une tradition pour les chefs musulmans, principalement ceux de la capitale Banjul, de se rendre \u00e0 la Pr\u00e9sidence \u00e0 l'occasion de l'A\u00efd-al-Fitr. Cela leur permet de rencontrer les ministres et le Pr\u00e9sident pour discuter de questions d'int\u00e9r\u00eat commun. Jammeh avait l\u2019habitude de faire de ce rendez-vous une tribune pour des attaques au vitriol contre ses opposants ou pour des d\u00e9clarations \u00e0 caract\u00e8re religieux.\u00a0<\/p>\n<p>\u00a0L'ann\u00e9e derni\u00e8re, certains Junglers \u2013 d\u2019anciens hommes de main aux ordres de Jammeh \u2013 ont t\u00e9moign\u00e9 devant la Commission v\u00e9rit\u00e9, r\u00e9conciliation et r\u00e9parations (TRRC) qu'apr\u00e8s l'ex\u00e9cution des condamn\u00e9s \u00e0 mort, leurs corps avaient \u00e9t\u00e9 jet\u00e9s dans un puits. Certains \u00e9taient morts par asphyxie dans des v\u00e9hicules de transport qui les emmenait vers le peloton d\u2019ex\u00e9cution. Les personnes tu\u00e9es ce jour-l\u00e0 n'avaient m\u00eame pas \u00e9t\u00e9 rendues \u00e0 leurs proches.<\/p>\n<p>\u00a0\"C'\u00e9tait une erreur\", explique, le 22 janvier devant la TRRC, l'imam Baba Leigh (aujourd'hui membre de la Commission nationale des droits de l'homme). \"Vous ne pouvez pas tuer des gens au nom de la Charia [loi islamique] s'ils n'ont pas \u00e9t\u00e9 poursuivis en vertu de la jurisprudence islamique\".<\/p>\n<p>En 2012, Leigh avait donc fait part de son d\u00e9saccord avec Jammeh et le Conseil supr\u00eame islamique, depuis sa chaire comme dans la presse locale. Il avait abord\u00e9 la question lors de ses sermons du vendredi. Il avait \u00e9galement accord\u00e9 des entretiens au Standard et au Daily News. Jammeh s\u2019\u00e9tait senti d\u00e9fi\u00e9. Des amis de Leigh l\u2019avait enjoint de faire profil bas ou de quitter le pays. Il n'avait pas fallu longtemps avant qu'il ne soit arr\u00eat\u00e9 et que les deux journaux soient ferm\u00e9s. \"Pendant ma d\u00e9tention, les agents de l'Etat m'ont dit que si je voulais obtenir ma libert\u00e9, je devrais dire que j'avais \u00e9t\u00e9 mal cit\u00e9 par le Standard, mais j'ai refus\u00e9\", raconte Leigh.<\/p>\n<h3>D\u00e9tention secr\u00e8te et torture, au nom d'Allah<\/h3>\n<p>\u00c0 l'\u00e9poque, le gouvernement avait refus\u00e9 de reconna\u00eetre l'arrestation de l\u2019imam. Leigh avait \u00e9t\u00e9 conduit \u00e0 l'Agence nationale de renseignement o\u00f9 il avait \u00e9t\u00e9 s\u00e9v\u00e8rement battu. Omar Jallow, un Jungler qui a avou\u00e9 avoir particip\u00e9 au meurtre de 48 personnes, a admis l'ann\u00e9e derni\u00e8re devant la TRRC qu'il avait tortur\u00e9 Leigh. \"Ils m'ont battu, m'ont donn\u00e9 des coups de pied et \u00e9teint des cigarettes sur le corps. Ils m'ont battu jusqu'\u00e0 ce que je m'\u00e9vanouisse\", confirme l'imam. \"On m'a d\u00e9shabill\u00e9. J'ai \u00e9t\u00e9 bless\u00e9 au dos et il n'y avait pas de clinique pour me soigner.\"<\/p>\n<p>En plus des neuf jours de torture continue en d\u00e9tention, Leigh a \u00e9t\u00e9 d\u00e9tenu au secret \u00e0 la prison Mile 2 pendant plus de cinq mois avant d'\u00eatre pr\u00e9sent\u00e9 sur la cha\u00eene publique pour s'accuser publiquement de sa d\u00e9tention. Dans ce plaidoyer t\u00e9l\u00e9vis\u00e9, le secr\u00e9taire g\u00e9n\u00e9ral du gouvernement et les chefs religieux ont dit \u00e0 Leigh que ce n'\u00e9tait pas Jammeh qui l'avait arr\u00eat\u00e9 et que son calvaire avait \u00e9t\u00e9 ordonn\u00e9 par Allah.<\/p>\n<h3>Humiliations pour un clair de lune<\/h3>\n<p>L'imam Baba Leigh n'est pas le seul chef religieux \u00e0 avoir pay\u00e9 un lourd tribut pour son d\u00e9saccord avec Jammeh. Le 27 juillet 2014, le Conseil supr\u00eame islamique, choy\u00e9 par le pr\u00e9sident, d\u00e9clare que l\u2019A\u00efd-el-Fitr est pour le lendemain. Le lendemain, Jammeh et son Conseil prient. Mais une grande partie de la population et ses imams refusent de prier. Ils consid\u00e8rent qu'ils doivent voir la lune avant de mettre fin \u00e0 leur je\u00fbne, alors que le Conseil comptait sur l'observation de la lune par l'Arabie Saoudite. Les universitaires gambiens sont tr\u00e8s divis\u00e9s sur la question de savoir si le pays peut je\u00fbner sur la base de l\u2019observation de la lune d'Arabie. Mais pour Jammeh, ce d\u00e9bat est tranch\u00e9. \"Tous ceux qui n'ont pas pri\u00e9 aujourd'hui ne prieront pas demain. Ce pays m'appartient\", d\u00e9clare-t-il, le 28 juillet 2014, lors d'une rencontre avec les chefs religieux qui lui ont conf\u00e9r\u00e9 le titre de \"chef des croyants\". Le lendemain, des agents de renseignement sont envoy\u00e9s dans divers lieux et mosqu\u00e9es.<\/p>\n<p>Le cheikh Muhideen Hydara, un v\u00e9n\u00e9rable chef musulman alors \u00e2g\u00e9 de plus de 80 ans, est alors une voix importante parmi ceux qui s'opposent \u00e0 la pri\u00e8re le jour impos\u00e9 par Jammeh. Les Hydara sont un clan de musulmans tr\u00e8s respect\u00e9s en Afrique de l'Ouest. On pense qu'ils sont les descendants directs du proph\u00e8te Mahomet. Mais cela ne suffit pas \u00e0 le prot\u00e9ger. Le cheikh Muhideen Hydara est arr\u00eat\u00e9 et humili\u00e9 pour ne pas avoir observ\u00e9 la fin du Ramadan le jour proclam\u00e9 par Jammeh et son Conseil islamique. Il est finalement lib\u00e9r\u00e9 par un tribunal, en mai 2015. Les accusations port\u00e9es contre lui \u2013 d\u00e9sob\u00e9issance aux ordres l\u00e9gaux donn\u00e9s par Yahya Jammeh sur l\u2019observation de la pri\u00e8re de l'A\u00efd \u2013 ne peuvent pas \u00eatre retenues. Le tribunal d\u00e9clare qu'Hydara n'a enfreint aucune loi en Gambie. Il est acquitt\u00e9 et lib\u00e9r\u00e9.<\/p>\n<h3>Bataille autour du Conseil supr\u00eame islamique<\/h3>\n<p>Le cheikh Muhideen Hydara est mort d\u00e9but 2019. Devant la TRRC, son fils a\u00een\u00e9 Abass Muhideen Hydara d\u00e9clare que l'humiliation et \"l'arrestation ill\u00e9gale\" de son p\u00e8re ont contribu\u00e9 \u00e0 sa mort.<\/p>\n<p>Un autre religieux victime de la collusion entre le Conseil et Jammeh fut l'imam Ba Kawsu, un critique intr\u00e9pide de Jammeh et du Conseil, et un traditionaliste. Kawsu, qui poss\u00e9dait une \u00e9cole de m\u00e9morisation du Coran, a \u00e9t\u00e9 arr\u00eat\u00e9 \u00e0 plusieurs reprises par des agents de l'\u00c9tat, ce qui a entra\u00een\u00e9 la fermeture de son \u00e9cole. En 2012, il a \u00e9t\u00e9 arr\u00eat\u00e9 et d\u00e9tenu au secret pendant neuf jours, au cours desquels il aurait \u00e9t\u00e9 tortur\u00e9. Il avait fui ensuite le pays pour la Casamance, dans le sud du S\u00e9n\u00e9gal, o\u00f9 il allait vivre jusqu'en 2015, date \u00e0 laquelle il avait \u00e9t\u00e9 autoris\u00e9 \u00e0 revenir dans son pays.<\/p>\n<p>Tout comme Kawsu a reproch\u00e9 au Conseil supr\u00eame islamique son arrestation, Abass Hydara accuse \u00e9galement le Conseil de l'arrestation et de l'humiliation de son p\u00e8re. \"L'imam Abdoulie Fatty [secr\u00e9taire g\u00e9n\u00e9ral du Conseil] a dit \u00e0 mon p\u00e8re que c'\u00e9tait lui qui avait ordonn\u00e9 son arrestation\", t\u00e9moigne Abass. Le fils de feu Sheikh Muhideen Hydara pense que le Conseil devrait \u00eatre renomm\u00e9, comme la tristement c\u00e9l\u00e8bre Agence nationale de renseignement du pays a \u00e9t\u00e9 rebaptis\u00e9e Services de renseignement de l'\u00c9tat apr\u00e8s la fin de la dictature.<\/p>\n<p>La lutte pour le contr\u00f4le du Conseil supr\u00eame islamique entre les mod\u00e9r\u00e9s, les traditionalistes et les religieux form\u00e9s en Arabie Saoudite n'est pas termin\u00e9e.<\/p>\n<div class=\"content-encadre\" style=\"margin-top: 30px;\">\n<p><strong>TAMBADOU : \u00ab JAMMEH SERA IMM\u00c9DIATEMENT ARR\u00caT\u00c9 \u00bb<br \/><\/strong><\/p>\n<p>L'ancien dictateur gambien Yahya Jammeh, qui vit actuellement en exil en Guin\u00e9e \u00e9quatoriale, est revenu \u00e0 la une de l'actualit\u00e9 nationale. Lors d\u2019une conversation entre lui et le chef adjoint de son parti, Ousman Jatta \u2013 conversation qui a fait l\u2019objet d\u2019une fuite \u2013 Jammeh d\u00e9clare se trouver en vacances et qu'il reviendra en Gambie \u00e0 sa guise. Lui qui n'a jamais autoris\u00e9 de manifestation pendant ses 22 ans de r\u00e8gne, exhorte son parti \u00e0 descendre dans la rue et \u00e0 exiger la mise en \u0153uvre d'un accord qu'il aurait sign\u00e9 avec les Nations unies et la Cedeao pour son retour au pays en toute s\u00e9curit\u00e9. Cet accord, affirme-t-il, prot\u00e8ge \u00e9galement ses biens.<\/p>\n<p>Le 16 janvier, les partisans de Jammeh sont descendus dans les rues de Banjul pour exiger, comme il le leur avait ordonn\u00e9, que \"l'accord soit mis en \u0153uvre\". Cela a provoqu\u00e9 une r\u00e9action en cha\u00eene de la part des victimes de l\u2019ancien r\u00e9gime. Lors d'une conf\u00e9rence de presse le 21 janvier, le Centre pour les victimes de violations des droits de l'homme a demand\u00e9 l'interdiction du parti de Jammeh, \"jusqu'\u00e0 ce que la TRRC ait conclu son travail et ses recommandations mises en \u0153uvre pour un processus de justice transitionnelle harmonieux afin que nous puissions nous r\u00e9concilier et \u00eatre unis en tant que peuple et nation\".<\/p>\n<p>Mais Jammeh a \u00e9galement re\u00e7u une r\u00e9ponse exp\u00e9ditive du ministre gambien de la Justice, Abubacarr Tambadou. \"Si l'ancien pr\u00e9sident Yahya Jammeh revient un jour dans ce pays, il sera imm\u00e9diatement arr\u00eat\u00e9 et inculp\u00e9 des plus graves chefs d\u2019accusation, et aucun discours irresponsable ni aucune man\u0153uvre politique ne pourra l'emp\u00eacher. Il aura \u00e0 rendre des comptes comme tout autre accus\u00e9 ordinaire dans ce pays\", a d\u00e9clar\u00e9 Tambadou, le 19 janvier, lors d'un rassemblement \u00e0 Banjul.<\/p>\n<p>Le 25 janvier, des victimes de Jammeh et des militants sont descendus dans la rue pour demander son arrestation. L'ancien vice-pr\u00e9sident du pays, Ousainou Darboe, et l'ancien ministre de l'Agriculture, Omar Amadou Jallow, \u00e9taient pr\u00e9sents. Darboe, chef du Parti d\u00e9mocratique uni, avait \u00e9t\u00e9 envoy\u00e9 par Jammeh en prison pour trois ans, en 2016. \"Je suis ici pour me joindre \u00e0 l'appel pour que [Jammeh] soit poursuivi pour les atrocit\u00e9s commises contre le peuple\", a-t-il d\u00e9clar\u00e9.<\/p>\n<\/div>\n","protected":false},"excerpt":{"rendered":"<p>La Commission v\u00e9rit\u00e9, r\u00e9conciliation et r\u00e9parations a repris ses audiences publiques en Gambie. Elle a entendu les t\u00e9moignages de responsables religieux qui ont os\u00e9 d\u00e9fier l'ancien pr\u00e9sident Yahya Jammeh, apr\u00e8s que celui-ci eut \u00e9t\u00e9 d\u00e9clar\u00e9 \u00ab\u00a0chef des croyants\u00a0\u00bb par un Conseil islamique supr\u00eame aux ordres.<\/p>\n","protected":false},"author":73,"featured_media":65047,"comment_status":"open","ping_status":"closed","sticky":false,"template":"","format":"standard","meta":{"_acf_changed":false,"footnotes":""},"categories":[548],"tags":[],"ji_location":[2508],"class_list":["post-43667","post","type-post","status-publish","format-standard","has-post-thumbnail","hentry","category-commissions-verite","ji_location-gambie"],"acf":[],"yoast_head":"<!-- This site is optimized with the Yoast SEO Premium plugin v25.3.1 (Yoast SEO v25.3.1) - https:\/\/yoast.com\/wordpress\/plugins\/seo\/ -->\n<title>Gambie : quand des imams s\u2019opposaient au \u00ab chef des croyants \u00bb - JusticeInfo.net<\/title>\n<meta name=\"robots\" content=\"index, follow, max-snippet:-1, max-image-preview:large, max-video-preview:-1\" \/>\n<link rel=\"canonical\" href=\"https:\/\/www.justiceinfo.net\/fr\/43667-gambie-quand-des-imams-s-opposaient-au-chef-des-croyants.html\" \/>\n<meta property=\"og:locale\" content=\"fr_FR\" \/>\n<meta property=\"og:type\" content=\"article\" \/>\n<meta property=\"og:title\" content=\"Gambie : quand des imams s\u2019opposaient au \u00ab chef des croyants \u00bb\" \/>\n<meta property=\"og:description\" content=\"La Commission v\u00e9rit\u00e9, r\u00e9conciliation et r\u00e9parations a repris ses audiences publiques en Gambie. Elle a entendu les t\u00e9moignages de responsables religieux qui ont os\u00e9 d\u00e9fier l&#039;ancien pr\u00e9sident Yahya Jammeh, apr\u00e8s que celui-ci eut \u00e9t\u00e9 d\u00e9clar\u00e9 \u00ab\u00a0chef des croyants\u00a0\u00bb par un Conseil islamique supr\u00eame aux ordres.\" \/>\n<meta property=\"og:url\" content=\"https:\/\/www.justiceinfo.net\/fr\/43667-gambie-quand-des-imams-s-opposaient-au-chef-des-croyants.html\" \/>\n<meta property=\"og:site_name\" content=\"JusticeInfo.net\" \/>\n<meta property=\"article:publisher\" content=\"https:\/\/www.facebook.com\/JusticeInfo\/\" \/>\n<meta property=\"article:published_time\" content=\"2020-01-27T07:35:32+00:00\" \/>\n<meta property=\"og:image\" content=\"https:\/\/www.justiceinfo.net\/wp-content\/uploads\/ec52503ab9009b12d658cb7de8cc28ae.jpg\" \/>\n\t<meta property=\"og:image:width\" content=\"1200\" \/>\n\t<meta property=\"og:image:height\" content=\"800\" \/>\n\t<meta property=\"og:image:type\" content=\"image\/jpeg\" \/>\n<meta name=\"author\" content=\"Mustapha K. Darboe\" \/>\n<meta name=\"twitter:card\" content=\"summary_large_image\" \/>\n<meta name=\"twitter:creator\" content=\"@justiceinfonet\" \/>\n<meta name=\"twitter:site\" content=\"@justiceinfonet\" \/>\n<meta name=\"twitter:label1\" content=\"\u00c9crit par\" \/>\n\t<meta name=\"twitter:data1\" content=\"Mustapha K. Darboe\" \/>\n\t<meta name=\"twitter:label2\" content=\"Dur\u00e9e de lecture estim\u00e9e\" \/>\n\t<meta name=\"twitter:data2\" content=\"9 minutes\" \/>\n<script type=\"application\/ld+json\" class=\"yoast-schema-graph\">{\"@context\":\"https:\/\/schema.org\",\"@graph\":[{\"@type\":\"NewsArticle\",\"@id\":\"https:\/\/www.justiceinfo.net\/fr\/43667-gambie-quand-des-imams-s-opposaient-au-chef-des-croyants.html#article\",\"isPartOf\":{\"@id\":\"https:\/\/www.justiceinfo.net\/fr\/43667-gambie-quand-des-imams-s-opposaient-au-chef-des-croyants.html\"},\"author\":{\"name\":\"mdarboe\",\"@id\":\"https:\/\/www.justiceinfo.net\/fr#\/schema\/person\/87683ef8eb6db0f513bc2be3db6f3012\"},\"headline\":\"Gambie : quand des imams s\u2019opposaient au \u00ab chef des croyants \u00bb\",\"datePublished\":\"2020-01-27T07:35:32+00:00\",\"mainEntityOfPage\":{\"@id\":\"https:\/\/www.justiceinfo.net\/fr\/43667-gambie-quand-des-imams-s-opposaient-au-chef-des-croyants.html\"},\"wordCount\":1973,\"commentCount\":0,\"publisher\":{\"@id\":\"https:\/\/www.justiceinfo.net\/fr#organization\"},\"image\":{\"@id\":\"https:\/\/www.justiceinfo.net\/fr\/43667-gambie-quand-des-imams-s-opposaient-au-chef-des-croyants.html#primaryimage\"},\"thumbnailUrl\":\"https:\/\/www.justiceinfo.net\/wp-content\/uploads\/ec52503ab9009b12d658cb7de8cc28ae.jpg\",\"articleSection\":[\"Commissions v\u00e9rit\u00e9\"],\"inLanguage\":\"fr-FR\",\"potentialAction\":[{\"@type\":\"CommentAction\",\"name\":\"Comment\",\"target\":[\"https:\/\/www.justiceinfo.net\/fr\/43667-gambie-quand-des-imams-s-opposaient-au-chef-des-croyants.html#respond\"]}]},{\"@type\":\"WebPage\",\"@id\":\"https:\/\/www.justiceinfo.net\/fr\/43667-gambie-quand-des-imams-s-opposaient-au-chef-des-croyants.html\",\"url\":\"https:\/\/www.justiceinfo.net\/fr\/43667-gambie-quand-des-imams-s-opposaient-au-chef-des-croyants.html\",\"name\":\"Gambie : quand des imams s\u2019opposaient au \u00ab chef des croyants \u00bb - JusticeInfo.net\",\"isPartOf\":{\"@id\":\"https:\/\/www.justiceinfo.net\/fr#website\"},\"primaryImageOfPage\":{\"@id\":\"https:\/\/www.justiceinfo.net\/fr\/43667-gambie-quand-des-imams-s-opposaient-au-chef-des-croyants.html#primaryimage\"},\"image\":{\"@id\":\"https:\/\/www.justiceinfo.net\/fr\/43667-gambie-quand-des-imams-s-opposaient-au-chef-des-croyants.html#primaryimage\"},\"thumbnailUrl\":\"https:\/\/www.justiceinfo.net\/wp-content\/uploads\/ec52503ab9009b12d658cb7de8cc28ae.jpg\",\"datePublished\":\"2020-01-27T07:35:32+00:00\",\"breadcrumb\":{\"@id\":\"https:\/\/www.justiceinfo.net\/fr\/43667-gambie-quand-des-imams-s-opposaient-au-chef-des-croyants.html#breadcrumb\"},\"inLanguage\":\"fr-FR\",\"potentialAction\":[{\"@type\":\"ReadAction\",\"target\":[\"https:\/\/www.justiceinfo.net\/fr\/43667-gambie-quand-des-imams-s-opposaient-au-chef-des-croyants.html\"]}]},{\"@type\":\"ImageObject\",\"inLanguage\":\"fr-FR\",\"@id\":\"https:\/\/www.justiceinfo.net\/fr\/43667-gambie-quand-des-imams-s-opposaient-au-chef-des-croyants.html#primaryimage\",\"url\":\"https:\/\/www.justiceinfo.net\/wp-content\/uploads\/ec52503ab9009b12d658cb7de8cc28ae.jpg\",\"contentUrl\":\"https:\/\/www.justiceinfo.net\/wp-content\/uploads\/ec52503ab9009b12d658cb7de8cc28ae.jpg\",\"width\":1200,\"height\":800},{\"@type\":\"BreadcrumbList\",\"@id\":\"https:\/\/www.justiceinfo.net\/fr\/43667-gambie-quand-des-imams-s-opposaient-au-chef-des-croyants.html#breadcrumb\",\"itemListElement\":[{\"@type\":\"ListItem\",\"position\":1,\"name\":\"Home\",\"item\":\"https:\/\/www.justiceinfo.net\/fr\"},{\"@type\":\"ListItem\",\"position\":2,\"name\":\"Gambie : quand des imams s\u2019opposaient au \u00ab chef des croyants \u00bb\"}]},{\"@type\":\"WebSite\",\"@id\":\"https:\/\/www.justiceinfo.net\/fr#website\",\"url\":\"https:\/\/www.justiceinfo.net\/fr\",\"name\":\"JusticeInfo.net\",\"description\":\"La justice doit \u00eatre vue pour \u00eatre rendue\",\"publisher\":{\"@id\":\"https:\/\/www.justiceinfo.net\/fr#organization\"},\"potentialAction\":[{\"@type\":\"SearchAction\",\"target\":{\"@type\":\"EntryPoint\",\"urlTemplate\":\"https:\/\/www.justiceinfo.net\/fr?s={search_term_string}\"},\"query-input\":{\"@type\":\"PropertyValueSpecification\",\"valueRequired\":true,\"valueName\":\"search_term_string\"}}],\"inLanguage\":\"fr-FR\"},{\"@type\":\"Organization\",\"@id\":\"https:\/\/www.justiceinfo.net\/fr#organization\",\"name\":\"Justice Info\",\"url\":\"https:\/\/www.justiceinfo.net\/fr\",\"logo\":{\"@type\":\"ImageObject\",\"inLanguage\":\"fr-FR\",\"@id\":\"https:\/\/www.justiceinfo.net\/fr#\/schema\/logo\/image\/\",\"url\":\"https:\/\/www.justiceinfo.net\/wp-content\/uploads\/justiceinfo_logo-trans_1200x1200px.png\",\"contentUrl\":\"https:\/\/www.justiceinfo.net\/wp-content\/uploads\/justiceinfo_logo-trans_1200x1200px.png\",\"width\":1199,\"height\":1200,\"caption\":\"Justice Info\"},\"image\":{\"@id\":\"https:\/\/www.justiceinfo.net\/fr#\/schema\/logo\/image\/\"},\"sameAs\":[\"https:\/\/www.facebook.com\/JusticeInfo\/\",\"https:\/\/x.com\/justiceinfonet\",\"https:\/\/www.linkedin.com\/company\/justice-info\",\"https:\/\/www.youtube.com\/channel\/UCyCEsARodyuWtkWyhn-e7pA\"]},{\"@type\":\"Person\",\"name\":\"Mustapha K. Darboe\",\"url\":\"https:\/\/www.justiceinfo.net\/fr\/auteur\/mdarboe\"}]}<\/script>\n<!-- \/ Yoast SEO Premium plugin. -->","yoast_head_json":{"title":"Gambie : quand des imams s\u2019opposaient au \u00ab chef des croyants \u00bb - JusticeInfo.net","robots":{"index":"index","follow":"follow","max-snippet":"max-snippet:-1","max-image-preview":"max-image-preview:large","max-video-preview":"max-video-preview:-1"},"canonical":"https:\/\/www.justiceinfo.net\/fr\/43667-gambie-quand-des-imams-s-opposaient-au-chef-des-croyants.html","og_locale":"fr_FR","og_type":"article","og_title":"Gambie : quand des imams s\u2019opposaient au \u00ab chef des croyants \u00bb","og_description":"La Commission v\u00e9rit\u00e9, r\u00e9conciliation et r\u00e9parations a repris ses audiences publiques en Gambie. Elle a entendu les t\u00e9moignages de responsables religieux qui ont os\u00e9 d\u00e9fier l'ancien pr\u00e9sident Yahya Jammeh, apr\u00e8s que celui-ci eut \u00e9t\u00e9 d\u00e9clar\u00e9 \u00ab\u00a0chef des croyants\u00a0\u00bb par un Conseil islamique supr\u00eame aux ordres.","og_url":"https:\/\/www.justiceinfo.net\/fr\/43667-gambie-quand-des-imams-s-opposaient-au-chef-des-croyants.html","og_site_name":"JusticeInfo.net","article_publisher":"https:\/\/www.facebook.com\/JusticeInfo\/","article_published_time":"2020-01-27T07:35:32+00:00","og_image":[{"width":1200,"height":800,"url":"https:\/\/www.justiceinfo.net\/wp-content\/uploads\/ec52503ab9009b12d658cb7de8cc28ae.jpg","type":"image\/jpeg"}],"author":"Mustapha K. Darboe","twitter_card":"summary_large_image","twitter_creator":"@justiceinfonet","twitter_site":"@justiceinfonet","twitter_misc":{"\u00c9crit par":"Mustapha K. Darboe","Dur\u00e9e de lecture estim\u00e9e":"9 minutes"},"schema":{"@context":"https:\/\/schema.org","@graph":[{"@type":"NewsArticle","@id":"https:\/\/www.justiceinfo.net\/fr\/43667-gambie-quand-des-imams-s-opposaient-au-chef-des-croyants.html#article","isPartOf":{"@id":"https:\/\/www.justiceinfo.net\/fr\/43667-gambie-quand-des-imams-s-opposaient-au-chef-des-croyants.html"},"author":{"name":"mdarboe","@id":"https:\/\/www.justiceinfo.net\/fr#\/schema\/person\/87683ef8eb6db0f513bc2be3db6f3012"},"headline":"Gambie : quand des imams s\u2019opposaient au \u00ab chef des croyants \u00bb","datePublished":"2020-01-27T07:35:32+00:00","mainEntityOfPage":{"@id":"https:\/\/www.justiceinfo.net\/fr\/43667-gambie-quand-des-imams-s-opposaient-au-chef-des-croyants.html"},"wordCount":1973,"commentCount":0,"publisher":{"@id":"https:\/\/www.justiceinfo.net\/fr#organization"},"image":{"@id":"https:\/\/www.justiceinfo.net\/fr\/43667-gambie-quand-des-imams-s-opposaient-au-chef-des-croyants.html#primaryimage"},"thumbnailUrl":"https:\/\/www.justiceinfo.net\/wp-content\/uploads\/ec52503ab9009b12d658cb7de8cc28ae.jpg","articleSection":["Commissions v\u00e9rit\u00e9"],"inLanguage":"fr-FR","potentialAction":[{"@type":"CommentAction","name":"Comment","target":["https:\/\/www.justiceinfo.net\/fr\/43667-gambie-quand-des-imams-s-opposaient-au-chef-des-croyants.html#respond"]}]},{"@type":"WebPage","@id":"https:\/\/www.justiceinfo.net\/fr\/43667-gambie-quand-des-imams-s-opposaient-au-chef-des-croyants.html","url":"https:\/\/www.justiceinfo.net\/fr\/43667-gambie-quand-des-imams-s-opposaient-au-chef-des-croyants.html","name":"Gambie : quand des imams s\u2019opposaient au \u00ab chef des croyants \u00bb - JusticeInfo.net","isPartOf":{"@id":"https:\/\/www.justiceinfo.net\/fr#website"},"primaryImageOfPage":{"@id":"https:\/\/www.justiceinfo.net\/fr\/43667-gambie-quand-des-imams-s-opposaient-au-chef-des-croyants.html#primaryimage"},"image":{"@id":"https:\/\/www.justiceinfo.net\/fr\/43667-gambie-quand-des-imams-s-opposaient-au-chef-des-croyants.html#primaryimage"},"thumbnailUrl":"https:\/\/www.justiceinfo.net\/wp-content\/uploads\/ec52503ab9009b12d658cb7de8cc28ae.jpg","datePublished":"2020-01-27T07:35:32+00:00","breadcrumb":{"@id":"https:\/\/www.justiceinfo.net\/fr\/43667-gambie-quand-des-imams-s-opposaient-au-chef-des-croyants.html#breadcrumb"},"inLanguage":"fr-FR","potentialAction":[{"@type":"ReadAction","target":["https:\/\/www.justiceinfo.net\/fr\/43667-gambie-quand-des-imams-s-opposaient-au-chef-des-croyants.html"]}]},{"@type":"ImageObject","inLanguage":"fr-FR","@id":"https:\/\/www.justiceinfo.net\/fr\/43667-gambie-quand-des-imams-s-opposaient-au-chef-des-croyants.html#primaryimage","url":"https:\/\/www.justiceinfo.net\/wp-content\/uploads\/ec52503ab9009b12d658cb7de8cc28ae.jpg","contentUrl":"https:\/\/www.justiceinfo.net\/wp-content\/uploads\/ec52503ab9009b12d658cb7de8cc28ae.jpg","width":1200,"height":800},{"@type":"BreadcrumbList","@id":"https:\/\/www.justiceinfo.net\/fr\/43667-gambie-quand-des-imams-s-opposaient-au-chef-des-croyants.html#breadcrumb","itemListElement":[{"@type":"ListItem","position":1,"name":"Home","item":"https:\/\/www.justiceinfo.net\/fr"},{"@type":"ListItem","position":2,"name":"Gambie : quand des imams s\u2019opposaient au \u00ab chef des croyants \u00bb"}]},{"@type":"WebSite","@id":"https:\/\/www.justiceinfo.net\/fr#website","url":"https:\/\/www.justiceinfo.net\/fr","name":"JusticeInfo.net","description":"La justice doit \u00eatre vue pour \u00eatre rendue","publisher":{"@id":"https:\/\/www.justiceinfo.net\/fr#organization"},"potentialAction":[{"@type":"SearchAction","target":{"@type":"EntryPoint","urlTemplate":"https:\/\/www.justiceinfo.net\/fr?s={search_term_string}"},"query-input":{"@type":"PropertyValueSpecification","valueRequired":true,"valueName":"search_term_string"}}],"inLanguage":"fr-FR"},{"@type":"Organization","@id":"https:\/\/www.justiceinfo.net\/fr#organization","name":"Justice Info","url":"https:\/\/www.justiceinfo.net\/fr","logo":{"@type":"ImageObject","inLanguage":"fr-FR","@id":"https:\/\/www.justiceinfo.net\/fr#\/schema\/logo\/image\/","url":"https:\/\/www.justiceinfo.net\/wp-content\/uploads\/justiceinfo_logo-trans_1200x1200px.png","contentUrl":"https:\/\/www.justiceinfo.net\/wp-content\/uploads\/justiceinfo_logo-trans_1200x1200px.png","width":1199,"height":1200,"caption":"Justice Info"},"image":{"@id":"https:\/\/www.justiceinfo.net\/fr#\/schema\/logo\/image\/"},"sameAs":["https:\/\/www.facebook.com\/JusticeInfo\/","https:\/\/x.com\/justiceinfonet","https:\/\/www.linkedin.com\/company\/justice-info","https:\/\/www.youtube.com\/channel\/UCyCEsARodyuWtkWyhn-e7pA"]},{"@type":"Person","name":"Mustapha K. Darboe","url":"https:\/\/www.justiceinfo.net\/fr\/auteur\/mdarboe"}]}},"_links":{"self":[{"href":"https:\/\/www.justiceinfo.net\/fr\/wp-json\/wp\/v2\/posts\/43667","targetHints":{"allow":["GET"]}}],"collection":[{"href":"https:\/\/www.justiceinfo.net\/fr\/wp-json\/wp\/v2\/posts"}],"about":[{"href":"https:\/\/www.justiceinfo.net\/fr\/wp-json\/wp\/v2\/types\/post"}],"author":[{"embeddable":true,"href":"https:\/\/www.justiceinfo.net\/fr\/wp-json\/wp\/v2\/users\/73"}],"replies":[{"embeddable":true,"href":"https:\/\/www.justiceinfo.net\/fr\/wp-json\/wp\/v2\/comments?post=43667"}],"version-history":[{"count":0,"href":"https:\/\/www.justiceinfo.net\/fr\/wp-json\/wp\/v2\/posts\/43667\/revisions"}],"wp:featuredmedia":[{"embeddable":true,"href":"https:\/\/www.justiceinfo.net\/fr\/wp-json\/wp\/v2\/media\/65047"}],"wp:attachment":[{"href":"https:\/\/www.justiceinfo.net\/fr\/wp-json\/wp\/v2\/media?parent=43667"}],"wp:term":[{"taxonomy":"category","embeddable":true,"href":"https:\/\/www.justiceinfo.net\/fr\/wp-json\/wp\/v2\/categories?post=43667"},{"taxonomy":"post_tag","embeddable":true,"href":"https:\/\/www.justiceinfo.net\/fr\/wp-json\/wp\/v2\/tags?post=43667"},{"taxonomy":"ji_location","embeddable":true,"href":"https:\/\/www.justiceinfo.net\/fr\/wp-json\/wp\/v2\/ji_location?post=43667"}],"curies":[{"name":"wp","href":"https:\/\/api.w.org\/{rel}","templated":true}]}}