{"id":43917,"date":"2020-02-28T08:49:10","date_gmt":"2020-02-28T07:49:10","guid":{"rendered":"https:\/\/www.justiceinfo.net\/43917-tunisie-la-repression-au-temps-des-perspectivistes.html"},"modified":"2020-02-28T08:49:10","modified_gmt":"2020-02-28T07:49:10","slug":"tunisie-la-repression-au-temps-des-perspectivistes","status":"publish","type":"post","link":"https:\/\/www.justiceinfo.net\/fr\/43917-tunisie-la-repression-au-temps-des-perspectivistes.html","title":{"rendered":"Tunisie : la r\u00e9pression au temps des Perspectivistes"},"content":{"rendered":"<p><strong>Dans les ann\u00e9es 60 et 70, de jeunes \u00e9tudiants tunisiens avaient choisi l\u2019extr\u00eame gauche pour s\u2019opposer au pouvoir absolu du pr\u00e9sident Bourguiba. On les a appel\u00e9s les \u00ab\u00a0perspectivistes\u00a0\u00bb. Ils subirent les pires exactions. Pr\u00e8s de 50 ans plus tard, la chambre sp\u00e9cialis\u00e9e de Tunis \u00e9coute les crimes commis contre eux. <\/strong><\/p>\n<p><!--more--><\/p>\n<p>\u00ab\u00a0Monsieur le juge, nous sommes vieux, certains d\u2019entre nous sont d\u00e9c\u00e9d\u00e9s et la plupart de nos compagnons sont malades. <a href=\"fr\/tribunaux\/tribunaux-nationaux\/42702-tunisie-chambres-specialisees-en-panne.html\">Faites que ce proc\u00e8s ne se prolonge pas outre mesure et que les accus\u00e9s daignent se pr\u00e9senter \u00e0 votre Cour<\/a>. Les pr\u00e9sum\u00e9s responsables sont connus, on sait o\u00f9 est-ce qu\u2019ils habitent, il n\u2019y a pas de raison pour qu\u2019audience apr\u00e8s audience, seules les victimes assistent au proc\u00e8s\u00a0!\u00a0\u00bb, proteste H\u2019mida Ma\u00e2mar, avant que la chambre sp\u00e9cialis\u00e9e en justice transitionnelle de Tunis ne se l\u00e8ve pour lib\u00e9rer la salle d\u2019audience, ce 24 f\u00e9vrier, \u00e0 la fin d\u2019une longue s\u00e9ance consacr\u00e9e au dossier dit des \u00ab\u00a0Perspectivistes\u00a0\u00bb.<\/p>\n<p>Hmida Ma\u00e2mar, septuag\u00e9naire, ancien prisonnier politique de la gauche radicale n\u00e9e dans les ann\u00e9es 60 dans les arcanes de l\u2019universit\u00e9, est au bord du d\u00e9sespoir. Il ne t\u00e9moignera pas ce jour-l\u00e0, c\u00e9dant la place \u00e0 deux autres activistes de son groupe Perspectives, Mohamed Ma\u00e2li et Tahar Chagrouch, emprisonn\u00e9s avec lui dans les conditions inhumaines des pires ge\u00f4les de Bourguiba, de 1975 \u00e0 1980. Les deux rescap\u00e9s poursuivront le r\u00e9cit des quatre autres victimes du groupe qui avait \u00e9t\u00e9 entam\u00e9, le 16 d\u00e9cembre dernier, devant le m\u00eame pr\u00e9sident, le magistrat Ridha Yacoub.<\/p>\n<figure><img decoding=\"async\" title=\"Les Perspectivistes \u00e0 Tunis\" src=\"media\/Tunisie_perspectivistes.jpg\" alt=\"Les Perspectivistes \u00e0 Tunis\" \/><figcaption>Les Perspectivistes viennent t\u00e9moigner, cinquante ans plus tard. \u00a9 Olfa Belhassine<\/figcaption><\/figure>\n<h3>Une \u00e9lite intellectuelle, avec une participation active des femmes<\/h3>\n<p>A la fin des ann\u00e9es 60, un vent de libert\u00e9 souffle sur une population estudiantine p\u00e9trie d\u2019id\u00e9aux marxistes et mao\u00efstes alors en vogue dans le monde. En Tunisie, ce vent-l\u00e0 souffle d\u2019abord derri\u00e8re le mouvement Perspectives. Il est fond\u00e9 \u00e0 Paris en r\u00e9action \u00e0 un d\u00e9tournement de scrutin, qui donnait les \u00e9tudiants de l\u2019extr\u00eame gauche gagnants aux \u00e9lections de l\u2019Union g\u00e9n\u00e9rale des \u00e9tudiants tunisiens (UGET), jusque-l\u00e0 acquise au parti unique de l\u2019ex-pr\u00e9sident Bourguiba. Cette tentative de neutraliser l\u2019un des derniers bastions politiques rest\u00e9 partiellement autonome fait \u00e9merger la gauche radicale. Perspectives va dominer l\u2019universit\u00e9 tunisienne dans les ann\u00e9es 60-70 et se renforcer au gr\u00e9 de la r\u00e9pression disproportionn\u00e9e qui s\u2019abat sur ses leaders et militants, hommes et femmes, qui subissent violences, tortures et proc\u00e8s in\u00e9quitables en 1968, 1972, 1974 et 1975.<\/p>\n<blockquote>\n<p>Notre organisation de gauche \u00e9tait patriote, elle avait pour valeurs le pluralisme politique, la libert\u00e9 d\u2019expression et la justice sociale<\/p>\n<\/blockquote>\n<p>C\u2019est ce contexte-l\u00e0 et ses r\u00e9percussions sur la jeune \u00e9lite tunisienne qu\u2019ont racont\u00e9 les victimes, au gr\u00e9 des deux audiences du 16 d\u00e9cembre 2019 et du 24 f\u00e9vrier 2020. Le fil des t\u00e9moignages des Perspectivistes commence avec ses militantes. Car les femmes ont particip\u00e9 activement, aux c\u00f4t\u00e9s des hommes, \u00e0 ce mouvement de dissidence et elles l\u2019ont pay\u00e9 par de graves exactions. Brillante bacheli\u00e8re de 17 ans, Zeineb Ben Said part \u00e0 Paris poursuivre ses \u00e9tudes de philosophie \u00e0 la Sorbonne. Avec la cr\u00e8me des jeunes intellectuels tunisiens f\u00e9rus des id\u00e9es r\u00e9volutionnaires de ce temps-l\u00e0, elle participe \u00e0 la fondation du groupe Perspectives. En 1974, elle rentre en Tunisie et commence, en parall\u00e8le avec ses activit\u00e9s politiques, \u00e0 enseigner \u00e0 l\u2019\u00e2ge de 22 ans \u00e0 l\u2019Ecole normale sup\u00e9rieure de Kairouan. \u00ab\u00a0Nous \u00e9tions des jeunes avides de libert\u00e9, d\u2019autonomie par rapport au r\u00e9gime et oppos\u00e9s \u00e0 l\u2019imp\u00e9rialisme et \u00e0 la d\u00e9rive autocratique du parti destourien de Bourguiba, qui \u00e9tait tomb\u00e9 dans un monolithisme politique. Notre organisation de gauche \u00e9tait patriote, elle avait pour valeurs le pluralisme politique, la libert\u00e9 d\u2019expression et la justice sociale\u00a0\u00bb, t\u00e9moigne-t-elle \u00e0 la cour.<\/p>\n<h3>\u00ab\u00a0Les tortionnaires n\u2019ont pour Dieu que Bourguiba\u00a0\u00bb<\/h3>\n<p>Les r\u00e9cits se ressemblent et les souvenirs ont la m\u00eame source\u00a0: l\u2019universit\u00e9 tunisienne et fran\u00e7aise des ann\u00e9es 60 et 70, ouvertes sur le monde et sur les id\u00e9es et id\u00e9aux de l\u2019\u00e9poque. A l\u2019universit\u00e9 tunisienne, on pouvait alors rencontrer et discuter avec des philosophes et enseignants de notori\u00e9t\u00e9 internationale, tels que Derrida, Deleuze et Foucault. C\u2019est dans un tel environnement que Raoudha Gharbi se nourrit de politique. A 22 ans, la jeune femme, parmi les meilleurs \u00e9l\u00e9ments de sa promotion, d\u00e9croche sa licence en sciences de l\u2019\u00e9ducation \u00e0 la Facult\u00e9 du 9-Avril, \u00e0 Tunis. En parall\u00e8le, elle fait partie de la cellule de soutien aux prisonniers perspectivistes, incarc\u00e9r\u00e9s \u00e0 la suite des proc\u00e8s de 1968 et de 1972. A peine a-t-elle commenc\u00e9 \u00e0 enseigner qu\u2019elle est arr\u00eat\u00e9e et emmen\u00e9e \u00e0 la Direction de la s\u00e9curit\u00e9 du territoire (DST), en novembre 1974, o\u00f9 l\u2019attend un interrogatoire muscl\u00e9.<\/p>\n<blockquote>\n<p>Bourguiba, fou de rage, promet de consacrer toute sa vie \u00ab\u00a0pour\u00a0\u00e9liminer un \u00e0 un ces microbes de gauchistes \u00bb<\/p>\n<\/blockquote>\n<p>Dans la clandestinit\u00e9, le groupe publie des tracts et une revue intitul\u00e9e Perspectives. Dans l\u2019un de ses discours, Bourguiba, fou de rage, promet de consacrer toute sa vie \u00ab\u00a0pour\u00a0\u00e9liminer un \u00e0 un ces microbes de gauchistes \u00bb. Avec une violence d\u00e9multipli\u00e9e, notamment sur les hommes, les tortionnaires vont se relayer sur tous les membres du groupe. Leurs noms vont r\u00e9sonner \u00e0 plusieurs reprises au cours des deux audiences\u00a0: Abd Elaziz Tabka, Abd Elkader Tabka, Massoud El Hajji, Hassan Abid, Mohamed Ennaceur, Abd Essalam Dargouth (alias Skapa), Mongi Amara, Mohsen Ben Abdessalam\u2026 \u00ab\u00a0Ils n\u2019ont pour Dieu que Bourguiba. L\u2019un d\u2019eux m\u2019a m\u00eame menac\u00e9 de m\u2019ex\u00e9cuter sur-le-champ, en me mettant un pistolet sur la tempe. Personne ne me demandera des comptes, m\u2019a-t-il r\u00e9p\u00e9t\u00e9\u00a0\u00bb, se souvient Mohamed Ma\u00e2li, \u00e0 l\u2019audience.\u00a0<\/p>\n<h3>\u00ab\u00a0Nous sommes devenus des pestif\u00e9r\u00e9s \u00bb<\/h3>\n<p>Tout porte \u00e0 croire que Zeineb Ben Said n\u2019a pas fait le deuil de ces ann\u00e9es de r\u00e9pression. Arr\u00eat\u00e9e le 20 novembre 1974, transf\u00e9r\u00e9e \u00e0 la DST, consid\u00e9r\u00e9e comme une des leaders du mouvement, elle est tabass\u00e9e par les agents de la DST, gifl\u00e9e et tortur\u00e9e, entre un interrogatoire et un autre. A moiti\u00e9 d\u00e9nud\u00e9e, elle subit pendant des heures la position du poulet r\u00f4ti. Elle est traduite devant la Cour de Suret\u00e9 de l\u2019Etat, un tribunal d\u2019exception mis en place en 1968, et condamn\u00e9e \u00e0 plusieurs mois de prison. En f\u00e9vrier 1975, elle est lib\u00e9r\u00e9e. Mais son calvaire ne s\u2019arr\u00eate pas\u00a0: son mari, perspectiviste \u00e9galement, et elle sont bannis de la fonction publique.<\/p>\n<p>Comme sa camarade Zeineb Ben Said, Raoudha Gharbi souligne la dimension excessive et d\u00e9mesur\u00e9e de la r\u00e9pression exerc\u00e9e sur ce mouvement de jeunes pacifiste et moderniste, \u00ab\u00a0d\u00e9muni de ceintures explosives et de valises de devises ramen\u00e9es de l\u2019\u00e9tranger et sans v\u00e9ritable volont\u00e9 de prendre le pouvoir\u00a0\u00bb. Un mouvement\u00a0qui adh\u00e9rait aux choix \u00e9mancipateurs de Bourguiba tout en pr\u00f4nant un climat plus lib\u00e9ral. \u00ab\u00a0Avec un b\u00e9b\u00e9 sur les bras, nous avons v\u00e9cu \u00e0 la marge de la soci\u00e9t\u00e9 jusqu\u2019\u00e0 l\u2019ann\u00e9e 1980. Aucun lyc\u00e9e priv\u00e9 n\u2019a voulu m\u2019embaucher, aucun journal ne m\u2019a donn\u00e9 un poste aussi petit qu\u2019il soit, \u00e0 part \u00ab\u00a0D\u00e9mocratie\u00a0\u00bb\u00a0o\u00f9 je me suis entendue avec le directeur pour signer uniquement de mes initiales. Nous sommes devenus des pestif\u00e9r\u00e9s \u00bb, t\u00e9moigne Zeineb Charni, militant perspectiviste et professeur de philosophie.<\/p>\n<h3>Seules preuves\u00a0: des livres et des tracts\u00a0<\/h3>\n<p>\u00ab\u00a0Tout ce que la police a pu confisquer de ses fouilles dans nos maisons se r\u00e9duit \u00e0 des livres, des tracts et un ancien mod\u00e8le de machine \u00e0 \u00e9crire\u00a0\u00bb, soutient Raoudha Gharbi. Pour avoir exprim\u00e9 des id\u00e9es et revendiqu\u00e9 des valeurs, elle et son mari Tahar Chagrouch vont vivre dans une situation de pr\u00e9carit\u00e9 pendant\u2026 trente ans. Car dans la Tunisie de la dictature, \u00eatre tax\u00e9 d\u2019opposant de gauche vous marque \u00e0 vie.<\/p>\n<blockquote>\n<p>Tout cela pour uniquement des mots, des mots \u00e9crits et des mots prononc\u00e9s<\/p>\n<\/blockquote>\n<p>Sa menace de r\u00e9duire \u00e0 n\u00e9ant les militants issus des rangs de l\u2019universit\u00e9, Bourguiba va l\u2019appliquer surtout contre les hommes. F\u00e9rocement tortur\u00e9s (poulet r\u00f4ti, noyade, tabassage, viol par introduction d\u2019un b\u00e2ton dans l\u2019anus, menaces de mort, insultes \u2026) par les agents de la S\u00e9curit\u00e9 de l\u2019Etat, les 102 victimes du proc\u00e8s de juillet 1975 (tout comme les 202 militants jug\u00e9s en ao\u00fbt 1974) vont \u00eatre traduits devant un tribunal d\u2019exception, mont\u00e9 par le pouvoir pour \u00e9liminer ses ennemis. Tahar Chagrouch, historien et sociologue, y est condamn\u00e9 \u00e0 une peine de sept ans de prison ferme. Il est accus\u00e9, dans le cadre d\u2019un proc\u00e8s in\u00e9quitable, de complot contre l\u2019Etat, de diffusion de fausses nouvelles et de diffamation envers le chef de l\u2019Etat.\u00a0\u00ab\u00a0Tout cela pour uniquement des mots, des mots \u00e9crits et des mots prononc\u00e9s\u00a0\u00bb, insiste-t-il.<\/p>\n<h3>Souvenirs du bagne de Borj Erroumi<\/h3>\n<p>Dans son t\u00e9moignage, Mohamed Ma\u00e2li, compagnon de lutte et de prison de Tahar Chagrouch, relate par le menu les conditions d\u2019incarc\u00e9ration extr\u00eames que tout le groupe a v\u00e9cu. \u00ab\u00a0A la prison du 9-Avril \u00e0 Tunis, nous avons \u00e9t\u00e9 jet\u00e9s menott\u00e9s dans un pavillon cellulaire et m\u00eal\u00e9s aux prisonniers de droit commun les plus r\u00e9calcitrants ainsi qu\u2019aux condamn\u00e9s \u00e0 mort\u00a0\u00bb, se rappelle-t-il. Ils sont par la suite transf\u00e9r\u00e9s au bagne de Borj Erroumi, dans le nord du pays, o\u00f9 on les laissera croupir pendant des mois dans des grottes creus\u00e9es dans la roche de la montagne, avec pour seuls compagnons des rats gros comme des chats. D\u00e9v\u00eatus, encha\u00een\u00e9s, tels des animaux, ils souffrent de l\u2019humidit\u00e9, du froid et des odeurs naus\u00e9abondes de ces lieux o\u00f9 le Protectorat mettait jadis \u00e0 l\u2019isolement les chefs nationalistes comme\u2026 Bourguiba. Par ce traitement d\u00e9gradant, le chef de l\u2019Etat voulait pousser les prisonniers \u2013 dont la cause est d\u00e9sormais relay\u00e9e, assure Tahar Chagrouch, dans les journaux les plus notoires, Le Monde et Le Figaro en France, The New York Times \u2013 \u00e0 lui adresser une demande de gr\u00e2ce. La majorit\u00e9 refusa la transaction et continua, de son lieu de d\u00e9tention, la lutte pour plus de droits, de dignit\u00e9 ainsi que la reconnaissance de leur statut de prisonniers politiques.<\/p>\n<p>\u00ab\u00a0A la faveur de nos successives gr\u00e8ves de la faim, nous avons obtenu des conditions d\u2019incarc\u00e9ration plus am\u00e8nes ainsi que le droit d\u2019acc\u00e9der aux livres, aux journaux et m\u00eame \u00e0 la t\u00e9l\u00e9vision\u00a0\u00bb, raconte Tahar Chagrouch. Lib\u00e9r\u00e9 en 1980, le jeune homme s\u2019envole \u00e0 Paris pour poursuivre ses \u00e9tudes. Comme sa femme Raoudha Gharbi et beaucoup de ses ex-co-d\u00e9tenus, il rejoint les rangs de la Ligue tunisienne des droits de l\u2019homme, o\u00f9 les Perspectivistes, traumatis\u00e9s, \u00e9puis\u00e9s par les luttes intestines et dispers\u00e9s, vont se retrouver pour combattre la torture, le droit \u00e0 un proc\u00e8s \u00e9quitable et l\u2019humanisation des prisons tunisiennes.<\/p>\n","protected":false},"excerpt":{"rendered":"<p>Dans les ann\u00e9es 60 et 70, de jeunes \u00e9tudiants tunisiens avaient choisi l\u2019extr\u00eame gauche pour s\u2019opposer au pouvoir absolu du pr\u00e9sident Bourguiba. On les a appel\u00e9s les \u00ab\u00a0perspectivistes\u00a0\u00bb. Ils subirent les pires exactions. Pr\u00e8s de 50 ans plus tard, la chambre sp\u00e9cialis\u00e9e de Tunis \u00e9coute les crimes commis contre eux.<\/p>\n","protected":false},"author":71,"featured_media":61893,"comment_status":"open","ping_status":"closed","sticky":false,"template":"","format":"standard","meta":{"_acf_changed":false,"footnotes":""},"categories":[574],"tags":[],"ji_location":[2520],"class_list":["post-43917","post","type-post","status-publish","format-standard","has-post-thumbnail","hentry","category-tribunaux-nationaux","ji_location-tunisie"],"acf":[],"yoast_head":"<!-- This site is optimized with the Yoast SEO Premium plugin v25.3.1 (Yoast SEO v25.3.1) - https:\/\/yoast.com\/wordpress\/plugins\/seo\/ -->\n<title>Tunisie : la r\u00e9pression au temps des Perspectivistes - JusticeInfo.net<\/title>\n<meta name=\"robots\" content=\"index, follow, max-snippet:-1, max-image-preview:large, max-video-preview:-1\" \/>\n<link rel=\"canonical\" href=\"https:\/\/www.justiceinfo.net\/fr\/43917-tunisie-la-repression-au-temps-des-perspectivistes.html\" \/>\n<meta property=\"og:locale\" content=\"fr_FR\" \/>\n<meta property=\"og:type\" content=\"article\" \/>\n<meta property=\"og:title\" content=\"Tunisie : la r\u00e9pression au temps des Perspectivistes\" \/>\n<meta property=\"og:description\" content=\"Dans les ann\u00e9es 60 et 70, de jeunes \u00e9tudiants tunisiens avaient choisi l\u2019extr\u00eame gauche pour s\u2019opposer au pouvoir absolu du pr\u00e9sident Bourguiba. On les a appel\u00e9s les \u00ab\u00a0perspectivistes\u00a0\u00bb. Ils subirent les pires exactions. Pr\u00e8s de 50 ans plus tard, la chambre sp\u00e9cialis\u00e9e de Tunis \u00e9coute les crimes commis contre eux.\" \/>\n<meta property=\"og:url\" content=\"https:\/\/www.justiceinfo.net\/fr\/43917-tunisie-la-repression-au-temps-des-perspectivistes.html\" \/>\n<meta property=\"og:site_name\" content=\"JusticeInfo.net\" \/>\n<meta property=\"article:publisher\" content=\"https:\/\/www.facebook.com\/JusticeInfo\/\" \/>\n<meta property=\"article:published_time\" content=\"2020-02-28T07:49:10+00:00\" \/>\n<meta property=\"og:image\" content=\"https:\/\/www.justiceinfo.net\/wp-content\/uploads\/f2d5ac1694fa647e91f6033b624a36bb.jpg\" \/>\n\t<meta property=\"og:image:width\" content=\"1200\" \/>\n\t<meta property=\"og:image:height\" content=\"812\" \/>\n\t<meta property=\"og:image:type\" content=\"image\/jpeg\" \/>\n<meta name=\"author\" content=\"Olfa Belhassine\" \/>\n<meta name=\"twitter:card\" content=\"summary_large_image\" \/>\n<meta name=\"twitter:creator\" content=\"@justiceinfonet\" \/>\n<meta name=\"twitter:site\" content=\"@justiceinfonet\" \/>\n<meta name=\"twitter:label1\" content=\"\u00c9crit par\" \/>\n\t<meta name=\"twitter:data1\" content=\"Olfa Belhassine\" \/>\n\t<meta name=\"twitter:label2\" content=\"Dur\u00e9e de lecture estim\u00e9e\" \/>\n\t<meta name=\"twitter:data2\" content=\"9 minutes\" \/>\n<script type=\"application\/ld+json\" class=\"yoast-schema-graph\">{\"@context\":\"https:\/\/schema.org\",\"@graph\":[{\"@type\":\"NewsArticle\",\"@id\":\"https:\/\/www.justiceinfo.net\/fr\/43917-tunisie-la-repression-au-temps-des-perspectivistes.html#article\",\"isPartOf\":{\"@id\":\"https:\/\/www.justiceinfo.net\/fr\/43917-tunisie-la-repression-au-temps-des-perspectivistes.html\"},\"author\":{\"name\":\"obelhassine\",\"@id\":\"https:\/\/www.justiceinfo.net\/fr#\/schema\/person\/be9514cb994f9d9b69219d0e74582797\"},\"headline\":\"Tunisie : la r\u00e9pression au temps des Perspectivistes\",\"datePublished\":\"2020-02-28T07:49:10+00:00\",\"mainEntityOfPage\":{\"@id\":\"https:\/\/www.justiceinfo.net\/fr\/43917-tunisie-la-repression-au-temps-des-perspectivistes.html\"},\"wordCount\":1888,\"commentCount\":0,\"publisher\":{\"@id\":\"https:\/\/www.justiceinfo.net\/fr#organization\"},\"image\":{\"@id\":\"https:\/\/www.justiceinfo.net\/fr\/43917-tunisie-la-repression-au-temps-des-perspectivistes.html#primaryimage\"},\"thumbnailUrl\":\"https:\/\/www.justiceinfo.net\/wp-content\/uploads\/f2d5ac1694fa647e91f6033b624a36bb.jpg\",\"articleSection\":[\"Tribunaux nationaux\"],\"inLanguage\":\"fr-FR\",\"potentialAction\":[{\"@type\":\"CommentAction\",\"name\":\"Comment\",\"target\":[\"https:\/\/www.justiceinfo.net\/fr\/43917-tunisie-la-repression-au-temps-des-perspectivistes.html#respond\"]}]},{\"@type\":\"WebPage\",\"@id\":\"https:\/\/www.justiceinfo.net\/fr\/43917-tunisie-la-repression-au-temps-des-perspectivistes.html\",\"url\":\"https:\/\/www.justiceinfo.net\/fr\/43917-tunisie-la-repression-au-temps-des-perspectivistes.html\",\"name\":\"Tunisie : la r\u00e9pression au temps des Perspectivistes - JusticeInfo.net\",\"isPartOf\":{\"@id\":\"https:\/\/www.justiceinfo.net\/fr#website\"},\"primaryImageOfPage\":{\"@id\":\"https:\/\/www.justiceinfo.net\/fr\/43917-tunisie-la-repression-au-temps-des-perspectivistes.html#primaryimage\"},\"image\":{\"@id\":\"https:\/\/www.justiceinfo.net\/fr\/43917-tunisie-la-repression-au-temps-des-perspectivistes.html#primaryimage\"},\"thumbnailUrl\":\"https:\/\/www.justiceinfo.net\/wp-content\/uploads\/f2d5ac1694fa647e91f6033b624a36bb.jpg\",\"datePublished\":\"2020-02-28T07:49:10+00:00\",\"breadcrumb\":{\"@id\":\"https:\/\/www.justiceinfo.net\/fr\/43917-tunisie-la-repression-au-temps-des-perspectivistes.html#breadcrumb\"},\"inLanguage\":\"fr-FR\",\"potentialAction\":[{\"@type\":\"ReadAction\",\"target\":[\"https:\/\/www.justiceinfo.net\/fr\/43917-tunisie-la-repression-au-temps-des-perspectivistes.html\"]}]},{\"@type\":\"ImageObject\",\"inLanguage\":\"fr-FR\",\"@id\":\"https:\/\/www.justiceinfo.net\/fr\/43917-tunisie-la-repression-au-temps-des-perspectivistes.html#primaryimage\",\"url\":\"https:\/\/www.justiceinfo.net\/wp-content\/uploads\/f2d5ac1694fa647e91f6033b624a36bb.jpg\",\"contentUrl\":\"https:\/\/www.justiceinfo.net\/wp-content\/uploads\/f2d5ac1694fa647e91f6033b624a36bb.jpg\",\"width\":1200,\"height\":812},{\"@type\":\"BreadcrumbList\",\"@id\":\"https:\/\/www.justiceinfo.net\/fr\/43917-tunisie-la-repression-au-temps-des-perspectivistes.html#breadcrumb\",\"itemListElement\":[{\"@type\":\"ListItem\",\"position\":1,\"name\":\"Home\",\"item\":\"https:\/\/www.justiceinfo.net\/fr\"},{\"@type\":\"ListItem\",\"position\":2,\"name\":\"Tunisie : la r\u00e9pression au temps des Perspectivistes\"}]},{\"@type\":\"WebSite\",\"@id\":\"https:\/\/www.justiceinfo.net\/fr#website\",\"url\":\"https:\/\/www.justiceinfo.net\/fr\",\"name\":\"JusticeInfo.net\",\"description\":\"La justice doit \u00eatre vue pour \u00eatre rendue\",\"publisher\":{\"@id\":\"https:\/\/www.justiceinfo.net\/fr#organization\"},\"potentialAction\":[{\"@type\":\"SearchAction\",\"target\":{\"@type\":\"EntryPoint\",\"urlTemplate\":\"https:\/\/www.justiceinfo.net\/fr?s={search_term_string}\"},\"query-input\":{\"@type\":\"PropertyValueSpecification\",\"valueRequired\":true,\"valueName\":\"search_term_string\"}}],\"inLanguage\":\"fr-FR\"},{\"@type\":\"Organization\",\"@id\":\"https:\/\/www.justiceinfo.net\/fr#organization\",\"name\":\"Justice Info\",\"url\":\"https:\/\/www.justiceinfo.net\/fr\",\"logo\":{\"@type\":\"ImageObject\",\"inLanguage\":\"fr-FR\",\"@id\":\"https:\/\/www.justiceinfo.net\/fr#\/schema\/logo\/image\/\",\"url\":\"https:\/\/www.justiceinfo.net\/wp-content\/uploads\/justiceinfo_logo-trans_1200x1200px.png\",\"contentUrl\":\"https:\/\/www.justiceinfo.net\/wp-content\/uploads\/justiceinfo_logo-trans_1200x1200px.png\",\"width\":1199,\"height\":1200,\"caption\":\"Justice Info\"},\"image\":{\"@id\":\"https:\/\/www.justiceinfo.net\/fr#\/schema\/logo\/image\/\"},\"sameAs\":[\"https:\/\/www.facebook.com\/JusticeInfo\/\",\"https:\/\/x.com\/justiceinfonet\",\"https:\/\/www.linkedin.com\/company\/justice-info\",\"https:\/\/www.youtube.com\/channel\/UCyCEsARodyuWtkWyhn-e7pA\"]},{\"@type\":\"Person\",\"name\":\"Olfa Belhassine\",\"url\":\"https:\/\/www.justiceinfo.net\/fr\/auteur\/obelhassine\"}]}<\/script>\n<!-- \/ Yoast SEO Premium plugin. -->","yoast_head_json":{"title":"Tunisie : la r\u00e9pression au temps des Perspectivistes - JusticeInfo.net","robots":{"index":"index","follow":"follow","max-snippet":"max-snippet:-1","max-image-preview":"max-image-preview:large","max-video-preview":"max-video-preview:-1"},"canonical":"https:\/\/www.justiceinfo.net\/fr\/43917-tunisie-la-repression-au-temps-des-perspectivistes.html","og_locale":"fr_FR","og_type":"article","og_title":"Tunisie : la r\u00e9pression au temps des Perspectivistes","og_description":"Dans les ann\u00e9es 60 et 70, de jeunes \u00e9tudiants tunisiens avaient choisi l\u2019extr\u00eame gauche pour s\u2019opposer au pouvoir absolu du pr\u00e9sident Bourguiba. On les a appel\u00e9s les \u00ab\u00a0perspectivistes\u00a0\u00bb. Ils subirent les pires exactions. Pr\u00e8s de 50 ans plus tard, la chambre sp\u00e9cialis\u00e9e de Tunis \u00e9coute les crimes commis contre eux.","og_url":"https:\/\/www.justiceinfo.net\/fr\/43917-tunisie-la-repression-au-temps-des-perspectivistes.html","og_site_name":"JusticeInfo.net","article_publisher":"https:\/\/www.facebook.com\/JusticeInfo\/","article_published_time":"2020-02-28T07:49:10+00:00","og_image":[{"width":1200,"height":812,"url":"https:\/\/www.justiceinfo.net\/wp-content\/uploads\/f2d5ac1694fa647e91f6033b624a36bb.jpg","type":"image\/jpeg"}],"author":"Olfa Belhassine","twitter_card":"summary_large_image","twitter_creator":"@justiceinfonet","twitter_site":"@justiceinfonet","twitter_misc":{"\u00c9crit par":"Olfa Belhassine","Dur\u00e9e de lecture estim\u00e9e":"9 minutes"},"schema":{"@context":"https:\/\/schema.org","@graph":[{"@type":"NewsArticle","@id":"https:\/\/www.justiceinfo.net\/fr\/43917-tunisie-la-repression-au-temps-des-perspectivistes.html#article","isPartOf":{"@id":"https:\/\/www.justiceinfo.net\/fr\/43917-tunisie-la-repression-au-temps-des-perspectivistes.html"},"author":{"name":"obelhassine","@id":"https:\/\/www.justiceinfo.net\/fr#\/schema\/person\/be9514cb994f9d9b69219d0e74582797"},"headline":"Tunisie : la r\u00e9pression au temps des Perspectivistes","datePublished":"2020-02-28T07:49:10+00:00","mainEntityOfPage":{"@id":"https:\/\/www.justiceinfo.net\/fr\/43917-tunisie-la-repression-au-temps-des-perspectivistes.html"},"wordCount":1888,"commentCount":0,"publisher":{"@id":"https:\/\/www.justiceinfo.net\/fr#organization"},"image":{"@id":"https:\/\/www.justiceinfo.net\/fr\/43917-tunisie-la-repression-au-temps-des-perspectivistes.html#primaryimage"},"thumbnailUrl":"https:\/\/www.justiceinfo.net\/wp-content\/uploads\/f2d5ac1694fa647e91f6033b624a36bb.jpg","articleSection":["Tribunaux nationaux"],"inLanguage":"fr-FR","potentialAction":[{"@type":"CommentAction","name":"Comment","target":["https:\/\/www.justiceinfo.net\/fr\/43917-tunisie-la-repression-au-temps-des-perspectivistes.html#respond"]}]},{"@type":"WebPage","@id":"https:\/\/www.justiceinfo.net\/fr\/43917-tunisie-la-repression-au-temps-des-perspectivistes.html","url":"https:\/\/www.justiceinfo.net\/fr\/43917-tunisie-la-repression-au-temps-des-perspectivistes.html","name":"Tunisie : la r\u00e9pression au temps des Perspectivistes - JusticeInfo.net","isPartOf":{"@id":"https:\/\/www.justiceinfo.net\/fr#website"},"primaryImageOfPage":{"@id":"https:\/\/www.justiceinfo.net\/fr\/43917-tunisie-la-repression-au-temps-des-perspectivistes.html#primaryimage"},"image":{"@id":"https:\/\/www.justiceinfo.net\/fr\/43917-tunisie-la-repression-au-temps-des-perspectivistes.html#primaryimage"},"thumbnailUrl":"https:\/\/www.justiceinfo.net\/wp-content\/uploads\/f2d5ac1694fa647e91f6033b624a36bb.jpg","datePublished":"2020-02-28T07:49:10+00:00","breadcrumb":{"@id":"https:\/\/www.justiceinfo.net\/fr\/43917-tunisie-la-repression-au-temps-des-perspectivistes.html#breadcrumb"},"inLanguage":"fr-FR","potentialAction":[{"@type":"ReadAction","target":["https:\/\/www.justiceinfo.net\/fr\/43917-tunisie-la-repression-au-temps-des-perspectivistes.html"]}]},{"@type":"ImageObject","inLanguage":"fr-FR","@id":"https:\/\/www.justiceinfo.net\/fr\/43917-tunisie-la-repression-au-temps-des-perspectivistes.html#primaryimage","url":"https:\/\/www.justiceinfo.net\/wp-content\/uploads\/f2d5ac1694fa647e91f6033b624a36bb.jpg","contentUrl":"https:\/\/www.justiceinfo.net\/wp-content\/uploads\/f2d5ac1694fa647e91f6033b624a36bb.jpg","width":1200,"height":812},{"@type":"BreadcrumbList","@id":"https:\/\/www.justiceinfo.net\/fr\/43917-tunisie-la-repression-au-temps-des-perspectivistes.html#breadcrumb","itemListElement":[{"@type":"ListItem","position":1,"name":"Home","item":"https:\/\/www.justiceinfo.net\/fr"},{"@type":"ListItem","position":2,"name":"Tunisie : la r\u00e9pression au temps des Perspectivistes"}]},{"@type":"WebSite","@id":"https:\/\/www.justiceinfo.net\/fr#website","url":"https:\/\/www.justiceinfo.net\/fr","name":"JusticeInfo.net","description":"La justice doit \u00eatre vue pour \u00eatre rendue","publisher":{"@id":"https:\/\/www.justiceinfo.net\/fr#organization"},"potentialAction":[{"@type":"SearchAction","target":{"@type":"EntryPoint","urlTemplate":"https:\/\/www.justiceinfo.net\/fr?s={search_term_string}"},"query-input":{"@type":"PropertyValueSpecification","valueRequired":true,"valueName":"search_term_string"}}],"inLanguage":"fr-FR"},{"@type":"Organization","@id":"https:\/\/www.justiceinfo.net\/fr#organization","name":"Justice Info","url":"https:\/\/www.justiceinfo.net\/fr","logo":{"@type":"ImageObject","inLanguage":"fr-FR","@id":"https:\/\/www.justiceinfo.net\/fr#\/schema\/logo\/image\/","url":"https:\/\/www.justiceinfo.net\/wp-content\/uploads\/justiceinfo_logo-trans_1200x1200px.png","contentUrl":"https:\/\/www.justiceinfo.net\/wp-content\/uploads\/justiceinfo_logo-trans_1200x1200px.png","width":1199,"height":1200,"caption":"Justice Info"},"image":{"@id":"https:\/\/www.justiceinfo.net\/fr#\/schema\/logo\/image\/"},"sameAs":["https:\/\/www.facebook.com\/JusticeInfo\/","https:\/\/x.com\/justiceinfonet","https:\/\/www.linkedin.com\/company\/justice-info","https:\/\/www.youtube.com\/channel\/UCyCEsARodyuWtkWyhn-e7pA"]},{"@type":"Person","name":"Olfa Belhassine","url":"https:\/\/www.justiceinfo.net\/fr\/auteur\/obelhassine"}]}},"_links":{"self":[{"href":"https:\/\/www.justiceinfo.net\/fr\/wp-json\/wp\/v2\/posts\/43917","targetHints":{"allow":["GET"]}}],"collection":[{"href":"https:\/\/www.justiceinfo.net\/fr\/wp-json\/wp\/v2\/posts"}],"about":[{"href":"https:\/\/www.justiceinfo.net\/fr\/wp-json\/wp\/v2\/types\/post"}],"author":[{"embeddable":true,"href":"https:\/\/www.justiceinfo.net\/fr\/wp-json\/wp\/v2\/users\/71"}],"replies":[{"embeddable":true,"href":"https:\/\/www.justiceinfo.net\/fr\/wp-json\/wp\/v2\/comments?post=43917"}],"version-history":[{"count":0,"href":"https:\/\/www.justiceinfo.net\/fr\/wp-json\/wp\/v2\/posts\/43917\/revisions"}],"wp:featuredmedia":[{"embeddable":true,"href":"https:\/\/www.justiceinfo.net\/fr\/wp-json\/wp\/v2\/media\/61893"}],"wp:attachment":[{"href":"https:\/\/www.justiceinfo.net\/fr\/wp-json\/wp\/v2\/media?parent=43917"}],"wp:term":[{"taxonomy":"category","embeddable":true,"href":"https:\/\/www.justiceinfo.net\/fr\/wp-json\/wp\/v2\/categories?post=43917"},{"taxonomy":"post_tag","embeddable":true,"href":"https:\/\/www.justiceinfo.net\/fr\/wp-json\/wp\/v2\/tags?post=43917"},{"taxonomy":"ji_location","embeddable":true,"href":"https:\/\/www.justiceinfo.net\/fr\/wp-json\/wp\/v2\/ji_location?post=43917"}],"curies":[{"name":"wp","href":"https:\/\/api.w.org\/{rel}","templated":true}]}}