{"id":44270,"date":"2020-05-15T07:30:01","date_gmt":"2020-05-15T05:30:01","guid":{"rendered":"https:\/\/www.justiceinfo.net\/44270-gambie-la-recherche-insatisfaite-des-disparus.html"},"modified":"2020-05-15T07:30:01","modified_gmt":"2020-05-15T05:30:01","slug":"gambie-la-recherche-insatisfaite-des-disparus","status":"publish","type":"post","link":"https:\/\/www.justiceinfo.net\/fr\/44270-gambie-la-recherche-insatisfaite-des-disparus.html","title":{"rendered":"Gambie : la recherche insatisfaite des disparus"},"content":{"rendered":"<p><strong>En avril 2019, la Commission v\u00e9rit\u00e9, r\u00e9conciliation et r\u00e9parations a r\u00e9ussi \u00e0 exhumer les corps de sept anciens soldats qui avaient \u00e9t\u00e9 jet\u00e9s dans une fosse commune en 1994. Un an plus tard, leur identit\u00e9 n\u2019est pourtant toujours pas connue. Et aucune autre exhumation n'a eu lieu, malgr\u00e9 un plan ambitieux visant \u00e0 retrouver une centaine de personnes disparues.<\/strong><\/p>\n<p><!--more--><\/p>\n<p>Le 19 avril 2019, la caserne de Yundum, un campement militaire situ\u00e9 \u00e0 40 minutes de route de Banjul, capitale de la Gambie, \u00e9tait le th\u00e9\u00e2tre d'une activit\u00e9 inhabituelle. Les restes de <a href=\"fr\/commissions-verite\/40077-gambie-verites-derangeantes-sur-les-executions-de-1994.html\">sept soldats sommairement ex\u00e9cut\u00e9s et enterr\u00e9s dans le camp le 11 novembre 1994<\/a> y \u00e9taient exhum\u00e9s par la Commission v\u00e9rit\u00e9, r\u00e9conciliation et r\u00e9parations (TRRC). Au total, les enqu\u00eates de la Commission avaient r\u00e9v\u00e9l\u00e9 qu'au moins onze soldats avaient \u00e9t\u00e9 ex\u00e9cut\u00e9s ce jour-l\u00e0, \u00e0 des moments et des endroits diff\u00e9rents.<\/p>\n<p>Alors que l\u2019excavatrice creusait, les parents des disparus pleuraient. Au milieu d'eux se trouvait Abdul Aziz Barrow. Il est le fils du lieutenant Basiru Barrow, l'un des soldats ex\u00e9cut\u00e9s. Il avait \u00e0 peine un an quand son p\u00e8re a \u00e9t\u00e9 assassin\u00e9. Il en a 26 quand l\u2019exhumation a lieu. \"Quand je suis arriv\u00e9 sur le lieu des fouilles, pour une raison que j\u2019ignore, je me suis senti vide \u00e0 l'int\u00e9rieur. Vide dans le sens o\u00f9 j'ai vu les restes de sept personnes et l'une d'entre elles pourrait \u00eatre le p\u00e8re que je n'ai jamais connu,\" raconte-t-il. \"Le p\u00e8re dont je d\u00e9sirais la compagnie quand je n'\u00e9tais qu'un enfant.\"<\/p>\n<h3>L'attente frustr\u00e9e des victimes<\/h3>\n<p>En novembre 1994, le lieutenant Barrow et ses coll\u00e8gues ont \u00e9t\u00e9 accus\u00e9s de planifier la chute de Yahya Jammeh, qui avait pris le pouvoir par un coup d'\u00c9tat militaire \u00e0 peine quatre mois plus t\u00f4t. L'ancien ami proche de Jammeh et ministre de la D\u00e9fense \u00e0 l'\u00e9poque, Edward Singhatey, a confirm\u00e9 \u00e0 la Commission v\u00e9rit\u00e9 que l'ordre de les tuer \u00e9tait venu de Jammeh. C'est Sanna Sabally, alors vice-pr\u00e9sident de la junte, qui a men\u00e9 cette mission qui allait finalement co\u00fbter la vie \u00e0 onze soldats pour leur pr\u00e9sum\u00e9 complot. Selon les t\u00e9moignages entendus par la TRRC, les soldats furent align\u00e9s, les mains li\u00e9es dans le dos, et abattus \u00e0 bout portant.<\/p>\n<p><a href=\"fr\/commissions-verite\/41208-la-gambie-deterre-son-passe.html\">Il a fallu pr\u00e8s d'une semaine \u00e0 l'\u00e9quipe d'exhumation de la TRRC pour retrouver certains des restes \u00e0 la caserne de Yundum<\/a>. Sept cordes qui auraient \u00e9t\u00e9 utilis\u00e9es pour attacher les victimes ont \u00e9t\u00e9 retrouv\u00e9es dans la fosse commune o\u00f9 les sept squelettes ont \u00e9t\u00e9 trouv\u00e9s, corroborant les t\u00e9moignages entendus par la Commission. \"Je ne pouvais pas pleurer et je suis rest\u00e9 calme pour la simple raison que je ne savais m\u00eame pas comment j'aurais d\u00fb me sentir\", se souvient Aziz Barrow.<\/p>\n<p>Cela fait plus d'un an que la TRRC a proc\u00e9d\u00e9 \u00e0 cette premi\u00e8re exhumation r\u00e9ussie. Or, aucun autre reste n'a \u00e9t\u00e9 d\u00e9couvert depuis et l'identit\u00e9 de ceux qui ont \u00e9t\u00e9 retrouv\u00e9s n'a pas encore \u00e9t\u00e9 \u00e9tablie. Pour les familles des victimes, la frustration est manifeste. \"Je me sens frustr\u00e9 non seulement parce que j'ai d\u00fb attendre trop longtemps, mais aussi \u00e0 cause du fait que la TRRC n'a jamais pris contact avec nous pour nous informer des d\u00e9veloppements au sujet des restes de nos proches\", explique Aziz Barrow.<\/p>\n<p>Il n'est pas le seul \u00e0 se plaindre de la lenteur du processus. \"Nous avons attendu pendant plus de 20 ans et maintenant, apr\u00e8s les exhumations, nous avons d\u00fb attendre \u00e0 nouveau plus d'un an. C'est une chose difficile\", dit Mamudou Sillah, un jeune fr\u00e8re de l\u2019\u00e9l\u00e8ve officier Amadou Sillah, l'un des soldats que l'on croit figurer parmi les restes exhum\u00e9s. \"Quand vous enterrez les restes, vous pouvez mettre le pass\u00e9 derri\u00e8re vous, mais sans cela, comment le pouvez-vous ?\" demande Sillah.<\/p>\n<figure><img decoding=\"async\" title=\"Abdul Aziz Barrow\" src=\"media\/Gambia_Abdul-Aziz-Barrow_Mustapha-K-Darboe.jpg\" alt=\"Abdul Aziz Barrow\" \/><figcaption>Abdul Aziz Barrow avait \u00e0 peine un an quand son p\u00e8re a \u00e9t\u00e9 ex\u00e9cut\u00e9 en 1994, sur ordre de Yahya Jammeh selon plusieurs t\u00e9moignages. \u00a9 Mustapha K. Darboe<\/figcaption><\/figure>\n<h3>Manque de communication<\/h3>\n<p>Le processus d'identification des restes est en cours, assure la Commission. Mais les ossements, sous la garde du bureau du coroner \u00e0 l'h\u00f4pital principal de Banjul, doivent encore \u00eatre soumis \u00e0 des tests ADN et la Commission d\u00e9pend enti\u00e8rement d\u2019experts ext\u00e9rieurs pour ces tests.<\/p>\n<p>\"On ne sait pas tr\u00e8s bien comment la pand\u00e9mie actuelle affectera le travail de recherche et d'identification, mais j'invite la Commission \u00e0 discuter de ses projets avec les familles des personnes disparues et \u00e0 les placer au centre de ce processus\", dit Nana-Jo Ndow, directrice ex\u00e9cutive du R\u00e9seau africain contre les ex\u00e9cutions extrajudiciaires et les disparitions forc\u00e9es (<a href=\"https:\/\/www.aneked.org\/\">ANEKED<\/a>), une ONG. \"Il est crucial d\u2019am\u00e9liorer la communication avec les familles touch\u00e9es pour pr\u00e9ciser leurs attentes et s'assurer qu'elles ne sont pas laiss\u00e9es dans l'ignorance en attendant les r\u00e9sultats de l'expertise m\u00e9dico-l\u00e9gale\", ajoute-t-elle.<\/p>\n<p>Nana-Jo Ndow est elle-m\u00eame une victime. Son p\u00e8re, Saul Ndow, a disparu en Gambie en avril 2013 alors qu'elle avait 27 ans. Saul Ndow, p\u00e8re de cinq enfants, \u00e9tait un critique de Jammeh. Il a disparu aux c\u00f4t\u00e9s d'un l\u00e9gislateur gambien du parti de Jammeh, l'Alliance pour la r\u00e9orientation patriotique et la construction, Mahawa Cham. Un ancien tueur \u00e0 gages sous le r\u00e9gime de Jammeh, Nuha Badgie, a avou\u00e9 devant la TRRC sa participation au meurtre de Ndow.<\/p>\n<p>Au d\u00e9but de l'ann\u00e9e, Nana-Jo Ndow a r\u00e9alis\u00e9 un film documentaire, \"I Cannot Bury My Father\", mettant en sc\u00e8ne des familles ghan\u00e9ennes dont des proches auraient \u00e9t\u00e9 tu\u00e9s en Gambie en 2005. Les 54 migrants ouest-africains qui se rendaient apparemment en Europe ont \u00e9t\u00e9 captur\u00e9s et ex\u00e9cut\u00e9s sur ordre de l'ancien pr\u00e9sident Yahya Jammeh, selon les t\u00e9moignages de deux des tueurs \u00e0 gages de Jammeh, Omar Jallow et Malick Jatta, qui ont particip\u00e9 aux ex\u00e9cutions.<\/p>\n<p>En 2019, un autre membre de ces escadrons, Amadou Badgie, a admis avoir particip\u00e9 \u00e0 la disparition de deux Am\u00e9ricains, Ebou Jobe et Mamut Ceesay, en 2013. Selon la TRRC, les \u00c9tats-Unis ont offert leur assistance dans les enqu\u00eates. \"Le gouvernement a, depuis, visit\u00e9 les sites d'inhumation pr\u00e9sum\u00e9s des personnes disparues et des efforts sont en cours pour poursuivre le travail sur ces sites\", affirme la TRRC dans un rapport int\u00e9rimaire publi\u00e9 le 29 avril.<\/p>\n<h3>Une centaine de disparus et 5 sites d'inhumation pr\u00e9sum\u00e9s<\/h3>\n<p>Gr\u00e2ce aux t\u00e9moignages de dizaines de personnes qui ont comparu devant la TRRC, certaines des fosses anonymes o\u00f9 les corps des disparus pourraient se trouver ont \u00e9t\u00e9 localis\u00e9es. La Commission estime que cela pourrait aider \u00e0 retrouver au moins une centaine de personnes. Elle a, jusqu'\u00e0 pr\u00e9sent, identifi\u00e9 six lieux de s\u00e9pulture pr\u00e9sum\u00e9s \u00e0 Kanilai, le village natal de Jammeh, \u00e0 la caserne de Yundum, \u00e0 Siffoe, \u00e0 Jambur, sur l'\u00eele de Baboon et \u00e0 Barra. Engag\u00e9e dans sa deuxi\u00e8me et peut-\u00eatre derni\u00e8re ann\u00e9e de fonctionnement, \"la TRRC va donc se concentrer sur la recherche de ces sites d'inhumation et la r\u00e9cup\u00e9ration des restes afin d'identifier positivement qui ils sont et de les rendre \u00e0 leurs familles\", assure le rapport int\u00e9rimaire.<\/p>\n<p>Il s\u2019agirait de la premi\u00e8re tentative de proc\u00e9der \u00e0 des exhumations massives en Gambie. En 2017, deux exhumations distinctes ont \u00e9t\u00e9 effectu\u00e9es par la police gambienne, qui ont permis d'identifier les restes de quatre personnes tu\u00e9es en 2014 et 2016. En 2018,\u00a0<a href=\"https:\/\/www.justicerapidresponse.org\/\">Justice Rapid Response<\/a>, un m\u00e9canisme intergouvernemental d'assistance, avec le soutien financier du Canada, a aid\u00e9 \u00e0 identifier les victimes et \u00e0 d\u00e9terminer les causes de leur d\u00e9c\u00e8s. Trois des personnes exhum\u00e9es \u00e9taient des soldats morts lors d'une tentative de coup contre Jammeh, le 30 d\u00e9cembre 2014. La quatri\u00e8me personne \u00e9tait Solo Sandeng, un leader de l'opposition mort en d\u00e9tention le 15 avril 2016, le lendemain de son arrestation lors d\u2019une manifestation. (En janvier 2019, le minist\u00e8re de la Justice a remis aux familles les restes des trois soldats ; cependant, les restes de Sandeng sont conserv\u00e9s car sept de ses assassins pr\u00e9sum\u00e9s sont en proc\u00e8s.)<\/p>\n<p><span style=\"boorder: 1px solid #ccc;\"><div class=\"articleLink articleLink--editorRecommanded articleLink--textInImage articleLink--textTop\" style=\"\">\r\n\t\t\t\t\t\r\n\t\t\t<div class=\"articleLinkSurTitle\">Recommand\u00e9 par la r\u00e9daction<\/div>\r\n\t\t\t<a class=\"articleLinkImageLink\" href=\"https:\/\/www.justiceinfo.net\/fr\/41208-la-gambie-deterre-son-passe.html\"><div class=\"articleLinkImageContainer \"><img loading=\"lazy\" decoding=\"async\" width=\"540\" height=\"360\" src=\"https:\/\/www.justiceinfo.net\/wp-content\/uploads\/e532bbda5c98f64d73b7dc5df2fcd20a-540x360.jpg\" class=\"articleLinkImage backgroundImageTag w-100 wp-post-image\" alt=\"\" srcset=\"\" sizes=\"auto, (max-width: 540px) 100vw, 540px\" \/><\/div><\/a>\r\n\t\t\t<a href=\"https:\/\/www.justiceinfo.net\/fr\/41208-la-gambie-deterre-son-passe.html\" class=\"articleLinkTitle articleLinkTitle--default\">\r\n\t\t\tLa Gambie d\u00e9terre son pass\u00e9\r\n\t\t<\/a>\r\n\t\t\r\n\t\t\t\t<\/div><\/span><\/p>\n<h3>Manque d'expertise et d'\u00e9quipement<\/h3>\n<p>La TRRC doit se fier enti\u00e8rement aux t\u00e9moignages des t\u00e9moins oculaires pour identifier les fosses communes. La Commission a ainsi \u00e9t\u00e9 inform\u00e9e que d'autres personnes pourraient \u00eatre enterr\u00e9es \u00e0 la caserne de Yundum. Cependant, il n'y a pas de consensus sur l'endroit o\u00f9 ces fosses communes pourraient se trouver. \"Un b\u00e2timent est construit dur l'une des zones identifi\u00e9es comme \u00e9tant un site d'inhumation\", explique la Commission dans son rapport int\u00e9rimaire.<\/p>\n<p>Un probl\u00e8me de ressources humaines se pose \u00e9galement. La TRRC ne dispose que d'un seul arch\u00e9ologue l\u00e9giste. Les membres de son \u00e9quipe ont des formations autres. D\u00e8s lors, les exhumations pourraient prendre beaucoup de temps, d\u00e9clare \u00e0 Justice Info le secr\u00e9taire ex\u00e9cutif de la Commission, Baba Galleh Jallow.<\/p>\n<p>\"Nous sommes encore limit\u00e9s en termes d'expertise et d'\u00e9quipement\", ajoute Essa Jallow, directeur de la communication de la Commission. \"Afin d'assurer un processus d'exhumation efficace, plus professionnel et plus rapide, la TRRC aurait besoin des services d'un plus grand nombre d'experts tels qu'un anthropologue l\u00e9giste et un expert en balistique, car dans la plupart des cas que nous traiterons, les victimes seraient mortes de blessures par balle. Nous devons \u00e9galement disposer d'un radar p\u00e9n\u00e9trant dans le sol pour gagner du temps et \u00e9conomiser des ressources dans le processus de recherche.\"<\/p>\n<h3>L'attente, toujours et encore, pour les victimes<\/h3>\n<p>Le ministre de la Justice, Abubacarr Tambadou, d\u00e9clare que son minist\u00e8re cherche des fonds pour que la Commission puisse rendre les restes des disparus \u00e0 leurs familles. Selon Nana-Jo Ndow, \"il sera n\u00e9cessaire de coordonner avec des sp\u00e9cialistes internationaux en m\u00e9decine l\u00e9gale, comme cela a \u00e9t\u00e9 fait en 2018, pour s'assurer que les restes exhum\u00e9s soient rapidement identifi\u00e9s et rendus aux familles, et \u00e9viter les retards\".<\/p>\n<p>Essa Jallow, lui, pr\u00e9f\u00e8re d\u00e9j\u00e0 avertir que la TRRC ne sera pas en mesure de remplir cette t\u00e2che qui fait partie de son mandat. \"Nous ne serons pas en mesure de tester la pr\u00e9sence de restes humains dans tous les sites identifi\u00e9s par la commission dans le cadre du mandat de deux ans\", d\u00e9clare-t-il.<\/p>\n<p>Aziz Barrow et des centaines d'autres parents de disparus devront donc encore attendre. \"L'id\u00e9e qu'il [le lieutenant Basiru Barrow] repose enfin en paix est tout ce que nous d\u00e9sirons et plus t\u00f4t ce sera fait, mieux ce sera\", confie Aziz Barrow. \"Cela apportera \u00e9galement un sentiment de finalit\u00e9 \u00e0 toute la mis\u00e8re et \u00e0 tous les troubles \u00e9motionnels que nous avons travers\u00e9s, en tant que famille, depuis 1994.\"<\/p>\n","protected":false},"excerpt":{"rendered":"<p>En avril 2019, la Commission v\u00e9rit\u00e9, r\u00e9conciliation et r\u00e9parations a r\u00e9ussi \u00e0 exhumer les corps de sept anciens soldats qui avaient \u00e9t\u00e9 jet\u00e9s dans une fosse commune en 1994. Un an plus tard, leur identit\u00e9 n\u2019est pourtant toujours pas connue. Et aucune autre exhumation n'a eu lieu, malgr\u00e9 un plan ambitieux visant \u00e0 retrouver une [&hellip;]<\/p>\n","protected":false},"author":64,"featured_media":62634,"comment_status":"open","ping_status":"closed","sticky":false,"template":"","format":"standard","meta":{"_acf_changed":false,"footnotes":""},"categories":[548],"tags":[],"ji_location":[2508],"class_list":["post-44270","post","type-post","status-publish","format-standard","has-post-thumbnail","hentry","category-commissions-verite","ji_location-gambie"],"acf":[],"yoast_head":"<!-- This site is optimized with the Yoast SEO Premium plugin v25.3.1 (Yoast SEO v25.3.1) - https:\/\/yoast.com\/wordpress\/plugins\/seo\/ -->\n<title>Gambie : la recherche insatisfaite des disparus - JusticeInfo.net<\/title>\n<meta name=\"robots\" content=\"index, follow, max-snippet:-1, max-image-preview:large, max-video-preview:-1\" \/>\n<link rel=\"canonical\" href=\"https:\/\/www.justiceinfo.net\/fr\/44270-gambie-la-recherche-insatisfaite-des-disparus.html\" \/>\n<meta property=\"og:locale\" content=\"fr_FR\" \/>\n<meta property=\"og:type\" content=\"article\" \/>\n<meta property=\"og:title\" content=\"Gambie : la recherche insatisfaite des disparus\" \/>\n<meta property=\"og:description\" content=\"En avril 2019, la Commission v\u00e9rit\u00e9, r\u00e9conciliation et r\u00e9parations a r\u00e9ussi \u00e0 exhumer les corps de sept anciens soldats qui avaient \u00e9t\u00e9 jet\u00e9s dans une fosse commune en 1994. Un an plus tard, leur identit\u00e9 n\u2019est pourtant toujours pas connue. Et aucune autre exhumation n&#039;a eu lieu, malgr\u00e9 un plan ambitieux visant \u00e0 retrouver une [&hellip;]\" \/>\n<meta property=\"og:url\" content=\"https:\/\/www.justiceinfo.net\/fr\/44270-gambie-la-recherche-insatisfaite-des-disparus.html\" \/>\n<meta property=\"og:site_name\" content=\"JusticeInfo.net\" \/>\n<meta property=\"article:publisher\" content=\"https:\/\/www.facebook.com\/JusticeInfo\/\" \/>\n<meta property=\"article:published_time\" content=\"2020-05-15T05:30:01+00:00\" \/>\n<meta property=\"og:image\" content=\"https:\/\/www.justiceinfo.net\/wp-content\/uploads\/5524a67ee042f0b01e80e6663aa01e52.jpg\" \/>\n\t<meta property=\"og:image:width\" content=\"1200\" \/>\n\t<meta property=\"og:image:height\" content=\"900\" \/>\n\t<meta property=\"og:image:type\" content=\"image\/jpeg\" \/>\n<meta name=\"author\" content=\"Mustapha K. Darboe\" \/>\n<meta name=\"twitter:card\" content=\"summary_large_image\" \/>\n<meta name=\"twitter:creator\" content=\"@justiceinfonet\" \/>\n<meta name=\"twitter:site\" content=\"@justiceinfonet\" \/>\n<meta name=\"twitter:label1\" content=\"\u00c9crit par\" \/>\n\t<meta name=\"twitter:data1\" content=\"Mustapha K. Darboe\" \/>\n\t<meta name=\"twitter:label2\" content=\"Dur\u00e9e de lecture estim\u00e9e\" \/>\n\t<meta name=\"twitter:data2\" content=\"9 minutes\" \/>\n<script type=\"application\/ld+json\" class=\"yoast-schema-graph\">{\"@context\":\"https:\/\/schema.org\",\"@graph\":[{\"@type\":\"NewsArticle\",\"@id\":\"https:\/\/www.justiceinfo.net\/fr\/44270-gambie-la-recherche-insatisfaite-des-disparus.html#article\",\"isPartOf\":{\"@id\":\"https:\/\/www.justiceinfo.net\/fr\/44270-gambie-la-recherche-insatisfaite-des-disparus.html\"},\"author\":{\"name\":\"solivri\",\"@id\":\"https:\/\/www.justiceinfo.net\/fr#\/schema\/person\/6e53cba1629e2e66f3fc1821d3091865\"},\"headline\":\"Gambie : la recherche insatisfaite des disparus\",\"datePublished\":\"2020-05-15T05:30:01+00:00\",\"mainEntityOfPage\":{\"@id\":\"https:\/\/www.justiceinfo.net\/fr\/44270-gambie-la-recherche-insatisfaite-des-disparus.html\"},\"wordCount\":1887,\"commentCount\":0,\"publisher\":{\"@id\":\"https:\/\/www.justiceinfo.net\/fr#organization\"},\"image\":{\"@id\":\"https:\/\/www.justiceinfo.net\/fr\/44270-gambie-la-recherche-insatisfaite-des-disparus.html#primaryimage\"},\"thumbnailUrl\":\"https:\/\/www.justiceinfo.net\/wp-content\/uploads\/5524a67ee042f0b01e80e6663aa01e52.jpg\",\"articleSection\":[\"Commissions v\u00e9rit\u00e9\"],\"inLanguage\":\"fr-FR\",\"potentialAction\":[{\"@type\":\"CommentAction\",\"name\":\"Comment\",\"target\":[\"https:\/\/www.justiceinfo.net\/fr\/44270-gambie-la-recherche-insatisfaite-des-disparus.html#respond\"]}]},{\"@type\":\"WebPage\",\"@id\":\"https:\/\/www.justiceinfo.net\/fr\/44270-gambie-la-recherche-insatisfaite-des-disparus.html\",\"url\":\"https:\/\/www.justiceinfo.net\/fr\/44270-gambie-la-recherche-insatisfaite-des-disparus.html\",\"name\":\"Gambie : la recherche insatisfaite des disparus - JusticeInfo.net\",\"isPartOf\":{\"@id\":\"https:\/\/www.justiceinfo.net\/fr#website\"},\"primaryImageOfPage\":{\"@id\":\"https:\/\/www.justiceinfo.net\/fr\/44270-gambie-la-recherche-insatisfaite-des-disparus.html#primaryimage\"},\"image\":{\"@id\":\"https:\/\/www.justiceinfo.net\/fr\/44270-gambie-la-recherche-insatisfaite-des-disparus.html#primaryimage\"},\"thumbnailUrl\":\"https:\/\/www.justiceinfo.net\/wp-content\/uploads\/5524a67ee042f0b01e80e6663aa01e52.jpg\",\"datePublished\":\"2020-05-15T05:30:01+00:00\",\"breadcrumb\":{\"@id\":\"https:\/\/www.justiceinfo.net\/fr\/44270-gambie-la-recherche-insatisfaite-des-disparus.html#breadcrumb\"},\"inLanguage\":\"fr-FR\",\"potentialAction\":[{\"@type\":\"ReadAction\",\"target\":[\"https:\/\/www.justiceinfo.net\/fr\/44270-gambie-la-recherche-insatisfaite-des-disparus.html\"]}]},{\"@type\":\"ImageObject\",\"inLanguage\":\"fr-FR\",\"@id\":\"https:\/\/www.justiceinfo.net\/fr\/44270-gambie-la-recherche-insatisfaite-des-disparus.html#primaryimage\",\"url\":\"https:\/\/www.justiceinfo.net\/wp-content\/uploads\/5524a67ee042f0b01e80e6663aa01e52.jpg\",\"contentUrl\":\"https:\/\/www.justiceinfo.net\/wp-content\/uploads\/5524a67ee042f0b01e80e6663aa01e52.jpg\",\"width\":1200,\"height\":900},{\"@type\":\"BreadcrumbList\",\"@id\":\"https:\/\/www.justiceinfo.net\/fr\/44270-gambie-la-recherche-insatisfaite-des-disparus.html#breadcrumb\",\"itemListElement\":[{\"@type\":\"ListItem\",\"position\":1,\"name\":\"Home\",\"item\":\"https:\/\/www.justiceinfo.net\/fr\"},{\"@type\":\"ListItem\",\"position\":2,\"name\":\"Gambie : la recherche insatisfaite des disparus\"}]},{\"@type\":\"WebSite\",\"@id\":\"https:\/\/www.justiceinfo.net\/fr#website\",\"url\":\"https:\/\/www.justiceinfo.net\/fr\",\"name\":\"JusticeInfo.net\",\"description\":\"La justice doit \u00eatre vue pour \u00eatre rendue\",\"publisher\":{\"@id\":\"https:\/\/www.justiceinfo.net\/fr#organization\"},\"potentialAction\":[{\"@type\":\"SearchAction\",\"target\":{\"@type\":\"EntryPoint\",\"urlTemplate\":\"https:\/\/www.justiceinfo.net\/fr?s={search_term_string}\"},\"query-input\":{\"@type\":\"PropertyValueSpecification\",\"valueRequired\":true,\"valueName\":\"search_term_string\"}}],\"inLanguage\":\"fr-FR\"},{\"@type\":\"Organization\",\"@id\":\"https:\/\/www.justiceinfo.net\/fr#organization\",\"name\":\"Justice Info\",\"url\":\"https:\/\/www.justiceinfo.net\/fr\",\"logo\":{\"@type\":\"ImageObject\",\"inLanguage\":\"fr-FR\",\"@id\":\"https:\/\/www.justiceinfo.net\/fr#\/schema\/logo\/image\/\",\"url\":\"https:\/\/www.justiceinfo.net\/wp-content\/uploads\/justiceinfo_logo-trans_1200x1200px.png\",\"contentUrl\":\"https:\/\/www.justiceinfo.net\/wp-content\/uploads\/justiceinfo_logo-trans_1200x1200px.png\",\"width\":1199,\"height\":1200,\"caption\":\"Justice Info\"},\"image\":{\"@id\":\"https:\/\/www.justiceinfo.net\/fr#\/schema\/logo\/image\/\"},\"sameAs\":[\"https:\/\/www.facebook.com\/JusticeInfo\/\",\"https:\/\/x.com\/justiceinfonet\",\"https:\/\/www.linkedin.com\/company\/justice-info\",\"https:\/\/www.youtube.com\/channel\/UCyCEsARodyuWtkWyhn-e7pA\"]},{\"@type\":\"Person\",\"name\":\"Mustapha K. Darboe\",\"url\":\"\/fr\/?s=Mustapha K. Darboe\"}]}<\/script>\n<!-- \/ Yoast SEO Premium plugin. -->","yoast_head_json":{"title":"Gambie : la recherche insatisfaite des disparus - JusticeInfo.net","robots":{"index":"index","follow":"follow","max-snippet":"max-snippet:-1","max-image-preview":"max-image-preview:large","max-video-preview":"max-video-preview:-1"},"canonical":"https:\/\/www.justiceinfo.net\/fr\/44270-gambie-la-recherche-insatisfaite-des-disparus.html","og_locale":"fr_FR","og_type":"article","og_title":"Gambie : la recherche insatisfaite des disparus","og_description":"En avril 2019, la Commission v\u00e9rit\u00e9, r\u00e9conciliation et r\u00e9parations a r\u00e9ussi \u00e0 exhumer les corps de sept anciens soldats qui avaient \u00e9t\u00e9 jet\u00e9s dans une fosse commune en 1994. Un an plus tard, leur identit\u00e9 n\u2019est pourtant toujours pas connue. Et aucune autre exhumation n'a eu lieu, malgr\u00e9 un plan ambitieux visant \u00e0 retrouver une [&hellip;]","og_url":"https:\/\/www.justiceinfo.net\/fr\/44270-gambie-la-recherche-insatisfaite-des-disparus.html","og_site_name":"JusticeInfo.net","article_publisher":"https:\/\/www.facebook.com\/JusticeInfo\/","article_published_time":"2020-05-15T05:30:01+00:00","og_image":[{"width":1200,"height":900,"url":"https:\/\/www.justiceinfo.net\/wp-content\/uploads\/5524a67ee042f0b01e80e6663aa01e52.jpg","type":"image\/jpeg"}],"author":"Mustapha K. Darboe","twitter_card":"summary_large_image","twitter_creator":"@justiceinfonet","twitter_site":"@justiceinfonet","twitter_misc":{"\u00c9crit par":"Mustapha K. Darboe","Dur\u00e9e de lecture estim\u00e9e":"9 minutes"},"schema":{"@context":"https:\/\/schema.org","@graph":[{"@type":"NewsArticle","@id":"https:\/\/www.justiceinfo.net\/fr\/44270-gambie-la-recherche-insatisfaite-des-disparus.html#article","isPartOf":{"@id":"https:\/\/www.justiceinfo.net\/fr\/44270-gambie-la-recherche-insatisfaite-des-disparus.html"},"author":{"name":"solivri","@id":"https:\/\/www.justiceinfo.net\/fr#\/schema\/person\/6e53cba1629e2e66f3fc1821d3091865"},"headline":"Gambie : la recherche insatisfaite des disparus","datePublished":"2020-05-15T05:30:01+00:00","mainEntityOfPage":{"@id":"https:\/\/www.justiceinfo.net\/fr\/44270-gambie-la-recherche-insatisfaite-des-disparus.html"},"wordCount":1887,"commentCount":0,"publisher":{"@id":"https:\/\/www.justiceinfo.net\/fr#organization"},"image":{"@id":"https:\/\/www.justiceinfo.net\/fr\/44270-gambie-la-recherche-insatisfaite-des-disparus.html#primaryimage"},"thumbnailUrl":"https:\/\/www.justiceinfo.net\/wp-content\/uploads\/5524a67ee042f0b01e80e6663aa01e52.jpg","articleSection":["Commissions v\u00e9rit\u00e9"],"inLanguage":"fr-FR","potentialAction":[{"@type":"CommentAction","name":"Comment","target":["https:\/\/www.justiceinfo.net\/fr\/44270-gambie-la-recherche-insatisfaite-des-disparus.html#respond"]}]},{"@type":"WebPage","@id":"https:\/\/www.justiceinfo.net\/fr\/44270-gambie-la-recherche-insatisfaite-des-disparus.html","url":"https:\/\/www.justiceinfo.net\/fr\/44270-gambie-la-recherche-insatisfaite-des-disparus.html","name":"Gambie : la recherche insatisfaite des disparus - JusticeInfo.net","isPartOf":{"@id":"https:\/\/www.justiceinfo.net\/fr#website"},"primaryImageOfPage":{"@id":"https:\/\/www.justiceinfo.net\/fr\/44270-gambie-la-recherche-insatisfaite-des-disparus.html#primaryimage"},"image":{"@id":"https:\/\/www.justiceinfo.net\/fr\/44270-gambie-la-recherche-insatisfaite-des-disparus.html#primaryimage"},"thumbnailUrl":"https:\/\/www.justiceinfo.net\/wp-content\/uploads\/5524a67ee042f0b01e80e6663aa01e52.jpg","datePublished":"2020-05-15T05:30:01+00:00","breadcrumb":{"@id":"https:\/\/www.justiceinfo.net\/fr\/44270-gambie-la-recherche-insatisfaite-des-disparus.html#breadcrumb"},"inLanguage":"fr-FR","potentialAction":[{"@type":"ReadAction","target":["https:\/\/www.justiceinfo.net\/fr\/44270-gambie-la-recherche-insatisfaite-des-disparus.html"]}]},{"@type":"ImageObject","inLanguage":"fr-FR","@id":"https:\/\/www.justiceinfo.net\/fr\/44270-gambie-la-recherche-insatisfaite-des-disparus.html#primaryimage","url":"https:\/\/www.justiceinfo.net\/wp-content\/uploads\/5524a67ee042f0b01e80e6663aa01e52.jpg","contentUrl":"https:\/\/www.justiceinfo.net\/wp-content\/uploads\/5524a67ee042f0b01e80e6663aa01e52.jpg","width":1200,"height":900},{"@type":"BreadcrumbList","@id":"https:\/\/www.justiceinfo.net\/fr\/44270-gambie-la-recherche-insatisfaite-des-disparus.html#breadcrumb","itemListElement":[{"@type":"ListItem","position":1,"name":"Home","item":"https:\/\/www.justiceinfo.net\/fr"},{"@type":"ListItem","position":2,"name":"Gambie : la recherche insatisfaite des disparus"}]},{"@type":"WebSite","@id":"https:\/\/www.justiceinfo.net\/fr#website","url":"https:\/\/www.justiceinfo.net\/fr","name":"JusticeInfo.net","description":"La justice doit \u00eatre vue pour \u00eatre rendue","publisher":{"@id":"https:\/\/www.justiceinfo.net\/fr#organization"},"potentialAction":[{"@type":"SearchAction","target":{"@type":"EntryPoint","urlTemplate":"https:\/\/www.justiceinfo.net\/fr?s={search_term_string}"},"query-input":{"@type":"PropertyValueSpecification","valueRequired":true,"valueName":"search_term_string"}}],"inLanguage":"fr-FR"},{"@type":"Organization","@id":"https:\/\/www.justiceinfo.net\/fr#organization","name":"Justice Info","url":"https:\/\/www.justiceinfo.net\/fr","logo":{"@type":"ImageObject","inLanguage":"fr-FR","@id":"https:\/\/www.justiceinfo.net\/fr#\/schema\/logo\/image\/","url":"https:\/\/www.justiceinfo.net\/wp-content\/uploads\/justiceinfo_logo-trans_1200x1200px.png","contentUrl":"https:\/\/www.justiceinfo.net\/wp-content\/uploads\/justiceinfo_logo-trans_1200x1200px.png","width":1199,"height":1200,"caption":"Justice Info"},"image":{"@id":"https:\/\/www.justiceinfo.net\/fr#\/schema\/logo\/image\/"},"sameAs":["https:\/\/www.facebook.com\/JusticeInfo\/","https:\/\/x.com\/justiceinfonet","https:\/\/www.linkedin.com\/company\/justice-info","https:\/\/www.youtube.com\/channel\/UCyCEsARodyuWtkWyhn-e7pA"]},{"@type":"Person","name":"Mustapha K. Darboe","url":"\/fr\/?s=Mustapha K. Darboe"}]}},"_links":{"self":[{"href":"https:\/\/www.justiceinfo.net\/fr\/wp-json\/wp\/v2\/posts\/44270","targetHints":{"allow":["GET"]}}],"collection":[{"href":"https:\/\/www.justiceinfo.net\/fr\/wp-json\/wp\/v2\/posts"}],"about":[{"href":"https:\/\/www.justiceinfo.net\/fr\/wp-json\/wp\/v2\/types\/post"}],"author":[{"embeddable":true,"href":"https:\/\/www.justiceinfo.net\/fr\/wp-json\/wp\/v2\/users\/64"}],"replies":[{"embeddable":true,"href":"https:\/\/www.justiceinfo.net\/fr\/wp-json\/wp\/v2\/comments?post=44270"}],"version-history":[{"count":0,"href":"https:\/\/www.justiceinfo.net\/fr\/wp-json\/wp\/v2\/posts\/44270\/revisions"}],"wp:featuredmedia":[{"embeddable":true,"href":"https:\/\/www.justiceinfo.net\/fr\/wp-json\/wp\/v2\/media\/62634"}],"wp:attachment":[{"href":"https:\/\/www.justiceinfo.net\/fr\/wp-json\/wp\/v2\/media?parent=44270"}],"wp:term":[{"taxonomy":"category","embeddable":true,"href":"https:\/\/www.justiceinfo.net\/fr\/wp-json\/wp\/v2\/categories?post=44270"},{"taxonomy":"post_tag","embeddable":true,"href":"https:\/\/www.justiceinfo.net\/fr\/wp-json\/wp\/v2\/tags?post=44270"},{"taxonomy":"ji_location","embeddable":true,"href":"https:\/\/www.justiceinfo.net\/fr\/wp-json\/wp\/v2\/ji_location?post=44270"}],"curies":[{"name":"wp","href":"https:\/\/api.w.org\/{rel}","templated":true}]}}