{"id":44312,"date":"2020-05-19T06:30:09","date_gmt":"2020-05-19T04:30:09","guid":{"rendered":"https:\/\/www.justiceinfo.net\/44312-poursuivre-guillaume-soro-peut-il-racheter-la-cpi.html"},"modified":"2020-05-19T06:30:09","modified_gmt":"2020-05-19T04:30:09","slug":"poursuivre-guillaume-soro-peut-il-racheter-la-cpi","status":"publish","type":"post","link":"https:\/\/www.justiceinfo.net\/fr\/44312-poursuivre-guillaume-soro-peut-il-racheter-la-cpi.html","title":{"rendered":"Poursuivre Guillaume Soro peut-il racheter la CPI ?"},"content":{"rendered":"<p><strong>Guillaume Soro, ancien chef rebelle devenu premier ministre de C\u00f4te d'Ivoire, et candidat notoire \u00e0 l'\u00e9lection pr\u00e9sidentielle d'octobre, a \u00e9t\u00e9 condamn\u00e9 \u00e0 20 ans de prison par un tribunal ivoirien pour corruption. De nombreux signes indiquent que son jugement par contumace est politiquement motiv\u00e9. Mais la fragilisation de Soro donne \u00e0 la Cour p\u00e9nale internationale l'occasion de se racheter, estime Marco Bocchese.<\/strong><\/p>\n<p><!--more--><\/p>\n<p>Un tremblement de terre politique secoue la C\u00f4te d'Ivoire. Le 28 avril, un tribunal ivoirien a d\u00e9clar\u00e9 Guillaume Soro, candidat prometteur \u00e0 l'\u00e9lection pr\u00e9sidentielle d'octobre, coupable de d\u00e9tournement et de blanchiment d'argent. L'ancien commandant en chef des rebelles, \u00e2g\u00e9 de 48 ans, a \u00e9t\u00e9 condamn\u00e9 \u00e0 20 ans de prison.<\/p>\n<p>La dimension politique de la condamnation de Soro n'a pas \u00e9chapp\u00e9 aux Ivoiriens\u00a0: ils ont \u00e9t\u00e9 les t\u00e9moins de son ascension vers le pouvoir au cours des deux derni\u00e8res d\u00e9cennies. Mais ce sont les ambitions pr\u00e9sidentielles de Soro qui expliquent en grande partie sa chute judiciaire. Sa condamnation peut \u00eatre vue comme le dernier chapitre en date d'une lutte de pouvoir qui a commenc\u00e9 \u00e0 se nouer depuis la r\u00e9\u00e9lection du pr\u00e9sident Alassane Ouattara, en octobre 2015.<\/p>\n<p>Plusieurs \u00e9l\u00e9ments semblent corroborer le soup\u00e7on que les poursuites engag\u00e9es contre Soro sont motiv\u00e9es par des raisons politiques. Son mandat d'arr\u00eat a \u00e9t\u00e9 rendu public alors que tout le monde savait qu'il \u00e9tait en Europe, donnant \u00e0 Soro une raison imp\u00e9rieuse de ne pas retourner dans son pays. Parmi les charges retenues contre lui figure la conspiration en vue de renverser le pr\u00e9sident Ouattara. La d\u00e9cision de le poursuivre par contumace, ainsi que d'autres pr\u00e9occupations sur la l\u00e9galit\u00e9 de la proc\u00e9dure, laissent penser que l'intention principale du gouvernement \u00e9tait de le tenir \u00e0 distance, et non de le mettre sous les verrous.<\/p>\n<p>Dans l'ensemble, de nombreux Ivoiriens voient dans la condamnation de Soro une tentative de l\u2019exclure des \u00e9lections pr\u00e9sidentielles pr\u00e9vues fin octobre. Cela ouvrirait la voie \u00e0 l'\u00e9lection du candidat de M. Ouattara, l'actuel Premier ministre Amadou Gon Coulibaly.<\/p>\n<h3>L'ascension de Soro au pouvoir<\/h3>\n<p>Mais ces d\u00e9veloppements ont des implications beaucoup plus larges sur ce que la condamnation de Soro signifie pour la justice p\u00e9nale internationale. Deux questions, qui li\u00e9es entre elles, se posent. Pourquoi Soro est-il tomb\u00e9 en disgr\u00e2ce ? Et sa chute donne-t-elle \u00e0 la Cour p\u00e9nale internationale une seconde chance - sans doute imm\u00e9rit\u00e9e - de rendre justice pour les atrocit\u00e9s perp\u00e9tr\u00e9es pendant pr\u00e8s d'une d\u00e9cennie de guerre civile dans ce pays d'Afrique de l'Ouest ?<\/p>\n<p>Il n'y a sans doute personne en C\u00f4te d'Ivoire qui ait plus contribu\u00e9 \u00e0 l'ascension de Ouattara \u00e0 la pr\u00e9sidence que Soro. Soro \u00e9tait le commandant en chef des forces rebelles qui ont mis fin au r\u00e9gime intol\u00e9rant de l'ancien pr\u00e9sident Laurent Gbagbo. La lutte militaire et politique de Soro pour renverser Gbagbo a commenc\u00e9 avec le coup d'\u00c9tat manqu\u00e9 de septembre 2002. Elle a dur\u00e9 jusqu'\u00e0 la d\u00e9faite et l'arrestation de Gbagbo, en avril 2011.<\/p>\n<p>Naturellement, Ouattara s\u2019est senti redevable \u00e0 Soro et il l'a g\u00e9n\u00e9reusement r\u00e9compens\u00e9. Pour cela, il a \u00e9galement ferm\u00e9 les yeux sur les atrocit\u00e9s perp\u00e9tr\u00e9es par les rebelles de Soro alors qu'ils marchaient sur Abidjan. Au fil du temps et de l'effritement des loyaut\u00e9s n\u00e9es de la guerre, le pass\u00e9 de Soro est cependant devenu un handicap politique pour Ouattara et une menace imminente pour la fragile d\u00e9mocratie ivoirienne. M\u00eame si, par deux fois, Ouattara est venu au secours de son ancien alli\u00e9, en refusant de se conformer \u00e0 deux mandats d'arr\u00eat contre Soro - l'un d'entre eux d\u00e9livr\u00e9 par un juge fran\u00e7ais, en d\u00e9cembre 2015\u00a0; l'autre sollicit\u00e9 par le gouvernement du pays voisin, le Burkina-Faso, en janvier 2016.<\/p>\n<h3>La brouille<\/h3>\n<p>L\u2019attitude envers Soro a commenc\u00e9 \u00e0 changer fin 2016, lorsque Ouattara a pris des mesures institutionnelles, politiques et judiciaires pour prendre ses distances avec son ancien alli\u00e9. M\u00eame l'adoption de la nouvelle constitution, qui \u00e9tablit un poste de vice-pr\u00e9sident et ajoute une chambre haute \u00e0 l'assembl\u00e9e nationale monocam\u00e9rale, a fourni une occasion d'affaiblir la mainmise de Soro sur le pouvoir.<\/p>\n<p>Mais c'est l'implication pr\u00e9sum\u00e9e de Soro dans les mutineries de janvier et mai 2017 qui a marqu\u00e9 le point de non-retour. D\u00e9sormais per\u00e7u comme une menace pour l'\u00c9tat ivoirien, les finances de Soro et ses liens avec de riches bienfaiteurs ont soudainement \u00e9t\u00e9 soumis \u00e0 un examen minutieux par la justice nationale.<\/p>\n<p>Peu dispos\u00e9 \u00e0 accepter le proverbial rameau d'olivier de Ouattara et \u00e0 soutenir son successeur d\u00e9sign\u00e9, Soro a coup\u00e9 tous les liens restants avec le pr\u00e9sident. En f\u00e9vrier 2019, il a d\u00e9missionn\u00e9 de la pr\u00e9sidence de l'Assembl\u00e9e nationale et de son parti. Et c'est ainsi que Soro, n'\u00e9tait plus sous la protection de Ouattara, est devenu une cible possible pour les poursuites internationales.<\/p>\n<h3>Un test pour la cr\u00e9dibilit\u00e9 de la CPI<\/h3>\n<p>Imaginer que Soro soit poursuivi \u00e0 La Haye est certainement attrayant pour le gouvernement Ouattara. Un proc\u00e8s national serait politiquement co\u00fbteux. Et, \u00e9tant donn\u00e9 la popularit\u00e9 de Soro et son influence sur l'arm\u00e9e, il est probable que cela provoquerait des troubles publics.<\/p>\n<p>En m\u00eame temps, le recours \u00e0 la justice internationale n'est pas non plus \u00e0 l'abri d'un \u00e9chec. La grave mauvaise gestion du proc\u00e8s intent\u00e9 contre l'ancien pr\u00e9sident Gbagbo et contre Charles Bl\u00e9 Goud\u00e9 est encore fra\u00eeche dans la m\u00e9moire de nombreux Ivoiriens. Elle a conduit \u00e0 leur acquittement en janvier 2019. Elle a \u00e9galement contribu\u00e9 \u00e0 saper la cr\u00e9dibilit\u00e9 du tribunal de La Haye.<\/p>\n<p>D\u00e8s lors, la r\u00e9cente condamnation de Soro offre une occasion de rattrapage et de rachat que la cour ne peut se permettre de manquer. Outre le fait que la justice puisse \u00eatre rendue, engager une proc\u00e9dure contre Soro contribuerait \u00e0 dissiper la perception d'impartialit\u00e9 - ou de manque d'impartialit\u00e9 \u2013 dont souffre la cour. Il s'agirait de la premi\u00e8re poursuite internationale visant un membre de haut rang du c\u00f4t\u00e9 \"des vainqueurs\" de la guerre civile. Il est utile de rappeler \u00e0 ce sujet qu\u2019universitaires et observateurs de la politique ivoirienne ont d\u00e9plor\u00e9 le silence du procureur concernant les crimes pr\u00e9sum\u00e9s commis par les forces pro-Ouattara.<\/p>\n<p>A supposer que le bureau de la procureure de la Cour p\u00e9nale internationale, Fatou Bensouda, se saisisse de cette opportunit\u00e9, comment les autorit\u00e9s ivoiriennes r\u00e9agiraient-elles ? Plusieurs indices sugg\u00e8rent que le gouvernement ivoirien souhaite que la Cour ouvre un proc\u00e8s contre Soro, et que le plus t\u00f4t sera le mieux. Les interactions pass\u00e9es entre les autorit\u00e9s ivoiriennes et le tribunal de La Haye peuvent aider \u00e0 comprendre pourquoi et comment les r\u00e9centes d\u00e9cisions prises au plan national sont un appel \u00e0 la CPI pour qu\u2019elle \u00e9tudie le cas Soro.<\/p>\n<h3>Une double victoire ?<\/h3>\n<p>N'oublions pas que le gouvernement Ouattara a remis Gbagbo et Bl\u00e9 Goud\u00e9 \u00e0 la Cour internationale, respectivement en 2011 et 2013. Lorsqu'il a refus\u00e9 de livrer l'\u00e9pouse de Gbagbo, Simone, la justice ivoirienne l'a accus\u00e9e de crimes de guerre, suspendant la comp\u00e9tence de la CPI pour raison de compl\u00e9mentarit\u00e9.<\/p>\n<p>Soro a \u00e9t\u00e9 condamn\u00e9 pour des crimes qui ne rel\u00e8vent pas de la comp\u00e9tence de la Cour p\u00e9nale internationale. Il n'y a pourtant pas de pays pire que la France pour ceux qui cherchent \u00e0 \u00e9chapper \u00e0 la justice internationale. Depuis 25 ans, les autorit\u00e9s fran\u00e7aises ont pris l'initiative d'enqu\u00eater, d'arr\u00eater et de remettre aux tribunaux p\u00e9naux internationaux des suspects provenant de nombreux pays. Ces pays vont de l\u2019ouest des Balkans au Rwanda, en passant par la R\u00e9publique d\u00e9mocratique du Congo, le Tchad, la R\u00e9publique centrafricaine, la Libye et la Syrie.<\/p>\n<p>Enfin, les poursuites engag\u00e9es par la CPI ont, pour les accus\u00e9s, des cons\u00e9quences politiques et personnelles consid\u00e9rables, qui peuvent durer au-del\u00e0 de leur acquittement. La preuve en est que, dans l\u2019attente de l\u2019appel, Gbagbo et Bl\u00e9 Goud\u00e9 n'ont pas pu rentrer chez eux et reprendre leur carri\u00e8re politique.<\/p>\n<p>Un proc\u00e8s contre Soro serait une victoire tant pour le tribunal de La Haye, qui a grand besoin de redorer sa cr\u00e9dibilit\u00e9, que pour l'administration ivoirienne sortante, qui cherche \u00e0 transf\u00e9rer en douceur le pouvoir \u00e0 quelqu'un qui poursuivra, plut\u00f4t qu'il n'annulera, l'h\u00e9ritage de Ouattara.<\/p>\n<p>Il reste \u00e0 voir si Soro acceptera la sombre situation qui est la sienne ou s'il se battra, par tous les moyens n\u00e9cessaires, pour r\u00e9aliser son r\u00eave de s'emparer de la pr\u00e9sidence de la C\u00f4te d'Ivoire.<!-- Ci-dessous se trouve le compteur de pages de The Conversation. Veuillez ne pas l'enlever. --><img loading=\"lazy\" decoding=\"async\" style=\"border: none !important; box-shadow: none !important; margin: 0 !important; max-height: 1px !important; max-width: 1px !important; min-height: 1px !important; min-width: 1px !important; opacity: 0 !important; outline: none !important; padding: 0 !important; text-shadow: none !important;\" src=\"https:\/\/counter.theconversation.com\/content\/138864\/count.gif?distributor=republish-lightbox-basic\" alt=\"The Conversation\" width=\"1\" height=\"1\" \/><!-- Fin du code. Si vous ne voyez aucun code ci-dessus, veuillez obtenir un nouveau code dans l'onglet \u00ab Avanc\u00e9 \u00bb apr\u00e8s avoir cliqu\u00e9 sur le bouton \u00ab Republier \u00bb. Le compteur de pages ne collecte aucune donn\u00e9e personnelle. Plus d'informations : http:\/\/theconversation.com\/republishing-guidelines --><\/p>\n<hr \/>\n<p><em><a href=\"https:\/\/theconversation.com\/profiles\/marco-bocchese-779206\">Marco Bocchese<\/a> est ma\u00eetre assistant invit\u00e9 au d\u00e9partement de sciences politiques de l'<a href=\"https:\/\/theconversation.com\/institutions\/university-of-illinois-at-chicago-776\">universit\u00e9 de l'Illinois, \u00e0 Chicago<\/a> (Etats-Unis). <\/em><\/p>\n<p><em>Cet article, l\u00e9g\u00e8rement modifi\u00e9 et traduit en fran\u00e7ais par Justice Info avec l'accord de l'auteur, est republi\u00e9 depuis The Conversation sous licence Creative Commons. Lire <a href=\"https:\/\/theconversation.com\/justice-internationale-lenjeu-guillaume-soro-138864\">l'article original.<\/a><\/em><\/p>\n","protected":false},"excerpt":{"rendered":"<p>Guillaume Soro, ancien chef rebelle devenu premier ministre de C\u00f4te d'Ivoire, et candidat notoire \u00e0 l'\u00e9lection pr\u00e9sidentielle d'octobre, a \u00e9t\u00e9 condamn\u00e9 \u00e0 20 ans de prison par un tribunal ivoirien pour corruption. De nombreux signes indiquent que son jugement par contumace est politiquement motiv\u00e9. Mais la fragilisation de Soro donne \u00e0 la Cour p\u00e9nale internationale [&hellip;]<\/p>\n","protected":false},"author":64,"featured_media":61972,"comment_status":"open","ping_status":"closed","sticky":false,"template":"","format":"standard","meta":{"_acf_changed":false,"footnotes":""},"categories":[575],"tags":[],"ji_location":[2184],"class_list":["post-44312","post","type-post","status-publish","format-standard","has-post-thumbnail","hentry","category-opinions","ji_location-cote-d-ivoire"],"acf":[],"yoast_head":"<!-- This site is optimized with the Yoast SEO Premium plugin v25.3.1 (Yoast SEO v25.3.1) - https:\/\/yoast.com\/wordpress\/plugins\/seo\/ -->\n<title>Poursuivre Guillaume Soro peut-il racheter la CPI ? - JusticeInfo.net<\/title>\n<meta name=\"robots\" content=\"index, follow, max-snippet:-1, max-image-preview:large, max-video-preview:-1\" \/>\n<link rel=\"canonical\" href=\"https:\/\/www.justiceinfo.net\/fr\/44312-poursuivre-guillaume-soro-peut-il-racheter-la-cpi.html\" \/>\n<meta property=\"og:locale\" content=\"fr_FR\" \/>\n<meta property=\"og:type\" content=\"article\" \/>\n<meta property=\"og:title\" content=\"Poursuivre Guillaume Soro peut-il racheter la CPI ?\" \/>\n<meta property=\"og:description\" content=\"Guillaume Soro, ancien chef rebelle devenu premier ministre de C\u00f4te d&#039;Ivoire, et candidat notoire \u00e0 l&#039;\u00e9lection pr\u00e9sidentielle d&#039;octobre, a \u00e9t\u00e9 condamn\u00e9 \u00e0 20 ans de prison par un tribunal ivoirien pour corruption. De nombreux signes indiquent que son jugement par contumace est politiquement motiv\u00e9. Mais la fragilisation de Soro donne \u00e0 la Cour p\u00e9nale internationale [&hellip;]\" \/>\n<meta property=\"og:url\" content=\"https:\/\/www.justiceinfo.net\/fr\/44312-poursuivre-guillaume-soro-peut-il-racheter-la-cpi.html\" \/>\n<meta property=\"og:site_name\" content=\"JusticeInfo.net\" \/>\n<meta property=\"article:publisher\" content=\"https:\/\/www.facebook.com\/JusticeInfo\/\" \/>\n<meta property=\"article:published_time\" content=\"2020-05-19T04:30:09+00:00\" \/>\n<meta property=\"og:image\" content=\"https:\/\/www.justiceinfo.net\/wp-content\/uploads\/990e31bca26aff3adb844af5f5ef640a.jpg\" \/>\n\t<meta property=\"og:image:width\" content=\"1200\" \/>\n\t<meta property=\"og:image:height\" content=\"760\" \/>\n\t<meta property=\"og:image:type\" content=\"image\/jpeg\" \/>\n<meta name=\"author\" content=\"Marco Bocchese\" \/>\n<meta name=\"twitter:card\" content=\"summary_large_image\" \/>\n<meta name=\"twitter:creator\" content=\"@justiceinfonet\" \/>\n<meta name=\"twitter:site\" content=\"@justiceinfonet\" \/>\n<meta name=\"twitter:label1\" content=\"\u00c9crit par\" \/>\n\t<meta name=\"twitter:data1\" content=\"Marco Bocchese\" \/>\n\t<meta name=\"twitter:label2\" content=\"Dur\u00e9e de lecture estim\u00e9e\" \/>\n\t<meta name=\"twitter:data2\" content=\"7 minutes\" \/>\n<script type=\"application\/ld+json\" class=\"yoast-schema-graph\">{\"@context\":\"https:\/\/schema.org\",\"@graph\":[{\"@type\":\"NewsArticle\",\"@id\":\"https:\/\/www.justiceinfo.net\/fr\/44312-poursuivre-guillaume-soro-peut-il-racheter-la-cpi.html#article\",\"isPartOf\":{\"@id\":\"https:\/\/www.justiceinfo.net\/fr\/44312-poursuivre-guillaume-soro-peut-il-racheter-la-cpi.html\"},\"author\":{\"name\":\"solivri\",\"@id\":\"https:\/\/www.justiceinfo.net\/fr#\/schema\/person\/6e53cba1629e2e66f3fc1821d3091865\"},\"headline\":\"Poursuivre Guillaume Soro peut-il racheter la CPI ?\",\"datePublished\":\"2020-05-19T04:30:09+00:00\",\"mainEntityOfPage\":{\"@id\":\"https:\/\/www.justiceinfo.net\/fr\/44312-poursuivre-guillaume-soro-peut-il-racheter-la-cpi.html\"},\"wordCount\":1574,\"commentCount\":0,\"publisher\":{\"@id\":\"https:\/\/www.justiceinfo.net\/fr#organization\"},\"image\":{\"@id\":\"https:\/\/www.justiceinfo.net\/fr\/44312-poursuivre-guillaume-soro-peut-il-racheter-la-cpi.html#primaryimage\"},\"thumbnailUrl\":\"https:\/\/www.justiceinfo.net\/wp-content\/uploads\/990e31bca26aff3adb844af5f5ef640a.jpg\",\"articleSection\":[\"Opinions\"],\"inLanguage\":\"fr-FR\",\"potentialAction\":[{\"@type\":\"CommentAction\",\"name\":\"Comment\",\"target\":[\"https:\/\/www.justiceinfo.net\/fr\/44312-poursuivre-guillaume-soro-peut-il-racheter-la-cpi.html#respond\"]}]},{\"@type\":\"WebPage\",\"@id\":\"https:\/\/www.justiceinfo.net\/fr\/44312-poursuivre-guillaume-soro-peut-il-racheter-la-cpi.html\",\"url\":\"https:\/\/www.justiceinfo.net\/fr\/44312-poursuivre-guillaume-soro-peut-il-racheter-la-cpi.html\",\"name\":\"Poursuivre Guillaume Soro peut-il racheter la CPI ? - JusticeInfo.net\",\"isPartOf\":{\"@id\":\"https:\/\/www.justiceinfo.net\/fr#website\"},\"primaryImageOfPage\":{\"@id\":\"https:\/\/www.justiceinfo.net\/fr\/44312-poursuivre-guillaume-soro-peut-il-racheter-la-cpi.html#primaryimage\"},\"image\":{\"@id\":\"https:\/\/www.justiceinfo.net\/fr\/44312-poursuivre-guillaume-soro-peut-il-racheter-la-cpi.html#primaryimage\"},\"thumbnailUrl\":\"https:\/\/www.justiceinfo.net\/wp-content\/uploads\/990e31bca26aff3adb844af5f5ef640a.jpg\",\"datePublished\":\"2020-05-19T04:30:09+00:00\",\"breadcrumb\":{\"@id\":\"https:\/\/www.justiceinfo.net\/fr\/44312-poursuivre-guillaume-soro-peut-il-racheter-la-cpi.html#breadcrumb\"},\"inLanguage\":\"fr-FR\",\"potentialAction\":[{\"@type\":\"ReadAction\",\"target\":[\"https:\/\/www.justiceinfo.net\/fr\/44312-poursuivre-guillaume-soro-peut-il-racheter-la-cpi.html\"]}]},{\"@type\":\"ImageObject\",\"inLanguage\":\"fr-FR\",\"@id\":\"https:\/\/www.justiceinfo.net\/fr\/44312-poursuivre-guillaume-soro-peut-il-racheter-la-cpi.html#primaryimage\",\"url\":\"https:\/\/www.justiceinfo.net\/wp-content\/uploads\/990e31bca26aff3adb844af5f5ef640a.jpg\",\"contentUrl\":\"https:\/\/www.justiceinfo.net\/wp-content\/uploads\/990e31bca26aff3adb844af5f5ef640a.jpg\",\"width\":1200,\"height\":760},{\"@type\":\"BreadcrumbList\",\"@id\":\"https:\/\/www.justiceinfo.net\/fr\/44312-poursuivre-guillaume-soro-peut-il-racheter-la-cpi.html#breadcrumb\",\"itemListElement\":[{\"@type\":\"ListItem\",\"position\":1,\"name\":\"Home\",\"item\":\"https:\/\/www.justiceinfo.net\/fr\"},{\"@type\":\"ListItem\",\"position\":2,\"name\":\"Poursuivre Guillaume Soro peut-il racheter la CPI ?\"}]},{\"@type\":\"WebSite\",\"@id\":\"https:\/\/www.justiceinfo.net\/fr#website\",\"url\":\"https:\/\/www.justiceinfo.net\/fr\",\"name\":\"JusticeInfo.net\",\"description\":\"La justice doit \u00eatre vue pour \u00eatre rendue\",\"publisher\":{\"@id\":\"https:\/\/www.justiceinfo.net\/fr#organization\"},\"potentialAction\":[{\"@type\":\"SearchAction\",\"target\":{\"@type\":\"EntryPoint\",\"urlTemplate\":\"https:\/\/www.justiceinfo.net\/fr?s={search_term_string}\"},\"query-input\":{\"@type\":\"PropertyValueSpecification\",\"valueRequired\":true,\"valueName\":\"search_term_string\"}}],\"inLanguage\":\"fr-FR\"},{\"@type\":\"Organization\",\"@id\":\"https:\/\/www.justiceinfo.net\/fr#organization\",\"name\":\"Justice Info\",\"url\":\"https:\/\/www.justiceinfo.net\/fr\",\"logo\":{\"@type\":\"ImageObject\",\"inLanguage\":\"fr-FR\",\"@id\":\"https:\/\/www.justiceinfo.net\/fr#\/schema\/logo\/image\/\",\"url\":\"https:\/\/www.justiceinfo.net\/wp-content\/uploads\/justiceinfo_logo-trans_1200x1200px.png\",\"contentUrl\":\"https:\/\/www.justiceinfo.net\/wp-content\/uploads\/justiceinfo_logo-trans_1200x1200px.png\",\"width\":1199,\"height\":1200,\"caption\":\"Justice Info\"},\"image\":{\"@id\":\"https:\/\/www.justiceinfo.net\/fr#\/schema\/logo\/image\/\"},\"sameAs\":[\"https:\/\/www.facebook.com\/JusticeInfo\/\",\"https:\/\/x.com\/justiceinfonet\",\"https:\/\/www.linkedin.com\/company\/justice-info\",\"https:\/\/www.youtube.com\/channel\/UCyCEsARodyuWtkWyhn-e7pA\"]},{\"@type\":\"Person\",\"name\":\"Marco Bocchese\",\"url\":\"\/fr\/?s=Marco Bocchese\"}]}<\/script>\n<!-- \/ Yoast SEO Premium plugin. -->","yoast_head_json":{"title":"Poursuivre Guillaume Soro peut-il racheter la CPI ? - JusticeInfo.net","robots":{"index":"index","follow":"follow","max-snippet":"max-snippet:-1","max-image-preview":"max-image-preview:large","max-video-preview":"max-video-preview:-1"},"canonical":"https:\/\/www.justiceinfo.net\/fr\/44312-poursuivre-guillaume-soro-peut-il-racheter-la-cpi.html","og_locale":"fr_FR","og_type":"article","og_title":"Poursuivre Guillaume Soro peut-il racheter la CPI ?","og_description":"Guillaume Soro, ancien chef rebelle devenu premier ministre de C\u00f4te d'Ivoire, et candidat notoire \u00e0 l'\u00e9lection pr\u00e9sidentielle d'octobre, a \u00e9t\u00e9 condamn\u00e9 \u00e0 20 ans de prison par un tribunal ivoirien pour corruption. De nombreux signes indiquent que son jugement par contumace est politiquement motiv\u00e9. Mais la fragilisation de Soro donne \u00e0 la Cour p\u00e9nale internationale [&hellip;]","og_url":"https:\/\/www.justiceinfo.net\/fr\/44312-poursuivre-guillaume-soro-peut-il-racheter-la-cpi.html","og_site_name":"JusticeInfo.net","article_publisher":"https:\/\/www.facebook.com\/JusticeInfo\/","article_published_time":"2020-05-19T04:30:09+00:00","og_image":[{"width":1200,"height":760,"url":"https:\/\/www.justiceinfo.net\/wp-content\/uploads\/990e31bca26aff3adb844af5f5ef640a.jpg","type":"image\/jpeg"}],"author":"Marco Bocchese","twitter_card":"summary_large_image","twitter_creator":"@justiceinfonet","twitter_site":"@justiceinfonet","twitter_misc":{"\u00c9crit par":"Marco Bocchese","Dur\u00e9e de lecture estim\u00e9e":"7 minutes"},"schema":{"@context":"https:\/\/schema.org","@graph":[{"@type":"NewsArticle","@id":"https:\/\/www.justiceinfo.net\/fr\/44312-poursuivre-guillaume-soro-peut-il-racheter-la-cpi.html#article","isPartOf":{"@id":"https:\/\/www.justiceinfo.net\/fr\/44312-poursuivre-guillaume-soro-peut-il-racheter-la-cpi.html"},"author":{"name":"solivri","@id":"https:\/\/www.justiceinfo.net\/fr#\/schema\/person\/6e53cba1629e2e66f3fc1821d3091865"},"headline":"Poursuivre Guillaume Soro peut-il racheter la CPI ?","datePublished":"2020-05-19T04:30:09+00:00","mainEntityOfPage":{"@id":"https:\/\/www.justiceinfo.net\/fr\/44312-poursuivre-guillaume-soro-peut-il-racheter-la-cpi.html"},"wordCount":1574,"commentCount":0,"publisher":{"@id":"https:\/\/www.justiceinfo.net\/fr#organization"},"image":{"@id":"https:\/\/www.justiceinfo.net\/fr\/44312-poursuivre-guillaume-soro-peut-il-racheter-la-cpi.html#primaryimage"},"thumbnailUrl":"https:\/\/www.justiceinfo.net\/wp-content\/uploads\/990e31bca26aff3adb844af5f5ef640a.jpg","articleSection":["Opinions"],"inLanguage":"fr-FR","potentialAction":[{"@type":"CommentAction","name":"Comment","target":["https:\/\/www.justiceinfo.net\/fr\/44312-poursuivre-guillaume-soro-peut-il-racheter-la-cpi.html#respond"]}]},{"@type":"WebPage","@id":"https:\/\/www.justiceinfo.net\/fr\/44312-poursuivre-guillaume-soro-peut-il-racheter-la-cpi.html","url":"https:\/\/www.justiceinfo.net\/fr\/44312-poursuivre-guillaume-soro-peut-il-racheter-la-cpi.html","name":"Poursuivre Guillaume Soro peut-il racheter la CPI ? - JusticeInfo.net","isPartOf":{"@id":"https:\/\/www.justiceinfo.net\/fr#website"},"primaryImageOfPage":{"@id":"https:\/\/www.justiceinfo.net\/fr\/44312-poursuivre-guillaume-soro-peut-il-racheter-la-cpi.html#primaryimage"},"image":{"@id":"https:\/\/www.justiceinfo.net\/fr\/44312-poursuivre-guillaume-soro-peut-il-racheter-la-cpi.html#primaryimage"},"thumbnailUrl":"https:\/\/www.justiceinfo.net\/wp-content\/uploads\/990e31bca26aff3adb844af5f5ef640a.jpg","datePublished":"2020-05-19T04:30:09+00:00","breadcrumb":{"@id":"https:\/\/www.justiceinfo.net\/fr\/44312-poursuivre-guillaume-soro-peut-il-racheter-la-cpi.html#breadcrumb"},"inLanguage":"fr-FR","potentialAction":[{"@type":"ReadAction","target":["https:\/\/www.justiceinfo.net\/fr\/44312-poursuivre-guillaume-soro-peut-il-racheter-la-cpi.html"]}]},{"@type":"ImageObject","inLanguage":"fr-FR","@id":"https:\/\/www.justiceinfo.net\/fr\/44312-poursuivre-guillaume-soro-peut-il-racheter-la-cpi.html#primaryimage","url":"https:\/\/www.justiceinfo.net\/wp-content\/uploads\/990e31bca26aff3adb844af5f5ef640a.jpg","contentUrl":"https:\/\/www.justiceinfo.net\/wp-content\/uploads\/990e31bca26aff3adb844af5f5ef640a.jpg","width":1200,"height":760},{"@type":"BreadcrumbList","@id":"https:\/\/www.justiceinfo.net\/fr\/44312-poursuivre-guillaume-soro-peut-il-racheter-la-cpi.html#breadcrumb","itemListElement":[{"@type":"ListItem","position":1,"name":"Home","item":"https:\/\/www.justiceinfo.net\/fr"},{"@type":"ListItem","position":2,"name":"Poursuivre Guillaume Soro peut-il racheter la CPI ?"}]},{"@type":"WebSite","@id":"https:\/\/www.justiceinfo.net\/fr#website","url":"https:\/\/www.justiceinfo.net\/fr","name":"JusticeInfo.net","description":"La justice doit \u00eatre vue pour \u00eatre rendue","publisher":{"@id":"https:\/\/www.justiceinfo.net\/fr#organization"},"potentialAction":[{"@type":"SearchAction","target":{"@type":"EntryPoint","urlTemplate":"https:\/\/www.justiceinfo.net\/fr?s={search_term_string}"},"query-input":{"@type":"PropertyValueSpecification","valueRequired":true,"valueName":"search_term_string"}}],"inLanguage":"fr-FR"},{"@type":"Organization","@id":"https:\/\/www.justiceinfo.net\/fr#organization","name":"Justice Info","url":"https:\/\/www.justiceinfo.net\/fr","logo":{"@type":"ImageObject","inLanguage":"fr-FR","@id":"https:\/\/www.justiceinfo.net\/fr#\/schema\/logo\/image\/","url":"https:\/\/www.justiceinfo.net\/wp-content\/uploads\/justiceinfo_logo-trans_1200x1200px.png","contentUrl":"https:\/\/www.justiceinfo.net\/wp-content\/uploads\/justiceinfo_logo-trans_1200x1200px.png","width":1199,"height":1200,"caption":"Justice Info"},"image":{"@id":"https:\/\/www.justiceinfo.net\/fr#\/schema\/logo\/image\/"},"sameAs":["https:\/\/www.facebook.com\/JusticeInfo\/","https:\/\/x.com\/justiceinfonet","https:\/\/www.linkedin.com\/company\/justice-info","https:\/\/www.youtube.com\/channel\/UCyCEsARodyuWtkWyhn-e7pA"]},{"@type":"Person","name":"Marco Bocchese","url":"\/fr\/?s=Marco Bocchese"}]}},"_links":{"self":[{"href":"https:\/\/www.justiceinfo.net\/fr\/wp-json\/wp\/v2\/posts\/44312","targetHints":{"allow":["GET"]}}],"collection":[{"href":"https:\/\/www.justiceinfo.net\/fr\/wp-json\/wp\/v2\/posts"}],"about":[{"href":"https:\/\/www.justiceinfo.net\/fr\/wp-json\/wp\/v2\/types\/post"}],"author":[{"embeddable":true,"href":"https:\/\/www.justiceinfo.net\/fr\/wp-json\/wp\/v2\/users\/64"}],"replies":[{"embeddable":true,"href":"https:\/\/www.justiceinfo.net\/fr\/wp-json\/wp\/v2\/comments?post=44312"}],"version-history":[{"count":0,"href":"https:\/\/www.justiceinfo.net\/fr\/wp-json\/wp\/v2\/posts\/44312\/revisions"}],"wp:featuredmedia":[{"embeddable":true,"href":"https:\/\/www.justiceinfo.net\/fr\/wp-json\/wp\/v2\/media\/61972"}],"wp:attachment":[{"href":"https:\/\/www.justiceinfo.net\/fr\/wp-json\/wp\/v2\/media?parent=44312"}],"wp:term":[{"taxonomy":"category","embeddable":true,"href":"https:\/\/www.justiceinfo.net\/fr\/wp-json\/wp\/v2\/categories?post=44312"},{"taxonomy":"post_tag","embeddable":true,"href":"https:\/\/www.justiceinfo.net\/fr\/wp-json\/wp\/v2\/tags?post=44312"},{"taxonomy":"ji_location","embeddable":true,"href":"https:\/\/www.justiceinfo.net\/fr\/wp-json\/wp\/v2\/ji_location?post=44312"}],"curies":[{"name":"wp","href":"https:\/\/api.w.org\/{rel}","templated":true}]}}