{"id":4443,"date":"2004-02-09T00:00:00","date_gmt":"2004-02-08T23:00:00","guid":{"rendered":"https:\/\/www.justiceinfo.net\/4443-09022004-tpirmilitaires-i-un-temoin-de-lassassinat-des-casques-bleus-belges-a-la-barre1233.html"},"modified":"2004-02-09T00:00:00","modified_gmt":"2004-02-08T23:00:00","slug":"09022004-tpirmilitaires-i-un-temoin-de-lassassinat-des-casques-bleus-belges-a-la-barre1233","status":"publish","type":"post","link":"https:\/\/www.justiceinfo.net\/fr\/4443-09022004-tpirmilitaires-i-un-temoin-de-lassassinat-des-casques-bleus-belges-a-la-barre1233.html","title":{"rendered":"09.02.2004 - TPIR\/MILITAIRES I - UN TEMOIN DE l'ASSASSINAT DES CASQUES BLEUS BELGES A LA BARRE"},"content":{"rendered":"<p  >\nArusha, le 9 f\u00e9vrier 2004 (FH) - Un militaire des ex-Forces arm\u00e9es rwandaises (FAR) a d\u00e9clar\u00e9 avoir \u00e9t\u00e9 t\u00e9moin de l'assassinat des casques bleus belges en avril 1994, lors de sa d\u00e9position lundi devant le Tribunal p\u00e9nal international pour le Rwanda (TPIR).\n<\/p>\n<p  >\nD\u00e9nomm\u00e9 \"XAF\" pour des raisons de s\u00e9curit\u00e9, le t\u00e9moin a \u00e9t\u00e9 cit\u00e9 par le procureur dans le proc\u00e8s de quatre hauts grad\u00e9s des ex-FAR, dont l'ancien directeur de cabinet au minist\u00e8re de la d\u00e9fense, le colonel Th\u00e9oneste Bagosora.\n<\/p>\n<p><!--more--><\/p>\n<p  >\nl'acte D'accusation indique notamment que d\u00e8s le d\u00e9but de l'ann\u00e9e 1994, des casques bleus belges qui se trouvaient au Rwanda avaient \u00e9t\u00e9 cibl\u00e9s et provoqu\u00e9s par des milices locales. Apr\u00e8s la mort du pr\u00e9sident Habyarimana, le 6 avril 1994, des Belges envoy\u00e9s pour prot\u00e9ger le premier ministre Agathe Uwilingiyimana ont \u00e9t\u00e9 d\u00e9sarm\u00e9s, arr\u00eat\u00e9s, conduits au camp militaire de Kigali et assassin\u00e9s. Ceci a pr\u00e9cipit\u00e9 le retrait du contingent belge de la Mission des Nations Unies pour l'assistance au Rwanda (MINUAR). Apr\u00e8s ce retrait, l'ONU a consid\u00e9rablement r\u00e9duit les effectifs de cette force de maintien de la paix.\n<\/p>\n<p  >\nLe t\u00e9moin XAF a d\u00e9clar\u00e9 qu'\u00e0 son arriv\u00e9e sur les lieux, il avait vu deux corps \u00e9tendus par terre ainsi que cinq soldats blancs debout implorant le pardon des bless\u00e9s de guerre qui les battaient avec des b\u00e9quilles m\u00e9talliques.\n<\/p>\n<p  >\nIl a ajout\u00e9 qu'un des militaires belges avait tent\u00e9 de prendre la fuite mais qu'il avait \u00e9t\u00e9 abattu par un soldat rwandais qui montait la garde \u00e0 l'entr\u00e9e du camp. Au total, dix militaires belges de la MINUAR ont \u00e9t\u00e9 assassin\u00e9s le 7 avril 1994 au camp Kigali.\n<\/p>\n<p  >\nLe t\u00e9moin, qui \u00e9tait membre du bataillon de reconnaissance, a indiqu\u00e9 que les militaires belges ont \u00e9t\u00e9 tu\u00e9s par des \u00e9l\u00e9ments de l'unit\u00e9 \"quartier g\u00e9n\u00e9ral\". Cette unit\u00e9 \u00e9tait charg\u00e9e de la logistique au sein de l'arm\u00e9e rwandaise.\n<\/p>\n<p  >\nIl a rapport\u00e9 qu'il avait entendu que les casques bleus belges avaient \u00e9t\u00e9 tu\u00e9s parce que les militaires rwandais pensaient qu'ils \u00e9taient responsables de l'attentat contre l'avion du pr\u00e9sident Habyarimana.\n<\/p>\n<p  >\nLe quaranti\u00e8me t\u00e9moin \u00e0 charge dans cette affaire a indiqu\u00e9 qu'il avait vu certains officiers assister \u00e0 la sc\u00e8ne sans toutefois intervenir. Le t\u00e9moin a cit\u00e9 nomm\u00e9ment le major Bernard Ntuyahaga, le capitaine Ndangurura et le lieutenant Munana.\n<\/p>\n<p  >\nAncien responsable de la logistique \u00e0 l'Etat major de l'arm\u00e9e rwandaise, le major Ntuyahaga s'est rendu au TPIR en 1998 mais il a \u00e9t\u00e9 relax\u00e9 l'ann\u00e9e suivante apr\u00e8s que le parquet e\u00fbt renonc\u00e9 \u00e0 le poursuivre. Il est depuis lors d\u00e9tenu en Tanzanie en attendant l'issue D'une demande rwandaise D'extradition.\n<\/p>\n<p  >\nLors du contre-interrogatoire par Me Paul Skolnik, le co-conseil canadien de Bagosora, le t\u00e9moin a reconnu que personne n'aurait pu emp\u00eacher les bless\u00e9s de guerre de tuer ces militaires belges, car la situation \u00e9tait hors de tout contr\u00f4le.\n<\/p>\n<p  >\n\"Personne n'aurait pu les en emp\u00eacher, si quelqu'un s'\u00e9tait interpos\u00e9, ils auraient tir\u00e9 sur lui\", a-t-il dit.\n<\/p>\n<p  >\nBagosora est coaccus\u00e9 avec l'ancien commandant de la r\u00e9gion militaire de Gisenyi (ouest du Rwanda), le lieutenant-colonel Anatole Nsengiyumva, l'ancien responsable des op\u00e9rations \u00e0 l'Etat-major de l'arm\u00e9e, le g\u00e9n\u00e9ral de brigade Gratien Kabiligi, ainsi que l'ancien commandant du bataillon para-commando de Kigali, le major Aloys Ntabakuze. Tous plaident non coupable.\n<\/p>\n<p  >\nLeur proc\u00e8s se d\u00e9roule devant la premi\u00e8re chambre de premi\u00e8re instance du TPIR pr\u00e9sid\u00e9e par le juge norv\u00e9gien Erik Mose, assist\u00e9 des juges russe Serguei Egorov et fidjien Jai Ram Reddy.\n<\/p>\n<p  >\nAT\/SV\/GF\/FH (Ml''0209A)<\/p>\n","protected":false},"excerpt":{"rendered":"<p>Arusha, le 9 f\u00e9vrier 2004 (FH) - Un militaire des ex-Forces arm\u00e9es rwandaises (FAR) a d\u00e9clar\u00e9 avoir \u00e9t\u00e9 t\u00e9moin de l'assassinat des casques bleus belges en avril 1994, lors de sa d\u00e9position lundi devant le Tribunal p\u00e9nal international pour le Rwanda (TPIR). D\u00e9nomm\u00e9 \"XAF\" pour des raisons de s\u00e9curit\u00e9, le t\u00e9moin a \u00e9t\u00e9 cit\u00e9 par [&hellip;]<\/p>\n","protected":false},"author":64,"featured_media":0,"comment_status":"open","ping_status":"closed","sticky":false,"template":"","format":"standard","meta":{"_acf_changed":false,"footnotes":""},"categories":[554],"tags":[],"ji_location":[],"class_list":["post-4443","post","type-post","status-publish","format-standard","hentry","category-hirondellenews"],"acf":[],"yoast_head":"<!-- This site is optimized with the Yoast SEO Premium plugin v25.3.1 (Yoast SEO v25.3.1) - https:\/\/yoast.com\/wordpress\/plugins\/seo\/ -->\n<title>09.02.2004 - TPIR\/MILITAIRES I - UN TEMOIN DE l&#039;ASSASSINAT DES CASQUES BLEUS BELGES A LA BARRE - JusticeInfo.net<\/title>\n<meta name=\"robots\" content=\"index, follow, max-snippet:-1, max-image-preview:large, max-video-preview:-1\" \/>\n<link rel=\"canonical\" href=\"https:\/\/www.justiceinfo.net\/fr\/4443-09022004-tpirmilitaires-i-un-temoin-de-lassassinat-des-casques-bleus-belges-a-la-barre1233.html\" \/>\n<meta property=\"og:locale\" content=\"fr_FR\" \/>\n<meta property=\"og:type\" content=\"article\" \/>\n<meta property=\"og:title\" content=\"09.02.2004 - TPIR\/MILITAIRES I - UN TEMOIN DE l&#039;ASSASSINAT DES CASQUES BLEUS BELGES A LA BARRE\" \/>\n<meta property=\"og:description\" content=\"Arusha, le 9 f\u00e9vrier 2004 (FH) - Un militaire des ex-Forces arm\u00e9es rwandaises (FAR) a d\u00e9clar\u00e9 avoir \u00e9t\u00e9 t\u00e9moin de l&#039;assassinat des casques bleus belges en avril 1994, lors de sa d\u00e9position lundi devant le Tribunal p\u00e9nal international pour le Rwanda (TPIR). D\u00e9nomm\u00e9 &quot;XAF&quot; pour des raisons de s\u00e9curit\u00e9, le t\u00e9moin a \u00e9t\u00e9 cit\u00e9 par [&hellip;]\" \/>\n<meta property=\"og:url\" content=\"https:\/\/www.justiceinfo.net\/fr\/4443-09022004-tpirmilitaires-i-un-temoin-de-lassassinat-des-casques-bleus-belges-a-la-barre1233.html\" \/>\n<meta property=\"og:site_name\" content=\"JusticeInfo.net\" \/>\n<meta property=\"article:publisher\" content=\"https:\/\/www.facebook.com\/JusticeInfo\/\" \/>\n<meta property=\"article:published_time\" content=\"2004-02-08T23:00:00+00:00\" \/>\n<meta property=\"og:image\" content=\"https:\/\/www.justiceinfo.net\/wp-content\/uploads\/JusticeInfoNet_logo_1200x630px.jpg\" \/>\n\t<meta property=\"og:image:width\" content=\"1200\" \/>\n\t<meta property=\"og:image:height\" content=\"630\" \/>\n\t<meta property=\"og:image:type\" content=\"image\/jpeg\" \/>\n<meta name=\"author\" content=\"solivri\" \/>\n<meta name=\"twitter:card\" content=\"summary_large_image\" \/>\n<meta name=\"twitter:creator\" content=\"@justiceinfonet\" \/>\n<meta name=\"twitter:site\" content=\"@justiceinfonet\" \/>\n<meta name=\"twitter:label1\" content=\"\u00c9crit par\" \/>\n\t<meta name=\"twitter:data1\" content=\"solivri\" \/>\n\t<meta name=\"twitter:label2\" content=\"Dur\u00e9e de lecture estim\u00e9e\" \/>\n\t<meta name=\"twitter:data2\" content=\"3 minutes\" \/>\n<script type=\"application\/ld+json\" class=\"yoast-schema-graph\">{\"@context\":\"https:\/\/schema.org\",\"@graph\":[{\"@type\":\"NewsArticle\",\"@id\":\"https:\/\/www.justiceinfo.net\/fr\/4443-09022004-tpirmilitaires-i-un-temoin-de-lassassinat-des-casques-bleus-belges-a-la-barre1233.html#article\",\"isPartOf\":{\"@id\":\"https:\/\/www.justiceinfo.net\/fr\/4443-09022004-tpirmilitaires-i-un-temoin-de-lassassinat-des-casques-bleus-belges-a-la-barre1233.html\"},\"author\":{\"name\":\"solivri\",\"@id\":\"https:\/\/www.justiceinfo.net\/fr#\/schema\/person\/6e53cba1629e2e66f3fc1821d3091865\"},\"headline\":\"09.02.2004 - TPIR\/MILITAIRES I - UN TEMOIN DE l'ASSASSINAT DES CASQUES BLEUS BELGES A LA BARRE\",\"datePublished\":\"2004-02-08T23:00:00+00:00\",\"mainEntityOfPage\":{\"@id\":\"https:\/\/www.justiceinfo.net\/fr\/4443-09022004-tpirmilitaires-i-un-temoin-de-lassassinat-des-casques-bleus-belges-a-la-barre1233.html\"},\"wordCount\":672,\"commentCount\":0,\"publisher\":{\"@id\":\"https:\/\/www.justiceinfo.net\/fr#organization\"},\"articleSection\":[\"Hirondelle News\"],\"inLanguage\":\"fr-FR\",\"potentialAction\":[{\"@type\":\"CommentAction\",\"name\":\"Comment\",\"target\":[\"https:\/\/www.justiceinfo.net\/fr\/4443-09022004-tpirmilitaires-i-un-temoin-de-lassassinat-des-casques-bleus-belges-a-la-barre1233.html#respond\"]}]},{\"@type\":\"WebPage\",\"@id\":\"https:\/\/www.justiceinfo.net\/fr\/4443-09022004-tpirmilitaires-i-un-temoin-de-lassassinat-des-casques-bleus-belges-a-la-barre1233.html\",\"url\":\"https:\/\/www.justiceinfo.net\/fr\/4443-09022004-tpirmilitaires-i-un-temoin-de-lassassinat-des-casques-bleus-belges-a-la-barre1233.html\",\"name\":\"09.02.2004 - TPIR\/MILITAIRES I - UN TEMOIN DE l'ASSASSINAT DES CASQUES BLEUS BELGES A LA BARRE - JusticeInfo.net\",\"isPartOf\":{\"@id\":\"https:\/\/www.justiceinfo.net\/fr#website\"},\"datePublished\":\"2004-02-08T23:00:00+00:00\",\"breadcrumb\":{\"@id\":\"https:\/\/www.justiceinfo.net\/fr\/4443-09022004-tpirmilitaires-i-un-temoin-de-lassassinat-des-casques-bleus-belges-a-la-barre1233.html#breadcrumb\"},\"inLanguage\":\"fr-FR\",\"potentialAction\":[{\"@type\":\"ReadAction\",\"target\":[\"https:\/\/www.justiceinfo.net\/fr\/4443-09022004-tpirmilitaires-i-un-temoin-de-lassassinat-des-casques-bleus-belges-a-la-barre1233.html\"]}]},{\"@type\":\"BreadcrumbList\",\"@id\":\"https:\/\/www.justiceinfo.net\/fr\/4443-09022004-tpirmilitaires-i-un-temoin-de-lassassinat-des-casques-bleus-belges-a-la-barre1233.html#breadcrumb\",\"itemListElement\":[{\"@type\":\"ListItem\",\"position\":1,\"name\":\"Home\",\"item\":\"https:\/\/www.justiceinfo.net\/fr\"},{\"@type\":\"ListItem\",\"position\":2,\"name\":\"09.02.2004 - TPIR\/MILITAIRES I - UN TEMOIN DE l'ASSASSINAT DES CASQUES BLEUS BELGES A LA BARRE\"}]},{\"@type\":\"WebSite\",\"@id\":\"https:\/\/www.justiceinfo.net\/fr#website\",\"url\":\"https:\/\/www.justiceinfo.net\/fr\",\"name\":\"JusticeInfo.net\",\"description\":\"La justice doit \u00eatre vue pour \u00eatre rendue\",\"publisher\":{\"@id\":\"https:\/\/www.justiceinfo.net\/fr#organization\"},\"potentialAction\":[{\"@type\":\"SearchAction\",\"target\":{\"@type\":\"EntryPoint\",\"urlTemplate\":\"https:\/\/www.justiceinfo.net\/fr?s={search_term_string}\"},\"query-input\":{\"@type\":\"PropertyValueSpecification\",\"valueRequired\":true,\"valueName\":\"search_term_string\"}}],\"inLanguage\":\"fr-FR\"},{\"@type\":\"Organization\",\"@id\":\"https:\/\/www.justiceinfo.net\/fr#organization\",\"name\":\"Justice Info\",\"url\":\"https:\/\/www.justiceinfo.net\/fr\",\"logo\":{\"@type\":\"ImageObject\",\"inLanguage\":\"fr-FR\",\"@id\":\"https:\/\/www.justiceinfo.net\/fr#\/schema\/logo\/image\/\",\"url\":\"https:\/\/www.justiceinfo.net\/wp-content\/uploads\/justiceinfo_logo-trans_1200x1200px.png\",\"contentUrl\":\"https:\/\/www.justiceinfo.net\/wp-content\/uploads\/justiceinfo_logo-trans_1200x1200px.png\",\"width\":1199,\"height\":1200,\"caption\":\"Justice Info\"},\"image\":{\"@id\":\"https:\/\/www.justiceinfo.net\/fr#\/schema\/logo\/image\/\"},\"sameAs\":[\"https:\/\/www.facebook.com\/JusticeInfo\/\",\"https:\/\/x.com\/justiceinfonet\",\"https:\/\/www.linkedin.com\/company\/justice-info\",\"https:\/\/www.youtube.com\/channel\/UCyCEsARodyuWtkWyhn-e7pA\"]},{\"@type\":\"Person\",\"name\":\"solivri\",\"url\":\"\/fr\/?s=solivri\"}]}<\/script>\n<!-- \/ Yoast SEO Premium plugin. -->","yoast_head_json":{"title":"09.02.2004 - TPIR\/MILITAIRES I - UN TEMOIN DE l'ASSASSINAT DES CASQUES BLEUS BELGES A LA BARRE - JusticeInfo.net","robots":{"index":"index","follow":"follow","max-snippet":"max-snippet:-1","max-image-preview":"max-image-preview:large","max-video-preview":"max-video-preview:-1"},"canonical":"https:\/\/www.justiceinfo.net\/fr\/4443-09022004-tpirmilitaires-i-un-temoin-de-lassassinat-des-casques-bleus-belges-a-la-barre1233.html","og_locale":"fr_FR","og_type":"article","og_title":"09.02.2004 - TPIR\/MILITAIRES I - UN TEMOIN DE l'ASSASSINAT DES CASQUES BLEUS BELGES A LA BARRE","og_description":"Arusha, le 9 f\u00e9vrier 2004 (FH) - Un militaire des ex-Forces arm\u00e9es rwandaises (FAR) a d\u00e9clar\u00e9 avoir \u00e9t\u00e9 t\u00e9moin de l'assassinat des casques bleus belges en avril 1994, lors de sa d\u00e9position lundi devant le Tribunal p\u00e9nal international pour le Rwanda (TPIR). D\u00e9nomm\u00e9 \"XAF\" pour des raisons de s\u00e9curit\u00e9, le t\u00e9moin a \u00e9t\u00e9 cit\u00e9 par [&hellip;]","og_url":"https:\/\/www.justiceinfo.net\/fr\/4443-09022004-tpirmilitaires-i-un-temoin-de-lassassinat-des-casques-bleus-belges-a-la-barre1233.html","og_site_name":"JusticeInfo.net","article_publisher":"https:\/\/www.facebook.com\/JusticeInfo\/","article_published_time":"2004-02-08T23:00:00+00:00","og_image":[{"width":1200,"height":630,"url":"https:\/\/www.justiceinfo.net\/wp-content\/uploads\/JusticeInfoNet_logo_1200x630px.jpg","type":"image\/jpeg"}],"author":"solivri","twitter_card":"summary_large_image","twitter_creator":"@justiceinfonet","twitter_site":"@justiceinfonet","twitter_misc":{"\u00c9crit par":"solivri","Dur\u00e9e de lecture estim\u00e9e":"3 minutes"},"schema":{"@context":"https:\/\/schema.org","@graph":[{"@type":"NewsArticle","@id":"https:\/\/www.justiceinfo.net\/fr\/4443-09022004-tpirmilitaires-i-un-temoin-de-lassassinat-des-casques-bleus-belges-a-la-barre1233.html#article","isPartOf":{"@id":"https:\/\/www.justiceinfo.net\/fr\/4443-09022004-tpirmilitaires-i-un-temoin-de-lassassinat-des-casques-bleus-belges-a-la-barre1233.html"},"author":{"name":"solivri","@id":"https:\/\/www.justiceinfo.net\/fr#\/schema\/person\/6e53cba1629e2e66f3fc1821d3091865"},"headline":"09.02.2004 - TPIR\/MILITAIRES I - UN TEMOIN DE l'ASSASSINAT DES CASQUES BLEUS BELGES A LA BARRE","datePublished":"2004-02-08T23:00:00+00:00","mainEntityOfPage":{"@id":"https:\/\/www.justiceinfo.net\/fr\/4443-09022004-tpirmilitaires-i-un-temoin-de-lassassinat-des-casques-bleus-belges-a-la-barre1233.html"},"wordCount":672,"commentCount":0,"publisher":{"@id":"https:\/\/www.justiceinfo.net\/fr#organization"},"articleSection":["Hirondelle News"],"inLanguage":"fr-FR","potentialAction":[{"@type":"CommentAction","name":"Comment","target":["https:\/\/www.justiceinfo.net\/fr\/4443-09022004-tpirmilitaires-i-un-temoin-de-lassassinat-des-casques-bleus-belges-a-la-barre1233.html#respond"]}]},{"@type":"WebPage","@id":"https:\/\/www.justiceinfo.net\/fr\/4443-09022004-tpirmilitaires-i-un-temoin-de-lassassinat-des-casques-bleus-belges-a-la-barre1233.html","url":"https:\/\/www.justiceinfo.net\/fr\/4443-09022004-tpirmilitaires-i-un-temoin-de-lassassinat-des-casques-bleus-belges-a-la-barre1233.html","name":"09.02.2004 - TPIR\/MILITAIRES I - UN TEMOIN DE l'ASSASSINAT DES CASQUES BLEUS BELGES A LA BARRE - JusticeInfo.net","isPartOf":{"@id":"https:\/\/www.justiceinfo.net\/fr#website"},"datePublished":"2004-02-08T23:00:00+00:00","breadcrumb":{"@id":"https:\/\/www.justiceinfo.net\/fr\/4443-09022004-tpirmilitaires-i-un-temoin-de-lassassinat-des-casques-bleus-belges-a-la-barre1233.html#breadcrumb"},"inLanguage":"fr-FR","potentialAction":[{"@type":"ReadAction","target":["https:\/\/www.justiceinfo.net\/fr\/4443-09022004-tpirmilitaires-i-un-temoin-de-lassassinat-des-casques-bleus-belges-a-la-barre1233.html"]}]},{"@type":"BreadcrumbList","@id":"https:\/\/www.justiceinfo.net\/fr\/4443-09022004-tpirmilitaires-i-un-temoin-de-lassassinat-des-casques-bleus-belges-a-la-barre1233.html#breadcrumb","itemListElement":[{"@type":"ListItem","position":1,"name":"Home","item":"https:\/\/www.justiceinfo.net\/fr"},{"@type":"ListItem","position":2,"name":"09.02.2004 - TPIR\/MILITAIRES I - UN TEMOIN DE l'ASSASSINAT DES CASQUES BLEUS BELGES A LA BARRE"}]},{"@type":"WebSite","@id":"https:\/\/www.justiceinfo.net\/fr#website","url":"https:\/\/www.justiceinfo.net\/fr","name":"JusticeInfo.net","description":"La justice doit \u00eatre vue pour \u00eatre rendue","publisher":{"@id":"https:\/\/www.justiceinfo.net\/fr#organization"},"potentialAction":[{"@type":"SearchAction","target":{"@type":"EntryPoint","urlTemplate":"https:\/\/www.justiceinfo.net\/fr?s={search_term_string}"},"query-input":{"@type":"PropertyValueSpecification","valueRequired":true,"valueName":"search_term_string"}}],"inLanguage":"fr-FR"},{"@type":"Organization","@id":"https:\/\/www.justiceinfo.net\/fr#organization","name":"Justice Info","url":"https:\/\/www.justiceinfo.net\/fr","logo":{"@type":"ImageObject","inLanguage":"fr-FR","@id":"https:\/\/www.justiceinfo.net\/fr#\/schema\/logo\/image\/","url":"https:\/\/www.justiceinfo.net\/wp-content\/uploads\/justiceinfo_logo-trans_1200x1200px.png","contentUrl":"https:\/\/www.justiceinfo.net\/wp-content\/uploads\/justiceinfo_logo-trans_1200x1200px.png","width":1199,"height":1200,"caption":"Justice Info"},"image":{"@id":"https:\/\/www.justiceinfo.net\/fr#\/schema\/logo\/image\/"},"sameAs":["https:\/\/www.facebook.com\/JusticeInfo\/","https:\/\/x.com\/justiceinfonet","https:\/\/www.linkedin.com\/company\/justice-info","https:\/\/www.youtube.com\/channel\/UCyCEsARodyuWtkWyhn-e7pA"]},{"@type":"Person","name":"solivri","url":"\/fr\/?s=solivri"}]}},"_links":{"self":[{"href":"https:\/\/www.justiceinfo.net\/fr\/wp-json\/wp\/v2\/posts\/4443","targetHints":{"allow":["GET"]}}],"collection":[{"href":"https:\/\/www.justiceinfo.net\/fr\/wp-json\/wp\/v2\/posts"}],"about":[{"href":"https:\/\/www.justiceinfo.net\/fr\/wp-json\/wp\/v2\/types\/post"}],"author":[{"embeddable":true,"href":"https:\/\/www.justiceinfo.net\/fr\/wp-json\/wp\/v2\/users\/64"}],"replies":[{"embeddable":true,"href":"https:\/\/www.justiceinfo.net\/fr\/wp-json\/wp\/v2\/comments?post=4443"}],"version-history":[{"count":0,"href":"https:\/\/www.justiceinfo.net\/fr\/wp-json\/wp\/v2\/posts\/4443\/revisions"}],"wp:attachment":[{"href":"https:\/\/www.justiceinfo.net\/fr\/wp-json\/wp\/v2\/media?parent=4443"}],"wp:term":[{"taxonomy":"category","embeddable":true,"href":"https:\/\/www.justiceinfo.net\/fr\/wp-json\/wp\/v2\/categories?post=4443"},{"taxonomy":"post_tag","embeddable":true,"href":"https:\/\/www.justiceinfo.net\/fr\/wp-json\/wp\/v2\/tags?post=4443"},{"taxonomy":"ji_location","embeddable":true,"href":"https:\/\/www.justiceinfo.net\/fr\/wp-json\/wp\/v2\/ji_location?post=4443"}],"curies":[{"name":"wp","href":"https:\/\/api.w.org\/{rel}","templated":true}]}}