{"id":4447,"date":"2004-02-06T00:00:00","date_gmt":"2004-02-05T23:00:00","guid":{"rendered":"https:\/\/www.justiceinfo.net\/4447-06022004-tpirmilitaires-larmee-rwandaise-a-participe-aux-massacres-dans-la-capitale-selon-u1237.html"},"modified":"2004-02-06T00:00:00","modified_gmt":"2004-02-05T23:00:00","slug":"06022004-tpirmilitaires-larmee-rwandaise-a-participe-aux-massacres-dans-la-capitale-selon-u1237","status":"publish","type":"post","link":"https:\/\/www.justiceinfo.net\/fr\/4447-06022004-tpirmilitaires-larmee-rwandaise-a-participe-aux-massacres-dans-la-capitale-selon-u1237.html","title":{"rendered":"06.02.2004 - TPIR\/MILITAIRES - l'ARMEE RWANDAISE A PARTICIPE AUX MASSACRES DANS LA CAPITALE, SELON U"},"content":{"rendered":"<p  >\nArusha 6 f\u00e9vrier 2004 (FH) - Un t\u00e9moin entendu vendredi par le Tribunal p\u00e9nal international pour le Rwanda (TPIR) a affirm\u00e9 que l'arm\u00e9e rwandaise a particip\u00e9 aux massacres dans la ville de Kigali, la capitale, et ses environs en 1994.\n<\/p>\n<p  >\nD\u00e9nomm\u00e9 \"DCB\" pour pr\u00e9server son anonymat, le t\u00e9moin, un ancien membre des ex-Forces arm\u00e9es rwandaises (FAR) t\u00e9moignait \u00e0 charge dans le proc\u00e8s dit \" Militaires I\" dans lequel compara\u00eet le colonel Th\u00e9oneste Bagosora, pr\u00e9sent\u00e9 par le parquet comme \" le cerveau\" du g\u00e9nocide.\n<\/p>\n<p><!--more--><\/p>\n<p  >\nSelon DCB, des personnes ont \u00e9t\u00e9 tu\u00e9es par l'arm\u00e9e dans les quartiers de Remera et Kimihurura dans la ville de Kigali et \u00e0 Rubilizi, dans les environs de la capitale. Le t\u00e9moin a mis en cause des unit\u00e9s D'\u00e9lite comme le bataillon de reconnaissance, le bataillon para- commando et la garde pr\u00e9sidentielle (GP).\n<\/p>\n<p  >\nLe 39\u00e8me t\u00e9moin de l'accusation a indiqu\u00e9 que m\u00eame le premier ministre Agathe Uwilingiyimana a \u00e9t\u00e9 tu\u00e9e par des militaires. Agathe Uwingiyimana a \u00e9t\u00e9 tu\u00e9e \u00e0 son domicile le 7 avril 1994 par des \u00e9l\u00e9ments du bataillon de reconnaissance et de la garde pr\u00e9sidentielle, a-t-il affirm\u00e9.\n<\/p>\n<p  >\nOutre le premier ministre, l'arm\u00e9e a assassin\u00e9 plusieurs autres personnalit\u00e9s, parmi lesquelles le pr\u00e9sident de la Cour constitutionnelle, Joseph Kavaruganda, a dit le t\u00e9moin.\n<\/p>\n<p  >\n\"J'ai re\u00e7u des informations selon lesquelles des personnalit\u00e9s avaient \u00e9t\u00e9 tu\u00e9es : Joseph Kavaruganda, Landoald Ndasingwa (ministre du travail et des affaires sociales), F\u00e9licien Ngango (qui devait \u00eatre pr\u00e9sident l'assembl\u00e9e nationale de transition) et Fr\u00e9d\u00e9ric Nzamurambaho (ministre de l'agriculture)\", a racont\u00e9 DCB.\n<\/p>\n<p  >\nA la question de savoir pourquoi ces personnalit\u00e9s ont \u00e9t\u00e9 tu\u00e9es, il a r\u00e9pondu : \" On disait que les membres de l'opposition \u00e9taient des alli\u00e9s du FPR\". Il a par ailleurs indiqu\u00e9 avoir vu de ses propres yeux la d\u00e9pouille du ministre de l'information, Faustin Rucogoza, dans une tranch\u00e9e \u00e0 l'entr\u00e9e du camp de la garde pr\u00e9sidentielle \u00e0 Kimihurura.\n<\/p>\n<p  >\nLe t\u00e9moin a encore indiqu\u00e9 avoir vu, ce jour-l\u00e0, le colonel Bagosora, en uniforme, entrer au camp de la garde pr\u00e9sidentielle et se diriger vers le bureau du commandant. l'ex-commandant de la garde pr\u00e9sidentielle, Protais Mpiranya, est recherch\u00e9 par le TPIR.\n<\/p>\n<p  >\nLe g\u00e9n\u00e9ral canadien Rom\u00e9o Dallaire, qui commandait la Mission des Nations unies pour l'assistance au Rwanda (MINUAR), a d\u00e9clar\u00e9 le mois dernier devant le TPIR, que le 7 avril 1994, Bagosora pr\u00e9sidait une r\u00e9union \u00e0 l'Etat- major.\n<\/p>\n<p  >\nLe t\u00e9moin a en outre affirm\u00e9 avoir vu des miliciens Interahamwe entrer au bureau du commandant du camp de la garde pr\u00e9sidentielle et en sortir avec des armes. \"Ils \u00e9taient dans des v\u00e9hicule pick-up et ne portaient pas D'armes quand ils sont entr\u00e9s. A leur retour, ils \u00e9taient arm\u00e9s\", a t-il d\u00e9clar\u00e9.\n<\/p>\n<p  >\nEn le contre- interrogeant, l'avocat martiniquais du colonel Bagosora, Me Rapha\u00ebl Constant, lui a fait remarquer que sa d\u00e9position repose sur l'ou\u00ef-dire.\n<\/p>\n<p  >\nBagosora compara\u00eet avec l'ancien responsable des op\u00e9rations militaires \u00e0 l'Etat major de l'arm\u00e9e, le g\u00e9n\u00e9ral de brigade Gratien Kabiligi, l'ancien commandant de la r\u00e9gion militaire de Gisenyi (ouest du Rwanda), le lieutenant-colonel Anatole Nsengiyumva, ainsi que l'ancien commandant du bataillon para-commando de Kanombe (Kigali), le major Aloys Ntabakuze.\n<\/p>\n<p  >\nAccus\u00e9s de g\u00e9nocide, crimes contre l'humanit\u00e9 et crimes guerre, tous plaident non coupable.\n<\/p>\n<p  >\nLe proc\u00e8s se d\u00e9roule devant la premi\u00e8re chambre de premi\u00e8re instance du TPIR pr\u00e9sid\u00e9e par le juge norv\u00e9gien Erik Mose et comprenant en outre le Russe Serguei Egorov et le Fidjien Jai Ram Reddy.\n<\/p>\n<p  >\nER\/SV\/AT\/GF\/FH(Ml''0206A)<\/p>\n","protected":false},"excerpt":{"rendered":"<p>Arusha 6 f\u00e9vrier 2004 (FH) - Un t\u00e9moin entendu vendredi par le Tribunal p\u00e9nal international pour le Rwanda (TPIR) a affirm\u00e9 que l'arm\u00e9e rwandaise a particip\u00e9 aux massacres dans la ville de Kigali, la capitale, et ses environs en 1994. D\u00e9nomm\u00e9 \"DCB\" pour pr\u00e9server son anonymat, le t\u00e9moin, un ancien membre des ex-Forces arm\u00e9es rwandaises [&hellip;]<\/p>\n","protected":false},"author":64,"featured_media":0,"comment_status":"open","ping_status":"closed","sticky":false,"template":"","format":"standard","meta":{"_acf_changed":false,"footnotes":""},"categories":[554],"tags":[],"ji_location":[],"class_list":["post-4447","post","type-post","status-publish","format-standard","hentry","category-hirondellenews"],"acf":[],"yoast_head":"<!-- This site is optimized with the Yoast SEO Premium plugin v25.3.1 (Yoast SEO v25.3.1) - https:\/\/yoast.com\/wordpress\/plugins\/seo\/ -->\n<title>06.02.2004 - TPIR\/MILITAIRES - l&#039;ARMEE RWANDAISE A PARTICIPE AUX MASSACRES DANS LA CAPITALE, SELON U - JusticeInfo.net<\/title>\n<meta name=\"robots\" content=\"index, follow, max-snippet:-1, max-image-preview:large, max-video-preview:-1\" \/>\n<link rel=\"canonical\" href=\"https:\/\/www.justiceinfo.net\/fr\/4447-06022004-tpirmilitaires-larmee-rwandaise-a-participe-aux-massacres-dans-la-capitale-selon-u1237.html\" \/>\n<meta property=\"og:locale\" content=\"fr_FR\" \/>\n<meta property=\"og:type\" content=\"article\" \/>\n<meta property=\"og:title\" content=\"06.02.2004 - TPIR\/MILITAIRES - l&#039;ARMEE RWANDAISE A PARTICIPE AUX MASSACRES DANS LA CAPITALE, SELON U\" \/>\n<meta property=\"og:description\" content=\"Arusha 6 f\u00e9vrier 2004 (FH) - Un t\u00e9moin entendu vendredi par le Tribunal p\u00e9nal international pour le Rwanda (TPIR) a affirm\u00e9 que l&#039;arm\u00e9e rwandaise a particip\u00e9 aux massacres dans la ville de Kigali, la capitale, et ses environs en 1994. D\u00e9nomm\u00e9 &quot;DCB&quot; pour pr\u00e9server son anonymat, le t\u00e9moin, un ancien membre des ex-Forces arm\u00e9es rwandaises [&hellip;]\" \/>\n<meta property=\"og:url\" content=\"https:\/\/www.justiceinfo.net\/fr\/4447-06022004-tpirmilitaires-larmee-rwandaise-a-participe-aux-massacres-dans-la-capitale-selon-u1237.html\" \/>\n<meta property=\"og:site_name\" content=\"JusticeInfo.net\" \/>\n<meta property=\"article:publisher\" content=\"https:\/\/www.facebook.com\/JusticeInfo\/\" \/>\n<meta property=\"article:published_time\" content=\"2004-02-05T23:00:00+00:00\" \/>\n<meta property=\"og:image\" content=\"https:\/\/www.justiceinfo.net\/wp-content\/uploads\/JusticeInfoNet_logo_1200x630px.jpg\" \/>\n\t<meta property=\"og:image:width\" content=\"1200\" \/>\n\t<meta property=\"og:image:height\" content=\"630\" \/>\n\t<meta property=\"og:image:type\" content=\"image\/jpeg\" \/>\n<meta name=\"author\" content=\"solivri\" \/>\n<meta name=\"twitter:card\" content=\"summary_large_image\" \/>\n<meta name=\"twitter:creator\" content=\"@justiceinfonet\" \/>\n<meta name=\"twitter:site\" content=\"@justiceinfonet\" \/>\n<meta name=\"twitter:label1\" content=\"\u00c9crit par\" \/>\n\t<meta name=\"twitter:data1\" content=\"solivri\" \/>\n\t<meta name=\"twitter:label2\" content=\"Dur\u00e9e de lecture estim\u00e9e\" \/>\n\t<meta name=\"twitter:data2\" content=\"3 minutes\" \/>\n<script type=\"application\/ld+json\" class=\"yoast-schema-graph\">{\"@context\":\"https:\/\/schema.org\",\"@graph\":[{\"@type\":\"NewsArticle\",\"@id\":\"https:\/\/www.justiceinfo.net\/fr\/4447-06022004-tpirmilitaires-larmee-rwandaise-a-participe-aux-massacres-dans-la-capitale-selon-u1237.html#article\",\"isPartOf\":{\"@id\":\"https:\/\/www.justiceinfo.net\/fr\/4447-06022004-tpirmilitaires-larmee-rwandaise-a-participe-aux-massacres-dans-la-capitale-selon-u1237.html\"},\"author\":{\"name\":\"solivri\",\"@id\":\"https:\/\/www.justiceinfo.net\/fr#\/schema\/person\/6e53cba1629e2e66f3fc1821d3091865\"},\"headline\":\"06.02.2004 - TPIR\/MILITAIRES - l'ARMEE RWANDAISE A PARTICIPE AUX MASSACRES DANS LA CAPITALE, SELON U\",\"datePublished\":\"2004-02-05T23:00:00+00:00\",\"mainEntityOfPage\":{\"@id\":\"https:\/\/www.justiceinfo.net\/fr\/4447-06022004-tpirmilitaires-larmee-rwandaise-a-participe-aux-massacres-dans-la-capitale-selon-u1237.html\"},\"wordCount\":660,\"commentCount\":0,\"publisher\":{\"@id\":\"https:\/\/www.justiceinfo.net\/fr#organization\"},\"articleSection\":[\"Hirondelle News\"],\"inLanguage\":\"fr-FR\",\"potentialAction\":[{\"@type\":\"CommentAction\",\"name\":\"Comment\",\"target\":[\"https:\/\/www.justiceinfo.net\/fr\/4447-06022004-tpirmilitaires-larmee-rwandaise-a-participe-aux-massacres-dans-la-capitale-selon-u1237.html#respond\"]}]},{\"@type\":\"WebPage\",\"@id\":\"https:\/\/www.justiceinfo.net\/fr\/4447-06022004-tpirmilitaires-larmee-rwandaise-a-participe-aux-massacres-dans-la-capitale-selon-u1237.html\",\"url\":\"https:\/\/www.justiceinfo.net\/fr\/4447-06022004-tpirmilitaires-larmee-rwandaise-a-participe-aux-massacres-dans-la-capitale-selon-u1237.html\",\"name\":\"06.02.2004 - TPIR\/MILITAIRES - l'ARMEE RWANDAISE A PARTICIPE AUX MASSACRES DANS LA CAPITALE, SELON U - JusticeInfo.net\",\"isPartOf\":{\"@id\":\"https:\/\/www.justiceinfo.net\/fr#website\"},\"datePublished\":\"2004-02-05T23:00:00+00:00\",\"breadcrumb\":{\"@id\":\"https:\/\/www.justiceinfo.net\/fr\/4447-06022004-tpirmilitaires-larmee-rwandaise-a-participe-aux-massacres-dans-la-capitale-selon-u1237.html#breadcrumb\"},\"inLanguage\":\"fr-FR\",\"potentialAction\":[{\"@type\":\"ReadAction\",\"target\":[\"https:\/\/www.justiceinfo.net\/fr\/4447-06022004-tpirmilitaires-larmee-rwandaise-a-participe-aux-massacres-dans-la-capitale-selon-u1237.html\"]}]},{\"@type\":\"BreadcrumbList\",\"@id\":\"https:\/\/www.justiceinfo.net\/fr\/4447-06022004-tpirmilitaires-larmee-rwandaise-a-participe-aux-massacres-dans-la-capitale-selon-u1237.html#breadcrumb\",\"itemListElement\":[{\"@type\":\"ListItem\",\"position\":1,\"name\":\"Home\",\"item\":\"https:\/\/www.justiceinfo.net\/fr\"},{\"@type\":\"ListItem\",\"position\":2,\"name\":\"06.02.2004 - TPIR\/MILITAIRES - l'ARMEE RWANDAISE A PARTICIPE AUX MASSACRES DANS LA CAPITALE, SELON U\"}]},{\"@type\":\"WebSite\",\"@id\":\"https:\/\/www.justiceinfo.net\/fr#website\",\"url\":\"https:\/\/www.justiceinfo.net\/fr\",\"name\":\"JusticeInfo.net\",\"description\":\"La justice doit \u00eatre vue pour \u00eatre rendue\",\"publisher\":{\"@id\":\"https:\/\/www.justiceinfo.net\/fr#organization\"},\"potentialAction\":[{\"@type\":\"SearchAction\",\"target\":{\"@type\":\"EntryPoint\",\"urlTemplate\":\"https:\/\/www.justiceinfo.net\/fr?s={search_term_string}\"},\"query-input\":{\"@type\":\"PropertyValueSpecification\",\"valueRequired\":true,\"valueName\":\"search_term_string\"}}],\"inLanguage\":\"fr-FR\"},{\"@type\":\"Organization\",\"@id\":\"https:\/\/www.justiceinfo.net\/fr#organization\",\"name\":\"Justice Info\",\"url\":\"https:\/\/www.justiceinfo.net\/fr\",\"logo\":{\"@type\":\"ImageObject\",\"inLanguage\":\"fr-FR\",\"@id\":\"https:\/\/www.justiceinfo.net\/fr#\/schema\/logo\/image\/\",\"url\":\"https:\/\/www.justiceinfo.net\/wp-content\/uploads\/justiceinfo_logo-trans_1200x1200px.png\",\"contentUrl\":\"https:\/\/www.justiceinfo.net\/wp-content\/uploads\/justiceinfo_logo-trans_1200x1200px.png\",\"width\":1199,\"height\":1200,\"caption\":\"Justice Info\"},\"image\":{\"@id\":\"https:\/\/www.justiceinfo.net\/fr#\/schema\/logo\/image\/\"},\"sameAs\":[\"https:\/\/www.facebook.com\/JusticeInfo\/\",\"https:\/\/x.com\/justiceinfonet\",\"https:\/\/www.linkedin.com\/company\/justice-info\",\"https:\/\/www.youtube.com\/channel\/UCyCEsARodyuWtkWyhn-e7pA\"]},{\"@type\":\"Person\",\"name\":\"solivri\",\"url\":\"\/fr\/?s=solivri\"}]}<\/script>\n<!-- \/ Yoast SEO Premium plugin. -->","yoast_head_json":{"title":"06.02.2004 - TPIR\/MILITAIRES - l'ARMEE RWANDAISE A PARTICIPE AUX MASSACRES DANS LA CAPITALE, SELON U - JusticeInfo.net","robots":{"index":"index","follow":"follow","max-snippet":"max-snippet:-1","max-image-preview":"max-image-preview:large","max-video-preview":"max-video-preview:-1"},"canonical":"https:\/\/www.justiceinfo.net\/fr\/4447-06022004-tpirmilitaires-larmee-rwandaise-a-participe-aux-massacres-dans-la-capitale-selon-u1237.html","og_locale":"fr_FR","og_type":"article","og_title":"06.02.2004 - TPIR\/MILITAIRES - l'ARMEE RWANDAISE A PARTICIPE AUX MASSACRES DANS LA CAPITALE, SELON U","og_description":"Arusha 6 f\u00e9vrier 2004 (FH) - Un t\u00e9moin entendu vendredi par le Tribunal p\u00e9nal international pour le Rwanda (TPIR) a affirm\u00e9 que l'arm\u00e9e rwandaise a particip\u00e9 aux massacres dans la ville de Kigali, la capitale, et ses environs en 1994. D\u00e9nomm\u00e9 \"DCB\" pour pr\u00e9server son anonymat, le t\u00e9moin, un ancien membre des ex-Forces arm\u00e9es rwandaises [&hellip;]","og_url":"https:\/\/www.justiceinfo.net\/fr\/4447-06022004-tpirmilitaires-larmee-rwandaise-a-participe-aux-massacres-dans-la-capitale-selon-u1237.html","og_site_name":"JusticeInfo.net","article_publisher":"https:\/\/www.facebook.com\/JusticeInfo\/","article_published_time":"2004-02-05T23:00:00+00:00","og_image":[{"width":1200,"height":630,"url":"https:\/\/www.justiceinfo.net\/wp-content\/uploads\/JusticeInfoNet_logo_1200x630px.jpg","type":"image\/jpeg"}],"author":"solivri","twitter_card":"summary_large_image","twitter_creator":"@justiceinfonet","twitter_site":"@justiceinfonet","twitter_misc":{"\u00c9crit par":"solivri","Dur\u00e9e de lecture estim\u00e9e":"3 minutes"},"schema":{"@context":"https:\/\/schema.org","@graph":[{"@type":"NewsArticle","@id":"https:\/\/www.justiceinfo.net\/fr\/4447-06022004-tpirmilitaires-larmee-rwandaise-a-participe-aux-massacres-dans-la-capitale-selon-u1237.html#article","isPartOf":{"@id":"https:\/\/www.justiceinfo.net\/fr\/4447-06022004-tpirmilitaires-larmee-rwandaise-a-participe-aux-massacres-dans-la-capitale-selon-u1237.html"},"author":{"name":"solivri","@id":"https:\/\/www.justiceinfo.net\/fr#\/schema\/person\/6e53cba1629e2e66f3fc1821d3091865"},"headline":"06.02.2004 - TPIR\/MILITAIRES - l'ARMEE RWANDAISE A PARTICIPE AUX MASSACRES DANS LA CAPITALE, SELON U","datePublished":"2004-02-05T23:00:00+00:00","mainEntityOfPage":{"@id":"https:\/\/www.justiceinfo.net\/fr\/4447-06022004-tpirmilitaires-larmee-rwandaise-a-participe-aux-massacres-dans-la-capitale-selon-u1237.html"},"wordCount":660,"commentCount":0,"publisher":{"@id":"https:\/\/www.justiceinfo.net\/fr#organization"},"articleSection":["Hirondelle News"],"inLanguage":"fr-FR","potentialAction":[{"@type":"CommentAction","name":"Comment","target":["https:\/\/www.justiceinfo.net\/fr\/4447-06022004-tpirmilitaires-larmee-rwandaise-a-participe-aux-massacres-dans-la-capitale-selon-u1237.html#respond"]}]},{"@type":"WebPage","@id":"https:\/\/www.justiceinfo.net\/fr\/4447-06022004-tpirmilitaires-larmee-rwandaise-a-participe-aux-massacres-dans-la-capitale-selon-u1237.html","url":"https:\/\/www.justiceinfo.net\/fr\/4447-06022004-tpirmilitaires-larmee-rwandaise-a-participe-aux-massacres-dans-la-capitale-selon-u1237.html","name":"06.02.2004 - TPIR\/MILITAIRES - l'ARMEE RWANDAISE A PARTICIPE AUX MASSACRES DANS LA CAPITALE, SELON U - JusticeInfo.net","isPartOf":{"@id":"https:\/\/www.justiceinfo.net\/fr#website"},"datePublished":"2004-02-05T23:00:00+00:00","breadcrumb":{"@id":"https:\/\/www.justiceinfo.net\/fr\/4447-06022004-tpirmilitaires-larmee-rwandaise-a-participe-aux-massacres-dans-la-capitale-selon-u1237.html#breadcrumb"},"inLanguage":"fr-FR","potentialAction":[{"@type":"ReadAction","target":["https:\/\/www.justiceinfo.net\/fr\/4447-06022004-tpirmilitaires-larmee-rwandaise-a-participe-aux-massacres-dans-la-capitale-selon-u1237.html"]}]},{"@type":"BreadcrumbList","@id":"https:\/\/www.justiceinfo.net\/fr\/4447-06022004-tpirmilitaires-larmee-rwandaise-a-participe-aux-massacres-dans-la-capitale-selon-u1237.html#breadcrumb","itemListElement":[{"@type":"ListItem","position":1,"name":"Home","item":"https:\/\/www.justiceinfo.net\/fr"},{"@type":"ListItem","position":2,"name":"06.02.2004 - TPIR\/MILITAIRES - l'ARMEE RWANDAISE A PARTICIPE AUX MASSACRES DANS LA CAPITALE, SELON U"}]},{"@type":"WebSite","@id":"https:\/\/www.justiceinfo.net\/fr#website","url":"https:\/\/www.justiceinfo.net\/fr","name":"JusticeInfo.net","description":"La justice doit \u00eatre vue pour \u00eatre rendue","publisher":{"@id":"https:\/\/www.justiceinfo.net\/fr#organization"},"potentialAction":[{"@type":"SearchAction","target":{"@type":"EntryPoint","urlTemplate":"https:\/\/www.justiceinfo.net\/fr?s={search_term_string}"},"query-input":{"@type":"PropertyValueSpecification","valueRequired":true,"valueName":"search_term_string"}}],"inLanguage":"fr-FR"},{"@type":"Organization","@id":"https:\/\/www.justiceinfo.net\/fr#organization","name":"Justice Info","url":"https:\/\/www.justiceinfo.net\/fr","logo":{"@type":"ImageObject","inLanguage":"fr-FR","@id":"https:\/\/www.justiceinfo.net\/fr#\/schema\/logo\/image\/","url":"https:\/\/www.justiceinfo.net\/wp-content\/uploads\/justiceinfo_logo-trans_1200x1200px.png","contentUrl":"https:\/\/www.justiceinfo.net\/wp-content\/uploads\/justiceinfo_logo-trans_1200x1200px.png","width":1199,"height":1200,"caption":"Justice Info"},"image":{"@id":"https:\/\/www.justiceinfo.net\/fr#\/schema\/logo\/image\/"},"sameAs":["https:\/\/www.facebook.com\/JusticeInfo\/","https:\/\/x.com\/justiceinfonet","https:\/\/www.linkedin.com\/company\/justice-info","https:\/\/www.youtube.com\/channel\/UCyCEsARodyuWtkWyhn-e7pA"]},{"@type":"Person","name":"solivri","url":"\/fr\/?s=solivri"}]}},"_links":{"self":[{"href":"https:\/\/www.justiceinfo.net\/fr\/wp-json\/wp\/v2\/posts\/4447","targetHints":{"allow":["GET"]}}],"collection":[{"href":"https:\/\/www.justiceinfo.net\/fr\/wp-json\/wp\/v2\/posts"}],"about":[{"href":"https:\/\/www.justiceinfo.net\/fr\/wp-json\/wp\/v2\/types\/post"}],"author":[{"embeddable":true,"href":"https:\/\/www.justiceinfo.net\/fr\/wp-json\/wp\/v2\/users\/64"}],"replies":[{"embeddable":true,"href":"https:\/\/www.justiceinfo.net\/fr\/wp-json\/wp\/v2\/comments?post=4447"}],"version-history":[{"count":0,"href":"https:\/\/www.justiceinfo.net\/fr\/wp-json\/wp\/v2\/posts\/4447\/revisions"}],"wp:attachment":[{"href":"https:\/\/www.justiceinfo.net\/fr\/wp-json\/wp\/v2\/media?parent=4447"}],"wp:term":[{"taxonomy":"category","embeddable":true,"href":"https:\/\/www.justiceinfo.net\/fr\/wp-json\/wp\/v2\/categories?post=4447"},{"taxonomy":"post_tag","embeddable":true,"href":"https:\/\/www.justiceinfo.net\/fr\/wp-json\/wp\/v2\/tags?post=4447"},{"taxonomy":"ji_location","embeddable":true,"href":"https:\/\/www.justiceinfo.net\/fr\/wp-json\/wp\/v2\/ji_location?post=4447"}],"curies":[{"name":"wp","href":"https:\/\/api.w.org\/{rel}","templated":true}]}}