{"id":44514,"date":"2020-06-09T16:33:01","date_gmt":"2020-06-09T14:33:01","guid":{"rendered":"https:\/\/www.justiceinfo.net\/44514-ali-kosheib-cpi-enfin-premier-proces-crimes-darfour.html"},"modified":"2020-06-09T16:33:01","modified_gmt":"2020-06-09T14:33:01","slug":"ali-kosheib-cpi-enfin-premier-proces-crimes-darfour","status":"publish","type":"post","link":"https:\/\/www.justiceinfo.net\/fr\/44514-ali-kosheib-cpi-enfin-premier-proces-crimes-darfour.html","title":{"rendered":"Ali Kosheib \u00e0 la CPI : enfin, le premier proc\u00e8s des crimes du Darfour ?"},"content":{"rendered":"<p><strong><em>Ce soir mardi 9 juin, le Soudanais Ali Muhammad Ali Abd\u2013Al-Rahman alias \u00ab Ali Kosheib \u00bb, va passer sa premi\u00e8re nuit dans la prison hollandaise de Scheveningen, o\u00f9 il a \u00e9t\u00e9 transf\u00e9r\u00e9 en ex\u00e9cution d\u2019un mandat d\u2019arr\u00eat\u00a0 de la Cour p\u00e9nale internationale (CPI) d\u00e9livr\u00e9 en avril 2007. L\u2019ancien chef de milices Janjawids, poursuivi pour des massacres commis au Darfour en 2003 et 2004, s\u2019est selon la CPI \u00ab rendu volontairement en R\u00e9publique centrafricaine \u00bb, d\u2019o\u00f9 il est parti ce matin. Ce quatri\u00e8me suspect soudanais \u00e0 compara\u00eetre devant la CPI (apr\u00e8s Bahr Idriss Abu Garda dont les charges n\u2019ont pas \u00e9t\u00e9 confirm\u00e9es, Saleh Mohammed Jerbo qui est d\u00e9c\u00e9d\u00e9, et Abdallah Banda Abakaer Nourain port\u00e9 disparu) devrait \u00eatre le premier \u00e0 y \u00eatre jug\u00e9 pour les atrocit\u00e9s commises au Darfour. Kosheib est un subalterne. Ses \u2018sup\u00e9rieurs\u2019 \u00e0 l\u2019\u00e9poque, l'ancien chef du bureau Darfour au minist\u00e8re de l\u2019Int\u00e9rieur Ahmad Haroun, l'ex-ministre de la D\u00e9fense Abdulreheem Hussein et l'ancien pr\u00e9sident Omar Al-Bashir, demand\u00e9s eux aussi par la CPI pour crimes de guerre et crimes contre l\u2019humanit\u00e9, sont actuellement d\u00e9tenus au Soudan, et poursuivis pour corruption, principalement. C\u2019est en 2005 que le bureau du procureur de la CPI, saisie par le Conseil de s\u00e9curit\u00e9 des Nations unies, a ouvert ses enqu\u00eates sur la situation au Darfour, qui aurait fait 300 000 morts et 2,7 millions de d\u00e9plac\u00e9s selon les Nations unies, depuis le d\u00e9but du conflit, en 2003.<\/em><\/strong><\/p>\n<p><!--more--><\/p>\n<p>Ali Kosheib, chef des milices Janjawid recherch\u00e9 depuis 2007, est d\u00e9tenu par la Cour p\u00e9nale internationale (CPI) pour des crimes de guerre et crimes contre l'humanit\u00e9 pr\u00e9sum\u00e9s commis au Darfour, a annonc\u00e9 mardi la Cour.<\/p>\n<p>M. Kosheib, qui serait n\u00e9 en 1957, est un ancien proche du pr\u00e9sident soudanais d\u00e9chu Omar el-B\u00e9chir, lui aussi recherch\u00e9 par la CPI et actuellement d\u00e9tenu \u00e0 Khartoum.<\/p>\n<p>Ali Kosheib \"est d\u00e9sormais d\u00e9tenu par la CPI apr\u00e8s s'\u00eatre rendu volontairement en R\u00e9publique centrafricaine\", indique un communiqu\u00e9 de la Cour bas\u00e9e \u00e0 La Haye.<\/p>\n<p>\"Nous avons \u00e9t\u00e9 officiellement inform\u00e9s de l'arriv\u00e9e de Kosheib au si\u00e8ge de la CPI \u00e0 La Haye\", a pr\u00e9cis\u00e9 mardi un haut responsable soudanais aupr\u00e8s de l'AFP.<\/p>\n<p>Selon ce responsable, M. Kosheib a \u00e9t\u00e9 transf\u00e9r\u00e9 au centre de d\u00e9tention de la Cour situ\u00e9 \u00e0 La Haye.<\/p>\n<p>M. Kosheib, qui faisait l'objet d'un mandat d'arr\u00eat de la CPI depuis 2007, est accus\u00e9 de 50 chefs de crimes contre l'humanit\u00e9 et crimes de guerres qui auraient \u00e9t\u00e9 commis dans le cadre du conflit au Darfour entre 2003 et 2004, dont meurtres, viols, pillages et tortures.<\/p>\n<p>Cette r\u00e9gion de l'ouest du Soudan a \u00e9t\u00e9 le th\u00e9\u00e2tre \u00e0 partir de 2003 d'une guerre civile, marqu\u00e9e par des atrocit\u00e9s des milices arabes pro-r\u00e9gime Janjawid.<\/p>\n<p>M. Kosheib \"aurait personnellement particip\u00e9 \u00e0 certaines des attaques lanc\u00e9es entre ao\u00fbt 2003 et mars 2004 contre des civils\", a indiqu\u00e9 la CPI.<\/p>\n<h3>\"Jour historique\"<\/h3>\n<p>L'ONG Human Rights Watch (HRW) a salu\u00e9 l'arrestation de M. Kosheib, \u00e9voquant un \"jour historique\" pour les victimes \"des atrocit\u00e9s commises \u00e0 travers le Darfour\".<\/p>\n<p>\"Le monde a regard\u00e9 avec horreur le gouvernement soudanais mener des attaques brutales contre des civils au Darfour, tuant, violant, incendiant et pillant des villages\", a d\u00e9clar\u00e9 dans un communiqu\u00e9 Elise Keppler, directrice adjointe du programme Justice internationale de HRW.<\/p>\n<p>Cette arrestation contribue selon elle \u00e0 rendre tangible l'espoir des victimes et de leurs familles d'obtenir justice.<\/p>\n<p>La CPI a notamment remerci\u00e9 les autorit\u00e9s centrafricaines et la Mission des nations unies en Centrafrique (Minusca) \"pour leur soutien et coop\u00e9ration lors de l'arrestation\".<\/p>\n<p>\"La premi\u00e8re comparution de M. Kosheib\" devant la CPI \"aura lieu dans les meilleurs d\u00e9lais\", a pr\u00e9cis\u00e9 la Cour, fond\u00e9e en 2002 pour juger des pires atrocit\u00e9s commises dans le monde.<\/p>\n<p>Depuis le d\u00e9but du conflit ayant \u00e9clat\u00e9 au Darfour en 2003 entre le pouvoir central et des insurg\u00e9s issus de minorit\u00e9s ethniques, 300.000 personnes ont \u00e9t\u00e9 tu\u00e9es et des millions d\u00e9plac\u00e9es, selon l'ONU.<\/p>\n<p>En plus d'Omar el-B\u00e9chir, trois autres suspects sont toujours recherch\u00e9s par la CPI, dans le cadre de son enqu\u00eate sur la situation au Darfour, ouverte en 2005 apr\u00e8s le renvoi du Conseil de s\u00e9curit\u00e9 de l'ONU.<\/p>\n","protected":false},"excerpt":{"rendered":"<p>Ce soir mardi 9 juin, le Soudanais Ali Muhammad Ali Abd\u2013Al-Rahman alias \u00ab Ali Kosheib \u00bb, va passer sa premi\u00e8re nuit dans la prison hollandaise de Scheveningen, o\u00f9 il a \u00e9t\u00e9 transf\u00e9r\u00e9 en ex\u00e9cution d\u2019un mandat d\u2019arr\u00eat\u00a0 de la Cour p\u00e9nale internationale (CPI) d\u00e9livr\u00e9 en avril 2007. L\u2019ancien chef de milices Janjawids, poursuivi pour des [&hellip;]<\/p>\n","protected":false},"author":60,"featured_media":61522,"comment_status":"open","ping_status":"closed","sticky":false,"template":"","format":"standard","meta":{"_acf_changed":false,"footnotes":""},"categories":[570],"tags":[],"ji_location":[2486],"class_list":["post-44514","post","type-post","status-publish","format-standard","has-post-thumbnail","hentry","category-cpi","ji_location-soudan"],"acf":[],"yoast_head":"<!-- This site is optimized with the Yoast SEO Premium plugin v25.3.1 (Yoast SEO v25.3.1) - https:\/\/yoast.com\/wordpress\/plugins\/seo\/ -->\n<title>Ali Kosheib \u00e0 la CPI : enfin, le premier proc\u00e8s des crimes du Darfour ? - JusticeInfo.net<\/title>\n<meta name=\"robots\" content=\"index, follow, max-snippet:-1, max-image-preview:large, max-video-preview:-1\" \/>\n<link rel=\"canonical\" href=\"https:\/\/www.justiceinfo.net\/fr\/44514-ali-kosheib-cpi-enfin-premier-proces-crimes-darfour.html\" \/>\n<meta property=\"og:locale\" content=\"fr_FR\" \/>\n<meta property=\"og:type\" content=\"article\" \/>\n<meta property=\"og:title\" content=\"Ali Kosheib \u00e0 la CPI : enfin, le premier proc\u00e8s des crimes du Darfour ?\" \/>\n<meta property=\"og:description\" content=\"Ce soir mardi 9 juin, le Soudanais Ali Muhammad Ali Abd\u2013Al-Rahman alias \u00ab Ali Kosheib \u00bb, va passer sa premi\u00e8re nuit dans la prison hollandaise de Scheveningen, o\u00f9 il a \u00e9t\u00e9 transf\u00e9r\u00e9 en ex\u00e9cution d\u2019un mandat d\u2019arr\u00eat\u00a0 de la Cour p\u00e9nale internationale (CPI) d\u00e9livr\u00e9 en avril 2007. L\u2019ancien chef de milices Janjawids, poursuivi pour des [&hellip;]\" \/>\n<meta property=\"og:url\" content=\"https:\/\/www.justiceinfo.net\/fr\/44514-ali-kosheib-cpi-enfin-premier-proces-crimes-darfour.html\" \/>\n<meta property=\"og:site_name\" content=\"JusticeInfo.net\" \/>\n<meta property=\"article:publisher\" content=\"https:\/\/www.facebook.com\/JusticeInfo\/\" \/>\n<meta property=\"article:published_time\" content=\"2020-06-09T14:33:01+00:00\" \/>\n<meta property=\"og:image\" content=\"https:\/\/www.justiceinfo.net\/wp-content\/uploads\/f96bbba117eaff608dc615638df620f2.jpg\" \/>\n\t<meta property=\"og:image:width\" content=\"1200\" \/>\n\t<meta property=\"og:image:height\" content=\"800\" \/>\n\t<meta property=\"og:image:type\" content=\"image\/jpeg\" \/>\n<meta name=\"author\" content=\"AFP\" \/>\n<meta name=\"twitter:card\" content=\"summary_large_image\" \/>\n<meta name=\"twitter:creator\" content=\"@justiceinfonet\" \/>\n<meta name=\"twitter:site\" content=\"@justiceinfonet\" \/>\n<meta name=\"twitter:label1\" content=\"\u00c9crit par\" \/>\n\t<meta name=\"twitter:data1\" content=\"AFP\" \/>\n\t<meta name=\"twitter:label2\" content=\"Dur\u00e9e de lecture estim\u00e9e\" \/>\n\t<meta name=\"twitter:data2\" content=\"4 minutes\" \/>\n<script type=\"application\/ld+json\" class=\"yoast-schema-graph\">{\"@context\":\"https:\/\/schema.org\",\"@graph\":[{\"@type\":\"NewsArticle\",\"@id\":\"https:\/\/www.justiceinfo.net\/fr\/44514-ali-kosheib-cpi-enfin-premier-proces-crimes-darfour.html#article\",\"isPartOf\":{\"@id\":\"https:\/\/www.justiceinfo.net\/fr\/44514-ali-kosheib-cpi-enfin-premier-proces-crimes-darfour.html\"},\"author\":{\"name\":\"afp\",\"@id\":\"https:\/\/www.justiceinfo.net\/fr#\/schema\/person\/713d340ef5f218fc36ce9b4244364a7f\"},\"headline\":\"Ali Kosheib \u00e0 la CPI : enfin, le premier proc\u00e8s des crimes du Darfour ?\",\"datePublished\":\"2020-06-09T14:33:01+00:00\",\"mainEntityOfPage\":{\"@id\":\"https:\/\/www.justiceinfo.net\/fr\/44514-ali-kosheib-cpi-enfin-premier-proces-crimes-darfour.html\"},\"wordCount\":754,\"commentCount\":0,\"publisher\":{\"@id\":\"https:\/\/www.justiceinfo.net\/fr#organization\"},\"image\":{\"@id\":\"https:\/\/www.justiceinfo.net\/fr\/44514-ali-kosheib-cpi-enfin-premier-proces-crimes-darfour.html#primaryimage\"},\"thumbnailUrl\":\"https:\/\/www.justiceinfo.net\/wp-content\/uploads\/f96bbba117eaff608dc615638df620f2.jpg\",\"articleSection\":[\"CPI\"],\"inLanguage\":\"fr-FR\",\"potentialAction\":[{\"@type\":\"CommentAction\",\"name\":\"Comment\",\"target\":[\"https:\/\/www.justiceinfo.net\/fr\/44514-ali-kosheib-cpi-enfin-premier-proces-crimes-darfour.html#respond\"]}]},{\"@type\":\"WebPage\",\"@id\":\"https:\/\/www.justiceinfo.net\/fr\/44514-ali-kosheib-cpi-enfin-premier-proces-crimes-darfour.html\",\"url\":\"https:\/\/www.justiceinfo.net\/fr\/44514-ali-kosheib-cpi-enfin-premier-proces-crimes-darfour.html\",\"name\":\"Ali Kosheib \u00e0 la CPI : enfin, le premier proc\u00e8s des crimes du Darfour ? - JusticeInfo.net\",\"isPartOf\":{\"@id\":\"https:\/\/www.justiceinfo.net\/fr#website\"},\"primaryImageOfPage\":{\"@id\":\"https:\/\/www.justiceinfo.net\/fr\/44514-ali-kosheib-cpi-enfin-premier-proces-crimes-darfour.html#primaryimage\"},\"image\":{\"@id\":\"https:\/\/www.justiceinfo.net\/fr\/44514-ali-kosheib-cpi-enfin-premier-proces-crimes-darfour.html#primaryimage\"},\"thumbnailUrl\":\"https:\/\/www.justiceinfo.net\/wp-content\/uploads\/f96bbba117eaff608dc615638df620f2.jpg\",\"datePublished\":\"2020-06-09T14:33:01+00:00\",\"breadcrumb\":{\"@id\":\"https:\/\/www.justiceinfo.net\/fr\/44514-ali-kosheib-cpi-enfin-premier-proces-crimes-darfour.html#breadcrumb\"},\"inLanguage\":\"fr-FR\",\"potentialAction\":[{\"@type\":\"ReadAction\",\"target\":[\"https:\/\/www.justiceinfo.net\/fr\/44514-ali-kosheib-cpi-enfin-premier-proces-crimes-darfour.html\"]}]},{\"@type\":\"ImageObject\",\"inLanguage\":\"fr-FR\",\"@id\":\"https:\/\/www.justiceinfo.net\/fr\/44514-ali-kosheib-cpi-enfin-premier-proces-crimes-darfour.html#primaryimage\",\"url\":\"https:\/\/www.justiceinfo.net\/wp-content\/uploads\/f96bbba117eaff608dc615638df620f2.jpg\",\"contentUrl\":\"https:\/\/www.justiceinfo.net\/wp-content\/uploads\/f96bbba117eaff608dc615638df620f2.jpg\",\"width\":1200,\"height\":800},{\"@type\":\"BreadcrumbList\",\"@id\":\"https:\/\/www.justiceinfo.net\/fr\/44514-ali-kosheib-cpi-enfin-premier-proces-crimes-darfour.html#breadcrumb\",\"itemListElement\":[{\"@type\":\"ListItem\",\"position\":1,\"name\":\"Home\",\"item\":\"https:\/\/www.justiceinfo.net\/fr\"},{\"@type\":\"ListItem\",\"position\":2,\"name\":\"Ali Kosheib \u00e0 la CPI : enfin, le premier proc\u00e8s des crimes du Darfour ?\"}]},{\"@type\":\"WebSite\",\"@id\":\"https:\/\/www.justiceinfo.net\/fr#website\",\"url\":\"https:\/\/www.justiceinfo.net\/fr\",\"name\":\"JusticeInfo.net\",\"description\":\"La justice doit \u00eatre vue pour \u00eatre rendue\",\"publisher\":{\"@id\":\"https:\/\/www.justiceinfo.net\/fr#organization\"},\"potentialAction\":[{\"@type\":\"SearchAction\",\"target\":{\"@type\":\"EntryPoint\",\"urlTemplate\":\"https:\/\/www.justiceinfo.net\/fr?s={search_term_string}\"},\"query-input\":{\"@type\":\"PropertyValueSpecification\",\"valueRequired\":true,\"valueName\":\"search_term_string\"}}],\"inLanguage\":\"fr-FR\"},{\"@type\":\"Organization\",\"@id\":\"https:\/\/www.justiceinfo.net\/fr#organization\",\"name\":\"Justice Info\",\"url\":\"https:\/\/www.justiceinfo.net\/fr\",\"logo\":{\"@type\":\"ImageObject\",\"inLanguage\":\"fr-FR\",\"@id\":\"https:\/\/www.justiceinfo.net\/fr#\/schema\/logo\/image\/\",\"url\":\"https:\/\/www.justiceinfo.net\/wp-content\/uploads\/justiceinfo_logo-trans_1200x1200px.png\",\"contentUrl\":\"https:\/\/www.justiceinfo.net\/wp-content\/uploads\/justiceinfo_logo-trans_1200x1200px.png\",\"width\":1199,\"height\":1200,\"caption\":\"Justice Info\"},\"image\":{\"@id\":\"https:\/\/www.justiceinfo.net\/fr#\/schema\/logo\/image\/\"},\"sameAs\":[\"https:\/\/www.facebook.com\/JusticeInfo\/\",\"https:\/\/x.com\/justiceinfonet\",\"https:\/\/www.linkedin.com\/company\/justice-info\",\"https:\/\/www.youtube.com\/channel\/UCyCEsARodyuWtkWyhn-e7pA\"]},{\"@type\":\"Person\",\"name\":\"AFP\",\"url\":\"\/fr\/?s=AFP\"}]}<\/script>\n<!-- \/ Yoast SEO Premium plugin. -->","yoast_head_json":{"title":"Ali Kosheib \u00e0 la CPI : enfin, le premier proc\u00e8s des crimes du Darfour ? - JusticeInfo.net","robots":{"index":"index","follow":"follow","max-snippet":"max-snippet:-1","max-image-preview":"max-image-preview:large","max-video-preview":"max-video-preview:-1"},"canonical":"https:\/\/www.justiceinfo.net\/fr\/44514-ali-kosheib-cpi-enfin-premier-proces-crimes-darfour.html","og_locale":"fr_FR","og_type":"article","og_title":"Ali Kosheib \u00e0 la CPI : enfin, le premier proc\u00e8s des crimes du Darfour ?","og_description":"Ce soir mardi 9 juin, le Soudanais Ali Muhammad Ali Abd\u2013Al-Rahman alias \u00ab Ali Kosheib \u00bb, va passer sa premi\u00e8re nuit dans la prison hollandaise de Scheveningen, o\u00f9 il a \u00e9t\u00e9 transf\u00e9r\u00e9 en ex\u00e9cution d\u2019un mandat d\u2019arr\u00eat\u00a0 de la Cour p\u00e9nale internationale (CPI) d\u00e9livr\u00e9 en avril 2007. L\u2019ancien chef de milices Janjawids, poursuivi pour des [&hellip;]","og_url":"https:\/\/www.justiceinfo.net\/fr\/44514-ali-kosheib-cpi-enfin-premier-proces-crimes-darfour.html","og_site_name":"JusticeInfo.net","article_publisher":"https:\/\/www.facebook.com\/JusticeInfo\/","article_published_time":"2020-06-09T14:33:01+00:00","og_image":[{"width":1200,"height":800,"url":"https:\/\/www.justiceinfo.net\/wp-content\/uploads\/f96bbba117eaff608dc615638df620f2.jpg","type":"image\/jpeg"}],"author":"AFP","twitter_card":"summary_large_image","twitter_creator":"@justiceinfonet","twitter_site":"@justiceinfonet","twitter_misc":{"\u00c9crit par":"AFP","Dur\u00e9e de lecture estim\u00e9e":"4 minutes"},"schema":{"@context":"https:\/\/schema.org","@graph":[{"@type":"NewsArticle","@id":"https:\/\/www.justiceinfo.net\/fr\/44514-ali-kosheib-cpi-enfin-premier-proces-crimes-darfour.html#article","isPartOf":{"@id":"https:\/\/www.justiceinfo.net\/fr\/44514-ali-kosheib-cpi-enfin-premier-proces-crimes-darfour.html"},"author":{"name":"afp","@id":"https:\/\/www.justiceinfo.net\/fr#\/schema\/person\/713d340ef5f218fc36ce9b4244364a7f"},"headline":"Ali Kosheib \u00e0 la CPI : enfin, le premier proc\u00e8s des crimes du Darfour ?","datePublished":"2020-06-09T14:33:01+00:00","mainEntityOfPage":{"@id":"https:\/\/www.justiceinfo.net\/fr\/44514-ali-kosheib-cpi-enfin-premier-proces-crimes-darfour.html"},"wordCount":754,"commentCount":0,"publisher":{"@id":"https:\/\/www.justiceinfo.net\/fr#organization"},"image":{"@id":"https:\/\/www.justiceinfo.net\/fr\/44514-ali-kosheib-cpi-enfin-premier-proces-crimes-darfour.html#primaryimage"},"thumbnailUrl":"https:\/\/www.justiceinfo.net\/wp-content\/uploads\/f96bbba117eaff608dc615638df620f2.jpg","articleSection":["CPI"],"inLanguage":"fr-FR","potentialAction":[{"@type":"CommentAction","name":"Comment","target":["https:\/\/www.justiceinfo.net\/fr\/44514-ali-kosheib-cpi-enfin-premier-proces-crimes-darfour.html#respond"]}]},{"@type":"WebPage","@id":"https:\/\/www.justiceinfo.net\/fr\/44514-ali-kosheib-cpi-enfin-premier-proces-crimes-darfour.html","url":"https:\/\/www.justiceinfo.net\/fr\/44514-ali-kosheib-cpi-enfin-premier-proces-crimes-darfour.html","name":"Ali Kosheib \u00e0 la CPI : enfin, le premier proc\u00e8s des crimes du Darfour ? - JusticeInfo.net","isPartOf":{"@id":"https:\/\/www.justiceinfo.net\/fr#website"},"primaryImageOfPage":{"@id":"https:\/\/www.justiceinfo.net\/fr\/44514-ali-kosheib-cpi-enfin-premier-proces-crimes-darfour.html#primaryimage"},"image":{"@id":"https:\/\/www.justiceinfo.net\/fr\/44514-ali-kosheib-cpi-enfin-premier-proces-crimes-darfour.html#primaryimage"},"thumbnailUrl":"https:\/\/www.justiceinfo.net\/wp-content\/uploads\/f96bbba117eaff608dc615638df620f2.jpg","datePublished":"2020-06-09T14:33:01+00:00","breadcrumb":{"@id":"https:\/\/www.justiceinfo.net\/fr\/44514-ali-kosheib-cpi-enfin-premier-proces-crimes-darfour.html#breadcrumb"},"inLanguage":"fr-FR","potentialAction":[{"@type":"ReadAction","target":["https:\/\/www.justiceinfo.net\/fr\/44514-ali-kosheib-cpi-enfin-premier-proces-crimes-darfour.html"]}]},{"@type":"ImageObject","inLanguage":"fr-FR","@id":"https:\/\/www.justiceinfo.net\/fr\/44514-ali-kosheib-cpi-enfin-premier-proces-crimes-darfour.html#primaryimage","url":"https:\/\/www.justiceinfo.net\/wp-content\/uploads\/f96bbba117eaff608dc615638df620f2.jpg","contentUrl":"https:\/\/www.justiceinfo.net\/wp-content\/uploads\/f96bbba117eaff608dc615638df620f2.jpg","width":1200,"height":800},{"@type":"BreadcrumbList","@id":"https:\/\/www.justiceinfo.net\/fr\/44514-ali-kosheib-cpi-enfin-premier-proces-crimes-darfour.html#breadcrumb","itemListElement":[{"@type":"ListItem","position":1,"name":"Home","item":"https:\/\/www.justiceinfo.net\/fr"},{"@type":"ListItem","position":2,"name":"Ali Kosheib \u00e0 la CPI : enfin, le premier proc\u00e8s des crimes du Darfour ?"}]},{"@type":"WebSite","@id":"https:\/\/www.justiceinfo.net\/fr#website","url":"https:\/\/www.justiceinfo.net\/fr","name":"JusticeInfo.net","description":"La justice doit \u00eatre vue pour \u00eatre rendue","publisher":{"@id":"https:\/\/www.justiceinfo.net\/fr#organization"},"potentialAction":[{"@type":"SearchAction","target":{"@type":"EntryPoint","urlTemplate":"https:\/\/www.justiceinfo.net\/fr?s={search_term_string}"},"query-input":{"@type":"PropertyValueSpecification","valueRequired":true,"valueName":"search_term_string"}}],"inLanguage":"fr-FR"},{"@type":"Organization","@id":"https:\/\/www.justiceinfo.net\/fr#organization","name":"Justice Info","url":"https:\/\/www.justiceinfo.net\/fr","logo":{"@type":"ImageObject","inLanguage":"fr-FR","@id":"https:\/\/www.justiceinfo.net\/fr#\/schema\/logo\/image\/","url":"https:\/\/www.justiceinfo.net\/wp-content\/uploads\/justiceinfo_logo-trans_1200x1200px.png","contentUrl":"https:\/\/www.justiceinfo.net\/wp-content\/uploads\/justiceinfo_logo-trans_1200x1200px.png","width":1199,"height":1200,"caption":"Justice Info"},"image":{"@id":"https:\/\/www.justiceinfo.net\/fr#\/schema\/logo\/image\/"},"sameAs":["https:\/\/www.facebook.com\/JusticeInfo\/","https:\/\/x.com\/justiceinfonet","https:\/\/www.linkedin.com\/company\/justice-info","https:\/\/www.youtube.com\/channel\/UCyCEsARodyuWtkWyhn-e7pA"]},{"@type":"Person","name":"AFP","url":"\/fr\/?s=AFP"}]}},"_links":{"self":[{"href":"https:\/\/www.justiceinfo.net\/fr\/wp-json\/wp\/v2\/posts\/44514","targetHints":{"allow":["GET"]}}],"collection":[{"href":"https:\/\/www.justiceinfo.net\/fr\/wp-json\/wp\/v2\/posts"}],"about":[{"href":"https:\/\/www.justiceinfo.net\/fr\/wp-json\/wp\/v2\/types\/post"}],"author":[{"embeddable":true,"href":"https:\/\/www.justiceinfo.net\/fr\/wp-json\/wp\/v2\/users\/60"}],"replies":[{"embeddable":true,"href":"https:\/\/www.justiceinfo.net\/fr\/wp-json\/wp\/v2\/comments?post=44514"}],"version-history":[{"count":0,"href":"https:\/\/www.justiceinfo.net\/fr\/wp-json\/wp\/v2\/posts\/44514\/revisions"}],"wp:featuredmedia":[{"embeddable":true,"href":"https:\/\/www.justiceinfo.net\/fr\/wp-json\/wp\/v2\/media\/61522"}],"wp:attachment":[{"href":"https:\/\/www.justiceinfo.net\/fr\/wp-json\/wp\/v2\/media?parent=44514"}],"wp:term":[{"taxonomy":"category","embeddable":true,"href":"https:\/\/www.justiceinfo.net\/fr\/wp-json\/wp\/v2\/categories?post=44514"},{"taxonomy":"post_tag","embeddable":true,"href":"https:\/\/www.justiceinfo.net\/fr\/wp-json\/wp\/v2\/tags?post=44514"},{"taxonomy":"ji_location","embeddable":true,"href":"https:\/\/www.justiceinfo.net\/fr\/wp-json\/wp\/v2\/ji_location?post=44514"}],"curies":[{"name":"wp","href":"https:\/\/api.w.org\/{rel}","templated":true}]}}