{"id":44597,"date":"2020-06-16T07:40:05","date_gmt":"2020-06-16T05:40:05","guid":{"rendered":"https:\/\/www.justiceinfo.net\/44597-gambie-que-sait-commission-verite-sur-correa-jungler-accuse-aux-usa.html"},"modified":"2020-06-16T07:40:05","modified_gmt":"2020-06-16T05:40:05","slug":"gambie-que-sait-commission-verite-sur-correa-jungler-accuse-aux-usa","status":"publish","type":"post","link":"https:\/\/www.justiceinfo.net\/fr\/44597-gambie-que-sait-commission-verite-sur-correa-jungler-accuse-aux-usa.html","title":{"rendered":"Gambie : ce que sait la Commission v\u00e9rit\u00e9 sur Correa, le \u2018Jungler\u2019 accus\u00e9 aux USA"},"content":{"rendered":"<p><strong>Depuis son inculpation, le 11 juin dernier aux \u00c9tats-Unis pour torture, Michael Sang Correa, 41 ans, est le premier membre des escadrons de la mort gambiens, les \"Junglers\" du pr\u00e9sident Yahya Jammeh, \u00e0 \u00eatre poursuivi en justice. Mais dans son pays, que disent les t\u00e9moins qui l\u2019impliquent dans diff\u00e9rents crimes, devant la Commission v\u00e9rit\u00e9 de Gambie\u00a0?<\/strong><\/p>\n<p><!--more--><\/p>\n<p>En 2013, Alhaji M. Ceesay et Ebrima Jobe, deux citoyens am\u00e9ricains d'origine gambienne, ont rejoint la longue liste des personnes disparues en Gambie durant le r\u00e9gime de Yahya Jammeh. Sept ans plus tard, l'une des personnes pr\u00e9sum\u00e9es impliqu\u00e9es dans leur disparition, Michael Sang Correa, a \u00e9t\u00e9 inculp\u00e9 la semaine derni\u00e8re devant le tribunal de district du Colorado, aux \u00c9tats-Unis. Dans son acte d'accusation, le minist\u00e8re am\u00e9ricain de la Justice accuse le ressortissant gambien d\u2019avoir tortur\u00e9 au moins six personnes en 2006, \u00e0 la suite d'une tentative de coup d'\u00c9tat contre l'ancien pr\u00e9sident Jammeh.<\/p>\n<p>Correa - qui r\u00e9sidait \u00e0 Denver, Colorado - est d\u00e9tenu aux \u00c9tats-Unis depuis septembre 2019 par les services am\u00e9ricains de l'immigration pour avoir d\u00e9pass\u00e9 la dur\u00e9e de validit\u00e9 de son visa. Derri\u00e8re cette affaire, il y a une longue histoire de relations compliqu\u00e9es entre l'ancien dictateur de la Gambie et les \u00c9tats-Unis, en particulier durant les quatre derni\u00e8res ann\u00e9es du r\u00e8gne de Jammeh, et apr\u00e8s la disparition des deux citoyens am\u00e9ricains.<\/p>\n<p>La Commission v\u00e9rit\u00e9, r\u00e9conciliation et r\u00e9parations de Gambie (TRRC), cr\u00e9\u00e9e en janvier 2019, a notamment pour mandat de rechercher les personnes disparues. Concernant le dossier de Jobe et Ceesay, la Commission a men\u00e9 une enqu\u00eate approfondie. Et en juillet de l'ann\u00e9e derni\u00e8re, les \u00c9tats-Unis ont obtenu une premi\u00e8re r\u00e9ponse, lorsqu'ils ont pu entendre les aveux d'un ancien Jungler impliqu\u00e9 dans leur ex\u00e9cution, qui a racont\u00e9 comment ils ont \u00e9t\u00e9 arr\u00eat\u00e9s ainsi que le lieu o\u00f9 ils ont \u00e9t\u00e9 emmen\u00e9s et comment ils ont \u00e9t\u00e9 ex\u00e9cut\u00e9s.<\/p>\n<h3>\"Jammeh nous a ordonn\u00e9 de les d\u00e9couper en morceaux\"<\/h3>\n<p><a href=\"fr\/commissions-verite\/42025-gambie-terreur-brute-devant-la-trrc.html\">Omar Jallow<\/a> alias \"Oya\" \u00e9tait un membre des commandos de Jammeh qui a particip\u00e9 \u00e0 l'ex\u00e9cution ill\u00e9gale d'environ 48 personnes, a-t-il d\u00e9clar\u00e9 \u00e0 la Commission v\u00e9rit\u00e9 en juillet 2019. Selon Jallow, Jobe et Ceesay ont \u00e9t\u00e9 arr\u00eat\u00e9s \u00e0 Brusubi, \u00e0 environ 40 minutes de route de Banjul. Une \u00e9quipe de Junglers a mis en place un poste de contr\u00f4le, apr\u00e8s avoir appris que la voiture des deux Am\u00e9ricains \u00e9tait partie d'un h\u00f4tel de Kololi, \u00e0 environ 10 minutes de route de Brusubi. Selon Jallow, Michael Correa aurait \u00e9t\u00e9 l'un des Junglers qui a effectu\u00e9 une reconnaissance sur les deux v\u00e9hicules.<\/p>\n<p>\"Ils \u00e9taient dans un h\u00f4tel et Michael Correa \u00e9tait l\u00e0 pour observer leurs mouvements. S'ils sortaient, nous devions les arr\u00eater. C'est ce que nous avons fait\", a d\u00e9clar\u00e9 Jallow. \"Nous \u00e9tions en communication constante avec Michael Correa qui \u00e9tait derri\u00e8re eux, surveillant leurs mouvements. Quand leur v\u00e9hicule est arriv\u00e9, nous l'avons arr\u00eat\u00e9. Nous leur avons demand\u00e9 de sortir. Il y avait cinq personnes, dont deux filles et un chauffeur.\"<\/p>\n<p>Selon Jallow, ils \u00e9taient soup\u00e7onn\u00e9s de comploter pour renverser l'ancien pr\u00e9sident Jammeh. Jobe et Ceesay ont \u00e9t\u00e9 interrog\u00e9s, leur maison a \u00e9t\u00e9 fouill\u00e9e, puis ils ont \u00e9t\u00e9 ex\u00e9cut\u00e9s. \"Jammeh nous a ordonn\u00e9 de les d\u00e9couper en morceaux\", a d\u00e9clar\u00e9 Jallow.<\/p>\n<p><span style=\"boorder: 1px solid #ccc;\"><div class=\"articleLink articleLink--editorRecommanded articleLink--textInImage articleLink--textTop\" style=\"\">\r\n\t\t\t\t\t\r\n\t\t\t<div class=\"articleLinkSurTitle\">Recommand\u00e9 par la r\u00e9daction<\/div>\r\n\t\t\t<a class=\"articleLinkImageLink\" href=\"https:\/\/www.justiceinfo.net\/fr\/42025-gambie-terreur-brute-devant-la-trrc.html\"><div class=\"articleLinkImageContainer \"><img loading=\"lazy\" decoding=\"async\" width=\"540\" height=\"360\" src=\"https:\/\/www.justiceinfo.net\/wp-content\/uploads\/9c82b9672095c9fd36026677b843fa02-540x360.jpg\" class=\"articleLinkImage backgroundImageTag w-100 wp-post-image\" alt=\"\" srcset=\"https:\/\/www.justiceinfo.net\/wp-content\/uploads\/9c82b9672095c9fd36026677b843fa02-540x360.jpg 540w, https:\/\/www.justiceinfo.net\/wp-content\/uploads\/9c82b9672095c9fd36026677b843fa02-730x487.jpg 730w, https:\/\/www.justiceinfo.net\/wp-content\/uploads\/9c82b9672095c9fd36026677b843fa02-1110x740.jpg 1110w, https:\/\/www.justiceinfo.net\/wp-content\/uploads\/9c82b9672095c9fd36026677b843fa02.jpg 1200w\" sizes=\"auto, (max-width: 540px) 100vw, 540px\" \/><\/div><\/a>\r\n\t\t\t<a href=\"https:\/\/www.justiceinfo.net\/fr\/42025-gambie-terreur-brute-devant-la-trrc.html\" class=\"articleLinkTitle articleLinkTitle--default\">\r\n\t\t\tGambie : terreur brute devant la TRRC\r\n\t\t<\/a>\r\n\t\t\r\n\t\t\t\t<\/div><\/span><\/p>\n<h3>Premi\u00e8re poursuite d'un \u2018Jungler\u2019<\/h3>\n<p>\"Les \u00c9tats-Unis se f\u00e9licitent des informations suppl\u00e9mentaires qui ont \u00e9t\u00e9 mises en lumi\u00e8re. Cela nous donne l'occasion de renouveler notre enqu\u00eate sur les circonstances entourant leur mort\", a d\u00e9clar\u00e9 l'ambassade am\u00e9ricaine dans un communiqu\u00e9 publi\u00e9 en juillet 2019, apr\u00e8s les r\u00e9v\u00e9lations faites devant la TRRC. \"Nous poursuivrons notre partenariat \u00e9troit avec les autorit\u00e9s gambiennes sur la base de ces nouvelles r\u00e9v\u00e9lations afin de continuer \u00e0 enqu\u00eater sur la disparition de ces citoyens am\u00e9ricains\", poursuivait le communiqu\u00e9.<\/p>\n<p>En 2006, les autorit\u00e9s gambiennes ont d\u00e9jou\u00e9 un coup d'\u00c9tat men\u00e9 par le colonel Ndure Cham, alors chef de l'arm\u00e9e. Cham a \u00e9t\u00e9 ex\u00e9cut\u00e9 par des Junglers apr\u00e8s son arrestation. Des dizaines de personnes ont \u00e9t\u00e9 arr\u00eat\u00e9es \u00e0 la suite de ce coup d'\u00c9tat manqu\u00e9, dont certaines ont \u00e9t\u00e9 tortur\u00e9es au si\u00e8ge de l'Agence nationale de renseignement. Aux \u00c9tats-Unis, Correa fait face \u00e0 un chef d'accusation de conspiration en vue de commettre des actes de torture et \u00e0 six chefs d'accusation pour avoir inflig\u00e9 des tortures \u00e0 des personnes sp\u00e9cifiques.<\/p>\n<p>L'inculpation de Correa est la toute premi\u00e8re poursuite d'un membre de l'escadron de la mort de Jammeh dans le monde. Parmi les <a href=\"fr\/commissions-verite\/44456-gambie-la-verite-vous-rendra-libre-ou-pas.html\">six Junglers arr\u00eat\u00e9s en Gambie<\/a> apr\u00e8s la chute de Jammeh, quatre sont libres et deux sont maintenus en d\u00e9tention sans inculpation. Le proc\u00e8s de Correa aux \u00c9tats-Unis pourrait \u00eatre, potentiellement, le deuxi\u00e8me plus important de l'\u00e8re Jammeh, apr\u00e8s celui de l'ancien ministre de l'Int\u00e9rieur gambien <a href=\"fr\/commissions-verite\/44217-sonko-dessous-dossier-suisse-vu-de-la-commission-verite-de-gambie.html\">Ousman Sonko<\/a> qui est en d\u00e9tention pr\u00e9ventive en Suisse. Ousman Sonko est accus\u00e9 de crimes contre l'humanit\u00e9.<\/p>\n<h3>Impliqu\u00e9 dans le meurtre du journaliste Deyda Hydara ?<\/h3>\n<p>Mais devant la TRRC, il y a eu des all\u00e9gations plus graves encore contre Correa.<\/p>\n<p>En d\u00e9cembre 2004, Deyda Hydara, un journaliste gambien qui \u00e9tait pr\u00e9sident de l'Union de la presse du pays, a \u00e9t\u00e9 abattu. <a href=\"fr\/commissions-verite\/42233-gambie-liberation-meurtriers-repentis-suscite-colere.html\">Hydara a \u00e9t\u00e9 tu\u00e9<\/a> dans une fusillade en voiture alors qu'il rentrait chez lui en voiture apr\u00e8s son travail. Selon le Jungler <a href=\"fr\/commissions-verite\/42233-gambie-liberation-meurtriers-repentis-suscite-colere.html\">Malick Jatta<\/a> - qui a admis devant la TRRC, en juillet 2019, qu'il \u00e9tait impliqu\u00e9 dans le meurtre - trois taxis ont particip\u00e9 \u00e0 cette op\u00e9ration baptis\u00e9e \"op\u00e9ration stylo magique\". Correa se trouvait dans l'un d'entre eux.<\/p>\n<p>Le groupe de Correa \u00e9tait dirig\u00e9 par un autre \u00e9minent Jungler, Malafi Corr. Corr a \u00e9t\u00e9 ex\u00e9cut\u00e9 avec l'ancien chef des services de renseignement gambiens Daba Marenah et trois autres personnes en 2006. Tous les cinq ont \u00e9t\u00e9 accus\u00e9s d'avoir particip\u00e9 au coup d'\u00c9tat d\u00e9jou\u00e9 cette ann\u00e9e-l\u00e0. Correa a, \u00e9galement, \u00e9t\u00e9 cit\u00e9 devant la TRRC par le Jungler <a href=\"fr\/commissions-verite\/44456-gambie-la-verite-vous-rendra-libre-ou-pas.html\">Alieu Jeng<\/a> pour avoir particip\u00e9 aux op\u00e9rations qui ont conduit \u00e0 l'ex\u00e9cution de Marenah et de ses coll\u00e8gues. Jeng a t\u00e9moign\u00e9 devant la Commission v\u00e9rit\u00e9 en ao\u00fbt 2019. Deux mois avant, lors de sa comparution devant la CRR en juin 2019, le capitaine Buja Darboe, un des soldats impliqu\u00e9s dans le coup d'\u00c9tat de 2006, avait accus\u00e9 Correa de les avoir tortur\u00e9s.<\/p>\n<p>Apr\u00e8s l'inculpation de Correa, <a href=\"fr\/commissions-verite\/42233-gambie-liberation-meurtriers-repentis-suscite-colere.html\">Baba Hydara<\/a>, fils du journaliste gambien assassin\u00e9, a exprim\u00e9 son soulagement : \"Entendre l'inculpation de Correa aux \u00c9tats-Unis signifie beaucoup pour les victimes de l'ancien pr\u00e9sident Yahya Jammeh, et pas seulement pour ses victimes directes. Cela montre que peu importe o\u00f9 ils courent ou se cachent, la justice finira par les rattraper\", a d\u00e9clar\u00e9 Hydara \u00e0 Justice Info.<\/p>\n<h3>Justice pour les victimes, perte pour la commission de v\u00e9rit\u00e9 ?<\/h3>\n<p>Devant la Commission v\u00e9rit\u00e9 de Gambie, Correa est tr\u00e8s certainement int\u00e9ressant. \"M. Correa a \u00e9t\u00e9 cit\u00e9 de fa\u00e7on n\u00e9gative par plusieurs t\u00e9moins de la Commission v\u00e9rit\u00e9 et r\u00e9conciliation\", a d\u00e9clar\u00e9 le Dr Baba Galleh Jallow, son secr\u00e9taire ex\u00e9cutif, \u00e0 Justice Info. \"Nous aurions aim\u00e9 que M. Correa se pr\u00e9sente devant la Commission, afin que nous puissions avoir sa propre version de l'histoire, quelle qu'en soit la valeur. Il aurait pu venir et dire la v\u00e9rit\u00e9, ou non\", a d\u00e9clar\u00e9 Jallow. Cependant, la TRRC n'a jamais tent\u00e9 de demander son extradition aux \u00c9tats-Unis, a-t-il confirm\u00e9. Cependant, \"le fait qu\u2019il ne puisse \u00eatre entendu par la Commission ne laisse pas n\u00e9cessairement un vide important dans nos enqu\u00eates, car nous avons d\u00e9j\u00e0 entendu de nombreux t\u00e9moins, y compris ses coll\u00e8gues Junglers, sur son r\u00f4le dans les violations des droits de l'homme\", a ajout\u00e9 Jallow.<\/p>\n<p>Le 12 juin, Abubarcarr Tambadou, le ministre de la Justice, a salu\u00e9 le \"fort soutien\" que la Gambie re\u00e7oit des \u00c9tats-Unis. \"L'inculpation de M. Correa par les autorit\u00e9s am\u00e9ricaines est une \u00e9tape juridique extraordinaire\", a d\u00e9clar\u00e9 Tambadou. \"Elle d\u00e9montre que, quel que soit le lieu o\u00f9 ces crimes sont commis, et o\u00f9 que les coupables se cachent, il n'y a pas de cachette pour ceux qui commettent de tels crimes dans le monde d'aujourd'hui. Le gouvernement de la Gambie continuera \u00e0 coop\u00e9rer avec les autorit\u00e9s am\u00e9ricaines.\"<\/p>\n","protected":false},"excerpt":{"rendered":"<p>Depuis son inculpation, le 11 juin dernier aux \u00c9tats-Unis pour torture, Michael Sang Correa, 41 ans, est le premier membre des escadrons de la mort gambiens, les \"Junglers\" du pr\u00e9sident Yahya Jammeh, \u00e0 \u00eatre poursuivi en justice. Mais dans son pays, que disent les t\u00e9moins qui l\u2019impliquent dans diff\u00e9rents crimes, devant la Commission v\u00e9rit\u00e9 de [&hellip;]<\/p>\n","protected":false},"author":73,"featured_media":62630,"comment_status":"open","ping_status":"closed","sticky":false,"template":"","format":"standard","meta":{"_acf_changed":false,"footnotes":""},"categories":[548],"tags":[],"ji_location":[2508],"class_list":["post-44597","post","type-post","status-publish","format-standard","has-post-thumbnail","hentry","category-commissions-verite","ji_location-gambie"],"acf":[],"yoast_head":"<!-- This site is optimized with the Yoast SEO Premium plugin v25.3.1 (Yoast SEO v25.3.1) - https:\/\/yoast.com\/wordpress\/plugins\/seo\/ -->\n<title>Gambie : ce que sait la Commission v\u00e9rit\u00e9 sur Correa, le \u2018Jungler\u2019 accus\u00e9 aux USA - JusticeInfo.net<\/title>\n<meta name=\"robots\" content=\"index, follow, max-snippet:-1, max-image-preview:large, max-video-preview:-1\" \/>\n<link rel=\"canonical\" href=\"https:\/\/www.justiceinfo.net\/fr\/44597-gambie-que-sait-commission-verite-sur-correa-jungler-accuse-aux-usa.html\" \/>\n<meta property=\"og:locale\" content=\"fr_FR\" \/>\n<meta property=\"og:type\" content=\"article\" \/>\n<meta property=\"og:title\" content=\"Gambie : ce que sait la Commission v\u00e9rit\u00e9 sur Correa, le \u2018Jungler\u2019 accus\u00e9 aux USA\" \/>\n<meta property=\"og:description\" content=\"Depuis son inculpation, le 11 juin dernier aux \u00c9tats-Unis pour torture, Michael Sang Correa, 41 ans, est le premier membre des escadrons de la mort gambiens, les &quot;Junglers&quot; du pr\u00e9sident Yahya Jammeh, \u00e0 \u00eatre poursuivi en justice. Mais dans son pays, que disent les t\u00e9moins qui l\u2019impliquent dans diff\u00e9rents crimes, devant la Commission v\u00e9rit\u00e9 de [&hellip;]\" \/>\n<meta property=\"og:url\" content=\"https:\/\/www.justiceinfo.net\/fr\/44597-gambie-que-sait-commission-verite-sur-correa-jungler-accuse-aux-usa.html\" \/>\n<meta property=\"og:site_name\" content=\"JusticeInfo.net\" \/>\n<meta property=\"article:publisher\" content=\"https:\/\/www.facebook.com\/JusticeInfo\/\" \/>\n<meta property=\"article:published_time\" content=\"2020-06-16T05:40:05+00:00\" \/>\n<meta property=\"og:image\" content=\"https:\/\/www.justiceinfo.net\/wp-content\/uploads\/8e7c335cb754eb9e6f2e40fb19348e9a.jpg\" \/>\n\t<meta property=\"og:image:width\" content=\"850\" \/>\n\t<meta property=\"og:image:height\" content=\"567\" \/>\n\t<meta property=\"og:image:type\" content=\"image\/jpeg\" \/>\n<meta name=\"author\" content=\"Mustapha K. Darboe\" \/>\n<meta name=\"twitter:card\" content=\"summary_large_image\" \/>\n<meta name=\"twitter:creator\" content=\"@justiceinfonet\" \/>\n<meta name=\"twitter:site\" content=\"@justiceinfonet\" \/>\n<meta name=\"twitter:label1\" content=\"\u00c9crit par\" \/>\n\t<meta name=\"twitter:data1\" content=\"Mustapha K. Darboe\" \/>\n\t<meta name=\"twitter:label2\" content=\"Dur\u00e9e de lecture estim\u00e9e\" \/>\n\t<meta name=\"twitter:data2\" content=\"7 minutes\" \/>\n<script type=\"application\/ld+json\" class=\"yoast-schema-graph\">{\"@context\":\"https:\/\/schema.org\",\"@graph\":[{\"@type\":\"NewsArticle\",\"@id\":\"https:\/\/www.justiceinfo.net\/fr\/44597-gambie-que-sait-commission-verite-sur-correa-jungler-accuse-aux-usa.html#article\",\"isPartOf\":{\"@id\":\"https:\/\/www.justiceinfo.net\/fr\/44597-gambie-que-sait-commission-verite-sur-correa-jungler-accuse-aux-usa.html\"},\"author\":{\"name\":\"mdarboe\",\"@id\":\"https:\/\/www.justiceinfo.net\/fr#\/schema\/person\/87683ef8eb6db0f513bc2be3db6f3012\"},\"headline\":\"Gambie : ce que sait la Commission v\u00e9rit\u00e9 sur Correa, le \u2018Jungler\u2019 accus\u00e9 aux USA\",\"datePublished\":\"2020-06-16T05:40:05+00:00\",\"mainEntityOfPage\":{\"@id\":\"https:\/\/www.justiceinfo.net\/fr\/44597-gambie-que-sait-commission-verite-sur-correa-jungler-accuse-aux-usa.html\"},\"wordCount\":1491,\"commentCount\":0,\"publisher\":{\"@id\":\"https:\/\/www.justiceinfo.net\/fr#organization\"},\"image\":{\"@id\":\"https:\/\/www.justiceinfo.net\/fr\/44597-gambie-que-sait-commission-verite-sur-correa-jungler-accuse-aux-usa.html#primaryimage\"},\"thumbnailUrl\":\"https:\/\/www.justiceinfo.net\/wp-content\/uploads\/8e7c335cb754eb9e6f2e40fb19348e9a.jpg\",\"articleSection\":[\"Commissions v\u00e9rit\u00e9\"],\"inLanguage\":\"fr-FR\",\"potentialAction\":[{\"@type\":\"CommentAction\",\"name\":\"Comment\",\"target\":[\"https:\/\/www.justiceinfo.net\/fr\/44597-gambie-que-sait-commission-verite-sur-correa-jungler-accuse-aux-usa.html#respond\"]}]},{\"@type\":\"WebPage\",\"@id\":\"https:\/\/www.justiceinfo.net\/fr\/44597-gambie-que-sait-commission-verite-sur-correa-jungler-accuse-aux-usa.html\",\"url\":\"https:\/\/www.justiceinfo.net\/fr\/44597-gambie-que-sait-commission-verite-sur-correa-jungler-accuse-aux-usa.html\",\"name\":\"Gambie : ce que sait la Commission v\u00e9rit\u00e9 sur Correa, le \u2018Jungler\u2019 accus\u00e9 aux USA - JusticeInfo.net\",\"isPartOf\":{\"@id\":\"https:\/\/www.justiceinfo.net\/fr#website\"},\"primaryImageOfPage\":{\"@id\":\"https:\/\/www.justiceinfo.net\/fr\/44597-gambie-que-sait-commission-verite-sur-correa-jungler-accuse-aux-usa.html#primaryimage\"},\"image\":{\"@id\":\"https:\/\/www.justiceinfo.net\/fr\/44597-gambie-que-sait-commission-verite-sur-correa-jungler-accuse-aux-usa.html#primaryimage\"},\"thumbnailUrl\":\"https:\/\/www.justiceinfo.net\/wp-content\/uploads\/8e7c335cb754eb9e6f2e40fb19348e9a.jpg\",\"datePublished\":\"2020-06-16T05:40:05+00:00\",\"breadcrumb\":{\"@id\":\"https:\/\/www.justiceinfo.net\/fr\/44597-gambie-que-sait-commission-verite-sur-correa-jungler-accuse-aux-usa.html#breadcrumb\"},\"inLanguage\":\"fr-FR\",\"potentialAction\":[{\"@type\":\"ReadAction\",\"target\":[\"https:\/\/www.justiceinfo.net\/fr\/44597-gambie-que-sait-commission-verite-sur-correa-jungler-accuse-aux-usa.html\"]}]},{\"@type\":\"ImageObject\",\"inLanguage\":\"fr-FR\",\"@id\":\"https:\/\/www.justiceinfo.net\/fr\/44597-gambie-que-sait-commission-verite-sur-correa-jungler-accuse-aux-usa.html#primaryimage\",\"url\":\"https:\/\/www.justiceinfo.net\/wp-content\/uploads\/8e7c335cb754eb9e6f2e40fb19348e9a.jpg\",\"contentUrl\":\"https:\/\/www.justiceinfo.net\/wp-content\/uploads\/8e7c335cb754eb9e6f2e40fb19348e9a.jpg\",\"width\":850,\"height\":567},{\"@type\":\"BreadcrumbList\",\"@id\":\"https:\/\/www.justiceinfo.net\/fr\/44597-gambie-que-sait-commission-verite-sur-correa-jungler-accuse-aux-usa.html#breadcrumb\",\"itemListElement\":[{\"@type\":\"ListItem\",\"position\":1,\"name\":\"Home\",\"item\":\"https:\/\/www.justiceinfo.net\/fr\"},{\"@type\":\"ListItem\",\"position\":2,\"name\":\"Gambie : ce que sait la Commission v\u00e9rit\u00e9 sur Correa, le \u2018Jungler\u2019 accus\u00e9 aux USA\"}]},{\"@type\":\"WebSite\",\"@id\":\"https:\/\/www.justiceinfo.net\/fr#website\",\"url\":\"https:\/\/www.justiceinfo.net\/fr\",\"name\":\"JusticeInfo.net\",\"description\":\"La justice doit \u00eatre vue pour \u00eatre rendue\",\"publisher\":{\"@id\":\"https:\/\/www.justiceinfo.net\/fr#organization\"},\"potentialAction\":[{\"@type\":\"SearchAction\",\"target\":{\"@type\":\"EntryPoint\",\"urlTemplate\":\"https:\/\/www.justiceinfo.net\/fr?s={search_term_string}\"},\"query-input\":{\"@type\":\"PropertyValueSpecification\",\"valueRequired\":true,\"valueName\":\"search_term_string\"}}],\"inLanguage\":\"fr-FR\"},{\"@type\":\"Organization\",\"@id\":\"https:\/\/www.justiceinfo.net\/fr#organization\",\"name\":\"Justice Info\",\"url\":\"https:\/\/www.justiceinfo.net\/fr\",\"logo\":{\"@type\":\"ImageObject\",\"inLanguage\":\"fr-FR\",\"@id\":\"https:\/\/www.justiceinfo.net\/fr#\/schema\/logo\/image\/\",\"url\":\"https:\/\/www.justiceinfo.net\/wp-content\/uploads\/justiceinfo_logo-trans_1200x1200px.png\",\"contentUrl\":\"https:\/\/www.justiceinfo.net\/wp-content\/uploads\/justiceinfo_logo-trans_1200x1200px.png\",\"width\":1199,\"height\":1200,\"caption\":\"Justice Info\"},\"image\":{\"@id\":\"https:\/\/www.justiceinfo.net\/fr#\/schema\/logo\/image\/\"},\"sameAs\":[\"https:\/\/www.facebook.com\/JusticeInfo\/\",\"https:\/\/x.com\/justiceinfonet\",\"https:\/\/www.linkedin.com\/company\/justice-info\",\"https:\/\/www.youtube.com\/channel\/UCyCEsARodyuWtkWyhn-e7pA\"]},{\"@type\":\"Person\",\"name\":\"Mustapha K. Darboe\",\"url\":\"https:\/\/www.justiceinfo.net\/fr\/auteur\/mdarboe\"}]}<\/script>\n<!-- \/ Yoast SEO Premium plugin. -->","yoast_head_json":{"title":"Gambie : ce que sait la Commission v\u00e9rit\u00e9 sur Correa, le \u2018Jungler\u2019 accus\u00e9 aux USA - JusticeInfo.net","robots":{"index":"index","follow":"follow","max-snippet":"max-snippet:-1","max-image-preview":"max-image-preview:large","max-video-preview":"max-video-preview:-1"},"canonical":"https:\/\/www.justiceinfo.net\/fr\/44597-gambie-que-sait-commission-verite-sur-correa-jungler-accuse-aux-usa.html","og_locale":"fr_FR","og_type":"article","og_title":"Gambie : ce que sait la Commission v\u00e9rit\u00e9 sur Correa, le \u2018Jungler\u2019 accus\u00e9 aux USA","og_description":"Depuis son inculpation, le 11 juin dernier aux \u00c9tats-Unis pour torture, Michael Sang Correa, 41 ans, est le premier membre des escadrons de la mort gambiens, les \"Junglers\" du pr\u00e9sident Yahya Jammeh, \u00e0 \u00eatre poursuivi en justice. Mais dans son pays, que disent les t\u00e9moins qui l\u2019impliquent dans diff\u00e9rents crimes, devant la Commission v\u00e9rit\u00e9 de [&hellip;]","og_url":"https:\/\/www.justiceinfo.net\/fr\/44597-gambie-que-sait-commission-verite-sur-correa-jungler-accuse-aux-usa.html","og_site_name":"JusticeInfo.net","article_publisher":"https:\/\/www.facebook.com\/JusticeInfo\/","article_published_time":"2020-06-16T05:40:05+00:00","og_image":[{"width":850,"height":567,"url":"https:\/\/www.justiceinfo.net\/wp-content\/uploads\/8e7c335cb754eb9e6f2e40fb19348e9a.jpg","type":"image\/jpeg"}],"author":"Mustapha K. Darboe","twitter_card":"summary_large_image","twitter_creator":"@justiceinfonet","twitter_site":"@justiceinfonet","twitter_misc":{"\u00c9crit par":"Mustapha K. Darboe","Dur\u00e9e de lecture estim\u00e9e":"7 minutes"},"schema":{"@context":"https:\/\/schema.org","@graph":[{"@type":"NewsArticle","@id":"https:\/\/www.justiceinfo.net\/fr\/44597-gambie-que-sait-commission-verite-sur-correa-jungler-accuse-aux-usa.html#article","isPartOf":{"@id":"https:\/\/www.justiceinfo.net\/fr\/44597-gambie-que-sait-commission-verite-sur-correa-jungler-accuse-aux-usa.html"},"author":{"name":"mdarboe","@id":"https:\/\/www.justiceinfo.net\/fr#\/schema\/person\/87683ef8eb6db0f513bc2be3db6f3012"},"headline":"Gambie : ce que sait la Commission v\u00e9rit\u00e9 sur Correa, le \u2018Jungler\u2019 accus\u00e9 aux USA","datePublished":"2020-06-16T05:40:05+00:00","mainEntityOfPage":{"@id":"https:\/\/www.justiceinfo.net\/fr\/44597-gambie-que-sait-commission-verite-sur-correa-jungler-accuse-aux-usa.html"},"wordCount":1491,"commentCount":0,"publisher":{"@id":"https:\/\/www.justiceinfo.net\/fr#organization"},"image":{"@id":"https:\/\/www.justiceinfo.net\/fr\/44597-gambie-que-sait-commission-verite-sur-correa-jungler-accuse-aux-usa.html#primaryimage"},"thumbnailUrl":"https:\/\/www.justiceinfo.net\/wp-content\/uploads\/8e7c335cb754eb9e6f2e40fb19348e9a.jpg","articleSection":["Commissions v\u00e9rit\u00e9"],"inLanguage":"fr-FR","potentialAction":[{"@type":"CommentAction","name":"Comment","target":["https:\/\/www.justiceinfo.net\/fr\/44597-gambie-que-sait-commission-verite-sur-correa-jungler-accuse-aux-usa.html#respond"]}]},{"@type":"WebPage","@id":"https:\/\/www.justiceinfo.net\/fr\/44597-gambie-que-sait-commission-verite-sur-correa-jungler-accuse-aux-usa.html","url":"https:\/\/www.justiceinfo.net\/fr\/44597-gambie-que-sait-commission-verite-sur-correa-jungler-accuse-aux-usa.html","name":"Gambie : ce que sait la Commission v\u00e9rit\u00e9 sur Correa, le \u2018Jungler\u2019 accus\u00e9 aux USA - JusticeInfo.net","isPartOf":{"@id":"https:\/\/www.justiceinfo.net\/fr#website"},"primaryImageOfPage":{"@id":"https:\/\/www.justiceinfo.net\/fr\/44597-gambie-que-sait-commission-verite-sur-correa-jungler-accuse-aux-usa.html#primaryimage"},"image":{"@id":"https:\/\/www.justiceinfo.net\/fr\/44597-gambie-que-sait-commission-verite-sur-correa-jungler-accuse-aux-usa.html#primaryimage"},"thumbnailUrl":"https:\/\/www.justiceinfo.net\/wp-content\/uploads\/8e7c335cb754eb9e6f2e40fb19348e9a.jpg","datePublished":"2020-06-16T05:40:05+00:00","breadcrumb":{"@id":"https:\/\/www.justiceinfo.net\/fr\/44597-gambie-que-sait-commission-verite-sur-correa-jungler-accuse-aux-usa.html#breadcrumb"},"inLanguage":"fr-FR","potentialAction":[{"@type":"ReadAction","target":["https:\/\/www.justiceinfo.net\/fr\/44597-gambie-que-sait-commission-verite-sur-correa-jungler-accuse-aux-usa.html"]}]},{"@type":"ImageObject","inLanguage":"fr-FR","@id":"https:\/\/www.justiceinfo.net\/fr\/44597-gambie-que-sait-commission-verite-sur-correa-jungler-accuse-aux-usa.html#primaryimage","url":"https:\/\/www.justiceinfo.net\/wp-content\/uploads\/8e7c335cb754eb9e6f2e40fb19348e9a.jpg","contentUrl":"https:\/\/www.justiceinfo.net\/wp-content\/uploads\/8e7c335cb754eb9e6f2e40fb19348e9a.jpg","width":850,"height":567},{"@type":"BreadcrumbList","@id":"https:\/\/www.justiceinfo.net\/fr\/44597-gambie-que-sait-commission-verite-sur-correa-jungler-accuse-aux-usa.html#breadcrumb","itemListElement":[{"@type":"ListItem","position":1,"name":"Home","item":"https:\/\/www.justiceinfo.net\/fr"},{"@type":"ListItem","position":2,"name":"Gambie : ce que sait la Commission v\u00e9rit\u00e9 sur Correa, le \u2018Jungler\u2019 accus\u00e9 aux USA"}]},{"@type":"WebSite","@id":"https:\/\/www.justiceinfo.net\/fr#website","url":"https:\/\/www.justiceinfo.net\/fr","name":"JusticeInfo.net","description":"La justice doit \u00eatre vue pour \u00eatre rendue","publisher":{"@id":"https:\/\/www.justiceinfo.net\/fr#organization"},"potentialAction":[{"@type":"SearchAction","target":{"@type":"EntryPoint","urlTemplate":"https:\/\/www.justiceinfo.net\/fr?s={search_term_string}"},"query-input":{"@type":"PropertyValueSpecification","valueRequired":true,"valueName":"search_term_string"}}],"inLanguage":"fr-FR"},{"@type":"Organization","@id":"https:\/\/www.justiceinfo.net\/fr#organization","name":"Justice Info","url":"https:\/\/www.justiceinfo.net\/fr","logo":{"@type":"ImageObject","inLanguage":"fr-FR","@id":"https:\/\/www.justiceinfo.net\/fr#\/schema\/logo\/image\/","url":"https:\/\/www.justiceinfo.net\/wp-content\/uploads\/justiceinfo_logo-trans_1200x1200px.png","contentUrl":"https:\/\/www.justiceinfo.net\/wp-content\/uploads\/justiceinfo_logo-trans_1200x1200px.png","width":1199,"height":1200,"caption":"Justice Info"},"image":{"@id":"https:\/\/www.justiceinfo.net\/fr#\/schema\/logo\/image\/"},"sameAs":["https:\/\/www.facebook.com\/JusticeInfo\/","https:\/\/x.com\/justiceinfonet","https:\/\/www.linkedin.com\/company\/justice-info","https:\/\/www.youtube.com\/channel\/UCyCEsARodyuWtkWyhn-e7pA"]},{"@type":"Person","name":"Mustapha K. Darboe","url":"https:\/\/www.justiceinfo.net\/fr\/auteur\/mdarboe"}]}},"_links":{"self":[{"href":"https:\/\/www.justiceinfo.net\/fr\/wp-json\/wp\/v2\/posts\/44597","targetHints":{"allow":["GET"]}}],"collection":[{"href":"https:\/\/www.justiceinfo.net\/fr\/wp-json\/wp\/v2\/posts"}],"about":[{"href":"https:\/\/www.justiceinfo.net\/fr\/wp-json\/wp\/v2\/types\/post"}],"author":[{"embeddable":true,"href":"https:\/\/www.justiceinfo.net\/fr\/wp-json\/wp\/v2\/users\/73"}],"replies":[{"embeddable":true,"href":"https:\/\/www.justiceinfo.net\/fr\/wp-json\/wp\/v2\/comments?post=44597"}],"version-history":[{"count":0,"href":"https:\/\/www.justiceinfo.net\/fr\/wp-json\/wp\/v2\/posts\/44597\/revisions"}],"wp:featuredmedia":[{"embeddable":true,"href":"https:\/\/www.justiceinfo.net\/fr\/wp-json\/wp\/v2\/media\/62630"}],"wp:attachment":[{"href":"https:\/\/www.justiceinfo.net\/fr\/wp-json\/wp\/v2\/media?parent=44597"}],"wp:term":[{"taxonomy":"category","embeddable":true,"href":"https:\/\/www.justiceinfo.net\/fr\/wp-json\/wp\/v2\/categories?post=44597"},{"taxonomy":"post_tag","embeddable":true,"href":"https:\/\/www.justiceinfo.net\/fr\/wp-json\/wp\/v2\/tags?post=44597"},{"taxonomy":"ji_location","embeddable":true,"href":"https:\/\/www.justiceinfo.net\/fr\/wp-json\/wp\/v2\/ji_location?post=44597"}],"curies":[{"name":"wp","href":"https:\/\/api.w.org\/{rel}","templated":true}]}}