{"id":4483,"date":"2004-01-29T00:00:00","date_gmt":"2004-01-28T23:00:00","guid":{"rendered":"https:\/\/www.justiceinfo.net\/4483-29012004-tpirgouvernement-ii-le-proces-sest-poursuivi-en-labsence-de-trois-accuses1273.html"},"modified":"2004-01-29T00:00:00","modified_gmt":"2004-01-28T23:00:00","slug":"29012004-tpirgouvernement-ii-le-proces-sest-poursuivi-en-labsence-de-trois-accuses1273","status":"publish","type":"post","link":"https:\/\/www.justiceinfo.net\/fr\/4483-29012004-tpirgouvernement-ii-le-proces-sest-poursuivi-en-labsence-de-trois-accuses1273.html","title":{"rendered":"29.01.2004 - TPIR\/GOUVERNEMENT II - LE PROCES S'EST POURSUIVI EN l'ABSENCE DE TROIS ACCUSES"},"content":{"rendered":"<p  >\nArusha 29 janvier (FH) - Le proc\u00e8s dit \"Gouvernement II\" s'est poursuivi jeudi devant le Tribunal p\u00e9nal international pour le Rwanda (TPIR) en l'absence de trois des quatre accus\u00e9s, tous ex-ministres du gouvernement int\u00e9rimaire en place pendant le g\u00e9nocide anti-tutsi de 1994, a constat\u00e9 l'agence Hirondelle.\n<\/p>\n<p  >\nSeul \u00e9tait pr\u00e9sent l'ancien ministre du commerce, Justin Mugenzi, l'unique du groupe a avoir \u00e9t\u00e9 mis en cause en cours D'audition par le t\u00e9moin, vice- pr\u00e9sident du s\u00e9nat rwandais, Prosper Higiro.\n<\/p>\n<p><!--more--><\/p>\n<p  >\nMugenzi est coaccus\u00e9 avec ses anciens coll\u00e8gues en charge des affaires \u00e9trang\u00e8res, J\u00e9r\u00f4me Bicamumpaka, de la sant\u00e9, Casimir Bizimungu, et de la fonction publique, Prosper Mugiraneza.\n<\/p>\n<p  >\nToutes les \u00e9quipes de d\u00e9fense \u00e9taient en revanche pr\u00e9sentes \u00e0 l'audience.\n<\/p>\n<p  >\nl'avocate de Bizimungu, la Canadienne Me Michelyne Ch\u00e9nard Saint- Laurent, a d\u00e9clar\u00e9 que les accus\u00e9s ont adress\u00e9 au Tribunal \" une quarantaine de pages de dol\u00e9ances en rapport avec leurs droits\" bafou\u00e9s.\n<\/p>\n<p  >\nLes d\u00e9bats avaient \u00e9t\u00e9 suspendus la veille, pour vingt quatre heures, tous les accus\u00e9s \u00e9tant absents.\n<\/p>\n<p  >\nPlusieurs avocats exer\u00e7ant au TPIR et leurs clients ont d\u00e9clench\u00e9 mercredi une gr\u00e8ve de trois jours, \"\u00e9ventuellement reconductible\" pour protester contre \"la d\u00e9gradation des conditions de travail\".\n<\/p>\n<p  >\nLe proc\u00e8s le plus affect\u00e9 par ce mouvement est celui de quatre hauts grad\u00e9s des ex-Forces arm\u00e9es rwandaises (FAR), dont le colonel Th\u00e9oneste Bagosora, pr\u00e9sent\u00e9 par le parquet comme \" le cerveau\" du g\u00e9nocide. Les avocats et leurs clients ont boycott\u00e9 toutes les audiences.\n<\/p>\n<p  >\nJeudi en d\u00e9but D'apr\u00e8s-midi, les avocats gr\u00e9vistes ont tenu une conf\u00e9rence de presse au cours de laquelle ils ont pr\u00e9sent\u00e9 \"un cahier de revendications\" comportant quinze points.\n<\/p>\n<p  >\nLe document stipule notamment que \"les demandes faites surtout depuis 2003, aux conseils de la d\u00e9fense de justifier le d\u00e9tail de leurs prestations va au-del\u00e0 du principe accept\u00e9 D'une v\u00e9rification normale. l'attitude adopt\u00e9e par la section de l'administration d\u00e9passe largement l'objectif de contr\u00f4le et atteint directement le secret professionnel de l'avocat\".\n<\/p>\n<p  >\nLes avocats se plaignent par ailleurs que lors des visites au centre de d\u00e9tention, \"le passage au scanner, l'examen page par page de nos documents, la fouille manuelle avec palpation, le d\u00e9p\u00f4t de nos effets personnels inoffensifs dans un coffre constituent des \u00e9tapes humiliantes et injustifi\u00e9es que doivent subir les avocats afin de pouvoir rencontrer leurs clients\".\n<\/p>\n<p  >\nLes gr\u00e9vistes estiment en revanche que \"le passage de nos documents au scanner et le passage sous un portique de d\u00e9tection anti-m\u00e9taux constitue une mesure de s\u00e9curit\u00e9 suffisante\".\n<\/p>\n<p  >\nIls demandent en cons\u00e9quence \"le retour \u00e0 une pr\u00e9somption de bonne foi et la cessation de cette forme de harc\u00e8lement administrative de la part du greffe\".\n<\/p>\n<p  >\nLes avocats devraient rencontrer le pr\u00e9sident du TPIR, le juge norv\u00e9gien Erik Mose, jeudi soir, pour tenter de d\u00e9samorcer la crise. Le juge Mose s'\u00e9tait d\u00e9j\u00e0 entretenu avec eux mardi, mais il n'avait pas r\u00e9ussi \u00e0 les convaincre de renoncer \u00e0 leur mouvement.\n<\/p>\n<p  >\nER\/AT\/GF\/FH (GVII''0129A)<\/p>\n","protected":false},"excerpt":{"rendered":"<p>Arusha 29 janvier (FH) - Le proc\u00e8s dit \"Gouvernement II\" s'est poursuivi jeudi devant le Tribunal p\u00e9nal international pour le Rwanda (TPIR) en l'absence de trois des quatre accus\u00e9s, tous ex-ministres du gouvernement int\u00e9rimaire en place pendant le g\u00e9nocide anti-tutsi de 1994, a constat\u00e9 l'agence Hirondelle. Seul \u00e9tait pr\u00e9sent l'ancien ministre du commerce, Justin Mugenzi, [&hellip;]<\/p>\n","protected":false},"author":64,"featured_media":0,"comment_status":"open","ping_status":"closed","sticky":false,"template":"","format":"standard","meta":{"_acf_changed":false,"footnotes":""},"categories":[554],"tags":[],"ji_location":[],"class_list":["post-4483","post","type-post","status-publish","format-standard","hentry","category-hirondellenews"],"acf":[],"yoast_head":"<!-- This site is optimized with the Yoast SEO Premium plugin v25.3.1 (Yoast SEO v25.3.1) - https:\/\/yoast.com\/wordpress\/plugins\/seo\/ -->\n<title>29.01.2004 - TPIR\/GOUVERNEMENT II - LE PROCES S&#039;EST POURSUIVI EN l&#039;ABSENCE DE TROIS ACCUSES - JusticeInfo.net<\/title>\n<meta name=\"robots\" content=\"index, follow, max-snippet:-1, max-image-preview:large, max-video-preview:-1\" \/>\n<link rel=\"canonical\" href=\"https:\/\/www.justiceinfo.net\/fr\/4483-29012004-tpirgouvernement-ii-le-proces-sest-poursuivi-en-labsence-de-trois-accuses1273.html\" \/>\n<meta property=\"og:locale\" content=\"fr_FR\" \/>\n<meta property=\"og:type\" content=\"article\" \/>\n<meta property=\"og:title\" content=\"29.01.2004 - TPIR\/GOUVERNEMENT II - LE PROCES S&#039;EST POURSUIVI EN l&#039;ABSENCE DE TROIS ACCUSES\" \/>\n<meta property=\"og:description\" content=\"Arusha 29 janvier (FH) - Le proc\u00e8s dit &quot;Gouvernement II&quot; s&#039;est poursuivi jeudi devant le Tribunal p\u00e9nal international pour le Rwanda (TPIR) en l&#039;absence de trois des quatre accus\u00e9s, tous ex-ministres du gouvernement int\u00e9rimaire en place pendant le g\u00e9nocide anti-tutsi de 1994, a constat\u00e9 l&#039;agence Hirondelle. Seul \u00e9tait pr\u00e9sent l&#039;ancien ministre du commerce, Justin Mugenzi, [&hellip;]\" \/>\n<meta property=\"og:url\" content=\"https:\/\/www.justiceinfo.net\/fr\/4483-29012004-tpirgouvernement-ii-le-proces-sest-poursuivi-en-labsence-de-trois-accuses1273.html\" \/>\n<meta property=\"og:site_name\" content=\"JusticeInfo.net\" \/>\n<meta property=\"article:publisher\" content=\"https:\/\/www.facebook.com\/JusticeInfo\/\" \/>\n<meta property=\"article:published_time\" content=\"2004-01-28T23:00:00+00:00\" \/>\n<meta property=\"og:image\" content=\"https:\/\/www.justiceinfo.net\/wp-content\/uploads\/JusticeInfoNet_logo_1200x630px.jpg\" \/>\n\t<meta property=\"og:image:width\" content=\"1200\" \/>\n\t<meta property=\"og:image:height\" content=\"630\" \/>\n\t<meta property=\"og:image:type\" content=\"image\/jpeg\" \/>\n<meta name=\"author\" content=\"solivri\" \/>\n<meta name=\"twitter:card\" content=\"summary_large_image\" \/>\n<meta name=\"twitter:creator\" content=\"@justiceinfonet\" \/>\n<meta name=\"twitter:site\" content=\"@justiceinfonet\" \/>\n<meta name=\"twitter:label1\" content=\"\u00c9crit par\" \/>\n\t<meta name=\"twitter:data1\" content=\"solivri\" \/>\n\t<meta name=\"twitter:label2\" content=\"Dur\u00e9e de lecture estim\u00e9e\" \/>\n\t<meta name=\"twitter:data2\" content=\"3 minutes\" \/>\n<script type=\"application\/ld+json\" class=\"yoast-schema-graph\">{\"@context\":\"https:\/\/schema.org\",\"@graph\":[{\"@type\":\"NewsArticle\",\"@id\":\"https:\/\/www.justiceinfo.net\/fr\/4483-29012004-tpirgouvernement-ii-le-proces-sest-poursuivi-en-labsence-de-trois-accuses1273.html#article\",\"isPartOf\":{\"@id\":\"https:\/\/www.justiceinfo.net\/fr\/4483-29012004-tpirgouvernement-ii-le-proces-sest-poursuivi-en-labsence-de-trois-accuses1273.html\"},\"author\":{\"name\":\"solivri\",\"@id\":\"https:\/\/www.justiceinfo.net\/fr#\/schema\/person\/6e53cba1629e2e66f3fc1821d3091865\"},\"headline\":\"29.01.2004 - TPIR\/GOUVERNEMENT II - LE PROCES S'EST POURSUIVI EN l'ABSENCE DE TROIS ACCUSES\",\"datePublished\":\"2004-01-28T23:00:00+00:00\",\"mainEntityOfPage\":{\"@id\":\"https:\/\/www.justiceinfo.net\/fr\/4483-29012004-tpirgouvernement-ii-le-proces-sest-poursuivi-en-labsence-de-trois-accuses1273.html\"},\"wordCount\":554,\"commentCount\":0,\"publisher\":{\"@id\":\"https:\/\/www.justiceinfo.net\/fr#organization\"},\"articleSection\":[\"Hirondelle News\"],\"inLanguage\":\"fr-FR\",\"potentialAction\":[{\"@type\":\"CommentAction\",\"name\":\"Comment\",\"target\":[\"https:\/\/www.justiceinfo.net\/fr\/4483-29012004-tpirgouvernement-ii-le-proces-sest-poursuivi-en-labsence-de-trois-accuses1273.html#respond\"]}]},{\"@type\":\"WebPage\",\"@id\":\"https:\/\/www.justiceinfo.net\/fr\/4483-29012004-tpirgouvernement-ii-le-proces-sest-poursuivi-en-labsence-de-trois-accuses1273.html\",\"url\":\"https:\/\/www.justiceinfo.net\/fr\/4483-29012004-tpirgouvernement-ii-le-proces-sest-poursuivi-en-labsence-de-trois-accuses1273.html\",\"name\":\"29.01.2004 - TPIR\/GOUVERNEMENT II - LE PROCES S'EST POURSUIVI EN l'ABSENCE DE TROIS ACCUSES - JusticeInfo.net\",\"isPartOf\":{\"@id\":\"https:\/\/www.justiceinfo.net\/fr#website\"},\"datePublished\":\"2004-01-28T23:00:00+00:00\",\"breadcrumb\":{\"@id\":\"https:\/\/www.justiceinfo.net\/fr\/4483-29012004-tpirgouvernement-ii-le-proces-sest-poursuivi-en-labsence-de-trois-accuses1273.html#breadcrumb\"},\"inLanguage\":\"fr-FR\",\"potentialAction\":[{\"@type\":\"ReadAction\",\"target\":[\"https:\/\/www.justiceinfo.net\/fr\/4483-29012004-tpirgouvernement-ii-le-proces-sest-poursuivi-en-labsence-de-trois-accuses1273.html\"]}]},{\"@type\":\"BreadcrumbList\",\"@id\":\"https:\/\/www.justiceinfo.net\/fr\/4483-29012004-tpirgouvernement-ii-le-proces-sest-poursuivi-en-labsence-de-trois-accuses1273.html#breadcrumb\",\"itemListElement\":[{\"@type\":\"ListItem\",\"position\":1,\"name\":\"Home\",\"item\":\"https:\/\/www.justiceinfo.net\/fr\"},{\"@type\":\"ListItem\",\"position\":2,\"name\":\"29.01.2004 - TPIR\/GOUVERNEMENT II - LE PROCES S'EST POURSUIVI EN l'ABSENCE DE TROIS ACCUSES\"}]},{\"@type\":\"WebSite\",\"@id\":\"https:\/\/www.justiceinfo.net\/fr#website\",\"url\":\"https:\/\/www.justiceinfo.net\/fr\",\"name\":\"JusticeInfo.net\",\"description\":\"La justice doit \u00eatre vue pour \u00eatre rendue\",\"publisher\":{\"@id\":\"https:\/\/www.justiceinfo.net\/fr#organization\"},\"potentialAction\":[{\"@type\":\"SearchAction\",\"target\":{\"@type\":\"EntryPoint\",\"urlTemplate\":\"https:\/\/www.justiceinfo.net\/fr?s={search_term_string}\"},\"query-input\":{\"@type\":\"PropertyValueSpecification\",\"valueRequired\":true,\"valueName\":\"search_term_string\"}}],\"inLanguage\":\"fr-FR\"},{\"@type\":\"Organization\",\"@id\":\"https:\/\/www.justiceinfo.net\/fr#organization\",\"name\":\"Justice Info\",\"url\":\"https:\/\/www.justiceinfo.net\/fr\",\"logo\":{\"@type\":\"ImageObject\",\"inLanguage\":\"fr-FR\",\"@id\":\"https:\/\/www.justiceinfo.net\/fr#\/schema\/logo\/image\/\",\"url\":\"https:\/\/www.justiceinfo.net\/wp-content\/uploads\/justiceinfo_logo-trans_1200x1200px.png\",\"contentUrl\":\"https:\/\/www.justiceinfo.net\/wp-content\/uploads\/justiceinfo_logo-trans_1200x1200px.png\",\"width\":1199,\"height\":1200,\"caption\":\"Justice Info\"},\"image\":{\"@id\":\"https:\/\/www.justiceinfo.net\/fr#\/schema\/logo\/image\/\"},\"sameAs\":[\"https:\/\/www.facebook.com\/JusticeInfo\/\",\"https:\/\/x.com\/justiceinfonet\",\"https:\/\/www.linkedin.com\/company\/justice-info\",\"https:\/\/www.youtube.com\/channel\/UCyCEsARodyuWtkWyhn-e7pA\"]},{\"@type\":\"Person\",\"name\":\"solivri\",\"url\":\"\/fr\/?s=solivri\"}]}<\/script>\n<!-- \/ Yoast SEO Premium plugin. -->","yoast_head_json":{"title":"29.01.2004 - TPIR\/GOUVERNEMENT II - LE PROCES S'EST POURSUIVI EN l'ABSENCE DE TROIS ACCUSES - JusticeInfo.net","robots":{"index":"index","follow":"follow","max-snippet":"max-snippet:-1","max-image-preview":"max-image-preview:large","max-video-preview":"max-video-preview:-1"},"canonical":"https:\/\/www.justiceinfo.net\/fr\/4483-29012004-tpirgouvernement-ii-le-proces-sest-poursuivi-en-labsence-de-trois-accuses1273.html","og_locale":"fr_FR","og_type":"article","og_title":"29.01.2004 - TPIR\/GOUVERNEMENT II - LE PROCES S'EST POURSUIVI EN l'ABSENCE DE TROIS ACCUSES","og_description":"Arusha 29 janvier (FH) - Le proc\u00e8s dit \"Gouvernement II\" s'est poursuivi jeudi devant le Tribunal p\u00e9nal international pour le Rwanda (TPIR) en l'absence de trois des quatre accus\u00e9s, tous ex-ministres du gouvernement int\u00e9rimaire en place pendant le g\u00e9nocide anti-tutsi de 1994, a constat\u00e9 l'agence Hirondelle. Seul \u00e9tait pr\u00e9sent l'ancien ministre du commerce, Justin Mugenzi, [&hellip;]","og_url":"https:\/\/www.justiceinfo.net\/fr\/4483-29012004-tpirgouvernement-ii-le-proces-sest-poursuivi-en-labsence-de-trois-accuses1273.html","og_site_name":"JusticeInfo.net","article_publisher":"https:\/\/www.facebook.com\/JusticeInfo\/","article_published_time":"2004-01-28T23:00:00+00:00","og_image":[{"width":1200,"height":630,"url":"https:\/\/www.justiceinfo.net\/wp-content\/uploads\/JusticeInfoNet_logo_1200x630px.jpg","type":"image\/jpeg"}],"author":"solivri","twitter_card":"summary_large_image","twitter_creator":"@justiceinfonet","twitter_site":"@justiceinfonet","twitter_misc":{"\u00c9crit par":"solivri","Dur\u00e9e de lecture estim\u00e9e":"3 minutes"},"schema":{"@context":"https:\/\/schema.org","@graph":[{"@type":"NewsArticle","@id":"https:\/\/www.justiceinfo.net\/fr\/4483-29012004-tpirgouvernement-ii-le-proces-sest-poursuivi-en-labsence-de-trois-accuses1273.html#article","isPartOf":{"@id":"https:\/\/www.justiceinfo.net\/fr\/4483-29012004-tpirgouvernement-ii-le-proces-sest-poursuivi-en-labsence-de-trois-accuses1273.html"},"author":{"name":"solivri","@id":"https:\/\/www.justiceinfo.net\/fr#\/schema\/person\/6e53cba1629e2e66f3fc1821d3091865"},"headline":"29.01.2004 - TPIR\/GOUVERNEMENT II - LE PROCES S'EST POURSUIVI EN l'ABSENCE DE TROIS ACCUSES","datePublished":"2004-01-28T23:00:00+00:00","mainEntityOfPage":{"@id":"https:\/\/www.justiceinfo.net\/fr\/4483-29012004-tpirgouvernement-ii-le-proces-sest-poursuivi-en-labsence-de-trois-accuses1273.html"},"wordCount":554,"commentCount":0,"publisher":{"@id":"https:\/\/www.justiceinfo.net\/fr#organization"},"articleSection":["Hirondelle News"],"inLanguage":"fr-FR","potentialAction":[{"@type":"CommentAction","name":"Comment","target":["https:\/\/www.justiceinfo.net\/fr\/4483-29012004-tpirgouvernement-ii-le-proces-sest-poursuivi-en-labsence-de-trois-accuses1273.html#respond"]}]},{"@type":"WebPage","@id":"https:\/\/www.justiceinfo.net\/fr\/4483-29012004-tpirgouvernement-ii-le-proces-sest-poursuivi-en-labsence-de-trois-accuses1273.html","url":"https:\/\/www.justiceinfo.net\/fr\/4483-29012004-tpirgouvernement-ii-le-proces-sest-poursuivi-en-labsence-de-trois-accuses1273.html","name":"29.01.2004 - TPIR\/GOUVERNEMENT II - LE PROCES S'EST POURSUIVI EN l'ABSENCE DE TROIS ACCUSES - JusticeInfo.net","isPartOf":{"@id":"https:\/\/www.justiceinfo.net\/fr#website"},"datePublished":"2004-01-28T23:00:00+00:00","breadcrumb":{"@id":"https:\/\/www.justiceinfo.net\/fr\/4483-29012004-tpirgouvernement-ii-le-proces-sest-poursuivi-en-labsence-de-trois-accuses1273.html#breadcrumb"},"inLanguage":"fr-FR","potentialAction":[{"@type":"ReadAction","target":["https:\/\/www.justiceinfo.net\/fr\/4483-29012004-tpirgouvernement-ii-le-proces-sest-poursuivi-en-labsence-de-trois-accuses1273.html"]}]},{"@type":"BreadcrumbList","@id":"https:\/\/www.justiceinfo.net\/fr\/4483-29012004-tpirgouvernement-ii-le-proces-sest-poursuivi-en-labsence-de-trois-accuses1273.html#breadcrumb","itemListElement":[{"@type":"ListItem","position":1,"name":"Home","item":"https:\/\/www.justiceinfo.net\/fr"},{"@type":"ListItem","position":2,"name":"29.01.2004 - TPIR\/GOUVERNEMENT II - LE PROCES S'EST POURSUIVI EN l'ABSENCE DE TROIS ACCUSES"}]},{"@type":"WebSite","@id":"https:\/\/www.justiceinfo.net\/fr#website","url":"https:\/\/www.justiceinfo.net\/fr","name":"JusticeInfo.net","description":"La justice doit \u00eatre vue pour \u00eatre rendue","publisher":{"@id":"https:\/\/www.justiceinfo.net\/fr#organization"},"potentialAction":[{"@type":"SearchAction","target":{"@type":"EntryPoint","urlTemplate":"https:\/\/www.justiceinfo.net\/fr?s={search_term_string}"},"query-input":{"@type":"PropertyValueSpecification","valueRequired":true,"valueName":"search_term_string"}}],"inLanguage":"fr-FR"},{"@type":"Organization","@id":"https:\/\/www.justiceinfo.net\/fr#organization","name":"Justice Info","url":"https:\/\/www.justiceinfo.net\/fr","logo":{"@type":"ImageObject","inLanguage":"fr-FR","@id":"https:\/\/www.justiceinfo.net\/fr#\/schema\/logo\/image\/","url":"https:\/\/www.justiceinfo.net\/wp-content\/uploads\/justiceinfo_logo-trans_1200x1200px.png","contentUrl":"https:\/\/www.justiceinfo.net\/wp-content\/uploads\/justiceinfo_logo-trans_1200x1200px.png","width":1199,"height":1200,"caption":"Justice Info"},"image":{"@id":"https:\/\/www.justiceinfo.net\/fr#\/schema\/logo\/image\/"},"sameAs":["https:\/\/www.facebook.com\/JusticeInfo\/","https:\/\/x.com\/justiceinfonet","https:\/\/www.linkedin.com\/company\/justice-info","https:\/\/www.youtube.com\/channel\/UCyCEsARodyuWtkWyhn-e7pA"]},{"@type":"Person","name":"solivri","url":"\/fr\/?s=solivri"}]}},"_links":{"self":[{"href":"https:\/\/www.justiceinfo.net\/fr\/wp-json\/wp\/v2\/posts\/4483","targetHints":{"allow":["GET"]}}],"collection":[{"href":"https:\/\/www.justiceinfo.net\/fr\/wp-json\/wp\/v2\/posts"}],"about":[{"href":"https:\/\/www.justiceinfo.net\/fr\/wp-json\/wp\/v2\/types\/post"}],"author":[{"embeddable":true,"href":"https:\/\/www.justiceinfo.net\/fr\/wp-json\/wp\/v2\/users\/64"}],"replies":[{"embeddable":true,"href":"https:\/\/www.justiceinfo.net\/fr\/wp-json\/wp\/v2\/comments?post=4483"}],"version-history":[{"count":0,"href":"https:\/\/www.justiceinfo.net\/fr\/wp-json\/wp\/v2\/posts\/4483\/revisions"}],"wp:attachment":[{"href":"https:\/\/www.justiceinfo.net\/fr\/wp-json\/wp\/v2\/media?parent=4483"}],"wp:term":[{"taxonomy":"category","embeddable":true,"href":"https:\/\/www.justiceinfo.net\/fr\/wp-json\/wp\/v2\/categories?post=4483"},{"taxonomy":"post_tag","embeddable":true,"href":"https:\/\/www.justiceinfo.net\/fr\/wp-json\/wp\/v2\/tags?post=4483"},{"taxonomy":"ji_location","embeddable":true,"href":"https:\/\/www.justiceinfo.net\/fr\/wp-json\/wp\/v2\/ji_location?post=4483"}],"curies":[{"name":"wp","href":"https:\/\/api.w.org\/{rel}","templated":true}]}}