{"id":44907,"date":"2020-07-14T03:42:27","date_gmt":"2020-07-14T01:42:27","guid":{"rendered":"https:\/\/www.justiceinfo.net\/44907-david-colley-le-pire-directeur-de-prison-de-gambie.html"},"modified":"2020-07-14T03:42:27","modified_gmt":"2020-07-14T01:42:27","slug":"david-colley-le-pire-directeur-de-prison-de-gambie","status":"publish","type":"post","link":"https:\/\/www.justiceinfo.net\/fr\/44907-david-colley-le-pire-directeur-de-prison-de-gambie.html","title":{"rendered":"David Colley, le pire directeur de prison de Gambie"},"content":{"rendered":"<p><strong>C'\u00e9tait un t\u00e9moignage marathon. Pendant trois jours, David Colley, l\u2019homme qui a le plus longtemps dirig\u00e9 la tristement c\u00e9l\u00e8bre prison de Mile 2, a comparu devant la Commission v\u00e9rit\u00e9, r\u00e9conciliation et r\u00e9parations de Gambie. La p\u00e9riode o\u00f9 il officiait est rest\u00e9e marqu\u00e9e dans les m\u00e9moires par la mort, la torture, la d\u00e9tention ill\u00e9gale et les mauvais traitements des prisonniers. Mais il a eu du mal \u00e0 le reconna\u00eetre.<\/strong><\/p>\n<p><!--more--><\/p>\n<p>Son nom est bien connu en Gambie. David Colley a \u00e9t\u00e9 le plus longtemps directeur g\u00e9n\u00e9ral de l'\u00a0<a href=\"fr\/commissions-verite\/44651-verite-derriere-murs-mile-2-cinq-etoiles-jammeh.html\">\u00ab\u00a0h\u00f4tel cinq \u00e9toiles\u00a0\u00bb<\/a> de l'ancien pr\u00e9sident Yahya Jammeh, un euph\u00e9misme pour Mile 2, une prison notoire construite par les Britanniques en 1920 dans une zone mar\u00e9cageuse infest\u00e9e de moustiques, \u00e0 la p\u00e9riph\u00e9rie de Banjul, la capitale de la Gambie.<\/p>\n<p>Colley a travaill\u00e9 plus de 30 ans dans le syst\u00e8me p\u00e9nitentiaire, dont 13 ans en tant que directeur g\u00e9n\u00e9ral. Son nom a \u00e9t\u00e9 le plus mentionn\u00e9 devant la Commission v\u00e9rit\u00e9, r\u00e9conciliation et r\u00e9paration (TRRC) dans son enqu\u00eate sur les violations commises \u00e0 la prison de Mile 2. D\u00e9but juillet, il a \u00e9t\u00e9 le 22e t\u00e9moin \u00e0 t\u00e9moigner sur les conditions de d\u00e9tention dans les prisons de Jammeh de 1994 \u00e0 2016. Il a pass\u00e9 trois jours \u00e0 r\u00e9pondre \u00e0 des questions sur la mort, la torture, la d\u00e9tention ill\u00e9gale, la mauvaise alimentation et les mauvaises installations m\u00e9dicales dont souffraient les prisonniers.<\/p>\n<p>Avant sa comparution, quatre semaines de t\u00e9moignages connexes ont \u00e9t\u00e9 entendus par la TRRC. La Commission a pu \u00e9tablir qu'au moins 41 personnes sont mortes \u00e0 Mile 2 entre 1994 et 2017. Au moins deux, Ebrima Joof et Lamarana Jallow, sont mortes des suites de la torture, selon les t\u00e9moignages, alors que les principales causes de d\u00e9c\u00e8s r\u00e9sultent d'une mauvaise alimentation. Ainsi, en janvier 2006, cinq d\u00e9tenus sont d\u00e9c\u00e9d\u00e9s. Cela co\u00efncide avec une \u00e9poque o\u00f9 Colley aurait nourri des prisonniers avec la carcasse d'un taureau, une all\u00e9gation que Colley a d\u00e9mentie.<\/p>\n<p>\u00ab\u00a0L'all\u00e9gation est que pendant votre temps, vous avez pr\u00e9sid\u00e9 un syst\u00e8me carc\u00e9ral qui n'\u00e9tait pas adapt\u00e9 \u00e0 sa finalit\u00e9. En fait, j'ai la d\u00e9claration d'Amadou Scattred Janneh (ndlr: activiste \u00e0 l'\u00e9poque, aujourd'hui membre du principal parti de l'opposition), qui a d\u00e9crit la prison comme la pire prison du monde\u00a0\u00bb, a d\u00e9clar\u00e9 Essa Faal, l'avocat principal de la TRRC, alors que Colley commen\u00e7ait son t\u00e9moignage.<\/p>\n<h3>\u00ab\u00a0Je n'\u00e9tais pas l\u00e0\u00a0\u00bb<\/h3>\n<p>Colley, 62 ans, manquait d'intelligence et d'\u00e9ducation selon Faal. \u00ab\u00a0L'administration p\u00e9nitentiaire a \u00e9t\u00e9 laiss\u00e9e aux mains de personnes qui ne savaient pas ce qu'elles faisaient\u00a0\u00bb, a-t-il d\u00e9clar\u00e9 devant le t\u00e9moin, qui a pr\u00e9cis\u00e9 qu'il a \u00ab\u00a0obtenu son dipl\u00f4me \u00e0 la fin du coll\u00e8ge\u00a0\u00bb. Les d\u00e9clarations de Colley n'\u00e9taient pas coh\u00e9rentes sur le contr\u00f4le qu'il exer\u00e7ait sur les prisons, face \u00e0 l'Agence nationale de renseignement (NIA) ou aux \u00ab\u00a0Junglers\u00a0\u00bb, un groupe de commandos militaires qui relevaient directement de Jammeh. Il a dit qu'il \u00e9tait responsable tout en admettant que le quartier de s\u00e9curit\u00e9 de Mile 2, o\u00f9 \u00e9taient gard\u00e9s des prisonniers durs ou dits de haut niveau, \u00e9tait contr\u00f4l\u00e9 par des membres des Junglers et de la NIA. \"Ils amenaient [les prisonniers] g\u00e9n\u00e9ralement la nuit, quand j'\u00e9tais \u00e0 la maison\", a d\u00e9clar\u00e9 Colley. \"Je n'ai pas de contr\u00f4le sur [les Junglers et la NIA]\". Cependant, il a admis avoir ouvert la prison \u00e0 la NIA et aux Junglers qui y d\u00e9tenaient ill\u00e9galement et torturaient des d\u00e9tenus amen\u00e9s sans papiers.<\/p>\n<p>Colley dit qu'il avait port\u00e9 les d\u00e9tentions ill\u00e9gales \u00e0 l'attention du ministre de l'Int\u00e9rieur Ousman Sonko. \"Il [Sonko] me disait de l'accepter. Ce n'\u00e9tait pas la proc\u00e9dure normale, mais qu'esp\u00e9rez-vous que je puisse faire ?\" <a href=\"fr\/commissions-verite\/44217-sonko-dessous-dossier-suisse-vu-de-la-commission-verite-de-gambie.html\">Sonko<\/a> est actuellement poursuivi pour crimes contre l\u2019humanit\u00e9 et plac\u00e9 en d\u00e9tention pr\u00e9ventive en Suisse depuis 2017.<\/p>\n<p>- \"Le fait est que vous avez donn\u00e9 carte blanche \u00e0 ces agents de s\u00e9curit\u00e9 pour entrer dans les prisons, faire ce qu'ils voulaient et emmener qui ils voulaient. C'est ce qui se passait avant\", a d\u00e9clar\u00e9 Faal \u00e0 Colley.<\/p>\n<p>- \"Bien s\u00fbr\", a admis Colley.<\/p>\n<p>- \"C'\u00e9tait ill\u00e9gal.\"<\/p>\n<p>- \"Quelqu'un qui vient et vous approche avec une arme, et m\u00eame moi, je ne suis pas arm\u00e9, que vais-je faire ?\"<\/p>\n<p>- \"Qui vous a menac\u00e9 avec une arme ? La NIA ou les Junglers ?\"<\/p>\n<p>- \"Je n'\u00e9tais pas l\u00e0. Ils ne viennent g\u00e9n\u00e9ralement pas pendant la journ\u00e9e. Donc, mes officiers \u00e9taient l\u00e0.\"<\/p>\n<p>- \"Avez-vous d\u00e9j\u00e0 fait quelque chose contre leur entr\u00e9e ill\u00e9gale dans la prison ?\"<\/p>\n<p>- \"Je n'y ai jamais pens\u00e9, sinon je perdrais la vie.\"<\/p>\n<p>- \"Et la raison pour laquelle vous ne vouliez rien faire, c'est parce que vous aviez peur\"<\/p>\n<p>- \"Oui, je ne voulais pas perdre ma vie.\"<\/p>\n<figure><img decoding=\"async\" title=\"Une cellule de la prison de Mile 2\" src=\"media\/cellule-edit.jpg\" alt=\"Une cellule de la prison de Mile 2\" \/><figcaption>Une cellule de la tristement c\u00e9l\u00e8bre prison de Mile 2 \u00e0 Banjul. Au moins 41 personnes y sont mortes entre 1994 et 2017, selon la Commission V\u00e9rit\u00e9 de Gambie. \u00a9 Mustapha K. Darboe<\/figcaption><\/figure>\n<h3>Le meurtre de Baba Jobe<\/h3>\n<p>Les vingt-deux ans de r\u00e8gne de Jammeh ressemblaient parfois \u00e0 Game of Thrones : un conte de trahison, de tra\u00eetrise et de mort o\u00f9 d'anciens amis tombent sur l'\u00e9p\u00e9e tranchante du dictateur. En janvier 2017, lorsque Jammeh a perdu le pouvoir, aucune des personnes qui avaient jou\u00e9 un r\u00f4le majeur dans le coup d'\u00c9tat militaire du 22 juillet 1994 ne faisait plus partie de son cabinet.<\/p>\n<p>En haut de cette longue liste d'anciens amis d\u00e9chus, il y a Baba Jobe. Jobe, surnomm\u00e9 \u00ab\u00a0le distributeur d\u2019argent\u00a0\u00bb, a \u00e9t\u00e9 form\u00e9 en Libye et s'est saoul\u00e9 avec les id\u00e9es r\u00e9volutionnaires de Kadhafi. Il est devenu l'un des principaux acteurs des premi\u00e8res conceptions de ce que Jammeh appelait la \u00ab\u00a0r\u00e9volution du 22 juillet\u00a0\u00bb. Jobe a \u00e9t\u00e9 cr\u00e9dit\u00e9 d'avoir cr\u00e9\u00e9 les \u00ab\u00a0jeunes verts\u00a0\u00bb, le mouvement de jeunesse de Jammeh accus\u00e9 de plusieurs violations des droits de l'homme, y compris la torture de d\u00e9tenus politiques.<\/p>\n<p>Mais en 2003, Jammeh s'est brouill\u00e9 avec Jobe, dont l'influence grandissait au sein du parti Alliance pour la r\u00e9orientation et la construction patriotiques, au pouvoir. Jobe a \u00e9t\u00e9 condamn\u00e9 pour fraude et crimes \u00e9conomiques et emprisonn\u00e9 \u00e0 Mile 2. \u00c0 la fin de sa peine de neuf ans, Jammeh a refus\u00e9 de le lib\u00e9rer. Le 22 juin, Tida Jaiteh, la veuve de Jobe, a comparu devant la TRRC. Elle a parl\u00e9 de plusieurs efforts infructueux d\u00e9ploy\u00e9s pour demander \u00e0 Jammeh de lib\u00e9rer son mari. Elle a dit qu'elle avait d\u00fb soudoyer Colley avec un g\u00e9n\u00e9rateur et un t\u00e9l\u00e9viseur afin de s'assurer que son mari recevrait de bons soins. Colley a admis avoir re\u00e7u un t\u00e9l\u00e9viseur mais n'a pas voulu consid\u00e9rer cela comme un pot-de-vin.<\/p>\n<p>Jobe sera plus tard tu\u00e9 par les Junglers sur son lit d'h\u00f4pital \u00e0 Banjul. <a href=\"fr\/commissions-verite\/42025-gambie-terreur-brute-devant-la-trrc.html\">Omar Jallow<\/a>, un Jungler, a avou\u00e9 l'ann\u00e9e derni\u00e8re devant la Commission avoir fait partie de ceux qui ont \u00e9touff\u00e9 Jobe avec son oreiller. Jallow a \u00e9galement d\u00e9clar\u00e9 que l'agent de la prison qui \u00e9tait de garde ce jour-l\u00e0 savait qu'ils viendraient pour Colley. Cet officier de prison \u00e9tait Lamin Sanneh, le propre garde du corps de Colley. Sanneh a dit qu'il avait re\u00e7u un appel de Colley la nuit lui demandant de laisser entrer les personnes qui venaient voir Jobe. C'\u00e9tait les Junglers. Le matin, Jobe a \u00e9t\u00e9 retrouv\u00e9 mort. Normalement, ce sont les Junglers qui auraient d\u00fb garder Jobe \u00e0 l'h\u00f4pital, et non le garde du corps du directeur g\u00e9n\u00e9ral, a admis Colley.<\/p>\n<p><span style=\"boorder: 1px solid #ccc;\"><div class=\"articleLink articleLink--editorRecommanded articleLink--textInImage articleLink--textTop\" style=\"\">\r\n\t\t\t\t\t\r\n\t\t\t<div class=\"articleLinkSurTitle\">Recommand\u00e9 par la r\u00e9daction<\/div>\r\n\t\t\t<a class=\"articleLinkImageLink\" href=\"https:\/\/www.justiceinfo.net\/fr\/44651-verite-derriere-murs-mile-2-cinq-etoiles-jammeh.html\"><div class=\"articleLinkImageContainer \"><img loading=\"lazy\" decoding=\"async\" width=\"540\" height=\"360\" src=\"https:\/\/www.justiceinfo.net\/wp-content\/uploads\/2a7577cc0b50ca99b90552024ba7072e-540x360.jpg\" class=\"articleLinkImage backgroundImageTag w-100 wp-post-image\" alt=\"\" srcset=\"https:\/\/www.justiceinfo.net\/wp-content\/uploads\/2a7577cc0b50ca99b90552024ba7072e-540x360.jpg 540w, https:\/\/www.justiceinfo.net\/wp-content\/uploads\/2a7577cc0b50ca99b90552024ba7072e-730x487.jpg 730w, https:\/\/www.justiceinfo.net\/wp-content\/uploads\/2a7577cc0b50ca99b90552024ba7072e-1110x740.jpg 1110w, https:\/\/www.justiceinfo.net\/wp-content\/uploads\/2a7577cc0b50ca99b90552024ba7072e.jpg 1200w\" sizes=\"auto, (max-width: 540px) 100vw, 540px\" \/><\/div><\/a>\r\n\t\t\t<a href=\"https:\/\/www.justiceinfo.net\/fr\/44651-verite-derriere-murs-mile-2-cinq-etoiles-jammeh.html\" class=\"articleLinkTitle articleLinkTitle--default\">\r\n\t\t\tLa v\u00e9rit\u00e9 derri\u00e8re les murs de Mile 2, le \u00ab cinq \u00e9toiles \u00bb de Jammeh\r\n\t\t<\/a>\r\n\t\t\r\n\t\t\t\t<\/div><\/span><\/p>\n<h3>Reconnaissances tardives<\/h3>\n<p>\"Vous \u00eates un meurtrier et vous avez particip\u00e9 au meurtre de Baba Jobe. Vous avez envoy\u00e9 votre homme de confiance comme seul gardien dans le cadre de votre sinistre plan pour le tuer\", a d\u00e9clar\u00e9 Faal au t\u00e9moin. Mais Colley a ni\u00e9. \"Je lui ai fait confiance, mais je ne lui ai jamais demand\u00e9 de permettre aux Junglers de tuer Baba Jobe\", a d\u00e9clar\u00e9 Colley.<\/p>\n<p>Cinq t\u00e9moins, dont Lamin Jah et Soriba Conde, ont impliqu\u00e9 Colley dans la torture de prisonniers. Selon leurs t\u00e9moignages, l'endroit o\u00f9 les prisonniers \u00e9taient battus, appel\u00e9 \"talk true\", se trouvait juste derri\u00e8re le bureau de Colley. Selon Colley, le r\u00e8glement de la prison permettait de donner aux prisonniers douze coups de fouet. Le 7 juillet, le dernier jour de son t\u00e9moignage, il a avou\u00e9 avoir ordonn\u00e9 le passage \u00e0 tabac de Jah et Cond\u00e9, qui faisaient l'objet d'une enqu\u00eate pour avoir introduit clandestinement un t\u00e9l\u00e9phone portable dans leur cellule. \"Ils \u00e9taient derri\u00e8re mon bureau. Ils devaient avouer pour que nous puissions obtenir ce que nous voulions. Je les entendais crier et pleurer\", a admis Colley, apr\u00e8s avoir dit qu'il n'\u00e9tait pas au courant de la torture. Il a \u00e9galement reconnu la terrible qualit\u00e9 de la nourriture des prisonniers. \"Oui, c'est vrai. M\u00eame moi, quand j\u2019\u00e9tais officier subalterne, j'avais l'habitude d'escorter les prisonniers pour aller jeter la nourriture\", a-t-il dit.<\/p>\n","protected":false},"excerpt":{"rendered":"<p>C'\u00e9tait un t\u00e9moignage marathon. Pendant trois jours, David Colley, l\u2019homme qui a le plus longtemps dirig\u00e9 la tristement c\u00e9l\u00e8bre prison de Mile 2, a comparu devant la Commission v\u00e9rit\u00e9, r\u00e9conciliation et r\u00e9parations de Gambie. La p\u00e9riode o\u00f9 il officiait est rest\u00e9e marqu\u00e9e dans les m\u00e9moires par la mort, la torture, la d\u00e9tention ill\u00e9gale et les [&hellip;]<\/p>\n","protected":false},"author":73,"featured_media":61325,"comment_status":"open","ping_status":"closed","sticky":false,"template":"","format":"standard","meta":{"_acf_changed":false,"footnotes":""},"categories":[548],"tags":[],"ji_location":[2508],"class_list":["post-44907","post","type-post","status-publish","format-standard","has-post-thumbnail","hentry","category-commissions-verite","ji_location-gambie"],"acf":[],"yoast_head":"<!-- This site is optimized with the Yoast SEO Premium plugin v25.3.1 (Yoast SEO v25.3.1) - https:\/\/yoast.com\/wordpress\/plugins\/seo\/ -->\n<title>David Colley, le pire directeur de prison de Gambie - JusticeInfo.net<\/title>\n<meta name=\"robots\" content=\"index, follow, max-snippet:-1, max-image-preview:large, max-video-preview:-1\" \/>\n<link rel=\"canonical\" href=\"https:\/\/www.justiceinfo.net\/fr\/44907-david-colley-le-pire-directeur-de-prison-de-gambie.html\" \/>\n<meta property=\"og:locale\" content=\"fr_FR\" \/>\n<meta property=\"og:type\" content=\"article\" \/>\n<meta property=\"og:title\" content=\"David Colley, le pire directeur de prison de Gambie\" \/>\n<meta property=\"og:description\" content=\"C&#039;\u00e9tait un t\u00e9moignage marathon. Pendant trois jours, David Colley, l\u2019homme qui a le plus longtemps dirig\u00e9 la tristement c\u00e9l\u00e8bre prison de Mile 2, a comparu devant la Commission v\u00e9rit\u00e9, r\u00e9conciliation et r\u00e9parations de Gambie. La p\u00e9riode o\u00f9 il officiait est rest\u00e9e marqu\u00e9e dans les m\u00e9moires par la mort, la torture, la d\u00e9tention ill\u00e9gale et les [&hellip;]\" \/>\n<meta property=\"og:url\" content=\"https:\/\/www.justiceinfo.net\/fr\/44907-david-colley-le-pire-directeur-de-prison-de-gambie.html\" \/>\n<meta property=\"og:site_name\" content=\"JusticeInfo.net\" \/>\n<meta property=\"article:publisher\" content=\"https:\/\/www.facebook.com\/JusticeInfo\/\" \/>\n<meta property=\"article:published_time\" content=\"2020-07-14T01:42:27+00:00\" \/>\n<meta property=\"og:image\" content=\"https:\/\/www.justiceinfo.net\/wp-content\/uploads\/d0108a3bb39ef2c479de0bb470f6da82.jpg\" \/>\n\t<meta property=\"og:image:width\" content=\"1200\" \/>\n\t<meta property=\"og:image:height\" content=\"800\" \/>\n\t<meta property=\"og:image:type\" content=\"image\/jpeg\" \/>\n<meta name=\"author\" content=\"Mustapha K. Darboe\" \/>\n<meta name=\"twitter:card\" content=\"summary_large_image\" \/>\n<meta name=\"twitter:creator\" content=\"@justiceinfonet\" \/>\n<meta name=\"twitter:site\" content=\"@justiceinfonet\" \/>\n<meta name=\"twitter:label1\" content=\"\u00c9crit par\" \/>\n\t<meta name=\"twitter:data1\" content=\"Mustapha K. Darboe\" \/>\n\t<meta name=\"twitter:label2\" content=\"Dur\u00e9e de lecture estim\u00e9e\" \/>\n\t<meta name=\"twitter:data2\" content=\"8 minutes\" \/>\n<script type=\"application\/ld+json\" class=\"yoast-schema-graph\">{\"@context\":\"https:\/\/schema.org\",\"@graph\":[{\"@type\":\"NewsArticle\",\"@id\":\"https:\/\/www.justiceinfo.net\/fr\/44907-david-colley-le-pire-directeur-de-prison-de-gambie.html#article\",\"isPartOf\":{\"@id\":\"https:\/\/www.justiceinfo.net\/fr\/44907-david-colley-le-pire-directeur-de-prison-de-gambie.html\"},\"author\":{\"name\":\"mdarboe\",\"@id\":\"https:\/\/www.justiceinfo.net\/fr#\/schema\/person\/87683ef8eb6db0f513bc2be3db6f3012\"},\"headline\":\"David Colley, le pire directeur de prison de Gambie\",\"datePublished\":\"2020-07-14T01:42:27+00:00\",\"mainEntityOfPage\":{\"@id\":\"https:\/\/www.justiceinfo.net\/fr\/44907-david-colley-le-pire-directeur-de-prison-de-gambie.html\"},\"wordCount\":1595,\"commentCount\":0,\"publisher\":{\"@id\":\"https:\/\/www.justiceinfo.net\/fr#organization\"},\"image\":{\"@id\":\"https:\/\/www.justiceinfo.net\/fr\/44907-david-colley-le-pire-directeur-de-prison-de-gambie.html#primaryimage\"},\"thumbnailUrl\":\"https:\/\/www.justiceinfo.net\/wp-content\/uploads\/d0108a3bb39ef2c479de0bb470f6da82.jpg\",\"articleSection\":[\"Commissions v\u00e9rit\u00e9\"],\"inLanguage\":\"fr-FR\",\"potentialAction\":[{\"@type\":\"CommentAction\",\"name\":\"Comment\",\"target\":[\"https:\/\/www.justiceinfo.net\/fr\/44907-david-colley-le-pire-directeur-de-prison-de-gambie.html#respond\"]}]},{\"@type\":\"WebPage\",\"@id\":\"https:\/\/www.justiceinfo.net\/fr\/44907-david-colley-le-pire-directeur-de-prison-de-gambie.html\",\"url\":\"https:\/\/www.justiceinfo.net\/fr\/44907-david-colley-le-pire-directeur-de-prison-de-gambie.html\",\"name\":\"David Colley, le pire directeur de prison de Gambie - JusticeInfo.net\",\"isPartOf\":{\"@id\":\"https:\/\/www.justiceinfo.net\/fr#website\"},\"primaryImageOfPage\":{\"@id\":\"https:\/\/www.justiceinfo.net\/fr\/44907-david-colley-le-pire-directeur-de-prison-de-gambie.html#primaryimage\"},\"image\":{\"@id\":\"https:\/\/www.justiceinfo.net\/fr\/44907-david-colley-le-pire-directeur-de-prison-de-gambie.html#primaryimage\"},\"thumbnailUrl\":\"https:\/\/www.justiceinfo.net\/wp-content\/uploads\/d0108a3bb39ef2c479de0bb470f6da82.jpg\",\"datePublished\":\"2020-07-14T01:42:27+00:00\",\"breadcrumb\":{\"@id\":\"https:\/\/www.justiceinfo.net\/fr\/44907-david-colley-le-pire-directeur-de-prison-de-gambie.html#breadcrumb\"},\"inLanguage\":\"fr-FR\",\"potentialAction\":[{\"@type\":\"ReadAction\",\"target\":[\"https:\/\/www.justiceinfo.net\/fr\/44907-david-colley-le-pire-directeur-de-prison-de-gambie.html\"]}]},{\"@type\":\"ImageObject\",\"inLanguage\":\"fr-FR\",\"@id\":\"https:\/\/www.justiceinfo.net\/fr\/44907-david-colley-le-pire-directeur-de-prison-de-gambie.html#primaryimage\",\"url\":\"https:\/\/www.justiceinfo.net\/wp-content\/uploads\/d0108a3bb39ef2c479de0bb470f6da82.jpg\",\"contentUrl\":\"https:\/\/www.justiceinfo.net\/wp-content\/uploads\/d0108a3bb39ef2c479de0bb470f6da82.jpg\",\"width\":1200,\"height\":800},{\"@type\":\"BreadcrumbList\",\"@id\":\"https:\/\/www.justiceinfo.net\/fr\/44907-david-colley-le-pire-directeur-de-prison-de-gambie.html#breadcrumb\",\"itemListElement\":[{\"@type\":\"ListItem\",\"position\":1,\"name\":\"Home\",\"item\":\"https:\/\/www.justiceinfo.net\/fr\"},{\"@type\":\"ListItem\",\"position\":2,\"name\":\"David Colley, le pire directeur de prison de Gambie\"}]},{\"@type\":\"WebSite\",\"@id\":\"https:\/\/www.justiceinfo.net\/fr#website\",\"url\":\"https:\/\/www.justiceinfo.net\/fr\",\"name\":\"JusticeInfo.net\",\"description\":\"La justice doit \u00eatre vue pour \u00eatre rendue\",\"publisher\":{\"@id\":\"https:\/\/www.justiceinfo.net\/fr#organization\"},\"potentialAction\":[{\"@type\":\"SearchAction\",\"target\":{\"@type\":\"EntryPoint\",\"urlTemplate\":\"https:\/\/www.justiceinfo.net\/fr?s={search_term_string}\"},\"query-input\":{\"@type\":\"PropertyValueSpecification\",\"valueRequired\":true,\"valueName\":\"search_term_string\"}}],\"inLanguage\":\"fr-FR\"},{\"@type\":\"Organization\",\"@id\":\"https:\/\/www.justiceinfo.net\/fr#organization\",\"name\":\"Justice Info\",\"url\":\"https:\/\/www.justiceinfo.net\/fr\",\"logo\":{\"@type\":\"ImageObject\",\"inLanguage\":\"fr-FR\",\"@id\":\"https:\/\/www.justiceinfo.net\/fr#\/schema\/logo\/image\/\",\"url\":\"https:\/\/www.justiceinfo.net\/wp-content\/uploads\/justiceinfo_logo-trans_1200x1200px.png\",\"contentUrl\":\"https:\/\/www.justiceinfo.net\/wp-content\/uploads\/justiceinfo_logo-trans_1200x1200px.png\",\"width\":1199,\"height\":1200,\"caption\":\"Justice Info\"},\"image\":{\"@id\":\"https:\/\/www.justiceinfo.net\/fr#\/schema\/logo\/image\/\"},\"sameAs\":[\"https:\/\/www.facebook.com\/JusticeInfo\/\",\"https:\/\/x.com\/justiceinfonet\",\"https:\/\/www.linkedin.com\/company\/justice-info\",\"https:\/\/www.youtube.com\/channel\/UCyCEsARodyuWtkWyhn-e7pA\"]},{\"@type\":\"Person\",\"name\":\"Mustapha K. Darboe\",\"url\":\"https:\/\/www.justiceinfo.net\/fr\/auteur\/mdarboe\"}]}<\/script>\n<!-- \/ Yoast SEO Premium plugin. -->","yoast_head_json":{"title":"David Colley, le pire directeur de prison de Gambie - JusticeInfo.net","robots":{"index":"index","follow":"follow","max-snippet":"max-snippet:-1","max-image-preview":"max-image-preview:large","max-video-preview":"max-video-preview:-1"},"canonical":"https:\/\/www.justiceinfo.net\/fr\/44907-david-colley-le-pire-directeur-de-prison-de-gambie.html","og_locale":"fr_FR","og_type":"article","og_title":"David Colley, le pire directeur de prison de Gambie","og_description":"C'\u00e9tait un t\u00e9moignage marathon. Pendant trois jours, David Colley, l\u2019homme qui a le plus longtemps dirig\u00e9 la tristement c\u00e9l\u00e8bre prison de Mile 2, a comparu devant la Commission v\u00e9rit\u00e9, r\u00e9conciliation et r\u00e9parations de Gambie. La p\u00e9riode o\u00f9 il officiait est rest\u00e9e marqu\u00e9e dans les m\u00e9moires par la mort, la torture, la d\u00e9tention ill\u00e9gale et les [&hellip;]","og_url":"https:\/\/www.justiceinfo.net\/fr\/44907-david-colley-le-pire-directeur-de-prison-de-gambie.html","og_site_name":"JusticeInfo.net","article_publisher":"https:\/\/www.facebook.com\/JusticeInfo\/","article_published_time":"2020-07-14T01:42:27+00:00","og_image":[{"width":1200,"height":800,"url":"https:\/\/www.justiceinfo.net\/wp-content\/uploads\/d0108a3bb39ef2c479de0bb470f6da82.jpg","type":"image\/jpeg"}],"author":"Mustapha K. Darboe","twitter_card":"summary_large_image","twitter_creator":"@justiceinfonet","twitter_site":"@justiceinfonet","twitter_misc":{"\u00c9crit par":"Mustapha K. Darboe","Dur\u00e9e de lecture estim\u00e9e":"8 minutes"},"schema":{"@context":"https:\/\/schema.org","@graph":[{"@type":"NewsArticle","@id":"https:\/\/www.justiceinfo.net\/fr\/44907-david-colley-le-pire-directeur-de-prison-de-gambie.html#article","isPartOf":{"@id":"https:\/\/www.justiceinfo.net\/fr\/44907-david-colley-le-pire-directeur-de-prison-de-gambie.html"},"author":{"name":"mdarboe","@id":"https:\/\/www.justiceinfo.net\/fr#\/schema\/person\/87683ef8eb6db0f513bc2be3db6f3012"},"headline":"David Colley, le pire directeur de prison de Gambie","datePublished":"2020-07-14T01:42:27+00:00","mainEntityOfPage":{"@id":"https:\/\/www.justiceinfo.net\/fr\/44907-david-colley-le-pire-directeur-de-prison-de-gambie.html"},"wordCount":1595,"commentCount":0,"publisher":{"@id":"https:\/\/www.justiceinfo.net\/fr#organization"},"image":{"@id":"https:\/\/www.justiceinfo.net\/fr\/44907-david-colley-le-pire-directeur-de-prison-de-gambie.html#primaryimage"},"thumbnailUrl":"https:\/\/www.justiceinfo.net\/wp-content\/uploads\/d0108a3bb39ef2c479de0bb470f6da82.jpg","articleSection":["Commissions v\u00e9rit\u00e9"],"inLanguage":"fr-FR","potentialAction":[{"@type":"CommentAction","name":"Comment","target":["https:\/\/www.justiceinfo.net\/fr\/44907-david-colley-le-pire-directeur-de-prison-de-gambie.html#respond"]}]},{"@type":"WebPage","@id":"https:\/\/www.justiceinfo.net\/fr\/44907-david-colley-le-pire-directeur-de-prison-de-gambie.html","url":"https:\/\/www.justiceinfo.net\/fr\/44907-david-colley-le-pire-directeur-de-prison-de-gambie.html","name":"David Colley, le pire directeur de prison de Gambie - JusticeInfo.net","isPartOf":{"@id":"https:\/\/www.justiceinfo.net\/fr#website"},"primaryImageOfPage":{"@id":"https:\/\/www.justiceinfo.net\/fr\/44907-david-colley-le-pire-directeur-de-prison-de-gambie.html#primaryimage"},"image":{"@id":"https:\/\/www.justiceinfo.net\/fr\/44907-david-colley-le-pire-directeur-de-prison-de-gambie.html#primaryimage"},"thumbnailUrl":"https:\/\/www.justiceinfo.net\/wp-content\/uploads\/d0108a3bb39ef2c479de0bb470f6da82.jpg","datePublished":"2020-07-14T01:42:27+00:00","breadcrumb":{"@id":"https:\/\/www.justiceinfo.net\/fr\/44907-david-colley-le-pire-directeur-de-prison-de-gambie.html#breadcrumb"},"inLanguage":"fr-FR","potentialAction":[{"@type":"ReadAction","target":["https:\/\/www.justiceinfo.net\/fr\/44907-david-colley-le-pire-directeur-de-prison-de-gambie.html"]}]},{"@type":"ImageObject","inLanguage":"fr-FR","@id":"https:\/\/www.justiceinfo.net\/fr\/44907-david-colley-le-pire-directeur-de-prison-de-gambie.html#primaryimage","url":"https:\/\/www.justiceinfo.net\/wp-content\/uploads\/d0108a3bb39ef2c479de0bb470f6da82.jpg","contentUrl":"https:\/\/www.justiceinfo.net\/wp-content\/uploads\/d0108a3bb39ef2c479de0bb470f6da82.jpg","width":1200,"height":800},{"@type":"BreadcrumbList","@id":"https:\/\/www.justiceinfo.net\/fr\/44907-david-colley-le-pire-directeur-de-prison-de-gambie.html#breadcrumb","itemListElement":[{"@type":"ListItem","position":1,"name":"Home","item":"https:\/\/www.justiceinfo.net\/fr"},{"@type":"ListItem","position":2,"name":"David Colley, le pire directeur de prison de Gambie"}]},{"@type":"WebSite","@id":"https:\/\/www.justiceinfo.net\/fr#website","url":"https:\/\/www.justiceinfo.net\/fr","name":"JusticeInfo.net","description":"La justice doit \u00eatre vue pour \u00eatre rendue","publisher":{"@id":"https:\/\/www.justiceinfo.net\/fr#organization"},"potentialAction":[{"@type":"SearchAction","target":{"@type":"EntryPoint","urlTemplate":"https:\/\/www.justiceinfo.net\/fr?s={search_term_string}"},"query-input":{"@type":"PropertyValueSpecification","valueRequired":true,"valueName":"search_term_string"}}],"inLanguage":"fr-FR"},{"@type":"Organization","@id":"https:\/\/www.justiceinfo.net\/fr#organization","name":"Justice Info","url":"https:\/\/www.justiceinfo.net\/fr","logo":{"@type":"ImageObject","inLanguage":"fr-FR","@id":"https:\/\/www.justiceinfo.net\/fr#\/schema\/logo\/image\/","url":"https:\/\/www.justiceinfo.net\/wp-content\/uploads\/justiceinfo_logo-trans_1200x1200px.png","contentUrl":"https:\/\/www.justiceinfo.net\/wp-content\/uploads\/justiceinfo_logo-trans_1200x1200px.png","width":1199,"height":1200,"caption":"Justice Info"},"image":{"@id":"https:\/\/www.justiceinfo.net\/fr#\/schema\/logo\/image\/"},"sameAs":["https:\/\/www.facebook.com\/JusticeInfo\/","https:\/\/x.com\/justiceinfonet","https:\/\/www.linkedin.com\/company\/justice-info","https:\/\/www.youtube.com\/channel\/UCyCEsARodyuWtkWyhn-e7pA"]},{"@type":"Person","name":"Mustapha K. Darboe","url":"https:\/\/www.justiceinfo.net\/fr\/auteur\/mdarboe"}]}},"_links":{"self":[{"href":"https:\/\/www.justiceinfo.net\/fr\/wp-json\/wp\/v2\/posts\/44907","targetHints":{"allow":["GET"]}}],"collection":[{"href":"https:\/\/www.justiceinfo.net\/fr\/wp-json\/wp\/v2\/posts"}],"about":[{"href":"https:\/\/www.justiceinfo.net\/fr\/wp-json\/wp\/v2\/types\/post"}],"author":[{"embeddable":true,"href":"https:\/\/www.justiceinfo.net\/fr\/wp-json\/wp\/v2\/users\/73"}],"replies":[{"embeddable":true,"href":"https:\/\/www.justiceinfo.net\/fr\/wp-json\/wp\/v2\/comments?post=44907"}],"version-history":[{"count":0,"href":"https:\/\/www.justiceinfo.net\/fr\/wp-json\/wp\/v2\/posts\/44907\/revisions"}],"wp:featuredmedia":[{"embeddable":true,"href":"https:\/\/www.justiceinfo.net\/fr\/wp-json\/wp\/v2\/media\/61325"}],"wp:attachment":[{"href":"https:\/\/www.justiceinfo.net\/fr\/wp-json\/wp\/v2\/media?parent=44907"}],"wp:term":[{"taxonomy":"category","embeddable":true,"href":"https:\/\/www.justiceinfo.net\/fr\/wp-json\/wp\/v2\/categories?post=44907"},{"taxonomy":"post_tag","embeddable":true,"href":"https:\/\/www.justiceinfo.net\/fr\/wp-json\/wp\/v2\/tags?post=44907"},{"taxonomy":"ji_location","embeddable":true,"href":"https:\/\/www.justiceinfo.net\/fr\/wp-json\/wp\/v2\/ji_location?post=44907"}],"curies":[{"name":"wp","href":"https:\/\/api.w.org\/{rel}","templated":true}]}}