{"id":45047,"date":"2020-08-10T13:33:01","date_gmt":"2020-08-10T11:33:01","guid":{"rendered":"https:\/\/www.justiceinfo.net\/45047-rdc-19-civils-tues-dans-de-nouveaux-massacres-en-ituri-responsable-local.html"},"modified":"2020-08-10T13:33:01","modified_gmt":"2020-08-10T11:33:01","slug":"rdc-19-civils-tues-dans-de-nouveaux-massacres-en-ituri-responsable-local","status":"publish","type":"post","link":"https:\/\/www.justiceinfo.net\/fr\/45047-rdc-19-civils-tues-dans-de-nouveaux-massacres-en-ituri-responsable-local.html","title":{"rendered":"RDC: 19 civils tu\u00e9s dans de nouveaux massacres en Ituri (responsable local)"},"content":{"rendered":"<p>\n             Dix-neuf civils ont \u00e9t\u00e9 tu\u00e9s et deux autres bless\u00e9s dans des attaques simultan\u00e9es de trois villages en Ituri, dans le nord-est de la R\u00e9publique d\u00e9mocratique du Congo, o\u00f9 l'arm\u00e9e peine \u00e0 contenir une milice depuis fin 2017, a-t-on appris lundi d'un responsable local.\n<\/p>\n<p>\n            Les miliciens du groupe Coop\u00e9rative pour le d\u00e9veloppement du Congo (Codeco) \"ont attaqu\u00e9 trois villages dans un rayon de 3 km, ils ont tu\u00e9 19 personnes\" dimanche, a d\u00e9clar\u00e9 \u00e0 l'AFP Innocent Madukadala, chef de secteur de Banyali Kilo dans la province de l'Ituri. \"Certains ont \u00e9t\u00e9 tu\u00e9s \u00e0 la machette et d'autres par armes \u00e0 feu\".\n<\/p>\n<p>\n            Parmi les victimes, \"cinq personnes ont \u00e9t\u00e9 tu\u00e9es dans le village de Lisey, deux dans celui de Tchulu et 12 \u00e0 Aloys\", a d\u00e9taill\u00e9 cette source.\n<\/p>\n<p>\n            Un groupe de six militaires a \u00e9t\u00e9 d\u00e9p\u00each\u00e9 sur place et est retourn\u00e9 lundi au chef-lieu du secteur situ\u00e9 \u00e0 15 km des villages attaqu\u00e9s, demandant aux populations de quitter momentan\u00e9ment leurs habitations, selon des t\u00e9moignages.\n<\/p>\n<p>\n            Un mouvement de d\u00e9placement de la population est en cours, selon M. Madukadala.\n<\/p>\n<p>\n            Depuis d\u00e9cembre 2017, la r\u00e9gion aurif\u00e8re de l'Ituri a renou\u00e9 avec les violences li\u00e9es \u00e0 un conflit pour le contr\u00f4le des terres qui oppose les Lendu, majoritairement agriculteurs, et les Hema, \u00e9leveurs et commer\u00e7ants.\n<\/p>\n<p>\n            La milice Codeco pr\u00e9tend d\u00e9fendre les int\u00e9r\u00eats des membres de la communaut\u00e9 Lendu.\n<\/p>\n<p>\n            Au premier semestre 2020, au moins 636 personnes ont \u00e9t\u00e9 tu\u00e9s dans ces violences, d'apr\u00e8s un r\u00e9cent rapport du Bureau conjoint des Nations unies aux droits de l'homme.\n<\/p>\n<p>\n            Ces violences s'apparentent \u00e0 un \"crime contre l'humanit\u00e9\", d'apr\u00e8s l'ONU pour qui les victimes sont principalement des membres de la communaut\u00e9 Hema qui n'a pas constitu\u00e9 de milices, s'en remettant \u00e0 l'autorit\u00e9 de l'\u00c9tat.\n<\/p>\n<p>\n            Entre 1999 et 2003, un conflit entre ces deux groupes avait d\u00e9j\u00e0 fait plusieurs dizaines de milliers de victimes jusqu'\u00e0 l'intervention d'une force europ\u00e9enne.<\/p>\n","protected":false},"excerpt":{"rendered":"<p>Dix-neuf civils ont \u00e9t\u00e9 tu\u00e9s et deux autres bless\u00e9s dans des attaques simultan\u00e9es de trois villages en Ituri, dans le nord-est de la R\u00e9publique d\u00e9mocratique du Congo, o\u00f9 l'arm\u00e9e peine \u00e0 contenir une milice depuis fin 2017, a-t-on appris lundi d'un responsable local. Les miliciens du groupe Coop\u00e9rative pour le d\u00e9veloppement du Congo (Codeco) \"ont [&hellip;]<\/p>\n","protected":false},"author":60,"featured_media":0,"comment_status":"open","ping_status":"closed","sticky":false,"template":"","format":"standard","meta":{"_acf_changed":false,"footnotes":""},"categories":[2576],"tags":[],"ji_location":[],"class_list":["post-45047","post","type-post","status-publish","format-standard","hentry","category-fil-d-actualite"],"acf":[],"yoast_head":"<!-- This site is optimized with the Yoast SEO Premium plugin v25.3.1 (Yoast SEO v25.3.1) - https:\/\/yoast.com\/wordpress\/plugins\/seo\/ -->\n<title>RDC: 19 civils tu\u00e9s dans de nouveaux massacres en Ituri (responsable local) - JusticeInfo.net<\/title>\n<meta name=\"robots\" content=\"index, follow, max-snippet:-1, max-image-preview:large, max-video-preview:-1\" \/>\n<link rel=\"canonical\" href=\"https:\/\/www.justiceinfo.net\/fr\/45047-rdc-19-civils-tues-dans-de-nouveaux-massacres-en-ituri-responsable-local.html\" \/>\n<meta property=\"og:locale\" content=\"fr_FR\" \/>\n<meta property=\"og:type\" content=\"article\" \/>\n<meta property=\"og:title\" content=\"RDC: 19 civils tu\u00e9s dans de nouveaux massacres en Ituri (responsable local)\" \/>\n<meta property=\"og:description\" content=\"Dix-neuf civils ont \u00e9t\u00e9 tu\u00e9s et deux autres bless\u00e9s dans des attaques simultan\u00e9es de trois villages en Ituri, dans le nord-est de la R\u00e9publique d\u00e9mocratique du Congo, o\u00f9 l&#039;arm\u00e9e peine \u00e0 contenir une milice depuis fin 2017, a-t-on appris lundi d&#039;un responsable local. Les miliciens du groupe Coop\u00e9rative pour le d\u00e9veloppement du Congo (Codeco) &quot;ont [&hellip;]\" \/>\n<meta property=\"og:url\" content=\"https:\/\/www.justiceinfo.net\/fr\/45047-rdc-19-civils-tues-dans-de-nouveaux-massacres-en-ituri-responsable-local.html\" \/>\n<meta property=\"og:site_name\" content=\"JusticeInfo.net\" \/>\n<meta property=\"article:publisher\" content=\"https:\/\/www.facebook.com\/JusticeInfo\/\" \/>\n<meta property=\"article:published_time\" content=\"2020-08-10T11:33:01+00:00\" \/>\n<meta property=\"og:image\" content=\"https:\/\/www.justiceinfo.net\/wp-content\/uploads\/JusticeInfoNet_logo_1200x630px.jpg\" \/>\n\t<meta property=\"og:image:width\" content=\"1200\" \/>\n\t<meta property=\"og:image:height\" content=\"630\" \/>\n\t<meta property=\"og:image:type\" content=\"image\/jpeg\" \/>\n<meta name=\"author\" content=\"AFP\" \/>\n<meta name=\"twitter:card\" content=\"summary_large_image\" \/>\n<meta name=\"twitter:creator\" content=\"@justiceinfonet\" \/>\n<meta name=\"twitter:site\" content=\"@justiceinfonet\" \/>\n<meta name=\"twitter:label1\" content=\"\u00c9crit par\" \/>\n\t<meta name=\"twitter:data1\" content=\"AFP\" \/>\n\t<meta name=\"twitter:label2\" content=\"Dur\u00e9e de lecture estim\u00e9e\" \/>\n\t<meta name=\"twitter:data2\" content=\"2 minutes\" \/>\n<script type=\"application\/ld+json\" class=\"yoast-schema-graph\">{\"@context\":\"https:\/\/schema.org\",\"@graph\":[{\"@type\":\"NewsArticle\",\"@id\":\"https:\/\/www.justiceinfo.net\/fr\/45047-rdc-19-civils-tues-dans-de-nouveaux-massacres-en-ituri-responsable-local.html#article\",\"isPartOf\":{\"@id\":\"https:\/\/www.justiceinfo.net\/fr\/45047-rdc-19-civils-tues-dans-de-nouveaux-massacres-en-ituri-responsable-local.html\"},\"author\":{\"name\":\"afp\",\"@id\":\"https:\/\/www.justiceinfo.net\/fr#\/schema\/person\/713d340ef5f218fc36ce9b4244364a7f\"},\"headline\":\"RDC: 19 civils tu\u00e9s dans de nouveaux massacres en Ituri (responsable local)\",\"datePublished\":\"2020-08-10T11:33:01+00:00\",\"mainEntityOfPage\":{\"@id\":\"https:\/\/www.justiceinfo.net\/fr\/45047-rdc-19-civils-tues-dans-de-nouveaux-massacres-en-ituri-responsable-local.html\"},\"wordCount\":353,\"commentCount\":0,\"publisher\":{\"@id\":\"https:\/\/www.justiceinfo.net\/fr#organization\"},\"articleSection\":[\"Fil d'info AFP\"],\"inLanguage\":\"fr-FR\",\"potentialAction\":[{\"@type\":\"CommentAction\",\"name\":\"Comment\",\"target\":[\"https:\/\/www.justiceinfo.net\/fr\/45047-rdc-19-civils-tues-dans-de-nouveaux-massacres-en-ituri-responsable-local.html#respond\"]}]},{\"@type\":\"WebPage\",\"@id\":\"https:\/\/www.justiceinfo.net\/fr\/45047-rdc-19-civils-tues-dans-de-nouveaux-massacres-en-ituri-responsable-local.html\",\"url\":\"https:\/\/www.justiceinfo.net\/fr\/45047-rdc-19-civils-tues-dans-de-nouveaux-massacres-en-ituri-responsable-local.html\",\"name\":\"RDC: 19 civils tu\u00e9s dans de nouveaux massacres en Ituri (responsable local) - JusticeInfo.net\",\"isPartOf\":{\"@id\":\"https:\/\/www.justiceinfo.net\/fr#website\"},\"datePublished\":\"2020-08-10T11:33:01+00:00\",\"breadcrumb\":{\"@id\":\"https:\/\/www.justiceinfo.net\/fr\/45047-rdc-19-civils-tues-dans-de-nouveaux-massacres-en-ituri-responsable-local.html#breadcrumb\"},\"inLanguage\":\"fr-FR\",\"potentialAction\":[{\"@type\":\"ReadAction\",\"target\":[\"https:\/\/www.justiceinfo.net\/fr\/45047-rdc-19-civils-tues-dans-de-nouveaux-massacres-en-ituri-responsable-local.html\"]}]},{\"@type\":\"BreadcrumbList\",\"@id\":\"https:\/\/www.justiceinfo.net\/fr\/45047-rdc-19-civils-tues-dans-de-nouveaux-massacres-en-ituri-responsable-local.html#breadcrumb\",\"itemListElement\":[{\"@type\":\"ListItem\",\"position\":1,\"name\":\"Home\",\"item\":\"https:\/\/www.justiceinfo.net\/fr\"},{\"@type\":\"ListItem\",\"position\":2,\"name\":\"RDC: 19 civils tu\u00e9s dans de nouveaux massacres en Ituri (responsable local)\"}]},{\"@type\":\"WebSite\",\"@id\":\"https:\/\/www.justiceinfo.net\/fr#website\",\"url\":\"https:\/\/www.justiceinfo.net\/fr\",\"name\":\"JusticeInfo.net\",\"description\":\"La justice doit \u00eatre vue pour \u00eatre rendue\",\"publisher\":{\"@id\":\"https:\/\/www.justiceinfo.net\/fr#organization\"},\"potentialAction\":[{\"@type\":\"SearchAction\",\"target\":{\"@type\":\"EntryPoint\",\"urlTemplate\":\"https:\/\/www.justiceinfo.net\/fr?s={search_term_string}\"},\"query-input\":{\"@type\":\"PropertyValueSpecification\",\"valueRequired\":true,\"valueName\":\"search_term_string\"}}],\"inLanguage\":\"fr-FR\"},{\"@type\":\"Organization\",\"@id\":\"https:\/\/www.justiceinfo.net\/fr#organization\",\"name\":\"Justice Info\",\"url\":\"https:\/\/www.justiceinfo.net\/fr\",\"logo\":{\"@type\":\"ImageObject\",\"inLanguage\":\"fr-FR\",\"@id\":\"https:\/\/www.justiceinfo.net\/fr#\/schema\/logo\/image\/\",\"url\":\"https:\/\/www.justiceinfo.net\/wp-content\/uploads\/justiceinfo_logo-trans_1200x1200px.png\",\"contentUrl\":\"https:\/\/www.justiceinfo.net\/wp-content\/uploads\/justiceinfo_logo-trans_1200x1200px.png\",\"width\":1199,\"height\":1200,\"caption\":\"Justice Info\"},\"image\":{\"@id\":\"https:\/\/www.justiceinfo.net\/fr#\/schema\/logo\/image\/\"},\"sameAs\":[\"https:\/\/www.facebook.com\/JusticeInfo\/\",\"https:\/\/x.com\/justiceinfonet\",\"https:\/\/www.linkedin.com\/company\/justice-info\",\"https:\/\/www.youtube.com\/channel\/UCyCEsARodyuWtkWyhn-e7pA\"]},{\"@type\":\"Person\",\"name\":\"AFP\",\"url\":\"\/fr\/?s=AFP\"}]}<\/script>\n<!-- \/ Yoast SEO Premium plugin. -->","yoast_head_json":{"title":"RDC: 19 civils tu\u00e9s dans de nouveaux massacres en Ituri (responsable local) - JusticeInfo.net","robots":{"index":"index","follow":"follow","max-snippet":"max-snippet:-1","max-image-preview":"max-image-preview:large","max-video-preview":"max-video-preview:-1"},"canonical":"https:\/\/www.justiceinfo.net\/fr\/45047-rdc-19-civils-tues-dans-de-nouveaux-massacres-en-ituri-responsable-local.html","og_locale":"fr_FR","og_type":"article","og_title":"RDC: 19 civils tu\u00e9s dans de nouveaux massacres en Ituri (responsable local)","og_description":"Dix-neuf civils ont \u00e9t\u00e9 tu\u00e9s et deux autres bless\u00e9s dans des attaques simultan\u00e9es de trois villages en Ituri, dans le nord-est de la R\u00e9publique d\u00e9mocratique du Congo, o\u00f9 l'arm\u00e9e peine \u00e0 contenir une milice depuis fin 2017, a-t-on appris lundi d'un responsable local. Les miliciens du groupe Coop\u00e9rative pour le d\u00e9veloppement du Congo (Codeco) \"ont [&hellip;]","og_url":"https:\/\/www.justiceinfo.net\/fr\/45047-rdc-19-civils-tues-dans-de-nouveaux-massacres-en-ituri-responsable-local.html","og_site_name":"JusticeInfo.net","article_publisher":"https:\/\/www.facebook.com\/JusticeInfo\/","article_published_time":"2020-08-10T11:33:01+00:00","og_image":[{"width":1200,"height":630,"url":"https:\/\/www.justiceinfo.net\/wp-content\/uploads\/JusticeInfoNet_logo_1200x630px.jpg","type":"image\/jpeg"}],"author":"AFP","twitter_card":"summary_large_image","twitter_creator":"@justiceinfonet","twitter_site":"@justiceinfonet","twitter_misc":{"\u00c9crit par":"AFP","Dur\u00e9e de lecture estim\u00e9e":"2 minutes"},"schema":{"@context":"https:\/\/schema.org","@graph":[{"@type":"NewsArticle","@id":"https:\/\/www.justiceinfo.net\/fr\/45047-rdc-19-civils-tues-dans-de-nouveaux-massacres-en-ituri-responsable-local.html#article","isPartOf":{"@id":"https:\/\/www.justiceinfo.net\/fr\/45047-rdc-19-civils-tues-dans-de-nouveaux-massacres-en-ituri-responsable-local.html"},"author":{"name":"afp","@id":"https:\/\/www.justiceinfo.net\/fr#\/schema\/person\/713d340ef5f218fc36ce9b4244364a7f"},"headline":"RDC: 19 civils tu\u00e9s dans de nouveaux massacres en Ituri (responsable local)","datePublished":"2020-08-10T11:33:01+00:00","mainEntityOfPage":{"@id":"https:\/\/www.justiceinfo.net\/fr\/45047-rdc-19-civils-tues-dans-de-nouveaux-massacres-en-ituri-responsable-local.html"},"wordCount":353,"commentCount":0,"publisher":{"@id":"https:\/\/www.justiceinfo.net\/fr#organization"},"articleSection":["Fil d'info AFP"],"inLanguage":"fr-FR","potentialAction":[{"@type":"CommentAction","name":"Comment","target":["https:\/\/www.justiceinfo.net\/fr\/45047-rdc-19-civils-tues-dans-de-nouveaux-massacres-en-ituri-responsable-local.html#respond"]}]},{"@type":"WebPage","@id":"https:\/\/www.justiceinfo.net\/fr\/45047-rdc-19-civils-tues-dans-de-nouveaux-massacres-en-ituri-responsable-local.html","url":"https:\/\/www.justiceinfo.net\/fr\/45047-rdc-19-civils-tues-dans-de-nouveaux-massacres-en-ituri-responsable-local.html","name":"RDC: 19 civils tu\u00e9s dans de nouveaux massacres en Ituri (responsable local) - JusticeInfo.net","isPartOf":{"@id":"https:\/\/www.justiceinfo.net\/fr#website"},"datePublished":"2020-08-10T11:33:01+00:00","breadcrumb":{"@id":"https:\/\/www.justiceinfo.net\/fr\/45047-rdc-19-civils-tues-dans-de-nouveaux-massacres-en-ituri-responsable-local.html#breadcrumb"},"inLanguage":"fr-FR","potentialAction":[{"@type":"ReadAction","target":["https:\/\/www.justiceinfo.net\/fr\/45047-rdc-19-civils-tues-dans-de-nouveaux-massacres-en-ituri-responsable-local.html"]}]},{"@type":"BreadcrumbList","@id":"https:\/\/www.justiceinfo.net\/fr\/45047-rdc-19-civils-tues-dans-de-nouveaux-massacres-en-ituri-responsable-local.html#breadcrumb","itemListElement":[{"@type":"ListItem","position":1,"name":"Home","item":"https:\/\/www.justiceinfo.net\/fr"},{"@type":"ListItem","position":2,"name":"RDC: 19 civils tu\u00e9s dans de nouveaux massacres en Ituri (responsable local)"}]},{"@type":"WebSite","@id":"https:\/\/www.justiceinfo.net\/fr#website","url":"https:\/\/www.justiceinfo.net\/fr","name":"JusticeInfo.net","description":"La justice doit \u00eatre vue pour \u00eatre rendue","publisher":{"@id":"https:\/\/www.justiceinfo.net\/fr#organization"},"potentialAction":[{"@type":"SearchAction","target":{"@type":"EntryPoint","urlTemplate":"https:\/\/www.justiceinfo.net\/fr?s={search_term_string}"},"query-input":{"@type":"PropertyValueSpecification","valueRequired":true,"valueName":"search_term_string"}}],"inLanguage":"fr-FR"},{"@type":"Organization","@id":"https:\/\/www.justiceinfo.net\/fr#organization","name":"Justice Info","url":"https:\/\/www.justiceinfo.net\/fr","logo":{"@type":"ImageObject","inLanguage":"fr-FR","@id":"https:\/\/www.justiceinfo.net\/fr#\/schema\/logo\/image\/","url":"https:\/\/www.justiceinfo.net\/wp-content\/uploads\/justiceinfo_logo-trans_1200x1200px.png","contentUrl":"https:\/\/www.justiceinfo.net\/wp-content\/uploads\/justiceinfo_logo-trans_1200x1200px.png","width":1199,"height":1200,"caption":"Justice Info"},"image":{"@id":"https:\/\/www.justiceinfo.net\/fr#\/schema\/logo\/image\/"},"sameAs":["https:\/\/www.facebook.com\/JusticeInfo\/","https:\/\/x.com\/justiceinfonet","https:\/\/www.linkedin.com\/company\/justice-info","https:\/\/www.youtube.com\/channel\/UCyCEsARodyuWtkWyhn-e7pA"]},{"@type":"Person","name":"AFP","url":"\/fr\/?s=AFP"}]}},"_links":{"self":[{"href":"https:\/\/www.justiceinfo.net\/fr\/wp-json\/wp\/v2\/posts\/45047","targetHints":{"allow":["GET"]}}],"collection":[{"href":"https:\/\/www.justiceinfo.net\/fr\/wp-json\/wp\/v2\/posts"}],"about":[{"href":"https:\/\/www.justiceinfo.net\/fr\/wp-json\/wp\/v2\/types\/post"}],"author":[{"embeddable":true,"href":"https:\/\/www.justiceinfo.net\/fr\/wp-json\/wp\/v2\/users\/60"}],"replies":[{"embeddable":true,"href":"https:\/\/www.justiceinfo.net\/fr\/wp-json\/wp\/v2\/comments?post=45047"}],"version-history":[{"count":0,"href":"https:\/\/www.justiceinfo.net\/fr\/wp-json\/wp\/v2\/posts\/45047\/revisions"}],"wp:attachment":[{"href":"https:\/\/www.justiceinfo.net\/fr\/wp-json\/wp\/v2\/media?parent=45047"}],"wp:term":[{"taxonomy":"category","embeddable":true,"href":"https:\/\/www.justiceinfo.net\/fr\/wp-json\/wp\/v2\/categories?post=45047"},{"taxonomy":"post_tag","embeddable":true,"href":"https:\/\/www.justiceinfo.net\/fr\/wp-json\/wp\/v2\/tags?post=45047"},{"taxonomy":"ji_location","embeddable":true,"href":"https:\/\/www.justiceinfo.net\/fr\/wp-json\/wp\/v2\/ji_location?post=45047"}],"curies":[{"name":"wp","href":"https:\/\/api.w.org\/{rel}","templated":true}]}}