{"id":45302,"date":"2020-09-07T07:51:22","date_gmt":"2020-09-07T05:51:22","guid":{"rendered":"https:\/\/www.justiceinfo.net\/45302-gambie-commission-verite-plongee-dans-incertitude.html"},"modified":"2020-09-07T07:51:22","modified_gmt":"2020-09-07T05:51:22","slug":"gambie-commission-verite-plongee-dans-incertitude","status":"publish","type":"post","link":"https:\/\/www.justiceinfo.net\/fr\/45302-gambie-commission-verite-plongee-dans-incertitude.html","title":{"rendered":"Gambie : la Commission v\u00e9rit\u00e9 plong\u00e9e dans l\u2019incertitude"},"content":{"rendered":"<p><strong>Tout se d\u00e9roulait comme pr\u00e9vu pour la Commission v\u00e9rit\u00e9, r\u00e9conciliation et r\u00e9parations en Gambie. Jusqu'\u00e0 ce que la pand\u00e9mie de Covid-19 frappe. Le mois dernier, les audiences publiques ont \u00e9t\u00e9 suspendues pour la deuxi\u00e8me fois. Une extension du mandat de la Commission est d\u00e9sormais certaine. Avec le risque que la fin de ses travaux co\u00efncide avec des \u00e9v\u00e9nements politiques sensibles.<\/strong><\/p>\n<p><!--more--><\/p>\n<p>Au cours du premier trimestre 2020, la Commission v\u00e9rit\u00e9, r\u00e9conciliation et r\u00e9parations (TRRC) qui enqu\u00eate sur les violations des droits de l'homme de l'ancien dirigeant gambien Yahya Jammeh a annonc\u00e9 qu'elle conclurait ses audiences publiques en octobre. Cet objectif est d\u00e9sormais hors d'atteinte.<\/p>\n<p>La TRRC avait annonc\u00e9 une premi\u00e8re suspension des audiences publiques le 18 mars, trois jours apr\u00e8s la d\u00e9couverte du premier cas de Covid-19 dans ce petit pays d'Afrique de l'Ouest. En juillet, la Commission a repris les audiences dites institutionnelles sur les prisons. Mais le 4 ao\u00fbt, alors qu'elle devait reprendre apr\u00e8s une semaine de pause, la Commission a annonc\u00e9 une nouvelle suspension. \"Bien que la Commission soit tr\u00e8s d\u00e9sireuse d'achever ses travaux et de soumettre son rapport final et ses recommandations \u00e0 temps, nous sommes conscients du fait que la poursuite de nos auditions publiques pourrait mettre la vie de toutes les personnes concern\u00e9es en danger d\u2019\u00eatre infect\u00e9es par le Covid-19\", d\u00e9clare alors le pr\u00e9sident de la Commission, Lamin Sise. Aucune date n'a \u00e9t\u00e9 fix\u00e9e depuis pour la reprise des auditions publiques. Au 5 septembre, 3 150 cas de Covid-19 ont \u00e9t\u00e9 enregistr\u00e9s en Gambie, et 99 d\u00e9c\u00e8s. L\u2019effet de la pand\u00e9mie mondiale sur le processus national de justice transitionnelle se prolonge.<\/p>\n<h3>Activit\u00e9s en dehors des audiences publiques<\/h3>\n<p>Bien que la TRRC ait d\u00e9j\u00e0 perdu plus d'un mois d'audiences publiques, son secr\u00e9taire ex\u00e9cutif, Baba Galleh Jallow, insiste sur le fait que la Commission a continu\u00e9 \u00e0 travailler, notamment en recueillant les d\u00e9clarations des t\u00e9moins et en r\u00e9digeant son rapport final. Seules les audiences publiques ont \u00e9t\u00e9 suspendues, rappelle-t-il.<\/p>\n<p>Le 31 ao\u00fbt, la Commission a approuv\u00e9 la politique devant guider l'octroi de r\u00e9parations aux victimes. Cette politique a \u00e9t\u00e9 valid\u00e9e avec la participation des victimes et des organisations de la soci\u00e9t\u00e9 civile. Mais elle \u00e9vite la question complexe du montant \u00e0 payer pour chaque victimisation, ainsi que de ce qu'il adviendrait des auteurs de crimes devenus des victimes eux-m\u00eames\u00a0: devraient-ils ou non recevoir des r\u00e9parations\u00a0? \"La Commission n'a pas de montant fixe \u00e0 distribuer. Cette politique n'est qu'un cadre pouvant guider leur travail. Donc, en ce qui concerne la gestion du processus de r\u00e9paration, je pense qu'ils ont fait un premier pas en \u00e9laborant cette politique\", analyse Sait Matty Jaw, chercheur et universitaire gambien qui enseigne \u00e0 l'Universit\u00e9 de Gambie.<\/p>\n<p>La TRRC a simultan\u00e9ment commenc\u00e9 \u00e0 accorder des r\u00e9parations provisoires, sous forme de frais de scolarit\u00e9 aux enfants des victimes et de traitement m\u00e9dical aux victimes directes. Gr\u00e2ce au soutien du Programme des Nations unies pour le d\u00e9veloppement, la Commission a \u00e9galement commenc\u00e9 \u00e0 pr\u00e9parer une liste de victimes qui doivent recevoir dans les prochains jours une aide alimentaire dans le cadre d\u2019un programme li\u00e9 \u00e0 la pand\u00e9mie.<\/p>\n<p>Mais le temps perdu pr\u00e9occupe Sheriff Kijera, pr\u00e9sident du Centre des victimes, une organisation de la soci\u00e9t\u00e9 civile qui d\u00e9fend les droits des victimes sous Jammeh. \"L\u2019interruption a cr\u00e9\u00e9 beaucoup d'incertitude\", explique-t-il. Il sugg\u00e8re que la TRRC examine des alternatives \u00e0 cette suspension totale. \"Ils pourraient maintenir l'\u00e9loignement social et physique et imposer certaines restrictions aux personnes venant aux audiences. Nous perdons du temps et des ressources\", dit-il.<\/p>\n<h3>Le programme \u00e0 venir<\/h3>\n<p>Sait Jaw affirme que la suspension \"n'a pas seulement affect\u00e9 le processus des auditions mais aussi certaines des initiatives en cours de diff\u00e9rentes communaut\u00e9s qui auraient pu contribuer au rapport final\". La Commission v\u00e9rit\u00e9 m\u00e8ne un certain nombre de programmes de sensibilisation des communaut\u00e9s afin d'encourager une large participation au processus. Cependant, avec l'interdiction des grands rassemblements, la TRRC a d\u00fb s'appuyer davantage sur les radios communautaires pour ses activit\u00e9s de sensibilisation, explique ainsi le directeur de la communication de la Commission, Essa Jallow.<\/p>\n<p>\"Nous aurons certainement besoin d'une extension au-del\u00e0 du mandat de deux ans\" qui a d\u00e9but\u00e9 en janvier 2019, d\u00e9clare Baba Galleh Jallow \u00e0 Justice Info. \"Pour combien de temps, nous ne pouvons pas encore le d\u00e9terminer.\"<\/p>\n<p>Depuis le d\u00e9but des audiences publiques, le 7 janvier 2019, 219 t\u00e9moins ont d\u00e9pos\u00e9 devant la TRRC, dont 54 femmes, 40 auteurs, auteurs pr\u00e9sum\u00e9s ou personnes mises en cause, 25 Gambiens de la diaspora et quelques t\u00e9moins experts. Au moment de la derni\u00e8re suspension de ses audiences publiques, la Commission enqu\u00eatait sur le faux programme de traitement alternatif dont l'ancien dirigeant excentrique de la Gambie pr\u00e9tendait qu\u2019il pouvait gu\u00e9rir du sida, de l'asthme et de l'infertilit\u00e9, entre autres. Certains des principaux auteurs pr\u00e9sum\u00e9s, pour la plupart des m\u00e9decins ayant aid\u00e9 Jammeh dans sa propagande, doivent encore compara\u00eetre devant la Commission.<\/p>\n<p>Treize th\u00e8mes ont \u00e9t\u00e9 abord\u00e9s jusqu'\u00e0 pr\u00e9sent, dont les activit\u00e9s des tueurs \u00e0 gages de Jammeh, appel\u00e9s les Junglers. Selon la Commission, les Junglers devraient \u00eatre rappel\u00e9s pour parler de certains meurtres. Des enqu\u00eates sur les disparitions forc\u00e9es, le cas de 44 Ghan\u00e9ens et autres migrants d'Afrique de l'Ouest tu\u00e9s en Gambie en juillet 2005, et les incidents d'avril 2016 impliquant l'Agence nationale de renseignement (NIA) qui ont entra\u00een\u00e9 la mort en d\u00e9tention de Solo Sandeng, membre du parti d'opposition UDP, sont attendues. Des audiences institutionnelles sur la NIA, le syst\u00e8me judiciaire, l'Agence nationale de lutte contre la drogue (NDLEA) font \u00e9galement partie du plan de travail.<\/p>\n<h3>Un climat politique tourment\u00e9 \u00e0 l\u2019horizon<\/h3>\n<p>\"Pour la question des implications budg\u00e9taires [du retard], s'il est n\u00e9cessaire de prolonger le travail de la TRRC en raison de l'impact du Covid-19, cela sera pris en consid\u00e9ration\", d\u00e9clare le ministre gambien des Communications, Ebrima Sillah, \u00e0 Justice Info. Mais l'argent n'est peut-\u00eatre pas l\u2019unique probl\u00e8me. Une extension du mandat de la Commission signifie que ses activit\u00e9s ou son rapport final interviendraient dans un climat politique tr\u00e8s turbulent. Le 14 septembre, les l\u00e9gislateurs d\u00e9battront d'un projet de constitution. S'il est adopt\u00e9, il fera l'objet d'un r\u00e9f\u00e9rendum en juin. Les \u00e9lections pr\u00e9sidentielles doivent, elles, avoir lieu en d\u00e9cembre 2021.<\/p>\n<p>Pour le ministre Sillah, \"l'Ex\u00e9cutif s'est fermement engag\u00e9 \u00e0 veiller \u00e0 ce que la TRRC continue de fonctionner efficacement\". Mais pour Sait Jaw, les choses pourraient mal tourner. \"La Commission agit d\u00e9j\u00e0 dans un paysage politique fragile, caract\u00e9ris\u00e9 par un esprit partisan croissant\", souligne l'universitaire. \"Ainsi, le retard risque de placer la Commission et ses travaux dans un climat politique peu propice aux raisons qui ont fond\u00e9 sa cr\u00e9ation.\" En d'autres termes, le programme des responsables politiques pourrait \u00eatre bien diff\u00e9rent de la mise en \u0153uvre des recommandations de la Commission. \"Je ne vois pas la Commission ou ses recommandations comme une priorit\u00e9 car tous les dirigeants politiques vont probablement se concentrer sur les \u00e9lections\", pr\u00e9cise Jaw.<\/p>\n<p>En Gambie, la Commission v\u00e9rit\u00e9 a b\u00e9n\u00e9fici\u00e9 d'un int\u00e9r\u00eat public soutenu depuis qu'elle a commenc\u00e9 ses audiences publiques en janvier 2019. Pour Kijera, cet \u00e9lan n'est pas bris\u00e9. Le 4 septembre, le nouveau ministre de la Justice, Dawda Jallow, son conseiller Hussein Thomasi et le procureur g\u00e9n\u00e9ral Cherno Marenah ont visit\u00e9 le Centre des victimes. C'\u00e9tait la premi\u00e8re fois que Dawda Jallow rencontrait les victimes depuis qu'il a succ\u00e9d\u00e9 au charismatique et influent Aboubacar Tambadou, qui avait \u00e9t\u00e9 un fervent d\u00e9fenseur de la TRRC. \"[Dauda Jallow] est venu nous assurer qu'il y aura une continuit\u00e9 avec son pr\u00e9d\u00e9cesseur et qu'il travaillera en \u00e9troite collaboration avec les victimes\", confie Kijera \u00e0 Justice Info.<\/p>\n","protected":false},"excerpt":{"rendered":"<p>Tout se d\u00e9roulait comme pr\u00e9vu pour la Commission v\u00e9rit\u00e9, r\u00e9conciliation et r\u00e9parations en Gambie. Jusqu'\u00e0 ce que la pand\u00e9mie de Covid-19 frappe. Le mois dernier, les audiences publiques ont \u00e9t\u00e9 suspendues pour la deuxi\u00e8me fois. Une extension du mandat de la Commission est d\u00e9sormais certaine. Avec le risque que la fin de ses travaux co\u00efncide [&hellip;]<\/p>\n","protected":false},"author":73,"featured_media":61312,"comment_status":"open","ping_status":"closed","sticky":false,"template":"","format":"standard","meta":{"_acf_changed":false,"footnotes":""},"categories":[548],"tags":[],"ji_location":[2508],"class_list":["post-45302","post","type-post","status-publish","format-standard","has-post-thumbnail","hentry","category-commissions-verite","ji_location-gambie"],"acf":[],"yoast_head":"<!-- This site is optimized with the Yoast SEO Premium plugin v25.3.1 (Yoast SEO v25.3.1) - https:\/\/yoast.com\/wordpress\/plugins\/seo\/ -->\n<title>Gambie : la Commission v\u00e9rit\u00e9 plong\u00e9e dans l\u2019incertitude - JusticeInfo.net<\/title>\n<meta name=\"robots\" content=\"index, follow, max-snippet:-1, max-image-preview:large, max-video-preview:-1\" \/>\n<link rel=\"canonical\" href=\"https:\/\/www.justiceinfo.net\/fr\/45302-gambie-commission-verite-plongee-dans-incertitude.html\" \/>\n<meta property=\"og:locale\" content=\"fr_FR\" \/>\n<meta property=\"og:type\" content=\"article\" \/>\n<meta property=\"og:title\" content=\"Gambie : la Commission v\u00e9rit\u00e9 plong\u00e9e dans l\u2019incertitude\" \/>\n<meta property=\"og:description\" content=\"Tout se d\u00e9roulait comme pr\u00e9vu pour la Commission v\u00e9rit\u00e9, r\u00e9conciliation et r\u00e9parations en Gambie. Jusqu&#039;\u00e0 ce que la pand\u00e9mie de Covid-19 frappe. Le mois dernier, les audiences publiques ont \u00e9t\u00e9 suspendues pour la deuxi\u00e8me fois. Une extension du mandat de la Commission est d\u00e9sormais certaine. Avec le risque que la fin de ses travaux co\u00efncide [&hellip;]\" \/>\n<meta property=\"og:url\" content=\"https:\/\/www.justiceinfo.net\/fr\/45302-gambie-commission-verite-plongee-dans-incertitude.html\" \/>\n<meta property=\"og:site_name\" content=\"JusticeInfo.net\" \/>\n<meta property=\"article:publisher\" content=\"https:\/\/www.facebook.com\/JusticeInfo\/\" \/>\n<meta property=\"article:published_time\" content=\"2020-09-07T05:51:22+00:00\" \/>\n<meta property=\"og:image\" content=\"https:\/\/www.justiceinfo.net\/wp-content\/uploads\/1939b891522c9ebb30fcf5f50f90ca30.jpg\" \/>\n\t<meta property=\"og:image:width\" content=\"1200\" \/>\n\t<meta property=\"og:image:height\" content=\"800\" \/>\n\t<meta property=\"og:image:type\" content=\"image\/jpeg\" \/>\n<meta name=\"author\" content=\"Mustapha K. Darboe\" \/>\n<meta name=\"twitter:card\" content=\"summary_large_image\" \/>\n<meta name=\"twitter:creator\" content=\"@justiceinfonet\" \/>\n<meta name=\"twitter:site\" content=\"@justiceinfonet\" \/>\n<meta name=\"twitter:label1\" content=\"\u00c9crit par\" \/>\n\t<meta name=\"twitter:data1\" content=\"Mustapha K. Darboe\" \/>\n\t<meta name=\"twitter:label2\" content=\"Dur\u00e9e de lecture estim\u00e9e\" \/>\n\t<meta name=\"twitter:data2\" content=\"7 minutes\" \/>\n<script type=\"application\/ld+json\" class=\"yoast-schema-graph\">{\"@context\":\"https:\/\/schema.org\",\"@graph\":[{\"@type\":\"NewsArticle\",\"@id\":\"https:\/\/www.justiceinfo.net\/fr\/45302-gambie-commission-verite-plongee-dans-incertitude.html#article\",\"isPartOf\":{\"@id\":\"https:\/\/www.justiceinfo.net\/fr\/45302-gambie-commission-verite-plongee-dans-incertitude.html\"},\"author\":{\"name\":\"mdarboe\",\"@id\":\"https:\/\/www.justiceinfo.net\/fr#\/schema\/person\/87683ef8eb6db0f513bc2be3db6f3012\"},\"headline\":\"Gambie : la Commission v\u00e9rit\u00e9 plong\u00e9e dans l\u2019incertitude\",\"datePublished\":\"2020-09-07T05:51:22+00:00\",\"mainEntityOfPage\":{\"@id\":\"https:\/\/www.justiceinfo.net\/fr\/45302-gambie-commission-verite-plongee-dans-incertitude.html\"},\"wordCount\":1400,\"commentCount\":0,\"publisher\":{\"@id\":\"https:\/\/www.justiceinfo.net\/fr#organization\"},\"image\":{\"@id\":\"https:\/\/www.justiceinfo.net\/fr\/45302-gambie-commission-verite-plongee-dans-incertitude.html#primaryimage\"},\"thumbnailUrl\":\"https:\/\/www.justiceinfo.net\/wp-content\/uploads\/1939b891522c9ebb30fcf5f50f90ca30.jpg\",\"articleSection\":[\"Commissions v\u00e9rit\u00e9\"],\"inLanguage\":\"fr-FR\",\"potentialAction\":[{\"@type\":\"CommentAction\",\"name\":\"Comment\",\"target\":[\"https:\/\/www.justiceinfo.net\/fr\/45302-gambie-commission-verite-plongee-dans-incertitude.html#respond\"]}]},{\"@type\":\"WebPage\",\"@id\":\"https:\/\/www.justiceinfo.net\/fr\/45302-gambie-commission-verite-plongee-dans-incertitude.html\",\"url\":\"https:\/\/www.justiceinfo.net\/fr\/45302-gambie-commission-verite-plongee-dans-incertitude.html\",\"name\":\"Gambie : la Commission v\u00e9rit\u00e9 plong\u00e9e dans l\u2019incertitude - JusticeInfo.net\",\"isPartOf\":{\"@id\":\"https:\/\/www.justiceinfo.net\/fr#website\"},\"primaryImageOfPage\":{\"@id\":\"https:\/\/www.justiceinfo.net\/fr\/45302-gambie-commission-verite-plongee-dans-incertitude.html#primaryimage\"},\"image\":{\"@id\":\"https:\/\/www.justiceinfo.net\/fr\/45302-gambie-commission-verite-plongee-dans-incertitude.html#primaryimage\"},\"thumbnailUrl\":\"https:\/\/www.justiceinfo.net\/wp-content\/uploads\/1939b891522c9ebb30fcf5f50f90ca30.jpg\",\"datePublished\":\"2020-09-07T05:51:22+00:00\",\"breadcrumb\":{\"@id\":\"https:\/\/www.justiceinfo.net\/fr\/45302-gambie-commission-verite-plongee-dans-incertitude.html#breadcrumb\"},\"inLanguage\":\"fr-FR\",\"potentialAction\":[{\"@type\":\"ReadAction\",\"target\":[\"https:\/\/www.justiceinfo.net\/fr\/45302-gambie-commission-verite-plongee-dans-incertitude.html\"]}]},{\"@type\":\"ImageObject\",\"inLanguage\":\"fr-FR\",\"@id\":\"https:\/\/www.justiceinfo.net\/fr\/45302-gambie-commission-verite-plongee-dans-incertitude.html#primaryimage\",\"url\":\"https:\/\/www.justiceinfo.net\/wp-content\/uploads\/1939b891522c9ebb30fcf5f50f90ca30.jpg\",\"contentUrl\":\"https:\/\/www.justiceinfo.net\/wp-content\/uploads\/1939b891522c9ebb30fcf5f50f90ca30.jpg\",\"width\":1200,\"height\":800},{\"@type\":\"BreadcrumbList\",\"@id\":\"https:\/\/www.justiceinfo.net\/fr\/45302-gambie-commission-verite-plongee-dans-incertitude.html#breadcrumb\",\"itemListElement\":[{\"@type\":\"ListItem\",\"position\":1,\"name\":\"Home\",\"item\":\"https:\/\/www.justiceinfo.net\/fr\"},{\"@type\":\"ListItem\",\"position\":2,\"name\":\"Gambie : la Commission v\u00e9rit\u00e9 plong\u00e9e dans l\u2019incertitude\"}]},{\"@type\":\"WebSite\",\"@id\":\"https:\/\/www.justiceinfo.net\/fr#website\",\"url\":\"https:\/\/www.justiceinfo.net\/fr\",\"name\":\"JusticeInfo.net\",\"description\":\"La justice doit \u00eatre vue pour \u00eatre rendue\",\"publisher\":{\"@id\":\"https:\/\/www.justiceinfo.net\/fr#organization\"},\"potentialAction\":[{\"@type\":\"SearchAction\",\"target\":{\"@type\":\"EntryPoint\",\"urlTemplate\":\"https:\/\/www.justiceinfo.net\/fr?s={search_term_string}\"},\"query-input\":{\"@type\":\"PropertyValueSpecification\",\"valueRequired\":true,\"valueName\":\"search_term_string\"}}],\"inLanguage\":\"fr-FR\"},{\"@type\":\"Organization\",\"@id\":\"https:\/\/www.justiceinfo.net\/fr#organization\",\"name\":\"Justice Info\",\"url\":\"https:\/\/www.justiceinfo.net\/fr\",\"logo\":{\"@type\":\"ImageObject\",\"inLanguage\":\"fr-FR\",\"@id\":\"https:\/\/www.justiceinfo.net\/fr#\/schema\/logo\/image\/\",\"url\":\"https:\/\/www.justiceinfo.net\/wp-content\/uploads\/justiceinfo_logo-trans_1200x1200px.png\",\"contentUrl\":\"https:\/\/www.justiceinfo.net\/wp-content\/uploads\/justiceinfo_logo-trans_1200x1200px.png\",\"width\":1199,\"height\":1200,\"caption\":\"Justice Info\"},\"image\":{\"@id\":\"https:\/\/www.justiceinfo.net\/fr#\/schema\/logo\/image\/\"},\"sameAs\":[\"https:\/\/www.facebook.com\/JusticeInfo\/\",\"https:\/\/x.com\/justiceinfonet\",\"https:\/\/www.linkedin.com\/company\/justice-info\",\"https:\/\/www.youtube.com\/channel\/UCyCEsARodyuWtkWyhn-e7pA\"]},{\"@type\":\"Person\",\"name\":\"Mustapha K. Darboe\",\"url\":\"https:\/\/www.justiceinfo.net\/fr\/auteur\/mdarboe\"}]}<\/script>\n<!-- \/ Yoast SEO Premium plugin. -->","yoast_head_json":{"title":"Gambie : la Commission v\u00e9rit\u00e9 plong\u00e9e dans l\u2019incertitude - JusticeInfo.net","robots":{"index":"index","follow":"follow","max-snippet":"max-snippet:-1","max-image-preview":"max-image-preview:large","max-video-preview":"max-video-preview:-1"},"canonical":"https:\/\/www.justiceinfo.net\/fr\/45302-gambie-commission-verite-plongee-dans-incertitude.html","og_locale":"fr_FR","og_type":"article","og_title":"Gambie : la Commission v\u00e9rit\u00e9 plong\u00e9e dans l\u2019incertitude","og_description":"Tout se d\u00e9roulait comme pr\u00e9vu pour la Commission v\u00e9rit\u00e9, r\u00e9conciliation et r\u00e9parations en Gambie. Jusqu'\u00e0 ce que la pand\u00e9mie de Covid-19 frappe. Le mois dernier, les audiences publiques ont \u00e9t\u00e9 suspendues pour la deuxi\u00e8me fois. Une extension du mandat de la Commission est d\u00e9sormais certaine. Avec le risque que la fin de ses travaux co\u00efncide [&hellip;]","og_url":"https:\/\/www.justiceinfo.net\/fr\/45302-gambie-commission-verite-plongee-dans-incertitude.html","og_site_name":"JusticeInfo.net","article_publisher":"https:\/\/www.facebook.com\/JusticeInfo\/","article_published_time":"2020-09-07T05:51:22+00:00","og_image":[{"width":1200,"height":800,"url":"https:\/\/www.justiceinfo.net\/wp-content\/uploads\/1939b891522c9ebb30fcf5f50f90ca30.jpg","type":"image\/jpeg"}],"author":"Mustapha K. Darboe","twitter_card":"summary_large_image","twitter_creator":"@justiceinfonet","twitter_site":"@justiceinfonet","twitter_misc":{"\u00c9crit par":"Mustapha K. Darboe","Dur\u00e9e de lecture estim\u00e9e":"7 minutes"},"schema":{"@context":"https:\/\/schema.org","@graph":[{"@type":"NewsArticle","@id":"https:\/\/www.justiceinfo.net\/fr\/45302-gambie-commission-verite-plongee-dans-incertitude.html#article","isPartOf":{"@id":"https:\/\/www.justiceinfo.net\/fr\/45302-gambie-commission-verite-plongee-dans-incertitude.html"},"author":{"name":"mdarboe","@id":"https:\/\/www.justiceinfo.net\/fr#\/schema\/person\/87683ef8eb6db0f513bc2be3db6f3012"},"headline":"Gambie : la Commission v\u00e9rit\u00e9 plong\u00e9e dans l\u2019incertitude","datePublished":"2020-09-07T05:51:22+00:00","mainEntityOfPage":{"@id":"https:\/\/www.justiceinfo.net\/fr\/45302-gambie-commission-verite-plongee-dans-incertitude.html"},"wordCount":1400,"commentCount":0,"publisher":{"@id":"https:\/\/www.justiceinfo.net\/fr#organization"},"image":{"@id":"https:\/\/www.justiceinfo.net\/fr\/45302-gambie-commission-verite-plongee-dans-incertitude.html#primaryimage"},"thumbnailUrl":"https:\/\/www.justiceinfo.net\/wp-content\/uploads\/1939b891522c9ebb30fcf5f50f90ca30.jpg","articleSection":["Commissions v\u00e9rit\u00e9"],"inLanguage":"fr-FR","potentialAction":[{"@type":"CommentAction","name":"Comment","target":["https:\/\/www.justiceinfo.net\/fr\/45302-gambie-commission-verite-plongee-dans-incertitude.html#respond"]}]},{"@type":"WebPage","@id":"https:\/\/www.justiceinfo.net\/fr\/45302-gambie-commission-verite-plongee-dans-incertitude.html","url":"https:\/\/www.justiceinfo.net\/fr\/45302-gambie-commission-verite-plongee-dans-incertitude.html","name":"Gambie : la Commission v\u00e9rit\u00e9 plong\u00e9e dans l\u2019incertitude - JusticeInfo.net","isPartOf":{"@id":"https:\/\/www.justiceinfo.net\/fr#website"},"primaryImageOfPage":{"@id":"https:\/\/www.justiceinfo.net\/fr\/45302-gambie-commission-verite-plongee-dans-incertitude.html#primaryimage"},"image":{"@id":"https:\/\/www.justiceinfo.net\/fr\/45302-gambie-commission-verite-plongee-dans-incertitude.html#primaryimage"},"thumbnailUrl":"https:\/\/www.justiceinfo.net\/wp-content\/uploads\/1939b891522c9ebb30fcf5f50f90ca30.jpg","datePublished":"2020-09-07T05:51:22+00:00","breadcrumb":{"@id":"https:\/\/www.justiceinfo.net\/fr\/45302-gambie-commission-verite-plongee-dans-incertitude.html#breadcrumb"},"inLanguage":"fr-FR","potentialAction":[{"@type":"ReadAction","target":["https:\/\/www.justiceinfo.net\/fr\/45302-gambie-commission-verite-plongee-dans-incertitude.html"]}]},{"@type":"ImageObject","inLanguage":"fr-FR","@id":"https:\/\/www.justiceinfo.net\/fr\/45302-gambie-commission-verite-plongee-dans-incertitude.html#primaryimage","url":"https:\/\/www.justiceinfo.net\/wp-content\/uploads\/1939b891522c9ebb30fcf5f50f90ca30.jpg","contentUrl":"https:\/\/www.justiceinfo.net\/wp-content\/uploads\/1939b891522c9ebb30fcf5f50f90ca30.jpg","width":1200,"height":800},{"@type":"BreadcrumbList","@id":"https:\/\/www.justiceinfo.net\/fr\/45302-gambie-commission-verite-plongee-dans-incertitude.html#breadcrumb","itemListElement":[{"@type":"ListItem","position":1,"name":"Home","item":"https:\/\/www.justiceinfo.net\/fr"},{"@type":"ListItem","position":2,"name":"Gambie : la Commission v\u00e9rit\u00e9 plong\u00e9e dans l\u2019incertitude"}]},{"@type":"WebSite","@id":"https:\/\/www.justiceinfo.net\/fr#website","url":"https:\/\/www.justiceinfo.net\/fr","name":"JusticeInfo.net","description":"La justice doit \u00eatre vue pour \u00eatre rendue","publisher":{"@id":"https:\/\/www.justiceinfo.net\/fr#organization"},"potentialAction":[{"@type":"SearchAction","target":{"@type":"EntryPoint","urlTemplate":"https:\/\/www.justiceinfo.net\/fr?s={search_term_string}"},"query-input":{"@type":"PropertyValueSpecification","valueRequired":true,"valueName":"search_term_string"}}],"inLanguage":"fr-FR"},{"@type":"Organization","@id":"https:\/\/www.justiceinfo.net\/fr#organization","name":"Justice Info","url":"https:\/\/www.justiceinfo.net\/fr","logo":{"@type":"ImageObject","inLanguage":"fr-FR","@id":"https:\/\/www.justiceinfo.net\/fr#\/schema\/logo\/image\/","url":"https:\/\/www.justiceinfo.net\/wp-content\/uploads\/justiceinfo_logo-trans_1200x1200px.png","contentUrl":"https:\/\/www.justiceinfo.net\/wp-content\/uploads\/justiceinfo_logo-trans_1200x1200px.png","width":1199,"height":1200,"caption":"Justice Info"},"image":{"@id":"https:\/\/www.justiceinfo.net\/fr#\/schema\/logo\/image\/"},"sameAs":["https:\/\/www.facebook.com\/JusticeInfo\/","https:\/\/x.com\/justiceinfonet","https:\/\/www.linkedin.com\/company\/justice-info","https:\/\/www.youtube.com\/channel\/UCyCEsARodyuWtkWyhn-e7pA"]},{"@type":"Person","name":"Mustapha K. Darboe","url":"https:\/\/www.justiceinfo.net\/fr\/auteur\/mdarboe"}]}},"_links":{"self":[{"href":"https:\/\/www.justiceinfo.net\/fr\/wp-json\/wp\/v2\/posts\/45302","targetHints":{"allow":["GET"]}}],"collection":[{"href":"https:\/\/www.justiceinfo.net\/fr\/wp-json\/wp\/v2\/posts"}],"about":[{"href":"https:\/\/www.justiceinfo.net\/fr\/wp-json\/wp\/v2\/types\/post"}],"author":[{"embeddable":true,"href":"https:\/\/www.justiceinfo.net\/fr\/wp-json\/wp\/v2\/users\/73"}],"replies":[{"embeddable":true,"href":"https:\/\/www.justiceinfo.net\/fr\/wp-json\/wp\/v2\/comments?post=45302"}],"version-history":[{"count":0,"href":"https:\/\/www.justiceinfo.net\/fr\/wp-json\/wp\/v2\/posts\/45302\/revisions"}],"wp:featuredmedia":[{"embeddable":true,"href":"https:\/\/www.justiceinfo.net\/fr\/wp-json\/wp\/v2\/media\/61312"}],"wp:attachment":[{"href":"https:\/\/www.justiceinfo.net\/fr\/wp-json\/wp\/v2\/media?parent=45302"}],"wp:term":[{"taxonomy":"category","embeddable":true,"href":"https:\/\/www.justiceinfo.net\/fr\/wp-json\/wp\/v2\/categories?post=45302"},{"taxonomy":"post_tag","embeddable":true,"href":"https:\/\/www.justiceinfo.net\/fr\/wp-json\/wp\/v2\/tags?post=45302"},{"taxonomy":"ji_location","embeddable":true,"href":"https:\/\/www.justiceinfo.net\/fr\/wp-json\/wp\/v2\/ji_location?post=45302"}],"curies":[{"name":"wp","href":"https:\/\/api.w.org\/{rel}","templated":true}]}}