{"id":45997,"date":"2020-11-16T09:55:11","date_gmt":"2020-11-16T08:55:11","guid":{"rendered":"https:\/\/www.justiceinfo.net\/45997-gambie-quand-nia-jammeh-arrachait-verite-peuple.html"},"modified":"2020-11-16T09:55:11","modified_gmt":"2020-11-16T08:55:11","slug":"gambie-quand-nia-jammeh-arrachait-verite-peuple","status":"publish","type":"post","link":"https:\/\/www.justiceinfo.net\/fr\/45997-gambie-quand-nia-jammeh-arrachait-verite-peuple.html","title":{"rendered":"Gambie : quand la NIA de Jammeh \"arrachait la v\u00e9rit\u00e9 au peuple\""},"content":{"rendered":"<p><strong>En 22 ans de r\u00e8gne, l'ancien dirigeant gambien Yahya Jammeh a affirm\u00e9 avoir fait \u00e9chouer plusieurs coups d'\u00c9tat. Leurs pr\u00e9tendus auteurs avouaient ensuite \u00e0 la t\u00e9l\u00e9vision. Mais la fa\u00e7on dont ces aveux \u00e9taient obtenus et le d\u00e9tail de l'oppression des opposants politiques s\u2019\u00e9claircissent aujourd\u2019hui devant la Commission v\u00e9rit\u00e9.<\/strong><\/p>\n<p><!--more--><\/p>\n<p>\"Proc\u00e8s par les m\u00e9dias\", tel \u00e9tait le nom donn\u00e9 aux aveux publics ritualis\u00e9s que les Gambiens devaient regarder \u00e0 la t\u00e9l\u00e9vision apr\u00e8s l'\u00e9chec d'un coup d'\u00c9tat contre le pr\u00e9sident Yahya Jammeh. La semaine derni\u00e8re, dix victimes des agents de l'ancien dirigeant gambien au sein de l'Agence nationale de renseignement (NIA) ont comparu devant la Commission v\u00e9rit\u00e9, r\u00e9conciliation et r\u00e9parations (TRRC), dans le cadre d'une s\u00e9rie d'audiences sp\u00e9ciales qui entame sa deuxi\u00e8me semaine. Parmi les derniers t\u00e9moins, plusieurs t\u00e9moignages de soldats et de fonctionnaires qui ont mis en sc\u00e8ne ces proc\u00e8s m\u00e9diatiques.<\/p>\n<p>Lorsqu\u2019Alagie Martin, un g\u00e9n\u00e9ral qui a travaill\u00e9 \u00e9troitement avec Jammeh, a comparu en juin 2019 devant la Commission v\u00e9rit\u00e9, il n'a pas ni\u00e9 une pratique fr\u00e9quente de ses hommes de main consistant \u00e0 \u00ab\u00a0extraire la v\u00e9rit\u00e9 par la force\u00a0\u00bb. Selon sa propre d\u00e9finition, de tels passages \u00e0 tabac destin\u00e9s \u00e0 obtenir des aveux ne sont pourtant \"pas de la torture\".<\/p>\n<h3>Le \"panel\u00a0\u00bb de la NIA<\/h3>\n<p>Martin a notamment particip\u00e9 au \"panel de la NIA\" qui a interrog\u00e9 Sering Omar Faal, 62 ans, suspect d\u2019une tentative de coup d'\u00c9tat en mars 2006, qui a t\u00e9moign\u00e9 devant la TRRC le 12 novembre. Selon plusieurs t\u00e9moignages, la NIA de Jammeh disposait d'un \"panel\" servant de juge de la v\u00e9rit\u00e9 et des mensonges des personnes interrog\u00e9es. La sp\u00e9cificit\u00e9 de ce \"panel\" \u00e9tait qu\u2019il n'y avait pas d'autre choix devant lui que d'avouer le crime qui vous \u00e9tait reproch\u00e9 et de pr\u00e9senter vos excuses \u00e0 Jammeh, ou de recevoir la tabassage de votre vie par les Junglers, un commando paramilitaire op\u00e9rant sur les ordres du pr\u00e9sident.<\/p>\n<p>\"Ils m'ont dit que je savais quelque chose sur le coup d'\u00c9tat et je leur ai dit que je n'en savais rien. Je n'ai jamais rencontr\u00e9 ou vu Ndure Cham. Ils m'ont dit\u00a0: quand nous serons pr\u00eats, tu parleras\", raconte Faal. Le coup d'\u00c9tat de 2006 aurait \u00e9t\u00e9 men\u00e9 par le colonel Ndure Cham, alors chef de l'arm\u00e9e gambienne. Cham s'est \u00e9chapp\u00e9 au S\u00e9n\u00e9gal voisin mais il a \u00e9t\u00e9 captur\u00e9 \u00e0 son retour dans le pays et ex\u00e9cut\u00e9 par les Junglers. Un ancien Jungler, Omar Jallow, a avou\u00e9 son implication dans cette ex\u00e9cution, en juillet 2019, devant la Commission v\u00e9rit\u00e9.<\/p>\n<p>Faal \u00e9tait accus\u00e9 d'\u00eatre leur \"marabout\". Mais il a d\u00e9clar\u00e9 n'avoir \u00e9t\u00e9 contact\u00e9 que par un certain Abdou Dean et, plus tard, par Alieu Jobe, un ancien comptable soup\u00e7onn\u00e9 d'\u00eatre la t\u00eate civile du coup, pour aider le colonel Cham \u00e0 s'\u00e9chapper apr\u00e8s l\u2019\u00e9chec du coup d'\u00c9tat. Il a ni\u00e9 toute connaissance des activit\u00e9s ayant conduit au complot ou toute implication dans son organisation. Sa v\u00e9rit\u00e9 ne fut pas suffisante pour l\u2019\u00e9pargner. \"Ils ont dit que je devais parler \u00e0 la t\u00e9l\u00e9vision et dire mon r\u00f4le dans le coup d'\u00c9tat. Ils ont dit que je devrais demander \u00e0 Yahya Jammeh de me pardonner. J'ai refus\u00e9\", explique Faal.<\/p>\n<p>Avant les coups, Faal dit avoir re\u00e7u une gifle de la part de deux membres du panel pour ne pas avoir dit la v\u00e9rit\u00e9. Il s'agissait de Baba Saho, un agent de la NIA dont le nom appara\u00eet fr\u00e9quemment dans l'enqu\u00eate sur la NIA, et de l'ancien ministre de l'Int\u00e9rieur Ousman Sonko, alors inspecteur g\u00e9n\u00e9ral de la police. Sonko est actuellement poursuivi en Suisse.<\/p>\n<p>A minuit, des personnes masqu\u00e9es sont arriv\u00e9es. Faal d\u00e9clare qu'il peut cependant identifier certains d'entre eux, car ils pronon\u00e7aient leurs noms au cours de l\u2019interaction. \"Malick Jatta a pris un couteau et m'a ras\u00e9 la barbe\u00a0\u00bb, t\u00e9moigne Faal. \u00ab\u00a0J'ai pleur\u00e9 parce que je consid\u00e9rais cela comme une atteinte \u00e0 ma croyance religieuse. Jatta a alors pris un couteau et a menac\u00e9 de me tuer. Il l'a press\u00e9 contre mon cou jusqu'\u00e0 ce que le sang commence \u00e0 sortir. Quelqu'un lui a dit d'arr\u00eater. Sanna Manjang a \u00e9galement pris une lame de rasoir et a tranch\u00e9 mon oreille droite... Le g\u00e9n\u00e9ral Alagie Martin est venu, a mis un sac en plastique sur ma t\u00eate puis a pris un marteau pour me frapper \u00e0 la t\u00eate.\"<\/p>\n<h3>\"\u00c9cartel\u00e9 sur une table en m\u00e9tal et gravement battu\"<\/h3>\n<p>Faal n'est pas le seul \u00e0 avoir subi humiliations et tortures \u00e0 la NIA apr\u00e8s le coup de 2006.<\/p>\n<p>Plusieurs soldats de haut rang, dont l'actuel chef du camp militaire \u00e0 Kanilai, le village de l'ancien pr\u00e9sident, le capitaine Wassa Camara, ont alors \u00e9t\u00e9 contraints aux aveux \u00e0 la t\u00e9l\u00e9vision. Le capitaine Bunja Darboe a lu ce qui \u00e9tait cens\u00e9 \u00eatre leur discours de victoire si le coup d'Etat avait r\u00e9ussi. En 2019, il a r\u00e9v\u00e9l\u00e9 \u00e0 la Commission v\u00e9rit\u00e9 que ce discours avait en fait \u00e9t\u00e9 \u00e9crit par la NIA, sous la supervision du \"panel\". Alagie Martin a ni\u00e9 avoir forc\u00e9 Darboe \u00e0 \u00e9crire le discours, mais il a reconnu qu'il avait \u00e9t\u00e9 contraint par des officiers de la NIA.<\/p>\n<p>Selon les t\u00e9moignages des dix victimes qui ont t\u00e9moign\u00e9 devant la TRRC la semaine derni\u00e8re, aveux forc\u00e9s et d\u00e9tentions ill\u00e9gales \u00e0 la NIA \u00e9taient tr\u00e8s r\u00e9pandus. Un certain Amadou Jogoh Sowe, commer\u00e7ant guin\u00e9en venu en Gambie en 1993, a d\u00e9clar\u00e9 avoir eu affaire avec la NIA car l'agence aurait eu un int\u00e9r\u00eat dans l\u2019arrestation d\u2019Abass Jarju, un de ses associ\u00e9s qui avait \u00e9t\u00e9 arr\u00eat\u00e9 pour fraude. Bien que Sowe ait affirm\u00e9 n\u2019avoir rien \u00e0 voir avec les affaires de Jarju, il a \u00e9galement \u00e9t\u00e9 arr\u00eat\u00e9. La NIA n\u2019arrivait pas \u00e0 mettre la main sur une personne tierce, Amadou Wurry Bah, li\u00e9e \u00e0 cette fraude pr\u00e9sum\u00e9e. Sowe a \u00e9t\u00e9 tabass\u00e9 pour aider \u00e0 le trouver. \"Ils m'ont demand\u00e9 o\u00f9 se trouvait Wurry... mais je leur ai dit que je ne le savais pas. C'est alors qu'ils m'ont menott\u00e9 et j'ai \u00e9t\u00e9 \u00e9cartel\u00e9 sur une table en m\u00e9tal et gravement battu\", raconte Sowe. Il d\u00e9crit la pr\u00e9sence dans la pi\u00e8ce de cette table en m\u00e9tal, d\u2019une machine \u00e0 \u00e9lectrocuter et d\u2019un tuyau d'\u00e9vacuation utilis\u00e9 pour les personnes subissant une simulation de noyade.<\/p>\n<p>Sowe a \u00e9t\u00e9 d\u00e9tenu ill\u00e9galement \u00e0 la NIA pendant plus de six mois. Ils l'ont emmen\u00e9 \u00e0 la prison Mile 2 o\u00f9 il a pass\u00e9 deux mois avant d'\u00eatre d\u00e9f\u00e9r\u00e9 devant une cour. Le tribunal l'a ensuite acquitt\u00e9 et lib\u00e9r\u00e9 pour manque de preuves. Aujourd'hui, il est traumatis\u00e9. \"J'ai tellement peur de la NIA que je ne peux pas regarder leur portail en passant [leur complexe \u00e0 l'entr\u00e9e de Banjul]\", d\u00e9clare-t-il.<\/p>\n<h3>L\u2019oppression contre les d\u00e9tenus politiques<\/h3>\n<p>La NIA sous Jammeh jouissait de pouvoirs consid\u00e9rables. Bien qu'elle soit une agence de renseignement, elle avait des pouvoirs pr\u00e9pond\u00e9rants sur la police et les autres agences de s\u00e9curit\u00e9. Plusieurs de ses victimes \u00e9taient des d\u00e9tenus politiques.<\/p>\n<p>Une des victimes r\u00e9gul\u00e8res de la NIA fut Omar Bah, originaire de Faraba, une localit\u00e9 situ\u00e9e \u00e0 environ une heure de route de Banjul, la capitale gambienne. La premi\u00e8re fois que Bah a eu des ennuis, c'\u00e9tait en octobre 1995, lorsqu'il a \u00e9t\u00e9 arr\u00eat\u00e9 avec 47 personnes et d\u00e9tenu \u00e0 la caserne de Fajara, un campement militaire proche de Banjul. Ils \u00e9taient accus\u00e9s d'avoir foment\u00e9 un coup d'\u00c9tat contre Jammeh.<\/p>\n<p>Les d\u00e9tenus, dont Bah, ont subi des passages \u00e0 tabac, raconte-t-il \u00e0 la commission v\u00e9rit\u00e9, le 11 novembre. \"J'ai eu des ecchymoses sur tout le dos\", dit-il. Au moins deux de ses cod\u00e9tenus sont alors morts suite aux tortures, pr\u00e9cise-t-il. Mais ce n'\u00e9tait que le d\u00e9but. Bah allait subir quatre autres arrestations et d\u00e9tentions ill\u00e9gales \u00e0 la NIA. Il assure que c'\u00e9tait \u00e0 cause de son appartenance au Parti d\u00e9mocratique uni, le principal challenger politique de Jammeh pendant ses 22 ans de r\u00e8gne. Bah explique qu'ils ont fait pression sur lui pour qu\u2019il change d'all\u00e9geance et rejoigne le parti de Jammeh, alors au pouvoir, l'Alliance pour la r\u00e9orientation patriotique et la construction, mais qu\u2019il a refus\u00e9.<\/p>\n<p>Alors que les audiences de la NIA entrent dans leur troisi\u00e8me semaine, plusieurs auteurs pr\u00e9sum\u00e9s devraient commencer \u00e0 compara\u00eetre, dont le directeur g\u00e9n\u00e9ral actuel de la NIA, Ousman Sowe.<\/p>\n","protected":false},"excerpt":{"rendered":"<p>En 22 ans de r\u00e8gne, l'ancien dirigeant gambien Yahya Jammeh a affirm\u00e9 avoir fait \u00e9chouer plusieurs coups d'\u00c9tat. Leurs pr\u00e9tendus auteurs avouaient ensuite \u00e0 la t\u00e9l\u00e9vision. Mais la fa\u00e7on dont ces aveux \u00e9taient obtenus et le d\u00e9tail de l'oppression des opposants politiques s\u2019\u00e9claircissent aujourd\u2019hui devant la Commission v\u00e9rit\u00e9.<\/p>\n","protected":false},"author":73,"featured_media":61302,"comment_status":"open","ping_status":"closed","sticky":false,"template":"","format":"standard","meta":{"_acf_changed":false,"footnotes":""},"categories":[548],"tags":[],"ji_location":[2508],"class_list":["post-45997","post","type-post","status-publish","format-standard","has-post-thumbnail","hentry","category-commissions-verite","ji_location-gambie"],"acf":[],"yoast_head":"<!-- This site is optimized with the Yoast SEO Premium plugin v25.3.1 (Yoast SEO v25.3.1) - https:\/\/yoast.com\/wordpress\/plugins\/seo\/ -->\n<title>Gambie : quand la NIA de Jammeh &quot;arrachait la v\u00e9rit\u00e9 au peuple&quot; - JusticeInfo.net<\/title>\n<meta name=\"robots\" content=\"index, follow, max-snippet:-1, max-image-preview:large, max-video-preview:-1\" \/>\n<link rel=\"canonical\" href=\"https:\/\/www.justiceinfo.net\/fr\/45997-gambie-quand-nia-jammeh-arrachait-verite-peuple.html\" \/>\n<meta property=\"og:locale\" content=\"fr_FR\" \/>\n<meta property=\"og:type\" content=\"article\" \/>\n<meta property=\"og:title\" content=\"Gambie : quand la NIA de Jammeh &quot;arrachait la v\u00e9rit\u00e9 au peuple&quot;\" \/>\n<meta property=\"og:description\" content=\"En 22 ans de r\u00e8gne, l&#039;ancien dirigeant gambien Yahya Jammeh a affirm\u00e9 avoir fait \u00e9chouer plusieurs coups d&#039;\u00c9tat. Leurs pr\u00e9tendus auteurs avouaient ensuite \u00e0 la t\u00e9l\u00e9vision. Mais la fa\u00e7on dont ces aveux \u00e9taient obtenus et le d\u00e9tail de l&#039;oppression des opposants politiques s\u2019\u00e9claircissent aujourd\u2019hui devant la Commission v\u00e9rit\u00e9.\" \/>\n<meta property=\"og:url\" content=\"https:\/\/www.justiceinfo.net\/fr\/45997-gambie-quand-nia-jammeh-arrachait-verite-peuple.html\" \/>\n<meta property=\"og:site_name\" content=\"JusticeInfo.net\" \/>\n<meta property=\"article:publisher\" content=\"https:\/\/www.facebook.com\/JusticeInfo\/\" \/>\n<meta property=\"article:published_time\" content=\"2020-11-16T08:55:11+00:00\" \/>\n<meta property=\"og:image\" content=\"https:\/\/www.justiceinfo.net\/wp-content\/uploads\/25e6bc0426a689c864f684cffbe511f8.jpg\" \/>\n\t<meta property=\"og:image:width\" content=\"1200\" \/>\n\t<meta property=\"og:image:height\" content=\"800\" \/>\n\t<meta property=\"og:image:type\" content=\"image\/jpeg\" \/>\n<meta name=\"author\" content=\"Mustapha K. Darboe\" \/>\n<meta name=\"twitter:card\" content=\"summary_large_image\" \/>\n<meta name=\"twitter:creator\" content=\"@justiceinfonet\" \/>\n<meta name=\"twitter:site\" content=\"@justiceinfonet\" \/>\n<meta name=\"twitter:label1\" content=\"\u00c9crit par\" \/>\n\t<meta name=\"twitter:data1\" content=\"Mustapha K. Darboe\" \/>\n\t<meta name=\"twitter:label2\" content=\"Dur\u00e9e de lecture estim\u00e9e\" \/>\n\t<meta name=\"twitter:data2\" content=\"7 minutes\" \/>\n<script type=\"application\/ld+json\" class=\"yoast-schema-graph\">{\"@context\":\"https:\/\/schema.org\",\"@graph\":[{\"@type\":\"NewsArticle\",\"@id\":\"https:\/\/www.justiceinfo.net\/fr\/45997-gambie-quand-nia-jammeh-arrachait-verite-peuple.html#article\",\"isPartOf\":{\"@id\":\"https:\/\/www.justiceinfo.net\/fr\/45997-gambie-quand-nia-jammeh-arrachait-verite-peuple.html\"},\"author\":{\"name\":\"mdarboe\",\"@id\":\"https:\/\/www.justiceinfo.net\/fr#\/schema\/person\/87683ef8eb6db0f513bc2be3db6f3012\"},\"headline\":\"Gambie : quand la NIA de Jammeh \\\"arrachait la v\u00e9rit\u00e9 au peuple\\\"\",\"datePublished\":\"2020-11-16T08:55:11+00:00\",\"mainEntityOfPage\":{\"@id\":\"https:\/\/www.justiceinfo.net\/fr\/45997-gambie-quand-nia-jammeh-arrachait-verite-peuple.html\"},\"wordCount\":1539,\"commentCount\":0,\"publisher\":{\"@id\":\"https:\/\/www.justiceinfo.net\/fr#organization\"},\"image\":{\"@id\":\"https:\/\/www.justiceinfo.net\/fr\/45997-gambie-quand-nia-jammeh-arrachait-verite-peuple.html#primaryimage\"},\"thumbnailUrl\":\"https:\/\/www.justiceinfo.net\/wp-content\/uploads\/25e6bc0426a689c864f684cffbe511f8.jpg\",\"articleSection\":[\"Commissions v\u00e9rit\u00e9\"],\"inLanguage\":\"fr-FR\",\"potentialAction\":[{\"@type\":\"CommentAction\",\"name\":\"Comment\",\"target\":[\"https:\/\/www.justiceinfo.net\/fr\/45997-gambie-quand-nia-jammeh-arrachait-verite-peuple.html#respond\"]}]},{\"@type\":\"WebPage\",\"@id\":\"https:\/\/www.justiceinfo.net\/fr\/45997-gambie-quand-nia-jammeh-arrachait-verite-peuple.html\",\"url\":\"https:\/\/www.justiceinfo.net\/fr\/45997-gambie-quand-nia-jammeh-arrachait-verite-peuple.html\",\"name\":\"Gambie : quand la NIA de Jammeh \\\"arrachait la v\u00e9rit\u00e9 au peuple\\\" - JusticeInfo.net\",\"isPartOf\":{\"@id\":\"https:\/\/www.justiceinfo.net\/fr#website\"},\"primaryImageOfPage\":{\"@id\":\"https:\/\/www.justiceinfo.net\/fr\/45997-gambie-quand-nia-jammeh-arrachait-verite-peuple.html#primaryimage\"},\"image\":{\"@id\":\"https:\/\/www.justiceinfo.net\/fr\/45997-gambie-quand-nia-jammeh-arrachait-verite-peuple.html#primaryimage\"},\"thumbnailUrl\":\"https:\/\/www.justiceinfo.net\/wp-content\/uploads\/25e6bc0426a689c864f684cffbe511f8.jpg\",\"datePublished\":\"2020-11-16T08:55:11+00:00\",\"breadcrumb\":{\"@id\":\"https:\/\/www.justiceinfo.net\/fr\/45997-gambie-quand-nia-jammeh-arrachait-verite-peuple.html#breadcrumb\"},\"inLanguage\":\"fr-FR\",\"potentialAction\":[{\"@type\":\"ReadAction\",\"target\":[\"https:\/\/www.justiceinfo.net\/fr\/45997-gambie-quand-nia-jammeh-arrachait-verite-peuple.html\"]}]},{\"@type\":\"ImageObject\",\"inLanguage\":\"fr-FR\",\"@id\":\"https:\/\/www.justiceinfo.net\/fr\/45997-gambie-quand-nia-jammeh-arrachait-verite-peuple.html#primaryimage\",\"url\":\"https:\/\/www.justiceinfo.net\/wp-content\/uploads\/25e6bc0426a689c864f684cffbe511f8.jpg\",\"contentUrl\":\"https:\/\/www.justiceinfo.net\/wp-content\/uploads\/25e6bc0426a689c864f684cffbe511f8.jpg\",\"width\":1200,\"height\":800},{\"@type\":\"BreadcrumbList\",\"@id\":\"https:\/\/www.justiceinfo.net\/fr\/45997-gambie-quand-nia-jammeh-arrachait-verite-peuple.html#breadcrumb\",\"itemListElement\":[{\"@type\":\"ListItem\",\"position\":1,\"name\":\"Home\",\"item\":\"https:\/\/www.justiceinfo.net\/fr\"},{\"@type\":\"ListItem\",\"position\":2,\"name\":\"Gambie : quand la NIA de Jammeh \\\"arrachait la v\u00e9rit\u00e9 au peuple\\\"\"}]},{\"@type\":\"WebSite\",\"@id\":\"https:\/\/www.justiceinfo.net\/fr#website\",\"url\":\"https:\/\/www.justiceinfo.net\/fr\",\"name\":\"JusticeInfo.net\",\"description\":\"La justice doit \u00eatre vue pour \u00eatre rendue\",\"publisher\":{\"@id\":\"https:\/\/www.justiceinfo.net\/fr#organization\"},\"potentialAction\":[{\"@type\":\"SearchAction\",\"target\":{\"@type\":\"EntryPoint\",\"urlTemplate\":\"https:\/\/www.justiceinfo.net\/fr?s={search_term_string}\"},\"query-input\":{\"@type\":\"PropertyValueSpecification\",\"valueRequired\":true,\"valueName\":\"search_term_string\"}}],\"inLanguage\":\"fr-FR\"},{\"@type\":\"Organization\",\"@id\":\"https:\/\/www.justiceinfo.net\/fr#organization\",\"name\":\"Justice Info\",\"url\":\"https:\/\/www.justiceinfo.net\/fr\",\"logo\":{\"@type\":\"ImageObject\",\"inLanguage\":\"fr-FR\",\"@id\":\"https:\/\/www.justiceinfo.net\/fr#\/schema\/logo\/image\/\",\"url\":\"https:\/\/www.justiceinfo.net\/wp-content\/uploads\/justiceinfo_logo-trans_1200x1200px.png\",\"contentUrl\":\"https:\/\/www.justiceinfo.net\/wp-content\/uploads\/justiceinfo_logo-trans_1200x1200px.png\",\"width\":1199,\"height\":1200,\"caption\":\"Justice Info\"},\"image\":{\"@id\":\"https:\/\/www.justiceinfo.net\/fr#\/schema\/logo\/image\/\"},\"sameAs\":[\"https:\/\/www.facebook.com\/JusticeInfo\/\",\"https:\/\/x.com\/justiceinfonet\",\"https:\/\/www.linkedin.com\/company\/justice-info\",\"https:\/\/www.youtube.com\/channel\/UCyCEsARodyuWtkWyhn-e7pA\"]},{\"@type\":\"Person\",\"name\":\"Mustapha K. Darboe\",\"url\":\"https:\/\/www.justiceinfo.net\/fr\/auteur\/mdarboe\"}]}<\/script>\n<!-- \/ Yoast SEO Premium plugin. -->","yoast_head_json":{"title":"Gambie : quand la NIA de Jammeh \"arrachait la v\u00e9rit\u00e9 au peuple\" - JusticeInfo.net","robots":{"index":"index","follow":"follow","max-snippet":"max-snippet:-1","max-image-preview":"max-image-preview:large","max-video-preview":"max-video-preview:-1"},"canonical":"https:\/\/www.justiceinfo.net\/fr\/45997-gambie-quand-nia-jammeh-arrachait-verite-peuple.html","og_locale":"fr_FR","og_type":"article","og_title":"Gambie : quand la NIA de Jammeh \"arrachait la v\u00e9rit\u00e9 au peuple\"","og_description":"En 22 ans de r\u00e8gne, l'ancien dirigeant gambien Yahya Jammeh a affirm\u00e9 avoir fait \u00e9chouer plusieurs coups d'\u00c9tat. Leurs pr\u00e9tendus auteurs avouaient ensuite \u00e0 la t\u00e9l\u00e9vision. Mais la fa\u00e7on dont ces aveux \u00e9taient obtenus et le d\u00e9tail de l'oppression des opposants politiques s\u2019\u00e9claircissent aujourd\u2019hui devant la Commission v\u00e9rit\u00e9.","og_url":"https:\/\/www.justiceinfo.net\/fr\/45997-gambie-quand-nia-jammeh-arrachait-verite-peuple.html","og_site_name":"JusticeInfo.net","article_publisher":"https:\/\/www.facebook.com\/JusticeInfo\/","article_published_time":"2020-11-16T08:55:11+00:00","og_image":[{"width":1200,"height":800,"url":"https:\/\/www.justiceinfo.net\/wp-content\/uploads\/25e6bc0426a689c864f684cffbe511f8.jpg","type":"image\/jpeg"}],"author":"Mustapha K. Darboe","twitter_card":"summary_large_image","twitter_creator":"@justiceinfonet","twitter_site":"@justiceinfonet","twitter_misc":{"\u00c9crit par":"Mustapha K. Darboe","Dur\u00e9e de lecture estim\u00e9e":"7 minutes"},"schema":{"@context":"https:\/\/schema.org","@graph":[{"@type":"NewsArticle","@id":"https:\/\/www.justiceinfo.net\/fr\/45997-gambie-quand-nia-jammeh-arrachait-verite-peuple.html#article","isPartOf":{"@id":"https:\/\/www.justiceinfo.net\/fr\/45997-gambie-quand-nia-jammeh-arrachait-verite-peuple.html"},"author":{"name":"mdarboe","@id":"https:\/\/www.justiceinfo.net\/fr#\/schema\/person\/87683ef8eb6db0f513bc2be3db6f3012"},"headline":"Gambie : quand la NIA de Jammeh \"arrachait la v\u00e9rit\u00e9 au peuple\"","datePublished":"2020-11-16T08:55:11+00:00","mainEntityOfPage":{"@id":"https:\/\/www.justiceinfo.net\/fr\/45997-gambie-quand-nia-jammeh-arrachait-verite-peuple.html"},"wordCount":1539,"commentCount":0,"publisher":{"@id":"https:\/\/www.justiceinfo.net\/fr#organization"},"image":{"@id":"https:\/\/www.justiceinfo.net\/fr\/45997-gambie-quand-nia-jammeh-arrachait-verite-peuple.html#primaryimage"},"thumbnailUrl":"https:\/\/www.justiceinfo.net\/wp-content\/uploads\/25e6bc0426a689c864f684cffbe511f8.jpg","articleSection":["Commissions v\u00e9rit\u00e9"],"inLanguage":"fr-FR","potentialAction":[{"@type":"CommentAction","name":"Comment","target":["https:\/\/www.justiceinfo.net\/fr\/45997-gambie-quand-nia-jammeh-arrachait-verite-peuple.html#respond"]}]},{"@type":"WebPage","@id":"https:\/\/www.justiceinfo.net\/fr\/45997-gambie-quand-nia-jammeh-arrachait-verite-peuple.html","url":"https:\/\/www.justiceinfo.net\/fr\/45997-gambie-quand-nia-jammeh-arrachait-verite-peuple.html","name":"Gambie : quand la NIA de Jammeh \"arrachait la v\u00e9rit\u00e9 au peuple\" - JusticeInfo.net","isPartOf":{"@id":"https:\/\/www.justiceinfo.net\/fr#website"},"primaryImageOfPage":{"@id":"https:\/\/www.justiceinfo.net\/fr\/45997-gambie-quand-nia-jammeh-arrachait-verite-peuple.html#primaryimage"},"image":{"@id":"https:\/\/www.justiceinfo.net\/fr\/45997-gambie-quand-nia-jammeh-arrachait-verite-peuple.html#primaryimage"},"thumbnailUrl":"https:\/\/www.justiceinfo.net\/wp-content\/uploads\/25e6bc0426a689c864f684cffbe511f8.jpg","datePublished":"2020-11-16T08:55:11+00:00","breadcrumb":{"@id":"https:\/\/www.justiceinfo.net\/fr\/45997-gambie-quand-nia-jammeh-arrachait-verite-peuple.html#breadcrumb"},"inLanguage":"fr-FR","potentialAction":[{"@type":"ReadAction","target":["https:\/\/www.justiceinfo.net\/fr\/45997-gambie-quand-nia-jammeh-arrachait-verite-peuple.html"]}]},{"@type":"ImageObject","inLanguage":"fr-FR","@id":"https:\/\/www.justiceinfo.net\/fr\/45997-gambie-quand-nia-jammeh-arrachait-verite-peuple.html#primaryimage","url":"https:\/\/www.justiceinfo.net\/wp-content\/uploads\/25e6bc0426a689c864f684cffbe511f8.jpg","contentUrl":"https:\/\/www.justiceinfo.net\/wp-content\/uploads\/25e6bc0426a689c864f684cffbe511f8.jpg","width":1200,"height":800},{"@type":"BreadcrumbList","@id":"https:\/\/www.justiceinfo.net\/fr\/45997-gambie-quand-nia-jammeh-arrachait-verite-peuple.html#breadcrumb","itemListElement":[{"@type":"ListItem","position":1,"name":"Home","item":"https:\/\/www.justiceinfo.net\/fr"},{"@type":"ListItem","position":2,"name":"Gambie : quand la NIA de Jammeh \"arrachait la v\u00e9rit\u00e9 au peuple\""}]},{"@type":"WebSite","@id":"https:\/\/www.justiceinfo.net\/fr#website","url":"https:\/\/www.justiceinfo.net\/fr","name":"JusticeInfo.net","description":"La justice doit \u00eatre vue pour \u00eatre rendue","publisher":{"@id":"https:\/\/www.justiceinfo.net\/fr#organization"},"potentialAction":[{"@type":"SearchAction","target":{"@type":"EntryPoint","urlTemplate":"https:\/\/www.justiceinfo.net\/fr?s={search_term_string}"},"query-input":{"@type":"PropertyValueSpecification","valueRequired":true,"valueName":"search_term_string"}}],"inLanguage":"fr-FR"},{"@type":"Organization","@id":"https:\/\/www.justiceinfo.net\/fr#organization","name":"Justice Info","url":"https:\/\/www.justiceinfo.net\/fr","logo":{"@type":"ImageObject","inLanguage":"fr-FR","@id":"https:\/\/www.justiceinfo.net\/fr#\/schema\/logo\/image\/","url":"https:\/\/www.justiceinfo.net\/wp-content\/uploads\/justiceinfo_logo-trans_1200x1200px.png","contentUrl":"https:\/\/www.justiceinfo.net\/wp-content\/uploads\/justiceinfo_logo-trans_1200x1200px.png","width":1199,"height":1200,"caption":"Justice Info"},"image":{"@id":"https:\/\/www.justiceinfo.net\/fr#\/schema\/logo\/image\/"},"sameAs":["https:\/\/www.facebook.com\/JusticeInfo\/","https:\/\/x.com\/justiceinfonet","https:\/\/www.linkedin.com\/company\/justice-info","https:\/\/www.youtube.com\/channel\/UCyCEsARodyuWtkWyhn-e7pA"]},{"@type":"Person","name":"Mustapha K. Darboe","url":"https:\/\/www.justiceinfo.net\/fr\/auteur\/mdarboe"}]}},"_links":{"self":[{"href":"https:\/\/www.justiceinfo.net\/fr\/wp-json\/wp\/v2\/posts\/45997","targetHints":{"allow":["GET"]}}],"collection":[{"href":"https:\/\/www.justiceinfo.net\/fr\/wp-json\/wp\/v2\/posts"}],"about":[{"href":"https:\/\/www.justiceinfo.net\/fr\/wp-json\/wp\/v2\/types\/post"}],"author":[{"embeddable":true,"href":"https:\/\/www.justiceinfo.net\/fr\/wp-json\/wp\/v2\/users\/73"}],"replies":[{"embeddable":true,"href":"https:\/\/www.justiceinfo.net\/fr\/wp-json\/wp\/v2\/comments?post=45997"}],"version-history":[{"count":0,"href":"https:\/\/www.justiceinfo.net\/fr\/wp-json\/wp\/v2\/posts\/45997\/revisions"}],"wp:featuredmedia":[{"embeddable":true,"href":"https:\/\/www.justiceinfo.net\/fr\/wp-json\/wp\/v2\/media\/61302"}],"wp:attachment":[{"href":"https:\/\/www.justiceinfo.net\/fr\/wp-json\/wp\/v2\/media?parent=45997"}],"wp:term":[{"taxonomy":"category","embeddable":true,"href":"https:\/\/www.justiceinfo.net\/fr\/wp-json\/wp\/v2\/categories?post=45997"},{"taxonomy":"post_tag","embeddable":true,"href":"https:\/\/www.justiceinfo.net\/fr\/wp-json\/wp\/v2\/tags?post=45997"},{"taxonomy":"ji_location","embeddable":true,"href":"https:\/\/www.justiceinfo.net\/fr\/wp-json\/wp\/v2\/ji_location?post=45997"}],"curies":[{"name":"wp","href":"https:\/\/api.w.org\/{rel}","templated":true}]}}