{"id":46063,"date":"2020-11-24T08:48:05","date_gmt":"2020-11-24T07:48:05","guid":{"rendered":"https:\/\/www.justiceinfo.net\/46063-justice-congolaise-condamne-sheka-prison-a-vie.html"},"modified":"2020-11-24T08:48:05","modified_gmt":"2020-11-24T07:48:05","slug":"justice-congolaise-condamne-sheka-prison-a-vie","status":"publish","type":"post","link":"https:\/\/www.justiceinfo.net\/fr\/46063-justice-congolaise-condamne-sheka-prison-a-vie.html","title":{"rendered":"La justice congolaise condamne Sheka \u00e0 la prison \u00e0 vie"},"content":{"rendered":"<p><strong>La justice militaire congolaise a reconnu l\u2019ancien chef milicien Ntabo Ntaberi, alias Sheka, coupable de crimes de guerre, le 23 novembre, et l\u2019a condamn\u00e9 \u00e0 la prison \u00e0 vie. Un jugement majeur et un succ\u00e8s pour les victimes de l\u2019Est de la R\u00e9publique d\u00e9mocratique du Congo. Notamment les femmes.<\/strong><\/p>\n<p><!--more--><\/p>\n<p>De son vrai nom Ntabo Ntaberi, il est plus connu sous le pseudonyme de Sheka. Dans les territoires de Walikale et Masisi, \u00e0 l\u2019Est de la R\u00e9publique d\u00e9mocratique du Congo (RDC), la simple \u00e9vocation de son nom et de sa milice Nduma Defence of Congo (NDC), \u00e9galement appel\u00e9e Ma\u00ef Ma\u00ef Sheka, faisait trembler les civils. En particulier les femmes.<\/p>\n<p>Les femmes de cette partie du Nord-Kivu ne sont certes pas au bout de leur calvaire car des hommes du redoutable chef de guerre circulent toujours dans ces zones foresti\u00e8res. Mais ce 23 novembre appara\u00eet comme une \u00e9claircie pour elles\u00a0: le puissant Sheka a \u00e9t\u00e9 condamn\u00e9 \u00e0 la prison \u00e0 perp\u00e9tuit\u00e9, deux ans apr\u00e8s <a href=\"fr\/tribunaux\/tribunaux-nationaux\/39630-rd-congo-le-proces-sheka-s-ouvre-dans-l-incertitude.html\">l\u2019ouverture de son proc\u00e8s phare<\/a>.<\/p>\n<p>Si\u00e9geant \u00e0 Goma, la Cour militaire op\u00e9rationnelle du Nord-Kivu, l\u2019a reconnu coupable de crimes de guerre pour meurtres, viols, esclavage sexuel, enr\u00f4lement d\u2019enfants de moins de 15 ans, pillages et destruction de biens. Pour chacun de ces crimes, il a \u00e9t\u00e9 condamn\u00e9 \u00e0 la prison \u00e0 vie. La cour a conclu que la milice NDC est une cr\u00e9ation de Ntabo Ntaberi et qu\u2019il \u00e9tait le commandant de ce groupe arm\u00e9 au moment des faits.<\/p>\n<p>Le principal co-accus\u00e9 de Sheka, Nzitonda Habimana S\u00e9raphin, dit Lionceau, s\u2019est vu lui aussi infliger une peine de perp\u00e9tuit\u00e9 pour crimes de guerre et crimes contre l\u2019humanit\u00e9. Un autre milicien a \u00e9t\u00e9 condamn\u00e9 \u00e0 15 ans d\u2019emprisonnement tandis que le quatri\u00e8me a \u00e9t\u00e9 acquitt\u00e9.<\/p>\n<h3>L\u2019\u00c9tat, \u00e9pargn\u00e9 par les juges<\/h3>\n<p>V\u00eatu d\u2019un T-shirt bleu jaune, bras crois\u00e9s sur une poitrine de costaud, visage rond, Sheka est rest\u00e9 de marbre durant la lecture du jugement qui a dur\u00e9 plusieurs heures. \u00ab\u00a0Nous sommes d\u00e9\u00e7us. Tout au long du proc\u00e8s, nous avons demand\u00e9 \u00e0 la cour d\u2019organiser une descente dans les zones o\u00f9 les faits sont suppos\u00e9s avoir \u00e9t\u00e9 commis mais la cour a refus\u00e9\u00a0\u00bb, a r\u00e9agi l\u2019avocat de Sheka, M<sup>e<\/sup> Alexis Olenga, interrog\u00e9 par Justice Info. \u00ab Plus grave encore, notre client est jug\u00e9 par la cour militaire op\u00e9rationnelle, une instance qui n\u2019admet pas de double degr\u00e9 de juridiction\u00a0\u00bb, ajoute-t-il, d\u00e9plorant l\u2019impossibilit\u00e9 de faire appel.<\/p>\n<p>Du c\u00f4t\u00e9 des parties civiles, c\u2019est la satisfaction. \u00ab\u00a0C\u2019est un grand jour pour les victimes. Beaucoup d\u2019entre elles sont en train de nous appeler pour faire part de leur soulagement. Cette condamnation est un message fort pour les autres chefs de guerre\u00a0\u00bb, a d\u00e9clar\u00e9 \u00e0 la presse Aim\u00e9e Fatuma Kahindo, du Collectif des avocats des victimes. Elle a cependant d\u00e9plor\u00e9 que les juges n\u2019aient pas condamn\u00e9 l\u2019\u00c9tat congolais \u00e0 verser des r\u00e9parations pour avoir failli \u00e0 sa responsabilit\u00e9 de prot\u00e9ger sa population.<\/p>\n<h3>Crimes de grande ampleur, mobilisation des enqu\u00eates<\/h3>\n<p>Les faits pour lesquels Sheka et ses hommes \u00e9taient jug\u00e9s se sont d\u00e9roul\u00e9s entre 2010 et 2014 dans plusieurs villages de Walikale et Masisi. Mais c\u2019est le village de Luvungi, en territoire de Walikale, qui a pay\u00e9 le plus lourd tribut.<\/p>\n<p>Situ\u00e9 dans une zone mini\u00e8re relativement prosp\u00e8re, le village a \u00e9t\u00e9 victime de pillages \u00e0 grande \u00e9chelle perp\u00e9tr\u00e9s par des miliciens de Sheka, du 30 juillet au 2 ao\u00fbt 2010. Durant son proc\u00e8s, le chef de guerre expliquera, sans rougir, que c\u2019\u00e9tait le prix \u00e0 payer pour \u00ab\u00a0la protection\u00a0\u00bb qu\u2019offrait sa milice. Ntabo Ntaberi s\u2019est toujours pr\u00e9sent\u00e9 comme le protecteur de civils menac\u00e9s par d\u2019autres groupes arm\u00e9s, et non comme leur bourreau. Pourtant, ses miliciens commettront pire que des pillages \u00e0 Luvungi. En quatre jours, plus de 350 femmes y ont \u00e9t\u00e9 syst\u00e9matiquement viol\u00e9es, dont certaines par plusieurs hommes. \u00ab\u00a0Par son ampleur, cette attaque a choqu\u00e9 la communaut\u00e9 internationale. C\u2019est suite \u00e0 ces crimes que les Nations-unies ont enqu\u00eat\u00e9 sur les agissements du NDC\u00a0\u00bb, rappelle l\u2019organisation suisse TRIAL International, une des ONG qui, depuis des ann\u00e9es, accompagnent les victimes lors des proc\u00e9dures judiciaires relatives aux crimes de masse en RDC.<\/p>\n<p>Les crimes de cette milice ont \u00e9t\u00e9 document\u00e9s d\u00e8s 2010 par les Nations-unies, la justice congolaise, les ONG locales et internationales. Des milliers de t\u00e9moignages, des preuves audiovisuelles ont \u00e9t\u00e9 recueillis, dont certains ont permis d\u2019\u00e9tablir la responsabilit\u00e9 en tant que sup\u00e9rieur hi\u00e9rarchique de Sheka sur les auteurs mat\u00e9riels des crimes.<\/p>\n<h3>Des t\u00e9moins \u00e0 leurs risques et p\u00e9rils<\/h3>\n<p>Mais lorsqu\u2019est venu le moment du proc\u00e8s, la peur s\u2019est empar\u00e9e \u00e0 nouveau des t\u00e9moins-victimes. \u00ab Il y a plus de 300 victimes dans ce proc\u00e8s, parce que ce sont plusieurs villages qui ont \u00e9t\u00e9 attaqu\u00e9s\u00a0\u2013 Luvungi, Pinga et d\u2019autres. Mais les victimes qui ont comparu ne sont pas plus de quinze, compte tenu de l\u2019environnement actuel et de la situation s\u00e9curitaire dans la r\u00e9gion. Les victimes ont non seulement \u00e9t\u00e9 emp\u00each\u00e9es, mais aussi intimid\u00e9es par certaines personnes qui appartiendraient aux familles de certains pr\u00e9venus \u00bb, explique \u00e0 Justice Info M<sup>e<\/sup> Li\u00e9vin M\u2019vimba, l\u2019un des avocats des parties civiles.<\/p>\n<p>Le m\u00eame constat est fait par Daniele Perissi qui dirige le programme Grands Lacs \u00e0 Trial international. \u00ab\u00a0Bien que Sheka se soit rendu en 2017, son influence reste bien r\u00e9elle dans les territoires de Walikale et Masisi. C\u2019est l\u2019une des raisons pour lesquelles le proc\u00e8s ne s\u2019est pas tenu sur place, mais \u00e0 Goma, loin des zones contr\u00f4l\u00e9es par le NDC. \u00bb<\/p>\n<p>Il a donc fallu repenser et renforcer le syst\u00e8me de protection des t\u00e9moins qui avait \u00e9t\u00e9 utilis\u00e9\u00a0dans des affaires ant\u00e9rieures. \u00ab Le plan de protection des victimes et des t\u00e9moins \u00e9tait l\u2019un des plus ambitieux jamais d\u00e9ploy\u00e9 au Nord- Kivu \u00bb, affirme Daniele Perissi. \u00ab\u00a0Il incluait l\u2019anonymat complet des individus, la confidentialit\u00e9 de leurs d\u00e9placements \u00e0 Goma pour t\u00e9moigner et la mise \u00e0 disposition d\u2019une garde rapproch\u00e9e. Apr\u00e8s leur audition, chaque individu s\u2019est vu proposer un plan de relocalisation \u00e0 court ou moyen terme, selon le besoin, pour \u00e9chapper \u00e0 d\u2019\u00e9ventuelles repr\u00e9sailles dans leur village \u00bb.<\/p>\n<h3>Guidon, chef de guerre en fuite<\/h3>\n<p>La condamnation de Sheka et de deux de ses co-accus\u00e9s ne met pas fin au martyre des populations civiles des territoires de Walikale et Masisi. Mais les ONG esp\u00e8rent qu\u2019elle sera entendue comme un avertissement pour d\u2019autres commandants rebelles, comme <a href=\"fr\/tribunaux\/tribunaux-nationaux\/41876-mandat-arret-contre-chef-milicien-congolais-suscite-inquietude-suspicion.html\">Shimiray Mwisha Guidon<\/a>, ancien bras droit de Ntabo Ntaberi. Sous le coup d\u2019un mandat d\u2019arr\u00eat \u00e9mis il y a un an par la justice militaire congolaise, Shimiray Mwisha Guidon est recherch\u00e9 pour \u00ab\u00a0participation \u00e0 un mouvement insurrectionnel\u00a0\u00bb, \u00ab\u00a0crimes de guerre par recrutement d\u2019enfants\u00a0\u00bb et \u00ab\u00a0crimes contre l\u2019humanit\u00e9 par viol\u00a0\u00bb. Des faits commis depuis 2009 dans plusieurs localit\u00e9s des territoires de Walikale, Masisi et Lubero, d\u2019abord, entre 2009 et 2014, pendant que Guidon \u00e9tait le second de Sheka, et depuis 2014, date \u00e0 partir de laquelle Guidon a dirig\u00e9 d\u2019une main de fer sa milice NDC-R\u00e9nov\u00e9, une faction dissidente du NDC de Sheka.<\/p>\n<p><em>\u00ab Tous deux \u00e9taient des hommes si forts que tout le monde les croyait intouchables. Le proc\u00e8s qui vient de s\u2019achever prouve que Sheka n\u2019est pas au-dessus des lois, pas plus que M. Shimiray qui devra un jour, \u00e0 son tour, r\u00e9pondre de ses actes \u00bb<\/em>, esp\u00e8re M<sup>e<\/sup> Elsa Taquet, conseill\u00e8re juridique de Trial International.<\/p>\n<p>Pour Jackson Bwahasa, chercheur en dynamique des conflits dans l\u2019Est de la RDC, il ne suffit cependant pas de neutraliser Sheka et Shimiray. \u00ab\u00a0On arr\u00eate un chef, un autre rena\u00eet, le groupe demeure et continue \u00e0 commettre les m\u00eames atrocit\u00e9s, et les civils continuent d\u2019en souffrir. Pour garantir la fin des crimes, il faut r\u00e9tablir l\u2019autorit\u00e9 de l\u2019\u00c9tat, combattre les acteurs des violences. La justice elle seule ne peut tout r\u00e9ussir \u00bb, pr\u00e9vient-il. Une perspective qui, bien qu\u2019elle soit une promesse du pr\u00e9sident congolais F\u00e9lix Tshisekedi, semble encore lointaine pour les populations de l\u2019Est du pays, o\u00f9 groupes arm\u00e9s locaux et \u00e9trangers continuent de piller, violer et tuer chaque semaine, parfois avec la complicit\u00e9 d\u2019\u00e9l\u00e9ments de l\u2019arm\u00e9e r\u00e9guli\u00e8re.<\/p>\n","protected":false},"excerpt":{"rendered":"<p>La justice militaire congolaise a reconnu l\u2019ancien chef milicien Ntabo Ntaberi, alias Sheka, coupable de crimes de guerre, le 23 novembre, et l\u2019a condamn\u00e9 \u00e0 la prison \u00e0 vie. Un jugement majeur et un succ\u00e8s pour les victimes de l\u2019Est de la R\u00e9publique d\u00e9mocratique du Congo. Notamment les femmes.<\/p>\n","protected":false},"author":64,"featured_media":61869,"comment_status":"open","ping_status":"closed","sticky":false,"template":"","format":"standard","meta":{"_acf_changed":false,"footnotes":""},"categories":[574],"tags":[],"ji_location":[2196],"class_list":["post-46063","post","type-post","status-publish","format-standard","has-post-thumbnail","hentry","category-tribunaux-nationaux","ji_location-republique-democratique-du-congo"],"acf":[],"yoast_head":"<!-- This site is optimized with the Yoast SEO Premium plugin v25.3.1 (Yoast SEO v25.3.1) - https:\/\/yoast.com\/wordpress\/plugins\/seo\/ -->\n<title>La justice congolaise condamne Sheka \u00e0 la prison \u00e0 vie - JusticeInfo.net<\/title>\n<meta name=\"robots\" content=\"index, follow, max-snippet:-1, max-image-preview:large, max-video-preview:-1\" \/>\n<link rel=\"canonical\" href=\"https:\/\/www.justiceinfo.net\/fr\/46063-justice-congolaise-condamne-sheka-prison-a-vie.html\" \/>\n<meta property=\"og:locale\" content=\"fr_FR\" \/>\n<meta property=\"og:type\" content=\"article\" \/>\n<meta property=\"og:title\" content=\"La justice congolaise condamne Sheka \u00e0 la prison \u00e0 vie\" \/>\n<meta property=\"og:description\" content=\"La justice militaire congolaise a reconnu l\u2019ancien chef milicien Ntabo Ntaberi, alias Sheka, coupable de crimes de guerre, le 23 novembre, et l\u2019a condamn\u00e9 \u00e0 la prison \u00e0 vie. Un jugement majeur et un succ\u00e8s pour les victimes de l\u2019Est de la R\u00e9publique d\u00e9mocratique du Congo. Notamment les femmes.\" \/>\n<meta property=\"og:url\" content=\"https:\/\/www.justiceinfo.net\/fr\/46063-justice-congolaise-condamne-sheka-prison-a-vie.html\" \/>\n<meta property=\"og:site_name\" content=\"JusticeInfo.net\" \/>\n<meta property=\"article:publisher\" content=\"https:\/\/www.facebook.com\/JusticeInfo\/\" \/>\n<meta property=\"article:published_time\" content=\"2020-11-24T07:48:05+00:00\" \/>\n<meta property=\"og:image\" content=\"https:\/\/www.justiceinfo.net\/wp-content\/uploads\/f681ae92c1636897aa0cc212988c9918.jpg\" \/>\n\t<meta property=\"og:image:width\" content=\"1200\" \/>\n\t<meta property=\"og:image:height\" content=\"797\" \/>\n\t<meta property=\"og:image:type\" content=\"image\/jpeg\" \/>\n<meta name=\"author\" content=\"Claude Sengenya et Ephrem Rugiririza\" \/>\n<meta name=\"twitter:card\" content=\"summary_large_image\" \/>\n<meta name=\"twitter:creator\" content=\"@justiceinfonet\" \/>\n<meta name=\"twitter:site\" content=\"@justiceinfonet\" \/>\n<meta name=\"twitter:label1\" content=\"\u00c9crit par\" \/>\n\t<meta name=\"twitter:data1\" content=\"Claude Sengenya et Ephrem Rugiririza\" \/>\n\t<meta name=\"twitter:label2\" content=\"Dur\u00e9e de lecture estim\u00e9e\" \/>\n\t<meta name=\"twitter:data2\" content=\"7 minutes\" \/>\n<script type=\"application\/ld+json\" class=\"yoast-schema-graph\">{\"@context\":\"https:\/\/schema.org\",\"@graph\":[{\"@type\":\"NewsArticle\",\"@id\":\"https:\/\/www.justiceinfo.net\/fr\/46063-justice-congolaise-condamne-sheka-prison-a-vie.html#article\",\"isPartOf\":{\"@id\":\"https:\/\/www.justiceinfo.net\/fr\/46063-justice-congolaise-condamne-sheka-prison-a-vie.html\"},\"author\":{\"name\":\"solivri\",\"@id\":\"https:\/\/www.justiceinfo.net\/fr#\/schema\/person\/6e53cba1629e2e66f3fc1821d3091865\"},\"headline\":\"La justice congolaise condamne Sheka \u00e0 la prison \u00e0 vie\",\"datePublished\":\"2020-11-24T07:48:05+00:00\",\"mainEntityOfPage\":{\"@id\":\"https:\/\/www.justiceinfo.net\/fr\/46063-justice-congolaise-condamne-sheka-prison-a-vie.html\"},\"wordCount\":1431,\"commentCount\":0,\"publisher\":{\"@id\":\"https:\/\/www.justiceinfo.net\/fr#organization\"},\"image\":{\"@id\":\"https:\/\/www.justiceinfo.net\/fr\/46063-justice-congolaise-condamne-sheka-prison-a-vie.html#primaryimage\"},\"thumbnailUrl\":\"https:\/\/www.justiceinfo.net\/wp-content\/uploads\/f681ae92c1636897aa0cc212988c9918.jpg\",\"articleSection\":[\"Tribunaux nationaux\"],\"inLanguage\":\"fr-FR\",\"potentialAction\":[{\"@type\":\"CommentAction\",\"name\":\"Comment\",\"target\":[\"https:\/\/www.justiceinfo.net\/fr\/46063-justice-congolaise-condamne-sheka-prison-a-vie.html#respond\"]}]},{\"@type\":\"WebPage\",\"@id\":\"https:\/\/www.justiceinfo.net\/fr\/46063-justice-congolaise-condamne-sheka-prison-a-vie.html\",\"url\":\"https:\/\/www.justiceinfo.net\/fr\/46063-justice-congolaise-condamne-sheka-prison-a-vie.html\",\"name\":\"La justice congolaise condamne Sheka \u00e0 la prison \u00e0 vie - JusticeInfo.net\",\"isPartOf\":{\"@id\":\"https:\/\/www.justiceinfo.net\/fr#website\"},\"primaryImageOfPage\":{\"@id\":\"https:\/\/www.justiceinfo.net\/fr\/46063-justice-congolaise-condamne-sheka-prison-a-vie.html#primaryimage\"},\"image\":{\"@id\":\"https:\/\/www.justiceinfo.net\/fr\/46063-justice-congolaise-condamne-sheka-prison-a-vie.html#primaryimage\"},\"thumbnailUrl\":\"https:\/\/www.justiceinfo.net\/wp-content\/uploads\/f681ae92c1636897aa0cc212988c9918.jpg\",\"datePublished\":\"2020-11-24T07:48:05+00:00\",\"breadcrumb\":{\"@id\":\"https:\/\/www.justiceinfo.net\/fr\/46063-justice-congolaise-condamne-sheka-prison-a-vie.html#breadcrumb\"},\"inLanguage\":\"fr-FR\",\"potentialAction\":[{\"@type\":\"ReadAction\",\"target\":[\"https:\/\/www.justiceinfo.net\/fr\/46063-justice-congolaise-condamne-sheka-prison-a-vie.html\"]}]},{\"@type\":\"ImageObject\",\"inLanguage\":\"fr-FR\",\"@id\":\"https:\/\/www.justiceinfo.net\/fr\/46063-justice-congolaise-condamne-sheka-prison-a-vie.html#primaryimage\",\"url\":\"https:\/\/www.justiceinfo.net\/wp-content\/uploads\/f681ae92c1636897aa0cc212988c9918.jpg\",\"contentUrl\":\"https:\/\/www.justiceinfo.net\/wp-content\/uploads\/f681ae92c1636897aa0cc212988c9918.jpg\",\"width\":1200,\"height\":797},{\"@type\":\"BreadcrumbList\",\"@id\":\"https:\/\/www.justiceinfo.net\/fr\/46063-justice-congolaise-condamne-sheka-prison-a-vie.html#breadcrumb\",\"itemListElement\":[{\"@type\":\"ListItem\",\"position\":1,\"name\":\"Home\",\"item\":\"https:\/\/www.justiceinfo.net\/fr\"},{\"@type\":\"ListItem\",\"position\":2,\"name\":\"La justice congolaise condamne Sheka \u00e0 la prison \u00e0 vie\"}]},{\"@type\":\"WebSite\",\"@id\":\"https:\/\/www.justiceinfo.net\/fr#website\",\"url\":\"https:\/\/www.justiceinfo.net\/fr\",\"name\":\"JusticeInfo.net\",\"description\":\"La justice doit \u00eatre vue pour \u00eatre rendue\",\"publisher\":{\"@id\":\"https:\/\/www.justiceinfo.net\/fr#organization\"},\"potentialAction\":[{\"@type\":\"SearchAction\",\"target\":{\"@type\":\"EntryPoint\",\"urlTemplate\":\"https:\/\/www.justiceinfo.net\/fr?s={search_term_string}\"},\"query-input\":{\"@type\":\"PropertyValueSpecification\",\"valueRequired\":true,\"valueName\":\"search_term_string\"}}],\"inLanguage\":\"fr-FR\"},{\"@type\":\"Organization\",\"@id\":\"https:\/\/www.justiceinfo.net\/fr#organization\",\"name\":\"Justice Info\",\"url\":\"https:\/\/www.justiceinfo.net\/fr\",\"logo\":{\"@type\":\"ImageObject\",\"inLanguage\":\"fr-FR\",\"@id\":\"https:\/\/www.justiceinfo.net\/fr#\/schema\/logo\/image\/\",\"url\":\"https:\/\/www.justiceinfo.net\/wp-content\/uploads\/justiceinfo_logo-trans_1200x1200px.png\",\"contentUrl\":\"https:\/\/www.justiceinfo.net\/wp-content\/uploads\/justiceinfo_logo-trans_1200x1200px.png\",\"width\":1199,\"height\":1200,\"caption\":\"Justice Info\"},\"image\":{\"@id\":\"https:\/\/www.justiceinfo.net\/fr#\/schema\/logo\/image\/\"},\"sameAs\":[\"https:\/\/www.facebook.com\/JusticeInfo\/\",\"https:\/\/x.com\/justiceinfonet\",\"https:\/\/www.linkedin.com\/company\/justice-info\",\"https:\/\/www.youtube.com\/channel\/UCyCEsARodyuWtkWyhn-e7pA\"]},{\"@type\":\"Person\",\"name\":\"Claude Sengenya et Ephrem Rugiririza\",\"url\":\"\/fr\/?s=Claude Sengenya et Ephrem Rugiririza\"}]}<\/script>\n<!-- \/ Yoast SEO Premium plugin. -->","yoast_head_json":{"title":"La justice congolaise condamne Sheka \u00e0 la prison \u00e0 vie - JusticeInfo.net","robots":{"index":"index","follow":"follow","max-snippet":"max-snippet:-1","max-image-preview":"max-image-preview:large","max-video-preview":"max-video-preview:-1"},"canonical":"https:\/\/www.justiceinfo.net\/fr\/46063-justice-congolaise-condamne-sheka-prison-a-vie.html","og_locale":"fr_FR","og_type":"article","og_title":"La justice congolaise condamne Sheka \u00e0 la prison \u00e0 vie","og_description":"La justice militaire congolaise a reconnu l\u2019ancien chef milicien Ntabo Ntaberi, alias Sheka, coupable de crimes de guerre, le 23 novembre, et l\u2019a condamn\u00e9 \u00e0 la prison \u00e0 vie. Un jugement majeur et un succ\u00e8s pour les victimes de l\u2019Est de la R\u00e9publique d\u00e9mocratique du Congo. Notamment les femmes.","og_url":"https:\/\/www.justiceinfo.net\/fr\/46063-justice-congolaise-condamne-sheka-prison-a-vie.html","og_site_name":"JusticeInfo.net","article_publisher":"https:\/\/www.facebook.com\/JusticeInfo\/","article_published_time":"2020-11-24T07:48:05+00:00","og_image":[{"width":1200,"height":797,"url":"https:\/\/www.justiceinfo.net\/wp-content\/uploads\/f681ae92c1636897aa0cc212988c9918.jpg","type":"image\/jpeg"}],"author":"Claude Sengenya et Ephrem Rugiririza","twitter_card":"summary_large_image","twitter_creator":"@justiceinfonet","twitter_site":"@justiceinfonet","twitter_misc":{"\u00c9crit par":"Claude Sengenya et Ephrem Rugiririza","Dur\u00e9e de lecture estim\u00e9e":"7 minutes"},"schema":{"@context":"https:\/\/schema.org","@graph":[{"@type":"NewsArticle","@id":"https:\/\/www.justiceinfo.net\/fr\/46063-justice-congolaise-condamne-sheka-prison-a-vie.html#article","isPartOf":{"@id":"https:\/\/www.justiceinfo.net\/fr\/46063-justice-congolaise-condamne-sheka-prison-a-vie.html"},"author":{"name":"solivri","@id":"https:\/\/www.justiceinfo.net\/fr#\/schema\/person\/6e53cba1629e2e66f3fc1821d3091865"},"headline":"La justice congolaise condamne Sheka \u00e0 la prison \u00e0 vie","datePublished":"2020-11-24T07:48:05+00:00","mainEntityOfPage":{"@id":"https:\/\/www.justiceinfo.net\/fr\/46063-justice-congolaise-condamne-sheka-prison-a-vie.html"},"wordCount":1431,"commentCount":0,"publisher":{"@id":"https:\/\/www.justiceinfo.net\/fr#organization"},"image":{"@id":"https:\/\/www.justiceinfo.net\/fr\/46063-justice-congolaise-condamne-sheka-prison-a-vie.html#primaryimage"},"thumbnailUrl":"https:\/\/www.justiceinfo.net\/wp-content\/uploads\/f681ae92c1636897aa0cc212988c9918.jpg","articleSection":["Tribunaux nationaux"],"inLanguage":"fr-FR","potentialAction":[{"@type":"CommentAction","name":"Comment","target":["https:\/\/www.justiceinfo.net\/fr\/46063-justice-congolaise-condamne-sheka-prison-a-vie.html#respond"]}]},{"@type":"WebPage","@id":"https:\/\/www.justiceinfo.net\/fr\/46063-justice-congolaise-condamne-sheka-prison-a-vie.html","url":"https:\/\/www.justiceinfo.net\/fr\/46063-justice-congolaise-condamne-sheka-prison-a-vie.html","name":"La justice congolaise condamne Sheka \u00e0 la prison \u00e0 vie - JusticeInfo.net","isPartOf":{"@id":"https:\/\/www.justiceinfo.net\/fr#website"},"primaryImageOfPage":{"@id":"https:\/\/www.justiceinfo.net\/fr\/46063-justice-congolaise-condamne-sheka-prison-a-vie.html#primaryimage"},"image":{"@id":"https:\/\/www.justiceinfo.net\/fr\/46063-justice-congolaise-condamne-sheka-prison-a-vie.html#primaryimage"},"thumbnailUrl":"https:\/\/www.justiceinfo.net\/wp-content\/uploads\/f681ae92c1636897aa0cc212988c9918.jpg","datePublished":"2020-11-24T07:48:05+00:00","breadcrumb":{"@id":"https:\/\/www.justiceinfo.net\/fr\/46063-justice-congolaise-condamne-sheka-prison-a-vie.html#breadcrumb"},"inLanguage":"fr-FR","potentialAction":[{"@type":"ReadAction","target":["https:\/\/www.justiceinfo.net\/fr\/46063-justice-congolaise-condamne-sheka-prison-a-vie.html"]}]},{"@type":"ImageObject","inLanguage":"fr-FR","@id":"https:\/\/www.justiceinfo.net\/fr\/46063-justice-congolaise-condamne-sheka-prison-a-vie.html#primaryimage","url":"https:\/\/www.justiceinfo.net\/wp-content\/uploads\/f681ae92c1636897aa0cc212988c9918.jpg","contentUrl":"https:\/\/www.justiceinfo.net\/wp-content\/uploads\/f681ae92c1636897aa0cc212988c9918.jpg","width":1200,"height":797},{"@type":"BreadcrumbList","@id":"https:\/\/www.justiceinfo.net\/fr\/46063-justice-congolaise-condamne-sheka-prison-a-vie.html#breadcrumb","itemListElement":[{"@type":"ListItem","position":1,"name":"Home","item":"https:\/\/www.justiceinfo.net\/fr"},{"@type":"ListItem","position":2,"name":"La justice congolaise condamne Sheka \u00e0 la prison \u00e0 vie"}]},{"@type":"WebSite","@id":"https:\/\/www.justiceinfo.net\/fr#website","url":"https:\/\/www.justiceinfo.net\/fr","name":"JusticeInfo.net","description":"La justice doit \u00eatre vue pour \u00eatre rendue","publisher":{"@id":"https:\/\/www.justiceinfo.net\/fr#organization"},"potentialAction":[{"@type":"SearchAction","target":{"@type":"EntryPoint","urlTemplate":"https:\/\/www.justiceinfo.net\/fr?s={search_term_string}"},"query-input":{"@type":"PropertyValueSpecification","valueRequired":true,"valueName":"search_term_string"}}],"inLanguage":"fr-FR"},{"@type":"Organization","@id":"https:\/\/www.justiceinfo.net\/fr#organization","name":"Justice Info","url":"https:\/\/www.justiceinfo.net\/fr","logo":{"@type":"ImageObject","inLanguage":"fr-FR","@id":"https:\/\/www.justiceinfo.net\/fr#\/schema\/logo\/image\/","url":"https:\/\/www.justiceinfo.net\/wp-content\/uploads\/justiceinfo_logo-trans_1200x1200px.png","contentUrl":"https:\/\/www.justiceinfo.net\/wp-content\/uploads\/justiceinfo_logo-trans_1200x1200px.png","width":1199,"height":1200,"caption":"Justice Info"},"image":{"@id":"https:\/\/www.justiceinfo.net\/fr#\/schema\/logo\/image\/"},"sameAs":["https:\/\/www.facebook.com\/JusticeInfo\/","https:\/\/x.com\/justiceinfonet","https:\/\/www.linkedin.com\/company\/justice-info","https:\/\/www.youtube.com\/channel\/UCyCEsARodyuWtkWyhn-e7pA"]},{"@type":"Person","name":"Claude Sengenya et Ephrem Rugiririza","url":"\/fr\/?s=Claude Sengenya et Ephrem Rugiririza"}]}},"_links":{"self":[{"href":"https:\/\/www.justiceinfo.net\/fr\/wp-json\/wp\/v2\/posts\/46063","targetHints":{"allow":["GET"]}}],"collection":[{"href":"https:\/\/www.justiceinfo.net\/fr\/wp-json\/wp\/v2\/posts"}],"about":[{"href":"https:\/\/www.justiceinfo.net\/fr\/wp-json\/wp\/v2\/types\/post"}],"author":[{"embeddable":true,"href":"https:\/\/www.justiceinfo.net\/fr\/wp-json\/wp\/v2\/users\/64"}],"replies":[{"embeddable":true,"href":"https:\/\/www.justiceinfo.net\/fr\/wp-json\/wp\/v2\/comments?post=46063"}],"version-history":[{"count":0,"href":"https:\/\/www.justiceinfo.net\/fr\/wp-json\/wp\/v2\/posts\/46063\/revisions"}],"wp:featuredmedia":[{"embeddable":true,"href":"https:\/\/www.justiceinfo.net\/fr\/wp-json\/wp\/v2\/media\/61869"}],"wp:attachment":[{"href":"https:\/\/www.justiceinfo.net\/fr\/wp-json\/wp\/v2\/media?parent=46063"}],"wp:term":[{"taxonomy":"category","embeddable":true,"href":"https:\/\/www.justiceinfo.net\/fr\/wp-json\/wp\/v2\/categories?post=46063"},{"taxonomy":"post_tag","embeddable":true,"href":"https:\/\/www.justiceinfo.net\/fr\/wp-json\/wp\/v2\/tags?post=46063"},{"taxonomy":"ji_location","embeddable":true,"href":"https:\/\/www.justiceinfo.net\/fr\/wp-json\/wp\/v2\/ji_location?post=46063"}],"curies":[{"name":"wp","href":"https:\/\/api.w.org\/{rel}","templated":true}]}}