{"id":46262,"date":"2020-12-16T08:36:39","date_gmt":"2020-12-16T07:36:39","guid":{"rendered":"https:\/\/www.justiceinfo.net\/46262-fonds-victimes-cpi-juste-essuyer-larmes-victimes.html"},"modified":"2020-12-16T08:36:39","modified_gmt":"2020-12-16T07:36:39","slug":"fonds-victimes-cpi-juste-essuyer-larmes-victimes","status":"publish","type":"post","link":"https:\/\/www.justiceinfo.net\/fr\/46262-fonds-victimes-cpi-juste-essuyer-larmes-victimes.html","title":{"rendered":"Fonds victimes de la CPI : \u00ab Juste de quoi essuyer les larmes des victimes \u00bb (RDC)"},"content":{"rendered":"<p style=\"text-align: center;\"><em>S\u00c9RIE FONDS VICTIMES DE LA CPI - \u00c9PISODE 3<\/em><\/p>\n<p><strong>Le proc\u00e8s de Germain Katanga offre un exemple concret de ce que peuvent signifier les r\u00e9parations \u00e0 la Cour p\u00e9nale internationale (CPI). La journaliste Lisa Clifford se trouvait dans le village de Bogoro en 2017 lorsque la CPI a annonc\u00e9 comment elle allait indemniser les victimes congolaises d'un massacre qui s'y est d\u00e9roul\u00e9 en 2003. Trois ans apr\u00e8s que la CPI ait ordonn\u00e9 des r\u00e9parations, elle a repris contact avec les victimes.<\/strong><\/p>\n<p><!--more--><\/p>\n<p>J'ai rencontr\u00e9 Sarah Babona pour la premi\u00e8re fois dans la salle de classe o\u00f9 sa m\u00e8re a \u00e9t\u00e9 assassin\u00e9e \u00e0 la machette. Je r\u00e9alisais un documentaire sur l'homme que la Cour p\u00e9nale internationale (CPI) a accus\u00e9 d'avoir planifi\u00e9 le massacre dans lequel ses parents et la plupart des membres de sa famille ont \u00e9t\u00e9 tu\u00e9s. Parlant doucement et timidement, Sarah a regard\u00e9 la cam\u00e9ra et a dit au chef de milice Germain Katanga qu'il avait ruin\u00e9 sa vie. Elle avait neuf ans le 24 f\u00e9vrier 2003 et elle ne s'est pas remise de ce qu'elle a vu ce jour-l\u00e0 dans le village de Bogoro.<\/p>\n<p>Bogoro, dans le nord-est de la R\u00e9publique d\u00e9mocratique du Congo (RDC), est un territoire maudit du fait des vastes richesses min\u00e9rales cach\u00e9es sous sa terre noire. Ces richesses et notamment l'or, les diamants, le coltan, le bois et le p\u00e9trole ont contribu\u00e9 \u00e0 un conflit sanglant qui, de 1999 \u00e0 2003, impliquait les milices locales, le gouvernement congolais, le Rwanda et l'Ouganda. Un demi-million de personnes ont \u00e9t\u00e9 d\u00e9plac\u00e9es et plus de 60 000 ont \u00e9t\u00e9 tu\u00e9es.<\/p>\n<p>La guerre est arriv\u00e9e \u00e0 Bogoro lorsqu'une milice des ethnies Lendu et Ngiti dirig\u00e9e par Katanga a attaqu\u00e9 un groupe de miliciens Hema rivaux bas\u00e9s dans l'\u00e9cole. Les villageois pr\u00e9sents ont \u00e9t\u00e9 assassin\u00e9s avec des fusils et des machettes, y compris les parents de Sarah et 18 membres de sa famille. Le propre avocat de Katanga a d\u00e9crit le massacre comme un p\u00e9ch\u00e9 devant Dieu.<\/p>\n<h3>La promesse de la CPI, \"une goutte d'eau dans l'oc\u00e9an\"<\/h3>\n<p>Plus de deux ans ont pass\u00e9 avant que je ne revoie Sarah, en mars 2017. Elle avait chang\u00e9, elle n'\u00e9tait plus une adolescente maigre mais une jeune femme. Son sourire \u00e9tait tout aussi \u00e9clatant. C'\u00e9tait le jour qu'elle attendait, depuis que les Land Cruisers blancs de la CPI \u00e9taient arriv\u00e9s \u00e0 Bogoro, des ann\u00e9es avant, et que les personnes qui en \u00e9taient descendues avaient fait miroiter la perspective de r\u00e9parations pour aider des survivants an\u00e9antis \u00e0 r\u00e9cup\u00e9rer une partie de ce qu'ils avaient perdu.<\/p>\n<p>Des centaines de villageois, dont la s\u0153ur de Sarah, Ruth, et son fr\u00e8re Tibasima, s\u2019\u00e9taient entass\u00e9s dans une salle de la capitale r\u00e9gionale de l'Ituri, Bunia, <a href=\"https:\/\/www.icc-cpi.int\/Pages\/item.aspx?name=pr1288&amp;ln=fr\">pour \u00e9couter un juge de la CPI \u00e0 La Haye, aux Pays-Bas, annoncer ce qu'ils allaient recevoir<\/a>. Au final, cela ne semblait pas beaucoup : 250 dollars pour chacune des 297 victimes et la promesse d'une aide au logement et \u00e0 l'\u00e9ducation, d'activit\u00e9s g\u00e9n\u00e9ratrices de revenus et d'une r\u00e9habilitation psychologique.<\/p>\n<p>En \u00e9coutant le juge, Tibasima Babona s'est souvenu de son p\u00e8re Mattias, un pasteur respect\u00e9, et de sa m\u00e8re Joice. J'ai pens\u00e9 \u00e0 eux aussi \u2013 aux photos de mariage que la famille m'avait donn\u00e9es pour le film et \u00e0 leurs tombes dans une paisible clairi\u00e8re pr\u00e8s du village. Mattias a \u00e9t\u00e9 abattu dans les collines derri\u00e8re Bogoro alors qu'il fuyait avec certains de ses enfants, et Joice dans l'\u00e9cole o\u00f9 elle \u00e9tait all\u00e9e se cacher avec ses jeunes filles Sarah et Ruth.<\/p>\n<p>A l'ext\u00e9rieur, apr\u00e8s que la CPI ait remball\u00e9 son projecteur et que les villageois, submerg\u00e9s par l\u2019\u00e9motion, aient dig\u00e9r\u00e9 la nouvelle, Tibasima a d\u00e9crit les r\u00e9parations comme \"une goutte d'eau dans l'oc\u00e9an\". \u00ab\u00a0Quelque chose pour essuyer les larmes des victimes\".<\/p>\n<div class=\"content-encadre\" style=\"margin-top: 30px;\">\n<p style=\"text-align: center; font-size: 19px; line-height: 22px;\"><strong>Jour de r\u00e9paration \u00e0 Bogoro (RDC) : d\u00e9sillusion apr\u00e8s la d\u00e9cision de la CPI <\/strong><\/p>\n<p style=\"text-align: center;\"><em>Vid\u00e9o en anglais<\/em><\/p>\n<p style=\"text-align: center;\"><iframe src=\"https:\/\/www.youtube.com\/embed\/jRn81nCQJqw\" frameborder=\"0\" allowfullscreen=\"yes\"><\/iframe><\/p>\n<p style=\"text-align: left;\">Le proc\u00e8s de Germain Katanga offre un exemple concret de ce que peuvent signifier les r\u00e9parations \u00e0 la Cour p\u00e9nale internationale (CPI). La r\u00e9alisatrice Lisa Clifford - auteure du film documentaire <a href=\"https:\/\/vimeo.com\/396768403\">Militia Man<\/a> \u2013 se trouvait dans le village de Bogoro, le 24 mars 2017, lorsque la CPI a annonc\u00e9 comment elle allait indemniser les victimes congolaises d'un massacre qui s'y est d\u00e9roul\u00e9 en 2003. \u00a9 Lisa Clifford<\/p>\n<\/div>\n<h3>Katanga en proc\u00e8s<\/h3>\n<p>Comme pour Sarah, mes souvenirs de ma premi\u00e8re rencontre avec Katanga, au si\u00e8ge de la CPI, dans une banlieue paisible de La Haye, sont rest\u00e9s limpides bien des ann\u00e9es plus tard.<\/p>\n<p>J'\u00e9tais nerveuse. Je n'avais jamais interview\u00e9 un chef de guerre auparavant. Katanga \u00e9tait petit de taille, souriant, portant de nouvelles baskets \u00e9tincelantes, une veste en faux cuir qu'il enlevait \u00e0 contrec\u0153ur en frottant le micro-cravate et un pendentif de style gangsta, symbole du dollar en or, autour de son cou. Je ne m'attendais pas \u00e0 ce qu'il soit sympathique, mais il parlait bien, \u00e9tait r\u00e9fl\u00e9chi et apparemment plein de remords. Alors que je me d\u00e9battais en fran\u00e7ais, il s'est mis \u00e0 parler couramment l'anglais qu'il avait appris en regardant la t\u00e9l\u00e9vision.<\/p>\n<figure class=\"pull-left\"><img loading=\"lazy\" decoding=\"async\" title=\"Germain Katanga\" src=\"media\/Germain-Katanga_Lisa-Clifford.jpg\" alt=\"Germain Katanga\" width=\"200\" height=\"200\" \/><figcaption>Germain Katanga \u00a9 Lisa Clifford<\/figcaption><\/figure>\n<p>Apr\u00e8s l'excitation du premier proc\u00e8s de la CPI - Thomas Lubanga de la RDC qui \u00e9tait du c\u00f4t\u00e9 des Hema dans le conflit de l'Ituri - Katanga n'a pas fait beaucoup parler de lui apr\u00e8s son arrestation en 2007. Le proc\u00e8s s'est d\u00e9roul\u00e9 dans le calme pendant quatre ans, avec tr\u00e8s peu de feux d'artifice, jusqu'\u00e0 cinq mois apr\u00e8s sa fin. Jusqu\u2019\u00e0 ce que, interpr\u00e9tant de fa\u00e7on controvers\u00e9e le r\u00e8glement de la CPI, les juges pr\u00e9sidant l'affaire d\u00e9cident qu'il n'y avait pas assez de preuves pour le condamner pour les accusations initiales de planification et de direction de l'attaque de Bogoro. Ils ont alors eu recours \u00e0 l\u2019article 55 du r\u00e8glement de la CPI pour modifier les charges plusieurs mois apr\u00e8s la fin du proc\u00e8s.<\/p>\n<p>Katanga a alors \u00e9t\u00e9 d\u00e9clar\u00e9 coupable des nouvelles accusations, de fourniture des armes utilis\u00e9es \u00e0 Bogoro - moins graves que celles de diriger l'attaque - et condamn\u00e9 \u00e0 12 ans de prison. Il a \u00e9t\u00e9 condamn\u00e9 en grande partie sur la base des preuves qu'il avait lui-m\u00eame fournies \u00e0 la cour, et des aveux qu'il avait faits pour \u00e9tablir qu'il \u00e9tait un complice des crimes plut\u00f4t que le meneur.<\/p>\n<h3>De La Haye \u00e0 la prison de Kinshasa, un artisan de la paix<\/h3>\n<p>La juge Christine van den Wyngaert a exprim\u00e9 son profond d\u00e9saccord avec ses deux coll\u00e8gues juges de l'affaire, affirmant qu'il n'y avait pas suffisamment de preuves pour d\u00e9clarer Katanga coupable ni de l'ancienne ni de la nouvelle accusation. Un professeur de droit que j'ai interview\u00e9 pour mon film l'a d\u00e9crite comme une \"parodie de justice\". Il semblait que ce nouveau et co\u00fbteux tribunal, qui n'avait obtenu que peu de r\u00e9sultats tangibles, cherchait si d\u00e9sesp\u00e9r\u00e9ment \u00e0 obtenir des condamnations - m\u00eame quelque peu ternies - qu'il pourrait en venir \u00e0 tordre les r\u00e8gles.<\/p>\n<p>Pour Katanga lui-m\u00eame, la situation n\u2019a fait qu'empirer. Il a b\u00e9n\u00e9fici\u00e9 d'une lib\u00e9ration anticip\u00e9e de la CPI en 2015 mais, une fois rentr\u00e9 chez lui, il a \u00e9t\u00e9 accus\u00e9 de nouveaux (mais similaires) crimes de guerre par le gouvernement congolais. La CPI elle-m\u00eame a approuv\u00e9 ces poursuites. Quatre ans plus tard, il n'y avait pas eu de proc\u00e8s. Il n'avait pas d'avocat. Et aucune id\u00e9e s'il sortirait un jour de la prison f\u00e9tide de Makala \u00e0 Kinshasa, la capitale de la RDC. Le fr\u00e8re, le p\u00e8re et la belle-m\u00e8re de Katanga \u00e9taient tous d\u00e9c\u00e9d\u00e9s pendant qu'il \u00e9tait en prison. L'Ituri \u00e9tait retomb\u00e9 dans un conflit ethnique entre Lendu et Hema. Plus d'un million de personnes ont \u00e9t\u00e9 d\u00e9plac\u00e9es lorsque Katanga a \u00e9t\u00e9 lib\u00e9r\u00e9 inopin\u00e9ment de Makala en mars 2020 et envoy\u00e9 en <a href=\"fr\/reconciliation\/44064-rdc-lubanga-et-katanga-liberes-au-nom-de-la-paix-en-ituri.html\">mission de r\u00e9tablissement de la paix en Ituri<\/a> avec plusieurs autres anciens seigneurs de guerre, dont Lubanga, un autre condamn\u00e9 de la CPI. Il s'agissait d'un \u00e9v\u00e9nement extraordinaire, dans un contexte de pand\u00e9mie mondiale. Il est toujours l\u00e0.<\/p>\n<p><span style=\"boorder: 1px solid #ccc;\"><div class=\"articleLink articleLink--editorRecommanded articleLink--textInImage articleLink--textTop\" style=\"\">\r\n\t\t\t\t\t\r\n\t\t\t<div class=\"articleLinkSurTitle\">Recommand\u00e9 par la r\u00e9daction<\/div>\r\n\t\t\t<a class=\"articleLinkImageLink\" href=\"https:\/\/www.justiceinfo.net\/fr\/46202-fonds-victimes-cpi-trou-noir.html\"><div class=\"articleLinkImageContainer \"><img loading=\"lazy\" decoding=\"async\" width=\"540\" height=\"360\" src=\"https:\/\/www.justiceinfo.net\/wp-content\/uploads\/ba6f6a82ca7b32415640b51a86a3d382-540x360.jpg\" class=\"articleLinkImage backgroundImageTag w-100 wp-post-image\" alt=\"\" srcset=\"https:\/\/www.justiceinfo.net\/wp-content\/uploads\/ba6f6a82ca7b32415640b51a86a3d382-540x360.jpg 540w, https:\/\/www.justiceinfo.net\/wp-content\/uploads\/ba6f6a82ca7b32415640b51a86a3d382-730x487.jpg 730w, https:\/\/www.justiceinfo.net\/wp-content\/uploads\/ba6f6a82ca7b32415640b51a86a3d382-1110x740.jpg 1110w, https:\/\/www.justiceinfo.net\/wp-content\/uploads\/ba6f6a82ca7b32415640b51a86a3d382.jpg 1200w\" sizes=\"auto, (max-width: 540px) 100vw, 540px\" \/><\/div><\/a>\r\n\t\t\t<a href=\"https:\/\/www.justiceinfo.net\/fr\/46202-fonds-victimes-cpi-trou-noir.html\" class=\"articleLinkTitle articleLinkTitle--default\">\r\n\t\t\tFonds victimes de la CPI : Le trou noir\r\n\t\t<\/a>\r\n\t\t\r\n\t\t\t\t<\/div><\/span><\/p>\n<h3>Bogoro, toujours en guerre<\/h3>\n<p>Aujourd'hui Bogoro est presque vide. Le village se trouve \u00e0 nouveau au milieu d'une zone de guerre, pris entre l'arm\u00e9e congolaise et la Force de r\u00e9sistance patriotique de l'Ituri (FRPI), une subsistance de la milice impliqu\u00e9e dans l'attaque de 2003. Les FRPI volent \u00e9galement le b\u00e9tail des villageois, qui constitue l'une de leurs seules sources de subsistance.<\/p>\n<p>Sarah craint que Bogoro ne soit \u00e0 nouveau la cible de violence effroyable. \"Nous craignons que toute la province de l'Ituri soit consum\u00e9e par ce conflit et que les tueries se reproduisent. J'ai r\u00e9cemment d\u00fb \u00eatre hospitalis\u00e9e lorsque j'ai appris que les combats entre le gouvernement et les rebelles se rapprochaient de Bogoro\".<\/p>\n<p>Le mois dernier, Tibasima a d\u00e9clar\u00e9 qu'il \u00e9tait rest\u00e9 \u00e0 Bogoro pour prot\u00e9ger sa maison et sa terre, mais que sa femme et ses deux plus jeunes enfants avaient fui vers un camp de r\u00e9fugi\u00e9s en Ouganda. \"Je me demande si je vais devoir retirer les deux autres enfants de l'\u00e9cole et rejoindre ma femme en Ouganda ? La situation est terrible. Nous craignons toujours le pire ici. Le bruit des coups de feu est fr\u00e9quent.\"<\/p>\n<p>Au milieu de ce chaos, nos questions sur l'impact des r\u00e9parations de la CPI sur cette communaut\u00e9 menac\u00e9e et traumatis\u00e9e semblent inappropri\u00e9es. L\u2019inqui\u00e9tude de devoir survivre \u00e0 la derni\u00e8re vague de violence mobilise toutes les ressources des habitants de Bogoro. Les r\u00e9parations de la CPI ne peuvent rien pour r\u00e9parer ce genre de dommages.<\/p>\n<figure><img decoding=\"async\" title=\"Tibasima et sa guitare\" src=\"media\/Tibasima_Lisa-Clifford.jpg\" alt=\"Tibasima et sa guitare\" \/><figcaption>Tibasima Babona \u00a9 Lisa Clifford<\/figcaption><\/figure>\n<h3>250 dollars, une vache et un kit v\u00e9t\u00e9rinaire<\/h3>\n<p>Le Fonds au profit des victimes de la CPI a donn\u00e9 250 dollars chacun \u00e0 Tibasima, Sarah et leur s\u0153ur Ruth. Elles ont \u00e9galement re\u00e7u trois vaches et des kits v\u00e9t\u00e9rinaires. Elles n'ont pas re\u00e7u de frais de scolarit\u00e9 pour leurs enfants, ni de soutien au logement ou de soins psychologiques. Sarah pensait avoir droit \u00e0 tout cela, mais ne savait pas \u00e0 qui s'adresser.<\/p>\n<p>Le Fonds a d\u00e9clar\u00e9 dans un communiqu\u00e9 avoir \"fait dans l'affaire Katanga des progr\u00e8s significatifs dans l'octroi de r\u00e9parations\". Il a refus\u00e9 de r\u00e9pondre \u00e0 nos questions, invoquant la confidentialit\u00e9 ; les avocats repr\u00e9sentant les victimes n'ont pas r\u00e9pondu \u00e0 nos courriels ; l'\u00e9quipe de d\u00e9fense de Katanga nous a indiqu\u00e9 qu'elle n'est plus impliqu\u00e9e dans les r\u00e9parations ; et les ONG qui commentent habituellement les affaires de la CPI n'ont pas suivi la situation \u00e0 Bogoro. C'est comme si ce proc\u00e8s imparfait et le long, complexe et d\u00e9sordonn\u00e9 processus de r\u00e9paration \u00e9taient tellement probl\u00e9matiques qu'il valait mieux les oublier, ou au mieux en tirer tranquillement des le\u00e7ons, puis ne plus jamais en parler.<\/p>\n<p>Sarah m'a envoy\u00e9 un message par l'interm\u00e9diaire de mon coll\u00e8gue Horeb Bulmabo, qui a r\u00e9alis\u00e9 les interviews pour cet article. \"Notre situation semble relever d\u2019un cycle sans fin\", a-t-elle \u00e9crit. \"Nous vous demandons de ne pas oublier Bogoro.\"<\/p>\n<hr \/>\n<p><em>Lisa Clifford est une journaliste bas\u00e9e au Royaume-Uni. Elle est la r\u00e9alisatrice de <a href=\"https:\/\/vimeo.com\/396768403\">Militia Man<\/a>. Horeb Bulambo Shindano a contribu\u00e9 \u00e0 ce rapport.<\/em><\/p>\n","protected":false},"excerpt":{"rendered":"<p>S\u00c9RIE FONDS VICTIMES DE LA CPI - \u00c9PISODE 3 Le proc\u00e8s de Germain Katanga offre un exemple concret de ce que peuvent signifier les r\u00e9parations \u00e0 la Cour p\u00e9nale internationale (CPI). La journaliste Lisa Clifford se trouvait dans le village de Bogoro en 2017 lorsque la CPI a annonc\u00e9 comment elle allait indemniser les victimes [&hellip;]<\/p>\n","protected":false},"author":64,"featured_media":61203,"comment_status":"open","ping_status":"closed","sticky":false,"template":"","format":"standard","meta":{"_acf_changed":false,"footnotes":""},"categories":[570],"tags":[],"ji_location":[2196],"class_list":["post-46262","post","type-post","status-publish","format-standard","has-post-thumbnail","hentry","category-cpi","ji_location-republique-democratique-du-congo"],"acf":[],"yoast_head":"<!-- This site is optimized with the Yoast SEO Premium plugin v25.3.1 (Yoast SEO v25.3.1) - https:\/\/yoast.com\/wordpress\/plugins\/seo\/ -->\n<title>Fonds victimes de la CPI : \u00ab Juste de quoi essuyer les larmes des victimes \u00bb (RDC) - JusticeInfo.net<\/title>\n<meta name=\"robots\" content=\"index, follow, max-snippet:-1, max-image-preview:large, max-video-preview:-1\" \/>\n<link rel=\"canonical\" href=\"https:\/\/www.justiceinfo.net\/fr\/46262-fonds-victimes-cpi-juste-essuyer-larmes-victimes.html\" \/>\n<meta property=\"og:locale\" content=\"fr_FR\" \/>\n<meta property=\"og:type\" content=\"article\" \/>\n<meta property=\"og:title\" content=\"Fonds victimes de la CPI : \u00ab Juste de quoi essuyer les larmes des victimes \u00bb (RDC)\" \/>\n<meta property=\"og:description\" content=\"S\u00c9RIE FONDS VICTIMES DE LA CPI - \u00c9PISODE 3 Le proc\u00e8s de Germain Katanga offre un exemple concret de ce que peuvent signifier les r\u00e9parations \u00e0 la Cour p\u00e9nale internationale (CPI). La journaliste Lisa Clifford se trouvait dans le village de Bogoro en 2017 lorsque la CPI a annonc\u00e9 comment elle allait indemniser les victimes [&hellip;]\" \/>\n<meta property=\"og:url\" content=\"https:\/\/www.justiceinfo.net\/fr\/46262-fonds-victimes-cpi-juste-essuyer-larmes-victimes.html\" \/>\n<meta property=\"og:site_name\" content=\"JusticeInfo.net\" \/>\n<meta property=\"article:publisher\" content=\"https:\/\/www.facebook.com\/JusticeInfo\/\" \/>\n<meta property=\"article:published_time\" content=\"2020-12-16T07:36:39+00:00\" \/>\n<meta property=\"og:image\" content=\"https:\/\/www.justiceinfo.net\/wp-content\/uploads\/314fbab6f482116aed403083042adc7c.jpg\" \/>\n\t<meta property=\"og:image:width\" content=\"1200\" \/>\n\t<meta property=\"og:image:height\" content=\"800\" \/>\n\t<meta property=\"og:image:type\" content=\"image\/jpeg\" \/>\n<meta name=\"author\" content=\"Lisa Clifford\" \/>\n<meta name=\"twitter:card\" content=\"summary_large_image\" \/>\n<meta name=\"twitter:creator\" content=\"@justiceinfonet\" \/>\n<meta name=\"twitter:site\" content=\"@justiceinfonet\" \/>\n<meta name=\"twitter:label1\" content=\"\u00c9crit par\" \/>\n\t<meta name=\"twitter:data1\" content=\"Lisa Clifford\" \/>\n\t<meta name=\"twitter:label2\" content=\"Dur\u00e9e de lecture estim\u00e9e\" \/>\n\t<meta name=\"twitter:data2\" content=\"10 minutes\" \/>\n<script type=\"application\/ld+json\" class=\"yoast-schema-graph\">{\"@context\":\"https:\/\/schema.org\",\"@graph\":[{\"@type\":\"NewsArticle\",\"@id\":\"https:\/\/www.justiceinfo.net\/fr\/46262-fonds-victimes-cpi-juste-essuyer-larmes-victimes.html#article\",\"isPartOf\":{\"@id\":\"https:\/\/www.justiceinfo.net\/fr\/46262-fonds-victimes-cpi-juste-essuyer-larmes-victimes.html\"},\"author\":{\"name\":\"solivri\",\"@id\":\"https:\/\/www.justiceinfo.net\/fr#\/schema\/person\/6e53cba1629e2e66f3fc1821d3091865\"},\"headline\":\"Fonds victimes de la CPI : \u00ab Juste de quoi essuyer les larmes des victimes \u00bb (RDC)\",\"datePublished\":\"2020-12-16T07:36:39+00:00\",\"mainEntityOfPage\":{\"@id\":\"https:\/\/www.justiceinfo.net\/fr\/46262-fonds-victimes-cpi-juste-essuyer-larmes-victimes.html\"},\"wordCount\":2033,\"commentCount\":0,\"publisher\":{\"@id\":\"https:\/\/www.justiceinfo.net\/fr#organization\"},\"image\":{\"@id\":\"https:\/\/www.justiceinfo.net\/fr\/46262-fonds-victimes-cpi-juste-essuyer-larmes-victimes.html#primaryimage\"},\"thumbnailUrl\":\"https:\/\/www.justiceinfo.net\/wp-content\/uploads\/314fbab6f482116aed403083042adc7c.jpg\",\"articleSection\":[\"CPI\"],\"inLanguage\":\"fr-FR\",\"potentialAction\":[{\"@type\":\"CommentAction\",\"name\":\"Comment\",\"target\":[\"https:\/\/www.justiceinfo.net\/fr\/46262-fonds-victimes-cpi-juste-essuyer-larmes-victimes.html#respond\"]}]},{\"@type\":\"WebPage\",\"@id\":\"https:\/\/www.justiceinfo.net\/fr\/46262-fonds-victimes-cpi-juste-essuyer-larmes-victimes.html\",\"url\":\"https:\/\/www.justiceinfo.net\/fr\/46262-fonds-victimes-cpi-juste-essuyer-larmes-victimes.html\",\"name\":\"Fonds victimes de la CPI : \u00ab Juste de quoi essuyer les larmes des victimes \u00bb (RDC) - JusticeInfo.net\",\"isPartOf\":{\"@id\":\"https:\/\/www.justiceinfo.net\/fr#website\"},\"primaryImageOfPage\":{\"@id\":\"https:\/\/www.justiceinfo.net\/fr\/46262-fonds-victimes-cpi-juste-essuyer-larmes-victimes.html#primaryimage\"},\"image\":{\"@id\":\"https:\/\/www.justiceinfo.net\/fr\/46262-fonds-victimes-cpi-juste-essuyer-larmes-victimes.html#primaryimage\"},\"thumbnailUrl\":\"https:\/\/www.justiceinfo.net\/wp-content\/uploads\/314fbab6f482116aed403083042adc7c.jpg\",\"datePublished\":\"2020-12-16T07:36:39+00:00\",\"breadcrumb\":{\"@id\":\"https:\/\/www.justiceinfo.net\/fr\/46262-fonds-victimes-cpi-juste-essuyer-larmes-victimes.html#breadcrumb\"},\"inLanguage\":\"fr-FR\",\"potentialAction\":[{\"@type\":\"ReadAction\",\"target\":[\"https:\/\/www.justiceinfo.net\/fr\/46262-fonds-victimes-cpi-juste-essuyer-larmes-victimes.html\"]}]},{\"@type\":\"ImageObject\",\"inLanguage\":\"fr-FR\",\"@id\":\"https:\/\/www.justiceinfo.net\/fr\/46262-fonds-victimes-cpi-juste-essuyer-larmes-victimes.html#primaryimage\",\"url\":\"https:\/\/www.justiceinfo.net\/wp-content\/uploads\/314fbab6f482116aed403083042adc7c.jpg\",\"contentUrl\":\"https:\/\/www.justiceinfo.net\/wp-content\/uploads\/314fbab6f482116aed403083042adc7c.jpg\",\"width\":1200,\"height\":800},{\"@type\":\"BreadcrumbList\",\"@id\":\"https:\/\/www.justiceinfo.net\/fr\/46262-fonds-victimes-cpi-juste-essuyer-larmes-victimes.html#breadcrumb\",\"itemListElement\":[{\"@type\":\"ListItem\",\"position\":1,\"name\":\"Home\",\"item\":\"https:\/\/www.justiceinfo.net\/fr\"},{\"@type\":\"ListItem\",\"position\":2,\"name\":\"Fonds victimes de la CPI : \u00ab Juste de quoi essuyer les larmes des victimes \u00bb (RDC)\"}]},{\"@type\":\"WebSite\",\"@id\":\"https:\/\/www.justiceinfo.net\/fr#website\",\"url\":\"https:\/\/www.justiceinfo.net\/fr\",\"name\":\"JusticeInfo.net\",\"description\":\"La justice doit \u00eatre vue pour \u00eatre rendue\",\"publisher\":{\"@id\":\"https:\/\/www.justiceinfo.net\/fr#organization\"},\"potentialAction\":[{\"@type\":\"SearchAction\",\"target\":{\"@type\":\"EntryPoint\",\"urlTemplate\":\"https:\/\/www.justiceinfo.net\/fr?s={search_term_string}\"},\"query-input\":{\"@type\":\"PropertyValueSpecification\",\"valueRequired\":true,\"valueName\":\"search_term_string\"}}],\"inLanguage\":\"fr-FR\"},{\"@type\":\"Organization\",\"@id\":\"https:\/\/www.justiceinfo.net\/fr#organization\",\"name\":\"Justice Info\",\"url\":\"https:\/\/www.justiceinfo.net\/fr\",\"logo\":{\"@type\":\"ImageObject\",\"inLanguage\":\"fr-FR\",\"@id\":\"https:\/\/www.justiceinfo.net\/fr#\/schema\/logo\/image\/\",\"url\":\"https:\/\/www.justiceinfo.net\/wp-content\/uploads\/justiceinfo_logo-trans_1200x1200px.png\",\"contentUrl\":\"https:\/\/www.justiceinfo.net\/wp-content\/uploads\/justiceinfo_logo-trans_1200x1200px.png\",\"width\":1199,\"height\":1200,\"caption\":\"Justice Info\"},\"image\":{\"@id\":\"https:\/\/www.justiceinfo.net\/fr#\/schema\/logo\/image\/\"},\"sameAs\":[\"https:\/\/www.facebook.com\/JusticeInfo\/\",\"https:\/\/x.com\/justiceinfonet\",\"https:\/\/www.linkedin.com\/company\/justice-info\",\"https:\/\/www.youtube.com\/channel\/UCyCEsARodyuWtkWyhn-e7pA\"]},{\"@type\":\"Person\",\"name\":\"Lisa Clifford\",\"url\":\"\/fr\/?s=Lisa Clifford\"}]}<\/script>\n<!-- \/ Yoast SEO Premium plugin. -->","yoast_head_json":{"title":"Fonds victimes de la CPI : \u00ab Juste de quoi essuyer les larmes des victimes \u00bb (RDC) - JusticeInfo.net","robots":{"index":"index","follow":"follow","max-snippet":"max-snippet:-1","max-image-preview":"max-image-preview:large","max-video-preview":"max-video-preview:-1"},"canonical":"https:\/\/www.justiceinfo.net\/fr\/46262-fonds-victimes-cpi-juste-essuyer-larmes-victimes.html","og_locale":"fr_FR","og_type":"article","og_title":"Fonds victimes de la CPI : \u00ab Juste de quoi essuyer les larmes des victimes \u00bb (RDC)","og_description":"S\u00c9RIE FONDS VICTIMES DE LA CPI - \u00c9PISODE 3 Le proc\u00e8s de Germain Katanga offre un exemple concret de ce que peuvent signifier les r\u00e9parations \u00e0 la Cour p\u00e9nale internationale (CPI). La journaliste Lisa Clifford se trouvait dans le village de Bogoro en 2017 lorsque la CPI a annonc\u00e9 comment elle allait indemniser les victimes [&hellip;]","og_url":"https:\/\/www.justiceinfo.net\/fr\/46262-fonds-victimes-cpi-juste-essuyer-larmes-victimes.html","og_site_name":"JusticeInfo.net","article_publisher":"https:\/\/www.facebook.com\/JusticeInfo\/","article_published_time":"2020-12-16T07:36:39+00:00","og_image":[{"width":1200,"height":800,"url":"https:\/\/www.justiceinfo.net\/wp-content\/uploads\/314fbab6f482116aed403083042adc7c.jpg","type":"image\/jpeg"}],"author":"Lisa Clifford","twitter_card":"summary_large_image","twitter_creator":"@justiceinfonet","twitter_site":"@justiceinfonet","twitter_misc":{"\u00c9crit par":"Lisa Clifford","Dur\u00e9e de lecture estim\u00e9e":"10 minutes"},"schema":{"@context":"https:\/\/schema.org","@graph":[{"@type":"NewsArticle","@id":"https:\/\/www.justiceinfo.net\/fr\/46262-fonds-victimes-cpi-juste-essuyer-larmes-victimes.html#article","isPartOf":{"@id":"https:\/\/www.justiceinfo.net\/fr\/46262-fonds-victimes-cpi-juste-essuyer-larmes-victimes.html"},"author":{"name":"solivri","@id":"https:\/\/www.justiceinfo.net\/fr#\/schema\/person\/6e53cba1629e2e66f3fc1821d3091865"},"headline":"Fonds victimes de la CPI : \u00ab Juste de quoi essuyer les larmes des victimes \u00bb (RDC)","datePublished":"2020-12-16T07:36:39+00:00","mainEntityOfPage":{"@id":"https:\/\/www.justiceinfo.net\/fr\/46262-fonds-victimes-cpi-juste-essuyer-larmes-victimes.html"},"wordCount":2033,"commentCount":0,"publisher":{"@id":"https:\/\/www.justiceinfo.net\/fr#organization"},"image":{"@id":"https:\/\/www.justiceinfo.net\/fr\/46262-fonds-victimes-cpi-juste-essuyer-larmes-victimes.html#primaryimage"},"thumbnailUrl":"https:\/\/www.justiceinfo.net\/wp-content\/uploads\/314fbab6f482116aed403083042adc7c.jpg","articleSection":["CPI"],"inLanguage":"fr-FR","potentialAction":[{"@type":"CommentAction","name":"Comment","target":["https:\/\/www.justiceinfo.net\/fr\/46262-fonds-victimes-cpi-juste-essuyer-larmes-victimes.html#respond"]}]},{"@type":"WebPage","@id":"https:\/\/www.justiceinfo.net\/fr\/46262-fonds-victimes-cpi-juste-essuyer-larmes-victimes.html","url":"https:\/\/www.justiceinfo.net\/fr\/46262-fonds-victimes-cpi-juste-essuyer-larmes-victimes.html","name":"Fonds victimes de la CPI : \u00ab Juste de quoi essuyer les larmes des victimes \u00bb (RDC) - JusticeInfo.net","isPartOf":{"@id":"https:\/\/www.justiceinfo.net\/fr#website"},"primaryImageOfPage":{"@id":"https:\/\/www.justiceinfo.net\/fr\/46262-fonds-victimes-cpi-juste-essuyer-larmes-victimes.html#primaryimage"},"image":{"@id":"https:\/\/www.justiceinfo.net\/fr\/46262-fonds-victimes-cpi-juste-essuyer-larmes-victimes.html#primaryimage"},"thumbnailUrl":"https:\/\/www.justiceinfo.net\/wp-content\/uploads\/314fbab6f482116aed403083042adc7c.jpg","datePublished":"2020-12-16T07:36:39+00:00","breadcrumb":{"@id":"https:\/\/www.justiceinfo.net\/fr\/46262-fonds-victimes-cpi-juste-essuyer-larmes-victimes.html#breadcrumb"},"inLanguage":"fr-FR","potentialAction":[{"@type":"ReadAction","target":["https:\/\/www.justiceinfo.net\/fr\/46262-fonds-victimes-cpi-juste-essuyer-larmes-victimes.html"]}]},{"@type":"ImageObject","inLanguage":"fr-FR","@id":"https:\/\/www.justiceinfo.net\/fr\/46262-fonds-victimes-cpi-juste-essuyer-larmes-victimes.html#primaryimage","url":"https:\/\/www.justiceinfo.net\/wp-content\/uploads\/314fbab6f482116aed403083042adc7c.jpg","contentUrl":"https:\/\/www.justiceinfo.net\/wp-content\/uploads\/314fbab6f482116aed403083042adc7c.jpg","width":1200,"height":800},{"@type":"BreadcrumbList","@id":"https:\/\/www.justiceinfo.net\/fr\/46262-fonds-victimes-cpi-juste-essuyer-larmes-victimes.html#breadcrumb","itemListElement":[{"@type":"ListItem","position":1,"name":"Home","item":"https:\/\/www.justiceinfo.net\/fr"},{"@type":"ListItem","position":2,"name":"Fonds victimes de la CPI : \u00ab Juste de quoi essuyer les larmes des victimes \u00bb (RDC)"}]},{"@type":"WebSite","@id":"https:\/\/www.justiceinfo.net\/fr#website","url":"https:\/\/www.justiceinfo.net\/fr","name":"JusticeInfo.net","description":"La justice doit \u00eatre vue pour \u00eatre rendue","publisher":{"@id":"https:\/\/www.justiceinfo.net\/fr#organization"},"potentialAction":[{"@type":"SearchAction","target":{"@type":"EntryPoint","urlTemplate":"https:\/\/www.justiceinfo.net\/fr?s={search_term_string}"},"query-input":{"@type":"PropertyValueSpecification","valueRequired":true,"valueName":"search_term_string"}}],"inLanguage":"fr-FR"},{"@type":"Organization","@id":"https:\/\/www.justiceinfo.net\/fr#organization","name":"Justice Info","url":"https:\/\/www.justiceinfo.net\/fr","logo":{"@type":"ImageObject","inLanguage":"fr-FR","@id":"https:\/\/www.justiceinfo.net\/fr#\/schema\/logo\/image\/","url":"https:\/\/www.justiceinfo.net\/wp-content\/uploads\/justiceinfo_logo-trans_1200x1200px.png","contentUrl":"https:\/\/www.justiceinfo.net\/wp-content\/uploads\/justiceinfo_logo-trans_1200x1200px.png","width":1199,"height":1200,"caption":"Justice Info"},"image":{"@id":"https:\/\/www.justiceinfo.net\/fr#\/schema\/logo\/image\/"},"sameAs":["https:\/\/www.facebook.com\/JusticeInfo\/","https:\/\/x.com\/justiceinfonet","https:\/\/www.linkedin.com\/company\/justice-info","https:\/\/www.youtube.com\/channel\/UCyCEsARodyuWtkWyhn-e7pA"]},{"@type":"Person","name":"Lisa Clifford","url":"\/fr\/?s=Lisa Clifford"}]}},"_links":{"self":[{"href":"https:\/\/www.justiceinfo.net\/fr\/wp-json\/wp\/v2\/posts\/46262","targetHints":{"allow":["GET"]}}],"collection":[{"href":"https:\/\/www.justiceinfo.net\/fr\/wp-json\/wp\/v2\/posts"}],"about":[{"href":"https:\/\/www.justiceinfo.net\/fr\/wp-json\/wp\/v2\/types\/post"}],"author":[{"embeddable":true,"href":"https:\/\/www.justiceinfo.net\/fr\/wp-json\/wp\/v2\/users\/64"}],"replies":[{"embeddable":true,"href":"https:\/\/www.justiceinfo.net\/fr\/wp-json\/wp\/v2\/comments?post=46262"}],"version-history":[{"count":0,"href":"https:\/\/www.justiceinfo.net\/fr\/wp-json\/wp\/v2\/posts\/46262\/revisions"}],"wp:featuredmedia":[{"embeddable":true,"href":"https:\/\/www.justiceinfo.net\/fr\/wp-json\/wp\/v2\/media\/61203"}],"wp:attachment":[{"href":"https:\/\/www.justiceinfo.net\/fr\/wp-json\/wp\/v2\/media?parent=46262"}],"wp:term":[{"taxonomy":"category","embeddable":true,"href":"https:\/\/www.justiceinfo.net\/fr\/wp-json\/wp\/v2\/categories?post=46262"},{"taxonomy":"post_tag","embeddable":true,"href":"https:\/\/www.justiceinfo.net\/fr\/wp-json\/wp\/v2\/tags?post=46262"},{"taxonomy":"ji_location","embeddable":true,"href":"https:\/\/www.justiceinfo.net\/fr\/wp-json\/wp\/v2\/ji_location?post=46262"}],"curies":[{"name":"wp","href":"https:\/\/api.w.org\/{rel}","templated":true}]}}