{"id":4669,"date":"2003-11-21T00:00:00","date_gmt":"2003-11-20T23:00:00","guid":{"rendered":"https:\/\/www.justiceinfo.net\/4669-21112003-tpirmedias-jugement-le-3-decembre-dans-le-proces-des-medias1459.html"},"modified":"2003-11-21T00:00:00","modified_gmt":"2003-11-20T23:00:00","slug":"21112003-tpirmedias-jugement-le-3-decembre-dans-le-proces-des-medias1459","status":"publish","type":"post","link":"https:\/\/www.justiceinfo.net\/fr\/4669-21112003-tpirmedias-jugement-le-3-decembre-dans-le-proces-des-medias1459.html","title":{"rendered":"21.11.2003 - TPIR\/MEDIAS - JUGEMENT LE 3 DECEMBRE DANS LE PROCES DES MEDIAS"},"content":{"rendered":"<p  >\nArusha 21 novembre 2003 (FH) - Le Tribunal p\u00e9nal international pour le Rwanda (TPIR) rendra son jugement le 3 d\u00e9cembre dans le proc\u00e8s dit \u00ab des m\u00e9dias \u00bb, a-t-on appris vendredi de source officielle.\n<\/p>\n<p  >\nL\u2019affaire regroupe trois figures du monde des m\u00e9dias rwandais d\u2019avant et pendant le g\u00e9nocide.\n<\/p>\n<p><!--more--><\/p>\n<p  >\nFerdinand Nahimana et Jean Bosco Barayagwiza comptent parmi les fondateurs de la Radio t\u00e9l\u00e9vision libre des mille collines (RTLM). Hassan Ngeze \u00e9tait, quant \u00e0 lui, propri\u00e9taire et r\u00e9dacteur en chef de la revue extr\u00e9miste hutue Kangura.\n<\/p>\n<p  >\n\u00ab Je peux vous confirmer que le verdict sera rendu le 3 d\u00e9cembre \u00bb, a indiqu\u00e9 une source au greffe du tribunal.\n<\/p>\n<p  >\nLes accus\u00e9s sont notamment poursuivis pour incitation \u00e0 commettre le g\u00e9nocide. Le procureur soutient que leurs deux m\u00e9dias visaient un objectif commun: la promotion de l'id\u00e9ologie hutue extr\u00e9miste et l'incitation \u00e0 la haine et \u00e0 la violence contre les Tutsis.\n<\/p>\n<p  >\nSi Nahimana et Ngeze ont comparu devant le tribunal pour protester de leur innocence, Barayagwiza a, quant \u00e0 lui, boycott\u00e9 le proc\u00e8s depuis son ouverture en octobre 2000, arguant que le TPIR est manipul\u00e9 par Kigali.\n<\/p>\n<p  >\nLe proc\u00e8s des m\u00e9dias est consid\u00e9r\u00e9 comme l\u2019un des plus importants de l\u2019 histoire de cette juridiction internationale.\n<\/p>\n<p  >\nUn autre jugement, celui de l\u2019ancien maire de Mukingo (province de Ruhengeri, nord du Rwanda), Juv\u00e9nal Kajelijeli, sera rendu le 1er d\u00e9cembre.\n<\/p>\n<p  >\nER\/CE\/FH (ME 11 21\u2019A)<\/p>\n","protected":false},"excerpt":{"rendered":"<p>Arusha 21 novembre 2003 (FH) - Le Tribunal p\u00e9nal international pour le Rwanda (TPIR) rendra son jugement le 3 d\u00e9cembre dans le proc\u00e8s dit \u00ab des m\u00e9dias \u00bb, a-t-on appris vendredi de source officielle. L\u2019affaire regroupe trois figures du monde des m\u00e9dias rwandais d\u2019avant et pendant le g\u00e9nocide.<\/p>\n","protected":false},"author":64,"featured_media":0,"comment_status":"open","ping_status":"closed","sticky":false,"template":"","format":"standard","meta":{"_acf_changed":false,"footnotes":""},"categories":[554],"tags":[],"ji_location":[],"class_list":["post-4669","post","type-post","status-publish","format-standard","hentry","category-hirondellenews"],"acf":[],"yoast_head":"<!-- This site is optimized with the Yoast SEO Premium plugin v25.3.1 (Yoast SEO v25.3.1) - https:\/\/yoast.com\/wordpress\/plugins\/seo\/ -->\n<title>21.11.2003 - TPIR\/MEDIAS - JUGEMENT LE 3 DECEMBRE DANS LE PROCES DES MEDIAS - JusticeInfo.net<\/title>\n<meta name=\"robots\" content=\"index, follow, max-snippet:-1, max-image-preview:large, max-video-preview:-1\" \/>\n<link rel=\"canonical\" href=\"https:\/\/www.justiceinfo.net\/fr\/4669-21112003-tpirmedias-jugement-le-3-decembre-dans-le-proces-des-medias1459.html\" \/>\n<meta property=\"og:locale\" content=\"fr_FR\" \/>\n<meta property=\"og:type\" content=\"article\" \/>\n<meta property=\"og:title\" content=\"21.11.2003 - TPIR\/MEDIAS - JUGEMENT LE 3 DECEMBRE DANS LE PROCES DES MEDIAS\" \/>\n<meta property=\"og:description\" content=\"Arusha 21 novembre 2003 (FH) - Le Tribunal p\u00e9nal international pour le Rwanda (TPIR) rendra son jugement le 3 d\u00e9cembre dans le proc\u00e8s dit \u00ab des m\u00e9dias \u00bb, a-t-on appris vendredi de source officielle. L\u2019affaire regroupe trois figures du monde des m\u00e9dias rwandais d\u2019avant et pendant le g\u00e9nocide.\" \/>\n<meta property=\"og:url\" content=\"https:\/\/www.justiceinfo.net\/fr\/4669-21112003-tpirmedias-jugement-le-3-decembre-dans-le-proces-des-medias1459.html\" \/>\n<meta property=\"og:site_name\" content=\"JusticeInfo.net\" \/>\n<meta property=\"article:publisher\" content=\"https:\/\/www.facebook.com\/JusticeInfo\/\" \/>\n<meta property=\"article:published_time\" content=\"2003-11-20T23:00:00+00:00\" \/>\n<meta property=\"og:image\" content=\"https:\/\/www.justiceinfo.net\/wp-content\/uploads\/JusticeInfoNet_logo_1200x630px.jpg\" \/>\n\t<meta property=\"og:image:width\" content=\"1200\" \/>\n\t<meta property=\"og:image:height\" content=\"630\" \/>\n\t<meta property=\"og:image:type\" content=\"image\/jpeg\" \/>\n<meta name=\"author\" content=\"solivri\" \/>\n<meta name=\"twitter:card\" content=\"summary_large_image\" \/>\n<meta name=\"twitter:creator\" content=\"@justiceinfonet\" \/>\n<meta name=\"twitter:site\" content=\"@justiceinfonet\" \/>\n<meta name=\"twitter:label1\" content=\"\u00c9crit par\" \/>\n\t<meta name=\"twitter:data1\" content=\"solivri\" \/>\n\t<meta name=\"twitter:label2\" content=\"Dur\u00e9e de lecture estim\u00e9e\" \/>\n\t<meta name=\"twitter:data2\" content=\"1 minute\" \/>\n<script type=\"application\/ld+json\" class=\"yoast-schema-graph\">{\"@context\":\"https:\/\/schema.org\",\"@graph\":[{\"@type\":\"NewsArticle\",\"@id\":\"https:\/\/www.justiceinfo.net\/fr\/4669-21112003-tpirmedias-jugement-le-3-decembre-dans-le-proces-des-medias1459.html#article\",\"isPartOf\":{\"@id\":\"https:\/\/www.justiceinfo.net\/fr\/4669-21112003-tpirmedias-jugement-le-3-decembre-dans-le-proces-des-medias1459.html\"},\"author\":{\"name\":\"solivri\",\"@id\":\"https:\/\/www.justiceinfo.net\/fr#\/schema\/person\/6e53cba1629e2e66f3fc1821d3091865\"},\"headline\":\"21.11.2003 - TPIR\/MEDIAS - JUGEMENT LE 3 DECEMBRE DANS LE PROCES DES MEDIAS\",\"datePublished\":\"2003-11-20T23:00:00+00:00\",\"mainEntityOfPage\":{\"@id\":\"https:\/\/www.justiceinfo.net\/fr\/4669-21112003-tpirmedias-jugement-le-3-decembre-dans-le-proces-des-medias1459.html\"},\"wordCount\":254,\"commentCount\":0,\"publisher\":{\"@id\":\"https:\/\/www.justiceinfo.net\/fr#organization\"},\"articleSection\":[\"Hirondelle News\"],\"inLanguage\":\"fr-FR\",\"potentialAction\":[{\"@type\":\"CommentAction\",\"name\":\"Comment\",\"target\":[\"https:\/\/www.justiceinfo.net\/fr\/4669-21112003-tpirmedias-jugement-le-3-decembre-dans-le-proces-des-medias1459.html#respond\"]}]},{\"@type\":\"WebPage\",\"@id\":\"https:\/\/www.justiceinfo.net\/fr\/4669-21112003-tpirmedias-jugement-le-3-decembre-dans-le-proces-des-medias1459.html\",\"url\":\"https:\/\/www.justiceinfo.net\/fr\/4669-21112003-tpirmedias-jugement-le-3-decembre-dans-le-proces-des-medias1459.html\",\"name\":\"21.11.2003 - TPIR\/MEDIAS - JUGEMENT LE 3 DECEMBRE DANS LE PROCES DES MEDIAS - JusticeInfo.net\",\"isPartOf\":{\"@id\":\"https:\/\/www.justiceinfo.net\/fr#website\"},\"datePublished\":\"2003-11-20T23:00:00+00:00\",\"breadcrumb\":{\"@id\":\"https:\/\/www.justiceinfo.net\/fr\/4669-21112003-tpirmedias-jugement-le-3-decembre-dans-le-proces-des-medias1459.html#breadcrumb\"},\"inLanguage\":\"fr-FR\",\"potentialAction\":[{\"@type\":\"ReadAction\",\"target\":[\"https:\/\/www.justiceinfo.net\/fr\/4669-21112003-tpirmedias-jugement-le-3-decembre-dans-le-proces-des-medias1459.html\"]}]},{\"@type\":\"BreadcrumbList\",\"@id\":\"https:\/\/www.justiceinfo.net\/fr\/4669-21112003-tpirmedias-jugement-le-3-decembre-dans-le-proces-des-medias1459.html#breadcrumb\",\"itemListElement\":[{\"@type\":\"ListItem\",\"position\":1,\"name\":\"Home\",\"item\":\"https:\/\/www.justiceinfo.net\/fr\"},{\"@type\":\"ListItem\",\"position\":2,\"name\":\"21.11.2003 - TPIR\/MEDIAS - JUGEMENT LE 3 DECEMBRE DANS LE PROCES DES MEDIAS\"}]},{\"@type\":\"WebSite\",\"@id\":\"https:\/\/www.justiceinfo.net\/fr#website\",\"url\":\"https:\/\/www.justiceinfo.net\/fr\",\"name\":\"JusticeInfo.net\",\"description\":\"La justice doit \u00eatre vue pour \u00eatre rendue\",\"publisher\":{\"@id\":\"https:\/\/www.justiceinfo.net\/fr#organization\"},\"potentialAction\":[{\"@type\":\"SearchAction\",\"target\":{\"@type\":\"EntryPoint\",\"urlTemplate\":\"https:\/\/www.justiceinfo.net\/fr?s={search_term_string}\"},\"query-input\":{\"@type\":\"PropertyValueSpecification\",\"valueRequired\":true,\"valueName\":\"search_term_string\"}}],\"inLanguage\":\"fr-FR\"},{\"@type\":\"Organization\",\"@id\":\"https:\/\/www.justiceinfo.net\/fr#organization\",\"name\":\"Justice Info\",\"url\":\"https:\/\/www.justiceinfo.net\/fr\",\"logo\":{\"@type\":\"ImageObject\",\"inLanguage\":\"fr-FR\",\"@id\":\"https:\/\/www.justiceinfo.net\/fr#\/schema\/logo\/image\/\",\"url\":\"https:\/\/www.justiceinfo.net\/wp-content\/uploads\/justiceinfo_logo-trans_1200x1200px.png\",\"contentUrl\":\"https:\/\/www.justiceinfo.net\/wp-content\/uploads\/justiceinfo_logo-trans_1200x1200px.png\",\"width\":1199,\"height\":1200,\"caption\":\"Justice Info\"},\"image\":{\"@id\":\"https:\/\/www.justiceinfo.net\/fr#\/schema\/logo\/image\/\"},\"sameAs\":[\"https:\/\/www.facebook.com\/JusticeInfo\/\",\"https:\/\/x.com\/justiceinfonet\",\"https:\/\/www.linkedin.com\/company\/justice-info\",\"https:\/\/www.youtube.com\/channel\/UCyCEsARodyuWtkWyhn-e7pA\"]},{\"@type\":\"Person\",\"name\":\"solivri\",\"url\":\"\/fr\/?s=solivri\"}]}<\/script>\n<!-- \/ Yoast SEO Premium plugin. -->","yoast_head_json":{"title":"21.11.2003 - TPIR\/MEDIAS - JUGEMENT LE 3 DECEMBRE DANS LE PROCES DES MEDIAS - JusticeInfo.net","robots":{"index":"index","follow":"follow","max-snippet":"max-snippet:-1","max-image-preview":"max-image-preview:large","max-video-preview":"max-video-preview:-1"},"canonical":"https:\/\/www.justiceinfo.net\/fr\/4669-21112003-tpirmedias-jugement-le-3-decembre-dans-le-proces-des-medias1459.html","og_locale":"fr_FR","og_type":"article","og_title":"21.11.2003 - TPIR\/MEDIAS - JUGEMENT LE 3 DECEMBRE DANS LE PROCES DES MEDIAS","og_description":"Arusha 21 novembre 2003 (FH) - Le Tribunal p\u00e9nal international pour le Rwanda (TPIR) rendra son jugement le 3 d\u00e9cembre dans le proc\u00e8s dit \u00ab des m\u00e9dias \u00bb, a-t-on appris vendredi de source officielle. L\u2019affaire regroupe trois figures du monde des m\u00e9dias rwandais d\u2019avant et pendant le g\u00e9nocide.","og_url":"https:\/\/www.justiceinfo.net\/fr\/4669-21112003-tpirmedias-jugement-le-3-decembre-dans-le-proces-des-medias1459.html","og_site_name":"JusticeInfo.net","article_publisher":"https:\/\/www.facebook.com\/JusticeInfo\/","article_published_time":"2003-11-20T23:00:00+00:00","og_image":[{"width":1200,"height":630,"url":"https:\/\/www.justiceinfo.net\/wp-content\/uploads\/JusticeInfoNet_logo_1200x630px.jpg","type":"image\/jpeg"}],"author":"solivri","twitter_card":"summary_large_image","twitter_creator":"@justiceinfonet","twitter_site":"@justiceinfonet","twitter_misc":{"\u00c9crit par":"solivri","Dur\u00e9e de lecture estim\u00e9e":"1 minute"},"schema":{"@context":"https:\/\/schema.org","@graph":[{"@type":"NewsArticle","@id":"https:\/\/www.justiceinfo.net\/fr\/4669-21112003-tpirmedias-jugement-le-3-decembre-dans-le-proces-des-medias1459.html#article","isPartOf":{"@id":"https:\/\/www.justiceinfo.net\/fr\/4669-21112003-tpirmedias-jugement-le-3-decembre-dans-le-proces-des-medias1459.html"},"author":{"name":"solivri","@id":"https:\/\/www.justiceinfo.net\/fr#\/schema\/person\/6e53cba1629e2e66f3fc1821d3091865"},"headline":"21.11.2003 - TPIR\/MEDIAS - JUGEMENT LE 3 DECEMBRE DANS LE PROCES DES MEDIAS","datePublished":"2003-11-20T23:00:00+00:00","mainEntityOfPage":{"@id":"https:\/\/www.justiceinfo.net\/fr\/4669-21112003-tpirmedias-jugement-le-3-decembre-dans-le-proces-des-medias1459.html"},"wordCount":254,"commentCount":0,"publisher":{"@id":"https:\/\/www.justiceinfo.net\/fr#organization"},"articleSection":["Hirondelle News"],"inLanguage":"fr-FR","potentialAction":[{"@type":"CommentAction","name":"Comment","target":["https:\/\/www.justiceinfo.net\/fr\/4669-21112003-tpirmedias-jugement-le-3-decembre-dans-le-proces-des-medias1459.html#respond"]}]},{"@type":"WebPage","@id":"https:\/\/www.justiceinfo.net\/fr\/4669-21112003-tpirmedias-jugement-le-3-decembre-dans-le-proces-des-medias1459.html","url":"https:\/\/www.justiceinfo.net\/fr\/4669-21112003-tpirmedias-jugement-le-3-decembre-dans-le-proces-des-medias1459.html","name":"21.11.2003 - TPIR\/MEDIAS - JUGEMENT LE 3 DECEMBRE DANS LE PROCES DES MEDIAS - JusticeInfo.net","isPartOf":{"@id":"https:\/\/www.justiceinfo.net\/fr#website"},"datePublished":"2003-11-20T23:00:00+00:00","breadcrumb":{"@id":"https:\/\/www.justiceinfo.net\/fr\/4669-21112003-tpirmedias-jugement-le-3-decembre-dans-le-proces-des-medias1459.html#breadcrumb"},"inLanguage":"fr-FR","potentialAction":[{"@type":"ReadAction","target":["https:\/\/www.justiceinfo.net\/fr\/4669-21112003-tpirmedias-jugement-le-3-decembre-dans-le-proces-des-medias1459.html"]}]},{"@type":"BreadcrumbList","@id":"https:\/\/www.justiceinfo.net\/fr\/4669-21112003-tpirmedias-jugement-le-3-decembre-dans-le-proces-des-medias1459.html#breadcrumb","itemListElement":[{"@type":"ListItem","position":1,"name":"Home","item":"https:\/\/www.justiceinfo.net\/fr"},{"@type":"ListItem","position":2,"name":"21.11.2003 - TPIR\/MEDIAS - JUGEMENT LE 3 DECEMBRE DANS LE PROCES DES MEDIAS"}]},{"@type":"WebSite","@id":"https:\/\/www.justiceinfo.net\/fr#website","url":"https:\/\/www.justiceinfo.net\/fr","name":"JusticeInfo.net","description":"La justice doit \u00eatre vue pour \u00eatre rendue","publisher":{"@id":"https:\/\/www.justiceinfo.net\/fr#organization"},"potentialAction":[{"@type":"SearchAction","target":{"@type":"EntryPoint","urlTemplate":"https:\/\/www.justiceinfo.net\/fr?s={search_term_string}"},"query-input":{"@type":"PropertyValueSpecification","valueRequired":true,"valueName":"search_term_string"}}],"inLanguage":"fr-FR"},{"@type":"Organization","@id":"https:\/\/www.justiceinfo.net\/fr#organization","name":"Justice Info","url":"https:\/\/www.justiceinfo.net\/fr","logo":{"@type":"ImageObject","inLanguage":"fr-FR","@id":"https:\/\/www.justiceinfo.net\/fr#\/schema\/logo\/image\/","url":"https:\/\/www.justiceinfo.net\/wp-content\/uploads\/justiceinfo_logo-trans_1200x1200px.png","contentUrl":"https:\/\/www.justiceinfo.net\/wp-content\/uploads\/justiceinfo_logo-trans_1200x1200px.png","width":1199,"height":1200,"caption":"Justice Info"},"image":{"@id":"https:\/\/www.justiceinfo.net\/fr#\/schema\/logo\/image\/"},"sameAs":["https:\/\/www.facebook.com\/JusticeInfo\/","https:\/\/x.com\/justiceinfonet","https:\/\/www.linkedin.com\/company\/justice-info","https:\/\/www.youtube.com\/channel\/UCyCEsARodyuWtkWyhn-e7pA"]},{"@type":"Person","name":"solivri","url":"\/fr\/?s=solivri"}]}},"_links":{"self":[{"href":"https:\/\/www.justiceinfo.net\/fr\/wp-json\/wp\/v2\/posts\/4669","targetHints":{"allow":["GET"]}}],"collection":[{"href":"https:\/\/www.justiceinfo.net\/fr\/wp-json\/wp\/v2\/posts"}],"about":[{"href":"https:\/\/www.justiceinfo.net\/fr\/wp-json\/wp\/v2\/types\/post"}],"author":[{"embeddable":true,"href":"https:\/\/www.justiceinfo.net\/fr\/wp-json\/wp\/v2\/users\/64"}],"replies":[{"embeddable":true,"href":"https:\/\/www.justiceinfo.net\/fr\/wp-json\/wp\/v2\/comments?post=4669"}],"version-history":[{"count":0,"href":"https:\/\/www.justiceinfo.net\/fr\/wp-json\/wp\/v2\/posts\/4669\/revisions"}],"wp:attachment":[{"href":"https:\/\/www.justiceinfo.net\/fr\/wp-json\/wp\/v2\/media?parent=4669"}],"wp:term":[{"taxonomy":"category","embeddable":true,"href":"https:\/\/www.justiceinfo.net\/fr\/wp-json\/wp\/v2\/categories?post=4669"},{"taxonomy":"post_tag","embeddable":true,"href":"https:\/\/www.justiceinfo.net\/fr\/wp-json\/wp\/v2\/tags?post=4669"},{"taxonomy":"ji_location","embeddable":true,"href":"https:\/\/www.justiceinfo.net\/fr\/wp-json\/wp\/v2\/ji_location?post=4669"}],"curies":[{"name":"wp","href":"https:\/\/api.w.org\/{rel}","templated":true}]}}