{"id":4713,"date":"2003-11-11T00:00:00","date_gmt":"2003-11-10T23:00:00","guid":{"rendered":"https:\/\/www.justiceinfo.net\/4713-11112003-tpirmilitaires-i-un-second-temoin-depose-sur-lassassinat-de-mme-uwilingiyimana1503.html"},"modified":"2003-11-11T00:00:00","modified_gmt":"2003-11-10T23:00:00","slug":"11112003-tpirmilitaires-i-un-second-temoin-depose-sur-lassassinat-de-mme-uwilingiyimana1503","status":"publish","type":"post","link":"https:\/\/www.justiceinfo.net\/fr\/4713-11112003-tpirmilitaires-i-un-second-temoin-depose-sur-lassassinat-de-mme-uwilingiyimana1503.html","title":{"rendered":"11.11.2003 - TPIR\/MILITAIRES I - UN SECOND TEMOIN DEPOSE SUR L\u2019ASSASSINAT DE MME UWILINGIYIMANA"},"content":{"rendered":"<p  >\nArusha, le 11 novembre 2003 (FH) \u2013 Un t\u00e9moin du parquet a d\u00e9clar\u00e9 mardi devant le Tribunal p\u00e9nal international pour le Rwanda (TPIR) que l\u2019ancien premier ministre rwandais, Mme Agathe Uwilingiyimana, a \u00e9t\u00e9 assassin\u00e9e \u00e0 sa r\u00e9sidence le 7 avril 1994 par des \u00e9l\u00e9ments de l\u2019ancienne arm\u00e9e rwandaise.\n<\/p>\n<p  >\nLe 24\u00e8 t\u00e9moin du parquet d\u00e9nomm\u00e9 \u00ab HP \u00bb d\u00e9pose depuis lundi apr\u00e8s-midi dans le proc\u00e8s de quatre hauts officiers des ex-Forces arm\u00e9es rwandaises (ex-FAR) en cours devant le TPIR.\n<\/p>\n<p><!--more--><\/p>\n<p  >\nApr\u00e8s DAK entendu lundi, HP est le deuxi\u00e8me t\u00e9moin \u00e0 t\u00e9moigner sur l\u2019 assassinat du premier ministre.\n<\/p>\n<p  >\nCaporal des FAR au moment des faits, le t\u00e9moin a affirm\u00e9 qu\u2019il avait trouv\u00e9, dans la matin\u00e9e du 7 avril 1994, la d\u00e9pouille \u00ab d\u00e9shabill\u00e9e \u00bb du premier ministre sur la v\u00e9randa de sa r\u00e9sidence.\n<\/p>\n<p  >\n\u00ab On lui avait tir\u00e9 une balle dans les c\u00f4tes et beaucoup de balles dans la bouche \u00bb, a expliqu\u00e9 HP, ajoutant qu\u2019une cinquantaine de militaires, des \u00e9l\u00e9ments de la Garde Pr\u00e9sidentielle dans leur majorit\u00e9, circulaient dans l\u2019enceinte de la r\u00e9sidence du premier ministre \u00e0 ce moment.\n<\/p>\n<p  >\nLe t\u00e9moin a indiqu\u00e9 que mission lui avait \u00e9t\u00e9 confi\u00e9e ce jour-l\u00e0 de ravitailler en vivres des militaires qui avaient \u00e9t\u00e9 d\u00e9ploy\u00e9s pour renforcer les \u00e9l\u00e9ments de la Garde Pr\u00e9sidentielle \u00e0 la r\u00e9sidence du pr\u00e9sident Habyarimana, dont l\u2019assassinat la veille avait d\u00e9clench\u00e9 le g\u00e9nocide anti-Tutsi.\n<\/p>\n<p  >\nD\u2019apr\u00e8s HP, ces militaires \u00e9taient sous le commandement de l\u2019adjudant Boniface Bizimungu, qui \u00e9tait r\u00e9guli\u00e8rement en communication radio avec le commandant adjoint du bataillon de reconnaissance, le Capitaine Innocent Sagahutu.\n<\/p>\n<p  >\nLe capitaine Sagahutu et son sup\u00e9rieur imm\u00e9diat, l\u2019ancien commandant du bataillon de reconnaissance, le major Fran\u00e7ois-Xavier Nzuwonemeye, sont \u00e9galement d\u00e9tenus \u00e0 Arusha. Ils sont co-accus\u00e9s avec deux autres officiers, les g\u00e9n\u00e9raux Augustin Ndindiliyimana et Augustin Bizimungu, dans le cadre D'une autre affaire, connue sous l'appellation \"Militaires II\".\n<\/p>\n<p  >\nPoursuivant sa d\u00e9position, HP a rapport\u00e9 que des casques bleus de la MINUAR (Mission des Nations Unies pour l\u2019Assistance au Rwanda) avaient tent\u00e9 d\u2019 atteindre la r\u00e9sidence d\u2019Uwilingiyimana. L\u2019adjudant Bizimungu et le Capitaine Sagahutu auraient \u00e9vit\u00e9 que les soldats de l\u2019ONU voient le cadavre du premier ministre assassin\u00e9 et ordonn\u00e9 au t\u00e9moin de l\u2019\u00e9vacuer vers l\u2019h\u00f4pital de Kanombe, non loin du centre ville.\n<\/p>\n<p  >\nL\u2019ancien directeur de cabinet au minist\u00e8re rwandais de la d\u00e9fense, le colonel Th\u00e9on\u00e8ste Bagosora, un des accus\u00e9s dans ce proc\u00e8s consid\u00e9r\u00e9 par le parquet comme le \u00ab cerveau du g\u00e9nocide rwandais \u00bb, est notamment poursuivi assassinat de Mme Uwilingiyimana.\n<\/p>\n<p  >\nHP n\u2019a pas \u00e9voqu\u00e9 le nom de l\u2019accus\u00e9. Le parquet all\u00e8gue n\u00e9anmoins que depuis le d\u00e9clenchement des massacres dans le nuit du 6 avril 1994, Bagosora a refus\u00e9 d\u2019associer le premier ministre Uwilingiyimana dans la gestion de cette crise.\n<\/p>\n<p  >\nLors du contre-interrogatoire, le co-conseil canadien de Bagosora, Me Skolnik, a qualifi\u00e9 de \u00ab non fiable \u00bb la d\u00e9position de HP. Somm\u00e9 de r\u00e9v\u00e9ler l\u2019identit\u00e9 de ceux qui ont tir\u00e9 sur le premier ministre, le t\u00e9moin a r\u00e9pondu : \u00ab Je ne sais pas si c\u2019est un GP ou un militaire d\u2019une autre unit\u00e9 \u00bb.\n<\/p>\n<p  >\nBagosora est co-accus\u00e9 avec l'ancien responsable des op\u00e9rations militaires \u00e0 l'Etat major de l'arm\u00e9e, le g\u00e9n\u00e9ral de brigade Gratien Kabiligi, l'ancien commandant de la r\u00e9gion militaire de Gisenyi (ouest du Rwanda), le lieutenant-colonel Anatole Nsengiyumva, ainsi que l'ancien commandant du bataillon para-commando de Kanombe (Kigali), le major Aloys Ntabakuze.\n<\/p>\n<p  >\nAccus\u00e9s notamment d\u2019entente en vue de commettre le g\u00e9nocide et de crimes de guerre, tous plaident non coupable.\n<\/p>\n<p  >\nLe proc\u00e8s se d\u00e9roule devant la premi\u00e8re chambre de premi\u00e8re instance du TPIR, pr\u00e9sid\u00e9e par le juge norv\u00e9gien Erik Mose, assist\u00e9 des juges russe Serguei Egorov et fidjien Jai Ram Reddy.\n<\/p>\n<p  >\nLe parquet a d\u00e9j\u00e0 entam\u00e9 l\u2019interrogatoire principal de son 25\u00e8 t\u00e9moin, d\u00e9nomm\u00e9 \u00ab XAO \u00bb pour des raisons de s\u00e9curit\u00e9. Il faisait partie du bataillon para-commando dont le major Ntabakuze avait la charge au moment des faits.\n<\/p>\n<p  >\nGA\/CE\/GF\/FH (ML\u20191111A)<\/p>\n","protected":false},"excerpt":{"rendered":"<p>Arusha, le 11 novembre 2003 (FH) \u2013 Un t\u00e9moin du parquet a d\u00e9clar\u00e9 mardi devant le Tribunal p\u00e9nal international pour le Rwanda (TPIR) que l\u2019ancien premier ministre rwandais, Mme Agathe Uwilingiyimana, a \u00e9t\u00e9 assassin\u00e9e \u00e0 sa r\u00e9sidence le 7 avril 1994 par des \u00e9l\u00e9ments de l\u2019ancienne arm\u00e9e rwandaise. Le 24\u00e8 t\u00e9moin du parquet d\u00e9nomm\u00e9 \u00ab [&hellip;]<\/p>\n","protected":false},"author":64,"featured_media":0,"comment_status":"open","ping_status":"closed","sticky":false,"template":"","format":"standard","meta":{"_acf_changed":false,"footnotes":""},"categories":[554],"tags":[],"ji_location":[],"class_list":["post-4713","post","type-post","status-publish","format-standard","hentry","category-hirondellenews"],"acf":[],"yoast_head":"<!-- This site is optimized with the Yoast SEO Premium plugin v25.3.1 (Yoast SEO v25.3.1) - https:\/\/yoast.com\/wordpress\/plugins\/seo\/ -->\n<title>11.11.2003 - TPIR\/MILITAIRES I - UN SECOND TEMOIN DEPOSE SUR L\u2019ASSASSINAT DE MME UWILINGIYIMANA - JusticeInfo.net<\/title>\n<meta name=\"robots\" content=\"index, follow, max-snippet:-1, max-image-preview:large, max-video-preview:-1\" \/>\n<link rel=\"canonical\" href=\"https:\/\/www.justiceinfo.net\/fr\/4713-11112003-tpirmilitaires-i-un-second-temoin-depose-sur-lassassinat-de-mme-uwilingiyimana1503.html\" \/>\n<meta property=\"og:locale\" content=\"fr_FR\" \/>\n<meta property=\"og:type\" content=\"article\" \/>\n<meta property=\"og:title\" content=\"11.11.2003 - TPIR\/MILITAIRES I - UN SECOND TEMOIN DEPOSE SUR L\u2019ASSASSINAT DE MME UWILINGIYIMANA\" \/>\n<meta property=\"og:description\" content=\"Arusha, le 11 novembre 2003 (FH) \u2013 Un t\u00e9moin du parquet a d\u00e9clar\u00e9 mardi devant le Tribunal p\u00e9nal international pour le Rwanda (TPIR) que l\u2019ancien premier ministre rwandais, Mme Agathe Uwilingiyimana, a \u00e9t\u00e9 assassin\u00e9e \u00e0 sa r\u00e9sidence le 7 avril 1994 par des \u00e9l\u00e9ments de l\u2019ancienne arm\u00e9e rwandaise. Le 24\u00e8 t\u00e9moin du parquet d\u00e9nomm\u00e9 \u00ab [&hellip;]\" \/>\n<meta property=\"og:url\" content=\"https:\/\/www.justiceinfo.net\/fr\/4713-11112003-tpirmilitaires-i-un-second-temoin-depose-sur-lassassinat-de-mme-uwilingiyimana1503.html\" \/>\n<meta property=\"og:site_name\" content=\"JusticeInfo.net\" \/>\n<meta property=\"article:publisher\" content=\"https:\/\/www.facebook.com\/JusticeInfo\/\" \/>\n<meta property=\"article:published_time\" content=\"2003-11-10T23:00:00+00:00\" \/>\n<meta property=\"og:image\" content=\"https:\/\/www.justiceinfo.net\/wp-content\/uploads\/JusticeInfoNet_logo_1200x630px.jpg\" \/>\n\t<meta property=\"og:image:width\" content=\"1200\" \/>\n\t<meta property=\"og:image:height\" content=\"630\" \/>\n\t<meta property=\"og:image:type\" content=\"image\/jpeg\" \/>\n<meta name=\"author\" content=\"solivri\" \/>\n<meta name=\"twitter:card\" content=\"summary_large_image\" \/>\n<meta name=\"twitter:creator\" content=\"@justiceinfonet\" \/>\n<meta name=\"twitter:site\" content=\"@justiceinfonet\" \/>\n<meta name=\"twitter:label1\" content=\"\u00c9crit par\" \/>\n\t<meta name=\"twitter:data1\" content=\"solivri\" \/>\n\t<meta name=\"twitter:label2\" content=\"Dur\u00e9e de lecture estim\u00e9e\" \/>\n\t<meta name=\"twitter:data2\" content=\"4 minutes\" \/>\n<script type=\"application\/ld+json\" class=\"yoast-schema-graph\">{\"@context\":\"https:\/\/schema.org\",\"@graph\":[{\"@type\":\"NewsArticle\",\"@id\":\"https:\/\/www.justiceinfo.net\/fr\/4713-11112003-tpirmilitaires-i-un-second-temoin-depose-sur-lassassinat-de-mme-uwilingiyimana1503.html#article\",\"isPartOf\":{\"@id\":\"https:\/\/www.justiceinfo.net\/fr\/4713-11112003-tpirmilitaires-i-un-second-temoin-depose-sur-lassassinat-de-mme-uwilingiyimana1503.html\"},\"author\":{\"name\":\"solivri\",\"@id\":\"https:\/\/www.justiceinfo.net\/fr#\/schema\/person\/6e53cba1629e2e66f3fc1821d3091865\"},\"headline\":\"11.11.2003 - TPIR\/MILITAIRES I - UN SECOND TEMOIN DEPOSE SUR L\u2019ASSASSINAT DE MME UWILINGIYIMANA\",\"datePublished\":\"2003-11-10T23:00:00+00:00\",\"mainEntityOfPage\":{\"@id\":\"https:\/\/www.justiceinfo.net\/fr\/4713-11112003-tpirmilitaires-i-un-second-temoin-depose-sur-lassassinat-de-mme-uwilingiyimana1503.html\"},\"wordCount\":736,\"commentCount\":0,\"publisher\":{\"@id\":\"https:\/\/www.justiceinfo.net\/fr#organization\"},\"articleSection\":[\"Hirondelle News\"],\"inLanguage\":\"fr-FR\",\"potentialAction\":[{\"@type\":\"CommentAction\",\"name\":\"Comment\",\"target\":[\"https:\/\/www.justiceinfo.net\/fr\/4713-11112003-tpirmilitaires-i-un-second-temoin-depose-sur-lassassinat-de-mme-uwilingiyimana1503.html#respond\"]}]},{\"@type\":\"WebPage\",\"@id\":\"https:\/\/www.justiceinfo.net\/fr\/4713-11112003-tpirmilitaires-i-un-second-temoin-depose-sur-lassassinat-de-mme-uwilingiyimana1503.html\",\"url\":\"https:\/\/www.justiceinfo.net\/fr\/4713-11112003-tpirmilitaires-i-un-second-temoin-depose-sur-lassassinat-de-mme-uwilingiyimana1503.html\",\"name\":\"11.11.2003 - TPIR\/MILITAIRES I - UN SECOND TEMOIN DEPOSE SUR L\u2019ASSASSINAT DE MME UWILINGIYIMANA - JusticeInfo.net\",\"isPartOf\":{\"@id\":\"https:\/\/www.justiceinfo.net\/fr#website\"},\"datePublished\":\"2003-11-10T23:00:00+00:00\",\"breadcrumb\":{\"@id\":\"https:\/\/www.justiceinfo.net\/fr\/4713-11112003-tpirmilitaires-i-un-second-temoin-depose-sur-lassassinat-de-mme-uwilingiyimana1503.html#breadcrumb\"},\"inLanguage\":\"fr-FR\",\"potentialAction\":[{\"@type\":\"ReadAction\",\"target\":[\"https:\/\/www.justiceinfo.net\/fr\/4713-11112003-tpirmilitaires-i-un-second-temoin-depose-sur-lassassinat-de-mme-uwilingiyimana1503.html\"]}]},{\"@type\":\"BreadcrumbList\",\"@id\":\"https:\/\/www.justiceinfo.net\/fr\/4713-11112003-tpirmilitaires-i-un-second-temoin-depose-sur-lassassinat-de-mme-uwilingiyimana1503.html#breadcrumb\",\"itemListElement\":[{\"@type\":\"ListItem\",\"position\":1,\"name\":\"Home\",\"item\":\"https:\/\/www.justiceinfo.net\/fr\"},{\"@type\":\"ListItem\",\"position\":2,\"name\":\"11.11.2003 - TPIR\/MILITAIRES I - UN SECOND TEMOIN DEPOSE SUR L\u2019ASSASSINAT DE MME UWILINGIYIMANA\"}]},{\"@type\":\"WebSite\",\"@id\":\"https:\/\/www.justiceinfo.net\/fr#website\",\"url\":\"https:\/\/www.justiceinfo.net\/fr\",\"name\":\"JusticeInfo.net\",\"description\":\"La justice doit \u00eatre vue pour \u00eatre rendue\",\"publisher\":{\"@id\":\"https:\/\/www.justiceinfo.net\/fr#organization\"},\"potentialAction\":[{\"@type\":\"SearchAction\",\"target\":{\"@type\":\"EntryPoint\",\"urlTemplate\":\"https:\/\/www.justiceinfo.net\/fr?s={search_term_string}\"},\"query-input\":{\"@type\":\"PropertyValueSpecification\",\"valueRequired\":true,\"valueName\":\"search_term_string\"}}],\"inLanguage\":\"fr-FR\"},{\"@type\":\"Organization\",\"@id\":\"https:\/\/www.justiceinfo.net\/fr#organization\",\"name\":\"Justice Info\",\"url\":\"https:\/\/www.justiceinfo.net\/fr\",\"logo\":{\"@type\":\"ImageObject\",\"inLanguage\":\"fr-FR\",\"@id\":\"https:\/\/www.justiceinfo.net\/fr#\/schema\/logo\/image\/\",\"url\":\"https:\/\/www.justiceinfo.net\/wp-content\/uploads\/justiceinfo_logo-trans_1200x1200px.png\",\"contentUrl\":\"https:\/\/www.justiceinfo.net\/wp-content\/uploads\/justiceinfo_logo-trans_1200x1200px.png\",\"width\":1199,\"height\":1200,\"caption\":\"Justice Info\"},\"image\":{\"@id\":\"https:\/\/www.justiceinfo.net\/fr#\/schema\/logo\/image\/\"},\"sameAs\":[\"https:\/\/www.facebook.com\/JusticeInfo\/\",\"https:\/\/x.com\/justiceinfonet\",\"https:\/\/www.linkedin.com\/company\/justice-info\",\"https:\/\/www.youtube.com\/channel\/UCyCEsARodyuWtkWyhn-e7pA\"]},{\"@type\":\"Person\",\"name\":\"solivri\",\"url\":\"\/fr\/?s=solivri\"}]}<\/script>\n<!-- \/ Yoast SEO Premium plugin. -->","yoast_head_json":{"title":"11.11.2003 - TPIR\/MILITAIRES I - UN SECOND TEMOIN DEPOSE SUR L\u2019ASSASSINAT DE MME UWILINGIYIMANA - JusticeInfo.net","robots":{"index":"index","follow":"follow","max-snippet":"max-snippet:-1","max-image-preview":"max-image-preview:large","max-video-preview":"max-video-preview:-1"},"canonical":"https:\/\/www.justiceinfo.net\/fr\/4713-11112003-tpirmilitaires-i-un-second-temoin-depose-sur-lassassinat-de-mme-uwilingiyimana1503.html","og_locale":"fr_FR","og_type":"article","og_title":"11.11.2003 - TPIR\/MILITAIRES I - UN SECOND TEMOIN DEPOSE SUR L\u2019ASSASSINAT DE MME UWILINGIYIMANA","og_description":"Arusha, le 11 novembre 2003 (FH) \u2013 Un t\u00e9moin du parquet a d\u00e9clar\u00e9 mardi devant le Tribunal p\u00e9nal international pour le Rwanda (TPIR) que l\u2019ancien premier ministre rwandais, Mme Agathe Uwilingiyimana, a \u00e9t\u00e9 assassin\u00e9e \u00e0 sa r\u00e9sidence le 7 avril 1994 par des \u00e9l\u00e9ments de l\u2019ancienne arm\u00e9e rwandaise. Le 24\u00e8 t\u00e9moin du parquet d\u00e9nomm\u00e9 \u00ab [&hellip;]","og_url":"https:\/\/www.justiceinfo.net\/fr\/4713-11112003-tpirmilitaires-i-un-second-temoin-depose-sur-lassassinat-de-mme-uwilingiyimana1503.html","og_site_name":"JusticeInfo.net","article_publisher":"https:\/\/www.facebook.com\/JusticeInfo\/","article_published_time":"2003-11-10T23:00:00+00:00","og_image":[{"width":1200,"height":630,"url":"https:\/\/www.justiceinfo.net\/wp-content\/uploads\/JusticeInfoNet_logo_1200x630px.jpg","type":"image\/jpeg"}],"author":"solivri","twitter_card":"summary_large_image","twitter_creator":"@justiceinfonet","twitter_site":"@justiceinfonet","twitter_misc":{"\u00c9crit par":"solivri","Dur\u00e9e de lecture estim\u00e9e":"4 minutes"},"schema":{"@context":"https:\/\/schema.org","@graph":[{"@type":"NewsArticle","@id":"https:\/\/www.justiceinfo.net\/fr\/4713-11112003-tpirmilitaires-i-un-second-temoin-depose-sur-lassassinat-de-mme-uwilingiyimana1503.html#article","isPartOf":{"@id":"https:\/\/www.justiceinfo.net\/fr\/4713-11112003-tpirmilitaires-i-un-second-temoin-depose-sur-lassassinat-de-mme-uwilingiyimana1503.html"},"author":{"name":"solivri","@id":"https:\/\/www.justiceinfo.net\/fr#\/schema\/person\/6e53cba1629e2e66f3fc1821d3091865"},"headline":"11.11.2003 - TPIR\/MILITAIRES I - UN SECOND TEMOIN DEPOSE SUR L\u2019ASSASSINAT DE MME UWILINGIYIMANA","datePublished":"2003-11-10T23:00:00+00:00","mainEntityOfPage":{"@id":"https:\/\/www.justiceinfo.net\/fr\/4713-11112003-tpirmilitaires-i-un-second-temoin-depose-sur-lassassinat-de-mme-uwilingiyimana1503.html"},"wordCount":736,"commentCount":0,"publisher":{"@id":"https:\/\/www.justiceinfo.net\/fr#organization"},"articleSection":["Hirondelle News"],"inLanguage":"fr-FR","potentialAction":[{"@type":"CommentAction","name":"Comment","target":["https:\/\/www.justiceinfo.net\/fr\/4713-11112003-tpirmilitaires-i-un-second-temoin-depose-sur-lassassinat-de-mme-uwilingiyimana1503.html#respond"]}]},{"@type":"WebPage","@id":"https:\/\/www.justiceinfo.net\/fr\/4713-11112003-tpirmilitaires-i-un-second-temoin-depose-sur-lassassinat-de-mme-uwilingiyimana1503.html","url":"https:\/\/www.justiceinfo.net\/fr\/4713-11112003-tpirmilitaires-i-un-second-temoin-depose-sur-lassassinat-de-mme-uwilingiyimana1503.html","name":"11.11.2003 - TPIR\/MILITAIRES I - UN SECOND TEMOIN DEPOSE SUR L\u2019ASSASSINAT DE MME UWILINGIYIMANA - JusticeInfo.net","isPartOf":{"@id":"https:\/\/www.justiceinfo.net\/fr#website"},"datePublished":"2003-11-10T23:00:00+00:00","breadcrumb":{"@id":"https:\/\/www.justiceinfo.net\/fr\/4713-11112003-tpirmilitaires-i-un-second-temoin-depose-sur-lassassinat-de-mme-uwilingiyimana1503.html#breadcrumb"},"inLanguage":"fr-FR","potentialAction":[{"@type":"ReadAction","target":["https:\/\/www.justiceinfo.net\/fr\/4713-11112003-tpirmilitaires-i-un-second-temoin-depose-sur-lassassinat-de-mme-uwilingiyimana1503.html"]}]},{"@type":"BreadcrumbList","@id":"https:\/\/www.justiceinfo.net\/fr\/4713-11112003-tpirmilitaires-i-un-second-temoin-depose-sur-lassassinat-de-mme-uwilingiyimana1503.html#breadcrumb","itemListElement":[{"@type":"ListItem","position":1,"name":"Home","item":"https:\/\/www.justiceinfo.net\/fr"},{"@type":"ListItem","position":2,"name":"11.11.2003 - TPIR\/MILITAIRES I - UN SECOND TEMOIN DEPOSE SUR L\u2019ASSASSINAT DE MME UWILINGIYIMANA"}]},{"@type":"WebSite","@id":"https:\/\/www.justiceinfo.net\/fr#website","url":"https:\/\/www.justiceinfo.net\/fr","name":"JusticeInfo.net","description":"La justice doit \u00eatre vue pour \u00eatre rendue","publisher":{"@id":"https:\/\/www.justiceinfo.net\/fr#organization"},"potentialAction":[{"@type":"SearchAction","target":{"@type":"EntryPoint","urlTemplate":"https:\/\/www.justiceinfo.net\/fr?s={search_term_string}"},"query-input":{"@type":"PropertyValueSpecification","valueRequired":true,"valueName":"search_term_string"}}],"inLanguage":"fr-FR"},{"@type":"Organization","@id":"https:\/\/www.justiceinfo.net\/fr#organization","name":"Justice Info","url":"https:\/\/www.justiceinfo.net\/fr","logo":{"@type":"ImageObject","inLanguage":"fr-FR","@id":"https:\/\/www.justiceinfo.net\/fr#\/schema\/logo\/image\/","url":"https:\/\/www.justiceinfo.net\/wp-content\/uploads\/justiceinfo_logo-trans_1200x1200px.png","contentUrl":"https:\/\/www.justiceinfo.net\/wp-content\/uploads\/justiceinfo_logo-trans_1200x1200px.png","width":1199,"height":1200,"caption":"Justice Info"},"image":{"@id":"https:\/\/www.justiceinfo.net\/fr#\/schema\/logo\/image\/"},"sameAs":["https:\/\/www.facebook.com\/JusticeInfo\/","https:\/\/x.com\/justiceinfonet","https:\/\/www.linkedin.com\/company\/justice-info","https:\/\/www.youtube.com\/channel\/UCyCEsARodyuWtkWyhn-e7pA"]},{"@type":"Person","name":"solivri","url":"\/fr\/?s=solivri"}]}},"_links":{"self":[{"href":"https:\/\/www.justiceinfo.net\/fr\/wp-json\/wp\/v2\/posts\/4713","targetHints":{"allow":["GET"]}}],"collection":[{"href":"https:\/\/www.justiceinfo.net\/fr\/wp-json\/wp\/v2\/posts"}],"about":[{"href":"https:\/\/www.justiceinfo.net\/fr\/wp-json\/wp\/v2\/types\/post"}],"author":[{"embeddable":true,"href":"https:\/\/www.justiceinfo.net\/fr\/wp-json\/wp\/v2\/users\/64"}],"replies":[{"embeddable":true,"href":"https:\/\/www.justiceinfo.net\/fr\/wp-json\/wp\/v2\/comments?post=4713"}],"version-history":[{"count":0,"href":"https:\/\/www.justiceinfo.net\/fr\/wp-json\/wp\/v2\/posts\/4713\/revisions"}],"wp:attachment":[{"href":"https:\/\/www.justiceinfo.net\/fr\/wp-json\/wp\/v2\/media?parent=4713"}],"wp:term":[{"taxonomy":"category","embeddable":true,"href":"https:\/\/www.justiceinfo.net\/fr\/wp-json\/wp\/v2\/categories?post=4713"},{"taxonomy":"post_tag","embeddable":true,"href":"https:\/\/www.justiceinfo.net\/fr\/wp-json\/wp\/v2\/tags?post=4713"},{"taxonomy":"ji_location","embeddable":true,"href":"https:\/\/www.justiceinfo.net\/fr\/wp-json\/wp\/v2\/ji_location?post=4713"}],"curies":[{"name":"wp","href":"https:\/\/api.w.org\/{rel}","templated":true}]}}