{"id":4761,"date":"2003-10-27T00:00:00","date_gmt":"2003-10-26T23:00:00","guid":{"rendered":"https:\/\/www.justiceinfo.net\/4761-27102003-tpirndindabahizi-la-defense-entame-la-presentation-de-sa-preuve1551.html"},"modified":"2003-10-27T00:00:00","modified_gmt":"2003-10-26T23:00:00","slug":"27102003-tpirndindabahizi-la-defense-entame-la-presentation-de-sa-preuve1551","status":"publish","type":"post","link":"https:\/\/www.justiceinfo.net\/fr\/4761-27102003-tpirndindabahizi-la-defense-entame-la-presentation-de-sa-preuve1551.html","title":{"rendered":"27.10.2003 - TPIR\/NDINDABAHIZI - LA DEFENSE ENTAME LA PRESENTATION DE SA PREUVE"},"content":{"rendered":"<p  >\nArusha 27 octobre 2003 (FH) - La d\u00e9fense de l'ancien ministre rwandais des finances, Emmanuel Ndindabahizi, poursuivi pour g\u00e9nocide et crimes contre l\u2019humanit\u00e9 devant le Tribunal p\u00e9nal international pour le Rwanda (TPIR), a entam\u00e9 lundi la pr\u00e9sentation de ses moyens de preuve.\n<\/p>\n<p  >\nl'ex-ministre, 53 ans, r\u00e9pond de trois chefs D'accusation de g\u00e9nocide et de crimes contre l'humanit\u00e9 portant sur des massacres de Tutsis dans sa province natale de Kibuye (ouest du Rwanda).\n<\/p>\n<p><!--more--><\/p>\n<p  >\n\u00ab Les accusations port\u00e9es contre Emmanuel Ndindabahizi manquent singuli\u00e8rement de vraisemblance \u00bb, a affirm\u00e9 dans sa d\u00e9claration liminaire Me Pascal Besnier, l\u2019avocat fran\u00e7ais de Ndindabahizi. \u00ab En avril, mai et juin 1994, la mort a rod\u00e9 \u00e0 Kibuye mais elle n\u2019avait pas le visage d\u2019Emmanuel Ndindabahizi \u00bb, a poursuivi Me Besnier.\n<\/p>\n<p  >\n\u00ab Les experts, les historiens et les sp\u00e9cialistes des droits de l\u2019homme n\u2019\u00e9voquent jamais Ndindabahizi parmi les responsables du g\u00e9nocide \u00bb, a plaid\u00e9 l\u2019avocat.\n<\/p>\n<p  >\nPour le d\u00e9fenseur de l\u2019ancien ministre, \u00ab tous les Hutus se sont pas devenus des d\u00e9mons (en 1994) m\u00eame si tous les Tutsis \u00e9taient des victimes potentielles\u00bb. \u00ab Emmanuel Ndindabahizi fait partie de ceux qui ont travers\u00e9 l\u2019enfer sans se d\u00e9shonorer \u00bb, a soutenu Me Besnier.\n<\/p>\n<p  >\nApr\u00e8s cette d\u00e9claration liminaire, l\u2019avocat a introduit le premier t\u00e9moin \u00e0 d\u00e9charge qui a d\u00e9pos\u00e9 \u00e0 huis clos.\n<\/p>\n<p  >\nLes trois t\u00e9moins suivants, tous rescap\u00e9s du g\u00e9nocide, ont d\u00e9clar\u00e9 que l\u2019accus\u00e9 a appel\u00e9 \u00e0 l\u2019arr\u00eat des massacres de Tutsis au d\u00e9but de juin 1994.\n<\/p>\n<p  >\n\u00ab Il a tenu une r\u00e9union dans la cellule Agasharu (commune Gitesi) au cours de laquelle il a demand\u00e9 que soit mis fin aux tueries \u00bb, a rapport\u00e9 le t\u00e9moin DG ainsi d\u00e9nomm\u00e9 pour pr\u00e9server son anonymat. \u00ab Sans cette intervention, je n\u2019aurais pas surv\u00e9cu \u00bb, a-t- il ajout\u00e9.\n<\/p>\n<p  >\nLe t\u00e9moin suivant, DH, a abond\u00e9 dans le m\u00eame sens. \u00ab A partir de ce jour (de la r\u00e9union), plus personne n\u2019a \u00e9t\u00e9 tu\u00e9 dans notre cellule, les Tutsis n\u2019ont plus \u00e9t\u00e9 pourchass\u00e9s \u00bb.\n<\/p>\n<p  >\nLe dernier t\u00e9moin du jour, DI, a, quant \u00e0 elle, d\u00e9clar\u00e9 que l\u2019ex\u2013ministre a ordonn\u00e9 d\u2019arr\u00eater les auteurs des massacres de Tutsis.\n<\/p>\n<p  >\nTous les trois ont cependant reconnu n\u2019avoir pas \u00e9t\u00e9 t\u00e9moins oculaires de cette r\u00e9union car ils se cachaient. Le message de pacification attribu\u00e9 \u00e0 l\u2019accus\u00e9 leur a \u00e9t\u00e9 rapport\u00e9 par d\u2019autres personnes, selon leurs d\u00e9positions.\n<\/p>\n<p  >\nSeize autres t\u00e9moins parmi lesquels des g\u00e9nocidaires repentis qui ont avou\u00e9 leurs crimes devant la justice rwandaise d\u00e9poseront en faveur de Ndindabahizi, selon Me Besnier.\n<\/p>\n<p  >\nNeuf d\u2019entre eux sont d\u00e9j\u00e0 pr\u00e9sents \u00e0 Arusha et s\u2019appr\u00eatent \u00e0 faire leur d\u00e9position. Me Besnier est assist\u00e9, pour la d\u00e9fense de l\u2019ex- ministre, de son concitoyen, Me Guillaume Mar\u00e7ais.\n<\/p>\n<p  >\nLe bureau du procureur est repr\u00e9sent\u00e9 dans cette affaire par le Nig\u00e9rian Charles Adeogun- Phillips et le Tanzanien Wallace Kapaya.\n<\/p>\n<p  >\nLes d\u00e9bats se d\u00e9roulent devant la premi\u00e8re chambre de premi\u00e8re instance du TPIR, dirig\u00e9e par le juge norv\u00e9gien Erik Mose, \u00e9galement pr\u00e9sident du tribunal. Il est assist\u00e9 de l\u2019Ougandaise Salomy Balongi Bossa et de la Pakistanaise Khalida Rachid Khan.\n<\/p>\n<p  >\nER\/GF (NB\u201910 27\u2019A)<\/p>\n","protected":false},"excerpt":{"rendered":"<p>Arusha 27 octobre 2003 (FH) - La d\u00e9fense de l'ancien ministre rwandais des finances, Emmanuel Ndindabahizi, poursuivi pour g\u00e9nocide et crimes contre l\u2019humanit\u00e9 devant le Tribunal p\u00e9nal international pour le Rwanda (TPIR), a entam\u00e9 lundi la pr\u00e9sentation de ses moyens de preuve. l'ex-ministre, 53 ans, r\u00e9pond de trois chefs D'accusation de g\u00e9nocide et de crimes [&hellip;]<\/p>\n","protected":false},"author":64,"featured_media":0,"comment_status":"open","ping_status":"closed","sticky":false,"template":"","format":"standard","meta":{"_acf_changed":false,"footnotes":""},"categories":[554],"tags":[],"ji_location":[],"class_list":["post-4761","post","type-post","status-publish","format-standard","hentry","category-hirondellenews"],"acf":[],"yoast_head":"<!-- This site is optimized with the Yoast SEO Premium plugin v25.3.1 (Yoast SEO v25.3.1) - https:\/\/yoast.com\/wordpress\/plugins\/seo\/ -->\n<title>27.10.2003 - TPIR\/NDINDABAHIZI - LA DEFENSE ENTAME LA PRESENTATION DE SA PREUVE - JusticeInfo.net<\/title>\n<meta name=\"robots\" content=\"index, follow, max-snippet:-1, max-image-preview:large, max-video-preview:-1\" \/>\n<link rel=\"canonical\" href=\"https:\/\/www.justiceinfo.net\/fr\/4761-27102003-tpirndindabahizi-la-defense-entame-la-presentation-de-sa-preuve1551.html\" \/>\n<meta property=\"og:locale\" content=\"fr_FR\" \/>\n<meta property=\"og:type\" content=\"article\" \/>\n<meta property=\"og:title\" content=\"27.10.2003 - TPIR\/NDINDABAHIZI - LA DEFENSE ENTAME LA PRESENTATION DE SA PREUVE\" \/>\n<meta property=\"og:description\" content=\"Arusha 27 octobre 2003 (FH) - La d\u00e9fense de l&#039;ancien ministre rwandais des finances, Emmanuel Ndindabahizi, poursuivi pour g\u00e9nocide et crimes contre l\u2019humanit\u00e9 devant le Tribunal p\u00e9nal international pour le Rwanda (TPIR), a entam\u00e9 lundi la pr\u00e9sentation de ses moyens de preuve. l&#039;ex-ministre, 53 ans, r\u00e9pond de trois chefs D&#039;accusation de g\u00e9nocide et de crimes [&hellip;]\" \/>\n<meta property=\"og:url\" content=\"https:\/\/www.justiceinfo.net\/fr\/4761-27102003-tpirndindabahizi-la-defense-entame-la-presentation-de-sa-preuve1551.html\" \/>\n<meta property=\"og:site_name\" content=\"JusticeInfo.net\" \/>\n<meta property=\"article:publisher\" content=\"https:\/\/www.facebook.com\/JusticeInfo\/\" \/>\n<meta property=\"article:published_time\" content=\"2003-10-26T23:00:00+00:00\" \/>\n<meta property=\"og:image\" content=\"https:\/\/www.justiceinfo.net\/wp-content\/uploads\/JusticeInfoNet_logo_1200x630px.jpg\" \/>\n\t<meta property=\"og:image:width\" content=\"1200\" \/>\n\t<meta property=\"og:image:height\" content=\"630\" \/>\n\t<meta property=\"og:image:type\" content=\"image\/jpeg\" \/>\n<meta name=\"author\" content=\"solivri\" \/>\n<meta name=\"twitter:card\" content=\"summary_large_image\" \/>\n<meta name=\"twitter:creator\" content=\"@justiceinfonet\" \/>\n<meta name=\"twitter:site\" content=\"@justiceinfonet\" \/>\n<meta name=\"twitter:label1\" content=\"\u00c9crit par\" \/>\n\t<meta name=\"twitter:data1\" content=\"solivri\" \/>\n\t<meta name=\"twitter:label2\" content=\"Dur\u00e9e de lecture estim\u00e9e\" \/>\n\t<meta name=\"twitter:data2\" content=\"3 minutes\" \/>\n<script type=\"application\/ld+json\" class=\"yoast-schema-graph\">{\"@context\":\"https:\/\/schema.org\",\"@graph\":[{\"@type\":\"NewsArticle\",\"@id\":\"https:\/\/www.justiceinfo.net\/fr\/4761-27102003-tpirndindabahizi-la-defense-entame-la-presentation-de-sa-preuve1551.html#article\",\"isPartOf\":{\"@id\":\"https:\/\/www.justiceinfo.net\/fr\/4761-27102003-tpirndindabahizi-la-defense-entame-la-presentation-de-sa-preuve1551.html\"},\"author\":{\"name\":\"solivri\",\"@id\":\"https:\/\/www.justiceinfo.net\/fr#\/schema\/person\/6e53cba1629e2e66f3fc1821d3091865\"},\"headline\":\"27.10.2003 - TPIR\/NDINDABAHIZI - LA DEFENSE ENTAME LA PRESENTATION DE SA PREUVE\",\"datePublished\":\"2003-10-26T23:00:00+00:00\",\"mainEntityOfPage\":{\"@id\":\"https:\/\/www.justiceinfo.net\/fr\/4761-27102003-tpirndindabahizi-la-defense-entame-la-presentation-de-sa-preuve1551.html\"},\"wordCount\":566,\"commentCount\":0,\"publisher\":{\"@id\":\"https:\/\/www.justiceinfo.net\/fr#organization\"},\"articleSection\":[\"Hirondelle News\"],\"inLanguage\":\"fr-FR\",\"potentialAction\":[{\"@type\":\"CommentAction\",\"name\":\"Comment\",\"target\":[\"https:\/\/www.justiceinfo.net\/fr\/4761-27102003-tpirndindabahizi-la-defense-entame-la-presentation-de-sa-preuve1551.html#respond\"]}]},{\"@type\":\"WebPage\",\"@id\":\"https:\/\/www.justiceinfo.net\/fr\/4761-27102003-tpirndindabahizi-la-defense-entame-la-presentation-de-sa-preuve1551.html\",\"url\":\"https:\/\/www.justiceinfo.net\/fr\/4761-27102003-tpirndindabahizi-la-defense-entame-la-presentation-de-sa-preuve1551.html\",\"name\":\"27.10.2003 - TPIR\/NDINDABAHIZI - LA DEFENSE ENTAME LA PRESENTATION DE SA PREUVE - JusticeInfo.net\",\"isPartOf\":{\"@id\":\"https:\/\/www.justiceinfo.net\/fr#website\"},\"datePublished\":\"2003-10-26T23:00:00+00:00\",\"breadcrumb\":{\"@id\":\"https:\/\/www.justiceinfo.net\/fr\/4761-27102003-tpirndindabahizi-la-defense-entame-la-presentation-de-sa-preuve1551.html#breadcrumb\"},\"inLanguage\":\"fr-FR\",\"potentialAction\":[{\"@type\":\"ReadAction\",\"target\":[\"https:\/\/www.justiceinfo.net\/fr\/4761-27102003-tpirndindabahizi-la-defense-entame-la-presentation-de-sa-preuve1551.html\"]}]},{\"@type\":\"BreadcrumbList\",\"@id\":\"https:\/\/www.justiceinfo.net\/fr\/4761-27102003-tpirndindabahizi-la-defense-entame-la-presentation-de-sa-preuve1551.html#breadcrumb\",\"itemListElement\":[{\"@type\":\"ListItem\",\"position\":1,\"name\":\"Home\",\"item\":\"https:\/\/www.justiceinfo.net\/fr\"},{\"@type\":\"ListItem\",\"position\":2,\"name\":\"27.10.2003 - TPIR\/NDINDABAHIZI - LA DEFENSE ENTAME LA PRESENTATION DE SA PREUVE\"}]},{\"@type\":\"WebSite\",\"@id\":\"https:\/\/www.justiceinfo.net\/fr#website\",\"url\":\"https:\/\/www.justiceinfo.net\/fr\",\"name\":\"JusticeInfo.net\",\"description\":\"La justice doit \u00eatre vue pour \u00eatre rendue\",\"publisher\":{\"@id\":\"https:\/\/www.justiceinfo.net\/fr#organization\"},\"potentialAction\":[{\"@type\":\"SearchAction\",\"target\":{\"@type\":\"EntryPoint\",\"urlTemplate\":\"https:\/\/www.justiceinfo.net\/fr?s={search_term_string}\"},\"query-input\":{\"@type\":\"PropertyValueSpecification\",\"valueRequired\":true,\"valueName\":\"search_term_string\"}}],\"inLanguage\":\"fr-FR\"},{\"@type\":\"Organization\",\"@id\":\"https:\/\/www.justiceinfo.net\/fr#organization\",\"name\":\"Justice Info\",\"url\":\"https:\/\/www.justiceinfo.net\/fr\",\"logo\":{\"@type\":\"ImageObject\",\"inLanguage\":\"fr-FR\",\"@id\":\"https:\/\/www.justiceinfo.net\/fr#\/schema\/logo\/image\/\",\"url\":\"https:\/\/www.justiceinfo.net\/wp-content\/uploads\/justiceinfo_logo-trans_1200x1200px.png\",\"contentUrl\":\"https:\/\/www.justiceinfo.net\/wp-content\/uploads\/justiceinfo_logo-trans_1200x1200px.png\",\"width\":1199,\"height\":1200,\"caption\":\"Justice Info\"},\"image\":{\"@id\":\"https:\/\/www.justiceinfo.net\/fr#\/schema\/logo\/image\/\"},\"sameAs\":[\"https:\/\/www.facebook.com\/JusticeInfo\/\",\"https:\/\/x.com\/justiceinfonet\",\"https:\/\/www.linkedin.com\/company\/justice-info\",\"https:\/\/www.youtube.com\/channel\/UCyCEsARodyuWtkWyhn-e7pA\"]},{\"@type\":\"Person\",\"name\":\"solivri\",\"url\":\"\/fr\/?s=solivri\"}]}<\/script>\n<!-- \/ Yoast SEO Premium plugin. -->","yoast_head_json":{"title":"27.10.2003 - TPIR\/NDINDABAHIZI - LA DEFENSE ENTAME LA PRESENTATION DE SA PREUVE - JusticeInfo.net","robots":{"index":"index","follow":"follow","max-snippet":"max-snippet:-1","max-image-preview":"max-image-preview:large","max-video-preview":"max-video-preview:-1"},"canonical":"https:\/\/www.justiceinfo.net\/fr\/4761-27102003-tpirndindabahizi-la-defense-entame-la-presentation-de-sa-preuve1551.html","og_locale":"fr_FR","og_type":"article","og_title":"27.10.2003 - TPIR\/NDINDABAHIZI - LA DEFENSE ENTAME LA PRESENTATION DE SA PREUVE","og_description":"Arusha 27 octobre 2003 (FH) - La d\u00e9fense de l'ancien ministre rwandais des finances, Emmanuel Ndindabahizi, poursuivi pour g\u00e9nocide et crimes contre l\u2019humanit\u00e9 devant le Tribunal p\u00e9nal international pour le Rwanda (TPIR), a entam\u00e9 lundi la pr\u00e9sentation de ses moyens de preuve. l'ex-ministre, 53 ans, r\u00e9pond de trois chefs D'accusation de g\u00e9nocide et de crimes [&hellip;]","og_url":"https:\/\/www.justiceinfo.net\/fr\/4761-27102003-tpirndindabahizi-la-defense-entame-la-presentation-de-sa-preuve1551.html","og_site_name":"JusticeInfo.net","article_publisher":"https:\/\/www.facebook.com\/JusticeInfo\/","article_published_time":"2003-10-26T23:00:00+00:00","og_image":[{"width":1200,"height":630,"url":"https:\/\/www.justiceinfo.net\/wp-content\/uploads\/JusticeInfoNet_logo_1200x630px.jpg","type":"image\/jpeg"}],"author":"solivri","twitter_card":"summary_large_image","twitter_creator":"@justiceinfonet","twitter_site":"@justiceinfonet","twitter_misc":{"\u00c9crit par":"solivri","Dur\u00e9e de lecture estim\u00e9e":"3 minutes"},"schema":{"@context":"https:\/\/schema.org","@graph":[{"@type":"NewsArticle","@id":"https:\/\/www.justiceinfo.net\/fr\/4761-27102003-tpirndindabahizi-la-defense-entame-la-presentation-de-sa-preuve1551.html#article","isPartOf":{"@id":"https:\/\/www.justiceinfo.net\/fr\/4761-27102003-tpirndindabahizi-la-defense-entame-la-presentation-de-sa-preuve1551.html"},"author":{"name":"solivri","@id":"https:\/\/www.justiceinfo.net\/fr#\/schema\/person\/6e53cba1629e2e66f3fc1821d3091865"},"headline":"27.10.2003 - TPIR\/NDINDABAHIZI - LA DEFENSE ENTAME LA PRESENTATION DE SA PREUVE","datePublished":"2003-10-26T23:00:00+00:00","mainEntityOfPage":{"@id":"https:\/\/www.justiceinfo.net\/fr\/4761-27102003-tpirndindabahizi-la-defense-entame-la-presentation-de-sa-preuve1551.html"},"wordCount":566,"commentCount":0,"publisher":{"@id":"https:\/\/www.justiceinfo.net\/fr#organization"},"articleSection":["Hirondelle News"],"inLanguage":"fr-FR","potentialAction":[{"@type":"CommentAction","name":"Comment","target":["https:\/\/www.justiceinfo.net\/fr\/4761-27102003-tpirndindabahizi-la-defense-entame-la-presentation-de-sa-preuve1551.html#respond"]}]},{"@type":"WebPage","@id":"https:\/\/www.justiceinfo.net\/fr\/4761-27102003-tpirndindabahizi-la-defense-entame-la-presentation-de-sa-preuve1551.html","url":"https:\/\/www.justiceinfo.net\/fr\/4761-27102003-tpirndindabahizi-la-defense-entame-la-presentation-de-sa-preuve1551.html","name":"27.10.2003 - TPIR\/NDINDABAHIZI - LA DEFENSE ENTAME LA PRESENTATION DE SA PREUVE - JusticeInfo.net","isPartOf":{"@id":"https:\/\/www.justiceinfo.net\/fr#website"},"datePublished":"2003-10-26T23:00:00+00:00","breadcrumb":{"@id":"https:\/\/www.justiceinfo.net\/fr\/4761-27102003-tpirndindabahizi-la-defense-entame-la-presentation-de-sa-preuve1551.html#breadcrumb"},"inLanguage":"fr-FR","potentialAction":[{"@type":"ReadAction","target":["https:\/\/www.justiceinfo.net\/fr\/4761-27102003-tpirndindabahizi-la-defense-entame-la-presentation-de-sa-preuve1551.html"]}]},{"@type":"BreadcrumbList","@id":"https:\/\/www.justiceinfo.net\/fr\/4761-27102003-tpirndindabahizi-la-defense-entame-la-presentation-de-sa-preuve1551.html#breadcrumb","itemListElement":[{"@type":"ListItem","position":1,"name":"Home","item":"https:\/\/www.justiceinfo.net\/fr"},{"@type":"ListItem","position":2,"name":"27.10.2003 - TPIR\/NDINDABAHIZI - LA DEFENSE ENTAME LA PRESENTATION DE SA PREUVE"}]},{"@type":"WebSite","@id":"https:\/\/www.justiceinfo.net\/fr#website","url":"https:\/\/www.justiceinfo.net\/fr","name":"JusticeInfo.net","description":"La justice doit \u00eatre vue pour \u00eatre rendue","publisher":{"@id":"https:\/\/www.justiceinfo.net\/fr#organization"},"potentialAction":[{"@type":"SearchAction","target":{"@type":"EntryPoint","urlTemplate":"https:\/\/www.justiceinfo.net\/fr?s={search_term_string}"},"query-input":{"@type":"PropertyValueSpecification","valueRequired":true,"valueName":"search_term_string"}}],"inLanguage":"fr-FR"},{"@type":"Organization","@id":"https:\/\/www.justiceinfo.net\/fr#organization","name":"Justice Info","url":"https:\/\/www.justiceinfo.net\/fr","logo":{"@type":"ImageObject","inLanguage":"fr-FR","@id":"https:\/\/www.justiceinfo.net\/fr#\/schema\/logo\/image\/","url":"https:\/\/www.justiceinfo.net\/wp-content\/uploads\/justiceinfo_logo-trans_1200x1200px.png","contentUrl":"https:\/\/www.justiceinfo.net\/wp-content\/uploads\/justiceinfo_logo-trans_1200x1200px.png","width":1199,"height":1200,"caption":"Justice Info"},"image":{"@id":"https:\/\/www.justiceinfo.net\/fr#\/schema\/logo\/image\/"},"sameAs":["https:\/\/www.facebook.com\/JusticeInfo\/","https:\/\/x.com\/justiceinfonet","https:\/\/www.linkedin.com\/company\/justice-info","https:\/\/www.youtube.com\/channel\/UCyCEsARodyuWtkWyhn-e7pA"]},{"@type":"Person","name":"solivri","url":"\/fr\/?s=solivri"}]}},"_links":{"self":[{"href":"https:\/\/www.justiceinfo.net\/fr\/wp-json\/wp\/v2\/posts\/4761","targetHints":{"allow":["GET"]}}],"collection":[{"href":"https:\/\/www.justiceinfo.net\/fr\/wp-json\/wp\/v2\/posts"}],"about":[{"href":"https:\/\/www.justiceinfo.net\/fr\/wp-json\/wp\/v2\/types\/post"}],"author":[{"embeddable":true,"href":"https:\/\/www.justiceinfo.net\/fr\/wp-json\/wp\/v2\/users\/64"}],"replies":[{"embeddable":true,"href":"https:\/\/www.justiceinfo.net\/fr\/wp-json\/wp\/v2\/comments?post=4761"}],"version-history":[{"count":0,"href":"https:\/\/www.justiceinfo.net\/fr\/wp-json\/wp\/v2\/posts\/4761\/revisions"}],"wp:attachment":[{"href":"https:\/\/www.justiceinfo.net\/fr\/wp-json\/wp\/v2\/media?parent=4761"}],"wp:term":[{"taxonomy":"category","embeddable":true,"href":"https:\/\/www.justiceinfo.net\/fr\/wp-json\/wp\/v2\/categories?post=4761"},{"taxonomy":"post_tag","embeddable":true,"href":"https:\/\/www.justiceinfo.net\/fr\/wp-json\/wp\/v2\/tags?post=4761"},{"taxonomy":"ji_location","embeddable":true,"href":"https:\/\/www.justiceinfo.net\/fr\/wp-json\/wp\/v2\/ji_location?post=4761"}],"curies":[{"name":"wp","href":"https:\/\/api.w.org\/{rel}","templated":true}]}}