{"id":4767,"date":"2003-10-21T00:00:00","date_gmt":"2003-10-20T22:00:00","guid":{"rendered":"https:\/\/www.justiceinfo.net\/4767-21102003-tpirgacumbitsi-le-proces-gacumbitsi-ajourne-a-novembre1557.html"},"modified":"2003-10-21T00:00:00","modified_gmt":"2003-10-20T22:00:00","slug":"21102003-tpirgacumbitsi-le-proces-gacumbitsi-ajourne-a-novembre1557","status":"publish","type":"post","link":"https:\/\/www.justiceinfo.net\/fr\/4767-21102003-tpirgacumbitsi-le-proces-gacumbitsi-ajourne-a-novembre1557.html","title":{"rendered":"21.10.2003 - TPIR\/GACUMBITSI - LE PROCES GACUMBITSI AJOURNE A NOVEMBRE"},"content":{"rendered":"<p  >\nArusha, le 21 octobre (FH) \u2013 Le proc\u00e8s de l\u2019ex- maire de Rusumo (province de Kibungo, est du Rwanda), Sylvestre Gacumbitsi, poursuivi notamment pour g\u00e9nocide devant le Tribunal p\u00e9nal international pour le Rwanda (TPIR), reprendra en novembre prochain, a-t- on appris mardi aupr\u00e8s des parties.\n<\/p>\n<p  >\nUne r\u00e9union sera convoqu\u00e9e en temps utile par le pr\u00e9sident de la chambre pour que les parties puissent s\u2019entendre sur la date exacte de la reprise du proc\u00e8s, ont indiqu\u00e9 les m\u00eames sources.\n<\/p>\n<p><!--more--><\/p>\n<p  >\nCe report a \u00e9t\u00e9 d\u00e9cid\u00e9 au terme d\u2019une journ\u00e9e marathon au cours de laquelle ont \u00e9t\u00e9 entendus quatre t\u00e9moins de la d\u00e9fense.\n<\/p>\n<p  >\nLeur comparution porte \u00e0 dix-huit le nombre de t\u00e9moins qui ont d\u00e9j\u00e0 d\u00e9pos\u00e9 en faveur de l\u2019ex-maire.\n<\/p>\n<p  >\nSylvestre Gacumbitsi r\u00e9pond de cinq chefs d\u2019accusation de g\u00e9nocide et crimes contre l\u2019humanit\u00e9 portant sur des massacres et des viols commis en 1994 en diff\u00e9rents endroits de sa commune.\n<\/p>\n<p  >\nSelon le procureur, l\u2019ex-responsable administratif aurait dirig\u00e9 \u00e0 la mi-avril 1994 une attaque qui a fait plusieurs milliers de morts parmi les Tutsis qui avaient cherch\u00e9 refuge dans l\u2019enceinte de la paroisse catholique de Nyarubuye.\n<\/p>\n<p  >\nDes quatre t\u00e9moins entendus mardi, un seul a d\u00e9pos\u00e9 en audience publique. D\u00e9nomm\u00e9 NG2 pour pr\u00e9server son anonymat, il a laiss\u00e9 entendre que l\u2019accus\u00e9 n \u2019a pas pris part \u00e0 ce massacre.\n<\/p>\n<p  >\n\u00ab Je n\u2019ai pas vu Gacumbitsi sur les lieux \u00bb, a-t-il affirm\u00e9 soulignant qu\u2019 il y avait \u00e9t\u00e9 emmen\u00e9 de force par des gendarmes venus de la commune Rukira (voisine de Rusumo).\n<\/p>\n<p  >\nSelon NG2, l\u2019attaque de l\u2019Eglise de Nyarubuye a \u00e9t\u00e9 dirig\u00e9e par un officier de la gendarmerie nationale que la foule d\u2019assaillants nommait simplement \u00ab le lieutenant \u00bb.\n<\/p>\n<p  >\nL\u2019 assaut aurait \u00e9t\u00e9 lanc\u00e9 dans l\u2019apr\u00e8s-midi du 15 avril 1994, a rapport\u00e9 le t\u00e9moin.\n<\/p>\n<p  >\nAvant l\u2019audition de ces t\u00e9moins, la d\u00e9fense et l\u2019accusation ont pass\u00e9 une bonne demi-heure \u00e0 discuter de l\u2019article 15 bis du r\u00e8glement de proc\u00e9dure et de preuve.\n<\/p>\n<p  >\nCet article dispose qu\u2019en cas d\u2019absence d\u2019un juge, les deux autres membres du si\u00e8ge peuvent continuer \u00e0 entendre l\u2019affaire mais \u00ab durant une p\u00e9riode n\u2019 exc\u00e9dant pas cinq jours de travail \u00bb.\n<\/p>\n<p  >\nEn vertu de cette disposition, la S\u00e9n\u00e9galaise Andr\u00e9sia Vaz qui pr\u00e9side les d\u00e9bats et le Russe Serguei Aleckseievich Egorov avaient d\u00e9j\u00e0 si\u00e9g\u00e9 seuls pendant trois jours la semaine derni\u00e8re.\n<\/p>\n<p  >\nLe juge fidjien Jai Ram Reddy est absent \u00ab pour des raisons familiales \u00bb.\n<\/p>\n<p  >\nLundi, les parties semblaient \u00eatre tomb\u00e9es d\u2019accord pour reporter les d\u00e9bats \u00e0 mardi afin de pouvoir disposer des journ\u00e9es enti\u00e8res du mardi et du mercredi pour entendre les quatre t\u00e9moins.\n<\/p>\n<p  >\nMais \u00e0 l\u2019ouverture de l\u2019audience mardi matin, le conseil principal de la d\u00e9fense, Me Kouengoua, a soutenu que le d\u00e9lai de cinq jours pr\u00e9vu par l\u2019article 15 bis arrivait \u00e0 \u00e9ch\u00e9ance le jour- m\u00eame.\n<\/p>\n<p  >\nSelon lui, la journ\u00e9e du lundi a \u00e9t\u00e9 un jour de travail car \u00ab la chambre a si\u00e9g\u00e9 en pr\u00e9sence de l\u2019accus\u00e9 et de toutes les parties \u00bb.\n<\/p>\n<p  >\n\u00ab Calculs erron\u00e9s \u00bb, a ripost\u00e9 le substitut du procureur, l\u2019Ougandais Richard Karegyesa soutenant que \u00ab hier (lundi), il ne s\u2019agissait pas d\u2019une audience en tant que telle \u00bb.\n<\/p>\n<p  >\n\u00ab Nous ne pouvons dire laquelle des parties a raison \u00bb, a annonc\u00e9 le pr\u00e9sident Vaz apr\u00e8s s\u2019\u00eatre concert\u00e9 avec son coll\u00e8gue.\n<\/p>\n<p  >\nER\/CE\/GF\/FH (GA1021\u2019A)<\/p>\n","protected":false},"excerpt":{"rendered":"<p>Arusha, le 21 octobre (FH) \u2013 Le proc\u00e8s de l\u2019ex- maire de Rusumo (province de Kibungo, est du Rwanda), Sylvestre Gacumbitsi, poursuivi notamment pour g\u00e9nocide devant le Tribunal p\u00e9nal international pour le Rwanda (TPIR), reprendra en novembre prochain, a-t- on appris mardi aupr\u00e8s des parties. Une r\u00e9union sera convoqu\u00e9e en temps utile par le pr\u00e9sident [&hellip;]<\/p>\n","protected":false},"author":64,"featured_media":0,"comment_status":"open","ping_status":"closed","sticky":false,"template":"","format":"standard","meta":{"_acf_changed":false,"footnotes":""},"categories":[554],"tags":[],"ji_location":[],"class_list":["post-4767","post","type-post","status-publish","format-standard","hentry","category-hirondellenews"],"acf":[],"yoast_head":"<!-- This site is optimized with the Yoast SEO Premium plugin v25.3.1 (Yoast SEO v25.3.1) - https:\/\/yoast.com\/wordpress\/plugins\/seo\/ -->\n<title>21.10.2003 - TPIR\/GACUMBITSI - LE PROCES GACUMBITSI AJOURNE A NOVEMBRE - JusticeInfo.net<\/title>\n<meta name=\"robots\" content=\"index, follow, max-snippet:-1, max-image-preview:large, max-video-preview:-1\" \/>\n<link rel=\"canonical\" href=\"https:\/\/www.justiceinfo.net\/fr\/4767-21102003-tpirgacumbitsi-le-proces-gacumbitsi-ajourne-a-novembre1557.html\" \/>\n<meta property=\"og:locale\" content=\"fr_FR\" \/>\n<meta property=\"og:type\" content=\"article\" \/>\n<meta property=\"og:title\" content=\"21.10.2003 - TPIR\/GACUMBITSI - LE PROCES GACUMBITSI AJOURNE A NOVEMBRE\" \/>\n<meta property=\"og:description\" content=\"Arusha, le 21 octobre (FH) \u2013 Le proc\u00e8s de l\u2019ex- maire de Rusumo (province de Kibungo, est du Rwanda), Sylvestre Gacumbitsi, poursuivi notamment pour g\u00e9nocide devant le Tribunal p\u00e9nal international pour le Rwanda (TPIR), reprendra en novembre prochain, a-t- on appris mardi aupr\u00e8s des parties. Une r\u00e9union sera convoqu\u00e9e en temps utile par le pr\u00e9sident [&hellip;]\" \/>\n<meta property=\"og:url\" content=\"https:\/\/www.justiceinfo.net\/fr\/4767-21102003-tpirgacumbitsi-le-proces-gacumbitsi-ajourne-a-novembre1557.html\" \/>\n<meta property=\"og:site_name\" content=\"JusticeInfo.net\" \/>\n<meta property=\"article:publisher\" content=\"https:\/\/www.facebook.com\/JusticeInfo\/\" \/>\n<meta property=\"article:published_time\" content=\"2003-10-20T22:00:00+00:00\" \/>\n<meta property=\"og:image\" content=\"https:\/\/www.justiceinfo.net\/wp-content\/uploads\/JusticeInfoNet_logo_1200x630px.jpg\" \/>\n\t<meta property=\"og:image:width\" content=\"1200\" \/>\n\t<meta property=\"og:image:height\" content=\"630\" \/>\n\t<meta property=\"og:image:type\" content=\"image\/jpeg\" \/>\n<meta name=\"author\" content=\"solivri\" \/>\n<meta name=\"twitter:card\" content=\"summary_large_image\" \/>\n<meta name=\"twitter:creator\" content=\"@justiceinfonet\" \/>\n<meta name=\"twitter:site\" content=\"@justiceinfonet\" \/>\n<meta name=\"twitter:label1\" content=\"\u00c9crit par\" \/>\n\t<meta name=\"twitter:data1\" content=\"solivri\" \/>\n\t<meta name=\"twitter:label2\" content=\"Dur\u00e9e de lecture estim\u00e9e\" \/>\n\t<meta name=\"twitter:data2\" content=\"3 minutes\" \/>\n<script type=\"application\/ld+json\" class=\"yoast-schema-graph\">{\"@context\":\"https:\/\/schema.org\",\"@graph\":[{\"@type\":\"NewsArticle\",\"@id\":\"https:\/\/www.justiceinfo.net\/fr\/4767-21102003-tpirgacumbitsi-le-proces-gacumbitsi-ajourne-a-novembre1557.html#article\",\"isPartOf\":{\"@id\":\"https:\/\/www.justiceinfo.net\/fr\/4767-21102003-tpirgacumbitsi-le-proces-gacumbitsi-ajourne-a-novembre1557.html\"},\"author\":{\"name\":\"solivri\",\"@id\":\"https:\/\/www.justiceinfo.net\/fr#\/schema\/person\/6e53cba1629e2e66f3fc1821d3091865\"},\"headline\":\"21.10.2003 - TPIR\/GACUMBITSI - LE PROCES GACUMBITSI AJOURNE A NOVEMBRE\",\"datePublished\":\"2003-10-20T22:00:00+00:00\",\"mainEntityOfPage\":{\"@id\":\"https:\/\/www.justiceinfo.net\/fr\/4767-21102003-tpirgacumbitsi-le-proces-gacumbitsi-ajourne-a-novembre1557.html\"},\"wordCount\":604,\"commentCount\":0,\"publisher\":{\"@id\":\"https:\/\/www.justiceinfo.net\/fr#organization\"},\"articleSection\":[\"Hirondelle News\"],\"inLanguage\":\"fr-FR\",\"potentialAction\":[{\"@type\":\"CommentAction\",\"name\":\"Comment\",\"target\":[\"https:\/\/www.justiceinfo.net\/fr\/4767-21102003-tpirgacumbitsi-le-proces-gacumbitsi-ajourne-a-novembre1557.html#respond\"]}]},{\"@type\":\"WebPage\",\"@id\":\"https:\/\/www.justiceinfo.net\/fr\/4767-21102003-tpirgacumbitsi-le-proces-gacumbitsi-ajourne-a-novembre1557.html\",\"url\":\"https:\/\/www.justiceinfo.net\/fr\/4767-21102003-tpirgacumbitsi-le-proces-gacumbitsi-ajourne-a-novembre1557.html\",\"name\":\"21.10.2003 - TPIR\/GACUMBITSI - LE PROCES GACUMBITSI AJOURNE A NOVEMBRE - JusticeInfo.net\",\"isPartOf\":{\"@id\":\"https:\/\/www.justiceinfo.net\/fr#website\"},\"datePublished\":\"2003-10-20T22:00:00+00:00\",\"breadcrumb\":{\"@id\":\"https:\/\/www.justiceinfo.net\/fr\/4767-21102003-tpirgacumbitsi-le-proces-gacumbitsi-ajourne-a-novembre1557.html#breadcrumb\"},\"inLanguage\":\"fr-FR\",\"potentialAction\":[{\"@type\":\"ReadAction\",\"target\":[\"https:\/\/www.justiceinfo.net\/fr\/4767-21102003-tpirgacumbitsi-le-proces-gacumbitsi-ajourne-a-novembre1557.html\"]}]},{\"@type\":\"BreadcrumbList\",\"@id\":\"https:\/\/www.justiceinfo.net\/fr\/4767-21102003-tpirgacumbitsi-le-proces-gacumbitsi-ajourne-a-novembre1557.html#breadcrumb\",\"itemListElement\":[{\"@type\":\"ListItem\",\"position\":1,\"name\":\"Home\",\"item\":\"https:\/\/www.justiceinfo.net\/fr\"},{\"@type\":\"ListItem\",\"position\":2,\"name\":\"21.10.2003 - TPIR\/GACUMBITSI - LE PROCES GACUMBITSI AJOURNE A NOVEMBRE\"}]},{\"@type\":\"WebSite\",\"@id\":\"https:\/\/www.justiceinfo.net\/fr#website\",\"url\":\"https:\/\/www.justiceinfo.net\/fr\",\"name\":\"JusticeInfo.net\",\"description\":\"La justice doit \u00eatre vue pour \u00eatre rendue\",\"publisher\":{\"@id\":\"https:\/\/www.justiceinfo.net\/fr#organization\"},\"potentialAction\":[{\"@type\":\"SearchAction\",\"target\":{\"@type\":\"EntryPoint\",\"urlTemplate\":\"https:\/\/www.justiceinfo.net\/fr?s={search_term_string}\"},\"query-input\":{\"@type\":\"PropertyValueSpecification\",\"valueRequired\":true,\"valueName\":\"search_term_string\"}}],\"inLanguage\":\"fr-FR\"},{\"@type\":\"Organization\",\"@id\":\"https:\/\/www.justiceinfo.net\/fr#organization\",\"name\":\"Justice Info\",\"url\":\"https:\/\/www.justiceinfo.net\/fr\",\"logo\":{\"@type\":\"ImageObject\",\"inLanguage\":\"fr-FR\",\"@id\":\"https:\/\/www.justiceinfo.net\/fr#\/schema\/logo\/image\/\",\"url\":\"https:\/\/www.justiceinfo.net\/wp-content\/uploads\/justiceinfo_logo-trans_1200x1200px.png\",\"contentUrl\":\"https:\/\/www.justiceinfo.net\/wp-content\/uploads\/justiceinfo_logo-trans_1200x1200px.png\",\"width\":1199,\"height\":1200,\"caption\":\"Justice Info\"},\"image\":{\"@id\":\"https:\/\/www.justiceinfo.net\/fr#\/schema\/logo\/image\/\"},\"sameAs\":[\"https:\/\/www.facebook.com\/JusticeInfo\/\",\"https:\/\/x.com\/justiceinfonet\",\"https:\/\/www.linkedin.com\/company\/justice-info\",\"https:\/\/www.youtube.com\/channel\/UCyCEsARodyuWtkWyhn-e7pA\"]},{\"@type\":\"Person\",\"name\":\"solivri\",\"url\":\"\/fr\/?s=solivri\"}]}<\/script>\n<!-- \/ Yoast SEO Premium plugin. -->","yoast_head_json":{"title":"21.10.2003 - TPIR\/GACUMBITSI - LE PROCES GACUMBITSI AJOURNE A NOVEMBRE - JusticeInfo.net","robots":{"index":"index","follow":"follow","max-snippet":"max-snippet:-1","max-image-preview":"max-image-preview:large","max-video-preview":"max-video-preview:-1"},"canonical":"https:\/\/www.justiceinfo.net\/fr\/4767-21102003-tpirgacumbitsi-le-proces-gacumbitsi-ajourne-a-novembre1557.html","og_locale":"fr_FR","og_type":"article","og_title":"21.10.2003 - TPIR\/GACUMBITSI - LE PROCES GACUMBITSI AJOURNE A NOVEMBRE","og_description":"Arusha, le 21 octobre (FH) \u2013 Le proc\u00e8s de l\u2019ex- maire de Rusumo (province de Kibungo, est du Rwanda), Sylvestre Gacumbitsi, poursuivi notamment pour g\u00e9nocide devant le Tribunal p\u00e9nal international pour le Rwanda (TPIR), reprendra en novembre prochain, a-t- on appris mardi aupr\u00e8s des parties. Une r\u00e9union sera convoqu\u00e9e en temps utile par le pr\u00e9sident [&hellip;]","og_url":"https:\/\/www.justiceinfo.net\/fr\/4767-21102003-tpirgacumbitsi-le-proces-gacumbitsi-ajourne-a-novembre1557.html","og_site_name":"JusticeInfo.net","article_publisher":"https:\/\/www.facebook.com\/JusticeInfo\/","article_published_time":"2003-10-20T22:00:00+00:00","og_image":[{"width":1200,"height":630,"url":"https:\/\/www.justiceinfo.net\/wp-content\/uploads\/JusticeInfoNet_logo_1200x630px.jpg","type":"image\/jpeg"}],"author":"solivri","twitter_card":"summary_large_image","twitter_creator":"@justiceinfonet","twitter_site":"@justiceinfonet","twitter_misc":{"\u00c9crit par":"solivri","Dur\u00e9e de lecture estim\u00e9e":"3 minutes"},"schema":{"@context":"https:\/\/schema.org","@graph":[{"@type":"NewsArticle","@id":"https:\/\/www.justiceinfo.net\/fr\/4767-21102003-tpirgacumbitsi-le-proces-gacumbitsi-ajourne-a-novembre1557.html#article","isPartOf":{"@id":"https:\/\/www.justiceinfo.net\/fr\/4767-21102003-tpirgacumbitsi-le-proces-gacumbitsi-ajourne-a-novembre1557.html"},"author":{"name":"solivri","@id":"https:\/\/www.justiceinfo.net\/fr#\/schema\/person\/6e53cba1629e2e66f3fc1821d3091865"},"headline":"21.10.2003 - TPIR\/GACUMBITSI - LE PROCES GACUMBITSI AJOURNE A NOVEMBRE","datePublished":"2003-10-20T22:00:00+00:00","mainEntityOfPage":{"@id":"https:\/\/www.justiceinfo.net\/fr\/4767-21102003-tpirgacumbitsi-le-proces-gacumbitsi-ajourne-a-novembre1557.html"},"wordCount":604,"commentCount":0,"publisher":{"@id":"https:\/\/www.justiceinfo.net\/fr#organization"},"articleSection":["Hirondelle News"],"inLanguage":"fr-FR","potentialAction":[{"@type":"CommentAction","name":"Comment","target":["https:\/\/www.justiceinfo.net\/fr\/4767-21102003-tpirgacumbitsi-le-proces-gacumbitsi-ajourne-a-novembre1557.html#respond"]}]},{"@type":"WebPage","@id":"https:\/\/www.justiceinfo.net\/fr\/4767-21102003-tpirgacumbitsi-le-proces-gacumbitsi-ajourne-a-novembre1557.html","url":"https:\/\/www.justiceinfo.net\/fr\/4767-21102003-tpirgacumbitsi-le-proces-gacumbitsi-ajourne-a-novembre1557.html","name":"21.10.2003 - TPIR\/GACUMBITSI - LE PROCES GACUMBITSI AJOURNE A NOVEMBRE - JusticeInfo.net","isPartOf":{"@id":"https:\/\/www.justiceinfo.net\/fr#website"},"datePublished":"2003-10-20T22:00:00+00:00","breadcrumb":{"@id":"https:\/\/www.justiceinfo.net\/fr\/4767-21102003-tpirgacumbitsi-le-proces-gacumbitsi-ajourne-a-novembre1557.html#breadcrumb"},"inLanguage":"fr-FR","potentialAction":[{"@type":"ReadAction","target":["https:\/\/www.justiceinfo.net\/fr\/4767-21102003-tpirgacumbitsi-le-proces-gacumbitsi-ajourne-a-novembre1557.html"]}]},{"@type":"BreadcrumbList","@id":"https:\/\/www.justiceinfo.net\/fr\/4767-21102003-tpirgacumbitsi-le-proces-gacumbitsi-ajourne-a-novembre1557.html#breadcrumb","itemListElement":[{"@type":"ListItem","position":1,"name":"Home","item":"https:\/\/www.justiceinfo.net\/fr"},{"@type":"ListItem","position":2,"name":"21.10.2003 - TPIR\/GACUMBITSI - LE PROCES GACUMBITSI AJOURNE A NOVEMBRE"}]},{"@type":"WebSite","@id":"https:\/\/www.justiceinfo.net\/fr#website","url":"https:\/\/www.justiceinfo.net\/fr","name":"JusticeInfo.net","description":"La justice doit \u00eatre vue pour \u00eatre rendue","publisher":{"@id":"https:\/\/www.justiceinfo.net\/fr#organization"},"potentialAction":[{"@type":"SearchAction","target":{"@type":"EntryPoint","urlTemplate":"https:\/\/www.justiceinfo.net\/fr?s={search_term_string}"},"query-input":{"@type":"PropertyValueSpecification","valueRequired":true,"valueName":"search_term_string"}}],"inLanguage":"fr-FR"},{"@type":"Organization","@id":"https:\/\/www.justiceinfo.net\/fr#organization","name":"Justice Info","url":"https:\/\/www.justiceinfo.net\/fr","logo":{"@type":"ImageObject","inLanguage":"fr-FR","@id":"https:\/\/www.justiceinfo.net\/fr#\/schema\/logo\/image\/","url":"https:\/\/www.justiceinfo.net\/wp-content\/uploads\/justiceinfo_logo-trans_1200x1200px.png","contentUrl":"https:\/\/www.justiceinfo.net\/wp-content\/uploads\/justiceinfo_logo-trans_1200x1200px.png","width":1199,"height":1200,"caption":"Justice Info"},"image":{"@id":"https:\/\/www.justiceinfo.net\/fr#\/schema\/logo\/image\/"},"sameAs":["https:\/\/www.facebook.com\/JusticeInfo\/","https:\/\/x.com\/justiceinfonet","https:\/\/www.linkedin.com\/company\/justice-info","https:\/\/www.youtube.com\/channel\/UCyCEsARodyuWtkWyhn-e7pA"]},{"@type":"Person","name":"solivri","url":"\/fr\/?s=solivri"}]}},"_links":{"self":[{"href":"https:\/\/www.justiceinfo.net\/fr\/wp-json\/wp\/v2\/posts\/4767","targetHints":{"allow":["GET"]}}],"collection":[{"href":"https:\/\/www.justiceinfo.net\/fr\/wp-json\/wp\/v2\/posts"}],"about":[{"href":"https:\/\/www.justiceinfo.net\/fr\/wp-json\/wp\/v2\/types\/post"}],"author":[{"embeddable":true,"href":"https:\/\/www.justiceinfo.net\/fr\/wp-json\/wp\/v2\/users\/64"}],"replies":[{"embeddable":true,"href":"https:\/\/www.justiceinfo.net\/fr\/wp-json\/wp\/v2\/comments?post=4767"}],"version-history":[{"count":0,"href":"https:\/\/www.justiceinfo.net\/fr\/wp-json\/wp\/v2\/posts\/4767\/revisions"}],"wp:attachment":[{"href":"https:\/\/www.justiceinfo.net\/fr\/wp-json\/wp\/v2\/media?parent=4767"}],"wp:term":[{"taxonomy":"category","embeddable":true,"href":"https:\/\/www.justiceinfo.net\/fr\/wp-json\/wp\/v2\/categories?post=4767"},{"taxonomy":"post_tag","embeddable":true,"href":"https:\/\/www.justiceinfo.net\/fr\/wp-json\/wp\/v2\/tags?post=4767"},{"taxonomy":"ji_location","embeddable":true,"href":"https:\/\/www.justiceinfo.net\/fr\/wp-json\/wp\/v2\/ji_location?post=4767"}],"curies":[{"name":"wp","href":"https:\/\/api.w.org\/{rel}","templated":true}]}}