{"id":4803,"date":"2003-09-30T00:00:00","date_gmt":"2003-09-29T22:00:00","guid":{"rendered":"https:\/\/www.justiceinfo.net\/4803-30092003-tpirbutare-le-proces-se-poursuivra-ou-il-setait-arrete-selon-la-chambre-dappel1593.html"},"modified":"2003-09-30T00:00:00","modified_gmt":"2003-09-29T22:00:00","slug":"30092003-tpirbutare-le-proces-se-poursuivra-ou-il-setait-arrete-selon-la-chambre-dappel1593","status":"publish","type":"post","link":"https:\/\/www.justiceinfo.net\/fr\/4803-30092003-tpirbutare-le-proces-se-poursuivra-ou-il-setait-arrete-selon-la-chambre-dappel1593.html","title":{"rendered":"30.09.2003 - TPIR\/BUTARE - LE PROCES SE POURSUIVRA OU IL S'ETAIT ARRETE, SELON LA CHAMBRE D'APPEL"},"content":{"rendered":"<p  >\nArusha, le 30 septembre 2003 (FH) - Le proc\u00e8s de six personnes poursuivies pour g\u00e9nocide dans la province de Butare (sud du Rwanda) se poursuivra au point o\u00f9 il s'\u00e9tait arr\u00eat\u00e9 en mars dernier, selon un arr\u00eat de la chambre D'appel du Tribunal p\u00e9nal international pour le Rwanda (TPIR).\n<\/p>\n<p  >\nLe 26 septembre dernier, la chambre D'appel, dans sa majorit\u00e9, a rejet\u00e9 une requ\u00eate de cinq \u00e9quipes de la d\u00e9fense qui sollicitait le recommencement du proc\u00e8s, suite \u00e0 la non r\u00e9\u00e9lection du juge lesothan Winston Churchill Mantanzima Maqutu.\n<\/p>\n<p><!--more--><\/p>\n<p  >\nLes avocats avaient en effet contest\u00e9 la d\u00e9cision de poursuivre le proc\u00e8s, rendue le 15 juiilet 2003 par les deux juges restants de la deuxi\u00e8me chambre de premi\u00e8re instance, Le Tanzanien William Hussein Sekule et la Malgache Arlette Ramaroson avaient motiv\u00e9 leur d\u00e9cision par \"l'int\u00e9r\u00eat de la justice\".\n<\/p>\n<p  >\nUn article introduit dans le R\u00e8glement du TPIR au mois de mai dernier permet la continuation D'un proc\u00e8s en cas de non r\u00e9\u00e9lection D'un des juges de la chambre. Les dispositions anciennes pr\u00e9voyaient que le juge sortant conclut D'abord les affaires qu'il a commenc\u00e9es.\n<\/p>\n<p  >\nDans leur requ\u00eate, les avocats avaient notamment estim\u00e9 que les juges Sekule et Ramaroson ont ignor\u00e9 que la continuation du proc\u00e8s doit \u00eatre subordonn\u00e9e au consentement des accus\u00e9s. Sur les six accus\u00e9s, seul l'ancien pr\u00e9fet Sylvain Nsabimana a marqu\u00e9 son accord.\n<\/p>\n<p  >\nLa chambre D'appel a conclu que les juges Sekule et Ramaroson ont l'autorit\u00e9 de d\u00e9cider de la continuation du proc\u00e8s. Selon elle, ils n'ont pas non plus commis D'erreur en affirmant que cela servait l'int\u00e9r\u00eat de la justice. La majorit\u00e9 des juges de la chambre D'appel ajoute que la continuation du proc\u00e8s ne porte pas pr\u00e9judice aux accus\u00e9s.<br \/>\nLe juge australien David Hunt a exprim\u00e9 une opinion dissidente.\n<\/p>\n<p  >\nLe juge Hunt rel\u00e8ve notamment que la d\u00e9cision contest\u00e9e rendue par les juges de premi\u00e8re instance a donn\u00e9 plus de poids \u00e0 des facteurs autres que le droit \u00e0 un proc\u00e8s \u00e9quitable, rappelant que c'est un droit fondamental.\n<\/p>\n<p  >\nLes juges Sekule et Ramaroson ont entre autres consid\u00e9r\u00e9 le crit\u00e8re rapidit\u00e9 des proc\u00e9dures, l'int\u00e9r\u00eat des t\u00e9moins et des victimes et la r\u00e9duction des co\u00fbts financiers.\n<\/p>\n<p  >\nLe juge Hunt estime qu'en tout \u00e9tat de cause l'int\u00e9r\u00eat de la justice ne saurait \u00eatre servi si l'accus\u00e9 est priv\u00e9 du droit \u00e0 un proc\u00e8s \u00e9quitable.\n<\/p>\n<p  >\nLe juge Hunt rel\u00e8ve en outre qu'il est indispensable que tous les juges D'une chambre de premi\u00e8re instance aient l'opportunit\u00e9 D'entendre tous les t\u00e9moins.\n<\/p>\n<p  >\nVingt-trois t\u00e9moins \u00e0 charge ont \u00e9t\u00e9 entendus dans ce proc\u00e8s depuis son ouverture le 12 juin 2001. Le procureur pr\u00e9voit citer quatre vingt trois t\u00e9moins.\n<\/p>\n<p  >\nSelon le juge Hunt, le magistrat rempla\u00e7ant ne pourra pas s'impr\u00e9gner totalement des t\u00e9moignages faits en son absence en se basant sur D'hypoth\u00e9tiques enregistrements.\n<\/p>\n<p  >\nSylvain Nsabimana est coaccus\u00e9 avec l'ancienne ministre de la famille et de la promotion f\u00e9minine, Pauline Nyiramasuhuko, Ars\u00e8ne Shalom Ntahobali, le fils de Pauline, l'ancien pr\u00e9fet Alphonse Nteziryayo et deux anciens maires:Joseph Kanyabashi et Elie Ndayambaje.\n<\/p>\n<p  >\nLa date de la continuation du proc\u00e8s n'a pas encore \u00e9t\u00e9 annonc\u00e9e.\n<\/p>\n<p  >\nAT\/GF\/FH (BT'0930A)<\/p>\n","protected":false},"excerpt":{"rendered":"<p>Arusha, le 30 septembre 2003 (FH) - Le proc\u00e8s de six personnes poursuivies pour g\u00e9nocide dans la province de Butare (sud du Rwanda) se poursuivra au point o\u00f9 il s'\u00e9tait arr\u00eat\u00e9 en mars dernier, selon un arr\u00eat de la chambre D'appel du Tribunal p\u00e9nal international pour le Rwanda (TPIR). Le 26 septembre dernier, la chambre [&hellip;]<\/p>\n","protected":false},"author":64,"featured_media":0,"comment_status":"open","ping_status":"closed","sticky":false,"template":"","format":"standard","meta":{"_acf_changed":false,"footnotes":""},"categories":[554],"tags":[],"ji_location":[],"class_list":["post-4803","post","type-post","status-publish","format-standard","hentry","category-hirondellenews"],"acf":[],"yoast_head":"<!-- This site is optimized with the Yoast SEO Premium plugin v25.3.1 (Yoast SEO v25.3.1) - https:\/\/yoast.com\/wordpress\/plugins\/seo\/ -->\n<title>30.09.2003 - TPIR\/BUTARE - LE PROCES SE POURSUIVRA OU IL S&#039;ETAIT ARRETE, SELON LA CHAMBRE D&#039;APPEL - JusticeInfo.net<\/title>\n<meta name=\"robots\" content=\"index, follow, max-snippet:-1, max-image-preview:large, max-video-preview:-1\" \/>\n<link rel=\"canonical\" href=\"https:\/\/www.justiceinfo.net\/fr\/4803-30092003-tpirbutare-le-proces-se-poursuivra-ou-il-setait-arrete-selon-la-chambre-dappel1593.html\" \/>\n<meta property=\"og:locale\" content=\"fr_FR\" \/>\n<meta property=\"og:type\" content=\"article\" \/>\n<meta property=\"og:title\" content=\"30.09.2003 - TPIR\/BUTARE - LE PROCES SE POURSUIVRA OU IL S&#039;ETAIT ARRETE, SELON LA CHAMBRE D&#039;APPEL\" \/>\n<meta property=\"og:description\" content=\"Arusha, le 30 septembre 2003 (FH) - Le proc\u00e8s de six personnes poursuivies pour g\u00e9nocide dans la province de Butare (sud du Rwanda) se poursuivra au point o\u00f9 il s&#039;\u00e9tait arr\u00eat\u00e9 en mars dernier, selon un arr\u00eat de la chambre D&#039;appel du Tribunal p\u00e9nal international pour le Rwanda (TPIR). Le 26 septembre dernier, la chambre [&hellip;]\" \/>\n<meta property=\"og:url\" content=\"https:\/\/www.justiceinfo.net\/fr\/4803-30092003-tpirbutare-le-proces-se-poursuivra-ou-il-setait-arrete-selon-la-chambre-dappel1593.html\" \/>\n<meta property=\"og:site_name\" content=\"JusticeInfo.net\" \/>\n<meta property=\"article:publisher\" content=\"https:\/\/www.facebook.com\/JusticeInfo\/\" \/>\n<meta property=\"article:published_time\" content=\"2003-09-29T22:00:00+00:00\" \/>\n<meta property=\"og:image\" content=\"https:\/\/www.justiceinfo.net\/wp-content\/uploads\/JusticeInfoNet_logo_1200x630px.jpg\" \/>\n\t<meta property=\"og:image:width\" content=\"1200\" \/>\n\t<meta property=\"og:image:height\" content=\"630\" \/>\n\t<meta property=\"og:image:type\" content=\"image\/jpeg\" \/>\n<meta name=\"author\" content=\"solivri\" \/>\n<meta name=\"twitter:card\" content=\"summary_large_image\" \/>\n<meta name=\"twitter:creator\" content=\"@justiceinfonet\" \/>\n<meta name=\"twitter:site\" content=\"@justiceinfonet\" \/>\n<meta name=\"twitter:label1\" content=\"\u00c9crit par\" \/>\n\t<meta name=\"twitter:data1\" content=\"solivri\" \/>\n\t<meta name=\"twitter:label2\" content=\"Dur\u00e9e de lecture estim\u00e9e\" \/>\n\t<meta name=\"twitter:data2\" content=\"3 minutes\" \/>\n<script type=\"application\/ld+json\" class=\"yoast-schema-graph\">{\"@context\":\"https:\/\/schema.org\",\"@graph\":[{\"@type\":\"NewsArticle\",\"@id\":\"https:\/\/www.justiceinfo.net\/fr\/4803-30092003-tpirbutare-le-proces-se-poursuivra-ou-il-setait-arrete-selon-la-chambre-dappel1593.html#article\",\"isPartOf\":{\"@id\":\"https:\/\/www.justiceinfo.net\/fr\/4803-30092003-tpirbutare-le-proces-se-poursuivra-ou-il-setait-arrete-selon-la-chambre-dappel1593.html\"},\"author\":{\"name\":\"solivri\",\"@id\":\"https:\/\/www.justiceinfo.net\/fr#\/schema\/person\/6e53cba1629e2e66f3fc1821d3091865\"},\"headline\":\"30.09.2003 - TPIR\/BUTARE - LE PROCES SE POURSUIVRA OU IL S'ETAIT ARRETE, SELON LA CHAMBRE D'APPEL\",\"datePublished\":\"2003-09-29T22:00:00+00:00\",\"mainEntityOfPage\":{\"@id\":\"https:\/\/www.justiceinfo.net\/fr\/4803-30092003-tpirbutare-le-proces-se-poursuivra-ou-il-setait-arrete-selon-la-chambre-dappel1593.html\"},\"wordCount\":607,\"commentCount\":0,\"publisher\":{\"@id\":\"https:\/\/www.justiceinfo.net\/fr#organization\"},\"articleSection\":[\"Hirondelle News\"],\"inLanguage\":\"fr-FR\",\"potentialAction\":[{\"@type\":\"CommentAction\",\"name\":\"Comment\",\"target\":[\"https:\/\/www.justiceinfo.net\/fr\/4803-30092003-tpirbutare-le-proces-se-poursuivra-ou-il-setait-arrete-selon-la-chambre-dappel1593.html#respond\"]}]},{\"@type\":\"WebPage\",\"@id\":\"https:\/\/www.justiceinfo.net\/fr\/4803-30092003-tpirbutare-le-proces-se-poursuivra-ou-il-setait-arrete-selon-la-chambre-dappel1593.html\",\"url\":\"https:\/\/www.justiceinfo.net\/fr\/4803-30092003-tpirbutare-le-proces-se-poursuivra-ou-il-setait-arrete-selon-la-chambre-dappel1593.html\",\"name\":\"30.09.2003 - TPIR\/BUTARE - LE PROCES SE POURSUIVRA OU IL S'ETAIT ARRETE, SELON LA CHAMBRE D'APPEL - JusticeInfo.net\",\"isPartOf\":{\"@id\":\"https:\/\/www.justiceinfo.net\/fr#website\"},\"datePublished\":\"2003-09-29T22:00:00+00:00\",\"breadcrumb\":{\"@id\":\"https:\/\/www.justiceinfo.net\/fr\/4803-30092003-tpirbutare-le-proces-se-poursuivra-ou-il-setait-arrete-selon-la-chambre-dappel1593.html#breadcrumb\"},\"inLanguage\":\"fr-FR\",\"potentialAction\":[{\"@type\":\"ReadAction\",\"target\":[\"https:\/\/www.justiceinfo.net\/fr\/4803-30092003-tpirbutare-le-proces-se-poursuivra-ou-il-setait-arrete-selon-la-chambre-dappel1593.html\"]}]},{\"@type\":\"BreadcrumbList\",\"@id\":\"https:\/\/www.justiceinfo.net\/fr\/4803-30092003-tpirbutare-le-proces-se-poursuivra-ou-il-setait-arrete-selon-la-chambre-dappel1593.html#breadcrumb\",\"itemListElement\":[{\"@type\":\"ListItem\",\"position\":1,\"name\":\"Home\",\"item\":\"https:\/\/www.justiceinfo.net\/fr\"},{\"@type\":\"ListItem\",\"position\":2,\"name\":\"30.09.2003 - TPIR\/BUTARE - LE PROCES SE POURSUIVRA OU IL S'ETAIT ARRETE, SELON LA CHAMBRE D'APPEL\"}]},{\"@type\":\"WebSite\",\"@id\":\"https:\/\/www.justiceinfo.net\/fr#website\",\"url\":\"https:\/\/www.justiceinfo.net\/fr\",\"name\":\"JusticeInfo.net\",\"description\":\"La justice doit \u00eatre vue pour \u00eatre rendue\",\"publisher\":{\"@id\":\"https:\/\/www.justiceinfo.net\/fr#organization\"},\"potentialAction\":[{\"@type\":\"SearchAction\",\"target\":{\"@type\":\"EntryPoint\",\"urlTemplate\":\"https:\/\/www.justiceinfo.net\/fr?s={search_term_string}\"},\"query-input\":{\"@type\":\"PropertyValueSpecification\",\"valueRequired\":true,\"valueName\":\"search_term_string\"}}],\"inLanguage\":\"fr-FR\"},{\"@type\":\"Organization\",\"@id\":\"https:\/\/www.justiceinfo.net\/fr#organization\",\"name\":\"Justice Info\",\"url\":\"https:\/\/www.justiceinfo.net\/fr\",\"logo\":{\"@type\":\"ImageObject\",\"inLanguage\":\"fr-FR\",\"@id\":\"https:\/\/www.justiceinfo.net\/fr#\/schema\/logo\/image\/\",\"url\":\"https:\/\/www.justiceinfo.net\/wp-content\/uploads\/justiceinfo_logo-trans_1200x1200px.png\",\"contentUrl\":\"https:\/\/www.justiceinfo.net\/wp-content\/uploads\/justiceinfo_logo-trans_1200x1200px.png\",\"width\":1199,\"height\":1200,\"caption\":\"Justice Info\"},\"image\":{\"@id\":\"https:\/\/www.justiceinfo.net\/fr#\/schema\/logo\/image\/\"},\"sameAs\":[\"https:\/\/www.facebook.com\/JusticeInfo\/\",\"https:\/\/x.com\/justiceinfonet\",\"https:\/\/www.linkedin.com\/company\/justice-info\",\"https:\/\/www.youtube.com\/channel\/UCyCEsARodyuWtkWyhn-e7pA\"]},{\"@type\":\"Person\",\"name\":\"solivri\",\"url\":\"\/fr\/?s=solivri\"}]}<\/script>\n<!-- \/ Yoast SEO Premium plugin. -->","yoast_head_json":{"title":"30.09.2003 - TPIR\/BUTARE - LE PROCES SE POURSUIVRA OU IL S'ETAIT ARRETE, SELON LA CHAMBRE D'APPEL - JusticeInfo.net","robots":{"index":"index","follow":"follow","max-snippet":"max-snippet:-1","max-image-preview":"max-image-preview:large","max-video-preview":"max-video-preview:-1"},"canonical":"https:\/\/www.justiceinfo.net\/fr\/4803-30092003-tpirbutare-le-proces-se-poursuivra-ou-il-setait-arrete-selon-la-chambre-dappel1593.html","og_locale":"fr_FR","og_type":"article","og_title":"30.09.2003 - TPIR\/BUTARE - LE PROCES SE POURSUIVRA OU IL S'ETAIT ARRETE, SELON LA CHAMBRE D'APPEL","og_description":"Arusha, le 30 septembre 2003 (FH) - Le proc\u00e8s de six personnes poursuivies pour g\u00e9nocide dans la province de Butare (sud du Rwanda) se poursuivra au point o\u00f9 il s'\u00e9tait arr\u00eat\u00e9 en mars dernier, selon un arr\u00eat de la chambre D'appel du Tribunal p\u00e9nal international pour le Rwanda (TPIR). Le 26 septembre dernier, la chambre [&hellip;]","og_url":"https:\/\/www.justiceinfo.net\/fr\/4803-30092003-tpirbutare-le-proces-se-poursuivra-ou-il-setait-arrete-selon-la-chambre-dappel1593.html","og_site_name":"JusticeInfo.net","article_publisher":"https:\/\/www.facebook.com\/JusticeInfo\/","article_published_time":"2003-09-29T22:00:00+00:00","og_image":[{"width":1200,"height":630,"url":"https:\/\/www.justiceinfo.net\/wp-content\/uploads\/JusticeInfoNet_logo_1200x630px.jpg","type":"image\/jpeg"}],"author":"solivri","twitter_card":"summary_large_image","twitter_creator":"@justiceinfonet","twitter_site":"@justiceinfonet","twitter_misc":{"\u00c9crit par":"solivri","Dur\u00e9e de lecture estim\u00e9e":"3 minutes"},"schema":{"@context":"https:\/\/schema.org","@graph":[{"@type":"NewsArticle","@id":"https:\/\/www.justiceinfo.net\/fr\/4803-30092003-tpirbutare-le-proces-se-poursuivra-ou-il-setait-arrete-selon-la-chambre-dappel1593.html#article","isPartOf":{"@id":"https:\/\/www.justiceinfo.net\/fr\/4803-30092003-tpirbutare-le-proces-se-poursuivra-ou-il-setait-arrete-selon-la-chambre-dappel1593.html"},"author":{"name":"solivri","@id":"https:\/\/www.justiceinfo.net\/fr#\/schema\/person\/6e53cba1629e2e66f3fc1821d3091865"},"headline":"30.09.2003 - TPIR\/BUTARE - LE PROCES SE POURSUIVRA OU IL S'ETAIT ARRETE, SELON LA CHAMBRE D'APPEL","datePublished":"2003-09-29T22:00:00+00:00","mainEntityOfPage":{"@id":"https:\/\/www.justiceinfo.net\/fr\/4803-30092003-tpirbutare-le-proces-se-poursuivra-ou-il-setait-arrete-selon-la-chambre-dappel1593.html"},"wordCount":607,"commentCount":0,"publisher":{"@id":"https:\/\/www.justiceinfo.net\/fr#organization"},"articleSection":["Hirondelle News"],"inLanguage":"fr-FR","potentialAction":[{"@type":"CommentAction","name":"Comment","target":["https:\/\/www.justiceinfo.net\/fr\/4803-30092003-tpirbutare-le-proces-se-poursuivra-ou-il-setait-arrete-selon-la-chambre-dappel1593.html#respond"]}]},{"@type":"WebPage","@id":"https:\/\/www.justiceinfo.net\/fr\/4803-30092003-tpirbutare-le-proces-se-poursuivra-ou-il-setait-arrete-selon-la-chambre-dappel1593.html","url":"https:\/\/www.justiceinfo.net\/fr\/4803-30092003-tpirbutare-le-proces-se-poursuivra-ou-il-setait-arrete-selon-la-chambre-dappel1593.html","name":"30.09.2003 - TPIR\/BUTARE - LE PROCES SE POURSUIVRA OU IL S'ETAIT ARRETE, SELON LA CHAMBRE D'APPEL - JusticeInfo.net","isPartOf":{"@id":"https:\/\/www.justiceinfo.net\/fr#website"},"datePublished":"2003-09-29T22:00:00+00:00","breadcrumb":{"@id":"https:\/\/www.justiceinfo.net\/fr\/4803-30092003-tpirbutare-le-proces-se-poursuivra-ou-il-setait-arrete-selon-la-chambre-dappel1593.html#breadcrumb"},"inLanguage":"fr-FR","potentialAction":[{"@type":"ReadAction","target":["https:\/\/www.justiceinfo.net\/fr\/4803-30092003-tpirbutare-le-proces-se-poursuivra-ou-il-setait-arrete-selon-la-chambre-dappel1593.html"]}]},{"@type":"BreadcrumbList","@id":"https:\/\/www.justiceinfo.net\/fr\/4803-30092003-tpirbutare-le-proces-se-poursuivra-ou-il-setait-arrete-selon-la-chambre-dappel1593.html#breadcrumb","itemListElement":[{"@type":"ListItem","position":1,"name":"Home","item":"https:\/\/www.justiceinfo.net\/fr"},{"@type":"ListItem","position":2,"name":"30.09.2003 - TPIR\/BUTARE - LE PROCES SE POURSUIVRA OU IL S'ETAIT ARRETE, SELON LA CHAMBRE D'APPEL"}]},{"@type":"WebSite","@id":"https:\/\/www.justiceinfo.net\/fr#website","url":"https:\/\/www.justiceinfo.net\/fr","name":"JusticeInfo.net","description":"La justice doit \u00eatre vue pour \u00eatre rendue","publisher":{"@id":"https:\/\/www.justiceinfo.net\/fr#organization"},"potentialAction":[{"@type":"SearchAction","target":{"@type":"EntryPoint","urlTemplate":"https:\/\/www.justiceinfo.net\/fr?s={search_term_string}"},"query-input":{"@type":"PropertyValueSpecification","valueRequired":true,"valueName":"search_term_string"}}],"inLanguage":"fr-FR"},{"@type":"Organization","@id":"https:\/\/www.justiceinfo.net\/fr#organization","name":"Justice Info","url":"https:\/\/www.justiceinfo.net\/fr","logo":{"@type":"ImageObject","inLanguage":"fr-FR","@id":"https:\/\/www.justiceinfo.net\/fr#\/schema\/logo\/image\/","url":"https:\/\/www.justiceinfo.net\/wp-content\/uploads\/justiceinfo_logo-trans_1200x1200px.png","contentUrl":"https:\/\/www.justiceinfo.net\/wp-content\/uploads\/justiceinfo_logo-trans_1200x1200px.png","width":1199,"height":1200,"caption":"Justice Info"},"image":{"@id":"https:\/\/www.justiceinfo.net\/fr#\/schema\/logo\/image\/"},"sameAs":["https:\/\/www.facebook.com\/JusticeInfo\/","https:\/\/x.com\/justiceinfonet","https:\/\/www.linkedin.com\/company\/justice-info","https:\/\/www.youtube.com\/channel\/UCyCEsARodyuWtkWyhn-e7pA"]},{"@type":"Person","name":"solivri","url":"\/fr\/?s=solivri"}]}},"_links":{"self":[{"href":"https:\/\/www.justiceinfo.net\/fr\/wp-json\/wp\/v2\/posts\/4803","targetHints":{"allow":["GET"]}}],"collection":[{"href":"https:\/\/www.justiceinfo.net\/fr\/wp-json\/wp\/v2\/posts"}],"about":[{"href":"https:\/\/www.justiceinfo.net\/fr\/wp-json\/wp\/v2\/types\/post"}],"author":[{"embeddable":true,"href":"https:\/\/www.justiceinfo.net\/fr\/wp-json\/wp\/v2\/users\/64"}],"replies":[{"embeddable":true,"href":"https:\/\/www.justiceinfo.net\/fr\/wp-json\/wp\/v2\/comments?post=4803"}],"version-history":[{"count":0,"href":"https:\/\/www.justiceinfo.net\/fr\/wp-json\/wp\/v2\/posts\/4803\/revisions"}],"wp:attachment":[{"href":"https:\/\/www.justiceinfo.net\/fr\/wp-json\/wp\/v2\/media?parent=4803"}],"wp:term":[{"taxonomy":"category","embeddable":true,"href":"https:\/\/www.justiceinfo.net\/fr\/wp-json\/wp\/v2\/categories?post=4803"},{"taxonomy":"post_tag","embeddable":true,"href":"https:\/\/www.justiceinfo.net\/fr\/wp-json\/wp\/v2\/tags?post=4803"},{"taxonomy":"ji_location","embeddable":true,"href":"https:\/\/www.justiceinfo.net\/fr\/wp-json\/wp\/v2\/ji_location?post=4803"}],"curies":[{"name":"wp","href":"https:\/\/api.w.org\/{rel}","templated":true}]}}