{"id":4845,"date":"2003-09-10T00:00:00","date_gmt":"2003-09-09T22:00:00","guid":{"rendered":"https:\/\/www.justiceinfo.net\/4845-10092003-tpirmilitaires-i-le-tribunal-rejete-une-requete-en-rappel-des-temoins-a-charge1635.html"},"modified":"2003-09-10T00:00:00","modified_gmt":"2003-09-09T22:00:00","slug":"10092003-tpirmilitaires-i-le-tribunal-rejete-une-requete-en-rappel-des-temoins-a-charge1635","status":"publish","type":"post","link":"https:\/\/www.justiceinfo.net\/fr\/4845-10092003-tpirmilitaires-i-le-tribunal-rejete-une-requete-en-rappel-des-temoins-a-charge1635.html","title":{"rendered":"10.09.2003 - TPIR\/MILITAIRES I - LE TRIBUNAL REJETE UNE REQUETE EN RAPPEL DES TEMOINS A CHARGE"},"content":{"rendered":"<p  >\nArusha, le 10 septembre 2003 (FH) - La premi\u00e8re chambre de premi\u00e8re instance du Tribunal p\u00e9nal international pour le Rwanda (TPIR) a rejet\u00e9 mercredi une requ\u00eate de la d\u00e9fense de l'ancien commandant du bataillon para-commando de Kanombe (Kigali), le major Ntabakuze, visant le rappel des t\u00e9moins de l'accusation.\n<\/p>\n<p  >\nLe conseil principal de l'accus\u00e9, le Professeur am\u00e9ricain Peter Erlinder, avait exig\u00e9 mardi le report de la d\u00e9position des t\u00e9moins mettant en cause son client, ou \u00e0 d\u00e9faut, qu\u2019ils soient rappel\u00e9s en novembre quand il sera de retour des Etats-Unis.\n<\/p>\n<p><!--more--><\/p>\n<p  >\nIl a quitt\u00e9 Arusha le m\u00eame jour dans la soir\u00e9e.\n<\/p>\n<p  >\nLa d\u00e9fense a plaid\u00e9 cette requ\u00eate lors de la d\u00e9position du quinzi\u00e8me t\u00e9moin du parquet r\u00e9pondant au pseudonyme \"XAI\" pour pr\u00e9server son anonymat. C\u2019est le premier t\u00e9moin \u00e0 charge \u00e0 soulever des accusations directes contre Ntabakuze depuis l'ouverture du proc\u00e8s en avril 2002.\n<\/p>\n<p  >\nNtabakuze est co-accus\u00e9, dans le proc\u00e8s \u00ab Militaires I \u00bb, avec l'ancien directeur de cabinet au minist\u00e8re de la d\u00e9fense, le colonel Th\u00e9oneste Bagosora, consid\u00e9r\u00e9 par le parquet comme \"cerveau du g\u00e9nocide\", l'ancien responsable des op\u00e9rations militaires \u00e0 l'Etat major de l'arm\u00e9e, le g\u00e9n\u00e9ral de brigade Gratien Kabiligi, ainsi que l'ancien commandant de la r\u00e9gion militaire de Gisenyi (ouest du Rwanda), le lieutenant-colonel Anatole Nsengiyumva.\n<\/p>\n<p  >\nMe Erlinder a refus\u00e9 de contre-interroger le t\u00e9moin, arguant qu'il lui fallait plus de temps pour se pr\u00e9parer. l'avocat am\u00e9ricain a rappel\u00e9 qu'il n'a \u00e9t\u00e9 commis D'office pour d\u00e9fendre les int\u00e9r\u00eats de l'accus\u00e9 qu'en juillet dernier. Il a par la suite menac\u00e9 de d\u00e9missionner si la chambre ne faisait pas droit \u00e0 sa requ\u00eate.\n<\/p>\n<p  >\nMe Erlinder a \u00e9t\u00e9 d\u00e9bout\u00e9 par les juges. En annon\u00e7ant la d\u00e9cision, le juge Norv\u00e9gien Erik Mose, qui pr\u00e9side les d\u00e9bats, a estim\u00e9 que l'avocat Canadien Me Andr\u00e9 Tremblay, co-conseil de Ntabakuze, \"a la connaissance [du dossier] et l'exp\u00e9rience, et qu\u2019il est suffisamment pr\u00e9par\u00e9 pour aller de l'avant\".\n<\/p>\n<p  >\nDepuis la d\u00e9mission de Me Clemente Monterosso, le premier conseil principal de Ntabakuze, en ao\u00fbt 2002, et jusqu\u2019\u00e0 la nomination de Me Erlinder, Me Tremblay a assur\u00e9 seul, en tant que co-conseil, la d\u00e9fense de Ntabakuze.\n<\/p>\n<p  >\n\"Je me retrouve dans une situation difficile\", a d\u00e9clar\u00e9 Me Tremblay, r\u00e9agissant \u00e0 la d\u00e9cision des juges. \"Je n'ai pas D'instructions \u00e9crites de mon conseil principal me permettant de contre-interroger le t\u00e9moin\", a-t-il poursuivi.\n<\/p>\n<p  >\nApr\u00e8s une br\u00e8ve consultation avec l'accus\u00e9, ce dernier a finalement autoris\u00e9 le co-conseil \u00e0 poser des questions \u00e0 XAI \u00e0 titre provisoire.\n<\/p>\n<p  >\n\"M\u00eame si je soutiens la requ\u00eate en rappel des t\u00e9moins, ne pas contre-interroger le t\u00e9moin porterait pr\u00e9judice \u00e0 mes int\u00e9r\u00eats\", a d\u00e9clar\u00e9 Ntabakuze devant les juges. \"Cependant, je fais miens les arguments d\u00e9velopp\u00e9s par Me Erlinder\", a-t-il clarifi\u00e9.\n<\/p>\n<p  >\nLe juge Mose est \u00e9paul\u00e9, dans ce proc\u00e8s par les juges russe Serguei Aleckseievich et fidjien Jai Ram Reddy.\n<\/p>\n<p  >\nXAI devrait cl\u00f4turer sa d\u00e9position jeudi.\n<\/p>\n<p  >\nGA\/KN\/CE\/GF\/FH (Ml'0910A)<\/p>\n","protected":false},"excerpt":{"rendered":"<p>Arusha, le 10 septembre 2003 (FH) - La premi\u00e8re chambre de premi\u00e8re instance du Tribunal p\u00e9nal international pour le Rwanda (TPIR) a rejet\u00e9 mercredi une requ\u00eate de la d\u00e9fense de l'ancien commandant du bataillon para-commando de Kanombe (Kigali), le major Ntabakuze, visant le rappel des t\u00e9moins de l'accusation. Le conseil principal de l'accus\u00e9, le Professeur [&hellip;]<\/p>\n","protected":false},"author":64,"featured_media":0,"comment_status":"open","ping_status":"closed","sticky":false,"template":"","format":"standard","meta":{"_acf_changed":false,"footnotes":""},"categories":[554],"tags":[],"ji_location":[],"class_list":["post-4845","post","type-post","status-publish","format-standard","hentry","category-hirondellenews"],"acf":[],"yoast_head":"<!-- This site is optimized with the Yoast SEO Premium plugin v25.3.1 (Yoast SEO v25.3.1) - https:\/\/yoast.com\/wordpress\/plugins\/seo\/ -->\n<title>10.09.2003 - TPIR\/MILITAIRES I - LE TRIBUNAL REJETE UNE REQUETE EN RAPPEL DES TEMOINS A CHARGE - JusticeInfo.net<\/title>\n<meta name=\"robots\" content=\"index, follow, max-snippet:-1, max-image-preview:large, max-video-preview:-1\" \/>\n<link rel=\"canonical\" href=\"https:\/\/www.justiceinfo.net\/fr\/4845-10092003-tpirmilitaires-i-le-tribunal-rejete-une-requete-en-rappel-des-temoins-a-charge1635.html\" \/>\n<meta property=\"og:locale\" content=\"fr_FR\" \/>\n<meta property=\"og:type\" content=\"article\" \/>\n<meta property=\"og:title\" content=\"10.09.2003 - TPIR\/MILITAIRES I - LE TRIBUNAL REJETE UNE REQUETE EN RAPPEL DES TEMOINS A CHARGE\" \/>\n<meta property=\"og:description\" content=\"Arusha, le 10 septembre 2003 (FH) - La premi\u00e8re chambre de premi\u00e8re instance du Tribunal p\u00e9nal international pour le Rwanda (TPIR) a rejet\u00e9 mercredi une requ\u00eate de la d\u00e9fense de l&#039;ancien commandant du bataillon para-commando de Kanombe (Kigali), le major Ntabakuze, visant le rappel des t\u00e9moins de l&#039;accusation. Le conseil principal de l&#039;accus\u00e9, le Professeur [&hellip;]\" \/>\n<meta property=\"og:url\" content=\"https:\/\/www.justiceinfo.net\/fr\/4845-10092003-tpirmilitaires-i-le-tribunal-rejete-une-requete-en-rappel-des-temoins-a-charge1635.html\" \/>\n<meta property=\"og:site_name\" content=\"JusticeInfo.net\" \/>\n<meta property=\"article:publisher\" content=\"https:\/\/www.facebook.com\/JusticeInfo\/\" \/>\n<meta property=\"article:published_time\" content=\"2003-09-09T22:00:00+00:00\" \/>\n<meta property=\"og:image\" content=\"https:\/\/www.justiceinfo.net\/wp-content\/uploads\/JusticeInfoNet_logo_1200x630px.jpg\" \/>\n\t<meta property=\"og:image:width\" content=\"1200\" \/>\n\t<meta property=\"og:image:height\" content=\"630\" \/>\n\t<meta property=\"og:image:type\" content=\"image\/jpeg\" \/>\n<meta name=\"author\" content=\"solivri\" \/>\n<meta name=\"twitter:card\" content=\"summary_large_image\" \/>\n<meta name=\"twitter:creator\" content=\"@justiceinfonet\" \/>\n<meta name=\"twitter:site\" content=\"@justiceinfonet\" \/>\n<meta name=\"twitter:label1\" content=\"\u00c9crit par\" \/>\n\t<meta name=\"twitter:data1\" content=\"solivri\" \/>\n\t<meta name=\"twitter:label2\" content=\"Dur\u00e9e de lecture estim\u00e9e\" \/>\n\t<meta name=\"twitter:data2\" content=\"3 minutes\" \/>\n<script type=\"application\/ld+json\" class=\"yoast-schema-graph\">{\"@context\":\"https:\/\/schema.org\",\"@graph\":[{\"@type\":\"NewsArticle\",\"@id\":\"https:\/\/www.justiceinfo.net\/fr\/4845-10092003-tpirmilitaires-i-le-tribunal-rejete-une-requete-en-rappel-des-temoins-a-charge1635.html#article\",\"isPartOf\":{\"@id\":\"https:\/\/www.justiceinfo.net\/fr\/4845-10092003-tpirmilitaires-i-le-tribunal-rejete-une-requete-en-rappel-des-temoins-a-charge1635.html\"},\"author\":{\"name\":\"solivri\",\"@id\":\"https:\/\/www.justiceinfo.net\/fr#\/schema\/person\/6e53cba1629e2e66f3fc1821d3091865\"},\"headline\":\"10.09.2003 - TPIR\/MILITAIRES I - LE TRIBUNAL REJETE UNE REQUETE EN RAPPEL DES TEMOINS A CHARGE\",\"datePublished\":\"2003-09-09T22:00:00+00:00\",\"mainEntityOfPage\":{\"@id\":\"https:\/\/www.justiceinfo.net\/fr\/4845-10092003-tpirmilitaires-i-le-tribunal-rejete-une-requete-en-rappel-des-temoins-a-charge1635.html\"},\"wordCount\":566,\"commentCount\":0,\"publisher\":{\"@id\":\"https:\/\/www.justiceinfo.net\/fr#organization\"},\"articleSection\":[\"Hirondelle News\"],\"inLanguage\":\"fr-FR\",\"potentialAction\":[{\"@type\":\"CommentAction\",\"name\":\"Comment\",\"target\":[\"https:\/\/www.justiceinfo.net\/fr\/4845-10092003-tpirmilitaires-i-le-tribunal-rejete-une-requete-en-rappel-des-temoins-a-charge1635.html#respond\"]}]},{\"@type\":\"WebPage\",\"@id\":\"https:\/\/www.justiceinfo.net\/fr\/4845-10092003-tpirmilitaires-i-le-tribunal-rejete-une-requete-en-rappel-des-temoins-a-charge1635.html\",\"url\":\"https:\/\/www.justiceinfo.net\/fr\/4845-10092003-tpirmilitaires-i-le-tribunal-rejete-une-requete-en-rappel-des-temoins-a-charge1635.html\",\"name\":\"10.09.2003 - TPIR\/MILITAIRES I - LE TRIBUNAL REJETE UNE REQUETE EN RAPPEL DES TEMOINS A CHARGE - JusticeInfo.net\",\"isPartOf\":{\"@id\":\"https:\/\/www.justiceinfo.net\/fr#website\"},\"datePublished\":\"2003-09-09T22:00:00+00:00\",\"breadcrumb\":{\"@id\":\"https:\/\/www.justiceinfo.net\/fr\/4845-10092003-tpirmilitaires-i-le-tribunal-rejete-une-requete-en-rappel-des-temoins-a-charge1635.html#breadcrumb\"},\"inLanguage\":\"fr-FR\",\"potentialAction\":[{\"@type\":\"ReadAction\",\"target\":[\"https:\/\/www.justiceinfo.net\/fr\/4845-10092003-tpirmilitaires-i-le-tribunal-rejete-une-requete-en-rappel-des-temoins-a-charge1635.html\"]}]},{\"@type\":\"BreadcrumbList\",\"@id\":\"https:\/\/www.justiceinfo.net\/fr\/4845-10092003-tpirmilitaires-i-le-tribunal-rejete-une-requete-en-rappel-des-temoins-a-charge1635.html#breadcrumb\",\"itemListElement\":[{\"@type\":\"ListItem\",\"position\":1,\"name\":\"Home\",\"item\":\"https:\/\/www.justiceinfo.net\/fr\"},{\"@type\":\"ListItem\",\"position\":2,\"name\":\"10.09.2003 - TPIR\/MILITAIRES I - LE TRIBUNAL REJETE UNE REQUETE EN RAPPEL DES TEMOINS A CHARGE\"}]},{\"@type\":\"WebSite\",\"@id\":\"https:\/\/www.justiceinfo.net\/fr#website\",\"url\":\"https:\/\/www.justiceinfo.net\/fr\",\"name\":\"JusticeInfo.net\",\"description\":\"La justice doit \u00eatre vue pour \u00eatre rendue\",\"publisher\":{\"@id\":\"https:\/\/www.justiceinfo.net\/fr#organization\"},\"potentialAction\":[{\"@type\":\"SearchAction\",\"target\":{\"@type\":\"EntryPoint\",\"urlTemplate\":\"https:\/\/www.justiceinfo.net\/fr?s={search_term_string}\"},\"query-input\":{\"@type\":\"PropertyValueSpecification\",\"valueRequired\":true,\"valueName\":\"search_term_string\"}}],\"inLanguage\":\"fr-FR\"},{\"@type\":\"Organization\",\"@id\":\"https:\/\/www.justiceinfo.net\/fr#organization\",\"name\":\"Justice Info\",\"url\":\"https:\/\/www.justiceinfo.net\/fr\",\"logo\":{\"@type\":\"ImageObject\",\"inLanguage\":\"fr-FR\",\"@id\":\"https:\/\/www.justiceinfo.net\/fr#\/schema\/logo\/image\/\",\"url\":\"https:\/\/www.justiceinfo.net\/wp-content\/uploads\/justiceinfo_logo-trans_1200x1200px.png\",\"contentUrl\":\"https:\/\/www.justiceinfo.net\/wp-content\/uploads\/justiceinfo_logo-trans_1200x1200px.png\",\"width\":1199,\"height\":1200,\"caption\":\"Justice Info\"},\"image\":{\"@id\":\"https:\/\/www.justiceinfo.net\/fr#\/schema\/logo\/image\/\"},\"sameAs\":[\"https:\/\/www.facebook.com\/JusticeInfo\/\",\"https:\/\/x.com\/justiceinfonet\",\"https:\/\/www.linkedin.com\/company\/justice-info\",\"https:\/\/www.youtube.com\/channel\/UCyCEsARodyuWtkWyhn-e7pA\"]},{\"@type\":\"Person\",\"name\":\"solivri\",\"url\":\"\/fr\/?s=solivri\"}]}<\/script>\n<!-- \/ Yoast SEO Premium plugin. -->","yoast_head_json":{"title":"10.09.2003 - TPIR\/MILITAIRES I - LE TRIBUNAL REJETE UNE REQUETE EN RAPPEL DES TEMOINS A CHARGE - JusticeInfo.net","robots":{"index":"index","follow":"follow","max-snippet":"max-snippet:-1","max-image-preview":"max-image-preview:large","max-video-preview":"max-video-preview:-1"},"canonical":"https:\/\/www.justiceinfo.net\/fr\/4845-10092003-tpirmilitaires-i-le-tribunal-rejete-une-requete-en-rappel-des-temoins-a-charge1635.html","og_locale":"fr_FR","og_type":"article","og_title":"10.09.2003 - TPIR\/MILITAIRES I - LE TRIBUNAL REJETE UNE REQUETE EN RAPPEL DES TEMOINS A CHARGE","og_description":"Arusha, le 10 septembre 2003 (FH) - La premi\u00e8re chambre de premi\u00e8re instance du Tribunal p\u00e9nal international pour le Rwanda (TPIR) a rejet\u00e9 mercredi une requ\u00eate de la d\u00e9fense de l'ancien commandant du bataillon para-commando de Kanombe (Kigali), le major Ntabakuze, visant le rappel des t\u00e9moins de l'accusation. Le conseil principal de l'accus\u00e9, le Professeur [&hellip;]","og_url":"https:\/\/www.justiceinfo.net\/fr\/4845-10092003-tpirmilitaires-i-le-tribunal-rejete-une-requete-en-rappel-des-temoins-a-charge1635.html","og_site_name":"JusticeInfo.net","article_publisher":"https:\/\/www.facebook.com\/JusticeInfo\/","article_published_time":"2003-09-09T22:00:00+00:00","og_image":[{"width":1200,"height":630,"url":"https:\/\/www.justiceinfo.net\/wp-content\/uploads\/JusticeInfoNet_logo_1200x630px.jpg","type":"image\/jpeg"}],"author":"solivri","twitter_card":"summary_large_image","twitter_creator":"@justiceinfonet","twitter_site":"@justiceinfonet","twitter_misc":{"\u00c9crit par":"solivri","Dur\u00e9e de lecture estim\u00e9e":"3 minutes"},"schema":{"@context":"https:\/\/schema.org","@graph":[{"@type":"NewsArticle","@id":"https:\/\/www.justiceinfo.net\/fr\/4845-10092003-tpirmilitaires-i-le-tribunal-rejete-une-requete-en-rappel-des-temoins-a-charge1635.html#article","isPartOf":{"@id":"https:\/\/www.justiceinfo.net\/fr\/4845-10092003-tpirmilitaires-i-le-tribunal-rejete-une-requete-en-rappel-des-temoins-a-charge1635.html"},"author":{"name":"solivri","@id":"https:\/\/www.justiceinfo.net\/fr#\/schema\/person\/6e53cba1629e2e66f3fc1821d3091865"},"headline":"10.09.2003 - TPIR\/MILITAIRES I - LE TRIBUNAL REJETE UNE REQUETE EN RAPPEL DES TEMOINS A CHARGE","datePublished":"2003-09-09T22:00:00+00:00","mainEntityOfPage":{"@id":"https:\/\/www.justiceinfo.net\/fr\/4845-10092003-tpirmilitaires-i-le-tribunal-rejete-une-requete-en-rappel-des-temoins-a-charge1635.html"},"wordCount":566,"commentCount":0,"publisher":{"@id":"https:\/\/www.justiceinfo.net\/fr#organization"},"articleSection":["Hirondelle News"],"inLanguage":"fr-FR","potentialAction":[{"@type":"CommentAction","name":"Comment","target":["https:\/\/www.justiceinfo.net\/fr\/4845-10092003-tpirmilitaires-i-le-tribunal-rejete-une-requete-en-rappel-des-temoins-a-charge1635.html#respond"]}]},{"@type":"WebPage","@id":"https:\/\/www.justiceinfo.net\/fr\/4845-10092003-tpirmilitaires-i-le-tribunal-rejete-une-requete-en-rappel-des-temoins-a-charge1635.html","url":"https:\/\/www.justiceinfo.net\/fr\/4845-10092003-tpirmilitaires-i-le-tribunal-rejete-une-requete-en-rappel-des-temoins-a-charge1635.html","name":"10.09.2003 - TPIR\/MILITAIRES I - LE TRIBUNAL REJETE UNE REQUETE EN RAPPEL DES TEMOINS A CHARGE - JusticeInfo.net","isPartOf":{"@id":"https:\/\/www.justiceinfo.net\/fr#website"},"datePublished":"2003-09-09T22:00:00+00:00","breadcrumb":{"@id":"https:\/\/www.justiceinfo.net\/fr\/4845-10092003-tpirmilitaires-i-le-tribunal-rejete-une-requete-en-rappel-des-temoins-a-charge1635.html#breadcrumb"},"inLanguage":"fr-FR","potentialAction":[{"@type":"ReadAction","target":["https:\/\/www.justiceinfo.net\/fr\/4845-10092003-tpirmilitaires-i-le-tribunal-rejete-une-requete-en-rappel-des-temoins-a-charge1635.html"]}]},{"@type":"BreadcrumbList","@id":"https:\/\/www.justiceinfo.net\/fr\/4845-10092003-tpirmilitaires-i-le-tribunal-rejete-une-requete-en-rappel-des-temoins-a-charge1635.html#breadcrumb","itemListElement":[{"@type":"ListItem","position":1,"name":"Home","item":"https:\/\/www.justiceinfo.net\/fr"},{"@type":"ListItem","position":2,"name":"10.09.2003 - TPIR\/MILITAIRES I - LE TRIBUNAL REJETE UNE REQUETE EN RAPPEL DES TEMOINS A CHARGE"}]},{"@type":"WebSite","@id":"https:\/\/www.justiceinfo.net\/fr#website","url":"https:\/\/www.justiceinfo.net\/fr","name":"JusticeInfo.net","description":"La justice doit \u00eatre vue pour \u00eatre rendue","publisher":{"@id":"https:\/\/www.justiceinfo.net\/fr#organization"},"potentialAction":[{"@type":"SearchAction","target":{"@type":"EntryPoint","urlTemplate":"https:\/\/www.justiceinfo.net\/fr?s={search_term_string}"},"query-input":{"@type":"PropertyValueSpecification","valueRequired":true,"valueName":"search_term_string"}}],"inLanguage":"fr-FR"},{"@type":"Organization","@id":"https:\/\/www.justiceinfo.net\/fr#organization","name":"Justice Info","url":"https:\/\/www.justiceinfo.net\/fr","logo":{"@type":"ImageObject","inLanguage":"fr-FR","@id":"https:\/\/www.justiceinfo.net\/fr#\/schema\/logo\/image\/","url":"https:\/\/www.justiceinfo.net\/wp-content\/uploads\/justiceinfo_logo-trans_1200x1200px.png","contentUrl":"https:\/\/www.justiceinfo.net\/wp-content\/uploads\/justiceinfo_logo-trans_1200x1200px.png","width":1199,"height":1200,"caption":"Justice Info"},"image":{"@id":"https:\/\/www.justiceinfo.net\/fr#\/schema\/logo\/image\/"},"sameAs":["https:\/\/www.facebook.com\/JusticeInfo\/","https:\/\/x.com\/justiceinfonet","https:\/\/www.linkedin.com\/company\/justice-info","https:\/\/www.youtube.com\/channel\/UCyCEsARodyuWtkWyhn-e7pA"]},{"@type":"Person","name":"solivri","url":"\/fr\/?s=solivri"}]}},"_links":{"self":[{"href":"https:\/\/www.justiceinfo.net\/fr\/wp-json\/wp\/v2\/posts\/4845","targetHints":{"allow":["GET"]}}],"collection":[{"href":"https:\/\/www.justiceinfo.net\/fr\/wp-json\/wp\/v2\/posts"}],"about":[{"href":"https:\/\/www.justiceinfo.net\/fr\/wp-json\/wp\/v2\/types\/post"}],"author":[{"embeddable":true,"href":"https:\/\/www.justiceinfo.net\/fr\/wp-json\/wp\/v2\/users\/64"}],"replies":[{"embeddable":true,"href":"https:\/\/www.justiceinfo.net\/fr\/wp-json\/wp\/v2\/comments?post=4845"}],"version-history":[{"count":0,"href":"https:\/\/www.justiceinfo.net\/fr\/wp-json\/wp\/v2\/posts\/4845\/revisions"}],"wp:attachment":[{"href":"https:\/\/www.justiceinfo.net\/fr\/wp-json\/wp\/v2\/media?parent=4845"}],"wp:term":[{"taxonomy":"category","embeddable":true,"href":"https:\/\/www.justiceinfo.net\/fr\/wp-json\/wp\/v2\/categories?post=4845"},{"taxonomy":"post_tag","embeddable":true,"href":"https:\/\/www.justiceinfo.net\/fr\/wp-json\/wp\/v2\/tags?post=4845"},{"taxonomy":"ji_location","embeddable":true,"href":"https:\/\/www.justiceinfo.net\/fr\/wp-json\/wp\/v2\/ji_location?post=4845"}],"curies":[{"name":"wp","href":"https:\/\/api.w.org\/{rel}","templated":true}]}}