{"id":4859,"date":"2003-09-05T00:00:00","date_gmt":"2003-09-04T22:00:00","guid":{"rendered":"https:\/\/www.justiceinfo.net\/4859-05092003-tpirmilitaires-i-la-defense-du-major-ntabakuze-plaide-une-requete-en-disjonction1649.html"},"modified":"2003-09-05T00:00:00","modified_gmt":"2003-09-04T22:00:00","slug":"05092003-tpirmilitaires-i-la-defense-du-major-ntabakuze-plaide-une-requete-en-disjonction1649","status":"publish","type":"post","link":"https:\/\/www.justiceinfo.net\/fr\/4859-05092003-tpirmilitaires-i-la-defense-du-major-ntabakuze-plaide-une-requete-en-disjonction1649.html","title":{"rendered":"05.09.2003 - TPIR\/MILITAIRES I - LA DEFENSE DU MAJOR NTABAKUZE PLAIDE UNE REQUETE EN DISJONCTION"},"content":{"rendered":"<p  >\nArusha, le5 septembre 2003 (FH) - La d\u00e9fense de l'ancien commandant du bataillon para-commando de Kanombe \u00e0 Kigali, le major Aloys Ntabakuze, a plaid\u00e9 vendredi une requ\u00eate en disjonction (proc\u00e8s s\u00e9par\u00e9), dans le proc\u00e8s de quatre hauts grad\u00e9s des ex-Forces arm\u00e9es rwandaises (ex-FAR) en cours devant le Tribunal p\u00e9nal international pour le Rwanda (TPIR).\n<\/p>\n<p  >\nLe Professeur am\u00e9ricain Peter Erlinder, r\u00e9cemment nomm\u00e9 conseil principal du major Ntabakuze, a soutenu qu'une proc\u00e9dure jointe cr\u00e9erait \"un conflit D'int\u00e9r\u00eat\" avec les autres co-accus\u00e9s.\n<\/p>\n<p><!--more--><\/p>\n<p  >\nNtabakuze est co-accus\u00e9 dans ce proc\u00e8s dit \"Militaires I\" avec l'ancien directeur de cabinet au minist\u00e8re de la d\u00e9fense, le colonel Th\u00e9oneste Bagosora, consid\u00e9r\u00e9 par le parquet comme le \"cerveau du g\u00e9nocide\", l'ancien responsable des op\u00e9rations militaires \u00e0 l'Etat-major de l'arm\u00e9e, le g\u00e9n\u00e9ral de brigade Gratien Kabiligi, et l'ancien commandant de la r\u00e9gion militaire de Gisenyi (ouest du Rwanda), le lieutenant-colonel Anatole Nsengiyumva.\n<\/p>\n<p  >\nIls sont accus\u00e9s notamment de conspiration en vue du g\u00e9nocide, de crimes contre l'humanit\u00e9 et de crimes de guerre. Ils plaident non coupable.\n<\/p>\n<p  >\n\"Il n'y avait pas de raison pour qu'il y ait jonction des chefs D'accusation\", a plaid\u00e9 le Professeur Erlinder, expliquant que \"la<br \/>\nresponsabilit\u00e9 de Ntabakuze est tr\u00e8s diff\u00e9rente de celle des autres accus\u00e9s\".\n<\/p>\n<p  >\nLe juriste am\u00e9ricain a fait remarquer que les \u00e9l\u00e9ments de preuve \u00e0 charge contre son client sont \"tr\u00e8s minimes\", vu le nombre limit\u00e9 de t\u00e9moins que le procureur entend appeler \u00e0 la barre \u00e0 l'appui de sa preuve.\n<\/p>\n<p  >\nMe Erlinder a en outre demand\u00e9 que la comparution des t\u00e9moins \u00e0 charge soit renvoy\u00e9e \u00e0 plus tard pour lui permettre de prendre connaissance du dossier.\n<\/p>\n<p  >\n\"C'est important sur le plan d\u00e9ontologique, [l'avocat] doit reconsid\u00e9rer toutes les strat\u00e9gies de d\u00e9fense qui fondent sa nouvelle relation avec le client\", a plaid\u00e9 l'avocat martiniquais de Bagosora, Me Rapha\u00ebl Constant, \u00e0 l'appui de son conf\u00e8re.\n<\/p>\n<p  >\nLa requ\u00eate a \u00e9t\u00e9 mise en d\u00e9lib\u00e9r\u00e9 devant la premi\u00e8re chambre de premi\u00e8re instance du TPIR pr\u00e9sid\u00e9e par le juge norv\u00e9gien Erik Mose, comprenant par ailleurs les juges russe Serguei Aleckseievich et fidjien Jai Ram Reddy.\n<\/p>\n<p  >\nCette requ\u00eate a \u00e9t\u00e9 pr\u00e9sent\u00e9e au terme du contre-interrogatoire du quatorzi\u00e8me t\u00e9moin de l'accusation, d\u00e9nomm\u00e9 \"DW\" pour sa s\u00e9curit\u00e9. Il avait all\u00e9gu\u00e9 jeudi qu'en date du 8 avril 1994, des militaires avaient tu\u00e9 et jet\u00e9 des Tutsis dans des latrines en province de Kigali rural.\n<\/p>\n<p  >\nLe juge pr\u00e9sident a sugg\u00e9r\u00e9 aux conseils de d\u00e9fense D'\u00e9courter le contre-interrogatoire du t\u00e9moin, ce dernier n\u2019ayant \"mentionn\u00e9 aucun des accus\u00e9s\".\n<\/p>\n<p  >\nLes d\u00e9bats ont \u00e9t\u00e9 ajourn\u00e9s \u00e0 lundi.\n<\/p>\n<p  >\nGA\/CE\/FH (Ml'0905A)<\/p>\n","protected":false},"excerpt":{"rendered":"<p>Arusha, le5 septembre 2003 (FH) - La d\u00e9fense de l'ancien commandant du bataillon para-commando de Kanombe \u00e0 Kigali, le major Aloys Ntabakuze, a plaid\u00e9 vendredi une requ\u00eate en disjonction (proc\u00e8s s\u00e9par\u00e9), dans le proc\u00e8s de quatre hauts grad\u00e9s des ex-Forces arm\u00e9es rwandaises (ex-FAR) en cours devant le Tribunal p\u00e9nal international pour le Rwanda (TPIR). Le [&hellip;]<\/p>\n","protected":false},"author":64,"featured_media":0,"comment_status":"open","ping_status":"closed","sticky":false,"template":"","format":"standard","meta":{"_acf_changed":false,"footnotes":""},"categories":[554],"tags":[],"ji_location":[],"class_list":["post-4859","post","type-post","status-publish","format-standard","hentry","category-hirondellenews"],"acf":[],"yoast_head":"<!-- This site is optimized with the Yoast SEO Premium plugin v25.3.1 (Yoast SEO v25.3.1) - https:\/\/yoast.com\/wordpress\/plugins\/seo\/ -->\n<title>05.09.2003 - TPIR\/MILITAIRES I - LA DEFENSE DU MAJOR NTABAKUZE PLAIDE UNE REQUETE EN DISJONCTION - JusticeInfo.net<\/title>\n<meta name=\"robots\" content=\"index, follow, max-snippet:-1, max-image-preview:large, max-video-preview:-1\" \/>\n<link rel=\"canonical\" href=\"https:\/\/www.justiceinfo.net\/fr\/4859-05092003-tpirmilitaires-i-la-defense-du-major-ntabakuze-plaide-une-requete-en-disjonction1649.html\" \/>\n<meta property=\"og:locale\" content=\"fr_FR\" \/>\n<meta property=\"og:type\" content=\"article\" \/>\n<meta property=\"og:title\" content=\"05.09.2003 - TPIR\/MILITAIRES I - LA DEFENSE DU MAJOR NTABAKUZE PLAIDE UNE REQUETE EN DISJONCTION\" \/>\n<meta property=\"og:description\" content=\"Arusha, le5 septembre 2003 (FH) - La d\u00e9fense de l&#039;ancien commandant du bataillon para-commando de Kanombe \u00e0 Kigali, le major Aloys Ntabakuze, a plaid\u00e9 vendredi une requ\u00eate en disjonction (proc\u00e8s s\u00e9par\u00e9), dans le proc\u00e8s de quatre hauts grad\u00e9s des ex-Forces arm\u00e9es rwandaises (ex-FAR) en cours devant le Tribunal p\u00e9nal international pour le Rwanda (TPIR). Le [&hellip;]\" \/>\n<meta property=\"og:url\" content=\"https:\/\/www.justiceinfo.net\/fr\/4859-05092003-tpirmilitaires-i-la-defense-du-major-ntabakuze-plaide-une-requete-en-disjonction1649.html\" \/>\n<meta property=\"og:site_name\" content=\"JusticeInfo.net\" \/>\n<meta property=\"article:publisher\" content=\"https:\/\/www.facebook.com\/JusticeInfo\/\" \/>\n<meta property=\"article:published_time\" content=\"2003-09-04T22:00:00+00:00\" \/>\n<meta property=\"og:image\" content=\"https:\/\/www.justiceinfo.net\/wp-content\/uploads\/JusticeInfoNet_logo_1200x630px.jpg\" \/>\n\t<meta property=\"og:image:width\" content=\"1200\" \/>\n\t<meta property=\"og:image:height\" content=\"630\" \/>\n\t<meta property=\"og:image:type\" content=\"image\/jpeg\" \/>\n<meta name=\"author\" content=\"solivri\" \/>\n<meta name=\"twitter:card\" content=\"summary_large_image\" \/>\n<meta name=\"twitter:creator\" content=\"@justiceinfonet\" \/>\n<meta name=\"twitter:site\" content=\"@justiceinfonet\" \/>\n<meta name=\"twitter:label1\" content=\"\u00c9crit par\" \/>\n\t<meta name=\"twitter:data1\" content=\"solivri\" \/>\n\t<meta name=\"twitter:label2\" content=\"Dur\u00e9e de lecture estim\u00e9e\" \/>\n\t<meta name=\"twitter:data2\" content=\"2 minutes\" \/>\n<script type=\"application\/ld+json\" class=\"yoast-schema-graph\">{\"@context\":\"https:\/\/schema.org\",\"@graph\":[{\"@type\":\"NewsArticle\",\"@id\":\"https:\/\/www.justiceinfo.net\/fr\/4859-05092003-tpirmilitaires-i-la-defense-du-major-ntabakuze-plaide-une-requete-en-disjonction1649.html#article\",\"isPartOf\":{\"@id\":\"https:\/\/www.justiceinfo.net\/fr\/4859-05092003-tpirmilitaires-i-la-defense-du-major-ntabakuze-plaide-une-requete-en-disjonction1649.html\"},\"author\":{\"name\":\"solivri\",\"@id\":\"https:\/\/www.justiceinfo.net\/fr#\/schema\/person\/6e53cba1629e2e66f3fc1821d3091865\"},\"headline\":\"05.09.2003 - TPIR\/MILITAIRES I - LA DEFENSE DU MAJOR NTABAKUZE PLAIDE UNE REQUETE EN DISJONCTION\",\"datePublished\":\"2003-09-04T22:00:00+00:00\",\"mainEntityOfPage\":{\"@id\":\"https:\/\/www.justiceinfo.net\/fr\/4859-05092003-tpirmilitaires-i-la-defense-du-major-ntabakuze-plaide-une-requete-en-disjonction1649.html\"},\"wordCount\":502,\"commentCount\":0,\"publisher\":{\"@id\":\"https:\/\/www.justiceinfo.net\/fr#organization\"},\"articleSection\":[\"Hirondelle News\"],\"inLanguage\":\"fr-FR\",\"potentialAction\":[{\"@type\":\"CommentAction\",\"name\":\"Comment\",\"target\":[\"https:\/\/www.justiceinfo.net\/fr\/4859-05092003-tpirmilitaires-i-la-defense-du-major-ntabakuze-plaide-une-requete-en-disjonction1649.html#respond\"]}]},{\"@type\":\"WebPage\",\"@id\":\"https:\/\/www.justiceinfo.net\/fr\/4859-05092003-tpirmilitaires-i-la-defense-du-major-ntabakuze-plaide-une-requete-en-disjonction1649.html\",\"url\":\"https:\/\/www.justiceinfo.net\/fr\/4859-05092003-tpirmilitaires-i-la-defense-du-major-ntabakuze-plaide-une-requete-en-disjonction1649.html\",\"name\":\"05.09.2003 - TPIR\/MILITAIRES I - LA DEFENSE DU MAJOR NTABAKUZE PLAIDE UNE REQUETE EN DISJONCTION - JusticeInfo.net\",\"isPartOf\":{\"@id\":\"https:\/\/www.justiceinfo.net\/fr#website\"},\"datePublished\":\"2003-09-04T22:00:00+00:00\",\"breadcrumb\":{\"@id\":\"https:\/\/www.justiceinfo.net\/fr\/4859-05092003-tpirmilitaires-i-la-defense-du-major-ntabakuze-plaide-une-requete-en-disjonction1649.html#breadcrumb\"},\"inLanguage\":\"fr-FR\",\"potentialAction\":[{\"@type\":\"ReadAction\",\"target\":[\"https:\/\/www.justiceinfo.net\/fr\/4859-05092003-tpirmilitaires-i-la-defense-du-major-ntabakuze-plaide-une-requete-en-disjonction1649.html\"]}]},{\"@type\":\"BreadcrumbList\",\"@id\":\"https:\/\/www.justiceinfo.net\/fr\/4859-05092003-tpirmilitaires-i-la-defense-du-major-ntabakuze-plaide-une-requete-en-disjonction1649.html#breadcrumb\",\"itemListElement\":[{\"@type\":\"ListItem\",\"position\":1,\"name\":\"Home\",\"item\":\"https:\/\/www.justiceinfo.net\/fr\"},{\"@type\":\"ListItem\",\"position\":2,\"name\":\"05.09.2003 - TPIR\/MILITAIRES I - LA DEFENSE DU MAJOR NTABAKUZE PLAIDE UNE REQUETE EN DISJONCTION\"}]},{\"@type\":\"WebSite\",\"@id\":\"https:\/\/www.justiceinfo.net\/fr#website\",\"url\":\"https:\/\/www.justiceinfo.net\/fr\",\"name\":\"JusticeInfo.net\",\"description\":\"La justice doit \u00eatre vue pour \u00eatre rendue\",\"publisher\":{\"@id\":\"https:\/\/www.justiceinfo.net\/fr#organization\"},\"potentialAction\":[{\"@type\":\"SearchAction\",\"target\":{\"@type\":\"EntryPoint\",\"urlTemplate\":\"https:\/\/www.justiceinfo.net\/fr?s={search_term_string}\"},\"query-input\":{\"@type\":\"PropertyValueSpecification\",\"valueRequired\":true,\"valueName\":\"search_term_string\"}}],\"inLanguage\":\"fr-FR\"},{\"@type\":\"Organization\",\"@id\":\"https:\/\/www.justiceinfo.net\/fr#organization\",\"name\":\"Justice Info\",\"url\":\"https:\/\/www.justiceinfo.net\/fr\",\"logo\":{\"@type\":\"ImageObject\",\"inLanguage\":\"fr-FR\",\"@id\":\"https:\/\/www.justiceinfo.net\/fr#\/schema\/logo\/image\/\",\"url\":\"https:\/\/www.justiceinfo.net\/wp-content\/uploads\/justiceinfo_logo-trans_1200x1200px.png\",\"contentUrl\":\"https:\/\/www.justiceinfo.net\/wp-content\/uploads\/justiceinfo_logo-trans_1200x1200px.png\",\"width\":1199,\"height\":1200,\"caption\":\"Justice Info\"},\"image\":{\"@id\":\"https:\/\/www.justiceinfo.net\/fr#\/schema\/logo\/image\/\"},\"sameAs\":[\"https:\/\/www.facebook.com\/JusticeInfo\/\",\"https:\/\/x.com\/justiceinfonet\",\"https:\/\/www.linkedin.com\/company\/justice-info\",\"https:\/\/www.youtube.com\/channel\/UCyCEsARodyuWtkWyhn-e7pA\"]},{\"@type\":\"Person\",\"name\":\"solivri\",\"url\":\"\/fr\/?s=solivri\"}]}<\/script>\n<!-- \/ Yoast SEO Premium plugin. -->","yoast_head_json":{"title":"05.09.2003 - TPIR\/MILITAIRES I - LA DEFENSE DU MAJOR NTABAKUZE PLAIDE UNE REQUETE EN DISJONCTION - JusticeInfo.net","robots":{"index":"index","follow":"follow","max-snippet":"max-snippet:-1","max-image-preview":"max-image-preview:large","max-video-preview":"max-video-preview:-1"},"canonical":"https:\/\/www.justiceinfo.net\/fr\/4859-05092003-tpirmilitaires-i-la-defense-du-major-ntabakuze-plaide-une-requete-en-disjonction1649.html","og_locale":"fr_FR","og_type":"article","og_title":"05.09.2003 - TPIR\/MILITAIRES I - LA DEFENSE DU MAJOR NTABAKUZE PLAIDE UNE REQUETE EN DISJONCTION","og_description":"Arusha, le5 septembre 2003 (FH) - La d\u00e9fense de l'ancien commandant du bataillon para-commando de Kanombe \u00e0 Kigali, le major Aloys Ntabakuze, a plaid\u00e9 vendredi une requ\u00eate en disjonction (proc\u00e8s s\u00e9par\u00e9), dans le proc\u00e8s de quatre hauts grad\u00e9s des ex-Forces arm\u00e9es rwandaises (ex-FAR) en cours devant le Tribunal p\u00e9nal international pour le Rwanda (TPIR). Le [&hellip;]","og_url":"https:\/\/www.justiceinfo.net\/fr\/4859-05092003-tpirmilitaires-i-la-defense-du-major-ntabakuze-plaide-une-requete-en-disjonction1649.html","og_site_name":"JusticeInfo.net","article_publisher":"https:\/\/www.facebook.com\/JusticeInfo\/","article_published_time":"2003-09-04T22:00:00+00:00","og_image":[{"width":1200,"height":630,"url":"https:\/\/www.justiceinfo.net\/wp-content\/uploads\/JusticeInfoNet_logo_1200x630px.jpg","type":"image\/jpeg"}],"author":"solivri","twitter_card":"summary_large_image","twitter_creator":"@justiceinfonet","twitter_site":"@justiceinfonet","twitter_misc":{"\u00c9crit par":"solivri","Dur\u00e9e de lecture estim\u00e9e":"2 minutes"},"schema":{"@context":"https:\/\/schema.org","@graph":[{"@type":"NewsArticle","@id":"https:\/\/www.justiceinfo.net\/fr\/4859-05092003-tpirmilitaires-i-la-defense-du-major-ntabakuze-plaide-une-requete-en-disjonction1649.html#article","isPartOf":{"@id":"https:\/\/www.justiceinfo.net\/fr\/4859-05092003-tpirmilitaires-i-la-defense-du-major-ntabakuze-plaide-une-requete-en-disjonction1649.html"},"author":{"name":"solivri","@id":"https:\/\/www.justiceinfo.net\/fr#\/schema\/person\/6e53cba1629e2e66f3fc1821d3091865"},"headline":"05.09.2003 - TPIR\/MILITAIRES I - LA DEFENSE DU MAJOR NTABAKUZE PLAIDE UNE REQUETE EN DISJONCTION","datePublished":"2003-09-04T22:00:00+00:00","mainEntityOfPage":{"@id":"https:\/\/www.justiceinfo.net\/fr\/4859-05092003-tpirmilitaires-i-la-defense-du-major-ntabakuze-plaide-une-requete-en-disjonction1649.html"},"wordCount":502,"commentCount":0,"publisher":{"@id":"https:\/\/www.justiceinfo.net\/fr#organization"},"articleSection":["Hirondelle News"],"inLanguage":"fr-FR","potentialAction":[{"@type":"CommentAction","name":"Comment","target":["https:\/\/www.justiceinfo.net\/fr\/4859-05092003-tpirmilitaires-i-la-defense-du-major-ntabakuze-plaide-une-requete-en-disjonction1649.html#respond"]}]},{"@type":"WebPage","@id":"https:\/\/www.justiceinfo.net\/fr\/4859-05092003-tpirmilitaires-i-la-defense-du-major-ntabakuze-plaide-une-requete-en-disjonction1649.html","url":"https:\/\/www.justiceinfo.net\/fr\/4859-05092003-tpirmilitaires-i-la-defense-du-major-ntabakuze-plaide-une-requete-en-disjonction1649.html","name":"05.09.2003 - TPIR\/MILITAIRES I - LA DEFENSE DU MAJOR NTABAKUZE PLAIDE UNE REQUETE EN DISJONCTION - JusticeInfo.net","isPartOf":{"@id":"https:\/\/www.justiceinfo.net\/fr#website"},"datePublished":"2003-09-04T22:00:00+00:00","breadcrumb":{"@id":"https:\/\/www.justiceinfo.net\/fr\/4859-05092003-tpirmilitaires-i-la-defense-du-major-ntabakuze-plaide-une-requete-en-disjonction1649.html#breadcrumb"},"inLanguage":"fr-FR","potentialAction":[{"@type":"ReadAction","target":["https:\/\/www.justiceinfo.net\/fr\/4859-05092003-tpirmilitaires-i-la-defense-du-major-ntabakuze-plaide-une-requete-en-disjonction1649.html"]}]},{"@type":"BreadcrumbList","@id":"https:\/\/www.justiceinfo.net\/fr\/4859-05092003-tpirmilitaires-i-la-defense-du-major-ntabakuze-plaide-une-requete-en-disjonction1649.html#breadcrumb","itemListElement":[{"@type":"ListItem","position":1,"name":"Home","item":"https:\/\/www.justiceinfo.net\/fr"},{"@type":"ListItem","position":2,"name":"05.09.2003 - TPIR\/MILITAIRES I - LA DEFENSE DU MAJOR NTABAKUZE PLAIDE UNE REQUETE EN DISJONCTION"}]},{"@type":"WebSite","@id":"https:\/\/www.justiceinfo.net\/fr#website","url":"https:\/\/www.justiceinfo.net\/fr","name":"JusticeInfo.net","description":"La justice doit \u00eatre vue pour \u00eatre rendue","publisher":{"@id":"https:\/\/www.justiceinfo.net\/fr#organization"},"potentialAction":[{"@type":"SearchAction","target":{"@type":"EntryPoint","urlTemplate":"https:\/\/www.justiceinfo.net\/fr?s={search_term_string}"},"query-input":{"@type":"PropertyValueSpecification","valueRequired":true,"valueName":"search_term_string"}}],"inLanguage":"fr-FR"},{"@type":"Organization","@id":"https:\/\/www.justiceinfo.net\/fr#organization","name":"Justice Info","url":"https:\/\/www.justiceinfo.net\/fr","logo":{"@type":"ImageObject","inLanguage":"fr-FR","@id":"https:\/\/www.justiceinfo.net\/fr#\/schema\/logo\/image\/","url":"https:\/\/www.justiceinfo.net\/wp-content\/uploads\/justiceinfo_logo-trans_1200x1200px.png","contentUrl":"https:\/\/www.justiceinfo.net\/wp-content\/uploads\/justiceinfo_logo-trans_1200x1200px.png","width":1199,"height":1200,"caption":"Justice Info"},"image":{"@id":"https:\/\/www.justiceinfo.net\/fr#\/schema\/logo\/image\/"},"sameAs":["https:\/\/www.facebook.com\/JusticeInfo\/","https:\/\/x.com\/justiceinfonet","https:\/\/www.linkedin.com\/company\/justice-info","https:\/\/www.youtube.com\/channel\/UCyCEsARodyuWtkWyhn-e7pA"]},{"@type":"Person","name":"solivri","url":"\/fr\/?s=solivri"}]}},"_links":{"self":[{"href":"https:\/\/www.justiceinfo.net\/fr\/wp-json\/wp\/v2\/posts\/4859","targetHints":{"allow":["GET"]}}],"collection":[{"href":"https:\/\/www.justiceinfo.net\/fr\/wp-json\/wp\/v2\/posts"}],"about":[{"href":"https:\/\/www.justiceinfo.net\/fr\/wp-json\/wp\/v2\/types\/post"}],"author":[{"embeddable":true,"href":"https:\/\/www.justiceinfo.net\/fr\/wp-json\/wp\/v2\/users\/64"}],"replies":[{"embeddable":true,"href":"https:\/\/www.justiceinfo.net\/fr\/wp-json\/wp\/v2\/comments?post=4859"}],"version-history":[{"count":0,"href":"https:\/\/www.justiceinfo.net\/fr\/wp-json\/wp\/v2\/posts\/4859\/revisions"}],"wp:attachment":[{"href":"https:\/\/www.justiceinfo.net\/fr\/wp-json\/wp\/v2\/media?parent=4859"}],"wp:term":[{"taxonomy":"category","embeddable":true,"href":"https:\/\/www.justiceinfo.net\/fr\/wp-json\/wp\/v2\/categories?post=4859"},{"taxonomy":"post_tag","embeddable":true,"href":"https:\/\/www.justiceinfo.net\/fr\/wp-json\/wp\/v2\/tags?post=4859"},{"taxonomy":"ji_location","embeddable":true,"href":"https:\/\/www.justiceinfo.net\/fr\/wp-json\/wp\/v2\/ji_location?post=4859"}],"curies":[{"name":"wp","href":"https:\/\/api.w.org\/{rel}","templated":true}]}}