{"id":4864,"date":"2003-09-04T00:00:00","date_gmt":"2003-09-03T22:00:00","guid":{"rendered":"https:\/\/www.justiceinfo.net\/4864-04092003-tpirmilitaires-i-des-soldats-auraient-tue-des-tutsis-refugies-dans-une-mosquee1654.html"},"modified":"2003-09-04T00:00:00","modified_gmt":"2003-09-03T22:00:00","slug":"04092003-tpirmilitaires-i-des-soldats-auraient-tue-des-tutsis-refugies-dans-une-mosquee1654","status":"publish","type":"post","link":"https:\/\/www.justiceinfo.net\/fr\/4864-04092003-tpirmilitaires-i-des-soldats-auraient-tue-des-tutsis-refugies-dans-une-mosquee1654.html","title":{"rendered":"04.09.2003 - TPIR\/MILITAIRES I - DES SOLDATS AURAIENT TUE DES TUTSIS REFUGIES DANS UNE MOSQUEE"},"content":{"rendered":"<p  >\nArusha, le 4 septembre 2003 (FH) - Un t\u00e9moin \u00e0 charge entendu jeudi dans le proc\u00e8s de quatre hauts grad\u00e9s de l'ancienne arm\u00e9e rwandaise en cours devant le Tribunal p\u00e9nal international pour le Rwanda (TPIR) a affirm\u00e9 jeudi que des soldats ont tu\u00e9 des Tutsis r\u00e9fugi\u00e9s dans une mosqu\u00e9e en avril 1994.\n<\/p>\n<p  >\nD\u00e9nomm\u00e9 \"HU\" pour prot\u00e9ger son anonymat, le treizi\u00e8me t\u00e9moin de l'accusation a rapport\u00e9 qu'au lendemain de l'attentat contre l'avion de l'ancien pr\u00e9sident rwandais Juv\u00e9nal Habyarimana qui a d\u00e9clench\u00e9 le g\u00e9nocide anti-tutsi et les massacres D'opposants qui ont fait un million de morts en trois mois, environ 300 personnes, Hutus et Tutsis confondus, se sont r\u00e9fugi\u00e9es dans une mosqu\u00e9e dont il \u00e9tait responsable.\n<\/p>\n<p><!--more--><\/p>\n<p  >\nLe t\u00e9moin n'a pas indiqu\u00e9 l'endroit o\u00f9 se trouvait cette mosqu\u00e9e.\n<\/p>\n<p  >\nDes militaires seraient arriv\u00e9s \u00e0 la mosqu\u00e9e le 8 avril, en compagnie des Interahamwe (milices affili\u00e9es \u00e0 l'ex-parti pr\u00e9sidentiel) et auraient s\u00e9par\u00e9 les Hutus des Tutsis en se basant sur leurs cartes D'identit\u00e9.\n<\/p>\n<p  >\n\"Au moins 20 Tutsis ont \u00e9t\u00e9 ex\u00e9cut\u00e9s [par des Interahamwe], d\u00e9coup\u00e9s \u00e0 la machette ou \u00e0 la coupe-coupe ou tu\u00e9s \u00e0 coups de gourdin\", a d\u00e9clar\u00e9 le t\u00e9moin.\n<\/p>\n<p  >\nDes soldats avaient pr\u00e9alablement fusill\u00e9 trois Tutsis, dans le but D'intimider quiconque tenterait de s'opposer \u00e0 eux, selon M.HU.\n<\/p>\n<p  >\nLe t\u00e9moin a all\u00e9gu\u00e9 que les soldats en question appartenaient au bataillon de la garde pr\u00e9sidentielle. l'ancien commandant de la garde pr\u00e9sidentielle, le major Protais Mpiranya, est recherch\u00e9 par le TPIR.\n<\/p>\n<p  >\nSelon divers t\u00e9moignages, des soldats et des gendarmes ont jou\u00e9 un r\u00f4le capital dans le g\u00e9nocide en ordonnant les massacres et en montrant l'exemple aux tueurs.\n<\/p>\n<p  >\nLe parquet affirme que les officiers sup\u00e9rieurs ont autorit\u00e9 sur l'ensemble des hommes de troupe, y compris ceux qui n'appartiennent pas \u00e0 leurs unit\u00e9s.\n<\/p>\n<p  >\nCe proc\u00e8s dit \"des militaires\" concerne l'ancien directeur de cabinet au minist\u00e8re de la d\u00e9fense, le colonel Th\u00e9oneste Bagosora, consid\u00e9r\u00e9 par le parquet comme \"cerveau du g\u00e9nocide\", l'ancien responsable des op\u00e9rations militaires \u00e0 l'Etat major de l'arm\u00e9e, le g\u00e9n\u00e9ral de brigade Gratien Kabiligi, l'ancien commandant de la r\u00e9gion militaire de Gisenyi (ouest du Rwanda), le lieutenant-colonel Anatole Nsengiyumva, ainsi que l'ancien commandant du bataillon para-commando de Kanombe (Kigali), le major Aloys Ntabakuze.\n<\/p>\n<p  >\nIls sont accus\u00e9s notamment de conspiration en vue du g\u00e9nocide, crimes contre l'humanit\u00e9 et crimes de guerre. Ils plaident non coupable.\n<\/p>\n<p  >\nLe proc\u00e8s a \u00e9t\u00e9 ajourn\u00e9 deux fois d\u00e8s le d\u00e9but de la semaine, faute de t\u00e9moins \u00e0 charge, mais jeudi matin la situation s'\u00e9tait normalis\u00e9e.\n<\/p>\n<p  >\nLes d\u00e9bats se d\u00e9roulent devant la premi\u00e8re chambre de premi\u00e8re instance du TPIR, pr\u00e9sid\u00e9e par le juge norv\u00e9gien Erik Mose, assist\u00e9 des juges russe Serguei Aleckseievich et fidjien Jai Ram Reddy.\n<\/p>\n<p  >\nGA\/AT\/GF\/FH (Ml'0904A)<\/p>\n","protected":false},"excerpt":{"rendered":"<p>Arusha, le 4 septembre 2003 (FH) - Un t\u00e9moin \u00e0 charge entendu jeudi dans le proc\u00e8s de quatre hauts grad\u00e9s de l'ancienne arm\u00e9e rwandaise en cours devant le Tribunal p\u00e9nal international pour le Rwanda (TPIR) a affirm\u00e9 jeudi que des soldats ont tu\u00e9 des Tutsis r\u00e9fugi\u00e9s dans une mosqu\u00e9e en avril 1994. D\u00e9nomm\u00e9 \"HU\" pour [&hellip;]<\/p>\n","protected":false},"author":64,"featured_media":0,"comment_status":"open","ping_status":"closed","sticky":false,"template":"","format":"standard","meta":{"_acf_changed":false,"footnotes":""},"categories":[554],"tags":[],"ji_location":[],"class_list":["post-4864","post","type-post","status-publish","format-standard","hentry","category-hirondellenews"],"acf":[],"yoast_head":"<!-- This site is optimized with the Yoast SEO Premium plugin v25.3.1 (Yoast SEO v25.3.1) - https:\/\/yoast.com\/wordpress\/plugins\/seo\/ -->\n<title>04.09.2003 - TPIR\/MILITAIRES I - DES SOLDATS AURAIENT TUE DES TUTSIS REFUGIES DANS UNE MOSQUEE - JusticeInfo.net<\/title>\n<meta name=\"robots\" content=\"index, follow, max-snippet:-1, max-image-preview:large, max-video-preview:-1\" \/>\n<link rel=\"canonical\" href=\"https:\/\/www.justiceinfo.net\/fr\/4864-04092003-tpirmilitaires-i-des-soldats-auraient-tue-des-tutsis-refugies-dans-une-mosquee1654.html\" \/>\n<meta property=\"og:locale\" content=\"fr_FR\" \/>\n<meta property=\"og:type\" content=\"article\" \/>\n<meta property=\"og:title\" content=\"04.09.2003 - TPIR\/MILITAIRES I - DES SOLDATS AURAIENT TUE DES TUTSIS REFUGIES DANS UNE MOSQUEE\" \/>\n<meta property=\"og:description\" content=\"Arusha, le 4 septembre 2003 (FH) - Un t\u00e9moin \u00e0 charge entendu jeudi dans le proc\u00e8s de quatre hauts grad\u00e9s de l&#039;ancienne arm\u00e9e rwandaise en cours devant le Tribunal p\u00e9nal international pour le Rwanda (TPIR) a affirm\u00e9 jeudi que des soldats ont tu\u00e9 des Tutsis r\u00e9fugi\u00e9s dans une mosqu\u00e9e en avril 1994. D\u00e9nomm\u00e9 &quot;HU&quot; pour [&hellip;]\" \/>\n<meta property=\"og:url\" content=\"https:\/\/www.justiceinfo.net\/fr\/4864-04092003-tpirmilitaires-i-des-soldats-auraient-tue-des-tutsis-refugies-dans-une-mosquee1654.html\" \/>\n<meta property=\"og:site_name\" content=\"JusticeInfo.net\" \/>\n<meta property=\"article:publisher\" content=\"https:\/\/www.facebook.com\/JusticeInfo\/\" \/>\n<meta property=\"article:published_time\" content=\"2003-09-03T22:00:00+00:00\" \/>\n<meta property=\"og:image\" content=\"https:\/\/www.justiceinfo.net\/wp-content\/uploads\/JusticeInfoNet_logo_1200x630px.jpg\" \/>\n\t<meta property=\"og:image:width\" content=\"1200\" \/>\n\t<meta property=\"og:image:height\" content=\"630\" \/>\n\t<meta property=\"og:image:type\" content=\"image\/jpeg\" \/>\n<meta name=\"author\" content=\"solivri\" \/>\n<meta name=\"twitter:card\" content=\"summary_large_image\" \/>\n<meta name=\"twitter:creator\" content=\"@justiceinfonet\" \/>\n<meta name=\"twitter:site\" content=\"@justiceinfonet\" \/>\n<meta name=\"twitter:label1\" content=\"\u00c9crit par\" \/>\n\t<meta name=\"twitter:data1\" content=\"solivri\" \/>\n\t<meta name=\"twitter:label2\" content=\"Dur\u00e9e de lecture estim\u00e9e\" \/>\n\t<meta name=\"twitter:data2\" content=\"2 minutes\" \/>\n<script type=\"application\/ld+json\" class=\"yoast-schema-graph\">{\"@context\":\"https:\/\/schema.org\",\"@graph\":[{\"@type\":\"NewsArticle\",\"@id\":\"https:\/\/www.justiceinfo.net\/fr\/4864-04092003-tpirmilitaires-i-des-soldats-auraient-tue-des-tutsis-refugies-dans-une-mosquee1654.html#article\",\"isPartOf\":{\"@id\":\"https:\/\/www.justiceinfo.net\/fr\/4864-04092003-tpirmilitaires-i-des-soldats-auraient-tue-des-tutsis-refugies-dans-une-mosquee1654.html\"},\"author\":{\"name\":\"solivri\",\"@id\":\"https:\/\/www.justiceinfo.net\/fr#\/schema\/person\/6e53cba1629e2e66f3fc1821d3091865\"},\"headline\":\"04.09.2003 - TPIR\/MILITAIRES I - DES SOLDATS AURAIENT TUE DES TUTSIS REFUGIES DANS UNE MOSQUEE\",\"datePublished\":\"2003-09-03T22:00:00+00:00\",\"mainEntityOfPage\":{\"@id\":\"https:\/\/www.justiceinfo.net\/fr\/4864-04092003-tpirmilitaires-i-des-soldats-auraient-tue-des-tutsis-refugies-dans-une-mosquee1654.html\"},\"wordCount\":534,\"commentCount\":0,\"publisher\":{\"@id\":\"https:\/\/www.justiceinfo.net\/fr#organization\"},\"articleSection\":[\"Hirondelle News\"],\"inLanguage\":\"fr-FR\",\"potentialAction\":[{\"@type\":\"CommentAction\",\"name\":\"Comment\",\"target\":[\"https:\/\/www.justiceinfo.net\/fr\/4864-04092003-tpirmilitaires-i-des-soldats-auraient-tue-des-tutsis-refugies-dans-une-mosquee1654.html#respond\"]}]},{\"@type\":\"WebPage\",\"@id\":\"https:\/\/www.justiceinfo.net\/fr\/4864-04092003-tpirmilitaires-i-des-soldats-auraient-tue-des-tutsis-refugies-dans-une-mosquee1654.html\",\"url\":\"https:\/\/www.justiceinfo.net\/fr\/4864-04092003-tpirmilitaires-i-des-soldats-auraient-tue-des-tutsis-refugies-dans-une-mosquee1654.html\",\"name\":\"04.09.2003 - TPIR\/MILITAIRES I - DES SOLDATS AURAIENT TUE DES TUTSIS REFUGIES DANS UNE MOSQUEE - JusticeInfo.net\",\"isPartOf\":{\"@id\":\"https:\/\/www.justiceinfo.net\/fr#website\"},\"datePublished\":\"2003-09-03T22:00:00+00:00\",\"breadcrumb\":{\"@id\":\"https:\/\/www.justiceinfo.net\/fr\/4864-04092003-tpirmilitaires-i-des-soldats-auraient-tue-des-tutsis-refugies-dans-une-mosquee1654.html#breadcrumb\"},\"inLanguage\":\"fr-FR\",\"potentialAction\":[{\"@type\":\"ReadAction\",\"target\":[\"https:\/\/www.justiceinfo.net\/fr\/4864-04092003-tpirmilitaires-i-des-soldats-auraient-tue-des-tutsis-refugies-dans-une-mosquee1654.html\"]}]},{\"@type\":\"BreadcrumbList\",\"@id\":\"https:\/\/www.justiceinfo.net\/fr\/4864-04092003-tpirmilitaires-i-des-soldats-auraient-tue-des-tutsis-refugies-dans-une-mosquee1654.html#breadcrumb\",\"itemListElement\":[{\"@type\":\"ListItem\",\"position\":1,\"name\":\"Home\",\"item\":\"https:\/\/www.justiceinfo.net\/fr\"},{\"@type\":\"ListItem\",\"position\":2,\"name\":\"04.09.2003 - TPIR\/MILITAIRES I - DES SOLDATS AURAIENT TUE DES TUTSIS REFUGIES DANS UNE MOSQUEE\"}]},{\"@type\":\"WebSite\",\"@id\":\"https:\/\/www.justiceinfo.net\/fr#website\",\"url\":\"https:\/\/www.justiceinfo.net\/fr\",\"name\":\"JusticeInfo.net\",\"description\":\"La justice doit \u00eatre vue pour \u00eatre rendue\",\"publisher\":{\"@id\":\"https:\/\/www.justiceinfo.net\/fr#organization\"},\"potentialAction\":[{\"@type\":\"SearchAction\",\"target\":{\"@type\":\"EntryPoint\",\"urlTemplate\":\"https:\/\/www.justiceinfo.net\/fr?s={search_term_string}\"},\"query-input\":{\"@type\":\"PropertyValueSpecification\",\"valueRequired\":true,\"valueName\":\"search_term_string\"}}],\"inLanguage\":\"fr-FR\"},{\"@type\":\"Organization\",\"@id\":\"https:\/\/www.justiceinfo.net\/fr#organization\",\"name\":\"Justice Info\",\"url\":\"https:\/\/www.justiceinfo.net\/fr\",\"logo\":{\"@type\":\"ImageObject\",\"inLanguage\":\"fr-FR\",\"@id\":\"https:\/\/www.justiceinfo.net\/fr#\/schema\/logo\/image\/\",\"url\":\"https:\/\/www.justiceinfo.net\/wp-content\/uploads\/justiceinfo_logo-trans_1200x1200px.png\",\"contentUrl\":\"https:\/\/www.justiceinfo.net\/wp-content\/uploads\/justiceinfo_logo-trans_1200x1200px.png\",\"width\":1199,\"height\":1200,\"caption\":\"Justice Info\"},\"image\":{\"@id\":\"https:\/\/www.justiceinfo.net\/fr#\/schema\/logo\/image\/\"},\"sameAs\":[\"https:\/\/www.facebook.com\/JusticeInfo\/\",\"https:\/\/x.com\/justiceinfonet\",\"https:\/\/www.linkedin.com\/company\/justice-info\",\"https:\/\/www.youtube.com\/channel\/UCyCEsARodyuWtkWyhn-e7pA\"]},{\"@type\":\"Person\",\"name\":\"solivri\",\"url\":\"\/fr\/?s=solivri\"}]}<\/script>\n<!-- \/ Yoast SEO Premium plugin. -->","yoast_head_json":{"title":"04.09.2003 - TPIR\/MILITAIRES I - DES SOLDATS AURAIENT TUE DES TUTSIS REFUGIES DANS UNE MOSQUEE - JusticeInfo.net","robots":{"index":"index","follow":"follow","max-snippet":"max-snippet:-1","max-image-preview":"max-image-preview:large","max-video-preview":"max-video-preview:-1"},"canonical":"https:\/\/www.justiceinfo.net\/fr\/4864-04092003-tpirmilitaires-i-des-soldats-auraient-tue-des-tutsis-refugies-dans-une-mosquee1654.html","og_locale":"fr_FR","og_type":"article","og_title":"04.09.2003 - TPIR\/MILITAIRES I - DES SOLDATS AURAIENT TUE DES TUTSIS REFUGIES DANS UNE MOSQUEE","og_description":"Arusha, le 4 septembre 2003 (FH) - Un t\u00e9moin \u00e0 charge entendu jeudi dans le proc\u00e8s de quatre hauts grad\u00e9s de l'ancienne arm\u00e9e rwandaise en cours devant le Tribunal p\u00e9nal international pour le Rwanda (TPIR) a affirm\u00e9 jeudi que des soldats ont tu\u00e9 des Tutsis r\u00e9fugi\u00e9s dans une mosqu\u00e9e en avril 1994. D\u00e9nomm\u00e9 \"HU\" pour [&hellip;]","og_url":"https:\/\/www.justiceinfo.net\/fr\/4864-04092003-tpirmilitaires-i-des-soldats-auraient-tue-des-tutsis-refugies-dans-une-mosquee1654.html","og_site_name":"JusticeInfo.net","article_publisher":"https:\/\/www.facebook.com\/JusticeInfo\/","article_published_time":"2003-09-03T22:00:00+00:00","og_image":[{"width":1200,"height":630,"url":"https:\/\/www.justiceinfo.net\/wp-content\/uploads\/JusticeInfoNet_logo_1200x630px.jpg","type":"image\/jpeg"}],"author":"solivri","twitter_card":"summary_large_image","twitter_creator":"@justiceinfonet","twitter_site":"@justiceinfonet","twitter_misc":{"\u00c9crit par":"solivri","Dur\u00e9e de lecture estim\u00e9e":"2 minutes"},"schema":{"@context":"https:\/\/schema.org","@graph":[{"@type":"NewsArticle","@id":"https:\/\/www.justiceinfo.net\/fr\/4864-04092003-tpirmilitaires-i-des-soldats-auraient-tue-des-tutsis-refugies-dans-une-mosquee1654.html#article","isPartOf":{"@id":"https:\/\/www.justiceinfo.net\/fr\/4864-04092003-tpirmilitaires-i-des-soldats-auraient-tue-des-tutsis-refugies-dans-une-mosquee1654.html"},"author":{"name":"solivri","@id":"https:\/\/www.justiceinfo.net\/fr#\/schema\/person\/6e53cba1629e2e66f3fc1821d3091865"},"headline":"04.09.2003 - TPIR\/MILITAIRES I - DES SOLDATS AURAIENT TUE DES TUTSIS REFUGIES DANS UNE MOSQUEE","datePublished":"2003-09-03T22:00:00+00:00","mainEntityOfPage":{"@id":"https:\/\/www.justiceinfo.net\/fr\/4864-04092003-tpirmilitaires-i-des-soldats-auraient-tue-des-tutsis-refugies-dans-une-mosquee1654.html"},"wordCount":534,"commentCount":0,"publisher":{"@id":"https:\/\/www.justiceinfo.net\/fr#organization"},"articleSection":["Hirondelle News"],"inLanguage":"fr-FR","potentialAction":[{"@type":"CommentAction","name":"Comment","target":["https:\/\/www.justiceinfo.net\/fr\/4864-04092003-tpirmilitaires-i-des-soldats-auraient-tue-des-tutsis-refugies-dans-une-mosquee1654.html#respond"]}]},{"@type":"WebPage","@id":"https:\/\/www.justiceinfo.net\/fr\/4864-04092003-tpirmilitaires-i-des-soldats-auraient-tue-des-tutsis-refugies-dans-une-mosquee1654.html","url":"https:\/\/www.justiceinfo.net\/fr\/4864-04092003-tpirmilitaires-i-des-soldats-auraient-tue-des-tutsis-refugies-dans-une-mosquee1654.html","name":"04.09.2003 - TPIR\/MILITAIRES I - DES SOLDATS AURAIENT TUE DES TUTSIS REFUGIES DANS UNE MOSQUEE - JusticeInfo.net","isPartOf":{"@id":"https:\/\/www.justiceinfo.net\/fr#website"},"datePublished":"2003-09-03T22:00:00+00:00","breadcrumb":{"@id":"https:\/\/www.justiceinfo.net\/fr\/4864-04092003-tpirmilitaires-i-des-soldats-auraient-tue-des-tutsis-refugies-dans-une-mosquee1654.html#breadcrumb"},"inLanguage":"fr-FR","potentialAction":[{"@type":"ReadAction","target":["https:\/\/www.justiceinfo.net\/fr\/4864-04092003-tpirmilitaires-i-des-soldats-auraient-tue-des-tutsis-refugies-dans-une-mosquee1654.html"]}]},{"@type":"BreadcrumbList","@id":"https:\/\/www.justiceinfo.net\/fr\/4864-04092003-tpirmilitaires-i-des-soldats-auraient-tue-des-tutsis-refugies-dans-une-mosquee1654.html#breadcrumb","itemListElement":[{"@type":"ListItem","position":1,"name":"Home","item":"https:\/\/www.justiceinfo.net\/fr"},{"@type":"ListItem","position":2,"name":"04.09.2003 - TPIR\/MILITAIRES I - DES SOLDATS AURAIENT TUE DES TUTSIS REFUGIES DANS UNE MOSQUEE"}]},{"@type":"WebSite","@id":"https:\/\/www.justiceinfo.net\/fr#website","url":"https:\/\/www.justiceinfo.net\/fr","name":"JusticeInfo.net","description":"La justice doit \u00eatre vue pour \u00eatre rendue","publisher":{"@id":"https:\/\/www.justiceinfo.net\/fr#organization"},"potentialAction":[{"@type":"SearchAction","target":{"@type":"EntryPoint","urlTemplate":"https:\/\/www.justiceinfo.net\/fr?s={search_term_string}"},"query-input":{"@type":"PropertyValueSpecification","valueRequired":true,"valueName":"search_term_string"}}],"inLanguage":"fr-FR"},{"@type":"Organization","@id":"https:\/\/www.justiceinfo.net\/fr#organization","name":"Justice Info","url":"https:\/\/www.justiceinfo.net\/fr","logo":{"@type":"ImageObject","inLanguage":"fr-FR","@id":"https:\/\/www.justiceinfo.net\/fr#\/schema\/logo\/image\/","url":"https:\/\/www.justiceinfo.net\/wp-content\/uploads\/justiceinfo_logo-trans_1200x1200px.png","contentUrl":"https:\/\/www.justiceinfo.net\/wp-content\/uploads\/justiceinfo_logo-trans_1200x1200px.png","width":1199,"height":1200,"caption":"Justice Info"},"image":{"@id":"https:\/\/www.justiceinfo.net\/fr#\/schema\/logo\/image\/"},"sameAs":["https:\/\/www.facebook.com\/JusticeInfo\/","https:\/\/x.com\/justiceinfonet","https:\/\/www.linkedin.com\/company\/justice-info","https:\/\/www.youtube.com\/channel\/UCyCEsARodyuWtkWyhn-e7pA"]},{"@type":"Person","name":"solivri","url":"\/fr\/?s=solivri"}]}},"_links":{"self":[{"href":"https:\/\/www.justiceinfo.net\/fr\/wp-json\/wp\/v2\/posts\/4864","targetHints":{"allow":["GET"]}}],"collection":[{"href":"https:\/\/www.justiceinfo.net\/fr\/wp-json\/wp\/v2\/posts"}],"about":[{"href":"https:\/\/www.justiceinfo.net\/fr\/wp-json\/wp\/v2\/types\/post"}],"author":[{"embeddable":true,"href":"https:\/\/www.justiceinfo.net\/fr\/wp-json\/wp\/v2\/users\/64"}],"replies":[{"embeddable":true,"href":"https:\/\/www.justiceinfo.net\/fr\/wp-json\/wp\/v2\/comments?post=4864"}],"version-history":[{"count":0,"href":"https:\/\/www.justiceinfo.net\/fr\/wp-json\/wp\/v2\/posts\/4864\/revisions"}],"wp:attachment":[{"href":"https:\/\/www.justiceinfo.net\/fr\/wp-json\/wp\/v2\/media?parent=4864"}],"wp:term":[{"taxonomy":"category","embeddable":true,"href":"https:\/\/www.justiceinfo.net\/fr\/wp-json\/wp\/v2\/categories?post=4864"},{"taxonomy":"post_tag","embeddable":true,"href":"https:\/\/www.justiceinfo.net\/fr\/wp-json\/wp\/v2\/tags?post=4864"},{"taxonomy":"ji_location","embeddable":true,"href":"https:\/\/www.justiceinfo.net\/fr\/wp-json\/wp\/v2\/ji_location?post=4864"}],"curies":[{"name":"wp","href":"https:\/\/api.w.org\/{rel}","templated":true}]}}