{"id":4967,"date":"2003-07-18T00:00:00","date_gmt":"2003-07-17T22:00:00","guid":{"rendered":"https:\/\/www.justiceinfo.net\/4967-18072003-tpirmilitaires-i-le-proces-des-militaires-i-prend-de-lelan1757.html"},"modified":"2003-07-18T00:00:00","modified_gmt":"2003-07-17T22:00:00","slug":"18072003-tpirmilitaires-i-le-proces-des-militaires-i-prend-de-lelan1757","status":"publish","type":"post","link":"https:\/\/www.justiceinfo.net\/fr\/4967-18072003-tpirmilitaires-i-le-proces-des-militaires-i-prend-de-lelan1757.html","title":{"rendered":"18.07.2003 - TPIR\/MILITAIRES I - LE PROCES DES MILITAIRES I PREND DE l'ELAN"},"content":{"rendered":"<p  >\nArusha, le 18 juillet 2003 (FH) - Le proc\u00e8s de quatre hauts grad\u00e9s des ex-Forces arm\u00e9es rwandaises (ex-FAR) en cours devant le Tribunal p\u00e9nal international pour le Rwanda (TPIR) s'est acc\u00e9l\u00e9r\u00e9 depuis sa reprise en mi-juin dernier, notent les observateurs.\n<\/p>\n<p  >\nDu 16 juin au 18 juillet dernier, la chambre a entendu neuf t\u00e9moins de l'accusation.\n<\/p>\n<p><!--more--><\/p>\n<p  >\nCe rythme contraste nettement avec celui des deux pr\u00e9c\u00e9dentes sessions en septembre et novembre 2002, au cours desquelles deux t\u00e9moins \u00e0 charge seulement avaient comparu.\n<\/p>\n<p  >\nCe proc\u00e8s concerne l'ancien directeur de cabinet au minist\u00e8re de la d\u00e9fense, le colonel Th\u00e9oneste Bagosora, l'ancien responsable des op\u00e9rations militaires \u00e0 l'Etat major de l'arm\u00e9e, le g\u00e9n\u00e9ral de brigade Gratien Kabiligi, l'ancien commandant de la r\u00e9gion militaire de Gisenyi (ouest du Rwanda), le lieutenant-colonel Anatole Nsengiyumva, ainsi que l'ancien commandant du bataillon para-commando de Kanombe (Kigali), le major Aloys Ntabakuze.\n<\/p>\n<p  >\nAccus\u00e9s notamment D'entente en vue de commettre le g\u00e9nocide et de crimes de guerre, tous plaident non coupable.<br \/>\nLes t\u00e9moins cit\u00e9s au cours de cette session ont essentiellement mis en cause Anatole Nsengiyumva, pour des massacres commis \u00e0 Gisenyi pendant le g\u00e9nocide anti-tutsi de 1994. l'accus\u00e9 aurait, \u00e0 certaines occasions, collabor\u00e9 avec Bagosora dans l'ex\u00e9cution de ces crimes.\n<\/p>\n<p  >\nLors D'un point de presse jeudi, le porte-parole du TPIR, Roland Amoussouga, s'est f\u00e9licit\u00e9 de l'\u00e9tat D'avancement de ce proc\u00e8s.\n<\/p>\n<p  >\n\"Le rythme observ\u00e9 est D'une importance capitale, quand on consid\u00e8re les charges retenues contre les accus\u00e9s\", a-t-il d\u00e9clar\u00e9.\n<\/p>\n<p  >\nMercredi, le procureur a indiqu\u00e9 qu'il terminera pr\u00e9sentation de ses moyens de preuve avant No\u00ebl 2003. Il entend d\u00e9sormais se limiter aux \"t\u00e9moins pertinents\".\n<\/p>\n<p  >\nLes d\u00e9bats ont \u00e9t\u00e9 suspendus vendredi. Ils reprendront le 1er septembre.\n<\/p>\n<p  >\nLe calendrier pr\u00e9voit des audiences jusqu'au 17 d\u00e9cembre. Le procureur devrait alors citer 32 t\u00e9moins.\n<\/p>\n<p  >\nLe proc\u00e8s des \"Militaires I\" se d\u00e9roule devant la premi\u00e8re chambre de premi\u00e8re instance du TPIR pr\u00e9sid\u00e9e par le juge norv\u00e9gien Erik Mose et comprenant en outre les juges russe Serguei Aleckseievich et fidjien Jai Ram Reddy.\n<\/p>\n<p  >\nGA\/AT\/GF\/FH(Ml'0718A)<\/p>\n","protected":false},"excerpt":{"rendered":"<p>Arusha, le 18 juillet 2003 (FH) - Le proc\u00e8s de quatre hauts grad\u00e9s des ex-Forces arm\u00e9es rwandaises (ex-FAR) en cours devant le Tribunal p\u00e9nal international pour le Rwanda (TPIR) s'est acc\u00e9l\u00e9r\u00e9 depuis sa reprise en mi-juin dernier, notent les observateurs. Du 16 juin au 18 juillet dernier, la chambre a entendu neuf t\u00e9moins de l'accusation.<\/p>\n","protected":false},"author":64,"featured_media":0,"comment_status":"open","ping_status":"closed","sticky":false,"template":"","format":"standard","meta":{"_acf_changed":false,"footnotes":""},"categories":[554],"tags":[],"ji_location":[],"class_list":["post-4967","post","type-post","status-publish","format-standard","hentry","category-hirondellenews"],"acf":[],"yoast_head":"<!-- This site is optimized with the Yoast SEO Premium plugin v25.3.1 (Yoast SEO v25.3.1) - https:\/\/yoast.com\/wordpress\/plugins\/seo\/ -->\n<title>18.07.2003 - TPIR\/MILITAIRES I - LE PROCES DES MILITAIRES I PREND DE l&#039;ELAN - JusticeInfo.net<\/title>\n<meta name=\"robots\" content=\"index, follow, max-snippet:-1, max-image-preview:large, max-video-preview:-1\" \/>\n<link rel=\"canonical\" href=\"https:\/\/www.justiceinfo.net\/fr\/4967-18072003-tpirmilitaires-i-le-proces-des-militaires-i-prend-de-lelan1757.html\" \/>\n<meta property=\"og:locale\" content=\"fr_FR\" \/>\n<meta property=\"og:type\" content=\"article\" \/>\n<meta property=\"og:title\" content=\"18.07.2003 - TPIR\/MILITAIRES I - LE PROCES DES MILITAIRES I PREND DE l&#039;ELAN\" \/>\n<meta property=\"og:description\" content=\"Arusha, le 18 juillet 2003 (FH) - Le proc\u00e8s de quatre hauts grad\u00e9s des ex-Forces arm\u00e9es rwandaises (ex-FAR) en cours devant le Tribunal p\u00e9nal international pour le Rwanda (TPIR) s&#039;est acc\u00e9l\u00e9r\u00e9 depuis sa reprise en mi-juin dernier, notent les observateurs. Du 16 juin au 18 juillet dernier, la chambre a entendu neuf t\u00e9moins de l&#039;accusation.\" \/>\n<meta property=\"og:url\" content=\"https:\/\/www.justiceinfo.net\/fr\/4967-18072003-tpirmilitaires-i-le-proces-des-militaires-i-prend-de-lelan1757.html\" \/>\n<meta property=\"og:site_name\" content=\"JusticeInfo.net\" \/>\n<meta property=\"article:publisher\" content=\"https:\/\/www.facebook.com\/JusticeInfo\/\" \/>\n<meta property=\"article:published_time\" content=\"2003-07-17T22:00:00+00:00\" \/>\n<meta property=\"og:image\" content=\"https:\/\/www.justiceinfo.net\/wp-content\/uploads\/JusticeInfoNet_logo_1200x630px.jpg\" \/>\n\t<meta property=\"og:image:width\" content=\"1200\" \/>\n\t<meta property=\"og:image:height\" content=\"630\" \/>\n\t<meta property=\"og:image:type\" content=\"image\/jpeg\" \/>\n<meta name=\"author\" content=\"solivri\" \/>\n<meta name=\"twitter:card\" content=\"summary_large_image\" \/>\n<meta name=\"twitter:creator\" content=\"@justiceinfonet\" \/>\n<meta name=\"twitter:site\" content=\"@justiceinfonet\" \/>\n<meta name=\"twitter:label1\" content=\"\u00c9crit par\" \/>\n\t<meta name=\"twitter:data1\" content=\"solivri\" \/>\n\t<meta name=\"twitter:label2\" content=\"Dur\u00e9e de lecture estim\u00e9e\" \/>\n\t<meta name=\"twitter:data2\" content=\"2 minutes\" \/>\n<script type=\"application\/ld+json\" class=\"yoast-schema-graph\">{\"@context\":\"https:\/\/schema.org\",\"@graph\":[{\"@type\":\"NewsArticle\",\"@id\":\"https:\/\/www.justiceinfo.net\/fr\/4967-18072003-tpirmilitaires-i-le-proces-des-militaires-i-prend-de-lelan1757.html#article\",\"isPartOf\":{\"@id\":\"https:\/\/www.justiceinfo.net\/fr\/4967-18072003-tpirmilitaires-i-le-proces-des-militaires-i-prend-de-lelan1757.html\"},\"author\":{\"name\":\"solivri\",\"@id\":\"https:\/\/www.justiceinfo.net\/fr#\/schema\/person\/6e53cba1629e2e66f3fc1821d3091865\"},\"headline\":\"18.07.2003 - TPIR\/MILITAIRES I - LE PROCES DES MILITAIRES I PREND DE l'ELAN\",\"datePublished\":\"2003-07-17T22:00:00+00:00\",\"mainEntityOfPage\":{\"@id\":\"https:\/\/www.justiceinfo.net\/fr\/4967-18072003-tpirmilitaires-i-le-proces-des-militaires-i-prend-de-lelan1757.html\"},\"wordCount\":394,\"commentCount\":0,\"publisher\":{\"@id\":\"https:\/\/www.justiceinfo.net\/fr#organization\"},\"articleSection\":[\"Hirondelle News\"],\"inLanguage\":\"fr-FR\",\"potentialAction\":[{\"@type\":\"CommentAction\",\"name\":\"Comment\",\"target\":[\"https:\/\/www.justiceinfo.net\/fr\/4967-18072003-tpirmilitaires-i-le-proces-des-militaires-i-prend-de-lelan1757.html#respond\"]}]},{\"@type\":\"WebPage\",\"@id\":\"https:\/\/www.justiceinfo.net\/fr\/4967-18072003-tpirmilitaires-i-le-proces-des-militaires-i-prend-de-lelan1757.html\",\"url\":\"https:\/\/www.justiceinfo.net\/fr\/4967-18072003-tpirmilitaires-i-le-proces-des-militaires-i-prend-de-lelan1757.html\",\"name\":\"18.07.2003 - TPIR\/MILITAIRES I - LE PROCES DES MILITAIRES I PREND DE l'ELAN - JusticeInfo.net\",\"isPartOf\":{\"@id\":\"https:\/\/www.justiceinfo.net\/fr#website\"},\"datePublished\":\"2003-07-17T22:00:00+00:00\",\"breadcrumb\":{\"@id\":\"https:\/\/www.justiceinfo.net\/fr\/4967-18072003-tpirmilitaires-i-le-proces-des-militaires-i-prend-de-lelan1757.html#breadcrumb\"},\"inLanguage\":\"fr-FR\",\"potentialAction\":[{\"@type\":\"ReadAction\",\"target\":[\"https:\/\/www.justiceinfo.net\/fr\/4967-18072003-tpirmilitaires-i-le-proces-des-militaires-i-prend-de-lelan1757.html\"]}]},{\"@type\":\"BreadcrumbList\",\"@id\":\"https:\/\/www.justiceinfo.net\/fr\/4967-18072003-tpirmilitaires-i-le-proces-des-militaires-i-prend-de-lelan1757.html#breadcrumb\",\"itemListElement\":[{\"@type\":\"ListItem\",\"position\":1,\"name\":\"Home\",\"item\":\"https:\/\/www.justiceinfo.net\/fr\"},{\"@type\":\"ListItem\",\"position\":2,\"name\":\"18.07.2003 - TPIR\/MILITAIRES I - LE PROCES DES MILITAIRES I PREND DE l'ELAN\"}]},{\"@type\":\"WebSite\",\"@id\":\"https:\/\/www.justiceinfo.net\/fr#website\",\"url\":\"https:\/\/www.justiceinfo.net\/fr\",\"name\":\"JusticeInfo.net\",\"description\":\"La justice doit \u00eatre vue pour \u00eatre rendue\",\"publisher\":{\"@id\":\"https:\/\/www.justiceinfo.net\/fr#organization\"},\"potentialAction\":[{\"@type\":\"SearchAction\",\"target\":{\"@type\":\"EntryPoint\",\"urlTemplate\":\"https:\/\/www.justiceinfo.net\/fr?s={search_term_string}\"},\"query-input\":{\"@type\":\"PropertyValueSpecification\",\"valueRequired\":true,\"valueName\":\"search_term_string\"}}],\"inLanguage\":\"fr-FR\"},{\"@type\":\"Organization\",\"@id\":\"https:\/\/www.justiceinfo.net\/fr#organization\",\"name\":\"Justice Info\",\"url\":\"https:\/\/www.justiceinfo.net\/fr\",\"logo\":{\"@type\":\"ImageObject\",\"inLanguage\":\"fr-FR\",\"@id\":\"https:\/\/www.justiceinfo.net\/fr#\/schema\/logo\/image\/\",\"url\":\"https:\/\/www.justiceinfo.net\/wp-content\/uploads\/justiceinfo_logo-trans_1200x1200px.png\",\"contentUrl\":\"https:\/\/www.justiceinfo.net\/wp-content\/uploads\/justiceinfo_logo-trans_1200x1200px.png\",\"width\":1199,\"height\":1200,\"caption\":\"Justice Info\"},\"image\":{\"@id\":\"https:\/\/www.justiceinfo.net\/fr#\/schema\/logo\/image\/\"},\"sameAs\":[\"https:\/\/www.facebook.com\/JusticeInfo\/\",\"https:\/\/x.com\/justiceinfonet\",\"https:\/\/www.linkedin.com\/company\/justice-info\",\"https:\/\/www.youtube.com\/channel\/UCyCEsARodyuWtkWyhn-e7pA\"]},{\"@type\":\"Person\",\"name\":\"solivri\",\"url\":\"\/fr\/?s=solivri\"}]}<\/script>\n<!-- \/ Yoast SEO Premium plugin. -->","yoast_head_json":{"title":"18.07.2003 - TPIR\/MILITAIRES I - LE PROCES DES MILITAIRES I PREND DE l'ELAN - JusticeInfo.net","robots":{"index":"index","follow":"follow","max-snippet":"max-snippet:-1","max-image-preview":"max-image-preview:large","max-video-preview":"max-video-preview:-1"},"canonical":"https:\/\/www.justiceinfo.net\/fr\/4967-18072003-tpirmilitaires-i-le-proces-des-militaires-i-prend-de-lelan1757.html","og_locale":"fr_FR","og_type":"article","og_title":"18.07.2003 - TPIR\/MILITAIRES I - LE PROCES DES MILITAIRES I PREND DE l'ELAN","og_description":"Arusha, le 18 juillet 2003 (FH) - Le proc\u00e8s de quatre hauts grad\u00e9s des ex-Forces arm\u00e9es rwandaises (ex-FAR) en cours devant le Tribunal p\u00e9nal international pour le Rwanda (TPIR) s'est acc\u00e9l\u00e9r\u00e9 depuis sa reprise en mi-juin dernier, notent les observateurs. Du 16 juin au 18 juillet dernier, la chambre a entendu neuf t\u00e9moins de l'accusation.","og_url":"https:\/\/www.justiceinfo.net\/fr\/4967-18072003-tpirmilitaires-i-le-proces-des-militaires-i-prend-de-lelan1757.html","og_site_name":"JusticeInfo.net","article_publisher":"https:\/\/www.facebook.com\/JusticeInfo\/","article_published_time":"2003-07-17T22:00:00+00:00","og_image":[{"width":1200,"height":630,"url":"https:\/\/www.justiceinfo.net\/wp-content\/uploads\/JusticeInfoNet_logo_1200x630px.jpg","type":"image\/jpeg"}],"author":"solivri","twitter_card":"summary_large_image","twitter_creator":"@justiceinfonet","twitter_site":"@justiceinfonet","twitter_misc":{"\u00c9crit par":"solivri","Dur\u00e9e de lecture estim\u00e9e":"2 minutes"},"schema":{"@context":"https:\/\/schema.org","@graph":[{"@type":"NewsArticle","@id":"https:\/\/www.justiceinfo.net\/fr\/4967-18072003-tpirmilitaires-i-le-proces-des-militaires-i-prend-de-lelan1757.html#article","isPartOf":{"@id":"https:\/\/www.justiceinfo.net\/fr\/4967-18072003-tpirmilitaires-i-le-proces-des-militaires-i-prend-de-lelan1757.html"},"author":{"name":"solivri","@id":"https:\/\/www.justiceinfo.net\/fr#\/schema\/person\/6e53cba1629e2e66f3fc1821d3091865"},"headline":"18.07.2003 - TPIR\/MILITAIRES I - LE PROCES DES MILITAIRES I PREND DE l'ELAN","datePublished":"2003-07-17T22:00:00+00:00","mainEntityOfPage":{"@id":"https:\/\/www.justiceinfo.net\/fr\/4967-18072003-tpirmilitaires-i-le-proces-des-militaires-i-prend-de-lelan1757.html"},"wordCount":394,"commentCount":0,"publisher":{"@id":"https:\/\/www.justiceinfo.net\/fr#organization"},"articleSection":["Hirondelle News"],"inLanguage":"fr-FR","potentialAction":[{"@type":"CommentAction","name":"Comment","target":["https:\/\/www.justiceinfo.net\/fr\/4967-18072003-tpirmilitaires-i-le-proces-des-militaires-i-prend-de-lelan1757.html#respond"]}]},{"@type":"WebPage","@id":"https:\/\/www.justiceinfo.net\/fr\/4967-18072003-tpirmilitaires-i-le-proces-des-militaires-i-prend-de-lelan1757.html","url":"https:\/\/www.justiceinfo.net\/fr\/4967-18072003-tpirmilitaires-i-le-proces-des-militaires-i-prend-de-lelan1757.html","name":"18.07.2003 - TPIR\/MILITAIRES I - LE PROCES DES MILITAIRES I PREND DE l'ELAN - JusticeInfo.net","isPartOf":{"@id":"https:\/\/www.justiceinfo.net\/fr#website"},"datePublished":"2003-07-17T22:00:00+00:00","breadcrumb":{"@id":"https:\/\/www.justiceinfo.net\/fr\/4967-18072003-tpirmilitaires-i-le-proces-des-militaires-i-prend-de-lelan1757.html#breadcrumb"},"inLanguage":"fr-FR","potentialAction":[{"@type":"ReadAction","target":["https:\/\/www.justiceinfo.net\/fr\/4967-18072003-tpirmilitaires-i-le-proces-des-militaires-i-prend-de-lelan1757.html"]}]},{"@type":"BreadcrumbList","@id":"https:\/\/www.justiceinfo.net\/fr\/4967-18072003-tpirmilitaires-i-le-proces-des-militaires-i-prend-de-lelan1757.html#breadcrumb","itemListElement":[{"@type":"ListItem","position":1,"name":"Home","item":"https:\/\/www.justiceinfo.net\/fr"},{"@type":"ListItem","position":2,"name":"18.07.2003 - TPIR\/MILITAIRES I - LE PROCES DES MILITAIRES I PREND DE l'ELAN"}]},{"@type":"WebSite","@id":"https:\/\/www.justiceinfo.net\/fr#website","url":"https:\/\/www.justiceinfo.net\/fr","name":"JusticeInfo.net","description":"La justice doit \u00eatre vue pour \u00eatre rendue","publisher":{"@id":"https:\/\/www.justiceinfo.net\/fr#organization"},"potentialAction":[{"@type":"SearchAction","target":{"@type":"EntryPoint","urlTemplate":"https:\/\/www.justiceinfo.net\/fr?s={search_term_string}"},"query-input":{"@type":"PropertyValueSpecification","valueRequired":true,"valueName":"search_term_string"}}],"inLanguage":"fr-FR"},{"@type":"Organization","@id":"https:\/\/www.justiceinfo.net\/fr#organization","name":"Justice Info","url":"https:\/\/www.justiceinfo.net\/fr","logo":{"@type":"ImageObject","inLanguage":"fr-FR","@id":"https:\/\/www.justiceinfo.net\/fr#\/schema\/logo\/image\/","url":"https:\/\/www.justiceinfo.net\/wp-content\/uploads\/justiceinfo_logo-trans_1200x1200px.png","contentUrl":"https:\/\/www.justiceinfo.net\/wp-content\/uploads\/justiceinfo_logo-trans_1200x1200px.png","width":1199,"height":1200,"caption":"Justice Info"},"image":{"@id":"https:\/\/www.justiceinfo.net\/fr#\/schema\/logo\/image\/"},"sameAs":["https:\/\/www.facebook.com\/JusticeInfo\/","https:\/\/x.com\/justiceinfonet","https:\/\/www.linkedin.com\/company\/justice-info","https:\/\/www.youtube.com\/channel\/UCyCEsARodyuWtkWyhn-e7pA"]},{"@type":"Person","name":"solivri","url":"\/fr\/?s=solivri"}]}},"_links":{"self":[{"href":"https:\/\/www.justiceinfo.net\/fr\/wp-json\/wp\/v2\/posts\/4967","targetHints":{"allow":["GET"]}}],"collection":[{"href":"https:\/\/www.justiceinfo.net\/fr\/wp-json\/wp\/v2\/posts"}],"about":[{"href":"https:\/\/www.justiceinfo.net\/fr\/wp-json\/wp\/v2\/types\/post"}],"author":[{"embeddable":true,"href":"https:\/\/www.justiceinfo.net\/fr\/wp-json\/wp\/v2\/users\/64"}],"replies":[{"embeddable":true,"href":"https:\/\/www.justiceinfo.net\/fr\/wp-json\/wp\/v2\/comments?post=4967"}],"version-history":[{"count":0,"href":"https:\/\/www.justiceinfo.net\/fr\/wp-json\/wp\/v2\/posts\/4967\/revisions"}],"wp:attachment":[{"href":"https:\/\/www.justiceinfo.net\/fr\/wp-json\/wp\/v2\/media?parent=4967"}],"wp:term":[{"taxonomy":"category","embeddable":true,"href":"https:\/\/www.justiceinfo.net\/fr\/wp-json\/wp\/v2\/categories?post=4967"},{"taxonomy":"post_tag","embeddable":true,"href":"https:\/\/www.justiceinfo.net\/fr\/wp-json\/wp\/v2\/tags?post=4967"},{"taxonomy":"ji_location","embeddable":true,"href":"https:\/\/www.justiceinfo.net\/fr\/wp-json\/wp\/v2\/ji_location?post=4967"}],"curies":[{"name":"wp","href":"https:\/\/api.w.org\/{rel}","templated":true}]}}