{"id":4987,"date":"2003-07-11T00:00:00","date_gmt":"2003-07-10T22:00:00","guid":{"rendered":"https:\/\/www.justiceinfo.net\/4987-11072003-tpirkajelijeli-debut-des-plaidoiries-finales-lundi1777.html"},"modified":"2003-07-11T00:00:00","modified_gmt":"2003-07-10T22:00:00","slug":"11072003-tpirkajelijeli-debut-des-plaidoiries-finales-lundi1777","status":"publish","type":"post","link":"https:\/\/www.justiceinfo.net\/fr\/4987-11072003-tpirkajelijeli-debut-des-plaidoiries-finales-lundi1777.html","title":{"rendered":"11.07.2003 - TPIR\/KAJELIJELI - DEBUT DES PLAIDOIRIES FINALES LUNDI"},"content":{"rendered":"<p  >\nArusha 11 juillet 2003 (FH) \u2013 Les plaidoiries finales dans le proc\u00e8s de Juv\u00e9nal Kajelijeli, l'ancien maire de Mukingo (province de Ruhengeri, nord du Rwanda) en jugement devant le Tribunal p\u00e9nal international pour le Rwanda (TPIR), se d\u00e9rouleront du lundi 14 au mercredi 16 juillet 2003.\n<\/p>\n<p  >\nKajelijeli , 52 ans, a dirig\u00e9 la commune de Mukingo de 1988 \u00e0 1993 puis de juin \u00e0 juillet 1994, date \u00e0 laquelle il a pris le chemin de l\u2019exil, fuyant l\u2019avanc\u00e9e de la r\u00e9bellion tutsie du Front patriotique rwandais (FPR) aujourd\u2019hui au pouvoir.\n<\/p>\n<p><!--more--><\/p>\n<p  >\nIl r\u00e9pond aujourd\u2019hui de 8 chefs D'accusation - contre onze au d\u00e9part - dont ceux de g\u00e9nocide et crimes contre l'humanit\u00e9 portant sur des massacres de Tutsis commis entre avril et juillet 1994 dans la commune de Mukingo et ses environs. Le parquet soutient que \u00ab l'accus\u00e9 a ordonn\u00e9, organis\u00e9 et supervis\u00e9 ces attaques et pris part \u00e0 leur perp\u00e9tration\".\n<\/p>\n<p  >\nL\u2019ancien maire plaide non coupable.<br \/>\nLe proc\u00e8s Kajelijeli avait \u00e9t\u00e9 ajourn\u00e9 le 23 avril dernier au terme du t\u00e9moignage de l'accus\u00e9, 28\u00e8me et dernier t\u00e9moin de la d\u00e9fense.\n<\/p>\n<p  >\nl'accusation avait, pour sa part, cl\u00f4tur\u00e9 ses moyens de preuve le 10 avril 2002, apr\u00e8s avoir cit\u00e9 quatorze t\u00e9moins. Chacune des deux parties a cit\u00e9, parmi ses t\u00e9moins, des d\u00e9tenus qui ont avou\u00e9 devant la justice rwandaise leur participation au g\u00e9nocide de 1994.\n<\/p>\n<p  >\nOuvert sur le fond le 13 mars 2001, le proc\u00e8s avait \u00e9t\u00e9 interrompu deux mois plus tard suite au d\u00e9c\u00e8s du pr\u00e9sident de la chambre, le S\u00e9n\u00e9galais La\u00efty Kama. Les d\u00e9bats ont recommenc\u00e9 le 14 juillet de la m\u00eame ann\u00e9e devant une chambre recompos\u00e9e.\n<\/p>\n<p  >\nKajelijeli est d\u00e9fendu par l\u2019Am\u00e9ricain Lennox Hinds et le Congolais Nkeyi Bompaka. L\u2019\u00e9quipe de l\u2019accusation est quant \u00e0 elle conduite par la Nig\u00e9riane Ifeoma Ojemini.\n<\/p>\n<p  >\nApr\u00e8s les plaidoiries du 14 au 16 juillet, le dernier mot en premi\u00e8re instance appartiendra aux trois juges de la deuxi\u00e8me chambre du TPIR : le Tanzanien William Hussein Sekule (pr\u00e9sident), la Malgache Arlette Ramaroson et le Lesothan Winston Churchill Matanzima Maqutu. Ils devraient rendre leur jugement d\u2019ici la fin de l\u2019ann\u00e9e.\n<\/p>\n<p  >\nER\/CE\/GF\/FH (KJ\u20190710A)<\/p>\n","protected":false},"excerpt":{"rendered":"<p>Arusha 11 juillet 2003 (FH) \u2013 Les plaidoiries finales dans le proc\u00e8s de Juv\u00e9nal Kajelijeli, l'ancien maire de Mukingo (province de Ruhengeri, nord du Rwanda) en jugement devant le Tribunal p\u00e9nal international pour le Rwanda (TPIR), se d\u00e9rouleront du lundi 14 au mercredi 16 juillet 2003. Kajelijeli , 52 ans, a dirig\u00e9 la commune de [&hellip;]<\/p>\n","protected":false},"author":64,"featured_media":0,"comment_status":"open","ping_status":"closed","sticky":false,"template":"","format":"standard","meta":{"_acf_changed":false,"footnotes":""},"categories":[554],"tags":[],"ji_location":[],"class_list":["post-4987","post","type-post","status-publish","format-standard","hentry","category-hirondellenews"],"acf":[],"yoast_head":"<!-- This site is optimized with the Yoast SEO Premium plugin v25.3.1 (Yoast SEO v25.3.1) - https:\/\/yoast.com\/wordpress\/plugins\/seo\/ -->\n<title>11.07.2003 - TPIR\/KAJELIJELI - DEBUT DES PLAIDOIRIES FINALES LUNDI - JusticeInfo.net<\/title>\n<meta name=\"robots\" content=\"index, follow, max-snippet:-1, max-image-preview:large, max-video-preview:-1\" \/>\n<link rel=\"canonical\" href=\"https:\/\/www.justiceinfo.net\/fr\/4987-11072003-tpirkajelijeli-debut-des-plaidoiries-finales-lundi1777.html\" \/>\n<meta property=\"og:locale\" content=\"fr_FR\" \/>\n<meta property=\"og:type\" content=\"article\" \/>\n<meta property=\"og:title\" content=\"11.07.2003 - TPIR\/KAJELIJELI - DEBUT DES PLAIDOIRIES FINALES LUNDI\" \/>\n<meta property=\"og:description\" content=\"Arusha 11 juillet 2003 (FH) \u2013 Les plaidoiries finales dans le proc\u00e8s de Juv\u00e9nal Kajelijeli, l&#039;ancien maire de Mukingo (province de Ruhengeri, nord du Rwanda) en jugement devant le Tribunal p\u00e9nal international pour le Rwanda (TPIR), se d\u00e9rouleront du lundi 14 au mercredi 16 juillet 2003. Kajelijeli , 52 ans, a dirig\u00e9 la commune de [&hellip;]\" \/>\n<meta property=\"og:url\" content=\"https:\/\/www.justiceinfo.net\/fr\/4987-11072003-tpirkajelijeli-debut-des-plaidoiries-finales-lundi1777.html\" \/>\n<meta property=\"og:site_name\" content=\"JusticeInfo.net\" \/>\n<meta property=\"article:publisher\" content=\"https:\/\/www.facebook.com\/JusticeInfo\/\" \/>\n<meta property=\"article:published_time\" content=\"2003-07-10T22:00:00+00:00\" \/>\n<meta property=\"og:image\" content=\"https:\/\/www.justiceinfo.net\/wp-content\/uploads\/JusticeInfoNet_logo_1200x630px.jpg\" \/>\n\t<meta property=\"og:image:width\" content=\"1200\" \/>\n\t<meta property=\"og:image:height\" content=\"630\" \/>\n\t<meta property=\"og:image:type\" content=\"image\/jpeg\" \/>\n<meta name=\"author\" content=\"solivri\" \/>\n<meta name=\"twitter:card\" content=\"summary_large_image\" \/>\n<meta name=\"twitter:creator\" content=\"@justiceinfonet\" \/>\n<meta name=\"twitter:site\" content=\"@justiceinfonet\" \/>\n<meta name=\"twitter:label1\" content=\"\u00c9crit par\" \/>\n\t<meta name=\"twitter:data1\" content=\"solivri\" \/>\n\t<meta name=\"twitter:label2\" content=\"Dur\u00e9e de lecture estim\u00e9e\" \/>\n\t<meta name=\"twitter:data2\" content=\"2 minutes\" \/>\n<script type=\"application\/ld+json\" class=\"yoast-schema-graph\">{\"@context\":\"https:\/\/schema.org\",\"@graph\":[{\"@type\":\"NewsArticle\",\"@id\":\"https:\/\/www.justiceinfo.net\/fr\/4987-11072003-tpirkajelijeli-debut-des-plaidoiries-finales-lundi1777.html#article\",\"isPartOf\":{\"@id\":\"https:\/\/www.justiceinfo.net\/fr\/4987-11072003-tpirkajelijeli-debut-des-plaidoiries-finales-lundi1777.html\"},\"author\":{\"name\":\"solivri\",\"@id\":\"https:\/\/www.justiceinfo.net\/fr#\/schema\/person\/6e53cba1629e2e66f3fc1821d3091865\"},\"headline\":\"11.07.2003 - TPIR\/KAJELIJELI - DEBUT DES PLAIDOIRIES FINALES LUNDI\",\"datePublished\":\"2003-07-10T22:00:00+00:00\",\"mainEntityOfPage\":{\"@id\":\"https:\/\/www.justiceinfo.net\/fr\/4987-11072003-tpirkajelijeli-debut-des-plaidoiries-finales-lundi1777.html\"},\"wordCount\":383,\"commentCount\":0,\"publisher\":{\"@id\":\"https:\/\/www.justiceinfo.net\/fr#organization\"},\"articleSection\":[\"Hirondelle News\"],\"inLanguage\":\"fr-FR\",\"potentialAction\":[{\"@type\":\"CommentAction\",\"name\":\"Comment\",\"target\":[\"https:\/\/www.justiceinfo.net\/fr\/4987-11072003-tpirkajelijeli-debut-des-plaidoiries-finales-lundi1777.html#respond\"]}]},{\"@type\":\"WebPage\",\"@id\":\"https:\/\/www.justiceinfo.net\/fr\/4987-11072003-tpirkajelijeli-debut-des-plaidoiries-finales-lundi1777.html\",\"url\":\"https:\/\/www.justiceinfo.net\/fr\/4987-11072003-tpirkajelijeli-debut-des-plaidoiries-finales-lundi1777.html\",\"name\":\"11.07.2003 - TPIR\/KAJELIJELI - DEBUT DES PLAIDOIRIES FINALES LUNDI - JusticeInfo.net\",\"isPartOf\":{\"@id\":\"https:\/\/www.justiceinfo.net\/fr#website\"},\"datePublished\":\"2003-07-10T22:00:00+00:00\",\"breadcrumb\":{\"@id\":\"https:\/\/www.justiceinfo.net\/fr\/4987-11072003-tpirkajelijeli-debut-des-plaidoiries-finales-lundi1777.html#breadcrumb\"},\"inLanguage\":\"fr-FR\",\"potentialAction\":[{\"@type\":\"ReadAction\",\"target\":[\"https:\/\/www.justiceinfo.net\/fr\/4987-11072003-tpirkajelijeli-debut-des-plaidoiries-finales-lundi1777.html\"]}]},{\"@type\":\"BreadcrumbList\",\"@id\":\"https:\/\/www.justiceinfo.net\/fr\/4987-11072003-tpirkajelijeli-debut-des-plaidoiries-finales-lundi1777.html#breadcrumb\",\"itemListElement\":[{\"@type\":\"ListItem\",\"position\":1,\"name\":\"Home\",\"item\":\"https:\/\/www.justiceinfo.net\/fr\"},{\"@type\":\"ListItem\",\"position\":2,\"name\":\"11.07.2003 - TPIR\/KAJELIJELI - DEBUT DES PLAIDOIRIES FINALES LUNDI\"}]},{\"@type\":\"WebSite\",\"@id\":\"https:\/\/www.justiceinfo.net\/fr#website\",\"url\":\"https:\/\/www.justiceinfo.net\/fr\",\"name\":\"JusticeInfo.net\",\"description\":\"La justice doit \u00eatre vue pour \u00eatre rendue\",\"publisher\":{\"@id\":\"https:\/\/www.justiceinfo.net\/fr#organization\"},\"potentialAction\":[{\"@type\":\"SearchAction\",\"target\":{\"@type\":\"EntryPoint\",\"urlTemplate\":\"https:\/\/www.justiceinfo.net\/fr?s={search_term_string}\"},\"query-input\":{\"@type\":\"PropertyValueSpecification\",\"valueRequired\":true,\"valueName\":\"search_term_string\"}}],\"inLanguage\":\"fr-FR\"},{\"@type\":\"Organization\",\"@id\":\"https:\/\/www.justiceinfo.net\/fr#organization\",\"name\":\"Justice Info\",\"url\":\"https:\/\/www.justiceinfo.net\/fr\",\"logo\":{\"@type\":\"ImageObject\",\"inLanguage\":\"fr-FR\",\"@id\":\"https:\/\/www.justiceinfo.net\/fr#\/schema\/logo\/image\/\",\"url\":\"https:\/\/www.justiceinfo.net\/wp-content\/uploads\/justiceinfo_logo-trans_1200x1200px.png\",\"contentUrl\":\"https:\/\/www.justiceinfo.net\/wp-content\/uploads\/justiceinfo_logo-trans_1200x1200px.png\",\"width\":1199,\"height\":1200,\"caption\":\"Justice Info\"},\"image\":{\"@id\":\"https:\/\/www.justiceinfo.net\/fr#\/schema\/logo\/image\/\"},\"sameAs\":[\"https:\/\/www.facebook.com\/JusticeInfo\/\",\"https:\/\/x.com\/justiceinfonet\",\"https:\/\/www.linkedin.com\/company\/justice-info\",\"https:\/\/www.youtube.com\/channel\/UCyCEsARodyuWtkWyhn-e7pA\"]},{\"@type\":\"Person\",\"name\":\"solivri\",\"url\":\"\/fr\/?s=solivri\"}]}<\/script>\n<!-- \/ Yoast SEO Premium plugin. -->","yoast_head_json":{"title":"11.07.2003 - TPIR\/KAJELIJELI - DEBUT DES PLAIDOIRIES FINALES LUNDI - JusticeInfo.net","robots":{"index":"index","follow":"follow","max-snippet":"max-snippet:-1","max-image-preview":"max-image-preview:large","max-video-preview":"max-video-preview:-1"},"canonical":"https:\/\/www.justiceinfo.net\/fr\/4987-11072003-tpirkajelijeli-debut-des-plaidoiries-finales-lundi1777.html","og_locale":"fr_FR","og_type":"article","og_title":"11.07.2003 - TPIR\/KAJELIJELI - DEBUT DES PLAIDOIRIES FINALES LUNDI","og_description":"Arusha 11 juillet 2003 (FH) \u2013 Les plaidoiries finales dans le proc\u00e8s de Juv\u00e9nal Kajelijeli, l'ancien maire de Mukingo (province de Ruhengeri, nord du Rwanda) en jugement devant le Tribunal p\u00e9nal international pour le Rwanda (TPIR), se d\u00e9rouleront du lundi 14 au mercredi 16 juillet 2003. Kajelijeli , 52 ans, a dirig\u00e9 la commune de [&hellip;]","og_url":"https:\/\/www.justiceinfo.net\/fr\/4987-11072003-tpirkajelijeli-debut-des-plaidoiries-finales-lundi1777.html","og_site_name":"JusticeInfo.net","article_publisher":"https:\/\/www.facebook.com\/JusticeInfo\/","article_published_time":"2003-07-10T22:00:00+00:00","og_image":[{"width":1200,"height":630,"url":"https:\/\/www.justiceinfo.net\/wp-content\/uploads\/JusticeInfoNet_logo_1200x630px.jpg","type":"image\/jpeg"}],"author":"solivri","twitter_card":"summary_large_image","twitter_creator":"@justiceinfonet","twitter_site":"@justiceinfonet","twitter_misc":{"\u00c9crit par":"solivri","Dur\u00e9e de lecture estim\u00e9e":"2 minutes"},"schema":{"@context":"https:\/\/schema.org","@graph":[{"@type":"NewsArticle","@id":"https:\/\/www.justiceinfo.net\/fr\/4987-11072003-tpirkajelijeli-debut-des-plaidoiries-finales-lundi1777.html#article","isPartOf":{"@id":"https:\/\/www.justiceinfo.net\/fr\/4987-11072003-tpirkajelijeli-debut-des-plaidoiries-finales-lundi1777.html"},"author":{"name":"solivri","@id":"https:\/\/www.justiceinfo.net\/fr#\/schema\/person\/6e53cba1629e2e66f3fc1821d3091865"},"headline":"11.07.2003 - TPIR\/KAJELIJELI - DEBUT DES PLAIDOIRIES FINALES LUNDI","datePublished":"2003-07-10T22:00:00+00:00","mainEntityOfPage":{"@id":"https:\/\/www.justiceinfo.net\/fr\/4987-11072003-tpirkajelijeli-debut-des-plaidoiries-finales-lundi1777.html"},"wordCount":383,"commentCount":0,"publisher":{"@id":"https:\/\/www.justiceinfo.net\/fr#organization"},"articleSection":["Hirondelle News"],"inLanguage":"fr-FR","potentialAction":[{"@type":"CommentAction","name":"Comment","target":["https:\/\/www.justiceinfo.net\/fr\/4987-11072003-tpirkajelijeli-debut-des-plaidoiries-finales-lundi1777.html#respond"]}]},{"@type":"WebPage","@id":"https:\/\/www.justiceinfo.net\/fr\/4987-11072003-tpirkajelijeli-debut-des-plaidoiries-finales-lundi1777.html","url":"https:\/\/www.justiceinfo.net\/fr\/4987-11072003-tpirkajelijeli-debut-des-plaidoiries-finales-lundi1777.html","name":"11.07.2003 - TPIR\/KAJELIJELI - DEBUT DES PLAIDOIRIES FINALES LUNDI - JusticeInfo.net","isPartOf":{"@id":"https:\/\/www.justiceinfo.net\/fr#website"},"datePublished":"2003-07-10T22:00:00+00:00","breadcrumb":{"@id":"https:\/\/www.justiceinfo.net\/fr\/4987-11072003-tpirkajelijeli-debut-des-plaidoiries-finales-lundi1777.html#breadcrumb"},"inLanguage":"fr-FR","potentialAction":[{"@type":"ReadAction","target":["https:\/\/www.justiceinfo.net\/fr\/4987-11072003-tpirkajelijeli-debut-des-plaidoiries-finales-lundi1777.html"]}]},{"@type":"BreadcrumbList","@id":"https:\/\/www.justiceinfo.net\/fr\/4987-11072003-tpirkajelijeli-debut-des-plaidoiries-finales-lundi1777.html#breadcrumb","itemListElement":[{"@type":"ListItem","position":1,"name":"Home","item":"https:\/\/www.justiceinfo.net\/fr"},{"@type":"ListItem","position":2,"name":"11.07.2003 - TPIR\/KAJELIJELI - DEBUT DES PLAIDOIRIES FINALES LUNDI"}]},{"@type":"WebSite","@id":"https:\/\/www.justiceinfo.net\/fr#website","url":"https:\/\/www.justiceinfo.net\/fr","name":"JusticeInfo.net","description":"La justice doit \u00eatre vue pour \u00eatre rendue","publisher":{"@id":"https:\/\/www.justiceinfo.net\/fr#organization"},"potentialAction":[{"@type":"SearchAction","target":{"@type":"EntryPoint","urlTemplate":"https:\/\/www.justiceinfo.net\/fr?s={search_term_string}"},"query-input":{"@type":"PropertyValueSpecification","valueRequired":true,"valueName":"search_term_string"}}],"inLanguage":"fr-FR"},{"@type":"Organization","@id":"https:\/\/www.justiceinfo.net\/fr#organization","name":"Justice Info","url":"https:\/\/www.justiceinfo.net\/fr","logo":{"@type":"ImageObject","inLanguage":"fr-FR","@id":"https:\/\/www.justiceinfo.net\/fr#\/schema\/logo\/image\/","url":"https:\/\/www.justiceinfo.net\/wp-content\/uploads\/justiceinfo_logo-trans_1200x1200px.png","contentUrl":"https:\/\/www.justiceinfo.net\/wp-content\/uploads\/justiceinfo_logo-trans_1200x1200px.png","width":1199,"height":1200,"caption":"Justice Info"},"image":{"@id":"https:\/\/www.justiceinfo.net\/fr#\/schema\/logo\/image\/"},"sameAs":["https:\/\/www.facebook.com\/JusticeInfo\/","https:\/\/x.com\/justiceinfonet","https:\/\/www.linkedin.com\/company\/justice-info","https:\/\/www.youtube.com\/channel\/UCyCEsARodyuWtkWyhn-e7pA"]},{"@type":"Person","name":"solivri","url":"\/fr\/?s=solivri"}]}},"_links":{"self":[{"href":"https:\/\/www.justiceinfo.net\/fr\/wp-json\/wp\/v2\/posts\/4987","targetHints":{"allow":["GET"]}}],"collection":[{"href":"https:\/\/www.justiceinfo.net\/fr\/wp-json\/wp\/v2\/posts"}],"about":[{"href":"https:\/\/www.justiceinfo.net\/fr\/wp-json\/wp\/v2\/types\/post"}],"author":[{"embeddable":true,"href":"https:\/\/www.justiceinfo.net\/fr\/wp-json\/wp\/v2\/users\/64"}],"replies":[{"embeddable":true,"href":"https:\/\/www.justiceinfo.net\/fr\/wp-json\/wp\/v2\/comments?post=4987"}],"version-history":[{"count":0,"href":"https:\/\/www.justiceinfo.net\/fr\/wp-json\/wp\/v2\/posts\/4987\/revisions"}],"wp:attachment":[{"href":"https:\/\/www.justiceinfo.net\/fr\/wp-json\/wp\/v2\/media?parent=4987"}],"wp:term":[{"taxonomy":"category","embeddable":true,"href":"https:\/\/www.justiceinfo.net\/fr\/wp-json\/wp\/v2\/categories?post=4987"},{"taxonomy":"post_tag","embeddable":true,"href":"https:\/\/www.justiceinfo.net\/fr\/wp-json\/wp\/v2\/tags?post=4987"},{"taxonomy":"ji_location","embeddable":true,"href":"https:\/\/www.justiceinfo.net\/fr\/wp-json\/wp\/v2\/ji_location?post=4987"}],"curies":[{"name":"wp","href":"https:\/\/api.w.org\/{rel}","templated":true}]}}