{"id":4991,"date":"2003-07-09T00:00:00","date_gmt":"2003-07-08T22:00:00","guid":{"rendered":"https:\/\/www.justiceinfo.net\/4991-09072003-tpirmilitaires-i-la-defense-rejete-les-allegations-dattaque-dune-eglise1781.html"},"modified":"2003-07-09T00:00:00","modified_gmt":"2003-07-08T22:00:00","slug":"09072003-tpirmilitaires-i-la-defense-rejete-les-allegations-dattaque-dune-eglise1781","status":"publish","type":"post","link":"https:\/\/www.justiceinfo.net\/fr\/4991-09072003-tpirmilitaires-i-la-defense-rejete-les-allegations-dattaque-dune-eglise1781.html","title":{"rendered":"09.07.2003 - TPIR\/MILITAIRES I - LA DEFENSE REJETE LES ALLEGATIONS D'ATTAQUE D\u2019UNE EGLISE"},"content":{"rendered":"<p  >\nArusha, le 9 juillet 2003 (FH) - La d\u00e9fense de l'ancien commandant de la r\u00e9gion militaire de Gisenyi (ouest du Rwanda), le lieutenant-colonel Anatole Nsengiyumva, a rejet\u00e9 mercredi devant le Tribunal p\u00e9nal international pour le Rwanda (TPIR) les all\u00e9gations D'un t\u00e9moin \u00e0 charge selon lesquelles l'accus\u00e9 aurait dirig\u00e9 une attaque contre une \u00e9glise durant le g\u00e9nocide de 1994.\n<\/p>\n<p  >\nD\u00e9sign\u00e9 par les lettres \"XBG\", le neuvi\u00e8me t\u00e9moin du parquet a all\u00e9gu\u00e9 que fin mai 1994, Nsengiyumva a conduit une attaque des Interahamwe contre des centaines de Tutsis r\u00e9fugi\u00e9s \u00e0 l'\u00e9glise de Busasamana, commune Rwerere (pr\u00e9fecture Gisenyi), o\u00f9 \"180 \u00e0 200\" D'entre eux ont trouv\u00e9 la mort.\n<\/p>\n<p><!--more--><\/p>\n<p  >\nLe conseil Kenyan de Nsengiyumva, Me Kennedy Ogetto a D'abord relev\u00e9 en contre-interrogatoire que le t\u00e9moin n'a pas \u00e9t\u00e9 t\u00e9moin oculaire de cette attaque, lui-m\u00eame ayant affirm\u00e9 qu'\u00e0 ce moment l\u00e0, il \u00e9tait occup\u00e9 \u00e0 piller la demeure D'un pr\u00eatre.\n<\/p>\n<p  >\nMe Ogetto a en outre demand\u00e9 \u00e0 XBG D'expliquer comment il en est arriv\u00e9 \u00e0 l'estimation de \"180 \u00e0 200\" tu\u00e9s, alors qu'il avait affirm\u00e9 lors de l\u2019interrogatoire principal qu'il n'avait vu ni compt\u00e9 les cadavres, \u00e9tant donn\u00e9 que la chapelle o\u00f9 les victimes avaient \u00e9t\u00e9 massacr\u00e9es \u00e9tait ferm\u00e9e .\n<\/p>\n<p  >\n\"Je tiens compte de la dimension de la chapelle car J'allais y prier\", a r\u00e9torqu\u00e9 le t\u00e9moin, ajoutant que la salle \u00e9tait pleine de corps. \"Et les gens qui ont commis ces actes nous en ont parl\u00e9\", a-t-il ajout\u00e9, en guise de clarification.\n<\/p>\n<p  >\n\"Je vous sugg\u00e8re, t\u00e9moin, que cette \u00e9pisode de Busasamana ne s'est jamais produit, et c'est pour cela que vous n'avez jamais mentionn\u00e9 ces \u00e9v\u00e9nements devant le parquet rwandais\", a soutenu Me Ogetto.\n<\/p>\n<p  >\nXBG a \u00e9t\u00e9 relax\u00e9 D'une des prisons du Rwanda \u00e0 la suite D'un d\u00e9cret pr\u00e9sidentiel en janvier dernier. Il a plaid\u00e9 coupable de g\u00e9nocide en 1999 apr\u00e8s avoir \u00e9t\u00e9 incarc\u00e9r\u00e9 depuis 1995.\n<\/p>\n<p  >\nLe t\u00e9moin ayant essentiellement t\u00e9moign\u00e9 contre Nsengiyumva, les autres avocats l'ont en grande partie contre-interrog\u00e9 sur son arrestation et sa d\u00e9tention au Rwanda.\n<\/p>\n<p  >\nNsengiyumva est co-accus\u00e9 avec l'ancien directeur de cabinet au minist\u00e8re de la d\u00e9fense, le colonel Th\u00e9oneste Bagosora, l'ancien responsable des op\u00e9rations militaires \u00e0 l'Etat major de l'arm\u00e9e, le g\u00e9n\u00e9ral de brigade Gratien Kabiligi, ainsi que l'ancien commandant du bataillon para-commando de Kanombe (Kigali), le major Aloys Ntabakuze.\n<\/p>\n<p  >\nLe proc\u00e8s des \"Militaires I\" se d\u00e9roule devant la premi\u00e8re chambre de premi\u00e8re instance du TPIR, pr\u00e9sid\u00e9e par le juge norv\u00e9gien Erik Mose, assist\u00e9 des juges russe Serguei Aleckseievich Egorov et fidjien Jai Ram Reddy.\n<\/p>\n<p  >\nLe contre-interrogatoire de XBG s\u2019est achev\u00e9 mercredi. Les d\u00e9bats ont \u00e9t\u00e9 ajourn\u00e9s \u00e0 lundi prochain, les parties ayant demand\u00e9 plus de temps de pr\u00e9parer le t\u00e9moin suivant \"XBM\", le seul actuellement disponible \u00e0 Arusha.\n<\/p>\n<p  >\nCette session devait initialement aller jusqu'au 18 juillet, mais cette pr\u00e9vision reste hypoth\u00e9tique, en raison des difficult\u00e9s \u00e0 faire voyager des t\u00e9moins \u00e0 charge en provenance du Rwanda.\n<\/p>\n<p  >\nGA\/CE\/GF\/FH (Ml'0709A)<\/p>\n","protected":false},"excerpt":{"rendered":"<p>Arusha, le 9 juillet 2003 (FH) - La d\u00e9fense de l'ancien commandant de la r\u00e9gion militaire de Gisenyi (ouest du Rwanda), le lieutenant-colonel Anatole Nsengiyumva, a rejet\u00e9 mercredi devant le Tribunal p\u00e9nal international pour le Rwanda (TPIR) les all\u00e9gations D'un t\u00e9moin \u00e0 charge selon lesquelles l'accus\u00e9 aurait dirig\u00e9 une attaque contre une \u00e9glise durant le [&hellip;]<\/p>\n","protected":false},"author":64,"featured_media":0,"comment_status":"open","ping_status":"closed","sticky":false,"template":"","format":"standard","meta":{"_acf_changed":false,"footnotes":""},"categories":[554],"tags":[],"ji_location":[],"class_list":["post-4991","post","type-post","status-publish","format-standard","hentry","category-hirondellenews"],"acf":[],"yoast_head":"<!-- This site is optimized with the Yoast SEO Premium plugin v25.3.1 (Yoast SEO v25.3.1) - https:\/\/yoast.com\/wordpress\/plugins\/seo\/ -->\n<title>09.07.2003 - TPIR\/MILITAIRES I - LA DEFENSE REJETE LES ALLEGATIONS D&#039;ATTAQUE D\u2019UNE EGLISE - JusticeInfo.net<\/title>\n<meta name=\"robots\" content=\"index, follow, max-snippet:-1, max-image-preview:large, max-video-preview:-1\" \/>\n<link rel=\"canonical\" href=\"https:\/\/www.justiceinfo.net\/fr\/4991-09072003-tpirmilitaires-i-la-defense-rejete-les-allegations-dattaque-dune-eglise1781.html\" \/>\n<meta property=\"og:locale\" content=\"fr_FR\" \/>\n<meta property=\"og:type\" content=\"article\" \/>\n<meta property=\"og:title\" content=\"09.07.2003 - TPIR\/MILITAIRES I - LA DEFENSE REJETE LES ALLEGATIONS D&#039;ATTAQUE D\u2019UNE EGLISE\" \/>\n<meta property=\"og:description\" content=\"Arusha, le 9 juillet 2003 (FH) - La d\u00e9fense de l&#039;ancien commandant de la r\u00e9gion militaire de Gisenyi (ouest du Rwanda), le lieutenant-colonel Anatole Nsengiyumva, a rejet\u00e9 mercredi devant le Tribunal p\u00e9nal international pour le Rwanda (TPIR) les all\u00e9gations D&#039;un t\u00e9moin \u00e0 charge selon lesquelles l&#039;accus\u00e9 aurait dirig\u00e9 une attaque contre une \u00e9glise durant le [&hellip;]\" \/>\n<meta property=\"og:url\" content=\"https:\/\/www.justiceinfo.net\/fr\/4991-09072003-tpirmilitaires-i-la-defense-rejete-les-allegations-dattaque-dune-eglise1781.html\" \/>\n<meta property=\"og:site_name\" content=\"JusticeInfo.net\" \/>\n<meta property=\"article:publisher\" content=\"https:\/\/www.facebook.com\/JusticeInfo\/\" \/>\n<meta property=\"article:published_time\" content=\"2003-07-08T22:00:00+00:00\" \/>\n<meta property=\"og:image\" content=\"https:\/\/www.justiceinfo.net\/wp-content\/uploads\/JusticeInfoNet_logo_1200x630px.jpg\" \/>\n\t<meta property=\"og:image:width\" content=\"1200\" \/>\n\t<meta property=\"og:image:height\" content=\"630\" \/>\n\t<meta property=\"og:image:type\" content=\"image\/jpeg\" \/>\n<meta name=\"author\" content=\"solivri\" \/>\n<meta name=\"twitter:card\" content=\"summary_large_image\" \/>\n<meta name=\"twitter:creator\" content=\"@justiceinfonet\" \/>\n<meta name=\"twitter:site\" content=\"@justiceinfonet\" \/>\n<meta name=\"twitter:label1\" content=\"\u00c9crit par\" \/>\n\t<meta name=\"twitter:data1\" content=\"solivri\" \/>\n\t<meta name=\"twitter:label2\" content=\"Dur\u00e9e de lecture estim\u00e9e\" \/>\n\t<meta name=\"twitter:data2\" content=\"3 minutes\" \/>\n<script type=\"application\/ld+json\" class=\"yoast-schema-graph\">{\"@context\":\"https:\/\/schema.org\",\"@graph\":[{\"@type\":\"NewsArticle\",\"@id\":\"https:\/\/www.justiceinfo.net\/fr\/4991-09072003-tpirmilitaires-i-la-defense-rejete-les-allegations-dattaque-dune-eglise1781.html#article\",\"isPartOf\":{\"@id\":\"https:\/\/www.justiceinfo.net\/fr\/4991-09072003-tpirmilitaires-i-la-defense-rejete-les-allegations-dattaque-dune-eglise1781.html\"},\"author\":{\"name\":\"solivri\",\"@id\":\"https:\/\/www.justiceinfo.net\/fr#\/schema\/person\/6e53cba1629e2e66f3fc1821d3091865\"},\"headline\":\"09.07.2003 - TPIR\/MILITAIRES I - LA DEFENSE REJETE LES ALLEGATIONS D'ATTAQUE D\u2019UNE EGLISE\",\"datePublished\":\"2003-07-08T22:00:00+00:00\",\"mainEntityOfPage\":{\"@id\":\"https:\/\/www.justiceinfo.net\/fr\/4991-09072003-tpirmilitaires-i-la-defense-rejete-les-allegations-dattaque-dune-eglise1781.html\"},\"wordCount\":548,\"commentCount\":0,\"publisher\":{\"@id\":\"https:\/\/www.justiceinfo.net\/fr#organization\"},\"articleSection\":[\"Hirondelle News\"],\"inLanguage\":\"fr-FR\",\"potentialAction\":[{\"@type\":\"CommentAction\",\"name\":\"Comment\",\"target\":[\"https:\/\/www.justiceinfo.net\/fr\/4991-09072003-tpirmilitaires-i-la-defense-rejete-les-allegations-dattaque-dune-eglise1781.html#respond\"]}]},{\"@type\":\"WebPage\",\"@id\":\"https:\/\/www.justiceinfo.net\/fr\/4991-09072003-tpirmilitaires-i-la-defense-rejete-les-allegations-dattaque-dune-eglise1781.html\",\"url\":\"https:\/\/www.justiceinfo.net\/fr\/4991-09072003-tpirmilitaires-i-la-defense-rejete-les-allegations-dattaque-dune-eglise1781.html\",\"name\":\"09.07.2003 - TPIR\/MILITAIRES I - LA DEFENSE REJETE LES ALLEGATIONS D'ATTAQUE D\u2019UNE EGLISE - JusticeInfo.net\",\"isPartOf\":{\"@id\":\"https:\/\/www.justiceinfo.net\/fr#website\"},\"datePublished\":\"2003-07-08T22:00:00+00:00\",\"breadcrumb\":{\"@id\":\"https:\/\/www.justiceinfo.net\/fr\/4991-09072003-tpirmilitaires-i-la-defense-rejete-les-allegations-dattaque-dune-eglise1781.html#breadcrumb\"},\"inLanguage\":\"fr-FR\",\"potentialAction\":[{\"@type\":\"ReadAction\",\"target\":[\"https:\/\/www.justiceinfo.net\/fr\/4991-09072003-tpirmilitaires-i-la-defense-rejete-les-allegations-dattaque-dune-eglise1781.html\"]}]},{\"@type\":\"BreadcrumbList\",\"@id\":\"https:\/\/www.justiceinfo.net\/fr\/4991-09072003-tpirmilitaires-i-la-defense-rejete-les-allegations-dattaque-dune-eglise1781.html#breadcrumb\",\"itemListElement\":[{\"@type\":\"ListItem\",\"position\":1,\"name\":\"Home\",\"item\":\"https:\/\/www.justiceinfo.net\/fr\"},{\"@type\":\"ListItem\",\"position\":2,\"name\":\"09.07.2003 - TPIR\/MILITAIRES I - LA DEFENSE REJETE LES ALLEGATIONS D'ATTAQUE D\u2019UNE EGLISE\"}]},{\"@type\":\"WebSite\",\"@id\":\"https:\/\/www.justiceinfo.net\/fr#website\",\"url\":\"https:\/\/www.justiceinfo.net\/fr\",\"name\":\"JusticeInfo.net\",\"description\":\"La justice doit \u00eatre vue pour \u00eatre rendue\",\"publisher\":{\"@id\":\"https:\/\/www.justiceinfo.net\/fr#organization\"},\"potentialAction\":[{\"@type\":\"SearchAction\",\"target\":{\"@type\":\"EntryPoint\",\"urlTemplate\":\"https:\/\/www.justiceinfo.net\/fr?s={search_term_string}\"},\"query-input\":{\"@type\":\"PropertyValueSpecification\",\"valueRequired\":true,\"valueName\":\"search_term_string\"}}],\"inLanguage\":\"fr-FR\"},{\"@type\":\"Organization\",\"@id\":\"https:\/\/www.justiceinfo.net\/fr#organization\",\"name\":\"Justice Info\",\"url\":\"https:\/\/www.justiceinfo.net\/fr\",\"logo\":{\"@type\":\"ImageObject\",\"inLanguage\":\"fr-FR\",\"@id\":\"https:\/\/www.justiceinfo.net\/fr#\/schema\/logo\/image\/\",\"url\":\"https:\/\/www.justiceinfo.net\/wp-content\/uploads\/justiceinfo_logo-trans_1200x1200px.png\",\"contentUrl\":\"https:\/\/www.justiceinfo.net\/wp-content\/uploads\/justiceinfo_logo-trans_1200x1200px.png\",\"width\":1199,\"height\":1200,\"caption\":\"Justice Info\"},\"image\":{\"@id\":\"https:\/\/www.justiceinfo.net\/fr#\/schema\/logo\/image\/\"},\"sameAs\":[\"https:\/\/www.facebook.com\/JusticeInfo\/\",\"https:\/\/x.com\/justiceinfonet\",\"https:\/\/www.linkedin.com\/company\/justice-info\",\"https:\/\/www.youtube.com\/channel\/UCyCEsARodyuWtkWyhn-e7pA\"]},{\"@type\":\"Person\",\"name\":\"solivri\",\"url\":\"\/fr\/?s=solivri\"}]}<\/script>\n<!-- \/ Yoast SEO Premium plugin. -->","yoast_head_json":{"title":"09.07.2003 - TPIR\/MILITAIRES I - LA DEFENSE REJETE LES ALLEGATIONS D'ATTAQUE D\u2019UNE EGLISE - JusticeInfo.net","robots":{"index":"index","follow":"follow","max-snippet":"max-snippet:-1","max-image-preview":"max-image-preview:large","max-video-preview":"max-video-preview:-1"},"canonical":"https:\/\/www.justiceinfo.net\/fr\/4991-09072003-tpirmilitaires-i-la-defense-rejete-les-allegations-dattaque-dune-eglise1781.html","og_locale":"fr_FR","og_type":"article","og_title":"09.07.2003 - TPIR\/MILITAIRES I - LA DEFENSE REJETE LES ALLEGATIONS D'ATTAQUE D\u2019UNE EGLISE","og_description":"Arusha, le 9 juillet 2003 (FH) - La d\u00e9fense de l'ancien commandant de la r\u00e9gion militaire de Gisenyi (ouest du Rwanda), le lieutenant-colonel Anatole Nsengiyumva, a rejet\u00e9 mercredi devant le Tribunal p\u00e9nal international pour le Rwanda (TPIR) les all\u00e9gations D'un t\u00e9moin \u00e0 charge selon lesquelles l'accus\u00e9 aurait dirig\u00e9 une attaque contre une \u00e9glise durant le [&hellip;]","og_url":"https:\/\/www.justiceinfo.net\/fr\/4991-09072003-tpirmilitaires-i-la-defense-rejete-les-allegations-dattaque-dune-eglise1781.html","og_site_name":"JusticeInfo.net","article_publisher":"https:\/\/www.facebook.com\/JusticeInfo\/","article_published_time":"2003-07-08T22:00:00+00:00","og_image":[{"width":1200,"height":630,"url":"https:\/\/www.justiceinfo.net\/wp-content\/uploads\/JusticeInfoNet_logo_1200x630px.jpg","type":"image\/jpeg"}],"author":"solivri","twitter_card":"summary_large_image","twitter_creator":"@justiceinfonet","twitter_site":"@justiceinfonet","twitter_misc":{"\u00c9crit par":"solivri","Dur\u00e9e de lecture estim\u00e9e":"3 minutes"},"schema":{"@context":"https:\/\/schema.org","@graph":[{"@type":"NewsArticle","@id":"https:\/\/www.justiceinfo.net\/fr\/4991-09072003-tpirmilitaires-i-la-defense-rejete-les-allegations-dattaque-dune-eglise1781.html#article","isPartOf":{"@id":"https:\/\/www.justiceinfo.net\/fr\/4991-09072003-tpirmilitaires-i-la-defense-rejete-les-allegations-dattaque-dune-eglise1781.html"},"author":{"name":"solivri","@id":"https:\/\/www.justiceinfo.net\/fr#\/schema\/person\/6e53cba1629e2e66f3fc1821d3091865"},"headline":"09.07.2003 - TPIR\/MILITAIRES I - LA DEFENSE REJETE LES ALLEGATIONS D'ATTAQUE D\u2019UNE EGLISE","datePublished":"2003-07-08T22:00:00+00:00","mainEntityOfPage":{"@id":"https:\/\/www.justiceinfo.net\/fr\/4991-09072003-tpirmilitaires-i-la-defense-rejete-les-allegations-dattaque-dune-eglise1781.html"},"wordCount":548,"commentCount":0,"publisher":{"@id":"https:\/\/www.justiceinfo.net\/fr#organization"},"articleSection":["Hirondelle News"],"inLanguage":"fr-FR","potentialAction":[{"@type":"CommentAction","name":"Comment","target":["https:\/\/www.justiceinfo.net\/fr\/4991-09072003-tpirmilitaires-i-la-defense-rejete-les-allegations-dattaque-dune-eglise1781.html#respond"]}]},{"@type":"WebPage","@id":"https:\/\/www.justiceinfo.net\/fr\/4991-09072003-tpirmilitaires-i-la-defense-rejete-les-allegations-dattaque-dune-eglise1781.html","url":"https:\/\/www.justiceinfo.net\/fr\/4991-09072003-tpirmilitaires-i-la-defense-rejete-les-allegations-dattaque-dune-eglise1781.html","name":"09.07.2003 - TPIR\/MILITAIRES I - LA DEFENSE REJETE LES ALLEGATIONS D'ATTAQUE D\u2019UNE EGLISE - JusticeInfo.net","isPartOf":{"@id":"https:\/\/www.justiceinfo.net\/fr#website"},"datePublished":"2003-07-08T22:00:00+00:00","breadcrumb":{"@id":"https:\/\/www.justiceinfo.net\/fr\/4991-09072003-tpirmilitaires-i-la-defense-rejete-les-allegations-dattaque-dune-eglise1781.html#breadcrumb"},"inLanguage":"fr-FR","potentialAction":[{"@type":"ReadAction","target":["https:\/\/www.justiceinfo.net\/fr\/4991-09072003-tpirmilitaires-i-la-defense-rejete-les-allegations-dattaque-dune-eglise1781.html"]}]},{"@type":"BreadcrumbList","@id":"https:\/\/www.justiceinfo.net\/fr\/4991-09072003-tpirmilitaires-i-la-defense-rejete-les-allegations-dattaque-dune-eglise1781.html#breadcrumb","itemListElement":[{"@type":"ListItem","position":1,"name":"Home","item":"https:\/\/www.justiceinfo.net\/fr"},{"@type":"ListItem","position":2,"name":"09.07.2003 - TPIR\/MILITAIRES I - LA DEFENSE REJETE LES ALLEGATIONS D'ATTAQUE D\u2019UNE EGLISE"}]},{"@type":"WebSite","@id":"https:\/\/www.justiceinfo.net\/fr#website","url":"https:\/\/www.justiceinfo.net\/fr","name":"JusticeInfo.net","description":"La justice doit \u00eatre vue pour \u00eatre rendue","publisher":{"@id":"https:\/\/www.justiceinfo.net\/fr#organization"},"potentialAction":[{"@type":"SearchAction","target":{"@type":"EntryPoint","urlTemplate":"https:\/\/www.justiceinfo.net\/fr?s={search_term_string}"},"query-input":{"@type":"PropertyValueSpecification","valueRequired":true,"valueName":"search_term_string"}}],"inLanguage":"fr-FR"},{"@type":"Organization","@id":"https:\/\/www.justiceinfo.net\/fr#organization","name":"Justice Info","url":"https:\/\/www.justiceinfo.net\/fr","logo":{"@type":"ImageObject","inLanguage":"fr-FR","@id":"https:\/\/www.justiceinfo.net\/fr#\/schema\/logo\/image\/","url":"https:\/\/www.justiceinfo.net\/wp-content\/uploads\/justiceinfo_logo-trans_1200x1200px.png","contentUrl":"https:\/\/www.justiceinfo.net\/wp-content\/uploads\/justiceinfo_logo-trans_1200x1200px.png","width":1199,"height":1200,"caption":"Justice Info"},"image":{"@id":"https:\/\/www.justiceinfo.net\/fr#\/schema\/logo\/image\/"},"sameAs":["https:\/\/www.facebook.com\/JusticeInfo\/","https:\/\/x.com\/justiceinfonet","https:\/\/www.linkedin.com\/company\/justice-info","https:\/\/www.youtube.com\/channel\/UCyCEsARodyuWtkWyhn-e7pA"]},{"@type":"Person","name":"solivri","url":"\/fr\/?s=solivri"}]}},"_links":{"self":[{"href":"https:\/\/www.justiceinfo.net\/fr\/wp-json\/wp\/v2\/posts\/4991","targetHints":{"allow":["GET"]}}],"collection":[{"href":"https:\/\/www.justiceinfo.net\/fr\/wp-json\/wp\/v2\/posts"}],"about":[{"href":"https:\/\/www.justiceinfo.net\/fr\/wp-json\/wp\/v2\/types\/post"}],"author":[{"embeddable":true,"href":"https:\/\/www.justiceinfo.net\/fr\/wp-json\/wp\/v2\/users\/64"}],"replies":[{"embeddable":true,"href":"https:\/\/www.justiceinfo.net\/fr\/wp-json\/wp\/v2\/comments?post=4991"}],"version-history":[{"count":0,"href":"https:\/\/www.justiceinfo.net\/fr\/wp-json\/wp\/v2\/posts\/4991\/revisions"}],"wp:attachment":[{"href":"https:\/\/www.justiceinfo.net\/fr\/wp-json\/wp\/v2\/media?parent=4991"}],"wp:term":[{"taxonomy":"category","embeddable":true,"href":"https:\/\/www.justiceinfo.net\/fr\/wp-json\/wp\/v2\/categories?post=4991"},{"taxonomy":"post_tag","embeddable":true,"href":"https:\/\/www.justiceinfo.net\/fr\/wp-json\/wp\/v2\/tags?post=4991"},{"taxonomy":"ji_location","embeddable":true,"href":"https:\/\/www.justiceinfo.net\/fr\/wp-json\/wp\/v2\/ji_location?post=4991"}],"curies":[{"name":"wp","href":"https:\/\/api.w.org\/{rel}","templated":true}]}}