{"id":5033,"date":"2003-05-21T00:00:00","date_gmt":"2003-05-20T22:00:00","guid":{"rendered":"https:\/\/www.justiceinfo.net\/5033-21052003-tpirmilitaires-le-juge-williams-se-retire-du-proces-des-militaires1823.html"},"modified":"2003-05-21T00:00:00","modified_gmt":"2003-05-20T22:00:00","slug":"21052003-tpirmilitaires-le-juge-williams-se-retire-du-proces-des-militaires1823","status":"publish","type":"post","link":"https:\/\/www.justiceinfo.net\/fr\/5033-21052003-tpirmilitaires-le-juge-williams-se-retire-du-proces-des-militaires1823.html","title":{"rendered":"21.05.2003 - TPIR\/MILITAIRES - LE JUGE WILLIAMS SE RETIRE DU PROCES DES MILITAIRES"},"content":{"rendered":"<p  >\nArusha, le 21 mai 2003 (FH) - Le juge George Lloyd Williams de Saint Kitts et Nevis a annonc\u00e9 mercredi qu\u2019il s\u2019\u00e9tait retir\u00e9 du proc\u00e8s de quatre hauts grad\u00e9s des ex-Forces arm\u00e9es rwandaises (ex-FAR) poursuivis pour g\u00e9nocide en cours devant le Tribunal p\u00e9nal international pour le Rwanda (TPIR).\n<\/p>\n<p  >\nLe juge Williams pr\u00e9sidait les d\u00e9bats dans ce proc\u00e8s consid\u00e9r\u00e9 comme le plus important de l\u2019histoire du TPIR.\n<\/p>\n<p><!--more--><\/p>\n<p  >\nIl \u00e9tait assist\u00e9 des juges slov\u00e8ne Pavel<br \/>\nDolenc et s\u00e9n\u00e9galais Andr\u00e9sie Vaz.\n<\/p>\n<p  >\n\"Je le fais pour des raisons personnelles (\u2026). Un juge peut se retirer d\u2019une affaire quand il veut\u00bb, a indiqu\u00e9 \u00e0 l'agence Hirondelle le juge Williams, soulignant qu\u2019il restait juge au TPIR.\n<\/p>\n<p  >\nSelon le r\u00e8glement de proc\u00e9dure et de preuve du TPIR, \"lorsqu\u2019un juge renonce \u00e0 si\u00e9ger au sein d\u2019une chambre de premi\u00e8re instance, le pr\u00e9sident d\u00e9signe un autre juge pour si\u00e9ger \u00e0 sa place\".\n<\/p>\n<p  >\nLe proc\u00e8s des militaires concerne l'ancien directeur de cabinet au minist\u00e8re de la d\u00e9fense, le colonel Th\u00e9oneste Bagosora, l'ancien responsable des op\u00e9rations militaires \u00e0 l'Etat major de l'arm\u00e9e, le g\u00e9n\u00e9ral de brigade Gratien Kabiligi, l'ancien commandant de la r\u00e9gion militaire de Gisenyi (ouest du Rwanda), le lieutenant-colonel Anatole Nsengiyumva et l\u2019ancien commandant du bataillon paracommando de Kanombe (Kigali), le major Aloys Ntabakuze.\n<\/p>\n<p  >\nAccus\u00e9s notamment D'entente en vue de commettre le g\u00e9nocide et de crimes de guerre, tous plaident non coupable.\n<\/p>\n<p  >\nSelon le calendrier de la chambre, les d\u00e9bats devraient reprendre le 9 juin pour une session qui ira jusqu\u2019 au 18 juillet. Le proc\u00e8s avait \u00e9t\u00e9 ajourn\u00e9 le 6 d\u00e9cembre dernier. Le parquet, repr\u00e9sent\u00e9 par l'Am\u00e9ricaine Barbara Mulvaney, a annonc\u00e9, \u00e0 l\u2019 ouverture des d\u00e9bats en septembre dernier, qu\u2019il entendait citer quelque 250<br \/>\nt\u00e9moins pour \u00e9tayer ses all\u00e9gations.\n<\/p>\n<p  >\nLe colonel Bagosora, pr\u00e9sent\u00e9 par le parquet comme la pi\u00e8ce ma\u00eetresse du g\u00e9nocide, est d\u00e9fendu par le Franco-martiniquais Me Rapha\u00ebl Constant et le<br \/>\nCanadien Me Paul Skolnik. De son c\u00f4t\u00e9, Kabiligi, est repr\u00e9sent\u00e9 par deux avocats togolais : Jean Degli et Sylvia Olympio. Nsengiyumva est d\u00e9fendu par les Kenyans Me Kennedy Ogetto et Me Ottachi Bw'Omwana.\n<\/p>\n<p  >\nQuant \u00e0 Ntabakuze, il comptait, lors de la derni\u00e8re session, sur un seul avocat, le Canadien Andr\u00e9 Tremblay, Me Clemente Monterosso du barreau du<br \/>\nQu\u00e9bec s\u2019\u00e9tant retir\u00e9 du dossier en ao\u00fbt dernier, \u00e0 la suite D'un \"d\u00e9saccord\" avec son client.\n<\/p>\n<p  >\nLe proc\u00e8s des militaires a d\u00e9but\u00e9 le 2 avril 2002, et a \u00e9t\u00e9 ajourn\u00e9 le jour suivant, suite \u00e0 l'impr\u00e9paration du parquet. Les accus\u00e9s avaient boycott\u00e9 la d\u00e9claration liminaire du procureur, all\u00e9guant la violation de leurs droits \u00e0 un proc\u00e8s \u00e9quitable. Les d\u00e9bats ont ensuite repris du 2 au 26 septembre, puis du 18 novembre au 6<br \/>\nd\u00e9cembre 2002. Lors de ces deux sessions, seuls deux t\u00e9moins du parquet, dont l'historienne et activiste am\u00e9ricaine des droits de l'homme Alison Des Forges, qui a d\u00e9pos\u00e9 en premier en tant qu'expert, ont \u00e9t\u00e9 cit\u00e9s.\n<\/p>\n<p  >\nER\/CE\/GF\/FH (Ml'0521A)<\/p>\n","protected":false},"excerpt":{"rendered":"<p>Arusha, le 21 mai 2003 (FH) - Le juge George Lloyd Williams de Saint Kitts et Nevis a annonc\u00e9 mercredi qu\u2019il s\u2019\u00e9tait retir\u00e9 du proc\u00e8s de quatre hauts grad\u00e9s des ex-Forces arm\u00e9es rwandaises (ex-FAR) poursuivis pour g\u00e9nocide en cours devant le Tribunal p\u00e9nal international pour le Rwanda (TPIR). Le juge Williams pr\u00e9sidait les d\u00e9bats dans [&hellip;]<\/p>\n","protected":false},"author":64,"featured_media":0,"comment_status":"open","ping_status":"closed","sticky":false,"template":"","format":"standard","meta":{"_acf_changed":false,"footnotes":""},"categories":[554],"tags":[],"ji_location":[],"class_list":["post-5033","post","type-post","status-publish","format-standard","hentry","category-hirondellenews"],"acf":[],"yoast_head":"<!-- This site is optimized with the Yoast SEO Premium plugin v25.3.1 (Yoast SEO v25.3.1) - https:\/\/yoast.com\/wordpress\/plugins\/seo\/ -->\n<title>21.05.2003 - TPIR\/MILITAIRES - LE JUGE WILLIAMS SE RETIRE DU PROCES DES MILITAIRES - JusticeInfo.net<\/title>\n<meta name=\"robots\" content=\"index, follow, max-snippet:-1, max-image-preview:large, max-video-preview:-1\" \/>\n<link rel=\"canonical\" href=\"https:\/\/www.justiceinfo.net\/fr\/5033-21052003-tpirmilitaires-le-juge-williams-se-retire-du-proces-des-militaires1823.html\" \/>\n<meta property=\"og:locale\" content=\"fr_FR\" \/>\n<meta property=\"og:type\" content=\"article\" \/>\n<meta property=\"og:title\" content=\"21.05.2003 - TPIR\/MILITAIRES - LE JUGE WILLIAMS SE RETIRE DU PROCES DES MILITAIRES\" \/>\n<meta property=\"og:description\" content=\"Arusha, le 21 mai 2003 (FH) - Le juge George Lloyd Williams de Saint Kitts et Nevis a annonc\u00e9 mercredi qu\u2019il s\u2019\u00e9tait retir\u00e9 du proc\u00e8s de quatre hauts grad\u00e9s des ex-Forces arm\u00e9es rwandaises (ex-FAR) poursuivis pour g\u00e9nocide en cours devant le Tribunal p\u00e9nal international pour le Rwanda (TPIR). Le juge Williams pr\u00e9sidait les d\u00e9bats dans [&hellip;]\" \/>\n<meta property=\"og:url\" content=\"https:\/\/www.justiceinfo.net\/fr\/5033-21052003-tpirmilitaires-le-juge-williams-se-retire-du-proces-des-militaires1823.html\" \/>\n<meta property=\"og:site_name\" content=\"JusticeInfo.net\" \/>\n<meta property=\"article:publisher\" content=\"https:\/\/www.facebook.com\/JusticeInfo\/\" \/>\n<meta property=\"article:published_time\" content=\"2003-05-20T22:00:00+00:00\" \/>\n<meta property=\"og:image\" content=\"https:\/\/www.justiceinfo.net\/wp-content\/uploads\/JusticeInfoNet_logo_1200x630px.jpg\" \/>\n\t<meta property=\"og:image:width\" content=\"1200\" \/>\n\t<meta property=\"og:image:height\" content=\"630\" \/>\n\t<meta property=\"og:image:type\" content=\"image\/jpeg\" \/>\n<meta name=\"author\" content=\"solivri\" \/>\n<meta name=\"twitter:card\" content=\"summary_large_image\" \/>\n<meta name=\"twitter:creator\" content=\"@justiceinfonet\" \/>\n<meta name=\"twitter:site\" content=\"@justiceinfonet\" \/>\n<meta name=\"twitter:label1\" content=\"\u00c9crit par\" \/>\n\t<meta name=\"twitter:data1\" content=\"solivri\" \/>\n\t<meta name=\"twitter:label2\" content=\"Dur\u00e9e de lecture estim\u00e9e\" \/>\n\t<meta name=\"twitter:data2\" content=\"3 minutes\" \/>\n<script type=\"application\/ld+json\" class=\"yoast-schema-graph\">{\"@context\":\"https:\/\/schema.org\",\"@graph\":[{\"@type\":\"NewsArticle\",\"@id\":\"https:\/\/www.justiceinfo.net\/fr\/5033-21052003-tpirmilitaires-le-juge-williams-se-retire-du-proces-des-militaires1823.html#article\",\"isPartOf\":{\"@id\":\"https:\/\/www.justiceinfo.net\/fr\/5033-21052003-tpirmilitaires-le-juge-williams-se-retire-du-proces-des-militaires1823.html\"},\"author\":{\"name\":\"solivri\",\"@id\":\"https:\/\/www.justiceinfo.net\/fr#\/schema\/person\/6e53cba1629e2e66f3fc1821d3091865\"},\"headline\":\"21.05.2003 - TPIR\/MILITAIRES - LE JUGE WILLIAMS SE RETIRE DU PROCES DES MILITAIRES\",\"datePublished\":\"2003-05-20T22:00:00+00:00\",\"mainEntityOfPage\":{\"@id\":\"https:\/\/www.justiceinfo.net\/fr\/5033-21052003-tpirmilitaires-le-juge-williams-se-retire-du-proces-des-militaires1823.html\"},\"wordCount\":553,\"commentCount\":0,\"publisher\":{\"@id\":\"https:\/\/www.justiceinfo.net\/fr#organization\"},\"articleSection\":[\"Hirondelle News\"],\"inLanguage\":\"fr-FR\",\"potentialAction\":[{\"@type\":\"CommentAction\",\"name\":\"Comment\",\"target\":[\"https:\/\/www.justiceinfo.net\/fr\/5033-21052003-tpirmilitaires-le-juge-williams-se-retire-du-proces-des-militaires1823.html#respond\"]}]},{\"@type\":\"WebPage\",\"@id\":\"https:\/\/www.justiceinfo.net\/fr\/5033-21052003-tpirmilitaires-le-juge-williams-se-retire-du-proces-des-militaires1823.html\",\"url\":\"https:\/\/www.justiceinfo.net\/fr\/5033-21052003-tpirmilitaires-le-juge-williams-se-retire-du-proces-des-militaires1823.html\",\"name\":\"21.05.2003 - TPIR\/MILITAIRES - LE JUGE WILLIAMS SE RETIRE DU PROCES DES MILITAIRES - JusticeInfo.net\",\"isPartOf\":{\"@id\":\"https:\/\/www.justiceinfo.net\/fr#website\"},\"datePublished\":\"2003-05-20T22:00:00+00:00\",\"breadcrumb\":{\"@id\":\"https:\/\/www.justiceinfo.net\/fr\/5033-21052003-tpirmilitaires-le-juge-williams-se-retire-du-proces-des-militaires1823.html#breadcrumb\"},\"inLanguage\":\"fr-FR\",\"potentialAction\":[{\"@type\":\"ReadAction\",\"target\":[\"https:\/\/www.justiceinfo.net\/fr\/5033-21052003-tpirmilitaires-le-juge-williams-se-retire-du-proces-des-militaires1823.html\"]}]},{\"@type\":\"BreadcrumbList\",\"@id\":\"https:\/\/www.justiceinfo.net\/fr\/5033-21052003-tpirmilitaires-le-juge-williams-se-retire-du-proces-des-militaires1823.html#breadcrumb\",\"itemListElement\":[{\"@type\":\"ListItem\",\"position\":1,\"name\":\"Home\",\"item\":\"https:\/\/www.justiceinfo.net\/fr\"},{\"@type\":\"ListItem\",\"position\":2,\"name\":\"21.05.2003 - TPIR\/MILITAIRES - LE JUGE WILLIAMS SE RETIRE DU PROCES DES MILITAIRES\"}]},{\"@type\":\"WebSite\",\"@id\":\"https:\/\/www.justiceinfo.net\/fr#website\",\"url\":\"https:\/\/www.justiceinfo.net\/fr\",\"name\":\"JusticeInfo.net\",\"description\":\"La justice doit \u00eatre vue pour \u00eatre rendue\",\"publisher\":{\"@id\":\"https:\/\/www.justiceinfo.net\/fr#organization\"},\"potentialAction\":[{\"@type\":\"SearchAction\",\"target\":{\"@type\":\"EntryPoint\",\"urlTemplate\":\"https:\/\/www.justiceinfo.net\/fr?s={search_term_string}\"},\"query-input\":{\"@type\":\"PropertyValueSpecification\",\"valueRequired\":true,\"valueName\":\"search_term_string\"}}],\"inLanguage\":\"fr-FR\"},{\"@type\":\"Organization\",\"@id\":\"https:\/\/www.justiceinfo.net\/fr#organization\",\"name\":\"Justice Info\",\"url\":\"https:\/\/www.justiceinfo.net\/fr\",\"logo\":{\"@type\":\"ImageObject\",\"inLanguage\":\"fr-FR\",\"@id\":\"https:\/\/www.justiceinfo.net\/fr#\/schema\/logo\/image\/\",\"url\":\"https:\/\/www.justiceinfo.net\/wp-content\/uploads\/justiceinfo_logo-trans_1200x1200px.png\",\"contentUrl\":\"https:\/\/www.justiceinfo.net\/wp-content\/uploads\/justiceinfo_logo-trans_1200x1200px.png\",\"width\":1199,\"height\":1200,\"caption\":\"Justice Info\"},\"image\":{\"@id\":\"https:\/\/www.justiceinfo.net\/fr#\/schema\/logo\/image\/\"},\"sameAs\":[\"https:\/\/www.facebook.com\/JusticeInfo\/\",\"https:\/\/x.com\/justiceinfonet\",\"https:\/\/www.linkedin.com\/company\/justice-info\",\"https:\/\/www.youtube.com\/channel\/UCyCEsARodyuWtkWyhn-e7pA\"]},{\"@type\":\"Person\",\"name\":\"solivri\",\"url\":\"\/fr\/?s=solivri\"}]}<\/script>\n<!-- \/ Yoast SEO Premium plugin. -->","yoast_head_json":{"title":"21.05.2003 - TPIR\/MILITAIRES - LE JUGE WILLIAMS SE RETIRE DU PROCES DES MILITAIRES - JusticeInfo.net","robots":{"index":"index","follow":"follow","max-snippet":"max-snippet:-1","max-image-preview":"max-image-preview:large","max-video-preview":"max-video-preview:-1"},"canonical":"https:\/\/www.justiceinfo.net\/fr\/5033-21052003-tpirmilitaires-le-juge-williams-se-retire-du-proces-des-militaires1823.html","og_locale":"fr_FR","og_type":"article","og_title":"21.05.2003 - TPIR\/MILITAIRES - LE JUGE WILLIAMS SE RETIRE DU PROCES DES MILITAIRES","og_description":"Arusha, le 21 mai 2003 (FH) - Le juge George Lloyd Williams de Saint Kitts et Nevis a annonc\u00e9 mercredi qu\u2019il s\u2019\u00e9tait retir\u00e9 du proc\u00e8s de quatre hauts grad\u00e9s des ex-Forces arm\u00e9es rwandaises (ex-FAR) poursuivis pour g\u00e9nocide en cours devant le Tribunal p\u00e9nal international pour le Rwanda (TPIR). Le juge Williams pr\u00e9sidait les d\u00e9bats dans [&hellip;]","og_url":"https:\/\/www.justiceinfo.net\/fr\/5033-21052003-tpirmilitaires-le-juge-williams-se-retire-du-proces-des-militaires1823.html","og_site_name":"JusticeInfo.net","article_publisher":"https:\/\/www.facebook.com\/JusticeInfo\/","article_published_time":"2003-05-20T22:00:00+00:00","og_image":[{"width":1200,"height":630,"url":"https:\/\/www.justiceinfo.net\/wp-content\/uploads\/JusticeInfoNet_logo_1200x630px.jpg","type":"image\/jpeg"}],"author":"solivri","twitter_card":"summary_large_image","twitter_creator":"@justiceinfonet","twitter_site":"@justiceinfonet","twitter_misc":{"\u00c9crit par":"solivri","Dur\u00e9e de lecture estim\u00e9e":"3 minutes"},"schema":{"@context":"https:\/\/schema.org","@graph":[{"@type":"NewsArticle","@id":"https:\/\/www.justiceinfo.net\/fr\/5033-21052003-tpirmilitaires-le-juge-williams-se-retire-du-proces-des-militaires1823.html#article","isPartOf":{"@id":"https:\/\/www.justiceinfo.net\/fr\/5033-21052003-tpirmilitaires-le-juge-williams-se-retire-du-proces-des-militaires1823.html"},"author":{"name":"solivri","@id":"https:\/\/www.justiceinfo.net\/fr#\/schema\/person\/6e53cba1629e2e66f3fc1821d3091865"},"headline":"21.05.2003 - TPIR\/MILITAIRES - LE JUGE WILLIAMS SE RETIRE DU PROCES DES MILITAIRES","datePublished":"2003-05-20T22:00:00+00:00","mainEntityOfPage":{"@id":"https:\/\/www.justiceinfo.net\/fr\/5033-21052003-tpirmilitaires-le-juge-williams-se-retire-du-proces-des-militaires1823.html"},"wordCount":553,"commentCount":0,"publisher":{"@id":"https:\/\/www.justiceinfo.net\/fr#organization"},"articleSection":["Hirondelle News"],"inLanguage":"fr-FR","potentialAction":[{"@type":"CommentAction","name":"Comment","target":["https:\/\/www.justiceinfo.net\/fr\/5033-21052003-tpirmilitaires-le-juge-williams-se-retire-du-proces-des-militaires1823.html#respond"]}]},{"@type":"WebPage","@id":"https:\/\/www.justiceinfo.net\/fr\/5033-21052003-tpirmilitaires-le-juge-williams-se-retire-du-proces-des-militaires1823.html","url":"https:\/\/www.justiceinfo.net\/fr\/5033-21052003-tpirmilitaires-le-juge-williams-se-retire-du-proces-des-militaires1823.html","name":"21.05.2003 - TPIR\/MILITAIRES - LE JUGE WILLIAMS SE RETIRE DU PROCES DES MILITAIRES - JusticeInfo.net","isPartOf":{"@id":"https:\/\/www.justiceinfo.net\/fr#website"},"datePublished":"2003-05-20T22:00:00+00:00","breadcrumb":{"@id":"https:\/\/www.justiceinfo.net\/fr\/5033-21052003-tpirmilitaires-le-juge-williams-se-retire-du-proces-des-militaires1823.html#breadcrumb"},"inLanguage":"fr-FR","potentialAction":[{"@type":"ReadAction","target":["https:\/\/www.justiceinfo.net\/fr\/5033-21052003-tpirmilitaires-le-juge-williams-se-retire-du-proces-des-militaires1823.html"]}]},{"@type":"BreadcrumbList","@id":"https:\/\/www.justiceinfo.net\/fr\/5033-21052003-tpirmilitaires-le-juge-williams-se-retire-du-proces-des-militaires1823.html#breadcrumb","itemListElement":[{"@type":"ListItem","position":1,"name":"Home","item":"https:\/\/www.justiceinfo.net\/fr"},{"@type":"ListItem","position":2,"name":"21.05.2003 - TPIR\/MILITAIRES - LE JUGE WILLIAMS SE RETIRE DU PROCES DES MILITAIRES"}]},{"@type":"WebSite","@id":"https:\/\/www.justiceinfo.net\/fr#website","url":"https:\/\/www.justiceinfo.net\/fr","name":"JusticeInfo.net","description":"La justice doit \u00eatre vue pour \u00eatre rendue","publisher":{"@id":"https:\/\/www.justiceinfo.net\/fr#organization"},"potentialAction":[{"@type":"SearchAction","target":{"@type":"EntryPoint","urlTemplate":"https:\/\/www.justiceinfo.net\/fr?s={search_term_string}"},"query-input":{"@type":"PropertyValueSpecification","valueRequired":true,"valueName":"search_term_string"}}],"inLanguage":"fr-FR"},{"@type":"Organization","@id":"https:\/\/www.justiceinfo.net\/fr#organization","name":"Justice Info","url":"https:\/\/www.justiceinfo.net\/fr","logo":{"@type":"ImageObject","inLanguage":"fr-FR","@id":"https:\/\/www.justiceinfo.net\/fr#\/schema\/logo\/image\/","url":"https:\/\/www.justiceinfo.net\/wp-content\/uploads\/justiceinfo_logo-trans_1200x1200px.png","contentUrl":"https:\/\/www.justiceinfo.net\/wp-content\/uploads\/justiceinfo_logo-trans_1200x1200px.png","width":1199,"height":1200,"caption":"Justice Info"},"image":{"@id":"https:\/\/www.justiceinfo.net\/fr#\/schema\/logo\/image\/"},"sameAs":["https:\/\/www.facebook.com\/JusticeInfo\/","https:\/\/x.com\/justiceinfonet","https:\/\/www.linkedin.com\/company\/justice-info","https:\/\/www.youtube.com\/channel\/UCyCEsARodyuWtkWyhn-e7pA"]},{"@type":"Person","name":"solivri","url":"\/fr\/?s=solivri"}]}},"_links":{"self":[{"href":"https:\/\/www.justiceinfo.net\/fr\/wp-json\/wp\/v2\/posts\/5033","targetHints":{"allow":["GET"]}}],"collection":[{"href":"https:\/\/www.justiceinfo.net\/fr\/wp-json\/wp\/v2\/posts"}],"about":[{"href":"https:\/\/www.justiceinfo.net\/fr\/wp-json\/wp\/v2\/types\/post"}],"author":[{"embeddable":true,"href":"https:\/\/www.justiceinfo.net\/fr\/wp-json\/wp\/v2\/users\/64"}],"replies":[{"embeddable":true,"href":"https:\/\/www.justiceinfo.net\/fr\/wp-json\/wp\/v2\/comments?post=5033"}],"version-history":[{"count":0,"href":"https:\/\/www.justiceinfo.net\/fr\/wp-json\/wp\/v2\/posts\/5033\/revisions"}],"wp:attachment":[{"href":"https:\/\/www.justiceinfo.net\/fr\/wp-json\/wp\/v2\/media?parent=5033"}],"wp:term":[{"taxonomy":"category","embeddable":true,"href":"https:\/\/www.justiceinfo.net\/fr\/wp-json\/wp\/v2\/categories?post=5033"},{"taxonomy":"post_tag","embeddable":true,"href":"https:\/\/www.justiceinfo.net\/fr\/wp-json\/wp\/v2\/tags?post=5033"},{"taxonomy":"ji_location","embeddable":true,"href":"https:\/\/www.justiceinfo.net\/fr\/wp-json\/wp\/v2\/ji_location?post=5033"}],"curies":[{"name":"wp","href":"https:\/\/api.w.org\/{rel}","templated":true}]}}